{"id":158467,"date":"2025-04-30T19:44:27","date_gmt":"2025-04-30T22:44:27","guid":{"rendered":"https:\/\/noticiasmercedinas.com\/site\/?p=158467"},"modified":"2025-04-30T19:44:52","modified_gmt":"2025-04-30T22:44:52","slug":"se-inauguro-plaza-el-patio-un-ejemplo-de-participacion-y-construccion-desde-la-diversidad","status":"publish","type":"post","link":"https:\/\/noticiasmercedinas.com\/site\/2025\/04\/30\/se-inauguro-plaza-el-patio-un-ejemplo-de-participacion-y-construccion-desde-la-diversidad\/","title":{"rendered":"Se inaugur\u00f3 Plaza \u00abEl Patio\u00bb: un ejemplo de participaci\u00f3n y construcci\u00f3n desde la diversidad"},"content":{"rendered":"<p><img loading=\"lazy\" decoding=\"async\" class=\"alignnone size-full wp-image-158470\" src=\"https:\/\/noticiasmercedinas.com\/site\/wp-content\/uploads\/2025\/04\/C-1.jpg\" alt=\"\" width=\"2048\" height=\"1365\" srcset=\"https:\/\/noticiasmercedinas.com\/site\/wp-content\/uploads\/2025\/04\/C-1.jpg 2048w, https:\/\/noticiasmercedinas.com\/site\/wp-content\/uploads\/2025\/04\/C-1-300x200.jpg 300w, https:\/\/noticiasmercedinas.com\/site\/wp-content\/uploads\/2025\/04\/C-1-1024x683.jpg 1024w, https:\/\/noticiasmercedinas.com\/site\/wp-content\/uploads\/2025\/04\/C-1-768x512.jpg 768w, https:\/\/noticiasmercedinas.com\/site\/wp-content\/uploads\/2025\/04\/C-1-1536x1024.jpg 1536w, https:\/\/noticiasmercedinas.com\/site\/wp-content\/uploads\/2025\/04\/C-1-640x427.jpg 640w, https:\/\/noticiasmercedinas.com\/site\/wp-content\/uploads\/2025\/04\/C-1-1280x853.jpg 1280w, https:\/\/noticiasmercedinas.com\/site\/wp-content\/uploads\/2025\/04\/C-1-681x454.jpg 681w, https:\/\/noticiasmercedinas.com\/site\/wp-content\/uploads\/2025\/04\/C-1-1362x908.jpg 1362w\" sizes=\"auto, (max-width: 2048px) 100vw, 2048px\" \/><\/p>\n<p>La participaci\u00f3n ciudadana, la construcci\u00f3n desde la diversidad y una nueva perspectiva para pensar las pol\u00edticas p\u00fablicas desembocaron hoy en una inauguraci\u00f3n ejemplar: la de la Plaza El Patio, en la esquina de 12 y 21, como se hab\u00eda anunciado \u201cun espacio de juego pensado contemplando algunas de las particularidades que est\u00e1n atravesando las infancias de hoy\u201d.<\/p>\n<p>La idea surgi\u00f3 de una vecina, <strong>Celina Fal<\/strong>, quien le llev\u00f3 la propuesta al intendente<strong> Juan Ignacio Ustarroz<\/strong>. A partir de all\u00ed se fueron hilvanando las acciones con distintas \u00e1reas de la municipalidad (Obras P\u00fablicas, Ni\u00f1ez, Discapacidad y otras m\u00e1s) hasta concluir este mi\u00e9rcoles en la inauguraci\u00f3n.<\/p>\n<p><img loading=\"lazy\" decoding=\"async\" class=\"alignnone size-full wp-image-158469\" src=\"https:\/\/noticiasmercedinas.com\/site\/wp-content\/uploads\/2025\/04\/E.jpg\" alt=\"\" width=\"1319\" height=\"879\" srcset=\"https:\/\/noticiasmercedinas.com\/site\/wp-content\/uploads\/2025\/04\/E.jpg 1319w, https:\/\/noticiasmercedinas.com\/site\/wp-content\/uploads\/2025\/04\/E-300x200.jpg 300w, https:\/\/noticiasmercedinas.com\/site\/wp-content\/uploads\/2025\/04\/E-1024x682.jpg 1024w, https:\/\/noticiasmercedinas.com\/site\/wp-content\/uploads\/2025\/04\/E-768x512.jpg 768w, https:\/\/noticiasmercedinas.com\/site\/wp-content\/uploads\/2025\/04\/E-640x427.jpg 640w, https:\/\/noticiasmercedinas.com\/site\/wp-content\/uploads\/2025\/04\/E-1280x853.jpg 1280w, https:\/\/noticiasmercedinas.com\/site\/wp-content\/uploads\/2025\/04\/E-681x454.jpg 681w\" sizes=\"auto, (max-width: 1319px) 100vw, 1319px\" \/><\/p>\n<p>Celina estuvo en el acto en la plaza y se mostr\u00f3 agradecida y muy emocionada: \u201cMuy poquitas veces vemos en las plazas a un ni\u00f1o no vidente, o en una silla de ruedas, o a una mam\u00e1 con una discapacidad acompa\u00f1ando a su hijo. Y eso es una dificultad, porque el juego es un derecho no s\u00f3lo desde lo l\u00fadico sino tambi\u00e9n para la constituci\u00f3n del psiquismo, es decir nuestro aprendizaje est\u00e1 atravesado por las experiencias significativas con el otro. Sin ese encuentro todos se pierden una oportunidad de compartir\u201d, dijo.<\/p>\n<p>\u201cLa humanidad tiene un desaf\u00edo, que es construir desde la diversidad. Construir desde lo igual es muy sencillo; el otro como diferente es un desaf\u00edo. Porque si construimos desde la diversidad, si el desarrollo de una pol\u00edtica p\u00fablica nace desde contemplando esa diversidad, luego no hace falta incluir a nadie, a todos se los tiene en cuenta desde el inicio de un proyecto\u201d, a\u00f1adi\u00f3.<\/p>\n<blockquote><p>Es un espacio \u00abpara que podamos salir un poco del impacto de las pantallas y los celulares que nos afecta a todos\u00bb<\/p><\/blockquote>\n<p>Finalmente, Celina cont\u00f3 que la plaza es \u201cun espacio muy disfrutable para todos\u201d y se ilusion\u00f3 con que \u201cla sociedad muestre cada d\u00eda m\u00e1s empat\u00eda y m\u00e1s solidaridad\u201d.<\/p>\n<p>Por su parte, el intendente Ustarroz indic\u00f3: \u201cEstamos muy orgullosos y muy contentos de que este proyecto haya nacido desde un pedido de una vecina, como en este caso fue Celina. Es necesario que se generen m\u00e1s demandas desde la comunidad para seguir generando estos espacios. A pesar de las dificultades, las falencias o los eventuales desencuentros, en nuestra ciudad siempre hay un esp\u00edritu desde las instituciones y desde las personas de aportar un granito de arena para construir un presente y un futuro mejor\u201d.<\/p>\n<p>\u201cA m\u00ed me gusta una frase que repito mucho: unidad en la diversidad para enfrentar la adversidad. Hoy con este espacio dimos un gran paso en ese sentido y es un orgullo\u201d, a\u00f1adi\u00f3.<\/p>\n<p>Ustarroz se\u00f1al\u00f3 adem\u00e1s: \u201cEn la ciudad no ten\u00edamos una plaza de estas caracter\u00edsticas. Luego de la idea que nos trajo Celina, el equipo de Obras agarr\u00f3 la pelota y despu\u00e9s se fueron metiendo muchas cabezas con entendimiento, con ganas y con deseo de transformar este lugar en algo hermoso. El destino es siempre el destino com\u00fan. Como dice Celina, a la humanidad le hace falta poner al ser humano en el centro, y la humanidad somos nosotros, no es algo lejano\u201d.<\/p>\n<blockquote><p>A la inauguraci\u00f3n asistieron chicos y chicas de escuelas de la ciudad, acompa\u00f1ados por familiares y docentes, que tambi\u00e9n manifestaron su entusiasmo<\/p><\/blockquote>\n<p>\u201cEl Patio es otro lugar para el encuentro, para que podamos salir un poco del impacto de las pantallas y los celulares que nos afecta a todos. Estamos realmente muy felices\u201d, cerr\u00f3.<\/p>\n<p>A la inauguraci\u00f3n asistieron chicos y chicas de escuelas de la ciudad, acompa\u00f1ados por familiares y docentes, que tambi\u00e9n manifestaron su entusiasmo. Tambi\u00e9n hubo funcionarios de las \u00e1reas que intervinieron y la presidenta del Honorable Concejo Deliberante, Mariana San Mart\u00edn.<\/p>\n<p>Finalmente, la directora de Ni\u00f1ez y Adolescencia de la ciudad, Gabriela Olivella, cont\u00f3: \u201cLo primero es agradecer a Celina por la idea, por el empuje, por todo lo que puso voluntariamente para generar este espacio. Juani nos pide siempre generar lugares de encuentro y este es uno de ellos\u201d.<\/p>\n<p>\u201cHubo una enorme sensibilidad de todas las \u00e1reas del municipio que intervinieron en el proyecto y un gran apoyo econ\u00f3mico de la Provincia de Buenos Aires para llevarla adelante. Trabajamos mucho con los derechos de los chicos y el derecho al juego es uno fundamental, por eso nos pone muy contentos que todos puedan ejercer ese derecho de la misma manera\u201d, concluy\u00f3<\/p>\n<p><img loading=\"lazy\" decoding=\"async\" class=\"alignnone size-full wp-image-158468\" src=\"https:\/\/noticiasmercedinas.com\/site\/wp-content\/uploads\/2025\/04\/G.jpg\" alt=\"\" width=\"1280\" height=\"960\" srcset=\"https:\/\/noticiasmercedinas.com\/site\/wp-content\/uploads\/2025\/04\/G.jpg 1280w, https:\/\/noticiasmercedinas.com\/site\/wp-content\/uploads\/2025\/04\/G-300x225.jpg 300w, https:\/\/noticiasmercedinas.com\/site\/wp-content\/uploads\/2025\/04\/G-1024x768.jpg 1024w, https:\/\/noticiasmercedinas.com\/site\/wp-content\/uploads\/2025\/04\/G-768x576.jpg 768w, https:\/\/noticiasmercedinas.com\/site\/wp-content\/uploads\/2025\/04\/G-80x60.jpg 80w, https:\/\/noticiasmercedinas.com\/site\/wp-content\/uploads\/2025\/04\/G-160x120.jpg 160w, https:\/\/noticiasmercedinas.com\/site\/wp-content\/uploads\/2025\/04\/G-100x75.jpg 100w, https:\/\/noticiasmercedinas.com\/site\/wp-content\/uploads\/2025\/04\/G-200x150.jpg 200w, https:\/\/noticiasmercedinas.com\/site\/wp-content\/uploads\/2025\/04\/G-180x135.jpg 180w, https:\/\/noticiasmercedinas.com\/site\/wp-content\/uploads\/2025\/04\/G-360x270.jpg 360w, https:\/\/noticiasmercedinas.com\/site\/wp-content\/uploads\/2025\/04\/G-238x178.jpg 238w, https:\/\/noticiasmercedinas.com\/site\/wp-content\/uploads\/2025\/04\/G-476x356.jpg 476w, https:\/\/noticiasmercedinas.com\/site\/wp-content\/uploads\/2025\/04\/G-640x480.jpg 640w, https:\/\/noticiasmercedinas.com\/site\/wp-content\/uploads\/2025\/04\/G-681x511.jpg 681w\" sizes=\"auto, (max-width: 1280px) 100vw, 1280px\" \/><\/p>\n","protected":false},"excerpt":{"rendered":"<p>\u25a0 Est\u00e1 ubicado en la esquina de 12 y 21. La idea surgi\u00f3 de una vecina, Celina Fal, quien le llev\u00f3 la propuesta al intendente Juan Ignacio Ustarroz. Es para que los ni\u00f1os salgan de las pantallas<\/p>\n","protected":false},"author":16,"featured_media":158470,"comment_status":"closed","ping_status":"closed","sticky":false,"template":"","format":"standard","meta":{"footnotes":""},"categories":[3],"tags":[68,266,369,3284],"class_list":["post-158467","post","type-post","status-publish","format-standard","has-post-thumbnail","hentry","category-sociedad","tag-discapacidad","tag-juan-ignacio-ustarroz","tag-ninez","tag-obras-publicas"],"yoast_head":"<!-- This site is optimized with the Yoast SEO plugin v27.4 - https:\/\/yoast.com\/product\/yoast-seo-wordpress\/ -->\n<title>Se inaugur\u00f3 Plaza &quot;El Patio&quot;: un ejemplo de participaci\u00f3n y construcci\u00f3n desde la diversidad<\/title>\n<meta name=\"description\" content=\"Est\u00e1 ubicado en la esquina de 12 y 21. La idea surgi\u00f3 de una vecina, Celina Fal, quien le llev\u00f3 la propuesta al intendente Juan Ignacio Ustarroz.\" \/>\n<meta name=\"robots\" content=\"index, follow, max-snippet:-1, max-image-preview:large, max-video-preview:-1\" \/>\n<link rel=\"canonical\" href=\"https:\/\/noticiasmercedinas.com\/site\/2025\/04\/30\/se-inauguro-plaza-el-patio-un-ejemplo-de-participacion-y-construccion-desde-la-diversidad\/\" \/>\n<meta property=\"og:locale\" content=\"es_ES\" \/>\n<meta property=\"og:type\" content=\"article\" \/>\n<meta property=\"og:title\" content=\"Se inaugur\u00f3 Plaza &quot;El Patio&quot;: un ejemplo de participaci\u00f3n y construcci\u00f3n desde la diversidad\" \/>\n<meta property=\"og:description\" content=\"Est\u00e1 ubicado en la esquina de 12 y 21. La idea surgi\u00f3 de una vecina, Celina Fal, quien le llev\u00f3 la propuesta al intendente Juan Ignacio Ustarroz.\" \/>\n<meta property=\"og:url\" content=\"https:\/\/noticiasmercedinas.com\/site\/2025\/04\/30\/se-inauguro-plaza-el-patio-un-ejemplo-de-participacion-y-construccion-desde-la-diversidad\/\" \/>\n<meta property=\"og:site_name\" content=\"NOTICIASMERCEDINAS.COM\" \/>\n<meta property=\"article:publisher\" content=\"https:\/\/www.facebook.com\/noticiasmercedinas\/\" \/>\n<meta property=\"article:published_time\" content=\"2025-04-30T22:44:27+00:00\" \/>\n<meta property=\"article:modified_time\" content=\"2025-04-30T22:44:52+00:00\" \/>\n<meta property=\"og:image\" content=\"https:\/\/noticiasmercedinas.com\/site\/wp-content\/uploads\/2025\/04\/C-1.jpg\" \/>\n\t<meta property=\"og:image:width\" content=\"2048\" \/>\n\t<meta property=\"og:image:height\" content=\"1365\" \/>\n\t<meta property=\"og:image:type\" content=\"image\/jpeg\" \/>\n<meta name=\"author\" content=\"NOTICIASMERCEDINAS.COM\" \/>\n<meta name=\"twitter:card\" content=\"summary_large_image\" \/>\n<meta name=\"twitter:creator\" content=\"@notmercedinas\" \/>\n<meta name=\"twitter:site\" content=\"@notmercedinas\" \/>\n<meta name=\"twitter:label1\" content=\"Escrito por\" \/>\n\t<meta name=\"twitter:data1\" content=\"NOTICIASMERCEDINAS.COM\" \/>\n\t<meta name=\"twitter:label2\" content=\"Tiempo de lectura\" \/>\n\t<meta name=\"twitter:data2\" content=\"4 minutos\" \/>\n<script type=\"application\/ld+json\" class=\"yoast-schema-graph\">{\"@context\":\"https:\\\/\\\/schema.org\",\"@graph\":[{\"@type\":\"Article\",\"@id\":\"https:\\\/\\\/noticiasmercedinas.com\\\/site\\\/2025\\\/04\\\/30\\\/se-inauguro-plaza-el-patio-un-ejemplo-de-participacion-y-construccion-desde-la-diversidad\\\/#article\",\"isPartOf\":{\"@id\":\"https:\\\/\\\/noticiasmercedinas.com\\\/site\\\/2025\\\/04\\\/30\\\/se-inauguro-plaza-el-patio-un-ejemplo-de-participacion-y-construccion-desde-la-diversidad\\\/\"},\"author\":{\"name\":\"NOTICIASMERCEDINAS.COM\",\"@id\":\"https:\\\/\\\/noticiasmercedinas.com\\\/site\\\/#\\\/schema\\\/person\\\/84b59c099c28ff2e8b77d4ceec5d8063\"},\"headline\":\"Se inaugur\u00f3 Plaza \u00abEl Patio\u00bb: un ejemplo de participaci\u00f3n y construcci\u00f3n desde la diversidad\",\"datePublished\":\"2025-04-30T22:44:27+00:00\",\"dateModified\":\"2025-04-30T22:44:52+00:00\",\"mainEntityOfPage\":{\"@id\":\"https:\\\/\\\/noticiasmercedinas.com\\\/site\\\/2025\\\/04\\\/30\\\/se-inauguro-plaza-el-patio-un-ejemplo-de-participacion-y-construccion-desde-la-diversidad\\\/\"},\"wordCount\":773,\"publisher\":{\"@id\":\"https:\\\/\\\/noticiasmercedinas.com\\\/site\\\/#organization\"},\"image\":{\"@id\":\"https:\\\/\\\/noticiasmercedinas.com\\\/site\\\/2025\\\/04\\\/30\\\/se-inauguro-plaza-el-patio-un-ejemplo-de-participacion-y-construccion-desde-la-diversidad\\\/#primaryimage\"},\"thumbnailUrl\":\"https:\\\/\\\/noticiasmercedinas.com\\\/site\\\/wp-content\\\/uploads\\\/2025\\\/04\\\/C-1.jpg\",\"keywords\":[\"discapacidad\",\"juan ignacio ustarroz\",\"ni\u00f1ez\",\"obras publicas\"],\"articleSection\":[\"Sociedad\"],\"inLanguage\":\"es\"},{\"@type\":\"WebPage\",\"@id\":\"https:\\\/\\\/noticiasmercedinas.com\\\/site\\\/2025\\\/04\\\/30\\\/se-inauguro-plaza-el-patio-un-ejemplo-de-participacion-y-construccion-desde-la-diversidad\\\/\",\"url\":\"https:\\\/\\\/noticiasmercedinas.com\\\/site\\\/2025\\\/04\\\/30\\\/se-inauguro-plaza-el-patio-un-ejemplo-de-participacion-y-construccion-desde-la-diversidad\\\/\",\"name\":\"Se inaugur\u00f3 Plaza \\\"El Patio\\\": un ejemplo de participaci\u00f3n y construcci\u00f3n desde la diversidad\",\"isPartOf\":{\"@id\":\"https:\\\/\\\/noticiasmercedinas.com\\\/site\\\/#website\"},\"primaryImageOfPage\":{\"@id\":\"https:\\\/\\\/noticiasmercedinas.com\\\/site\\\/2025\\\/04\\\/30\\\/se-inauguro-plaza-el-patio-un-ejemplo-de-participacion-y-construccion-desde-la-diversidad\\\/#primaryimage\"},\"image\":{\"@id\":\"https:\\\/\\\/noticiasmercedinas.com\\\/site\\\/2025\\\/04\\\/30\\\/se-inauguro-plaza-el-patio-un-ejemplo-de-participacion-y-construccion-desde-la-diversidad\\\/#primaryimage\"},\"thumbnailUrl\":\"https:\\\/\\\/noticiasmercedinas.com\\\/site\\\/wp-content\\\/uploads\\\/2025\\\/04\\\/C-1.jpg\",\"datePublished\":\"2025-04-30T22:44:27+00:00\",\"dateModified\":\"2025-04-30T22:44:52+00:00\",\"description\":\"Est\u00e1 ubicado en la esquina de 12 y 21. La idea surgi\u00f3 de una vecina, Celina Fal, quien le llev\u00f3 la propuesta al intendente Juan Ignacio Ustarroz.\",\"breadcrumb\":{\"@id\":\"https:\\\/\\\/noticiasmercedinas.com\\\/site\\\/2025\\\/04\\\/30\\\/se-inauguro-plaza-el-patio-un-ejemplo-de-participacion-y-construccion-desde-la-diversidad\\\/#breadcrumb\"},\"inLanguage\":\"es\",\"potentialAction\":[{\"@type\":\"ReadAction\",\"target\":[\"https:\\\/\\\/noticiasmercedinas.com\\\/site\\\/2025\\\/04\\\/30\\\/se-inauguro-plaza-el-patio-un-ejemplo-de-participacion-y-construccion-desde-la-diversidad\\\/\"]}]},{\"@type\":\"ImageObject\",\"inLanguage\":\"es\",\"@id\":\"https:\\\/\\\/noticiasmercedinas.com\\\/site\\\/2025\\\/04\\\/30\\\/se-inauguro-plaza-el-patio-un-ejemplo-de-participacion-y-construccion-desde-la-diversidad\\\/#primaryimage\",\"url\":\"https:\\\/\\\/noticiasmercedinas.com\\\/site\\\/wp-content\\\/uploads\\\/2025\\\/04\\\/C-1.jpg\",\"contentUrl\":\"https:\\\/\\\/noticiasmercedinas.com\\\/site\\\/wp-content\\\/uploads\\\/2025\\\/04\\\/C-1.jpg\",\"width\":2048,\"height\":1365},{\"@type\":\"BreadcrumbList\",\"@id\":\"https:\\\/\\\/noticiasmercedinas.com\\\/site\\\/2025\\\/04\\\/30\\\/se-inauguro-plaza-el-patio-un-ejemplo-de-participacion-y-construccion-desde-la-diversidad\\\/#breadcrumb\",\"itemListElement\":[{\"@type\":\"ListItem\",\"position\":1,\"name\":\"Portada\",\"item\":\"https:\\\/\\\/noticiasmercedinas.com\\\/site\\\/\"},{\"@type\":\"ListItem\",\"position\":2,\"name\":\"Se inaugur\u00f3 Plaza \u00abEl Patio\u00bb: un ejemplo de participaci\u00f3n y construcci\u00f3n desde la diversidad\"}]},{\"@type\":\"WebSite\",\"@id\":\"https:\\\/\\\/noticiasmercedinas.com\\\/site\\\/#website\",\"url\":\"https:\\\/\\\/noticiasmercedinas.com\\\/site\\\/\",\"name\":\"NOTICIASMERCEDINAS.COM\",\"description\":\"Mercedes, Buenos Aires, Argentina\",\"publisher\":{\"@id\":\"https:\\\/\\\/noticiasmercedinas.com\\\/site\\\/#organization\"},\"potentialAction\":[{\"@type\":\"SearchAction\",\"target\":{\"@type\":\"EntryPoint\",\"urlTemplate\":\"https:\\\/\\\/noticiasmercedinas.com\\\/site\\\/?s={search_term_string}\"},\"query-input\":{\"@type\":\"PropertyValueSpecification\",\"valueRequired\":true,\"valueName\":\"search_term_string\"}}],\"inLanguage\":\"es\"},{\"@type\":\"Organization\",\"@id\":\"https:\\\/\\\/noticiasmercedinas.com\\\/site\\\/#organization\",\"name\":\"NOTICIASMERCEDINAS.COM\",\"url\":\"https:\\\/\\\/noticiasmercedinas.com\\\/site\\\/\",\"logo\":{\"@type\":\"ImageObject\",\"inLanguage\":\"es\",\"@id\":\"https:\\\/\\\/noticiasmercedinas.com\\\/site\\\/#\\\/schema\\\/logo\\\/image\\\/\",\"url\":\"https:\\\/\\\/noticiasmercedinas.com\\\/site\\\/wp-content\\\/uploads\\\/2020\\\/06\\\/LOGO-512.jpg\",\"contentUrl\":\"https:\\\/\\\/noticiasmercedinas.com\\\/site\\\/wp-content\\\/uploads\\\/2020\\\/06\\\/LOGO-512.jpg\",\"width\":512,\"height\":512,\"caption\":\"NOTICIASMERCEDINAS.COM\"},\"image\":{\"@id\":\"https:\\\/\\\/noticiasmercedinas.com\\\/site\\\/#\\\/schema\\\/logo\\\/image\\\/\"},\"sameAs\":[\"https:\\\/\\\/www.facebook.com\\\/noticiasmercedinas\\\/\",\"https:\\\/\\\/x.com\\\/notmercedinas\",\"https:\\\/\\\/www.instagram.com\\\/noticiasmercedinas\\\/\"]},{\"@type\":\"Person\",\"@id\":\"https:\\\/\\\/noticiasmercedinas.com\\\/site\\\/#\\\/schema\\\/person\\\/84b59c099c28ff2e8b77d4ceec5d8063\",\"name\":\"NOTICIASMERCEDINAS.COM\",\"image\":{\"@type\":\"ImageObject\",\"inLanguage\":\"es\",\"@id\":\"https:\\\/\\\/secure.gravatar.com\\\/avatar\\\/4dfbf16b4d17945bfb6341b2d19043457132fcf478a5ee04f42e959fd8f5df0a?s=96&d=mm&r=g\",\"url\":\"https:\\\/\\\/secure.gravatar.com\\\/avatar\\\/4dfbf16b4d17945bfb6341b2d19043457132fcf478a5ee04f42e959fd8f5df0a?s=96&d=mm&r=g\",\"contentUrl\":\"https:\\\/\\\/secure.gravatar.com\\\/avatar\\\/4dfbf16b4d17945bfb6341b2d19043457132fcf478a5ee04f42e959fd8f5df0a?s=96&d=mm&r=g\",\"caption\":\"NOTICIASMERCEDINAS.COM\"},\"url\":\"https:\\\/\\\/noticiasmercedinas.com\\\/site\\\/author\\\/anonimo\\\/\"}]}<\/script>\n<!-- \/ Yoast SEO plugin. -->","yoast_head_json":{"title":"Se inaugur\u00f3 Plaza \"El Patio\": un ejemplo de participaci\u00f3n y construcci\u00f3n desde la diversidad","description":"Est\u00e1 ubicado en la esquina de 12 y 21. La idea surgi\u00f3 de una vecina, Celina Fal, quien le llev\u00f3 la propuesta al intendente Juan Ignacio Ustarroz.","robots":{"index":"index","follow":"follow","max-snippet":"max-snippet:-1","max-image-preview":"max-image-preview:large","max-video-preview":"max-video-preview:-1"},"canonical":"https:\/\/noticiasmercedinas.com\/site\/2025\/04\/30\/se-inauguro-plaza-el-patio-un-ejemplo-de-participacion-y-construccion-desde-la-diversidad\/","og_locale":"es_ES","og_type":"article","og_title":"Se inaugur\u00f3 Plaza \"El Patio\": un ejemplo de participaci\u00f3n y construcci\u00f3n desde la diversidad","og_description":"Est\u00e1 ubicado en la esquina de 12 y 21. La idea surgi\u00f3 de una vecina, Celina Fal, quien le llev\u00f3 la propuesta al intendente Juan Ignacio Ustarroz.","og_url":"https:\/\/noticiasmercedinas.com\/site\/2025\/04\/30\/se-inauguro-plaza-el-patio-un-ejemplo-de-participacion-y-construccion-desde-la-diversidad\/","og_site_name":"NOTICIASMERCEDINAS.COM","article_publisher":"https:\/\/www.facebook.com\/noticiasmercedinas\/","article_published_time":"2025-04-30T22:44:27+00:00","article_modified_time":"2025-04-30T22:44:52+00:00","og_image":[{"width":2048,"height":1365,"url":"https:\/\/noticiasmercedinas.com\/site\/wp-content\/uploads\/2025\/04\/C-1.jpg","type":"image\/jpeg"}],"author":"NOTICIASMERCEDINAS.COM","twitter_card":"summary_large_image","twitter_creator":"@notmercedinas","twitter_site":"@notmercedinas","twitter_misc":{"Escrito por":"NOTICIASMERCEDINAS.COM","Tiempo de lectura":"4 minutos"},"schema":{"@context":"https:\/\/schema.org","@graph":[{"@type":"Article","@id":"https:\/\/noticiasmercedinas.com\/site\/2025\/04\/30\/se-inauguro-plaza-el-patio-un-ejemplo-de-participacion-y-construccion-desde-la-diversidad\/#article","isPartOf":{"@id":"https:\/\/noticiasmercedinas.com\/site\/2025\/04\/30\/se-inauguro-plaza-el-patio-un-ejemplo-de-participacion-y-construccion-desde-la-diversidad\/"},"author":{"name":"NOTICIASMERCEDINAS.COM","@id":"https:\/\/noticiasmercedinas.com\/site\/#\/schema\/person\/84b59c099c28ff2e8b77d4ceec5d8063"},"headline":"Se inaugur\u00f3 Plaza \u00abEl Patio\u00bb: un ejemplo de participaci\u00f3n y construcci\u00f3n desde la diversidad","datePublished":"2025-04-30T22:44:27+00:00","dateModified":"2025-04-30T22:44:52+00:00","mainEntityOfPage":{"@id":"https:\/\/noticiasmercedinas.com\/site\/2025\/04\/30\/se-inauguro-plaza-el-patio-un-ejemplo-de-participacion-y-construccion-desde-la-diversidad\/"},"wordCount":773,"publisher":{"@id":"https:\/\/noticiasmercedinas.com\/site\/#organization"},"image":{"@id":"https:\/\/noticiasmercedinas.com\/site\/2025\/04\/30\/se-inauguro-plaza-el-patio-un-ejemplo-de-participacion-y-construccion-desde-la-diversidad\/#primaryimage"},"thumbnailUrl":"https:\/\/noticiasmercedinas.com\/site\/wp-content\/uploads\/2025\/04\/C-1.jpg","keywords":["discapacidad","juan ignacio ustarroz","ni\u00f1ez","obras publicas"],"articleSection":["Sociedad"],"inLanguage":"es"},{"@type":"WebPage","@id":"https:\/\/noticiasmercedinas.com\/site\/2025\/04\/30\/se-inauguro-plaza-el-patio-un-ejemplo-de-participacion-y-construccion-desde-la-diversidad\/","url":"https:\/\/noticiasmercedinas.com\/site\/2025\/04\/30\/se-inauguro-plaza-el-patio-un-ejemplo-de-participacion-y-construccion-desde-la-diversidad\/","name":"Se inaugur\u00f3 Plaza \"El Patio\": un ejemplo de participaci\u00f3n y construcci\u00f3n desde la diversidad","isPartOf":{"@id":"https:\/\/noticiasmercedinas.com\/site\/#website"},"primaryImageOfPage":{"@id":"https:\/\/noticiasmercedinas.com\/site\/2025\/04\/30\/se-inauguro-plaza-el-patio-un-ejemplo-de-participacion-y-construccion-desde-la-diversidad\/#primaryimage"},"image":{"@id":"https:\/\/noticiasmercedinas.com\/site\/2025\/04\/30\/se-inauguro-plaza-el-patio-un-ejemplo-de-participacion-y-construccion-desde-la-diversidad\/#primaryimage"},"thumbnailUrl":"https:\/\/noticiasmercedinas.com\/site\/wp-content\/uploads\/2025\/04\/C-1.jpg","datePublished":"2025-04-30T22:44:27+00:00","dateModified":"2025-04-30T22:44:52+00:00","description":"Est\u00e1 ubicado en la esquina de 12 y 21. La idea surgi\u00f3 de una vecina, Celina Fal, quien le llev\u00f3 la propuesta al intendente Juan Ignacio Ustarroz.","breadcrumb":{"@id":"https:\/\/noticiasmercedinas.com\/site\/2025\/04\/30\/se-inauguro-plaza-el-patio-un-ejemplo-de-participacion-y-construccion-desde-la-diversidad\/#breadcrumb"},"inLanguage":"es","potentialAction":[{"@type":"ReadAction","target":["https:\/\/noticiasmercedinas.com\/site\/2025\/04\/30\/se-inauguro-plaza-el-patio-un-ejemplo-de-participacion-y-construccion-desde-la-diversidad\/"]}]},{"@type":"ImageObject","inLanguage":"es","@id":"https:\/\/noticiasmercedinas.com\/site\/2025\/04\/30\/se-inauguro-plaza-el-patio-un-ejemplo-de-participacion-y-construccion-desde-la-diversidad\/#primaryimage","url":"https:\/\/noticiasmercedinas.com\/site\/wp-content\/uploads\/2025\/04\/C-1.jpg","contentUrl":"https:\/\/noticiasmercedinas.com\/site\/wp-content\/uploads\/2025\/04\/C-1.jpg","width":2048,"height":1365},{"@type":"BreadcrumbList","@id":"https:\/\/noticiasmercedinas.com\/site\/2025\/04\/30\/se-inauguro-plaza-el-patio-un-ejemplo-de-participacion-y-construccion-desde-la-diversidad\/#breadcrumb","itemListElement":[{"@type":"ListItem","position":1,"name":"Portada","item":"https:\/\/noticiasmercedinas.com\/site\/"},{"@type":"ListItem","position":2,"name":"Se inaugur\u00f3 Plaza \u00abEl Patio\u00bb: un ejemplo de participaci\u00f3n y construcci\u00f3n desde la diversidad"}]},{"@type":"WebSite","@id":"https:\/\/noticiasmercedinas.com\/site\/#website","url":"https:\/\/noticiasmercedinas.com\/site\/","name":"NOTICIASMERCEDINAS.COM","description":"Mercedes, Buenos Aires, Argentina","publisher":{"@id":"https:\/\/noticiasmercedinas.com\/site\/#organization"},"potentialAction":[{"@type":"SearchAction","target":{"@type":"EntryPoint","urlTemplate":"https:\/\/noticiasmercedinas.com\/site\/?s={search_term_string}"},"query-input":{"@type":"PropertyValueSpecification","valueRequired":true,"valueName":"search_term_string"}}],"inLanguage":"es"},{"@type":"Organization","@id":"https:\/\/noticiasmercedinas.com\/site\/#organization","name":"NOTICIASMERCEDINAS.COM","url":"https:\/\/noticiasmercedinas.com\/site\/","logo":{"@type":"ImageObject","inLanguage":"es","@id":"https:\/\/noticiasmercedinas.com\/site\/#\/schema\/logo\/image\/","url":"https:\/\/noticiasmercedinas.com\/site\/wp-content\/uploads\/2020\/06\/LOGO-512.jpg","contentUrl":"https:\/\/noticiasmercedinas.com\/site\/wp-content\/uploads\/2020\/06\/LOGO-512.jpg","width":512,"height":512,"caption":"NOTICIASMERCEDINAS.COM"},"image":{"@id":"https:\/\/noticiasmercedinas.com\/site\/#\/schema\/logo\/image\/"},"sameAs":["https:\/\/www.facebook.com\/noticiasmercedinas\/","https:\/\/x.com\/notmercedinas","https:\/\/www.instagram.com\/noticiasmercedinas\/"]},{"@type":"Person","@id":"https:\/\/noticiasmercedinas.com\/site\/#\/schema\/person\/84b59c099c28ff2e8b77d4ceec5d8063","name":"NOTICIASMERCEDINAS.COM","image":{"@type":"ImageObject","inLanguage":"es","@id":"https:\/\/secure.gravatar.com\/avatar\/4dfbf16b4d17945bfb6341b2d19043457132fcf478a5ee04f42e959fd8f5df0a?s=96&d=mm&r=g","url":"https:\/\/secure.gravatar.com\/avatar\/4dfbf16b4d17945bfb6341b2d19043457132fcf478a5ee04f42e959fd8f5df0a?s=96&d=mm&r=g","contentUrl":"https:\/\/secure.gravatar.com\/avatar\/4dfbf16b4d17945bfb6341b2d19043457132fcf478a5ee04f42e959fd8f5df0a?s=96&d=mm&r=g","caption":"NOTICIASMERCEDINAS.COM"},"url":"https:\/\/noticiasmercedinas.com\/site\/author\/anonimo\/"}]}},"amp_enabled":true,"_links":{"self":[{"href":"https:\/\/noticiasmercedinas.com\/site\/wp-json\/wp\/v2\/posts\/158467","targetHints":{"allow":["GET"]}}],"collection":[{"href":"https:\/\/noticiasmercedinas.com\/site\/wp-json\/wp\/v2\/posts"}],"about":[{"href":"https:\/\/noticiasmercedinas.com\/site\/wp-json\/wp\/v2\/types\/post"}],"author":[{"embeddable":true,"href":"https:\/\/noticiasmercedinas.com\/site\/wp-json\/wp\/v2\/users\/16"}],"replies":[{"embeddable":true,"href":"https:\/\/noticiasmercedinas.com\/site\/wp-json\/wp\/v2\/comments?post=158467"}],"version-history":[{"count":2,"href":"https:\/\/noticiasmercedinas.com\/site\/wp-json\/wp\/v2\/posts\/158467\/revisions"}],"predecessor-version":[{"id":158472,"href":"https:\/\/noticiasmercedinas.com\/site\/wp-json\/wp\/v2\/posts\/158467\/revisions\/158472"}],"wp:featuredmedia":[{"embeddable":true,"href":"https:\/\/noticiasmercedinas.com\/site\/wp-json\/wp\/v2\/media\/158470"}],"wp:attachment":[{"href":"https:\/\/noticiasmercedinas.com\/site\/wp-json\/wp\/v2\/media?parent=158467"}],"wp:term":[{"taxonomy":"category","embeddable":true,"href":"https:\/\/noticiasmercedinas.com\/site\/wp-json\/wp\/v2\/categories?post=158467"},{"taxonomy":"post_tag","embeddable":true,"href":"https:\/\/noticiasmercedinas.com\/site\/wp-json\/wp\/v2\/tags?post=158467"}],"curies":[{"name":"wp","href":"https:\/\/api.w.org\/{rel}","templated":true}]}}