{"id":158492,"date":"2025-05-01T10:38:15","date_gmt":"2025-05-01T13:38:15","guid":{"rendered":"https:\/\/noticiasmercedinas.com\/site\/?p=158492"},"modified":"2025-05-01T10:38:15","modified_gmt":"2025-05-01T13:38:15","slug":"cooperativistas-se-capacitan-en-seguridad-laboral-para-mejorar-sus-condiciones-de-trabajo","status":"publish","type":"post","link":"https:\/\/noticiasmercedinas.com\/site\/2025\/05\/01\/cooperativistas-se-capacitan-en-seguridad-laboral-para-mejorar-sus-condiciones-de-trabajo\/","title":{"rendered":"Cooperativistas se capacitan en seguridad laboral para mejorar sus condiciones de trabajo"},"content":{"rendered":"<p><img loading=\"lazy\" decoding=\"async\" class=\"alignnone size-full wp-image-158493\" src=\"https:\/\/noticiasmercedinas.com\/site\/wp-content\/uploads\/2025\/05\/COOPE1.jpg\" alt=\"\" width=\"686\" height=\"549\" srcset=\"https:\/\/noticiasmercedinas.com\/site\/wp-content\/uploads\/2025\/05\/COOPE1.jpg 686w, https:\/\/noticiasmercedinas.com\/site\/wp-content\/uploads\/2025\/05\/COOPE1-300x240.jpg 300w, https:\/\/noticiasmercedinas.com\/site\/wp-content\/uploads\/2025\/05\/COOPE1-640x512.jpg 640w, https:\/\/noticiasmercedinas.com\/site\/wp-content\/uploads\/2025\/05\/COOPE1-681x545.jpg 681w\" sizes=\"auto, (max-width: 686px) 100vw, 686px\" \/><\/p>\n<p>Trabajadoras y trabajadores de diversas cooperativas participaron de una nueva jornada de formaci\u00f3n sobre Condiciones y Medioambiente de Trabajo, con el objetivo de fortalecer la seguridad laboral y el bienestar en sus espacios cotidianos.<\/p>\n<p>La actividad reuni\u00f3 a integrantes de los equipos que desempe\u00f1an tareas esenciales en espacios como Recreo, los Espacios de Primera Infancia y la Casa de la Ni\u00f1ez.<\/p>\n<p>Durante la capacitaci\u00f3n, las y los cooperativistas abordaron aspectos clave relacionados con el cuidado en el \u00e1mbito laboral, intercambiaron experiencias y plantearon inquietudes vinculadas a su realidad diaria.<\/p>\n<p>\u201cLo mejor de estos espacios no es solo aprender, sino poder compartir dudas y seguir pensando juntas y juntos c\u00f3mo mejorar nuestros lugares de trabajo\u201d, destacaron desde la organizaci\u00f3n de la jornada.<\/p>\n<p>La propuesta formativa forma parte de una l\u00ednea de trabajo que busca consolidar pr\u00e1cticas seguras y colaborativas, reconociendo el rol fundamental de quienes sostienen tareas de recreaci\u00f3n, educaci\u00f3n, cocina y limpieza en instituciones comunitarias.<\/p>\n<p>\u201cCapacitarse tambi\u00e9n es cuidarse\u201d, se\u00f1alaron desde el equipo coordinador, reafirmando su compromiso con la formaci\u00f3n continua y el trabajo colectivo.<\/p>\n","protected":false},"excerpt":{"rendered":"<p>\u25a0 La actividad reuni\u00f3 a integrantes de los equipos que desempe\u00f1an tareas esenciales en espacios como Recreo, los Espacios de Primera Infancia y la Casa de la Ni\u00f1ez.<\/p>\n","protected":false},"author":16,"featured_media":158493,"comment_status":"closed","ping_status":"closed","sticky":false,"template":"","format":"standard","meta":{"footnotes":""},"categories":[3],"tags":[313,9746],"class_list":["post-158492","post","type-post","status-publish","format-standard","has-post-thumbnail","hentry","category-sociedad","tag-capacitacion","tag-cooperativas"],"yoast_head":"<!-- This site is optimized with the Yoast SEO plugin v27.4 - https:\/\/yoast.com\/product\/yoast-seo-wordpress\/ -->\n<title>Cooperativistas se capacitan en seguridad laboral para mejorar sus condiciones de trabajo<\/title>\n<meta name=\"description\" content=\"La actividad reuni\u00f3 a integrantes de los equipos que desempe\u00f1an tareas esenciales en espacios como Recreo, los Espacios de Primera Infancia y la Casa de la Ni\u00f1ez.\" \/>\n<meta name=\"robots\" content=\"index, follow, max-snippet:-1, max-image-preview:large, max-video-preview:-1\" \/>\n<link rel=\"canonical\" href=\"https:\/\/noticiasmercedinas.com\/site\/2025\/05\/01\/cooperativistas-se-capacitan-en-seguridad-laboral-para-mejorar-sus-condiciones-de-trabajo\/\" \/>\n<meta property=\"og:locale\" content=\"es_ES\" \/>\n<meta property=\"og:type\" content=\"article\" \/>\n<meta property=\"og:title\" content=\"Cooperativistas se capacitan en seguridad laboral para mejorar sus condiciones de trabajo\" \/>\n<meta property=\"og:description\" content=\"La actividad reuni\u00f3 a integrantes de los equipos que desempe\u00f1an tareas esenciales en espacios como Recreo, los Espacios de Primera Infancia y la Casa de la Ni\u00f1ez.\" \/>\n<meta property=\"og:url\" content=\"https:\/\/noticiasmercedinas.com\/site\/2025\/05\/01\/cooperativistas-se-capacitan-en-seguridad-laboral-para-mejorar-sus-condiciones-de-trabajo\/\" \/>\n<meta property=\"og:site_name\" content=\"NOTICIASMERCEDINAS.COM\" \/>\n<meta property=\"article:publisher\" content=\"https:\/\/www.facebook.com\/noticiasmercedinas\/\" \/>\n<meta property=\"article:published_time\" content=\"2025-05-01T13:38:15+00:00\" \/>\n<meta property=\"og:image\" content=\"https:\/\/noticiasmercedinas.com\/site\/wp-content\/uploads\/2025\/05\/COOPE1.jpg\" \/>\n\t<meta property=\"og:image:width\" content=\"686\" \/>\n\t<meta property=\"og:image:height\" content=\"549\" \/>\n\t<meta property=\"og:image:type\" content=\"image\/jpeg\" \/>\n<meta name=\"author\" content=\"NOTICIASMERCEDINAS.COM\" \/>\n<meta name=\"twitter:card\" content=\"summary_large_image\" \/>\n<meta name=\"twitter:creator\" content=\"@notmercedinas\" \/>\n<meta name=\"twitter:site\" content=\"@notmercedinas\" \/>\n<meta name=\"twitter:label1\" content=\"Escrito por\" \/>\n\t<meta name=\"twitter:data1\" content=\"NOTICIASMERCEDINAS.COM\" \/>\n\t<meta name=\"twitter:label2\" content=\"Tiempo de lectura\" \/>\n\t<meta name=\"twitter:data2\" content=\"2 minutos\" \/>\n<script type=\"application\/ld+json\" class=\"yoast-schema-graph\">{\"@context\":\"https:\\\/\\\/schema.org\",\"@graph\":[{\"@type\":\"Article\",\"@id\":\"https:\\\/\\\/noticiasmercedinas.com\\\/site\\\/2025\\\/05\\\/01\\\/cooperativistas-se-capacitan-en-seguridad-laboral-para-mejorar-sus-condiciones-de-trabajo\\\/#article\",\"isPartOf\":{\"@id\":\"https:\\\/\\\/noticiasmercedinas.com\\\/site\\\/2025\\\/05\\\/01\\\/cooperativistas-se-capacitan-en-seguridad-laboral-para-mejorar-sus-condiciones-de-trabajo\\\/\"},\"author\":{\"name\":\"NOTICIASMERCEDINAS.COM\",\"@id\":\"https:\\\/\\\/noticiasmercedinas.com\\\/site\\\/#\\\/schema\\\/person\\\/84b59c099c28ff2e8b77d4ceec5d8063\"},\"headline\":\"Cooperativistas se capacitan en seguridad laboral para mejorar sus condiciones de trabajo\",\"datePublished\":\"2025-05-01T13:38:15+00:00\",\"mainEntityOfPage\":{\"@id\":\"https:\\\/\\\/noticiasmercedinas.com\\\/site\\\/2025\\\/05\\\/01\\\/cooperativistas-se-capacitan-en-seguridad-laboral-para-mejorar-sus-condiciones-de-trabajo\\\/\"},\"wordCount\":200,\"publisher\":{\"@id\":\"https:\\\/\\\/noticiasmercedinas.com\\\/site\\\/#organization\"},\"image\":{\"@id\":\"https:\\\/\\\/noticiasmercedinas.com\\\/site\\\/2025\\\/05\\\/01\\\/cooperativistas-se-capacitan-en-seguridad-laboral-para-mejorar-sus-condiciones-de-trabajo\\\/#primaryimage\"},\"thumbnailUrl\":\"https:\\\/\\\/noticiasmercedinas.com\\\/site\\\/wp-content\\\/uploads\\\/2025\\\/05\\\/COOPE1.jpg\",\"keywords\":[\"capacitaci\u00f3n\",\"cooperativas\"],\"articleSection\":[\"Sociedad\"],\"inLanguage\":\"es\"},{\"@type\":\"WebPage\",\"@id\":\"https:\\\/\\\/noticiasmercedinas.com\\\/site\\\/2025\\\/05\\\/01\\\/cooperativistas-se-capacitan-en-seguridad-laboral-para-mejorar-sus-condiciones-de-trabajo\\\/\",\"url\":\"https:\\\/\\\/noticiasmercedinas.com\\\/site\\\/2025\\\/05\\\/01\\\/cooperativistas-se-capacitan-en-seguridad-laboral-para-mejorar-sus-condiciones-de-trabajo\\\/\",\"name\":\"Cooperativistas se capacitan en seguridad laboral para mejorar sus condiciones de trabajo\",\"isPartOf\":{\"@id\":\"https:\\\/\\\/noticiasmercedinas.com\\\/site\\\/#website\"},\"primaryImageOfPage\":{\"@id\":\"https:\\\/\\\/noticiasmercedinas.com\\\/site\\\/2025\\\/05\\\/01\\\/cooperativistas-se-capacitan-en-seguridad-laboral-para-mejorar-sus-condiciones-de-trabajo\\\/#primaryimage\"},\"image\":{\"@id\":\"https:\\\/\\\/noticiasmercedinas.com\\\/site\\\/2025\\\/05\\\/01\\\/cooperativistas-se-capacitan-en-seguridad-laboral-para-mejorar-sus-condiciones-de-trabajo\\\/#primaryimage\"},\"thumbnailUrl\":\"https:\\\/\\\/noticiasmercedinas.com\\\/site\\\/wp-content\\\/uploads\\\/2025\\\/05\\\/COOPE1.jpg\",\"datePublished\":\"2025-05-01T13:38:15+00:00\",\"description\":\"La actividad reuni\u00f3 a integrantes de los equipos que desempe\u00f1an tareas esenciales en espacios como Recreo, los Espacios de Primera Infancia y la Casa de la Ni\u00f1ez.\",\"breadcrumb\":{\"@id\":\"https:\\\/\\\/noticiasmercedinas.com\\\/site\\\/2025\\\/05\\\/01\\\/cooperativistas-se-capacitan-en-seguridad-laboral-para-mejorar-sus-condiciones-de-trabajo\\\/#breadcrumb\"},\"inLanguage\":\"es\",\"potentialAction\":[{\"@type\":\"ReadAction\",\"target\":[\"https:\\\/\\\/noticiasmercedinas.com\\\/site\\\/2025\\\/05\\\/01\\\/cooperativistas-se-capacitan-en-seguridad-laboral-para-mejorar-sus-condiciones-de-trabajo\\\/\"]}]},{\"@type\":\"ImageObject\",\"inLanguage\":\"es\",\"@id\":\"https:\\\/\\\/noticiasmercedinas.com\\\/site\\\/2025\\\/05\\\/01\\\/cooperativistas-se-capacitan-en-seguridad-laboral-para-mejorar-sus-condiciones-de-trabajo\\\/#primaryimage\",\"url\":\"https:\\\/\\\/noticiasmercedinas.com\\\/site\\\/wp-content\\\/uploads\\\/2025\\\/05\\\/COOPE1.jpg\",\"contentUrl\":\"https:\\\/\\\/noticiasmercedinas.com\\\/site\\\/wp-content\\\/uploads\\\/2025\\\/05\\\/COOPE1.jpg\",\"width\":686,\"height\":549},{\"@type\":\"BreadcrumbList\",\"@id\":\"https:\\\/\\\/noticiasmercedinas.com\\\/site\\\/2025\\\/05\\\/01\\\/cooperativistas-se-capacitan-en-seguridad-laboral-para-mejorar-sus-condiciones-de-trabajo\\\/#breadcrumb\",\"itemListElement\":[{\"@type\":\"ListItem\",\"position\":1,\"name\":\"Portada\",\"item\":\"https:\\\/\\\/noticiasmercedinas.com\\\/site\\\/\"},{\"@type\":\"ListItem\",\"position\":2,\"name\":\"Cooperativistas se capacitan en seguridad laboral para mejorar sus condiciones de trabajo\"}]},{\"@type\":\"WebSite\",\"@id\":\"https:\\\/\\\/noticiasmercedinas.com\\\/site\\\/#website\",\"url\":\"https:\\\/\\\/noticiasmercedinas.com\\\/site\\\/\",\"name\":\"NOTICIASMERCEDINAS.COM\",\"description\":\"Mercedes, Buenos Aires, Argentina\",\"publisher\":{\"@id\":\"https:\\\/\\\/noticiasmercedinas.com\\\/site\\\/#organization\"},\"potentialAction\":[{\"@type\":\"SearchAction\",\"target\":{\"@type\":\"EntryPoint\",\"urlTemplate\":\"https:\\\/\\\/noticiasmercedinas.com\\\/site\\\/?s={search_term_string}\"},\"query-input\":{\"@type\":\"PropertyValueSpecification\",\"valueRequired\":true,\"valueName\":\"search_term_string\"}}],\"inLanguage\":\"es\"},{\"@type\":\"Organization\",\"@id\":\"https:\\\/\\\/noticiasmercedinas.com\\\/site\\\/#organization\",\"name\":\"NOTICIASMERCEDINAS.COM\",\"url\":\"https:\\\/\\\/noticiasmercedinas.com\\\/site\\\/\",\"logo\":{\"@type\":\"ImageObject\",\"inLanguage\":\"es\",\"@id\":\"https:\\\/\\\/noticiasmercedinas.com\\\/site\\\/#\\\/schema\\\/logo\\\/image\\\/\",\"url\":\"https:\\\/\\\/noticiasmercedinas.com\\\/site\\\/wp-content\\\/uploads\\\/2020\\\/06\\\/LOGO-512.jpg\",\"contentUrl\":\"https:\\\/\\\/noticiasmercedinas.com\\\/site\\\/wp-content\\\/uploads\\\/2020\\\/06\\\/LOGO-512.jpg\",\"width\":512,\"height\":512,\"caption\":\"NOTICIASMERCEDINAS.COM\"},\"image\":{\"@id\":\"https:\\\/\\\/noticiasmercedinas.com\\\/site\\\/#\\\/schema\\\/logo\\\/image\\\/\"},\"sameAs\":[\"https:\\\/\\\/www.facebook.com\\\/noticiasmercedinas\\\/\",\"https:\\\/\\\/x.com\\\/notmercedinas\",\"https:\\\/\\\/www.instagram.com\\\/noticiasmercedinas\\\/\"]},{\"@type\":\"Person\",\"@id\":\"https:\\\/\\\/noticiasmercedinas.com\\\/site\\\/#\\\/schema\\\/person\\\/84b59c099c28ff2e8b77d4ceec5d8063\",\"name\":\"NOTICIASMERCEDINAS.COM\",\"image\":{\"@type\":\"ImageObject\",\"inLanguage\":\"es\",\"@id\":\"https:\\\/\\\/secure.gravatar.com\\\/avatar\\\/4dfbf16b4d17945bfb6341b2d19043457132fcf478a5ee04f42e959fd8f5df0a?s=96&d=mm&r=g\",\"url\":\"https:\\\/\\\/secure.gravatar.com\\\/avatar\\\/4dfbf16b4d17945bfb6341b2d19043457132fcf478a5ee04f42e959fd8f5df0a?s=96&d=mm&r=g\",\"contentUrl\":\"https:\\\/\\\/secure.gravatar.com\\\/avatar\\\/4dfbf16b4d17945bfb6341b2d19043457132fcf478a5ee04f42e959fd8f5df0a?s=96&d=mm&r=g\",\"caption\":\"NOTICIASMERCEDINAS.COM\"},\"url\":\"https:\\\/\\\/noticiasmercedinas.com\\\/site\\\/author\\\/anonimo\\\/\"}]}<\/script>\n<!-- \/ Yoast SEO plugin. -->","yoast_head_json":{"title":"Cooperativistas se capacitan en seguridad laboral para mejorar sus condiciones de trabajo","description":"La actividad reuni\u00f3 a integrantes de los equipos que desempe\u00f1an tareas esenciales en espacios como Recreo, los Espacios de Primera Infancia y la Casa de la Ni\u00f1ez.","robots":{"index":"index","follow":"follow","max-snippet":"max-snippet:-1","max-image-preview":"max-image-preview:large","max-video-preview":"max-video-preview:-1"},"canonical":"https:\/\/noticiasmercedinas.com\/site\/2025\/05\/01\/cooperativistas-se-capacitan-en-seguridad-laboral-para-mejorar-sus-condiciones-de-trabajo\/","og_locale":"es_ES","og_type":"article","og_title":"Cooperativistas se capacitan en seguridad laboral para mejorar sus condiciones de trabajo","og_description":"La actividad reuni\u00f3 a integrantes de los equipos que desempe\u00f1an tareas esenciales en espacios como Recreo, los Espacios de Primera Infancia y la Casa de la Ni\u00f1ez.","og_url":"https:\/\/noticiasmercedinas.com\/site\/2025\/05\/01\/cooperativistas-se-capacitan-en-seguridad-laboral-para-mejorar-sus-condiciones-de-trabajo\/","og_site_name":"NOTICIASMERCEDINAS.COM","article_publisher":"https:\/\/www.facebook.com\/noticiasmercedinas\/","article_published_time":"2025-05-01T13:38:15+00:00","og_image":[{"width":686,"height":549,"url":"https:\/\/noticiasmercedinas.com\/site\/wp-content\/uploads\/2025\/05\/COOPE1.jpg","type":"image\/jpeg"}],"author":"NOTICIASMERCEDINAS.COM","twitter_card":"summary_large_image","twitter_creator":"@notmercedinas","twitter_site":"@notmercedinas","twitter_misc":{"Escrito por":"NOTICIASMERCEDINAS.COM","Tiempo de lectura":"2 minutos"},"schema":{"@context":"https:\/\/schema.org","@graph":[{"@type":"Article","@id":"https:\/\/noticiasmercedinas.com\/site\/2025\/05\/01\/cooperativistas-se-capacitan-en-seguridad-laboral-para-mejorar-sus-condiciones-de-trabajo\/#article","isPartOf":{"@id":"https:\/\/noticiasmercedinas.com\/site\/2025\/05\/01\/cooperativistas-se-capacitan-en-seguridad-laboral-para-mejorar-sus-condiciones-de-trabajo\/"},"author":{"name":"NOTICIASMERCEDINAS.COM","@id":"https:\/\/noticiasmercedinas.com\/site\/#\/schema\/person\/84b59c099c28ff2e8b77d4ceec5d8063"},"headline":"Cooperativistas se capacitan en seguridad laboral para mejorar sus condiciones de trabajo","datePublished":"2025-05-01T13:38:15+00:00","mainEntityOfPage":{"@id":"https:\/\/noticiasmercedinas.com\/site\/2025\/05\/01\/cooperativistas-se-capacitan-en-seguridad-laboral-para-mejorar-sus-condiciones-de-trabajo\/"},"wordCount":200,"publisher":{"@id":"https:\/\/noticiasmercedinas.com\/site\/#organization"},"image":{"@id":"https:\/\/noticiasmercedinas.com\/site\/2025\/05\/01\/cooperativistas-se-capacitan-en-seguridad-laboral-para-mejorar-sus-condiciones-de-trabajo\/#primaryimage"},"thumbnailUrl":"https:\/\/noticiasmercedinas.com\/site\/wp-content\/uploads\/2025\/05\/COOPE1.jpg","keywords":["capacitaci\u00f3n","cooperativas"],"articleSection":["Sociedad"],"inLanguage":"es"},{"@type":"WebPage","@id":"https:\/\/noticiasmercedinas.com\/site\/2025\/05\/01\/cooperativistas-se-capacitan-en-seguridad-laboral-para-mejorar-sus-condiciones-de-trabajo\/","url":"https:\/\/noticiasmercedinas.com\/site\/2025\/05\/01\/cooperativistas-se-capacitan-en-seguridad-laboral-para-mejorar-sus-condiciones-de-trabajo\/","name":"Cooperativistas se capacitan en seguridad laboral para mejorar sus condiciones de trabajo","isPartOf":{"@id":"https:\/\/noticiasmercedinas.com\/site\/#website"},"primaryImageOfPage":{"@id":"https:\/\/noticiasmercedinas.com\/site\/2025\/05\/01\/cooperativistas-se-capacitan-en-seguridad-laboral-para-mejorar-sus-condiciones-de-trabajo\/#primaryimage"},"image":{"@id":"https:\/\/noticiasmercedinas.com\/site\/2025\/05\/01\/cooperativistas-se-capacitan-en-seguridad-laboral-para-mejorar-sus-condiciones-de-trabajo\/#primaryimage"},"thumbnailUrl":"https:\/\/noticiasmercedinas.com\/site\/wp-content\/uploads\/2025\/05\/COOPE1.jpg","datePublished":"2025-05-01T13:38:15+00:00","description":"La actividad reuni\u00f3 a integrantes de los equipos que desempe\u00f1an tareas esenciales en espacios como Recreo, los Espacios de Primera Infancia y la Casa de la Ni\u00f1ez.","breadcrumb":{"@id":"https:\/\/noticiasmercedinas.com\/site\/2025\/05\/01\/cooperativistas-se-capacitan-en-seguridad-laboral-para-mejorar-sus-condiciones-de-trabajo\/#breadcrumb"},"inLanguage":"es","potentialAction":[{"@type":"ReadAction","target":["https:\/\/noticiasmercedinas.com\/site\/2025\/05\/01\/cooperativistas-se-capacitan-en-seguridad-laboral-para-mejorar-sus-condiciones-de-trabajo\/"]}]},{"@type":"ImageObject","inLanguage":"es","@id":"https:\/\/noticiasmercedinas.com\/site\/2025\/05\/01\/cooperativistas-se-capacitan-en-seguridad-laboral-para-mejorar-sus-condiciones-de-trabajo\/#primaryimage","url":"https:\/\/noticiasmercedinas.com\/site\/wp-content\/uploads\/2025\/05\/COOPE1.jpg","contentUrl":"https:\/\/noticiasmercedinas.com\/site\/wp-content\/uploads\/2025\/05\/COOPE1.jpg","width":686,"height":549},{"@type":"BreadcrumbList","@id":"https:\/\/noticiasmercedinas.com\/site\/2025\/05\/01\/cooperativistas-se-capacitan-en-seguridad-laboral-para-mejorar-sus-condiciones-de-trabajo\/#breadcrumb","itemListElement":[{"@type":"ListItem","position":1,"name":"Portada","item":"https:\/\/noticiasmercedinas.com\/site\/"},{"@type":"ListItem","position":2,"name":"Cooperativistas se capacitan en seguridad laboral para mejorar sus condiciones de trabajo"}]},{"@type":"WebSite","@id":"https:\/\/noticiasmercedinas.com\/site\/#website","url":"https:\/\/noticiasmercedinas.com\/site\/","name":"NOTICIASMERCEDINAS.COM","description":"Mercedes, Buenos Aires, Argentina","publisher":{"@id":"https:\/\/noticiasmercedinas.com\/site\/#organization"},"potentialAction":[{"@type":"SearchAction","target":{"@type":"EntryPoint","urlTemplate":"https:\/\/noticiasmercedinas.com\/site\/?s={search_term_string}"},"query-input":{"@type":"PropertyValueSpecification","valueRequired":true,"valueName":"search_term_string"}}],"inLanguage":"es"},{"@type":"Organization","@id":"https:\/\/noticiasmercedinas.com\/site\/#organization","name":"NOTICIASMERCEDINAS.COM","url":"https:\/\/noticiasmercedinas.com\/site\/","logo":{"@type":"ImageObject","inLanguage":"es","@id":"https:\/\/noticiasmercedinas.com\/site\/#\/schema\/logo\/image\/","url":"https:\/\/noticiasmercedinas.com\/site\/wp-content\/uploads\/2020\/06\/LOGO-512.jpg","contentUrl":"https:\/\/noticiasmercedinas.com\/site\/wp-content\/uploads\/2020\/06\/LOGO-512.jpg","width":512,"height":512,"caption":"NOTICIASMERCEDINAS.COM"},"image":{"@id":"https:\/\/noticiasmercedinas.com\/site\/#\/schema\/logo\/image\/"},"sameAs":["https:\/\/www.facebook.com\/noticiasmercedinas\/","https:\/\/x.com\/notmercedinas","https:\/\/www.instagram.com\/noticiasmercedinas\/"]},{"@type":"Person","@id":"https:\/\/noticiasmercedinas.com\/site\/#\/schema\/person\/84b59c099c28ff2e8b77d4ceec5d8063","name":"NOTICIASMERCEDINAS.COM","image":{"@type":"ImageObject","inLanguage":"es","@id":"https:\/\/secure.gravatar.com\/avatar\/4dfbf16b4d17945bfb6341b2d19043457132fcf478a5ee04f42e959fd8f5df0a?s=96&d=mm&r=g","url":"https:\/\/secure.gravatar.com\/avatar\/4dfbf16b4d17945bfb6341b2d19043457132fcf478a5ee04f42e959fd8f5df0a?s=96&d=mm&r=g","contentUrl":"https:\/\/secure.gravatar.com\/avatar\/4dfbf16b4d17945bfb6341b2d19043457132fcf478a5ee04f42e959fd8f5df0a?s=96&d=mm&r=g","caption":"NOTICIASMERCEDINAS.COM"},"url":"https:\/\/noticiasmercedinas.com\/site\/author\/anonimo\/"}]}},"amp_enabled":true,"_links":{"self":[{"href":"https:\/\/noticiasmercedinas.com\/site\/wp-json\/wp\/v2\/posts\/158492","targetHints":{"allow":["GET"]}}],"collection":[{"href":"https:\/\/noticiasmercedinas.com\/site\/wp-json\/wp\/v2\/posts"}],"about":[{"href":"https:\/\/noticiasmercedinas.com\/site\/wp-json\/wp\/v2\/types\/post"}],"author":[{"embeddable":true,"href":"https:\/\/noticiasmercedinas.com\/site\/wp-json\/wp\/v2\/users\/16"}],"replies":[{"embeddable":true,"href":"https:\/\/noticiasmercedinas.com\/site\/wp-json\/wp\/v2\/comments?post=158492"}],"version-history":[{"count":1,"href":"https:\/\/noticiasmercedinas.com\/site\/wp-json\/wp\/v2\/posts\/158492\/revisions"}],"predecessor-version":[{"id":158494,"href":"https:\/\/noticiasmercedinas.com\/site\/wp-json\/wp\/v2\/posts\/158492\/revisions\/158494"}],"wp:featuredmedia":[{"embeddable":true,"href":"https:\/\/noticiasmercedinas.com\/site\/wp-json\/wp\/v2\/media\/158493"}],"wp:attachment":[{"href":"https:\/\/noticiasmercedinas.com\/site\/wp-json\/wp\/v2\/media?parent=158492"}],"wp:term":[{"taxonomy":"category","embeddable":true,"href":"https:\/\/noticiasmercedinas.com\/site\/wp-json\/wp\/v2\/categories?post=158492"},{"taxonomy":"post_tag","embeddable":true,"href":"https:\/\/noticiasmercedinas.com\/site\/wp-json\/wp\/v2\/tags?post=158492"}],"curies":[{"name":"wp","href":"https:\/\/api.w.org\/{rel}","templated":true}]}}