{"id":158878,"date":"2025-05-07T09:40:08","date_gmt":"2025-05-07T12:40:08","guid":{"rendered":"https:\/\/noticiasmercedinas.com\/site\/?p=158878"},"modified":"2025-05-07T09:40:08","modified_gmt":"2025-05-07T12:40:08","slug":"el-pj-local-recordo-a-eva-peron-en-un-nuevo-aniversario-de-su-nacimiento","status":"publish","type":"post","link":"https:\/\/noticiasmercedinas.com\/site\/2025\/05\/07\/el-pj-local-recordo-a-eva-peron-en-un-nuevo-aniversario-de-su-nacimiento\/","title":{"rendered":"El PJ local record\u00f3 a Eva Per\u00f3n en un nuevo aniversario de su nacimiento"},"content":{"rendered":"<p><img loading=\"lazy\" decoding=\"async\" class=\"alignnone size-full wp-image-114354\" src=\"https:\/\/noticiasmercedinas.com\/site\/wp-content\/uploads\/2023\/05\/eva.webp\" alt=\"\" width=\"980\" height=\"640\" srcset=\"https:\/\/noticiasmercedinas.com\/site\/wp-content\/uploads\/2023\/05\/eva.webp 980w, https:\/\/noticiasmercedinas.com\/site\/wp-content\/uploads\/2023\/05\/eva-300x196.webp 300w, https:\/\/noticiasmercedinas.com\/site\/wp-content\/uploads\/2023\/05\/eva-768x502.webp 768w, https:\/\/noticiasmercedinas.com\/site\/wp-content\/uploads\/2023\/05\/eva-640x418.webp 640w, https:\/\/noticiasmercedinas.com\/site\/wp-content\/uploads\/2023\/05\/eva-681x445.webp 681w\" sizes=\"auto, (max-width: 980px) 100vw, 980px\" \/><\/p>\n<p>Este 7 de mayo, al cumplirse un nuevo aniversario del nacimiento de Eva Duarte de Per\u00f3n, el Partido Justicialista de Mercedes difundi\u00f3 un emotivo mensaje en homenaje a una de las figuras m\u00e1s significativas de la historia argentina.<\/p>\n<p>En su declaraci\u00f3n, destacaron a Evita como \u201cuna mujer que desafi\u00f3 todo lo esperado para una joven del interior\u201d, y cuyo legado contin\u00faa inspirando las luchas por una sociedad m\u00e1s justa e igualitaria.<\/p>\n<p>Desde el PJ local recordaron a Eva como una mujer con conciencia de clase, que puso siempre su mirada en los derechos de los m\u00e1s desprotegidos. Resaltaron su papel clave en la organizaci\u00f3n pol\u00edtica de las mujeres y en la feminizaci\u00f3n de la pol\u00edtica, as\u00ed como su capacidad para abrir caminos y dejar una huella profunda en la vida social y pol\u00edtica del pa\u00eds.<\/p>\n<p>\u201cEl testimonio de vida de Evita nos convoca en tiempos dif\u00edciles a recordar que el sue\u00f1o y la convicci\u00f3n de una sociedad m\u00e1s justa y con lugar para todas y todos es posible\u201d, expresaron. El mensaje fue firmado por Andrea Bozzini, secretaria de la Mujer; Mariana San Mart\u00edn, vicepresidenta del PJ local; y Juan Pablo L\u00f3pez Baggio, presidente del partido.<\/p>\n<p>A trav\u00e9s de una imagen conmemorativa que incluye retratos y s\u00edmbolos vinculados a su figura, la organizaci\u00f3n reafirm\u00f3 que Evita es reflejo de los sue\u00f1os colectivos que se pueden y deben alcanzar.<\/p>\n<p><img loading=\"lazy\" decoding=\"async\" class=\"alignnone size-full wp-image-158879\" src=\"https:\/\/noticiasmercedinas.com\/site\/wp-content\/uploads\/2025\/05\/031c388d-f5bb-41ad-a1d2-2191e8a587bb.jpg\" alt=\"\" width=\"1152\" height=\"1600\" srcset=\"https:\/\/noticiasmercedinas.com\/site\/wp-content\/uploads\/2025\/05\/031c388d-f5bb-41ad-a1d2-2191e8a587bb.jpg 1152w, https:\/\/noticiasmercedinas.com\/site\/wp-content\/uploads\/2025\/05\/031c388d-f5bb-41ad-a1d2-2191e8a587bb-216x300.jpg 216w, https:\/\/noticiasmercedinas.com\/site\/wp-content\/uploads\/2025\/05\/031c388d-f5bb-41ad-a1d2-2191e8a587bb-737x1024.jpg 737w, https:\/\/noticiasmercedinas.com\/site\/wp-content\/uploads\/2025\/05\/031c388d-f5bb-41ad-a1d2-2191e8a587bb-768x1067.jpg 768w, https:\/\/noticiasmercedinas.com\/site\/wp-content\/uploads\/2025\/05\/031c388d-f5bb-41ad-a1d2-2191e8a587bb-1106x1536.jpg 1106w, https:\/\/noticiasmercedinas.com\/site\/wp-content\/uploads\/2025\/05\/031c388d-f5bb-41ad-a1d2-2191e8a587bb-640x889.jpg 640w, https:\/\/noticiasmercedinas.com\/site\/wp-content\/uploads\/2025\/05\/031c388d-f5bb-41ad-a1d2-2191e8a587bb-681x946.jpg 681w\" sizes=\"auto, (max-width: 1152px) 100vw, 1152px\" \/><\/p>\n","protected":false},"excerpt":{"rendered":"<p>\u25a0 \u201cEl testimonio de vida de Evita nos convoca en tiempos dif\u00edciles a recordar que el sue\u00f1o y la convicci\u00f3n de una sociedad m\u00e1s justa y con lugar para todas y todos es posible\u201d, expresaron.<\/p>\n","protected":false},"author":16,"featured_media":114354,"comment_status":"closed","ping_status":"closed","sticky":false,"template":"","format":"standard","meta":{"footnotes":""},"categories":[16],"tags":[5424,4466,1740,156,1510,1489],"class_list":["post-158878","post","type-post","status-publish","format-standard","has-post-thumbnail","hentry","category-politica","tag-andrea-bozzini","tag-eva-peron","tag-juan-pablo-lopez","tag-mariana-san-martin","tag-partido-justicialista","tag-pj"],"yoast_head":"<!-- This site is optimized with the Yoast SEO plugin v27.5 - https:\/\/yoast.com\/product\/yoast-seo-wordpress\/ -->\n<title>El PJ local record\u00f3 a Eva Per\u00f3n en un nuevo aniversario de su nacimiento<\/title>\n<meta name=\"robots\" content=\"index, follow, max-snippet:-1, max-image-preview:large, max-video-preview:-1\" \/>\n<link rel=\"canonical\" href=\"https:\/\/noticiasmercedinas.com\/site\/2025\/05\/07\/el-pj-local-recordo-a-eva-peron-en-un-nuevo-aniversario-de-su-nacimiento\/\" \/>\n<meta property=\"og:locale\" content=\"es_ES\" \/>\n<meta property=\"og:type\" content=\"article\" \/>\n<meta property=\"og:title\" content=\"El PJ local record\u00f3 a Eva Per\u00f3n en un nuevo aniversario de su nacimiento\" \/>\n<meta property=\"og:description\" content=\"\u25a0 \u201cEl testimonio de vida de Evita nos convoca en tiempos dif\u00edciles a recordar que el sue\u00f1o y la convicci\u00f3n de una sociedad m\u00e1s justa y con lugar para todas y todos es posible\u201d, expresaron.\" \/>\n<meta property=\"og:url\" content=\"https:\/\/noticiasmercedinas.com\/site\/2025\/05\/07\/el-pj-local-recordo-a-eva-peron-en-un-nuevo-aniversario-de-su-nacimiento\/\" \/>\n<meta property=\"og:site_name\" content=\"NOTICIASMERCEDINAS.COM\" \/>\n<meta property=\"article:publisher\" content=\"https:\/\/www.facebook.com\/noticiasmercedinas\/\" \/>\n<meta property=\"article:published_time\" content=\"2025-05-07T12:40:08+00:00\" \/>\n<meta property=\"og:image\" content=\"https:\/\/noticiasmercedinas.com\/site\/wp-content\/uploads\/2023\/05\/eva.webp\" \/>\n\t<meta property=\"og:image:width\" content=\"980\" \/>\n\t<meta property=\"og:image:height\" content=\"640\" \/>\n\t<meta property=\"og:image:type\" content=\"image\/webp\" \/>\n<meta name=\"author\" content=\"NOTICIASMERCEDINAS.COM\" \/>\n<meta name=\"twitter:card\" content=\"summary_large_image\" \/>\n<meta name=\"twitter:creator\" content=\"@notmercedinas\" \/>\n<meta name=\"twitter:site\" content=\"@notmercedinas\" \/>\n<meta name=\"twitter:label1\" content=\"Escrito por\" \/>\n\t<meta name=\"twitter:data1\" content=\"NOTICIASMERCEDINAS.COM\" \/>\n\t<meta name=\"twitter:label2\" content=\"Tiempo de lectura\" \/>\n\t<meta name=\"twitter:data2\" content=\"2 minutos\" \/>\n<script type=\"application\/ld+json\" class=\"yoast-schema-graph\">{\"@context\":\"https:\\\/\\\/schema.org\",\"@graph\":[{\"@type\":\"Article\",\"@id\":\"https:\\\/\\\/noticiasmercedinas.com\\\/site\\\/2025\\\/05\\\/07\\\/el-pj-local-recordo-a-eva-peron-en-un-nuevo-aniversario-de-su-nacimiento\\\/#article\",\"isPartOf\":{\"@id\":\"https:\\\/\\\/noticiasmercedinas.com\\\/site\\\/2025\\\/05\\\/07\\\/el-pj-local-recordo-a-eva-peron-en-un-nuevo-aniversario-de-su-nacimiento\\\/\"},\"author\":{\"name\":\"NOTICIASMERCEDINAS.COM\",\"@id\":\"https:\\\/\\\/noticiasmercedinas.com\\\/site\\\/#\\\/schema\\\/person\\\/84b59c099c28ff2e8b77d4ceec5d8063\"},\"headline\":\"El PJ local record\u00f3 a Eva Per\u00f3n en un nuevo aniversario de su nacimiento\",\"datePublished\":\"2025-05-07T12:40:08+00:00\",\"mainEntityOfPage\":{\"@id\":\"https:\\\/\\\/noticiasmercedinas.com\\\/site\\\/2025\\\/05\\\/07\\\/el-pj-local-recordo-a-eva-peron-en-un-nuevo-aniversario-de-su-nacimiento\\\/\"},\"wordCount\":263,\"publisher\":{\"@id\":\"https:\\\/\\\/noticiasmercedinas.com\\\/site\\\/#organization\"},\"image\":{\"@id\":\"https:\\\/\\\/noticiasmercedinas.com\\\/site\\\/2025\\\/05\\\/07\\\/el-pj-local-recordo-a-eva-peron-en-un-nuevo-aniversario-de-su-nacimiento\\\/#primaryimage\"},\"thumbnailUrl\":\"https:\\\/\\\/noticiasmercedinas.com\\\/site\\\/wp-content\\\/uploads\\\/2023\\\/05\\\/eva.webp\",\"keywords\":[\"Andrea Bozzini\",\"eva peron\",\"juan pablo lopez\",\"mariana san martin\",\"partido justicialista\",\"pj\"],\"articleSection\":[\"Politica\"],\"inLanguage\":\"es\"},{\"@type\":\"WebPage\",\"@id\":\"https:\\\/\\\/noticiasmercedinas.com\\\/site\\\/2025\\\/05\\\/07\\\/el-pj-local-recordo-a-eva-peron-en-un-nuevo-aniversario-de-su-nacimiento\\\/\",\"url\":\"https:\\\/\\\/noticiasmercedinas.com\\\/site\\\/2025\\\/05\\\/07\\\/el-pj-local-recordo-a-eva-peron-en-un-nuevo-aniversario-de-su-nacimiento\\\/\",\"name\":\"El PJ local record\u00f3 a Eva Per\u00f3n en un nuevo aniversario de su nacimiento\",\"isPartOf\":{\"@id\":\"https:\\\/\\\/noticiasmercedinas.com\\\/site\\\/#website\"},\"primaryImageOfPage\":{\"@id\":\"https:\\\/\\\/noticiasmercedinas.com\\\/site\\\/2025\\\/05\\\/07\\\/el-pj-local-recordo-a-eva-peron-en-un-nuevo-aniversario-de-su-nacimiento\\\/#primaryimage\"},\"image\":{\"@id\":\"https:\\\/\\\/noticiasmercedinas.com\\\/site\\\/2025\\\/05\\\/07\\\/el-pj-local-recordo-a-eva-peron-en-un-nuevo-aniversario-de-su-nacimiento\\\/#primaryimage\"},\"thumbnailUrl\":\"https:\\\/\\\/noticiasmercedinas.com\\\/site\\\/wp-content\\\/uploads\\\/2023\\\/05\\\/eva.webp\",\"datePublished\":\"2025-05-07T12:40:08+00:00\",\"breadcrumb\":{\"@id\":\"https:\\\/\\\/noticiasmercedinas.com\\\/site\\\/2025\\\/05\\\/07\\\/el-pj-local-recordo-a-eva-peron-en-un-nuevo-aniversario-de-su-nacimiento\\\/#breadcrumb\"},\"inLanguage\":\"es\",\"potentialAction\":[{\"@type\":\"ReadAction\",\"target\":[\"https:\\\/\\\/noticiasmercedinas.com\\\/site\\\/2025\\\/05\\\/07\\\/el-pj-local-recordo-a-eva-peron-en-un-nuevo-aniversario-de-su-nacimiento\\\/\"]}]},{\"@type\":\"ImageObject\",\"inLanguage\":\"es\",\"@id\":\"https:\\\/\\\/noticiasmercedinas.com\\\/site\\\/2025\\\/05\\\/07\\\/el-pj-local-recordo-a-eva-peron-en-un-nuevo-aniversario-de-su-nacimiento\\\/#primaryimage\",\"url\":\"https:\\\/\\\/noticiasmercedinas.com\\\/site\\\/wp-content\\\/uploads\\\/2023\\\/05\\\/eva.webp\",\"contentUrl\":\"https:\\\/\\\/noticiasmercedinas.com\\\/site\\\/wp-content\\\/uploads\\\/2023\\\/05\\\/eva.webp\",\"width\":980,\"height\":640},{\"@type\":\"BreadcrumbList\",\"@id\":\"https:\\\/\\\/noticiasmercedinas.com\\\/site\\\/2025\\\/05\\\/07\\\/el-pj-local-recordo-a-eva-peron-en-un-nuevo-aniversario-de-su-nacimiento\\\/#breadcrumb\",\"itemListElement\":[{\"@type\":\"ListItem\",\"position\":1,\"name\":\"Portada\",\"item\":\"https:\\\/\\\/noticiasmercedinas.com\\\/site\\\/\"},{\"@type\":\"ListItem\",\"position\":2,\"name\":\"El PJ local record\u00f3 a Eva Per\u00f3n en un nuevo aniversario de su nacimiento\"}]},{\"@type\":\"WebSite\",\"@id\":\"https:\\\/\\\/noticiasmercedinas.com\\\/site\\\/#website\",\"url\":\"https:\\\/\\\/noticiasmercedinas.com\\\/site\\\/\",\"name\":\"NOTICIASMERCEDINAS.COM\",\"description\":\"Mercedes, Buenos Aires, Argentina\",\"publisher\":{\"@id\":\"https:\\\/\\\/noticiasmercedinas.com\\\/site\\\/#organization\"},\"potentialAction\":[{\"@type\":\"SearchAction\",\"target\":{\"@type\":\"EntryPoint\",\"urlTemplate\":\"https:\\\/\\\/noticiasmercedinas.com\\\/site\\\/?s={search_term_string}\"},\"query-input\":{\"@type\":\"PropertyValueSpecification\",\"valueRequired\":true,\"valueName\":\"search_term_string\"}}],\"inLanguage\":\"es\"},{\"@type\":\"Organization\",\"@id\":\"https:\\\/\\\/noticiasmercedinas.com\\\/site\\\/#organization\",\"name\":\"NOTICIASMERCEDINAS.COM\",\"url\":\"https:\\\/\\\/noticiasmercedinas.com\\\/site\\\/\",\"logo\":{\"@type\":\"ImageObject\",\"inLanguage\":\"es\",\"@id\":\"https:\\\/\\\/noticiasmercedinas.com\\\/site\\\/#\\\/schema\\\/logo\\\/image\\\/\",\"url\":\"https:\\\/\\\/noticiasmercedinas.com\\\/site\\\/wp-content\\\/uploads\\\/2020\\\/06\\\/LOGO-512.jpg\",\"contentUrl\":\"https:\\\/\\\/noticiasmercedinas.com\\\/site\\\/wp-content\\\/uploads\\\/2020\\\/06\\\/LOGO-512.jpg\",\"width\":512,\"height\":512,\"caption\":\"NOTICIASMERCEDINAS.COM\"},\"image\":{\"@id\":\"https:\\\/\\\/noticiasmercedinas.com\\\/site\\\/#\\\/schema\\\/logo\\\/image\\\/\"},\"sameAs\":[\"https:\\\/\\\/www.facebook.com\\\/noticiasmercedinas\\\/\",\"https:\\\/\\\/x.com\\\/notmercedinas\",\"https:\\\/\\\/www.instagram.com\\\/noticiasmercedinas\\\/\"]},{\"@type\":\"Person\",\"@id\":\"https:\\\/\\\/noticiasmercedinas.com\\\/site\\\/#\\\/schema\\\/person\\\/84b59c099c28ff2e8b77d4ceec5d8063\",\"name\":\"NOTICIASMERCEDINAS.COM\",\"image\":{\"@type\":\"ImageObject\",\"inLanguage\":\"es\",\"@id\":\"https:\\\/\\\/secure.gravatar.com\\\/avatar\\\/4dfbf16b4d17945bfb6341b2d19043457132fcf478a5ee04f42e959fd8f5df0a?s=96&d=mm&r=g\",\"url\":\"https:\\\/\\\/secure.gravatar.com\\\/avatar\\\/4dfbf16b4d17945bfb6341b2d19043457132fcf478a5ee04f42e959fd8f5df0a?s=96&d=mm&r=g\",\"contentUrl\":\"https:\\\/\\\/secure.gravatar.com\\\/avatar\\\/4dfbf16b4d17945bfb6341b2d19043457132fcf478a5ee04f42e959fd8f5df0a?s=96&d=mm&r=g\",\"caption\":\"NOTICIASMERCEDINAS.COM\"},\"url\":\"https:\\\/\\\/noticiasmercedinas.com\\\/site\\\/author\\\/anonimo\\\/\"}]}<\/script>\n<!-- \/ Yoast SEO plugin. -->","yoast_head_json":{"title":"El PJ local record\u00f3 a Eva Per\u00f3n en un nuevo aniversario de su nacimiento","robots":{"index":"index","follow":"follow","max-snippet":"max-snippet:-1","max-image-preview":"max-image-preview:large","max-video-preview":"max-video-preview:-1"},"canonical":"https:\/\/noticiasmercedinas.com\/site\/2025\/05\/07\/el-pj-local-recordo-a-eva-peron-en-un-nuevo-aniversario-de-su-nacimiento\/","og_locale":"es_ES","og_type":"article","og_title":"El PJ local record\u00f3 a Eva Per\u00f3n en un nuevo aniversario de su nacimiento","og_description":"\u25a0 \u201cEl testimonio de vida de Evita nos convoca en tiempos dif\u00edciles a recordar que el sue\u00f1o y la convicci\u00f3n de una sociedad m\u00e1s justa y con lugar para todas y todos es posible\u201d, expresaron.","og_url":"https:\/\/noticiasmercedinas.com\/site\/2025\/05\/07\/el-pj-local-recordo-a-eva-peron-en-un-nuevo-aniversario-de-su-nacimiento\/","og_site_name":"NOTICIASMERCEDINAS.COM","article_publisher":"https:\/\/www.facebook.com\/noticiasmercedinas\/","article_published_time":"2025-05-07T12:40:08+00:00","og_image":[{"width":980,"height":640,"url":"https:\/\/noticiasmercedinas.com\/site\/wp-content\/uploads\/2023\/05\/eva.webp","type":"image\/webp"}],"author":"NOTICIASMERCEDINAS.COM","twitter_card":"summary_large_image","twitter_creator":"@notmercedinas","twitter_site":"@notmercedinas","twitter_misc":{"Escrito por":"NOTICIASMERCEDINAS.COM","Tiempo de lectura":"2 minutos"},"schema":{"@context":"https:\/\/schema.org","@graph":[{"@type":"Article","@id":"https:\/\/noticiasmercedinas.com\/site\/2025\/05\/07\/el-pj-local-recordo-a-eva-peron-en-un-nuevo-aniversario-de-su-nacimiento\/#article","isPartOf":{"@id":"https:\/\/noticiasmercedinas.com\/site\/2025\/05\/07\/el-pj-local-recordo-a-eva-peron-en-un-nuevo-aniversario-de-su-nacimiento\/"},"author":{"name":"NOTICIASMERCEDINAS.COM","@id":"https:\/\/noticiasmercedinas.com\/site\/#\/schema\/person\/84b59c099c28ff2e8b77d4ceec5d8063"},"headline":"El PJ local record\u00f3 a Eva Per\u00f3n en un nuevo aniversario de su nacimiento","datePublished":"2025-05-07T12:40:08+00:00","mainEntityOfPage":{"@id":"https:\/\/noticiasmercedinas.com\/site\/2025\/05\/07\/el-pj-local-recordo-a-eva-peron-en-un-nuevo-aniversario-de-su-nacimiento\/"},"wordCount":263,"publisher":{"@id":"https:\/\/noticiasmercedinas.com\/site\/#organization"},"image":{"@id":"https:\/\/noticiasmercedinas.com\/site\/2025\/05\/07\/el-pj-local-recordo-a-eva-peron-en-un-nuevo-aniversario-de-su-nacimiento\/#primaryimage"},"thumbnailUrl":"https:\/\/noticiasmercedinas.com\/site\/wp-content\/uploads\/2023\/05\/eva.webp","keywords":["Andrea Bozzini","eva peron","juan pablo lopez","mariana san martin","partido justicialista","pj"],"articleSection":["Politica"],"inLanguage":"es"},{"@type":"WebPage","@id":"https:\/\/noticiasmercedinas.com\/site\/2025\/05\/07\/el-pj-local-recordo-a-eva-peron-en-un-nuevo-aniversario-de-su-nacimiento\/","url":"https:\/\/noticiasmercedinas.com\/site\/2025\/05\/07\/el-pj-local-recordo-a-eva-peron-en-un-nuevo-aniversario-de-su-nacimiento\/","name":"El PJ local record\u00f3 a Eva Per\u00f3n en un nuevo aniversario de su nacimiento","isPartOf":{"@id":"https:\/\/noticiasmercedinas.com\/site\/#website"},"primaryImageOfPage":{"@id":"https:\/\/noticiasmercedinas.com\/site\/2025\/05\/07\/el-pj-local-recordo-a-eva-peron-en-un-nuevo-aniversario-de-su-nacimiento\/#primaryimage"},"image":{"@id":"https:\/\/noticiasmercedinas.com\/site\/2025\/05\/07\/el-pj-local-recordo-a-eva-peron-en-un-nuevo-aniversario-de-su-nacimiento\/#primaryimage"},"thumbnailUrl":"https:\/\/noticiasmercedinas.com\/site\/wp-content\/uploads\/2023\/05\/eva.webp","datePublished":"2025-05-07T12:40:08+00:00","breadcrumb":{"@id":"https:\/\/noticiasmercedinas.com\/site\/2025\/05\/07\/el-pj-local-recordo-a-eva-peron-en-un-nuevo-aniversario-de-su-nacimiento\/#breadcrumb"},"inLanguage":"es","potentialAction":[{"@type":"ReadAction","target":["https:\/\/noticiasmercedinas.com\/site\/2025\/05\/07\/el-pj-local-recordo-a-eva-peron-en-un-nuevo-aniversario-de-su-nacimiento\/"]}]},{"@type":"ImageObject","inLanguage":"es","@id":"https:\/\/noticiasmercedinas.com\/site\/2025\/05\/07\/el-pj-local-recordo-a-eva-peron-en-un-nuevo-aniversario-de-su-nacimiento\/#primaryimage","url":"https:\/\/noticiasmercedinas.com\/site\/wp-content\/uploads\/2023\/05\/eva.webp","contentUrl":"https:\/\/noticiasmercedinas.com\/site\/wp-content\/uploads\/2023\/05\/eva.webp","width":980,"height":640},{"@type":"BreadcrumbList","@id":"https:\/\/noticiasmercedinas.com\/site\/2025\/05\/07\/el-pj-local-recordo-a-eva-peron-en-un-nuevo-aniversario-de-su-nacimiento\/#breadcrumb","itemListElement":[{"@type":"ListItem","position":1,"name":"Portada","item":"https:\/\/noticiasmercedinas.com\/site\/"},{"@type":"ListItem","position":2,"name":"El PJ local record\u00f3 a Eva Per\u00f3n en un nuevo aniversario de su nacimiento"}]},{"@type":"WebSite","@id":"https:\/\/noticiasmercedinas.com\/site\/#website","url":"https:\/\/noticiasmercedinas.com\/site\/","name":"NOTICIASMERCEDINAS.COM","description":"Mercedes, Buenos Aires, Argentina","publisher":{"@id":"https:\/\/noticiasmercedinas.com\/site\/#organization"},"potentialAction":[{"@type":"SearchAction","target":{"@type":"EntryPoint","urlTemplate":"https:\/\/noticiasmercedinas.com\/site\/?s={search_term_string}"},"query-input":{"@type":"PropertyValueSpecification","valueRequired":true,"valueName":"search_term_string"}}],"inLanguage":"es"},{"@type":"Organization","@id":"https:\/\/noticiasmercedinas.com\/site\/#organization","name":"NOTICIASMERCEDINAS.COM","url":"https:\/\/noticiasmercedinas.com\/site\/","logo":{"@type":"ImageObject","inLanguage":"es","@id":"https:\/\/noticiasmercedinas.com\/site\/#\/schema\/logo\/image\/","url":"https:\/\/noticiasmercedinas.com\/site\/wp-content\/uploads\/2020\/06\/LOGO-512.jpg","contentUrl":"https:\/\/noticiasmercedinas.com\/site\/wp-content\/uploads\/2020\/06\/LOGO-512.jpg","width":512,"height":512,"caption":"NOTICIASMERCEDINAS.COM"},"image":{"@id":"https:\/\/noticiasmercedinas.com\/site\/#\/schema\/logo\/image\/"},"sameAs":["https:\/\/www.facebook.com\/noticiasmercedinas\/","https:\/\/x.com\/notmercedinas","https:\/\/www.instagram.com\/noticiasmercedinas\/"]},{"@type":"Person","@id":"https:\/\/noticiasmercedinas.com\/site\/#\/schema\/person\/84b59c099c28ff2e8b77d4ceec5d8063","name":"NOTICIASMERCEDINAS.COM","image":{"@type":"ImageObject","inLanguage":"es","@id":"https:\/\/secure.gravatar.com\/avatar\/4dfbf16b4d17945bfb6341b2d19043457132fcf478a5ee04f42e959fd8f5df0a?s=96&d=mm&r=g","url":"https:\/\/secure.gravatar.com\/avatar\/4dfbf16b4d17945bfb6341b2d19043457132fcf478a5ee04f42e959fd8f5df0a?s=96&d=mm&r=g","contentUrl":"https:\/\/secure.gravatar.com\/avatar\/4dfbf16b4d17945bfb6341b2d19043457132fcf478a5ee04f42e959fd8f5df0a?s=96&d=mm&r=g","caption":"NOTICIASMERCEDINAS.COM"},"url":"https:\/\/noticiasmercedinas.com\/site\/author\/anonimo\/"}]}},"amp_enabled":true,"_links":{"self":[{"href":"https:\/\/noticiasmercedinas.com\/site\/wp-json\/wp\/v2\/posts\/158878","targetHints":{"allow":["GET"]}}],"collection":[{"href":"https:\/\/noticiasmercedinas.com\/site\/wp-json\/wp\/v2\/posts"}],"about":[{"href":"https:\/\/noticiasmercedinas.com\/site\/wp-json\/wp\/v2\/types\/post"}],"author":[{"embeddable":true,"href":"https:\/\/noticiasmercedinas.com\/site\/wp-json\/wp\/v2\/users\/16"}],"replies":[{"embeddable":true,"href":"https:\/\/noticiasmercedinas.com\/site\/wp-json\/wp\/v2\/comments?post=158878"}],"version-history":[{"count":1,"href":"https:\/\/noticiasmercedinas.com\/site\/wp-json\/wp\/v2\/posts\/158878\/revisions"}],"predecessor-version":[{"id":158880,"href":"https:\/\/noticiasmercedinas.com\/site\/wp-json\/wp\/v2\/posts\/158878\/revisions\/158880"}],"wp:featuredmedia":[{"embeddable":true,"href":"https:\/\/noticiasmercedinas.com\/site\/wp-json\/wp\/v2\/media\/114354"}],"wp:attachment":[{"href":"https:\/\/noticiasmercedinas.com\/site\/wp-json\/wp\/v2\/media?parent=158878"}],"wp:term":[{"taxonomy":"category","embeddable":true,"href":"https:\/\/noticiasmercedinas.com\/site\/wp-json\/wp\/v2\/categories?post=158878"},{"taxonomy":"post_tag","embeddable":true,"href":"https:\/\/noticiasmercedinas.com\/site\/wp-json\/wp\/v2\/tags?post=158878"}],"curies":[{"name":"wp","href":"https:\/\/api.w.org\/{rel}","templated":true}]}}