{"id":159167,"date":"2025-05-11T21:28:08","date_gmt":"2025-05-12T00:28:08","guid":{"rendered":"https:\/\/noticiasmercedinas.com\/site\/?p=159167"},"modified":"2025-05-11T23:02:08","modified_gmt":"2025-05-12T02:02:08","slug":"miguel-angel-tallarita-se-presentara-por-primera-vez-en-mercedes-con-su-banda-en-vivo","status":"publish","type":"post","link":"https:\/\/noticiasmercedinas.com\/site\/2025\/05\/11\/miguel-angel-tallarita-se-presentara-por-primera-vez-en-mercedes-con-su-banda-en-vivo\/","title":{"rendered":"Miguel \u00c1ngel Tallarita se presentar\u00e1 por primera vez en Mercedes con su banda en vivo"},"content":{"rendered":"<p data-start=\"180\" data-end=\"462\"><img loading=\"lazy\" decoding=\"async\" class=\"alignnone size-full wp-image-159169\" src=\"https:\/\/noticiasmercedinas.com\/site\/wp-content\/uploads\/2025\/05\/Miguel_Angel_Tallarita.jpg\" alt=\"\" width=\"700\" height=\"463\" srcset=\"https:\/\/noticiasmercedinas.com\/site\/wp-content\/uploads\/2025\/05\/Miguel_Angel_Tallarita.jpg 700w, https:\/\/noticiasmercedinas.com\/site\/wp-content\/uploads\/2025\/05\/Miguel_Angel_Tallarita-300x198.jpg 300w, https:\/\/noticiasmercedinas.com\/site\/wp-content\/uploads\/2025\/05\/Miguel_Angel_Tallarita-640x423.jpg 640w, https:\/\/noticiasmercedinas.com\/site\/wp-content\/uploads\/2025\/05\/Miguel_Angel_Tallarita-681x450.jpg 681w\" sizes=\"auto, (max-width: 700px) 100vw, 700px\" \/><\/p>\n<p class=\"\" data-start=\"180\" data-end=\"462\">El reconocido trompetista <strong>Miguel \u00c1ngel Tallarita<\/strong>, actual integrante de Los Fundamentalistas del Aire Acondicionado, se presentar\u00e1 por primera vez en la ciudad de Mercedes. El show ser\u00e1 el s\u00e1bado 17 de mayo a las 22 horas en Bistro Pizza Bar, ubicado en la esquina de calles 25 y 30.<\/p>\n<p class=\"\" data-start=\"464\" data-end=\"907\">Con una destacada trayectoria en la escena del blues, el funk y otros g\u00e9neros musicales, Tallarita llegar\u00e1 acompa\u00f1ado por su agrupaci\u00f3n <strong data-start=\"600\" data-end=\"620\">La Con Todo Band<\/strong>, en el marco de un espect\u00e1culo que promete intensidad, virtuosismo y conexi\u00f3n directa con el p\u00fablico.<\/p>\n<p class=\"\" data-start=\"464\" data-end=\"907\">Debido a la capacidad limitada del lugar, se recomienda al p\u00fablico reservar entradas con anticipaci\u00f3n al tel\u00e9fono 2324-498333. El derecho de espect\u00e1culo tiene un valor de 10.000 pesos.<\/p>\n<p class=\"\" data-start=\"909\" data-end=\"1259\">Adem\u00e1s de su actividad como m\u00fasico profesional, Tallarita es docente tanto de manera particular como en el Conservatorio Manuel de Falla, en la Ciudad de Buenos Aires.<\/p>\n<p class=\"\" data-start=\"909\" data-end=\"1259\">A lo largo de su carrera, ha compartido escenario con importantes artistas del pa\u00eds y del exterior, consolid\u00e1ndose como uno de los trompetistas m\u00e1s destacados de la m\u00fasica argentina.<\/p>\n<p class=\"\" data-start=\"1261\" data-end=\"1498\">La llegada del artista a Mercedes es fruto de las gestiones del doctor Hern\u00e1n Rivero, conductor del programa radial \u201cLlegaron los Blues\u201d, y cuenta con el apoyo de Fernando Del Canto, due\u00f1o de Bistro y referente de la vida cultural local. De hecho, hace muy poco el trompetista tuvo <a href=\"https:\/\/noticiasmercedinas.com\/site\/2024\/09\/28\/miguel-angel-tallarita-paso-por-llegaron-los-blues-con-una-catedra-en-vivo-de-trompeta\/\">una destacada actuaci\u00f3n y entrevista en el programa radial<\/a> de FM 88.1. Adem\u00e1s esta llegada de Tallarita cuenta con el auspicio del Gran Hotel Mercedes.<\/p>\n<p data-start=\"1261\" data-end=\"1498\"><img loading=\"lazy\" decoding=\"async\" class=\"alignnone size-full wp-image-159168\" src=\"https:\/\/noticiasmercedinas.com\/site\/wp-content\/uploads\/2025\/05\/cf4ab369-7a42-4825-9acd-668c36e490bd.jpg\" alt=\"\" width=\"720\" height=\"698\" srcset=\"https:\/\/noticiasmercedinas.com\/site\/wp-content\/uploads\/2025\/05\/cf4ab369-7a42-4825-9acd-668c36e490bd.jpg 720w, https:\/\/noticiasmercedinas.com\/site\/wp-content\/uploads\/2025\/05\/cf4ab369-7a42-4825-9acd-668c36e490bd-300x291.jpg 300w, https:\/\/noticiasmercedinas.com\/site\/wp-content\/uploads\/2025\/05\/cf4ab369-7a42-4825-9acd-668c36e490bd-640x620.jpg 640w, https:\/\/noticiasmercedinas.com\/site\/wp-content\/uploads\/2025\/05\/cf4ab369-7a42-4825-9acd-668c36e490bd-681x660.jpg 681w\" sizes=\"auto, (max-width: 720px) 100vw, 720px\" \/><\/p>\n<p data-start=\"1261\" data-end=\"1498\">\n","protected":false},"excerpt":{"rendered":"<p>\u25a0 El show ser\u00e1 el s\u00e1bado 17 de mayo a las 22 horas en Bistro Pizza Bar, ubicado en la esquina de calles 25 y 30. Las entradas limitadas ya est\u00e1n a la venta.<\/p>\n","protected":false},"author":16,"featured_media":159169,"comment_status":"closed","ping_status":"closed","sticky":false,"template":"","format":"standard","meta":{"footnotes":""},"categories":[4],"tags":[2221,20091,1051,555,18859],"class_list":["post-159167","post","type-post","status-publish","format-standard","has-post-thumbnail","hentry","category-cultura","tag-bistro","tag-con-todo-band","tag-en-vivo","tag-jazz","tag-miguel-angel-tallarita"],"yoast_head":"<!-- This site is optimized with the Yoast SEO plugin v27.4 - https:\/\/yoast.com\/product\/yoast-seo-wordpress\/ -->\n<title>Miguel \u00c1ngel Tallarita se presentar\u00e1 por primera vez en Mercedes con su banda en vivo<\/title>\n<meta name=\"description\" content=\"El show ser\u00e1 el s\u00e1bado 17 de mayo a las 22 horas en Bistro Pizza Bar, ubicado en la esquina de calles 25 y 30.\" \/>\n<meta name=\"robots\" content=\"index, follow, max-snippet:-1, max-image-preview:large, max-video-preview:-1\" \/>\n<link rel=\"canonical\" href=\"https:\/\/noticiasmercedinas.com\/site\/2025\/05\/11\/miguel-angel-tallarita-se-presentara-por-primera-vez-en-mercedes-con-su-banda-en-vivo\/\" \/>\n<meta property=\"og:locale\" content=\"es_ES\" \/>\n<meta property=\"og:type\" content=\"article\" \/>\n<meta property=\"og:title\" content=\"Miguel \u00c1ngel Tallarita se presentar\u00e1 por primera vez en Mercedes con su banda en vivo\" \/>\n<meta property=\"og:description\" content=\"El show ser\u00e1 el s\u00e1bado 17 de mayo a las 22 horas en Bistro Pizza Bar, ubicado en la esquina de calles 25 y 30.\" \/>\n<meta property=\"og:url\" content=\"https:\/\/noticiasmercedinas.com\/site\/2025\/05\/11\/miguel-angel-tallarita-se-presentara-por-primera-vez-en-mercedes-con-su-banda-en-vivo\/\" \/>\n<meta property=\"og:site_name\" content=\"NOTICIASMERCEDINAS.COM\" \/>\n<meta property=\"article:publisher\" content=\"https:\/\/www.facebook.com\/noticiasmercedinas\/\" \/>\n<meta property=\"article:published_time\" content=\"2025-05-12T00:28:08+00:00\" \/>\n<meta property=\"article:modified_time\" content=\"2025-05-12T02:02:08+00:00\" \/>\n<meta property=\"og:image\" content=\"https:\/\/noticiasmercedinas.com\/site\/wp-content\/uploads\/2025\/05\/Miguel_Angel_Tallarita.jpg\" \/>\n\t<meta property=\"og:image:width\" content=\"700\" \/>\n\t<meta property=\"og:image:height\" content=\"463\" \/>\n\t<meta property=\"og:image:type\" content=\"image\/jpeg\" \/>\n<meta name=\"author\" content=\"NOTICIASMERCEDINAS.COM\" \/>\n<meta name=\"twitter:card\" content=\"summary_large_image\" \/>\n<meta name=\"twitter:creator\" content=\"@notmercedinas\" \/>\n<meta name=\"twitter:site\" content=\"@notmercedinas\" \/>\n<meta name=\"twitter:label1\" content=\"Escrito por\" \/>\n\t<meta name=\"twitter:data1\" content=\"NOTICIASMERCEDINAS.COM\" \/>\n\t<meta name=\"twitter:label2\" content=\"Tiempo de lectura\" \/>\n\t<meta name=\"twitter:data2\" content=\"2 minutos\" \/>\n<script type=\"application\/ld+json\" class=\"yoast-schema-graph\">{\"@context\":\"https:\\\/\\\/schema.org\",\"@graph\":[{\"@type\":\"Article\",\"@id\":\"https:\\\/\\\/noticiasmercedinas.com\\\/site\\\/2025\\\/05\\\/11\\\/miguel-angel-tallarita-se-presentara-por-primera-vez-en-mercedes-con-su-banda-en-vivo\\\/#article\",\"isPartOf\":{\"@id\":\"https:\\\/\\\/noticiasmercedinas.com\\\/site\\\/2025\\\/05\\\/11\\\/miguel-angel-tallarita-se-presentara-por-primera-vez-en-mercedes-con-su-banda-en-vivo\\\/\"},\"author\":{\"name\":\"NOTICIASMERCEDINAS.COM\",\"@id\":\"https:\\\/\\\/noticiasmercedinas.com\\\/site\\\/#\\\/schema\\\/person\\\/84b59c099c28ff2e8b77d4ceec5d8063\"},\"headline\":\"Miguel \u00c1ngel Tallarita se presentar\u00e1 por primera vez en Mercedes con su banda en vivo\",\"datePublished\":\"2025-05-12T00:28:08+00:00\",\"dateModified\":\"2025-05-12T02:02:08+00:00\",\"mainEntityOfPage\":{\"@id\":\"https:\\\/\\\/noticiasmercedinas.com\\\/site\\\/2025\\\/05\\\/11\\\/miguel-angel-tallarita-se-presentara-por-primera-vez-en-mercedes-con-su-banda-en-vivo\\\/\"},\"wordCount\":278,\"publisher\":{\"@id\":\"https:\\\/\\\/noticiasmercedinas.com\\\/site\\\/#organization\"},\"image\":{\"@id\":\"https:\\\/\\\/noticiasmercedinas.com\\\/site\\\/2025\\\/05\\\/11\\\/miguel-angel-tallarita-se-presentara-por-primera-vez-en-mercedes-con-su-banda-en-vivo\\\/#primaryimage\"},\"thumbnailUrl\":\"https:\\\/\\\/noticiasmercedinas.com\\\/site\\\/wp-content\\\/uploads\\\/2025\\\/05\\\/Miguel_Angel_Tallarita.jpg\",\"keywords\":[\"Bistr\u00f3\",\"con todo band\",\"en vivo\",\"jazz\",\"miguel angel tallarita\"],\"articleSection\":[\"Cultura\"],\"inLanguage\":\"es\"},{\"@type\":\"WebPage\",\"@id\":\"https:\\\/\\\/noticiasmercedinas.com\\\/site\\\/2025\\\/05\\\/11\\\/miguel-angel-tallarita-se-presentara-por-primera-vez-en-mercedes-con-su-banda-en-vivo\\\/\",\"url\":\"https:\\\/\\\/noticiasmercedinas.com\\\/site\\\/2025\\\/05\\\/11\\\/miguel-angel-tallarita-se-presentara-por-primera-vez-en-mercedes-con-su-banda-en-vivo\\\/\",\"name\":\"Miguel \u00c1ngel Tallarita se presentar\u00e1 por primera vez en Mercedes con su banda en vivo\",\"isPartOf\":{\"@id\":\"https:\\\/\\\/noticiasmercedinas.com\\\/site\\\/#website\"},\"primaryImageOfPage\":{\"@id\":\"https:\\\/\\\/noticiasmercedinas.com\\\/site\\\/2025\\\/05\\\/11\\\/miguel-angel-tallarita-se-presentara-por-primera-vez-en-mercedes-con-su-banda-en-vivo\\\/#primaryimage\"},\"image\":{\"@id\":\"https:\\\/\\\/noticiasmercedinas.com\\\/site\\\/2025\\\/05\\\/11\\\/miguel-angel-tallarita-se-presentara-por-primera-vez-en-mercedes-con-su-banda-en-vivo\\\/#primaryimage\"},\"thumbnailUrl\":\"https:\\\/\\\/noticiasmercedinas.com\\\/site\\\/wp-content\\\/uploads\\\/2025\\\/05\\\/Miguel_Angel_Tallarita.jpg\",\"datePublished\":\"2025-05-12T00:28:08+00:00\",\"dateModified\":\"2025-05-12T02:02:08+00:00\",\"description\":\"El show ser\u00e1 el s\u00e1bado 17 de mayo a las 22 horas en Bistro Pizza Bar, ubicado en la esquina de calles 25 y 30.\",\"breadcrumb\":{\"@id\":\"https:\\\/\\\/noticiasmercedinas.com\\\/site\\\/2025\\\/05\\\/11\\\/miguel-angel-tallarita-se-presentara-por-primera-vez-en-mercedes-con-su-banda-en-vivo\\\/#breadcrumb\"},\"inLanguage\":\"es\",\"potentialAction\":[{\"@type\":\"ReadAction\",\"target\":[\"https:\\\/\\\/noticiasmercedinas.com\\\/site\\\/2025\\\/05\\\/11\\\/miguel-angel-tallarita-se-presentara-por-primera-vez-en-mercedes-con-su-banda-en-vivo\\\/\"]}]},{\"@type\":\"ImageObject\",\"inLanguage\":\"es\",\"@id\":\"https:\\\/\\\/noticiasmercedinas.com\\\/site\\\/2025\\\/05\\\/11\\\/miguel-angel-tallarita-se-presentara-por-primera-vez-en-mercedes-con-su-banda-en-vivo\\\/#primaryimage\",\"url\":\"https:\\\/\\\/noticiasmercedinas.com\\\/site\\\/wp-content\\\/uploads\\\/2025\\\/05\\\/Miguel_Angel_Tallarita.jpg\",\"contentUrl\":\"https:\\\/\\\/noticiasmercedinas.com\\\/site\\\/wp-content\\\/uploads\\\/2025\\\/05\\\/Miguel_Angel_Tallarita.jpg\",\"width\":700,\"height\":463},{\"@type\":\"BreadcrumbList\",\"@id\":\"https:\\\/\\\/noticiasmercedinas.com\\\/site\\\/2025\\\/05\\\/11\\\/miguel-angel-tallarita-se-presentara-por-primera-vez-en-mercedes-con-su-banda-en-vivo\\\/#breadcrumb\",\"itemListElement\":[{\"@type\":\"ListItem\",\"position\":1,\"name\":\"Portada\",\"item\":\"https:\\\/\\\/noticiasmercedinas.com\\\/site\\\/\"},{\"@type\":\"ListItem\",\"position\":2,\"name\":\"Miguel \u00c1ngel Tallarita se presentar\u00e1 por primera vez en Mercedes con su banda en vivo\"}]},{\"@type\":\"WebSite\",\"@id\":\"https:\\\/\\\/noticiasmercedinas.com\\\/site\\\/#website\",\"url\":\"https:\\\/\\\/noticiasmercedinas.com\\\/site\\\/\",\"name\":\"NOTICIASMERCEDINAS.COM\",\"description\":\"Mercedes, Buenos Aires, Argentina\",\"publisher\":{\"@id\":\"https:\\\/\\\/noticiasmercedinas.com\\\/site\\\/#organization\"},\"potentialAction\":[{\"@type\":\"SearchAction\",\"target\":{\"@type\":\"EntryPoint\",\"urlTemplate\":\"https:\\\/\\\/noticiasmercedinas.com\\\/site\\\/?s={search_term_string}\"},\"query-input\":{\"@type\":\"PropertyValueSpecification\",\"valueRequired\":true,\"valueName\":\"search_term_string\"}}],\"inLanguage\":\"es\"},{\"@type\":\"Organization\",\"@id\":\"https:\\\/\\\/noticiasmercedinas.com\\\/site\\\/#organization\",\"name\":\"NOTICIASMERCEDINAS.COM\",\"url\":\"https:\\\/\\\/noticiasmercedinas.com\\\/site\\\/\",\"logo\":{\"@type\":\"ImageObject\",\"inLanguage\":\"es\",\"@id\":\"https:\\\/\\\/noticiasmercedinas.com\\\/site\\\/#\\\/schema\\\/logo\\\/image\\\/\",\"url\":\"https:\\\/\\\/noticiasmercedinas.com\\\/site\\\/wp-content\\\/uploads\\\/2020\\\/06\\\/LOGO-512.jpg\",\"contentUrl\":\"https:\\\/\\\/noticiasmercedinas.com\\\/site\\\/wp-content\\\/uploads\\\/2020\\\/06\\\/LOGO-512.jpg\",\"width\":512,\"height\":512,\"caption\":\"NOTICIASMERCEDINAS.COM\"},\"image\":{\"@id\":\"https:\\\/\\\/noticiasmercedinas.com\\\/site\\\/#\\\/schema\\\/logo\\\/image\\\/\"},\"sameAs\":[\"https:\\\/\\\/www.facebook.com\\\/noticiasmercedinas\\\/\",\"https:\\\/\\\/x.com\\\/notmercedinas\",\"https:\\\/\\\/www.instagram.com\\\/noticiasmercedinas\\\/\"]},{\"@type\":\"Person\",\"@id\":\"https:\\\/\\\/noticiasmercedinas.com\\\/site\\\/#\\\/schema\\\/person\\\/84b59c099c28ff2e8b77d4ceec5d8063\",\"name\":\"NOTICIASMERCEDINAS.COM\",\"image\":{\"@type\":\"ImageObject\",\"inLanguage\":\"es\",\"@id\":\"https:\\\/\\\/secure.gravatar.com\\\/avatar\\\/4dfbf16b4d17945bfb6341b2d19043457132fcf478a5ee04f42e959fd8f5df0a?s=96&d=mm&r=g\",\"url\":\"https:\\\/\\\/secure.gravatar.com\\\/avatar\\\/4dfbf16b4d17945bfb6341b2d19043457132fcf478a5ee04f42e959fd8f5df0a?s=96&d=mm&r=g\",\"contentUrl\":\"https:\\\/\\\/secure.gravatar.com\\\/avatar\\\/4dfbf16b4d17945bfb6341b2d19043457132fcf478a5ee04f42e959fd8f5df0a?s=96&d=mm&r=g\",\"caption\":\"NOTICIASMERCEDINAS.COM\"},\"url\":\"https:\\\/\\\/noticiasmercedinas.com\\\/site\\\/author\\\/anonimo\\\/\"}]}<\/script>\n<!-- \/ Yoast SEO plugin. -->","yoast_head_json":{"title":"Miguel \u00c1ngel Tallarita se presentar\u00e1 por primera vez en Mercedes con su banda en vivo","description":"El show ser\u00e1 el s\u00e1bado 17 de mayo a las 22 horas en Bistro Pizza Bar, ubicado en la esquina de calles 25 y 30.","robots":{"index":"index","follow":"follow","max-snippet":"max-snippet:-1","max-image-preview":"max-image-preview:large","max-video-preview":"max-video-preview:-1"},"canonical":"https:\/\/noticiasmercedinas.com\/site\/2025\/05\/11\/miguel-angel-tallarita-se-presentara-por-primera-vez-en-mercedes-con-su-banda-en-vivo\/","og_locale":"es_ES","og_type":"article","og_title":"Miguel \u00c1ngel Tallarita se presentar\u00e1 por primera vez en Mercedes con su banda en vivo","og_description":"El show ser\u00e1 el s\u00e1bado 17 de mayo a las 22 horas en Bistro Pizza Bar, ubicado en la esquina de calles 25 y 30.","og_url":"https:\/\/noticiasmercedinas.com\/site\/2025\/05\/11\/miguel-angel-tallarita-se-presentara-por-primera-vez-en-mercedes-con-su-banda-en-vivo\/","og_site_name":"NOTICIASMERCEDINAS.COM","article_publisher":"https:\/\/www.facebook.com\/noticiasmercedinas\/","article_published_time":"2025-05-12T00:28:08+00:00","article_modified_time":"2025-05-12T02:02:08+00:00","og_image":[{"width":700,"height":463,"url":"https:\/\/noticiasmercedinas.com\/site\/wp-content\/uploads\/2025\/05\/Miguel_Angel_Tallarita.jpg","type":"image\/jpeg"}],"author":"NOTICIASMERCEDINAS.COM","twitter_card":"summary_large_image","twitter_creator":"@notmercedinas","twitter_site":"@notmercedinas","twitter_misc":{"Escrito por":"NOTICIASMERCEDINAS.COM","Tiempo de lectura":"2 minutos"},"schema":{"@context":"https:\/\/schema.org","@graph":[{"@type":"Article","@id":"https:\/\/noticiasmercedinas.com\/site\/2025\/05\/11\/miguel-angel-tallarita-se-presentara-por-primera-vez-en-mercedes-con-su-banda-en-vivo\/#article","isPartOf":{"@id":"https:\/\/noticiasmercedinas.com\/site\/2025\/05\/11\/miguel-angel-tallarita-se-presentara-por-primera-vez-en-mercedes-con-su-banda-en-vivo\/"},"author":{"name":"NOTICIASMERCEDINAS.COM","@id":"https:\/\/noticiasmercedinas.com\/site\/#\/schema\/person\/84b59c099c28ff2e8b77d4ceec5d8063"},"headline":"Miguel \u00c1ngel Tallarita se presentar\u00e1 por primera vez en Mercedes con su banda en vivo","datePublished":"2025-05-12T00:28:08+00:00","dateModified":"2025-05-12T02:02:08+00:00","mainEntityOfPage":{"@id":"https:\/\/noticiasmercedinas.com\/site\/2025\/05\/11\/miguel-angel-tallarita-se-presentara-por-primera-vez-en-mercedes-con-su-banda-en-vivo\/"},"wordCount":278,"publisher":{"@id":"https:\/\/noticiasmercedinas.com\/site\/#organization"},"image":{"@id":"https:\/\/noticiasmercedinas.com\/site\/2025\/05\/11\/miguel-angel-tallarita-se-presentara-por-primera-vez-en-mercedes-con-su-banda-en-vivo\/#primaryimage"},"thumbnailUrl":"https:\/\/noticiasmercedinas.com\/site\/wp-content\/uploads\/2025\/05\/Miguel_Angel_Tallarita.jpg","keywords":["Bistr\u00f3","con todo band","en vivo","jazz","miguel angel tallarita"],"articleSection":["Cultura"],"inLanguage":"es"},{"@type":"WebPage","@id":"https:\/\/noticiasmercedinas.com\/site\/2025\/05\/11\/miguel-angel-tallarita-se-presentara-por-primera-vez-en-mercedes-con-su-banda-en-vivo\/","url":"https:\/\/noticiasmercedinas.com\/site\/2025\/05\/11\/miguel-angel-tallarita-se-presentara-por-primera-vez-en-mercedes-con-su-banda-en-vivo\/","name":"Miguel \u00c1ngel Tallarita se presentar\u00e1 por primera vez en Mercedes con su banda en vivo","isPartOf":{"@id":"https:\/\/noticiasmercedinas.com\/site\/#website"},"primaryImageOfPage":{"@id":"https:\/\/noticiasmercedinas.com\/site\/2025\/05\/11\/miguel-angel-tallarita-se-presentara-por-primera-vez-en-mercedes-con-su-banda-en-vivo\/#primaryimage"},"image":{"@id":"https:\/\/noticiasmercedinas.com\/site\/2025\/05\/11\/miguel-angel-tallarita-se-presentara-por-primera-vez-en-mercedes-con-su-banda-en-vivo\/#primaryimage"},"thumbnailUrl":"https:\/\/noticiasmercedinas.com\/site\/wp-content\/uploads\/2025\/05\/Miguel_Angel_Tallarita.jpg","datePublished":"2025-05-12T00:28:08+00:00","dateModified":"2025-05-12T02:02:08+00:00","description":"El show ser\u00e1 el s\u00e1bado 17 de mayo a las 22 horas en Bistro Pizza Bar, ubicado en la esquina de calles 25 y 30.","breadcrumb":{"@id":"https:\/\/noticiasmercedinas.com\/site\/2025\/05\/11\/miguel-angel-tallarita-se-presentara-por-primera-vez-en-mercedes-con-su-banda-en-vivo\/#breadcrumb"},"inLanguage":"es","potentialAction":[{"@type":"ReadAction","target":["https:\/\/noticiasmercedinas.com\/site\/2025\/05\/11\/miguel-angel-tallarita-se-presentara-por-primera-vez-en-mercedes-con-su-banda-en-vivo\/"]}]},{"@type":"ImageObject","inLanguage":"es","@id":"https:\/\/noticiasmercedinas.com\/site\/2025\/05\/11\/miguel-angel-tallarita-se-presentara-por-primera-vez-en-mercedes-con-su-banda-en-vivo\/#primaryimage","url":"https:\/\/noticiasmercedinas.com\/site\/wp-content\/uploads\/2025\/05\/Miguel_Angel_Tallarita.jpg","contentUrl":"https:\/\/noticiasmercedinas.com\/site\/wp-content\/uploads\/2025\/05\/Miguel_Angel_Tallarita.jpg","width":700,"height":463},{"@type":"BreadcrumbList","@id":"https:\/\/noticiasmercedinas.com\/site\/2025\/05\/11\/miguel-angel-tallarita-se-presentara-por-primera-vez-en-mercedes-con-su-banda-en-vivo\/#breadcrumb","itemListElement":[{"@type":"ListItem","position":1,"name":"Portada","item":"https:\/\/noticiasmercedinas.com\/site\/"},{"@type":"ListItem","position":2,"name":"Miguel \u00c1ngel Tallarita se presentar\u00e1 por primera vez en Mercedes con su banda en vivo"}]},{"@type":"WebSite","@id":"https:\/\/noticiasmercedinas.com\/site\/#website","url":"https:\/\/noticiasmercedinas.com\/site\/","name":"NOTICIASMERCEDINAS.COM","description":"Mercedes, Buenos Aires, Argentina","publisher":{"@id":"https:\/\/noticiasmercedinas.com\/site\/#organization"},"potentialAction":[{"@type":"SearchAction","target":{"@type":"EntryPoint","urlTemplate":"https:\/\/noticiasmercedinas.com\/site\/?s={search_term_string}"},"query-input":{"@type":"PropertyValueSpecification","valueRequired":true,"valueName":"search_term_string"}}],"inLanguage":"es"},{"@type":"Organization","@id":"https:\/\/noticiasmercedinas.com\/site\/#organization","name":"NOTICIASMERCEDINAS.COM","url":"https:\/\/noticiasmercedinas.com\/site\/","logo":{"@type":"ImageObject","inLanguage":"es","@id":"https:\/\/noticiasmercedinas.com\/site\/#\/schema\/logo\/image\/","url":"https:\/\/noticiasmercedinas.com\/site\/wp-content\/uploads\/2020\/06\/LOGO-512.jpg","contentUrl":"https:\/\/noticiasmercedinas.com\/site\/wp-content\/uploads\/2020\/06\/LOGO-512.jpg","width":512,"height":512,"caption":"NOTICIASMERCEDINAS.COM"},"image":{"@id":"https:\/\/noticiasmercedinas.com\/site\/#\/schema\/logo\/image\/"},"sameAs":["https:\/\/www.facebook.com\/noticiasmercedinas\/","https:\/\/x.com\/notmercedinas","https:\/\/www.instagram.com\/noticiasmercedinas\/"]},{"@type":"Person","@id":"https:\/\/noticiasmercedinas.com\/site\/#\/schema\/person\/84b59c099c28ff2e8b77d4ceec5d8063","name":"NOTICIASMERCEDINAS.COM","image":{"@type":"ImageObject","inLanguage":"es","@id":"https:\/\/secure.gravatar.com\/avatar\/4dfbf16b4d17945bfb6341b2d19043457132fcf478a5ee04f42e959fd8f5df0a?s=96&d=mm&r=g","url":"https:\/\/secure.gravatar.com\/avatar\/4dfbf16b4d17945bfb6341b2d19043457132fcf478a5ee04f42e959fd8f5df0a?s=96&d=mm&r=g","contentUrl":"https:\/\/secure.gravatar.com\/avatar\/4dfbf16b4d17945bfb6341b2d19043457132fcf478a5ee04f42e959fd8f5df0a?s=96&d=mm&r=g","caption":"NOTICIASMERCEDINAS.COM"},"url":"https:\/\/noticiasmercedinas.com\/site\/author\/anonimo\/"}]}},"amp_enabled":true,"_links":{"self":[{"href":"https:\/\/noticiasmercedinas.com\/site\/wp-json\/wp\/v2\/posts\/159167","targetHints":{"allow":["GET"]}}],"collection":[{"href":"https:\/\/noticiasmercedinas.com\/site\/wp-json\/wp\/v2\/posts"}],"about":[{"href":"https:\/\/noticiasmercedinas.com\/site\/wp-json\/wp\/v2\/types\/post"}],"author":[{"embeddable":true,"href":"https:\/\/noticiasmercedinas.com\/site\/wp-json\/wp\/v2\/users\/16"}],"replies":[{"embeddable":true,"href":"https:\/\/noticiasmercedinas.com\/site\/wp-json\/wp\/v2\/comments?post=159167"}],"version-history":[{"count":3,"href":"https:\/\/noticiasmercedinas.com\/site\/wp-json\/wp\/v2\/posts\/159167\/revisions"}],"predecessor-version":[{"id":159174,"href":"https:\/\/noticiasmercedinas.com\/site\/wp-json\/wp\/v2\/posts\/159167\/revisions\/159174"}],"wp:featuredmedia":[{"embeddable":true,"href":"https:\/\/noticiasmercedinas.com\/site\/wp-json\/wp\/v2\/media\/159169"}],"wp:attachment":[{"href":"https:\/\/noticiasmercedinas.com\/site\/wp-json\/wp\/v2\/media?parent=159167"}],"wp:term":[{"taxonomy":"category","embeddable":true,"href":"https:\/\/noticiasmercedinas.com\/site\/wp-json\/wp\/v2\/categories?post=159167"},{"taxonomy":"post_tag","embeddable":true,"href":"https:\/\/noticiasmercedinas.com\/site\/wp-json\/wp\/v2\/tags?post=159167"}],"curies":[{"name":"wp","href":"https:\/\/api.w.org\/{rel}","templated":true}]}}