{"id":159189,"date":"2025-05-12T07:47:16","date_gmt":"2025-05-12T10:47:16","guid":{"rendered":"https:\/\/noticiasmercedinas.com\/site\/?p=159189"},"modified":"2025-05-12T07:47:16","modified_gmt":"2025-05-12T10:47:16","slug":"virgencita-de-lujan-gano-como-mejor-elaborador-en-la-multitudinaria-25-fiesta-nacional-de-la-torta-frita","status":"publish","type":"post","link":"https:\/\/noticiasmercedinas.com\/site\/2025\/05\/12\/virgencita-de-lujan-gano-como-mejor-elaborador-en-la-multitudinaria-25-fiesta-nacional-de-la-torta-frita\/","title":{"rendered":"\u00abVirgencita de Luj\u00e1n\u00bb gan\u00f3 como mejor elaborador en la multitudinaria 25\u00b0 Fiesta Nacional de la Torta Frita"},"content":{"rendered":"<p><img loading=\"lazy\" decoding=\"async\" class=\"alignnone size-full wp-image-159193\" src=\"https:\/\/noticiasmercedinas.com\/site\/wp-content\/uploads\/2025\/05\/MHM_9682.jpg\" alt=\"\" width=\"1319\" height=\"879\" srcset=\"https:\/\/noticiasmercedinas.com\/site\/wp-content\/uploads\/2025\/05\/MHM_9682.jpg 1319w, https:\/\/noticiasmercedinas.com\/site\/wp-content\/uploads\/2025\/05\/MHM_9682-300x200.jpg 300w, https:\/\/noticiasmercedinas.com\/site\/wp-content\/uploads\/2025\/05\/MHM_9682-1024x682.jpg 1024w, https:\/\/noticiasmercedinas.com\/site\/wp-content\/uploads\/2025\/05\/MHM_9682-768x512.jpg 768w, https:\/\/noticiasmercedinas.com\/site\/wp-content\/uploads\/2025\/05\/MHM_9682-640x427.jpg 640w, https:\/\/noticiasmercedinas.com\/site\/wp-content\/uploads\/2025\/05\/MHM_9682-1280x853.jpg 1280w, https:\/\/noticiasmercedinas.com\/site\/wp-content\/uploads\/2025\/05\/MHM_9682-681x454.jpg 681w\" sizes=\"auto, (max-width: 1319px) 100vw, 1319px\" \/><\/p>\n<p>Mercedes celebr\u00f3 este fin de semana una nueva edici\u00f3n de la Fiesta Nacional de la Torta Frita, con un marco de p\u00fablico extraordinario que colm\u00f3 el Parque Municipal durante dos jornadas. Miles de turistas y vecinos disfrutaron de una propuesta que combin\u00f3 tradici\u00f3n, m\u00fasica, gastronom\u00eda y homenajes, en un evento que ya forma parte de la identidad local.<\/p>\n<p>Este 2025, la fiesta celebr\u00f3 sus bodas de plata con r\u00e9cord de convocatoria, excelentes ventas y un clima de gran alegr\u00eda popular. Hubo puestos de torta frita, artesanos, actividades institucionales, espacios solidarios para clubes y espect\u00e1culos en vivo. Como cada a\u00f1o, el evento sirvi\u00f3 tambi\u00e9n para rendir homenaje a los Veteranos H\u00e9roes de Malvinas, reafirmando su esp\u00edritu comunitario.<\/p>\n<p><img loading=\"lazy\" decoding=\"async\" class=\"alignnone size-full wp-image-159191\" src=\"https:\/\/noticiasmercedinas.com\/site\/wp-content\/uploads\/2025\/05\/SJA_7087.jpg\" alt=\"\" width=\"1319\" height=\"879\" srcset=\"https:\/\/noticiasmercedinas.com\/site\/wp-content\/uploads\/2025\/05\/SJA_7087.jpg 1319w, https:\/\/noticiasmercedinas.com\/site\/wp-content\/uploads\/2025\/05\/SJA_7087-300x200.jpg 300w, https:\/\/noticiasmercedinas.com\/site\/wp-content\/uploads\/2025\/05\/SJA_7087-1024x682.jpg 1024w, https:\/\/noticiasmercedinas.com\/site\/wp-content\/uploads\/2025\/05\/SJA_7087-768x512.jpg 768w, https:\/\/noticiasmercedinas.com\/site\/wp-content\/uploads\/2025\/05\/SJA_7087-640x427.jpg 640w, https:\/\/noticiasmercedinas.com\/site\/wp-content\/uploads\/2025\/05\/SJA_7087-1280x853.jpg 1280w, https:\/\/noticiasmercedinas.com\/site\/wp-content\/uploads\/2025\/05\/SJA_7087-681x454.jpg 681w\" sizes=\"auto, (max-width: 1319px) 100vw, 1319px\" \/><\/p>\n<p><strong>Ganadores destacados<\/strong><br \/>\nEl momento m\u00e1s esperado por cocineros y cocineras fue la tradicional premiaci\u00f3n. El primer premio a la mejor torta frita del a\u00f1o fue para el grupo \u00abVirgencita de Luj\u00e1n\u00bb, del puesto con letra D, que obtuvo 495 puntos. \u201cEstamos muy felices, muy agradecidos\u201d, expres\u00f3 Elizabeth Raponi en nombre del equipo, destacando que \u201clo hacemos en familia, con amor y compa\u00f1erismo\u201d.<\/p>\n<p>En segundo lugar, por primera vez un hombre alcanz\u00f3 el podio: Walter Ju\u00e1rez, del puesto N\u00b018, identificado con la letra P, quien tambi\u00e9n fue reconocido por la calidad de su elaboraci\u00f3n.<\/p>\n<p>Adem\u00e1s, el mejor stand fue para Melina, del puesto N\u00b013, distinci\u00f3n entregada en conjunto con la C\u00e1mara Econ\u00f3mica Mercedina.<\/p>\n<p><img loading=\"lazy\" decoding=\"async\" class=\"alignnone size-full wp-image-159192\" src=\"https:\/\/noticiasmercedinas.com\/site\/wp-content\/uploads\/2025\/05\/SJA_6732.jpg\" alt=\"\" width=\"1319\" height=\"879\" srcset=\"https:\/\/noticiasmercedinas.com\/site\/wp-content\/uploads\/2025\/05\/SJA_6732.jpg 1319w, https:\/\/noticiasmercedinas.com\/site\/wp-content\/uploads\/2025\/05\/SJA_6732-300x200.jpg 300w, https:\/\/noticiasmercedinas.com\/site\/wp-content\/uploads\/2025\/05\/SJA_6732-1024x682.jpg 1024w, https:\/\/noticiasmercedinas.com\/site\/wp-content\/uploads\/2025\/05\/SJA_6732-768x512.jpg 768w, https:\/\/noticiasmercedinas.com\/site\/wp-content\/uploads\/2025\/05\/SJA_6732-640x427.jpg 640w, https:\/\/noticiasmercedinas.com\/site\/wp-content\/uploads\/2025\/05\/SJA_6732-1280x853.jpg 1280w, https:\/\/noticiasmercedinas.com\/site\/wp-content\/uploads\/2025\/05\/SJA_6732-681x454.jpg 681w\" sizes=\"auto, (max-width: 1319px) 100vw, 1319px\" \/><\/p>\n<p><strong>Autoridades y reconocimientos<\/strong><br \/>\nEl intendente Juan Ustarroz agradeci\u00f3 a trabajadores municipales, instituciones y vecinos por hacer posible este nuevo \u00e9xito: \u201cCada fiesta es una oportunidad de encuentro y trabajo para todo el pueblo de Mercedes\u201d, afirm\u00f3. Tambi\u00e9n destac\u00f3 la importancia del evento como homenaje a los veteranos de Malvinas.<\/p>\n<p>El senador Eduardo \u201cWado\u201d de Pedro, presente en el lugar, valor\u00f3 el festejo como un ejemplo de uni\u00f3n familiar y de trabajo colectivo, subrayando la relevancia nacional de esta celebraci\u00f3n.<\/p>\n<p>Se entregaron reconocimientos a figuras clave de la historia del evento: Tati Meda, Quique N\u00fa\u00f1ez, F\u00e1tima Costa y Amanda Maidana, por su compromiso y dedicaci\u00f3n a lo largo de los a\u00f1os. Mariana San Mart\u00edn y Pety Laporta acompa\u00f1aron en la entrega de los decretos.<\/p>\n<p><img loading=\"lazy\" decoding=\"async\" class=\"alignnone size-full wp-image-159190\" src=\"https:\/\/noticiasmercedinas.com\/site\/wp-content\/uploads\/2025\/05\/DJI_0666.jpg\" alt=\"\" width=\"1200\" height=\"675\" srcset=\"https:\/\/noticiasmercedinas.com\/site\/wp-content\/uploads\/2025\/05\/DJI_0666.jpg 1200w, https:\/\/noticiasmercedinas.com\/site\/wp-content\/uploads\/2025\/05\/DJI_0666-300x169.jpg 300w, https:\/\/noticiasmercedinas.com\/site\/wp-content\/uploads\/2025\/05\/DJI_0666-1024x576.jpg 1024w, https:\/\/noticiasmercedinas.com\/site\/wp-content\/uploads\/2025\/05\/DJI_0666-768x432.jpg 768w, https:\/\/noticiasmercedinas.com\/site\/wp-content\/uploads\/2025\/05\/DJI_0666-640x360.jpg 640w, https:\/\/noticiasmercedinas.com\/site\/wp-content\/uploads\/2025\/05\/DJI_0666-681x383.jpg 681w\" sizes=\"auto, (max-width: 1200px) 100vw, 1200px\" \/><\/p>\n<p><strong>La torta frita gigante, un cl\u00e1sico esperado<\/strong><br \/>\nUno de los momentos m\u00e1s llamativos fue la preparaci\u00f3n de la tradicional torta frita m\u00e1s grande del mundo, que super\u00f3 los 5 metros de di\u00e1metro. Fue cocinada en m\u00e1s de 2000 kg de grasa por 12 amasadoras, y compartida entre los asistentes que colmaron las gradas.<\/p>\n<p><strong>Proyecci\u00f3n nacional<\/strong><br \/>\nLa fiesta fue transmitida por Canal 26, Canal 9, C5N, Vibra TV y Todo Noticias, reflejando el creciente inter\u00e9s a nivel nacional por esta celebraci\u00f3n popular que pone en valor el trabajo, la tradici\u00f3n y el encuentro.<\/p>\n","protected":false},"excerpt":{"rendered":"<p>\u25a0 La fiesta fue transmitida por Canal 26, Canal 9, C5N, Vibra TV y Todo Noticias, reflejando el creciente inter\u00e9s a nivel nacional por esta celebraci\u00f3n popular que pone en valor el trabajo, la tradici\u00f3n y el encuentro.<\/p>\n","protected":false},"author":16,"featured_media":159193,"comment_status":"closed","ping_status":"closed","sticky":false,"template":"","format":"standard","meta":{"footnotes":""},"categories":[3],"tags":[3895,1404],"class_list":["post-159189","post","type-post","status-publish","format-standard","has-post-thumbnail","hentry","category-sociedad","tag-fiesta-de-la-torta-frita","tag-fiesta-popular"],"yoast_head":"<!-- This site is optimized with the Yoast SEO plugin v27.5 - https:\/\/yoast.com\/product\/yoast-seo-wordpress\/ -->\n<title>&quot;Virgencita de Luj\u00e1n&quot; gan\u00f3 como mejor elaborador en la multitudinaria 25\u00b0 Fiesta Nacional de la Torta Frita<\/title>\n<meta name=\"description\" content=\"La fiesta fue transmitida por Canal 26, Canal 9, C5N, Vibra TV y Todo Noticias, reflejando el creciente inter\u00e9s a nivel nacional por esta celebraci\u00f3n popular que pone en valor el trabajo, la tradici\u00f3n y el encuentro.\" \/>\n<meta name=\"robots\" content=\"index, follow, max-snippet:-1, max-image-preview:large, max-video-preview:-1\" \/>\n<link rel=\"canonical\" href=\"https:\/\/noticiasmercedinas.com\/site\/2025\/05\/12\/virgencita-de-lujan-gano-como-mejor-elaborador-en-la-multitudinaria-25-fiesta-nacional-de-la-torta-frita\/\" \/>\n<meta property=\"og:locale\" content=\"es_ES\" \/>\n<meta property=\"og:type\" content=\"article\" \/>\n<meta property=\"og:title\" content=\"&quot;Virgencita de Luj\u00e1n&quot; gan\u00f3 como mejor elaborador en la multitudinaria 25\u00b0 Fiesta Nacional de la Torta Frita\" \/>\n<meta property=\"og:description\" content=\"La fiesta fue transmitida por Canal 26, Canal 9, C5N, Vibra TV y Todo Noticias, reflejando el creciente inter\u00e9s a nivel nacional por esta celebraci\u00f3n popular que pone en valor el trabajo, la tradici\u00f3n y el encuentro.\" \/>\n<meta property=\"og:url\" content=\"https:\/\/noticiasmercedinas.com\/site\/2025\/05\/12\/virgencita-de-lujan-gano-como-mejor-elaborador-en-la-multitudinaria-25-fiesta-nacional-de-la-torta-frita\/\" \/>\n<meta property=\"og:site_name\" content=\"NOTICIASMERCEDINAS.COM\" \/>\n<meta property=\"article:publisher\" content=\"https:\/\/www.facebook.com\/noticiasmercedinas\/\" \/>\n<meta property=\"article:published_time\" content=\"2025-05-12T10:47:16+00:00\" \/>\n<meta property=\"og:image\" content=\"https:\/\/noticiasmercedinas.com\/site\/wp-content\/uploads\/2025\/05\/MHM_9682.jpg\" \/>\n\t<meta property=\"og:image:width\" content=\"1319\" \/>\n\t<meta property=\"og:image:height\" content=\"879\" \/>\n\t<meta property=\"og:image:type\" content=\"image\/jpeg\" \/>\n<meta name=\"author\" content=\"NOTICIASMERCEDINAS.COM\" \/>\n<meta name=\"twitter:card\" content=\"summary_large_image\" \/>\n<meta name=\"twitter:creator\" content=\"@notmercedinas\" \/>\n<meta name=\"twitter:site\" content=\"@notmercedinas\" \/>\n<meta name=\"twitter:label1\" content=\"Escrito por\" \/>\n\t<meta name=\"twitter:data1\" content=\"NOTICIASMERCEDINAS.COM\" \/>\n\t<meta name=\"twitter:label2\" content=\"Tiempo de lectura\" \/>\n\t<meta name=\"twitter:data2\" content=\"4 minutos\" \/>\n<script type=\"application\/ld+json\" class=\"yoast-schema-graph\">{\"@context\":\"https:\\\/\\\/schema.org\",\"@graph\":[{\"@type\":\"Article\",\"@id\":\"https:\\\/\\\/noticiasmercedinas.com\\\/site\\\/2025\\\/05\\\/12\\\/virgencita-de-lujan-gano-como-mejor-elaborador-en-la-multitudinaria-25-fiesta-nacional-de-la-torta-frita\\\/#article\",\"isPartOf\":{\"@id\":\"https:\\\/\\\/noticiasmercedinas.com\\\/site\\\/2025\\\/05\\\/12\\\/virgencita-de-lujan-gano-como-mejor-elaborador-en-la-multitudinaria-25-fiesta-nacional-de-la-torta-frita\\\/\"},\"author\":{\"name\":\"NOTICIASMERCEDINAS.COM\",\"@id\":\"https:\\\/\\\/noticiasmercedinas.com\\\/site\\\/#\\\/schema\\\/person\\\/84b59c099c28ff2e8b77d4ceec5d8063\"},\"headline\":\"\u00abVirgencita de Luj\u00e1n\u00bb gan\u00f3 como mejor elaborador en la multitudinaria 25\u00b0 Fiesta Nacional de la Torta Frita\",\"datePublished\":\"2025-05-12T10:47:16+00:00\",\"mainEntityOfPage\":{\"@id\":\"https:\\\/\\\/noticiasmercedinas.com\\\/site\\\/2025\\\/05\\\/12\\\/virgencita-de-lujan-gano-como-mejor-elaborador-en-la-multitudinaria-25-fiesta-nacional-de-la-torta-frita\\\/\"},\"wordCount\":497,\"publisher\":{\"@id\":\"https:\\\/\\\/noticiasmercedinas.com\\\/site\\\/#organization\"},\"image\":{\"@id\":\"https:\\\/\\\/noticiasmercedinas.com\\\/site\\\/2025\\\/05\\\/12\\\/virgencita-de-lujan-gano-como-mejor-elaborador-en-la-multitudinaria-25-fiesta-nacional-de-la-torta-frita\\\/#primaryimage\"},\"thumbnailUrl\":\"https:\\\/\\\/noticiasmercedinas.com\\\/site\\\/wp-content\\\/uploads\\\/2025\\\/05\\\/MHM_9682.jpg\",\"keywords\":[\"fiesta de la torta frita\",\"fiesta popular\"],\"articleSection\":[\"Sociedad\"],\"inLanguage\":\"es\"},{\"@type\":\"WebPage\",\"@id\":\"https:\\\/\\\/noticiasmercedinas.com\\\/site\\\/2025\\\/05\\\/12\\\/virgencita-de-lujan-gano-como-mejor-elaborador-en-la-multitudinaria-25-fiesta-nacional-de-la-torta-frita\\\/\",\"url\":\"https:\\\/\\\/noticiasmercedinas.com\\\/site\\\/2025\\\/05\\\/12\\\/virgencita-de-lujan-gano-como-mejor-elaborador-en-la-multitudinaria-25-fiesta-nacional-de-la-torta-frita\\\/\",\"name\":\"\\\"Virgencita de Luj\u00e1n\\\" gan\u00f3 como mejor elaborador en la multitudinaria 25\u00b0 Fiesta Nacional de la Torta Frita\",\"isPartOf\":{\"@id\":\"https:\\\/\\\/noticiasmercedinas.com\\\/site\\\/#website\"},\"primaryImageOfPage\":{\"@id\":\"https:\\\/\\\/noticiasmercedinas.com\\\/site\\\/2025\\\/05\\\/12\\\/virgencita-de-lujan-gano-como-mejor-elaborador-en-la-multitudinaria-25-fiesta-nacional-de-la-torta-frita\\\/#primaryimage\"},\"image\":{\"@id\":\"https:\\\/\\\/noticiasmercedinas.com\\\/site\\\/2025\\\/05\\\/12\\\/virgencita-de-lujan-gano-como-mejor-elaborador-en-la-multitudinaria-25-fiesta-nacional-de-la-torta-frita\\\/#primaryimage\"},\"thumbnailUrl\":\"https:\\\/\\\/noticiasmercedinas.com\\\/site\\\/wp-content\\\/uploads\\\/2025\\\/05\\\/MHM_9682.jpg\",\"datePublished\":\"2025-05-12T10:47:16+00:00\",\"description\":\"La fiesta fue transmitida por Canal 26, Canal 9, C5N, Vibra TV y Todo Noticias, reflejando el creciente inter\u00e9s a nivel nacional por esta celebraci\u00f3n popular que pone en valor el trabajo, la tradici\u00f3n y el encuentro.\",\"breadcrumb\":{\"@id\":\"https:\\\/\\\/noticiasmercedinas.com\\\/site\\\/2025\\\/05\\\/12\\\/virgencita-de-lujan-gano-como-mejor-elaborador-en-la-multitudinaria-25-fiesta-nacional-de-la-torta-frita\\\/#breadcrumb\"},\"inLanguage\":\"es\",\"potentialAction\":[{\"@type\":\"ReadAction\",\"target\":[\"https:\\\/\\\/noticiasmercedinas.com\\\/site\\\/2025\\\/05\\\/12\\\/virgencita-de-lujan-gano-como-mejor-elaborador-en-la-multitudinaria-25-fiesta-nacional-de-la-torta-frita\\\/\"]}]},{\"@type\":\"ImageObject\",\"inLanguage\":\"es\",\"@id\":\"https:\\\/\\\/noticiasmercedinas.com\\\/site\\\/2025\\\/05\\\/12\\\/virgencita-de-lujan-gano-como-mejor-elaborador-en-la-multitudinaria-25-fiesta-nacional-de-la-torta-frita\\\/#primaryimage\",\"url\":\"https:\\\/\\\/noticiasmercedinas.com\\\/site\\\/wp-content\\\/uploads\\\/2025\\\/05\\\/MHM_9682.jpg\",\"contentUrl\":\"https:\\\/\\\/noticiasmercedinas.com\\\/site\\\/wp-content\\\/uploads\\\/2025\\\/05\\\/MHM_9682.jpg\",\"width\":1319,\"height\":879},{\"@type\":\"BreadcrumbList\",\"@id\":\"https:\\\/\\\/noticiasmercedinas.com\\\/site\\\/2025\\\/05\\\/12\\\/virgencita-de-lujan-gano-como-mejor-elaborador-en-la-multitudinaria-25-fiesta-nacional-de-la-torta-frita\\\/#breadcrumb\",\"itemListElement\":[{\"@type\":\"ListItem\",\"position\":1,\"name\":\"Portada\",\"item\":\"https:\\\/\\\/noticiasmercedinas.com\\\/site\\\/\"},{\"@type\":\"ListItem\",\"position\":2,\"name\":\"\u00abVirgencita de Luj\u00e1n\u00bb gan\u00f3 como mejor elaborador en la multitudinaria 25\u00b0 Fiesta Nacional de la Torta Frita\"}]},{\"@type\":\"WebSite\",\"@id\":\"https:\\\/\\\/noticiasmercedinas.com\\\/site\\\/#website\",\"url\":\"https:\\\/\\\/noticiasmercedinas.com\\\/site\\\/\",\"name\":\"NOTICIASMERCEDINAS.COM\",\"description\":\"Mercedes, Buenos Aires, Argentina\",\"publisher\":{\"@id\":\"https:\\\/\\\/noticiasmercedinas.com\\\/site\\\/#organization\"},\"potentialAction\":[{\"@type\":\"SearchAction\",\"target\":{\"@type\":\"EntryPoint\",\"urlTemplate\":\"https:\\\/\\\/noticiasmercedinas.com\\\/site\\\/?s={search_term_string}\"},\"query-input\":{\"@type\":\"PropertyValueSpecification\",\"valueRequired\":true,\"valueName\":\"search_term_string\"}}],\"inLanguage\":\"es\"},{\"@type\":\"Organization\",\"@id\":\"https:\\\/\\\/noticiasmercedinas.com\\\/site\\\/#organization\",\"name\":\"NOTICIASMERCEDINAS.COM\",\"url\":\"https:\\\/\\\/noticiasmercedinas.com\\\/site\\\/\",\"logo\":{\"@type\":\"ImageObject\",\"inLanguage\":\"es\",\"@id\":\"https:\\\/\\\/noticiasmercedinas.com\\\/site\\\/#\\\/schema\\\/logo\\\/image\\\/\",\"url\":\"https:\\\/\\\/noticiasmercedinas.com\\\/site\\\/wp-content\\\/uploads\\\/2020\\\/06\\\/LOGO-512.jpg\",\"contentUrl\":\"https:\\\/\\\/noticiasmercedinas.com\\\/site\\\/wp-content\\\/uploads\\\/2020\\\/06\\\/LOGO-512.jpg\",\"width\":512,\"height\":512,\"caption\":\"NOTICIASMERCEDINAS.COM\"},\"image\":{\"@id\":\"https:\\\/\\\/noticiasmercedinas.com\\\/site\\\/#\\\/schema\\\/logo\\\/image\\\/\"},\"sameAs\":[\"https:\\\/\\\/www.facebook.com\\\/noticiasmercedinas\\\/\",\"https:\\\/\\\/x.com\\\/notmercedinas\",\"https:\\\/\\\/www.instagram.com\\\/noticiasmercedinas\\\/\"]},{\"@type\":\"Person\",\"@id\":\"https:\\\/\\\/noticiasmercedinas.com\\\/site\\\/#\\\/schema\\\/person\\\/84b59c099c28ff2e8b77d4ceec5d8063\",\"name\":\"NOTICIASMERCEDINAS.COM\",\"image\":{\"@type\":\"ImageObject\",\"inLanguage\":\"es\",\"@id\":\"https:\\\/\\\/secure.gravatar.com\\\/avatar\\\/4dfbf16b4d17945bfb6341b2d19043457132fcf478a5ee04f42e959fd8f5df0a?s=96&d=mm&r=g\",\"url\":\"https:\\\/\\\/secure.gravatar.com\\\/avatar\\\/4dfbf16b4d17945bfb6341b2d19043457132fcf478a5ee04f42e959fd8f5df0a?s=96&d=mm&r=g\",\"contentUrl\":\"https:\\\/\\\/secure.gravatar.com\\\/avatar\\\/4dfbf16b4d17945bfb6341b2d19043457132fcf478a5ee04f42e959fd8f5df0a?s=96&d=mm&r=g\",\"caption\":\"NOTICIASMERCEDINAS.COM\"},\"url\":\"https:\\\/\\\/noticiasmercedinas.com\\\/site\\\/author\\\/anonimo\\\/\"}]}<\/script>\n<!-- \/ Yoast SEO plugin. -->","yoast_head_json":{"title":"\"Virgencita de Luj\u00e1n\" gan\u00f3 como mejor elaborador en la multitudinaria 25\u00b0 Fiesta Nacional de la Torta Frita","description":"La fiesta fue transmitida por Canal 26, Canal 9, C5N, Vibra TV y Todo Noticias, reflejando el creciente inter\u00e9s a nivel nacional por esta celebraci\u00f3n popular que pone en valor el trabajo, la tradici\u00f3n y el encuentro.","robots":{"index":"index","follow":"follow","max-snippet":"max-snippet:-1","max-image-preview":"max-image-preview:large","max-video-preview":"max-video-preview:-1"},"canonical":"https:\/\/noticiasmercedinas.com\/site\/2025\/05\/12\/virgencita-de-lujan-gano-como-mejor-elaborador-en-la-multitudinaria-25-fiesta-nacional-de-la-torta-frita\/","og_locale":"es_ES","og_type":"article","og_title":"\"Virgencita de Luj\u00e1n\" gan\u00f3 como mejor elaborador en la multitudinaria 25\u00b0 Fiesta Nacional de la Torta Frita","og_description":"La fiesta fue transmitida por Canal 26, Canal 9, C5N, Vibra TV y Todo Noticias, reflejando el creciente inter\u00e9s a nivel nacional por esta celebraci\u00f3n popular que pone en valor el trabajo, la tradici\u00f3n y el encuentro.","og_url":"https:\/\/noticiasmercedinas.com\/site\/2025\/05\/12\/virgencita-de-lujan-gano-como-mejor-elaborador-en-la-multitudinaria-25-fiesta-nacional-de-la-torta-frita\/","og_site_name":"NOTICIASMERCEDINAS.COM","article_publisher":"https:\/\/www.facebook.com\/noticiasmercedinas\/","article_published_time":"2025-05-12T10:47:16+00:00","og_image":[{"width":1319,"height":879,"url":"https:\/\/noticiasmercedinas.com\/site\/wp-content\/uploads\/2025\/05\/MHM_9682.jpg","type":"image\/jpeg"}],"author":"NOTICIASMERCEDINAS.COM","twitter_card":"summary_large_image","twitter_creator":"@notmercedinas","twitter_site":"@notmercedinas","twitter_misc":{"Escrito por":"NOTICIASMERCEDINAS.COM","Tiempo de lectura":"4 minutos"},"schema":{"@context":"https:\/\/schema.org","@graph":[{"@type":"Article","@id":"https:\/\/noticiasmercedinas.com\/site\/2025\/05\/12\/virgencita-de-lujan-gano-como-mejor-elaborador-en-la-multitudinaria-25-fiesta-nacional-de-la-torta-frita\/#article","isPartOf":{"@id":"https:\/\/noticiasmercedinas.com\/site\/2025\/05\/12\/virgencita-de-lujan-gano-como-mejor-elaborador-en-la-multitudinaria-25-fiesta-nacional-de-la-torta-frita\/"},"author":{"name":"NOTICIASMERCEDINAS.COM","@id":"https:\/\/noticiasmercedinas.com\/site\/#\/schema\/person\/84b59c099c28ff2e8b77d4ceec5d8063"},"headline":"\u00abVirgencita de Luj\u00e1n\u00bb gan\u00f3 como mejor elaborador en la multitudinaria 25\u00b0 Fiesta Nacional de la Torta Frita","datePublished":"2025-05-12T10:47:16+00:00","mainEntityOfPage":{"@id":"https:\/\/noticiasmercedinas.com\/site\/2025\/05\/12\/virgencita-de-lujan-gano-como-mejor-elaborador-en-la-multitudinaria-25-fiesta-nacional-de-la-torta-frita\/"},"wordCount":497,"publisher":{"@id":"https:\/\/noticiasmercedinas.com\/site\/#organization"},"image":{"@id":"https:\/\/noticiasmercedinas.com\/site\/2025\/05\/12\/virgencita-de-lujan-gano-como-mejor-elaborador-en-la-multitudinaria-25-fiesta-nacional-de-la-torta-frita\/#primaryimage"},"thumbnailUrl":"https:\/\/noticiasmercedinas.com\/site\/wp-content\/uploads\/2025\/05\/MHM_9682.jpg","keywords":["fiesta de la torta frita","fiesta popular"],"articleSection":["Sociedad"],"inLanguage":"es"},{"@type":"WebPage","@id":"https:\/\/noticiasmercedinas.com\/site\/2025\/05\/12\/virgencita-de-lujan-gano-como-mejor-elaborador-en-la-multitudinaria-25-fiesta-nacional-de-la-torta-frita\/","url":"https:\/\/noticiasmercedinas.com\/site\/2025\/05\/12\/virgencita-de-lujan-gano-como-mejor-elaborador-en-la-multitudinaria-25-fiesta-nacional-de-la-torta-frita\/","name":"\"Virgencita de Luj\u00e1n\" gan\u00f3 como mejor elaborador en la multitudinaria 25\u00b0 Fiesta Nacional de la Torta Frita","isPartOf":{"@id":"https:\/\/noticiasmercedinas.com\/site\/#website"},"primaryImageOfPage":{"@id":"https:\/\/noticiasmercedinas.com\/site\/2025\/05\/12\/virgencita-de-lujan-gano-como-mejor-elaborador-en-la-multitudinaria-25-fiesta-nacional-de-la-torta-frita\/#primaryimage"},"image":{"@id":"https:\/\/noticiasmercedinas.com\/site\/2025\/05\/12\/virgencita-de-lujan-gano-como-mejor-elaborador-en-la-multitudinaria-25-fiesta-nacional-de-la-torta-frita\/#primaryimage"},"thumbnailUrl":"https:\/\/noticiasmercedinas.com\/site\/wp-content\/uploads\/2025\/05\/MHM_9682.jpg","datePublished":"2025-05-12T10:47:16+00:00","description":"La fiesta fue transmitida por Canal 26, Canal 9, C5N, Vibra TV y Todo Noticias, reflejando el creciente inter\u00e9s a nivel nacional por esta celebraci\u00f3n popular que pone en valor el trabajo, la tradici\u00f3n y el encuentro.","breadcrumb":{"@id":"https:\/\/noticiasmercedinas.com\/site\/2025\/05\/12\/virgencita-de-lujan-gano-como-mejor-elaborador-en-la-multitudinaria-25-fiesta-nacional-de-la-torta-frita\/#breadcrumb"},"inLanguage":"es","potentialAction":[{"@type":"ReadAction","target":["https:\/\/noticiasmercedinas.com\/site\/2025\/05\/12\/virgencita-de-lujan-gano-como-mejor-elaborador-en-la-multitudinaria-25-fiesta-nacional-de-la-torta-frita\/"]}]},{"@type":"ImageObject","inLanguage":"es","@id":"https:\/\/noticiasmercedinas.com\/site\/2025\/05\/12\/virgencita-de-lujan-gano-como-mejor-elaborador-en-la-multitudinaria-25-fiesta-nacional-de-la-torta-frita\/#primaryimage","url":"https:\/\/noticiasmercedinas.com\/site\/wp-content\/uploads\/2025\/05\/MHM_9682.jpg","contentUrl":"https:\/\/noticiasmercedinas.com\/site\/wp-content\/uploads\/2025\/05\/MHM_9682.jpg","width":1319,"height":879},{"@type":"BreadcrumbList","@id":"https:\/\/noticiasmercedinas.com\/site\/2025\/05\/12\/virgencita-de-lujan-gano-como-mejor-elaborador-en-la-multitudinaria-25-fiesta-nacional-de-la-torta-frita\/#breadcrumb","itemListElement":[{"@type":"ListItem","position":1,"name":"Portada","item":"https:\/\/noticiasmercedinas.com\/site\/"},{"@type":"ListItem","position":2,"name":"\u00abVirgencita de Luj\u00e1n\u00bb gan\u00f3 como mejor elaborador en la multitudinaria 25\u00b0 Fiesta Nacional de la Torta Frita"}]},{"@type":"WebSite","@id":"https:\/\/noticiasmercedinas.com\/site\/#website","url":"https:\/\/noticiasmercedinas.com\/site\/","name":"NOTICIASMERCEDINAS.COM","description":"Mercedes, Buenos Aires, Argentina","publisher":{"@id":"https:\/\/noticiasmercedinas.com\/site\/#organization"},"potentialAction":[{"@type":"SearchAction","target":{"@type":"EntryPoint","urlTemplate":"https:\/\/noticiasmercedinas.com\/site\/?s={search_term_string}"},"query-input":{"@type":"PropertyValueSpecification","valueRequired":true,"valueName":"search_term_string"}}],"inLanguage":"es"},{"@type":"Organization","@id":"https:\/\/noticiasmercedinas.com\/site\/#organization","name":"NOTICIASMERCEDINAS.COM","url":"https:\/\/noticiasmercedinas.com\/site\/","logo":{"@type":"ImageObject","inLanguage":"es","@id":"https:\/\/noticiasmercedinas.com\/site\/#\/schema\/logo\/image\/","url":"https:\/\/noticiasmercedinas.com\/site\/wp-content\/uploads\/2020\/06\/LOGO-512.jpg","contentUrl":"https:\/\/noticiasmercedinas.com\/site\/wp-content\/uploads\/2020\/06\/LOGO-512.jpg","width":512,"height":512,"caption":"NOTICIASMERCEDINAS.COM"},"image":{"@id":"https:\/\/noticiasmercedinas.com\/site\/#\/schema\/logo\/image\/"},"sameAs":["https:\/\/www.facebook.com\/noticiasmercedinas\/","https:\/\/x.com\/notmercedinas","https:\/\/www.instagram.com\/noticiasmercedinas\/"]},{"@type":"Person","@id":"https:\/\/noticiasmercedinas.com\/site\/#\/schema\/person\/84b59c099c28ff2e8b77d4ceec5d8063","name":"NOTICIASMERCEDINAS.COM","image":{"@type":"ImageObject","inLanguage":"es","@id":"https:\/\/secure.gravatar.com\/avatar\/4dfbf16b4d17945bfb6341b2d19043457132fcf478a5ee04f42e959fd8f5df0a?s=96&d=mm&r=g","url":"https:\/\/secure.gravatar.com\/avatar\/4dfbf16b4d17945bfb6341b2d19043457132fcf478a5ee04f42e959fd8f5df0a?s=96&d=mm&r=g","contentUrl":"https:\/\/secure.gravatar.com\/avatar\/4dfbf16b4d17945bfb6341b2d19043457132fcf478a5ee04f42e959fd8f5df0a?s=96&d=mm&r=g","caption":"NOTICIASMERCEDINAS.COM"},"url":"https:\/\/noticiasmercedinas.com\/site\/author\/anonimo\/"}]}},"amp_enabled":true,"_links":{"self":[{"href":"https:\/\/noticiasmercedinas.com\/site\/wp-json\/wp\/v2\/posts\/159189","targetHints":{"allow":["GET"]}}],"collection":[{"href":"https:\/\/noticiasmercedinas.com\/site\/wp-json\/wp\/v2\/posts"}],"about":[{"href":"https:\/\/noticiasmercedinas.com\/site\/wp-json\/wp\/v2\/types\/post"}],"author":[{"embeddable":true,"href":"https:\/\/noticiasmercedinas.com\/site\/wp-json\/wp\/v2\/users\/16"}],"replies":[{"embeddable":true,"href":"https:\/\/noticiasmercedinas.com\/site\/wp-json\/wp\/v2\/comments?post=159189"}],"version-history":[{"count":1,"href":"https:\/\/noticiasmercedinas.com\/site\/wp-json\/wp\/v2\/posts\/159189\/revisions"}],"predecessor-version":[{"id":159194,"href":"https:\/\/noticiasmercedinas.com\/site\/wp-json\/wp\/v2\/posts\/159189\/revisions\/159194"}],"wp:featuredmedia":[{"embeddable":true,"href":"https:\/\/noticiasmercedinas.com\/site\/wp-json\/wp\/v2\/media\/159193"}],"wp:attachment":[{"href":"https:\/\/noticiasmercedinas.com\/site\/wp-json\/wp\/v2\/media?parent=159189"}],"wp:term":[{"taxonomy":"category","embeddable":true,"href":"https:\/\/noticiasmercedinas.com\/site\/wp-json\/wp\/v2\/categories?post=159189"},{"taxonomy":"post_tag","embeddable":true,"href":"https:\/\/noticiasmercedinas.com\/site\/wp-json\/wp\/v2\/tags?post=159189"}],"curies":[{"name":"wp","href":"https:\/\/api.w.org\/{rel}","templated":true}]}}