{"id":159265,"date":"2025-05-12T16:36:20","date_gmt":"2025-05-12T19:36:20","guid":{"rendered":"https:\/\/noticiasmercedinas.com\/site\/?p=159265"},"modified":"2025-05-12T16:36:20","modified_gmt":"2025-05-12T19:36:20","slug":"reprogramaron-para-el-viernes-16-la-funcion-de-rapsodia-en-agosto-en-el-ciclo-universo-cine","status":"publish","type":"post","link":"https:\/\/noticiasmercedinas.com\/site\/2025\/05\/12\/reprogramaron-para-el-viernes-16-la-funcion-de-rapsodia-en-agosto-en-el-ciclo-universo-cine\/","title":{"rendered":"Reprogramaron para el viernes 16 la funci\u00f3n de \u201cRapsodia en agosto\u201d en el ciclo Universo Cine"},"content":{"rendered":"<p><img loading=\"lazy\" decoding=\"async\" class=\"alignnone size-full wp-image-159266\" src=\"https:\/\/noticiasmercedinas.com\/site\/wp-content\/uploads\/2025\/05\/AKIRA1-e1747078445156.jpg\" alt=\"\" width=\"1440\" height=\"1060\" srcset=\"https:\/\/noticiasmercedinas.com\/site\/wp-content\/uploads\/2025\/05\/AKIRA1-e1747078445156.jpg 1440w, https:\/\/noticiasmercedinas.com\/site\/wp-content\/uploads\/2025\/05\/AKIRA1-e1747078445156-300x221.jpg 300w, https:\/\/noticiasmercedinas.com\/site\/wp-content\/uploads\/2025\/05\/AKIRA1-e1747078445156-1024x754.jpg 1024w, https:\/\/noticiasmercedinas.com\/site\/wp-content\/uploads\/2025\/05\/AKIRA1-e1747078445156-768x565.jpg 768w, https:\/\/noticiasmercedinas.com\/site\/wp-content\/uploads\/2025\/05\/AKIRA1-e1747078445156-80x60.jpg 80w, https:\/\/noticiasmercedinas.com\/site\/wp-content\/uploads\/2025\/05\/AKIRA1-e1747078445156-100x75.jpg 100w, https:\/\/noticiasmercedinas.com\/site\/wp-content\/uploads\/2025\/05\/AKIRA1-e1747078445156-640x471.jpg 640w, https:\/\/noticiasmercedinas.com\/site\/wp-content\/uploads\/2025\/05\/AKIRA1-e1747078445156-1280x942.jpg 1280w, https:\/\/noticiasmercedinas.com\/site\/wp-content\/uploads\/2025\/05\/AKIRA1-e1747078445156-681x501.jpg 681w, https:\/\/noticiasmercedinas.com\/site\/wp-content\/uploads\/2025\/05\/AKIRA1-e1747078445156-1362x1003.jpg 1362w\" sizes=\"auto, (max-width: 1440px) 100vw, 1440px\" \/><\/p>\n<p>La proyecci\u00f3n de la pel\u00edcula \u00abRapsodia en agosto\u00bb, del reconocido director japon\u00e9s Akira Kurosawa, fue reprogramada para el viernes 16 de mayo a las 19:00 horas en el sal\u00f3n de actos \u201cDr. Arturo Acu\u00f1a Anzorena\u201d del Colegio de Abogados de Mercedes, ubicado en calle 24 N\u00b0 705, primer piso.<\/p>\n<p>La funci\u00f3n, enmarcada en el ciclo Universo Cine, presentado por Carlos Mar\u00eda Dieuzeide, hab\u00eda sido suspendida el viernes pasado debido a un inconveniente t\u00e9cnico en la copia de la pel\u00edcula.<\/p>\n<p>El problema ya fue resuelto y desde la organizaci\u00f3n agradecieron al p\u00fablico por su comprensi\u00f3n.<\/p>\n<p>Se proyectar\u00e1 la versi\u00f3n original del film estrenado en 1991, con un elenco encabezado por Richard Gere, Sachiko Murase, Hisashi Igawa, Narumi Kayashima y Tomoko \u00d4takara, entre otros.<\/p>\n<p>La pel\u00edcula es una obra \u00edntima que reflexiona sobre la memoria, la familia y las huellas de la guerra.<\/p>\n<p>La entrada es gratuita y se puede reservar lugar escribiendo al correo electr\u00f3nico gerente@camercedes.org.ar.<\/p>\n","protected":false},"excerpt":{"rendered":"<p>\u25a0 La pel\u00edcula es una obra \u00edntima que reflexiona sobre la memoria, la familia y las huellas de la guerra. La entrada es gratuita y ya se puede reservar lugar<\/p>\n","protected":false},"author":16,"featured_media":159266,"comment_status":"closed","ping_status":"closed","sticky":false,"template":"","format":"standard","meta":{"footnotes":""},"categories":[4],"tags":[17235,412,560,18819],"class_list":["post-159265","post","type-post","status-publish","format-standard","has-post-thumbnail","hentry","category-cultura","tag-carlos-maria-dieuzeide","tag-cine","tag-colegio-de-abogados","tag-universo-cine"],"yoast_head":"<!-- This site is optimized with the Yoast SEO plugin v27.4 - https:\/\/yoast.com\/product\/yoast-seo-wordpress\/ -->\n<title>Reprogramaron para el viernes 16 la funci\u00f3n de \u201cRapsodia en agosto\u201d en el ciclo Universo Cine<\/title>\n<meta name=\"description\" content=\"La pel\u00edcula es una obra \u00edntima que reflexiona sobre la memoria, la familia y las huellas de la guerra.\" \/>\n<meta name=\"robots\" content=\"index, follow, max-snippet:-1, max-image-preview:large, max-video-preview:-1\" \/>\n<link rel=\"canonical\" href=\"https:\/\/noticiasmercedinas.com\/site\/2025\/05\/12\/reprogramaron-para-el-viernes-16-la-funcion-de-rapsodia-en-agosto-en-el-ciclo-universo-cine\/\" \/>\n<meta property=\"og:locale\" content=\"es_ES\" \/>\n<meta property=\"og:type\" content=\"article\" \/>\n<meta property=\"og:title\" content=\"Reprogramaron para el viernes 16 la funci\u00f3n de \u201cRapsodia en agosto\u201d en el ciclo Universo Cine\" \/>\n<meta property=\"og:description\" content=\"La pel\u00edcula es una obra \u00edntima que reflexiona sobre la memoria, la familia y las huellas de la guerra.\" \/>\n<meta property=\"og:url\" content=\"https:\/\/noticiasmercedinas.com\/site\/2025\/05\/12\/reprogramaron-para-el-viernes-16-la-funcion-de-rapsodia-en-agosto-en-el-ciclo-universo-cine\/\" \/>\n<meta property=\"og:site_name\" content=\"NOTICIASMERCEDINAS.COM\" \/>\n<meta property=\"article:publisher\" content=\"https:\/\/www.facebook.com\/noticiasmercedinas\/\" \/>\n<meta property=\"article:published_time\" content=\"2025-05-12T19:36:20+00:00\" \/>\n<meta property=\"og:image\" content=\"https:\/\/noticiasmercedinas.com\/site\/wp-content\/uploads\/2025\/05\/AKIRA1-e1747078445156.jpg\" \/>\n\t<meta property=\"og:image:width\" content=\"1440\" \/>\n\t<meta property=\"og:image:height\" content=\"1060\" \/>\n\t<meta property=\"og:image:type\" content=\"image\/jpeg\" \/>\n<meta name=\"author\" content=\"NOTICIASMERCEDINAS.COM\" \/>\n<meta name=\"twitter:card\" content=\"summary_large_image\" \/>\n<meta name=\"twitter:creator\" content=\"@notmercedinas\" \/>\n<meta name=\"twitter:site\" content=\"@notmercedinas\" \/>\n<meta name=\"twitter:label1\" content=\"Escrito por\" \/>\n\t<meta name=\"twitter:data1\" content=\"NOTICIASMERCEDINAS.COM\" \/>\n\t<meta name=\"twitter:label2\" content=\"Tiempo de lectura\" \/>\n\t<meta name=\"twitter:data2\" content=\"2 minutos\" \/>\n<script type=\"application\/ld+json\" class=\"yoast-schema-graph\">{\"@context\":\"https:\\\/\\\/schema.org\",\"@graph\":[{\"@type\":\"Article\",\"@id\":\"https:\\\/\\\/noticiasmercedinas.com\\\/site\\\/2025\\\/05\\\/12\\\/reprogramaron-para-el-viernes-16-la-funcion-de-rapsodia-en-agosto-en-el-ciclo-universo-cine\\\/#article\",\"isPartOf\":{\"@id\":\"https:\\\/\\\/noticiasmercedinas.com\\\/site\\\/2025\\\/05\\\/12\\\/reprogramaron-para-el-viernes-16-la-funcion-de-rapsodia-en-agosto-en-el-ciclo-universo-cine\\\/\"},\"author\":{\"name\":\"NOTICIASMERCEDINAS.COM\",\"@id\":\"https:\\\/\\\/noticiasmercedinas.com\\\/site\\\/#\\\/schema\\\/person\\\/84b59c099c28ff2e8b77d4ceec5d8063\"},\"headline\":\"Reprogramaron para el viernes 16 la funci\u00f3n de \u201cRapsodia en agosto\u201d en el ciclo Universo Cine\",\"datePublished\":\"2025-05-12T19:36:20+00:00\",\"mainEntityOfPage\":{\"@id\":\"https:\\\/\\\/noticiasmercedinas.com\\\/site\\\/2025\\\/05\\\/12\\\/reprogramaron-para-el-viernes-16-la-funcion-de-rapsodia-en-agosto-en-el-ciclo-universo-cine\\\/\"},\"wordCount\":185,\"publisher\":{\"@id\":\"https:\\\/\\\/noticiasmercedinas.com\\\/site\\\/#organization\"},\"image\":{\"@id\":\"https:\\\/\\\/noticiasmercedinas.com\\\/site\\\/2025\\\/05\\\/12\\\/reprogramaron-para-el-viernes-16-la-funcion-de-rapsodia-en-agosto-en-el-ciclo-universo-cine\\\/#primaryimage\"},\"thumbnailUrl\":\"https:\\\/\\\/noticiasmercedinas.com\\\/site\\\/wp-content\\\/uploads\\\/2025\\\/05\\\/AKIRA1-e1747078445156.jpg\",\"keywords\":[\"Carlos Mar\u00eda Dieuzeide\",\"cine\",\"colegio de abogados\",\"universo cine\"],\"articleSection\":[\"Cultura\"],\"inLanguage\":\"es\"},{\"@type\":\"WebPage\",\"@id\":\"https:\\\/\\\/noticiasmercedinas.com\\\/site\\\/2025\\\/05\\\/12\\\/reprogramaron-para-el-viernes-16-la-funcion-de-rapsodia-en-agosto-en-el-ciclo-universo-cine\\\/\",\"url\":\"https:\\\/\\\/noticiasmercedinas.com\\\/site\\\/2025\\\/05\\\/12\\\/reprogramaron-para-el-viernes-16-la-funcion-de-rapsodia-en-agosto-en-el-ciclo-universo-cine\\\/\",\"name\":\"Reprogramaron para el viernes 16 la funci\u00f3n de \u201cRapsodia en agosto\u201d en el ciclo Universo Cine\",\"isPartOf\":{\"@id\":\"https:\\\/\\\/noticiasmercedinas.com\\\/site\\\/#website\"},\"primaryImageOfPage\":{\"@id\":\"https:\\\/\\\/noticiasmercedinas.com\\\/site\\\/2025\\\/05\\\/12\\\/reprogramaron-para-el-viernes-16-la-funcion-de-rapsodia-en-agosto-en-el-ciclo-universo-cine\\\/#primaryimage\"},\"image\":{\"@id\":\"https:\\\/\\\/noticiasmercedinas.com\\\/site\\\/2025\\\/05\\\/12\\\/reprogramaron-para-el-viernes-16-la-funcion-de-rapsodia-en-agosto-en-el-ciclo-universo-cine\\\/#primaryimage\"},\"thumbnailUrl\":\"https:\\\/\\\/noticiasmercedinas.com\\\/site\\\/wp-content\\\/uploads\\\/2025\\\/05\\\/AKIRA1-e1747078445156.jpg\",\"datePublished\":\"2025-05-12T19:36:20+00:00\",\"description\":\"La pel\u00edcula es una obra \u00edntima que reflexiona sobre la memoria, la familia y las huellas de la guerra.\",\"breadcrumb\":{\"@id\":\"https:\\\/\\\/noticiasmercedinas.com\\\/site\\\/2025\\\/05\\\/12\\\/reprogramaron-para-el-viernes-16-la-funcion-de-rapsodia-en-agosto-en-el-ciclo-universo-cine\\\/#breadcrumb\"},\"inLanguage\":\"es\",\"potentialAction\":[{\"@type\":\"ReadAction\",\"target\":[\"https:\\\/\\\/noticiasmercedinas.com\\\/site\\\/2025\\\/05\\\/12\\\/reprogramaron-para-el-viernes-16-la-funcion-de-rapsodia-en-agosto-en-el-ciclo-universo-cine\\\/\"]}]},{\"@type\":\"ImageObject\",\"inLanguage\":\"es\",\"@id\":\"https:\\\/\\\/noticiasmercedinas.com\\\/site\\\/2025\\\/05\\\/12\\\/reprogramaron-para-el-viernes-16-la-funcion-de-rapsodia-en-agosto-en-el-ciclo-universo-cine\\\/#primaryimage\",\"url\":\"https:\\\/\\\/noticiasmercedinas.com\\\/site\\\/wp-content\\\/uploads\\\/2025\\\/05\\\/AKIRA1-e1747078445156.jpg\",\"contentUrl\":\"https:\\\/\\\/noticiasmercedinas.com\\\/site\\\/wp-content\\\/uploads\\\/2025\\\/05\\\/AKIRA1-e1747078445156.jpg\",\"width\":1440,\"height\":1060},{\"@type\":\"BreadcrumbList\",\"@id\":\"https:\\\/\\\/noticiasmercedinas.com\\\/site\\\/2025\\\/05\\\/12\\\/reprogramaron-para-el-viernes-16-la-funcion-de-rapsodia-en-agosto-en-el-ciclo-universo-cine\\\/#breadcrumb\",\"itemListElement\":[{\"@type\":\"ListItem\",\"position\":1,\"name\":\"Portada\",\"item\":\"https:\\\/\\\/noticiasmercedinas.com\\\/site\\\/\"},{\"@type\":\"ListItem\",\"position\":2,\"name\":\"Reprogramaron para el viernes 16 la funci\u00f3n de \u201cRapsodia en agosto\u201d en el ciclo Universo Cine\"}]},{\"@type\":\"WebSite\",\"@id\":\"https:\\\/\\\/noticiasmercedinas.com\\\/site\\\/#website\",\"url\":\"https:\\\/\\\/noticiasmercedinas.com\\\/site\\\/\",\"name\":\"NOTICIASMERCEDINAS.COM\",\"description\":\"Mercedes, Buenos Aires, Argentina\",\"publisher\":{\"@id\":\"https:\\\/\\\/noticiasmercedinas.com\\\/site\\\/#organization\"},\"potentialAction\":[{\"@type\":\"SearchAction\",\"target\":{\"@type\":\"EntryPoint\",\"urlTemplate\":\"https:\\\/\\\/noticiasmercedinas.com\\\/site\\\/?s={search_term_string}\"},\"query-input\":{\"@type\":\"PropertyValueSpecification\",\"valueRequired\":true,\"valueName\":\"search_term_string\"}}],\"inLanguage\":\"es\"},{\"@type\":\"Organization\",\"@id\":\"https:\\\/\\\/noticiasmercedinas.com\\\/site\\\/#organization\",\"name\":\"NOTICIASMERCEDINAS.COM\",\"url\":\"https:\\\/\\\/noticiasmercedinas.com\\\/site\\\/\",\"logo\":{\"@type\":\"ImageObject\",\"inLanguage\":\"es\",\"@id\":\"https:\\\/\\\/noticiasmercedinas.com\\\/site\\\/#\\\/schema\\\/logo\\\/image\\\/\",\"url\":\"https:\\\/\\\/noticiasmercedinas.com\\\/site\\\/wp-content\\\/uploads\\\/2020\\\/06\\\/LOGO-512.jpg\",\"contentUrl\":\"https:\\\/\\\/noticiasmercedinas.com\\\/site\\\/wp-content\\\/uploads\\\/2020\\\/06\\\/LOGO-512.jpg\",\"width\":512,\"height\":512,\"caption\":\"NOTICIASMERCEDINAS.COM\"},\"image\":{\"@id\":\"https:\\\/\\\/noticiasmercedinas.com\\\/site\\\/#\\\/schema\\\/logo\\\/image\\\/\"},\"sameAs\":[\"https:\\\/\\\/www.facebook.com\\\/noticiasmercedinas\\\/\",\"https:\\\/\\\/x.com\\\/notmercedinas\",\"https:\\\/\\\/www.instagram.com\\\/noticiasmercedinas\\\/\"]},{\"@type\":\"Person\",\"@id\":\"https:\\\/\\\/noticiasmercedinas.com\\\/site\\\/#\\\/schema\\\/person\\\/84b59c099c28ff2e8b77d4ceec5d8063\",\"name\":\"NOTICIASMERCEDINAS.COM\",\"image\":{\"@type\":\"ImageObject\",\"inLanguage\":\"es\",\"@id\":\"https:\\\/\\\/secure.gravatar.com\\\/avatar\\\/4dfbf16b4d17945bfb6341b2d19043457132fcf478a5ee04f42e959fd8f5df0a?s=96&d=mm&r=g\",\"url\":\"https:\\\/\\\/secure.gravatar.com\\\/avatar\\\/4dfbf16b4d17945bfb6341b2d19043457132fcf478a5ee04f42e959fd8f5df0a?s=96&d=mm&r=g\",\"contentUrl\":\"https:\\\/\\\/secure.gravatar.com\\\/avatar\\\/4dfbf16b4d17945bfb6341b2d19043457132fcf478a5ee04f42e959fd8f5df0a?s=96&d=mm&r=g\",\"caption\":\"NOTICIASMERCEDINAS.COM\"},\"url\":\"https:\\\/\\\/noticiasmercedinas.com\\\/site\\\/author\\\/anonimo\\\/\"}]}<\/script>\n<!-- \/ Yoast SEO plugin. -->","yoast_head_json":{"title":"Reprogramaron para el viernes 16 la funci\u00f3n de \u201cRapsodia en agosto\u201d en el ciclo Universo Cine","description":"La pel\u00edcula es una obra \u00edntima que reflexiona sobre la memoria, la familia y las huellas de la guerra.","robots":{"index":"index","follow":"follow","max-snippet":"max-snippet:-1","max-image-preview":"max-image-preview:large","max-video-preview":"max-video-preview:-1"},"canonical":"https:\/\/noticiasmercedinas.com\/site\/2025\/05\/12\/reprogramaron-para-el-viernes-16-la-funcion-de-rapsodia-en-agosto-en-el-ciclo-universo-cine\/","og_locale":"es_ES","og_type":"article","og_title":"Reprogramaron para el viernes 16 la funci\u00f3n de \u201cRapsodia en agosto\u201d en el ciclo Universo Cine","og_description":"La pel\u00edcula es una obra \u00edntima que reflexiona sobre la memoria, la familia y las huellas de la guerra.","og_url":"https:\/\/noticiasmercedinas.com\/site\/2025\/05\/12\/reprogramaron-para-el-viernes-16-la-funcion-de-rapsodia-en-agosto-en-el-ciclo-universo-cine\/","og_site_name":"NOTICIASMERCEDINAS.COM","article_publisher":"https:\/\/www.facebook.com\/noticiasmercedinas\/","article_published_time":"2025-05-12T19:36:20+00:00","og_image":[{"width":1440,"height":1060,"url":"https:\/\/noticiasmercedinas.com\/site\/wp-content\/uploads\/2025\/05\/AKIRA1-e1747078445156.jpg","type":"image\/jpeg"}],"author":"NOTICIASMERCEDINAS.COM","twitter_card":"summary_large_image","twitter_creator":"@notmercedinas","twitter_site":"@notmercedinas","twitter_misc":{"Escrito por":"NOTICIASMERCEDINAS.COM","Tiempo de lectura":"2 minutos"},"schema":{"@context":"https:\/\/schema.org","@graph":[{"@type":"Article","@id":"https:\/\/noticiasmercedinas.com\/site\/2025\/05\/12\/reprogramaron-para-el-viernes-16-la-funcion-de-rapsodia-en-agosto-en-el-ciclo-universo-cine\/#article","isPartOf":{"@id":"https:\/\/noticiasmercedinas.com\/site\/2025\/05\/12\/reprogramaron-para-el-viernes-16-la-funcion-de-rapsodia-en-agosto-en-el-ciclo-universo-cine\/"},"author":{"name":"NOTICIASMERCEDINAS.COM","@id":"https:\/\/noticiasmercedinas.com\/site\/#\/schema\/person\/84b59c099c28ff2e8b77d4ceec5d8063"},"headline":"Reprogramaron para el viernes 16 la funci\u00f3n de \u201cRapsodia en agosto\u201d en el ciclo Universo Cine","datePublished":"2025-05-12T19:36:20+00:00","mainEntityOfPage":{"@id":"https:\/\/noticiasmercedinas.com\/site\/2025\/05\/12\/reprogramaron-para-el-viernes-16-la-funcion-de-rapsodia-en-agosto-en-el-ciclo-universo-cine\/"},"wordCount":185,"publisher":{"@id":"https:\/\/noticiasmercedinas.com\/site\/#organization"},"image":{"@id":"https:\/\/noticiasmercedinas.com\/site\/2025\/05\/12\/reprogramaron-para-el-viernes-16-la-funcion-de-rapsodia-en-agosto-en-el-ciclo-universo-cine\/#primaryimage"},"thumbnailUrl":"https:\/\/noticiasmercedinas.com\/site\/wp-content\/uploads\/2025\/05\/AKIRA1-e1747078445156.jpg","keywords":["Carlos Mar\u00eda Dieuzeide","cine","colegio de abogados","universo cine"],"articleSection":["Cultura"],"inLanguage":"es"},{"@type":"WebPage","@id":"https:\/\/noticiasmercedinas.com\/site\/2025\/05\/12\/reprogramaron-para-el-viernes-16-la-funcion-de-rapsodia-en-agosto-en-el-ciclo-universo-cine\/","url":"https:\/\/noticiasmercedinas.com\/site\/2025\/05\/12\/reprogramaron-para-el-viernes-16-la-funcion-de-rapsodia-en-agosto-en-el-ciclo-universo-cine\/","name":"Reprogramaron para el viernes 16 la funci\u00f3n de \u201cRapsodia en agosto\u201d en el ciclo Universo Cine","isPartOf":{"@id":"https:\/\/noticiasmercedinas.com\/site\/#website"},"primaryImageOfPage":{"@id":"https:\/\/noticiasmercedinas.com\/site\/2025\/05\/12\/reprogramaron-para-el-viernes-16-la-funcion-de-rapsodia-en-agosto-en-el-ciclo-universo-cine\/#primaryimage"},"image":{"@id":"https:\/\/noticiasmercedinas.com\/site\/2025\/05\/12\/reprogramaron-para-el-viernes-16-la-funcion-de-rapsodia-en-agosto-en-el-ciclo-universo-cine\/#primaryimage"},"thumbnailUrl":"https:\/\/noticiasmercedinas.com\/site\/wp-content\/uploads\/2025\/05\/AKIRA1-e1747078445156.jpg","datePublished":"2025-05-12T19:36:20+00:00","description":"La pel\u00edcula es una obra \u00edntima que reflexiona sobre la memoria, la familia y las huellas de la guerra.","breadcrumb":{"@id":"https:\/\/noticiasmercedinas.com\/site\/2025\/05\/12\/reprogramaron-para-el-viernes-16-la-funcion-de-rapsodia-en-agosto-en-el-ciclo-universo-cine\/#breadcrumb"},"inLanguage":"es","potentialAction":[{"@type":"ReadAction","target":["https:\/\/noticiasmercedinas.com\/site\/2025\/05\/12\/reprogramaron-para-el-viernes-16-la-funcion-de-rapsodia-en-agosto-en-el-ciclo-universo-cine\/"]}]},{"@type":"ImageObject","inLanguage":"es","@id":"https:\/\/noticiasmercedinas.com\/site\/2025\/05\/12\/reprogramaron-para-el-viernes-16-la-funcion-de-rapsodia-en-agosto-en-el-ciclo-universo-cine\/#primaryimage","url":"https:\/\/noticiasmercedinas.com\/site\/wp-content\/uploads\/2025\/05\/AKIRA1-e1747078445156.jpg","contentUrl":"https:\/\/noticiasmercedinas.com\/site\/wp-content\/uploads\/2025\/05\/AKIRA1-e1747078445156.jpg","width":1440,"height":1060},{"@type":"BreadcrumbList","@id":"https:\/\/noticiasmercedinas.com\/site\/2025\/05\/12\/reprogramaron-para-el-viernes-16-la-funcion-de-rapsodia-en-agosto-en-el-ciclo-universo-cine\/#breadcrumb","itemListElement":[{"@type":"ListItem","position":1,"name":"Portada","item":"https:\/\/noticiasmercedinas.com\/site\/"},{"@type":"ListItem","position":2,"name":"Reprogramaron para el viernes 16 la funci\u00f3n de \u201cRapsodia en agosto\u201d en el ciclo Universo Cine"}]},{"@type":"WebSite","@id":"https:\/\/noticiasmercedinas.com\/site\/#website","url":"https:\/\/noticiasmercedinas.com\/site\/","name":"NOTICIASMERCEDINAS.COM","description":"Mercedes, Buenos Aires, Argentina","publisher":{"@id":"https:\/\/noticiasmercedinas.com\/site\/#organization"},"potentialAction":[{"@type":"SearchAction","target":{"@type":"EntryPoint","urlTemplate":"https:\/\/noticiasmercedinas.com\/site\/?s={search_term_string}"},"query-input":{"@type":"PropertyValueSpecification","valueRequired":true,"valueName":"search_term_string"}}],"inLanguage":"es"},{"@type":"Organization","@id":"https:\/\/noticiasmercedinas.com\/site\/#organization","name":"NOTICIASMERCEDINAS.COM","url":"https:\/\/noticiasmercedinas.com\/site\/","logo":{"@type":"ImageObject","inLanguage":"es","@id":"https:\/\/noticiasmercedinas.com\/site\/#\/schema\/logo\/image\/","url":"https:\/\/noticiasmercedinas.com\/site\/wp-content\/uploads\/2020\/06\/LOGO-512.jpg","contentUrl":"https:\/\/noticiasmercedinas.com\/site\/wp-content\/uploads\/2020\/06\/LOGO-512.jpg","width":512,"height":512,"caption":"NOTICIASMERCEDINAS.COM"},"image":{"@id":"https:\/\/noticiasmercedinas.com\/site\/#\/schema\/logo\/image\/"},"sameAs":["https:\/\/www.facebook.com\/noticiasmercedinas\/","https:\/\/x.com\/notmercedinas","https:\/\/www.instagram.com\/noticiasmercedinas\/"]},{"@type":"Person","@id":"https:\/\/noticiasmercedinas.com\/site\/#\/schema\/person\/84b59c099c28ff2e8b77d4ceec5d8063","name":"NOTICIASMERCEDINAS.COM","image":{"@type":"ImageObject","inLanguage":"es","@id":"https:\/\/secure.gravatar.com\/avatar\/4dfbf16b4d17945bfb6341b2d19043457132fcf478a5ee04f42e959fd8f5df0a?s=96&d=mm&r=g","url":"https:\/\/secure.gravatar.com\/avatar\/4dfbf16b4d17945bfb6341b2d19043457132fcf478a5ee04f42e959fd8f5df0a?s=96&d=mm&r=g","contentUrl":"https:\/\/secure.gravatar.com\/avatar\/4dfbf16b4d17945bfb6341b2d19043457132fcf478a5ee04f42e959fd8f5df0a?s=96&d=mm&r=g","caption":"NOTICIASMERCEDINAS.COM"},"url":"https:\/\/noticiasmercedinas.com\/site\/author\/anonimo\/"}]}},"amp_enabled":true,"_links":{"self":[{"href":"https:\/\/noticiasmercedinas.com\/site\/wp-json\/wp\/v2\/posts\/159265","targetHints":{"allow":["GET"]}}],"collection":[{"href":"https:\/\/noticiasmercedinas.com\/site\/wp-json\/wp\/v2\/posts"}],"about":[{"href":"https:\/\/noticiasmercedinas.com\/site\/wp-json\/wp\/v2\/types\/post"}],"author":[{"embeddable":true,"href":"https:\/\/noticiasmercedinas.com\/site\/wp-json\/wp\/v2\/users\/16"}],"replies":[{"embeddable":true,"href":"https:\/\/noticiasmercedinas.com\/site\/wp-json\/wp\/v2\/comments?post=159265"}],"version-history":[{"count":1,"href":"https:\/\/noticiasmercedinas.com\/site\/wp-json\/wp\/v2\/posts\/159265\/revisions"}],"predecessor-version":[{"id":159267,"href":"https:\/\/noticiasmercedinas.com\/site\/wp-json\/wp\/v2\/posts\/159265\/revisions\/159267"}],"wp:featuredmedia":[{"embeddable":true,"href":"https:\/\/noticiasmercedinas.com\/site\/wp-json\/wp\/v2\/media\/159266"}],"wp:attachment":[{"href":"https:\/\/noticiasmercedinas.com\/site\/wp-json\/wp\/v2\/media?parent=159265"}],"wp:term":[{"taxonomy":"category","embeddable":true,"href":"https:\/\/noticiasmercedinas.com\/site\/wp-json\/wp\/v2\/categories?post=159265"},{"taxonomy":"post_tag","embeddable":true,"href":"https:\/\/noticiasmercedinas.com\/site\/wp-json\/wp\/v2\/tags?post=159265"}],"curies":[{"name":"wp","href":"https:\/\/api.w.org\/{rel}","templated":true}]}}