{"id":159347,"date":"2025-05-13T22:16:31","date_gmt":"2025-05-14T01:16:31","guid":{"rendered":"https:\/\/noticiasmercedinas.com\/site\/?p=159347"},"modified":"2025-05-13T23:04:31","modified_gmt":"2025-05-14T02:04:31","slug":"los-jubilados-no-pueden-esperar-mas-union-por-la-patria-firmo-dictamen-para-mejorar-los-haberes","status":"publish","type":"post","link":"https:\/\/noticiasmercedinas.com\/site\/2025\/05\/13\/los-jubilados-no-pueden-esperar-mas-union-por-la-patria-firmo-dictamen-para-mejorar-los-haberes\/","title":{"rendered":"\u201cLos jubilados no pueden esperar m\u00e1s\u201d: Uni\u00f3n por la Patria firm\u00f3 dictamen para mejorar los haberes"},"content":{"rendered":"<p><img loading=\"lazy\" decoding=\"async\" class=\"alignnone size-full wp-image-159349\" src=\"https:\/\/noticiasmercedinas.com\/site\/wp-content\/uploads\/2025\/05\/FB_IMG_1747183775646-e1747185368584.jpg\" alt=\"\" width=\"716\" height=\"625\" srcset=\"https:\/\/noticiasmercedinas.com\/site\/wp-content\/uploads\/2025\/05\/FB_IMG_1747183775646-e1747185368584.jpg 716w, https:\/\/noticiasmercedinas.com\/site\/wp-content\/uploads\/2025\/05\/FB_IMG_1747183775646-e1747185368584-300x262.jpg 300w, https:\/\/noticiasmercedinas.com\/site\/wp-content\/uploads\/2025\/05\/FB_IMG_1747183775646-e1747185368584-640x559.jpg 640w, https:\/\/noticiasmercedinas.com\/site\/wp-content\/uploads\/2025\/05\/FB_IMG_1747183775646-e1747185368584-681x594.jpg 681w\" sizes=\"auto, (max-width: 716px) 100vw, 716px\" \/><\/p>\n<p>En el plenario de las comisiones de Previsi\u00f3n y Seguridad Social y de Presupuesto y Hacienda de la C\u00e1mara de Diputados de la Naci\u00f3n, el bloque de Uni\u00f3n por la Patria firm\u00f3 dictamen para impulsar una serie de medidas que buscan mejorar de forma urgente la situaci\u00f3n de los jubilados y jubiladas.<\/p>\n<p>\u201cLos jubilados no pueden esperar m\u00e1s\u201d, expres\u00f3 la diputada Vanesa Siley al anunciar el avance del proyecto.<\/p>\n<p>Entre los principales puntos del dictamen figuran la extensi\u00f3n de la moratoria previsional por dos a\u00f1os para quienes ya tienen la edad jubilatoria, un aumento de emergencia del 7,2% para todos los haberes jubilatorios y la actualizaci\u00f3n del bono mensual, que pasar\u00eda de $70.000 a $115.000.<\/p>\n<p>Adem\u00e1s, se propone una modificaci\u00f3n en el r\u00e9gimen de la Pensi\u00f3n Universal para el Adulto Mayor (PUAM), permitiendo el acceso a mujeres desde los 60 a\u00f1os y eliminando las incompatibilidades y la evaluaci\u00f3n socioecon\u00f3mica. Tambi\u00e9n se contempla que el Estado nacional cubra la doceava parte del d\u00e9ficit del a\u00f1o anterior de los reg\u00edmenes previsionales provinciales no transferidos.<\/p>\n<p>\u201cEs necesario recuperar ya el valor de las jubilaciones\u201d, sostuvo Siley. \u201cNo es justo que tengan que elegir qu\u00e9 noches cenan y cu\u00e1les no, ni que deban racionalizar los medicamentos para que les duren m\u00e1s, ni que en este invierno les corten el gas por no poder pagar las facturas\u201d, advirti\u00f3<\/p>\n<p><img loading=\"lazy\" decoding=\"async\" class=\"alignnone size-full wp-image-159352\" src=\"https:\/\/noticiasmercedinas.com\/site\/wp-content\/uploads\/2025\/05\/FB_IMG_1747183780755.jpg\" alt=\"\" width=\"720\" height=\"1082\" srcset=\"https:\/\/noticiasmercedinas.com\/site\/wp-content\/uploads\/2025\/05\/FB_IMG_1747183780755.jpg 720w, https:\/\/noticiasmercedinas.com\/site\/wp-content\/uploads\/2025\/05\/FB_IMG_1747183780755-200x300.jpg 200w, https:\/\/noticiasmercedinas.com\/site\/wp-content\/uploads\/2025\/05\/FB_IMG_1747183780755-681x1023.jpg 681w, https:\/\/noticiasmercedinas.com\/site\/wp-content\/uploads\/2025\/05\/FB_IMG_1747183780755-640x962.jpg 640w\" sizes=\"auto, (max-width: 720px) 100vw, 720px\" \/><\/p>\n","protected":false},"excerpt":{"rendered":"<p>\u25a0 El bloque oficialista impuls\u00f3 una serie de medidas en un plenario de comisiones que incluye aumento de emergencia, ampliaci\u00f3n de la moratoria y actualizaci\u00f3n del bono. La diputada Vanesa Siley cuestion\u00f3 duramente la situaci\u00f3n actual del sistema previsional<\/p>\n","protected":false},"author":16,"featured_media":159349,"comment_status":"closed","ping_status":"closed","sticky":false,"template":"","format":"standard","meta":{"footnotes":""},"categories":[16],"tags":[160,51],"class_list":["post-159347","post","type-post","status-publish","format-standard","has-post-thumbnail","hentry","category-politica","tag-jubilados","tag-vanesa-siley"],"yoast_head":"<!-- This site is optimized with the Yoast SEO plugin v27.4 - https:\/\/yoast.com\/product\/yoast-seo-wordpress\/ -->\n<title>\u201cLos jubilados no pueden esperar m\u00e1s\u201d: Uni\u00f3n por la Patria firm\u00f3 dictamen para mejorar los haberes<\/title>\n<meta name=\"description\" content=\"El bloque oficialista impuls\u00f3 una serie de medidas en un plenario de comisiones que incluye aumento de emergencia, ampliaci\u00f3n de la moratoria y actualizaci\u00f3n del bono. La diputada Vanesa Siley cuestion\u00f3 duramente la situaci\u00f3n actual del sistema previsional\" \/>\n<meta name=\"robots\" content=\"index, follow, max-snippet:-1, max-image-preview:large, max-video-preview:-1\" \/>\n<link rel=\"canonical\" href=\"https:\/\/noticiasmercedinas.com\/site\/2025\/05\/13\/los-jubilados-no-pueden-esperar-mas-union-por-la-patria-firmo-dictamen-para-mejorar-los-haberes\/\" \/>\n<meta property=\"og:locale\" content=\"es_ES\" \/>\n<meta property=\"og:type\" content=\"article\" \/>\n<meta property=\"og:title\" content=\"\u201cLos jubilados no pueden esperar m\u00e1s\u201d: Uni\u00f3n por la Patria firm\u00f3 dictamen para mejorar los haberes\" \/>\n<meta property=\"og:description\" content=\"El bloque oficialista impuls\u00f3 una serie de medidas en un plenario de comisiones que incluye aumento de emergencia, ampliaci\u00f3n de la moratoria y actualizaci\u00f3n del bono. La diputada Vanesa Siley cuestion\u00f3 duramente la situaci\u00f3n actual del sistema previsional\" \/>\n<meta property=\"og:url\" content=\"https:\/\/noticiasmercedinas.com\/site\/2025\/05\/13\/los-jubilados-no-pueden-esperar-mas-union-por-la-patria-firmo-dictamen-para-mejorar-los-haberes\/\" \/>\n<meta property=\"og:site_name\" content=\"NOTICIASMERCEDINAS.COM\" \/>\n<meta property=\"article:publisher\" content=\"https:\/\/www.facebook.com\/noticiasmercedinas\/\" \/>\n<meta property=\"article:published_time\" content=\"2025-05-14T01:16:31+00:00\" \/>\n<meta property=\"article:modified_time\" content=\"2025-05-14T02:04:31+00:00\" \/>\n<meta property=\"og:image\" content=\"https:\/\/noticiasmercedinas.com\/site\/wp-content\/uploads\/2025\/05\/FB_IMG_1747183775646-e1747185368584.jpg\" \/>\n\t<meta property=\"og:image:width\" content=\"716\" \/>\n\t<meta property=\"og:image:height\" content=\"625\" \/>\n\t<meta property=\"og:image:type\" content=\"image\/jpeg\" \/>\n<meta name=\"author\" content=\"NOTICIASMERCEDINAS.COM\" \/>\n<meta name=\"twitter:card\" content=\"summary_large_image\" \/>\n<meta name=\"twitter:creator\" content=\"@notmercedinas\" \/>\n<meta name=\"twitter:site\" content=\"@notmercedinas\" \/>\n<meta name=\"twitter:label1\" content=\"Escrito por\" \/>\n\t<meta name=\"twitter:data1\" content=\"NOTICIASMERCEDINAS.COM\" \/>\n\t<meta name=\"twitter:label2\" content=\"Tiempo de lectura\" \/>\n\t<meta name=\"twitter:data2\" content=\"2 minutos\" \/>\n<script type=\"application\/ld+json\" class=\"yoast-schema-graph\">{\"@context\":\"https:\\\/\\\/schema.org\",\"@graph\":[{\"@type\":\"Article\",\"@id\":\"https:\\\/\\\/noticiasmercedinas.com\\\/site\\\/2025\\\/05\\\/13\\\/los-jubilados-no-pueden-esperar-mas-union-por-la-patria-firmo-dictamen-para-mejorar-los-haberes\\\/#article\",\"isPartOf\":{\"@id\":\"https:\\\/\\\/noticiasmercedinas.com\\\/site\\\/2025\\\/05\\\/13\\\/los-jubilados-no-pueden-esperar-mas-union-por-la-patria-firmo-dictamen-para-mejorar-los-haberes\\\/\"},\"author\":{\"name\":\"NOTICIASMERCEDINAS.COM\",\"@id\":\"https:\\\/\\\/noticiasmercedinas.com\\\/site\\\/#\\\/schema\\\/person\\\/84b59c099c28ff2e8b77d4ceec5d8063\"},\"headline\":\"\u201cLos jubilados no pueden esperar m\u00e1s\u201d: Uni\u00f3n por la Patria firm\u00f3 dictamen para mejorar los haberes\",\"datePublished\":\"2025-05-14T01:16:31+00:00\",\"dateModified\":\"2025-05-14T02:04:31+00:00\",\"mainEntityOfPage\":{\"@id\":\"https:\\\/\\\/noticiasmercedinas.com\\\/site\\\/2025\\\/05\\\/13\\\/los-jubilados-no-pueden-esperar-mas-union-por-la-patria-firmo-dictamen-para-mejorar-los-haberes\\\/\"},\"wordCount\":260,\"publisher\":{\"@id\":\"https:\\\/\\\/noticiasmercedinas.com\\\/site\\\/#organization\"},\"image\":{\"@id\":\"https:\\\/\\\/noticiasmercedinas.com\\\/site\\\/2025\\\/05\\\/13\\\/los-jubilados-no-pueden-esperar-mas-union-por-la-patria-firmo-dictamen-para-mejorar-los-haberes\\\/#primaryimage\"},\"thumbnailUrl\":\"https:\\\/\\\/noticiasmercedinas.com\\\/site\\\/wp-content\\\/uploads\\\/2025\\\/05\\\/FB_IMG_1747183775646-e1747185368584.jpg\",\"keywords\":[\"jubilados\",\"vanesa siley\"],\"articleSection\":[\"Politica\"],\"inLanguage\":\"es\"},{\"@type\":\"WebPage\",\"@id\":\"https:\\\/\\\/noticiasmercedinas.com\\\/site\\\/2025\\\/05\\\/13\\\/los-jubilados-no-pueden-esperar-mas-union-por-la-patria-firmo-dictamen-para-mejorar-los-haberes\\\/\",\"url\":\"https:\\\/\\\/noticiasmercedinas.com\\\/site\\\/2025\\\/05\\\/13\\\/los-jubilados-no-pueden-esperar-mas-union-por-la-patria-firmo-dictamen-para-mejorar-los-haberes\\\/\",\"name\":\"\u201cLos jubilados no pueden esperar m\u00e1s\u201d: Uni\u00f3n por la Patria firm\u00f3 dictamen para mejorar los haberes\",\"isPartOf\":{\"@id\":\"https:\\\/\\\/noticiasmercedinas.com\\\/site\\\/#website\"},\"primaryImageOfPage\":{\"@id\":\"https:\\\/\\\/noticiasmercedinas.com\\\/site\\\/2025\\\/05\\\/13\\\/los-jubilados-no-pueden-esperar-mas-union-por-la-patria-firmo-dictamen-para-mejorar-los-haberes\\\/#primaryimage\"},\"image\":{\"@id\":\"https:\\\/\\\/noticiasmercedinas.com\\\/site\\\/2025\\\/05\\\/13\\\/los-jubilados-no-pueden-esperar-mas-union-por-la-patria-firmo-dictamen-para-mejorar-los-haberes\\\/#primaryimage\"},\"thumbnailUrl\":\"https:\\\/\\\/noticiasmercedinas.com\\\/site\\\/wp-content\\\/uploads\\\/2025\\\/05\\\/FB_IMG_1747183775646-e1747185368584.jpg\",\"datePublished\":\"2025-05-14T01:16:31+00:00\",\"dateModified\":\"2025-05-14T02:04:31+00:00\",\"description\":\"El bloque oficialista impuls\u00f3 una serie de medidas en un plenario de comisiones que incluye aumento de emergencia, ampliaci\u00f3n de la moratoria y actualizaci\u00f3n del bono. La diputada Vanesa Siley cuestion\u00f3 duramente la situaci\u00f3n actual del sistema previsional\",\"breadcrumb\":{\"@id\":\"https:\\\/\\\/noticiasmercedinas.com\\\/site\\\/2025\\\/05\\\/13\\\/los-jubilados-no-pueden-esperar-mas-union-por-la-patria-firmo-dictamen-para-mejorar-los-haberes\\\/#breadcrumb\"},\"inLanguage\":\"es\",\"potentialAction\":[{\"@type\":\"ReadAction\",\"target\":[\"https:\\\/\\\/noticiasmercedinas.com\\\/site\\\/2025\\\/05\\\/13\\\/los-jubilados-no-pueden-esperar-mas-union-por-la-patria-firmo-dictamen-para-mejorar-los-haberes\\\/\"]}]},{\"@type\":\"ImageObject\",\"inLanguage\":\"es\",\"@id\":\"https:\\\/\\\/noticiasmercedinas.com\\\/site\\\/2025\\\/05\\\/13\\\/los-jubilados-no-pueden-esperar-mas-union-por-la-patria-firmo-dictamen-para-mejorar-los-haberes\\\/#primaryimage\",\"url\":\"https:\\\/\\\/noticiasmercedinas.com\\\/site\\\/wp-content\\\/uploads\\\/2025\\\/05\\\/FB_IMG_1747183775646-e1747185368584.jpg\",\"contentUrl\":\"https:\\\/\\\/noticiasmercedinas.com\\\/site\\\/wp-content\\\/uploads\\\/2025\\\/05\\\/FB_IMG_1747183775646-e1747185368584.jpg\",\"width\":716,\"height\":625},{\"@type\":\"BreadcrumbList\",\"@id\":\"https:\\\/\\\/noticiasmercedinas.com\\\/site\\\/2025\\\/05\\\/13\\\/los-jubilados-no-pueden-esperar-mas-union-por-la-patria-firmo-dictamen-para-mejorar-los-haberes\\\/#breadcrumb\",\"itemListElement\":[{\"@type\":\"ListItem\",\"position\":1,\"name\":\"Portada\",\"item\":\"https:\\\/\\\/noticiasmercedinas.com\\\/site\\\/\"},{\"@type\":\"ListItem\",\"position\":2,\"name\":\"\u201cLos jubilados no pueden esperar m\u00e1s\u201d: Uni\u00f3n por la Patria firm\u00f3 dictamen para mejorar los haberes\"}]},{\"@type\":\"WebSite\",\"@id\":\"https:\\\/\\\/noticiasmercedinas.com\\\/site\\\/#website\",\"url\":\"https:\\\/\\\/noticiasmercedinas.com\\\/site\\\/\",\"name\":\"NOTICIASMERCEDINAS.COM\",\"description\":\"Mercedes, Buenos Aires, Argentina\",\"publisher\":{\"@id\":\"https:\\\/\\\/noticiasmercedinas.com\\\/site\\\/#organization\"},\"potentialAction\":[{\"@type\":\"SearchAction\",\"target\":{\"@type\":\"EntryPoint\",\"urlTemplate\":\"https:\\\/\\\/noticiasmercedinas.com\\\/site\\\/?s={search_term_string}\"},\"query-input\":{\"@type\":\"PropertyValueSpecification\",\"valueRequired\":true,\"valueName\":\"search_term_string\"}}],\"inLanguage\":\"es\"},{\"@type\":\"Organization\",\"@id\":\"https:\\\/\\\/noticiasmercedinas.com\\\/site\\\/#organization\",\"name\":\"NOTICIASMERCEDINAS.COM\",\"url\":\"https:\\\/\\\/noticiasmercedinas.com\\\/site\\\/\",\"logo\":{\"@type\":\"ImageObject\",\"inLanguage\":\"es\",\"@id\":\"https:\\\/\\\/noticiasmercedinas.com\\\/site\\\/#\\\/schema\\\/logo\\\/image\\\/\",\"url\":\"https:\\\/\\\/noticiasmercedinas.com\\\/site\\\/wp-content\\\/uploads\\\/2020\\\/06\\\/LOGO-512.jpg\",\"contentUrl\":\"https:\\\/\\\/noticiasmercedinas.com\\\/site\\\/wp-content\\\/uploads\\\/2020\\\/06\\\/LOGO-512.jpg\",\"width\":512,\"height\":512,\"caption\":\"NOTICIASMERCEDINAS.COM\"},\"image\":{\"@id\":\"https:\\\/\\\/noticiasmercedinas.com\\\/site\\\/#\\\/schema\\\/logo\\\/image\\\/\"},\"sameAs\":[\"https:\\\/\\\/www.facebook.com\\\/noticiasmercedinas\\\/\",\"https:\\\/\\\/x.com\\\/notmercedinas\",\"https:\\\/\\\/www.instagram.com\\\/noticiasmercedinas\\\/\"]},{\"@type\":\"Person\",\"@id\":\"https:\\\/\\\/noticiasmercedinas.com\\\/site\\\/#\\\/schema\\\/person\\\/84b59c099c28ff2e8b77d4ceec5d8063\",\"name\":\"NOTICIASMERCEDINAS.COM\",\"image\":{\"@type\":\"ImageObject\",\"inLanguage\":\"es\",\"@id\":\"https:\\\/\\\/secure.gravatar.com\\\/avatar\\\/4dfbf16b4d17945bfb6341b2d19043457132fcf478a5ee04f42e959fd8f5df0a?s=96&d=mm&r=g\",\"url\":\"https:\\\/\\\/secure.gravatar.com\\\/avatar\\\/4dfbf16b4d17945bfb6341b2d19043457132fcf478a5ee04f42e959fd8f5df0a?s=96&d=mm&r=g\",\"contentUrl\":\"https:\\\/\\\/secure.gravatar.com\\\/avatar\\\/4dfbf16b4d17945bfb6341b2d19043457132fcf478a5ee04f42e959fd8f5df0a?s=96&d=mm&r=g\",\"caption\":\"NOTICIASMERCEDINAS.COM\"},\"url\":\"https:\\\/\\\/noticiasmercedinas.com\\\/site\\\/author\\\/anonimo\\\/\"}]}<\/script>\n<!-- \/ Yoast SEO plugin. -->","yoast_head_json":{"title":"\u201cLos jubilados no pueden esperar m\u00e1s\u201d: Uni\u00f3n por la Patria firm\u00f3 dictamen para mejorar los haberes","description":"El bloque oficialista impuls\u00f3 una serie de medidas en un plenario de comisiones que incluye aumento de emergencia, ampliaci\u00f3n de la moratoria y actualizaci\u00f3n del bono. La diputada Vanesa Siley cuestion\u00f3 duramente la situaci\u00f3n actual del sistema previsional","robots":{"index":"index","follow":"follow","max-snippet":"max-snippet:-1","max-image-preview":"max-image-preview:large","max-video-preview":"max-video-preview:-1"},"canonical":"https:\/\/noticiasmercedinas.com\/site\/2025\/05\/13\/los-jubilados-no-pueden-esperar-mas-union-por-la-patria-firmo-dictamen-para-mejorar-los-haberes\/","og_locale":"es_ES","og_type":"article","og_title":"\u201cLos jubilados no pueden esperar m\u00e1s\u201d: Uni\u00f3n por la Patria firm\u00f3 dictamen para mejorar los haberes","og_description":"El bloque oficialista impuls\u00f3 una serie de medidas en un plenario de comisiones que incluye aumento de emergencia, ampliaci\u00f3n de la moratoria y actualizaci\u00f3n del bono. La diputada Vanesa Siley cuestion\u00f3 duramente la situaci\u00f3n actual del sistema previsional","og_url":"https:\/\/noticiasmercedinas.com\/site\/2025\/05\/13\/los-jubilados-no-pueden-esperar-mas-union-por-la-patria-firmo-dictamen-para-mejorar-los-haberes\/","og_site_name":"NOTICIASMERCEDINAS.COM","article_publisher":"https:\/\/www.facebook.com\/noticiasmercedinas\/","article_published_time":"2025-05-14T01:16:31+00:00","article_modified_time":"2025-05-14T02:04:31+00:00","og_image":[{"width":716,"height":625,"url":"https:\/\/noticiasmercedinas.com\/site\/wp-content\/uploads\/2025\/05\/FB_IMG_1747183775646-e1747185368584.jpg","type":"image\/jpeg"}],"author":"NOTICIASMERCEDINAS.COM","twitter_card":"summary_large_image","twitter_creator":"@notmercedinas","twitter_site":"@notmercedinas","twitter_misc":{"Escrito por":"NOTICIASMERCEDINAS.COM","Tiempo de lectura":"2 minutos"},"schema":{"@context":"https:\/\/schema.org","@graph":[{"@type":"Article","@id":"https:\/\/noticiasmercedinas.com\/site\/2025\/05\/13\/los-jubilados-no-pueden-esperar-mas-union-por-la-patria-firmo-dictamen-para-mejorar-los-haberes\/#article","isPartOf":{"@id":"https:\/\/noticiasmercedinas.com\/site\/2025\/05\/13\/los-jubilados-no-pueden-esperar-mas-union-por-la-patria-firmo-dictamen-para-mejorar-los-haberes\/"},"author":{"name":"NOTICIASMERCEDINAS.COM","@id":"https:\/\/noticiasmercedinas.com\/site\/#\/schema\/person\/84b59c099c28ff2e8b77d4ceec5d8063"},"headline":"\u201cLos jubilados no pueden esperar m\u00e1s\u201d: Uni\u00f3n por la Patria firm\u00f3 dictamen para mejorar los haberes","datePublished":"2025-05-14T01:16:31+00:00","dateModified":"2025-05-14T02:04:31+00:00","mainEntityOfPage":{"@id":"https:\/\/noticiasmercedinas.com\/site\/2025\/05\/13\/los-jubilados-no-pueden-esperar-mas-union-por-la-patria-firmo-dictamen-para-mejorar-los-haberes\/"},"wordCount":260,"publisher":{"@id":"https:\/\/noticiasmercedinas.com\/site\/#organization"},"image":{"@id":"https:\/\/noticiasmercedinas.com\/site\/2025\/05\/13\/los-jubilados-no-pueden-esperar-mas-union-por-la-patria-firmo-dictamen-para-mejorar-los-haberes\/#primaryimage"},"thumbnailUrl":"https:\/\/noticiasmercedinas.com\/site\/wp-content\/uploads\/2025\/05\/FB_IMG_1747183775646-e1747185368584.jpg","keywords":["jubilados","vanesa siley"],"articleSection":["Politica"],"inLanguage":"es"},{"@type":"WebPage","@id":"https:\/\/noticiasmercedinas.com\/site\/2025\/05\/13\/los-jubilados-no-pueden-esperar-mas-union-por-la-patria-firmo-dictamen-para-mejorar-los-haberes\/","url":"https:\/\/noticiasmercedinas.com\/site\/2025\/05\/13\/los-jubilados-no-pueden-esperar-mas-union-por-la-patria-firmo-dictamen-para-mejorar-los-haberes\/","name":"\u201cLos jubilados no pueden esperar m\u00e1s\u201d: Uni\u00f3n por la Patria firm\u00f3 dictamen para mejorar los haberes","isPartOf":{"@id":"https:\/\/noticiasmercedinas.com\/site\/#website"},"primaryImageOfPage":{"@id":"https:\/\/noticiasmercedinas.com\/site\/2025\/05\/13\/los-jubilados-no-pueden-esperar-mas-union-por-la-patria-firmo-dictamen-para-mejorar-los-haberes\/#primaryimage"},"image":{"@id":"https:\/\/noticiasmercedinas.com\/site\/2025\/05\/13\/los-jubilados-no-pueden-esperar-mas-union-por-la-patria-firmo-dictamen-para-mejorar-los-haberes\/#primaryimage"},"thumbnailUrl":"https:\/\/noticiasmercedinas.com\/site\/wp-content\/uploads\/2025\/05\/FB_IMG_1747183775646-e1747185368584.jpg","datePublished":"2025-05-14T01:16:31+00:00","dateModified":"2025-05-14T02:04:31+00:00","description":"El bloque oficialista impuls\u00f3 una serie de medidas en un plenario de comisiones que incluye aumento de emergencia, ampliaci\u00f3n de la moratoria y actualizaci\u00f3n del bono. La diputada Vanesa Siley cuestion\u00f3 duramente la situaci\u00f3n actual del sistema previsional","breadcrumb":{"@id":"https:\/\/noticiasmercedinas.com\/site\/2025\/05\/13\/los-jubilados-no-pueden-esperar-mas-union-por-la-patria-firmo-dictamen-para-mejorar-los-haberes\/#breadcrumb"},"inLanguage":"es","potentialAction":[{"@type":"ReadAction","target":["https:\/\/noticiasmercedinas.com\/site\/2025\/05\/13\/los-jubilados-no-pueden-esperar-mas-union-por-la-patria-firmo-dictamen-para-mejorar-los-haberes\/"]}]},{"@type":"ImageObject","inLanguage":"es","@id":"https:\/\/noticiasmercedinas.com\/site\/2025\/05\/13\/los-jubilados-no-pueden-esperar-mas-union-por-la-patria-firmo-dictamen-para-mejorar-los-haberes\/#primaryimage","url":"https:\/\/noticiasmercedinas.com\/site\/wp-content\/uploads\/2025\/05\/FB_IMG_1747183775646-e1747185368584.jpg","contentUrl":"https:\/\/noticiasmercedinas.com\/site\/wp-content\/uploads\/2025\/05\/FB_IMG_1747183775646-e1747185368584.jpg","width":716,"height":625},{"@type":"BreadcrumbList","@id":"https:\/\/noticiasmercedinas.com\/site\/2025\/05\/13\/los-jubilados-no-pueden-esperar-mas-union-por-la-patria-firmo-dictamen-para-mejorar-los-haberes\/#breadcrumb","itemListElement":[{"@type":"ListItem","position":1,"name":"Portada","item":"https:\/\/noticiasmercedinas.com\/site\/"},{"@type":"ListItem","position":2,"name":"\u201cLos jubilados no pueden esperar m\u00e1s\u201d: Uni\u00f3n por la Patria firm\u00f3 dictamen para mejorar los haberes"}]},{"@type":"WebSite","@id":"https:\/\/noticiasmercedinas.com\/site\/#website","url":"https:\/\/noticiasmercedinas.com\/site\/","name":"NOTICIASMERCEDINAS.COM","description":"Mercedes, Buenos Aires, Argentina","publisher":{"@id":"https:\/\/noticiasmercedinas.com\/site\/#organization"},"potentialAction":[{"@type":"SearchAction","target":{"@type":"EntryPoint","urlTemplate":"https:\/\/noticiasmercedinas.com\/site\/?s={search_term_string}"},"query-input":{"@type":"PropertyValueSpecification","valueRequired":true,"valueName":"search_term_string"}}],"inLanguage":"es"},{"@type":"Organization","@id":"https:\/\/noticiasmercedinas.com\/site\/#organization","name":"NOTICIASMERCEDINAS.COM","url":"https:\/\/noticiasmercedinas.com\/site\/","logo":{"@type":"ImageObject","inLanguage":"es","@id":"https:\/\/noticiasmercedinas.com\/site\/#\/schema\/logo\/image\/","url":"https:\/\/noticiasmercedinas.com\/site\/wp-content\/uploads\/2020\/06\/LOGO-512.jpg","contentUrl":"https:\/\/noticiasmercedinas.com\/site\/wp-content\/uploads\/2020\/06\/LOGO-512.jpg","width":512,"height":512,"caption":"NOTICIASMERCEDINAS.COM"},"image":{"@id":"https:\/\/noticiasmercedinas.com\/site\/#\/schema\/logo\/image\/"},"sameAs":["https:\/\/www.facebook.com\/noticiasmercedinas\/","https:\/\/x.com\/notmercedinas","https:\/\/www.instagram.com\/noticiasmercedinas\/"]},{"@type":"Person","@id":"https:\/\/noticiasmercedinas.com\/site\/#\/schema\/person\/84b59c099c28ff2e8b77d4ceec5d8063","name":"NOTICIASMERCEDINAS.COM","image":{"@type":"ImageObject","inLanguage":"es","@id":"https:\/\/secure.gravatar.com\/avatar\/4dfbf16b4d17945bfb6341b2d19043457132fcf478a5ee04f42e959fd8f5df0a?s=96&d=mm&r=g","url":"https:\/\/secure.gravatar.com\/avatar\/4dfbf16b4d17945bfb6341b2d19043457132fcf478a5ee04f42e959fd8f5df0a?s=96&d=mm&r=g","contentUrl":"https:\/\/secure.gravatar.com\/avatar\/4dfbf16b4d17945bfb6341b2d19043457132fcf478a5ee04f42e959fd8f5df0a?s=96&d=mm&r=g","caption":"NOTICIASMERCEDINAS.COM"},"url":"https:\/\/noticiasmercedinas.com\/site\/author\/anonimo\/"}]}},"amp_enabled":true,"_links":{"self":[{"href":"https:\/\/noticiasmercedinas.com\/site\/wp-json\/wp\/v2\/posts\/159347","targetHints":{"allow":["GET"]}}],"collection":[{"href":"https:\/\/noticiasmercedinas.com\/site\/wp-json\/wp\/v2\/posts"}],"about":[{"href":"https:\/\/noticiasmercedinas.com\/site\/wp-json\/wp\/v2\/types\/post"}],"author":[{"embeddable":true,"href":"https:\/\/noticiasmercedinas.com\/site\/wp-json\/wp\/v2\/users\/16"}],"replies":[{"embeddable":true,"href":"https:\/\/noticiasmercedinas.com\/site\/wp-json\/wp\/v2\/comments?post=159347"}],"version-history":[{"count":5,"href":"https:\/\/noticiasmercedinas.com\/site\/wp-json\/wp\/v2\/posts\/159347\/revisions"}],"predecessor-version":[{"id":159361,"href":"https:\/\/noticiasmercedinas.com\/site\/wp-json\/wp\/v2\/posts\/159347\/revisions\/159361"}],"wp:featuredmedia":[{"embeddable":true,"href":"https:\/\/noticiasmercedinas.com\/site\/wp-json\/wp\/v2\/media\/159349"}],"wp:attachment":[{"href":"https:\/\/noticiasmercedinas.com\/site\/wp-json\/wp\/v2\/media?parent=159347"}],"wp:term":[{"taxonomy":"category","embeddable":true,"href":"https:\/\/noticiasmercedinas.com\/site\/wp-json\/wp\/v2\/categories?post=159347"},{"taxonomy":"post_tag","embeddable":true,"href":"https:\/\/noticiasmercedinas.com\/site\/wp-json\/wp\/v2\/tags?post=159347"}],"curies":[{"name":"wp","href":"https:\/\/api.w.org\/{rel}","templated":true}]}}