{"id":159364,"date":"2025-05-14T08:24:34","date_gmt":"2025-05-14T11:24:34","guid":{"rendered":"https:\/\/noticiasmercedinas.com\/site\/?p=159364"},"modified":"2025-05-14T08:24:34","modified_gmt":"2025-05-14T11:24:34","slug":"la-provincia-organizo-una-ronda-de-negocios-destinada-al-programa-produccion-bonaerense","status":"publish","type":"post","link":"https:\/\/noticiasmercedinas.com\/site\/2025\/05\/14\/la-provincia-organizo-una-ronda-de-negocios-destinada-al-programa-produccion-bonaerense\/","title":{"rendered":"La Provincia organiz\u00f3 una Ronda de Negocios destinada al programa Producci\u00f3n Bonaerense\u00a0"},"content":{"rendered":"<p dir=\"ltr\"><img loading=\"lazy\" decoding=\"async\" class=\"alignnone size-full wp-image-159365\" src=\"https:\/\/noticiasmercedinas.com\/site\/wp-content\/uploads\/2025\/05\/6-3.jpg\" alt=\"\" width=\"640\" height=\"427\" srcset=\"https:\/\/noticiasmercedinas.com\/site\/wp-content\/uploads\/2025\/05\/6-3.jpg 640w, https:\/\/noticiasmercedinas.com\/site\/wp-content\/uploads\/2025\/05\/6-3-300x200.jpg 300w\" sizes=\"auto, (max-width: 640px) 100vw, 640px\" \/><\/p>\n<p dir=\"ltr\">El\u00a0Ministerio de Producci\u00f3n, Ciencia e Innovaci\u00f3n Tecnol\u00f3gica de la provincia de Buenos Aires\u00a0llev\u00f3 adelante este martes en Escobar, con la participaci\u00f3n del intendente Ariel Sujarchuk, una nueva\u00a0Ronda de Negocios, esta vez dedicada al programa\u00a0Producci\u00f3n Bonaerense, que visibiliza marcas bonaerenses y les brindar apoyo t\u00e9cnico y comercial para que accedan a g\u00f3ndolas de supermercados y distintas cadenas de comercializaci\u00f3n.<\/p>\n<p dir=\"ltr\">El encuentro cont\u00f3 con 150 empresas fabricantes de productos finales para g\u00f3ndola y con 26 compradores representantes de cadenas de supermercados, autoservicios y grupos de compras de toda la Provincia.<\/p>\n<p dir=\"ltr\">La de Escobar fue la\u00a080\u00b0\u00a0Ronda de Negocios organizada por la Provincia desde 2022 y form\u00f3 parte de la intensa pol\u00edtica provincial de fomento a las empresas locales, ya que propicia encuentros de trabajo, genera contactos productivos y comerciales y permite difundir las distintas herramientas productivas, de financiamiento y de asistencia t\u00e9cnica con las que hoy cuenta el Estado bonaerense.<\/p>\n<p dir=\"ltr\">\u201c1 de cada 4 pymes que participa en las rondas de Producci\u00f3n Bonaerense y se re\u00fane con autoservicios, supermercados y grupos de compra, logra ingresar como proveedor a alg\u00fan nuevo punto de venta\u201d, destac\u00f3 el subsecretario de Desarrollo Comercial y Promoci\u00f3n de Inversiones de la Provincia, Ariel Aguilar.<\/p>\n<p dir=\"ltr\">M\u00e1s de 16.800 empresas ya han participado en las Rondas de Negocios que organiza la Provincia: el 95 por ciento de quienes asisten afirma haber sumado\u00a0contactos de utilidad, mientras que\u00a0una de cada tres empresas logra concretar negocios\u00a0a partir de su participaci\u00f3n.<\/p>\n<p dir=\"ltr\">Adem\u00e1s de Aguilar, participaron del encuentro la subsecretaria de Industria y Pymes bonaerense, Mariela Bembi, representantes de los ministerios de Ambiente, de Desarrollo de la Comunidad y de Desarrollo Agrario de la provincia de Buenos Aires, del Banco Provincia; de la Comisi\u00f3n de Investigaciones Cient\u00edficas (CIC), y del Fondo de Garant\u00edas Buenos Aires (FoGaBA). Tambi\u00e9n formaron parte representantes de La C\u00e1mara Argentina de Supermercados (CAS) y La Federaci\u00f3n Argentina de Supermercados y Autoservicios (FASA) y de otras instituciones p\u00fablicas de la Provincia y el municipio.<\/p>\n<p dir=\"ltr\">Para acceder a m\u00e1s informaci\u00f3n o inscribirse en las Rondas de Negocios de la Provincia,\u00a0 entrar en el sitio web:\u00a0<a href=\"https:\/\/www.gba.gob.ar\/produccion\/ronda_de_negocios\" target=\"_blank\" rel=\"noopener\" data-saferedirecturl=\"https:\/\/www.google.com\/url?q=https:\/\/www.gba.gob.ar\/produccion\/ronda_de_negocios&amp;source=gmail&amp;ust=1747300280216000&amp;usg=AOvVaw1yjfYxln1TjNgw6bCOWp_B\">https:\/\/www.gba.gob.ar\/<wbr \/>produccion\/ronda_de_negocios<\/a><\/p>\n<p><img loading=\"lazy\" decoding=\"async\" class=\"alignnone size-full wp-image-159366\" src=\"https:\/\/noticiasmercedinas.com\/site\/wp-content\/uploads\/2025\/05\/7-1.jpg\" alt=\"\" width=\"640\" height=\"427\" srcset=\"https:\/\/noticiasmercedinas.com\/site\/wp-content\/uploads\/2025\/05\/7-1.jpg 640w, https:\/\/noticiasmercedinas.com\/site\/wp-content\/uploads\/2025\/05\/7-1-300x200.jpg 300w\" sizes=\"auto, (max-width: 640px) 100vw, 640px\" \/><\/p>\n","protected":false},"excerpt":{"rendered":"<p>El encuentro cont\u00f3 con 150 pymes inscriptas, en el marco de las pol\u00edticas productivas y comerciales que lleva adelante el Estado provincial, generando entrevistas de negocios y facilitando la llegada de marcas bonaerenses a las g\u00f3ndolas de los supermercados.\u00a0<\/p>\n","protected":false},"author":16,"featured_media":159365,"comment_status":"closed","ping_status":"closed","sticky":false,"template":"","format":"standard","meta":{"footnotes":""},"categories":[7919],"tags":[4223,376,12902],"class_list":["post-159364","post","type-post","status-publish","format-standard","has-post-thumbnail","hentry","category-provinciales","tag-escobar","tag-pymes","tag-ronda-de-negocios"],"yoast_head":"<!-- This site is optimized with the Yoast SEO plugin v27.4 - https:\/\/yoast.com\/product\/yoast-seo-wordpress\/ -->\n<title>La Provincia organiz\u00f3 una Ronda de Negocios destinada al programa Producci\u00f3n Bonaerense\u00a0<\/title>\n<meta name=\"description\" content=\"El encuentro cont\u00f3 con 150 pymes inscriptas, en el marco de las pol\u00edticas productivas y comerciales que lleva adelante el Estado provincial, generando entrevistas de negocios y facilitando la llegada de marcas bonaerenses a las g\u00f3ndolas de los supermercados.\u00a0\" \/>\n<meta name=\"robots\" content=\"index, follow, max-snippet:-1, max-image-preview:large, max-video-preview:-1\" \/>\n<link rel=\"canonical\" href=\"https:\/\/noticiasmercedinas.com\/site\/2025\/05\/14\/la-provincia-organizo-una-ronda-de-negocios-destinada-al-programa-produccion-bonaerense\/\" \/>\n<meta property=\"og:locale\" content=\"es_ES\" \/>\n<meta property=\"og:type\" content=\"article\" \/>\n<meta property=\"og:title\" content=\"La Provincia organiz\u00f3 una Ronda de Negocios destinada al programa Producci\u00f3n Bonaerense\u00a0\" \/>\n<meta property=\"og:description\" content=\"El encuentro cont\u00f3 con 150 pymes inscriptas, en el marco de las pol\u00edticas productivas y comerciales que lleva adelante el Estado provincial, generando entrevistas de negocios y facilitando la llegada de marcas bonaerenses a las g\u00f3ndolas de los supermercados.\u00a0\" \/>\n<meta property=\"og:url\" content=\"https:\/\/noticiasmercedinas.com\/site\/2025\/05\/14\/la-provincia-organizo-una-ronda-de-negocios-destinada-al-programa-produccion-bonaerense\/\" \/>\n<meta property=\"og:site_name\" content=\"NOTICIASMERCEDINAS.COM\" \/>\n<meta property=\"article:publisher\" content=\"https:\/\/www.facebook.com\/noticiasmercedinas\/\" \/>\n<meta property=\"article:published_time\" content=\"2025-05-14T11:24:34+00:00\" \/>\n<meta property=\"og:image\" content=\"https:\/\/noticiasmercedinas.com\/site\/wp-content\/uploads\/2025\/05\/6-3.jpg\" \/>\n\t<meta property=\"og:image:width\" content=\"640\" \/>\n\t<meta property=\"og:image:height\" content=\"427\" \/>\n\t<meta property=\"og:image:type\" content=\"image\/jpeg\" \/>\n<meta name=\"author\" content=\"NOTICIASMERCEDINAS.COM\" \/>\n<meta name=\"twitter:card\" content=\"summary_large_image\" \/>\n<meta name=\"twitter:creator\" content=\"@notmercedinas\" \/>\n<meta name=\"twitter:site\" content=\"@notmercedinas\" \/>\n<meta name=\"twitter:label1\" content=\"Escrito por\" \/>\n\t<meta name=\"twitter:data1\" content=\"NOTICIASMERCEDINAS.COM\" \/>\n\t<meta name=\"twitter:label2\" content=\"Tiempo de lectura\" \/>\n\t<meta name=\"twitter:data2\" content=\"3 minutos\" \/>\n<script type=\"application\/ld+json\" class=\"yoast-schema-graph\">{\"@context\":\"https:\\\/\\\/schema.org\",\"@graph\":[{\"@type\":\"Article\",\"@id\":\"https:\\\/\\\/noticiasmercedinas.com\\\/site\\\/2025\\\/05\\\/14\\\/la-provincia-organizo-una-ronda-de-negocios-destinada-al-programa-produccion-bonaerense\\\/#article\",\"isPartOf\":{\"@id\":\"https:\\\/\\\/noticiasmercedinas.com\\\/site\\\/2025\\\/05\\\/14\\\/la-provincia-organizo-una-ronda-de-negocios-destinada-al-programa-produccion-bonaerense\\\/\"},\"author\":{\"name\":\"NOTICIASMERCEDINAS.COM\",\"@id\":\"https:\\\/\\\/noticiasmercedinas.com\\\/site\\\/#\\\/schema\\\/person\\\/84b59c099c28ff2e8b77d4ceec5d8063\"},\"headline\":\"La Provincia organiz\u00f3 una Ronda de Negocios destinada al programa Producci\u00f3n Bonaerense\u00a0\",\"datePublished\":\"2025-05-14T11:24:34+00:00\",\"mainEntityOfPage\":{\"@id\":\"https:\\\/\\\/noticiasmercedinas.com\\\/site\\\/2025\\\/05\\\/14\\\/la-provincia-organizo-una-ronda-de-negocios-destinada-al-programa-produccion-bonaerense\\\/\"},\"wordCount\":391,\"publisher\":{\"@id\":\"https:\\\/\\\/noticiasmercedinas.com\\\/site\\\/#organization\"},\"image\":{\"@id\":\"https:\\\/\\\/noticiasmercedinas.com\\\/site\\\/2025\\\/05\\\/14\\\/la-provincia-organizo-una-ronda-de-negocios-destinada-al-programa-produccion-bonaerense\\\/#primaryimage\"},\"thumbnailUrl\":\"https:\\\/\\\/noticiasmercedinas.com\\\/site\\\/wp-content\\\/uploads\\\/2025\\\/05\\\/6-3.jpg\",\"keywords\":[\"escobar\",\"pymes\",\"ronda de negocios\"],\"articleSection\":[\"Provinciales\"],\"inLanguage\":\"es\"},{\"@type\":\"WebPage\",\"@id\":\"https:\\\/\\\/noticiasmercedinas.com\\\/site\\\/2025\\\/05\\\/14\\\/la-provincia-organizo-una-ronda-de-negocios-destinada-al-programa-produccion-bonaerense\\\/\",\"url\":\"https:\\\/\\\/noticiasmercedinas.com\\\/site\\\/2025\\\/05\\\/14\\\/la-provincia-organizo-una-ronda-de-negocios-destinada-al-programa-produccion-bonaerense\\\/\",\"name\":\"La Provincia organiz\u00f3 una Ronda de Negocios destinada al programa Producci\u00f3n Bonaerense\u00a0\",\"isPartOf\":{\"@id\":\"https:\\\/\\\/noticiasmercedinas.com\\\/site\\\/#website\"},\"primaryImageOfPage\":{\"@id\":\"https:\\\/\\\/noticiasmercedinas.com\\\/site\\\/2025\\\/05\\\/14\\\/la-provincia-organizo-una-ronda-de-negocios-destinada-al-programa-produccion-bonaerense\\\/#primaryimage\"},\"image\":{\"@id\":\"https:\\\/\\\/noticiasmercedinas.com\\\/site\\\/2025\\\/05\\\/14\\\/la-provincia-organizo-una-ronda-de-negocios-destinada-al-programa-produccion-bonaerense\\\/#primaryimage\"},\"thumbnailUrl\":\"https:\\\/\\\/noticiasmercedinas.com\\\/site\\\/wp-content\\\/uploads\\\/2025\\\/05\\\/6-3.jpg\",\"datePublished\":\"2025-05-14T11:24:34+00:00\",\"description\":\"El encuentro cont\u00f3 con 150 pymes inscriptas, en el marco de las pol\u00edticas productivas y comerciales que lleva adelante el Estado provincial, generando entrevistas de negocios y facilitando la llegada de marcas bonaerenses a las g\u00f3ndolas de los supermercados.\u00a0\",\"breadcrumb\":{\"@id\":\"https:\\\/\\\/noticiasmercedinas.com\\\/site\\\/2025\\\/05\\\/14\\\/la-provincia-organizo-una-ronda-de-negocios-destinada-al-programa-produccion-bonaerense\\\/#breadcrumb\"},\"inLanguage\":\"es\",\"potentialAction\":[{\"@type\":\"ReadAction\",\"target\":[\"https:\\\/\\\/noticiasmercedinas.com\\\/site\\\/2025\\\/05\\\/14\\\/la-provincia-organizo-una-ronda-de-negocios-destinada-al-programa-produccion-bonaerense\\\/\"]}]},{\"@type\":\"ImageObject\",\"inLanguage\":\"es\",\"@id\":\"https:\\\/\\\/noticiasmercedinas.com\\\/site\\\/2025\\\/05\\\/14\\\/la-provincia-organizo-una-ronda-de-negocios-destinada-al-programa-produccion-bonaerense\\\/#primaryimage\",\"url\":\"https:\\\/\\\/noticiasmercedinas.com\\\/site\\\/wp-content\\\/uploads\\\/2025\\\/05\\\/6-3.jpg\",\"contentUrl\":\"https:\\\/\\\/noticiasmercedinas.com\\\/site\\\/wp-content\\\/uploads\\\/2025\\\/05\\\/6-3.jpg\",\"width\":640,\"height\":427},{\"@type\":\"BreadcrumbList\",\"@id\":\"https:\\\/\\\/noticiasmercedinas.com\\\/site\\\/2025\\\/05\\\/14\\\/la-provincia-organizo-una-ronda-de-negocios-destinada-al-programa-produccion-bonaerense\\\/#breadcrumb\",\"itemListElement\":[{\"@type\":\"ListItem\",\"position\":1,\"name\":\"Portada\",\"item\":\"https:\\\/\\\/noticiasmercedinas.com\\\/site\\\/\"},{\"@type\":\"ListItem\",\"position\":2,\"name\":\"La Provincia organiz\u00f3 una Ronda de Negocios destinada al programa Producci\u00f3n Bonaerense\u00a0\"}]},{\"@type\":\"WebSite\",\"@id\":\"https:\\\/\\\/noticiasmercedinas.com\\\/site\\\/#website\",\"url\":\"https:\\\/\\\/noticiasmercedinas.com\\\/site\\\/\",\"name\":\"NOTICIASMERCEDINAS.COM\",\"description\":\"Mercedes, Buenos Aires, Argentina\",\"publisher\":{\"@id\":\"https:\\\/\\\/noticiasmercedinas.com\\\/site\\\/#organization\"},\"potentialAction\":[{\"@type\":\"SearchAction\",\"target\":{\"@type\":\"EntryPoint\",\"urlTemplate\":\"https:\\\/\\\/noticiasmercedinas.com\\\/site\\\/?s={search_term_string}\"},\"query-input\":{\"@type\":\"PropertyValueSpecification\",\"valueRequired\":true,\"valueName\":\"search_term_string\"}}],\"inLanguage\":\"es\"},{\"@type\":\"Organization\",\"@id\":\"https:\\\/\\\/noticiasmercedinas.com\\\/site\\\/#organization\",\"name\":\"NOTICIASMERCEDINAS.COM\",\"url\":\"https:\\\/\\\/noticiasmercedinas.com\\\/site\\\/\",\"logo\":{\"@type\":\"ImageObject\",\"inLanguage\":\"es\",\"@id\":\"https:\\\/\\\/noticiasmercedinas.com\\\/site\\\/#\\\/schema\\\/logo\\\/image\\\/\",\"url\":\"https:\\\/\\\/noticiasmercedinas.com\\\/site\\\/wp-content\\\/uploads\\\/2020\\\/06\\\/LOGO-512.jpg\",\"contentUrl\":\"https:\\\/\\\/noticiasmercedinas.com\\\/site\\\/wp-content\\\/uploads\\\/2020\\\/06\\\/LOGO-512.jpg\",\"width\":512,\"height\":512,\"caption\":\"NOTICIASMERCEDINAS.COM\"},\"image\":{\"@id\":\"https:\\\/\\\/noticiasmercedinas.com\\\/site\\\/#\\\/schema\\\/logo\\\/image\\\/\"},\"sameAs\":[\"https:\\\/\\\/www.facebook.com\\\/noticiasmercedinas\\\/\",\"https:\\\/\\\/x.com\\\/notmercedinas\",\"https:\\\/\\\/www.instagram.com\\\/noticiasmercedinas\\\/\"]},{\"@type\":\"Person\",\"@id\":\"https:\\\/\\\/noticiasmercedinas.com\\\/site\\\/#\\\/schema\\\/person\\\/84b59c099c28ff2e8b77d4ceec5d8063\",\"name\":\"NOTICIASMERCEDINAS.COM\",\"image\":{\"@type\":\"ImageObject\",\"inLanguage\":\"es\",\"@id\":\"https:\\\/\\\/secure.gravatar.com\\\/avatar\\\/4dfbf16b4d17945bfb6341b2d19043457132fcf478a5ee04f42e959fd8f5df0a?s=96&d=mm&r=g\",\"url\":\"https:\\\/\\\/secure.gravatar.com\\\/avatar\\\/4dfbf16b4d17945bfb6341b2d19043457132fcf478a5ee04f42e959fd8f5df0a?s=96&d=mm&r=g\",\"contentUrl\":\"https:\\\/\\\/secure.gravatar.com\\\/avatar\\\/4dfbf16b4d17945bfb6341b2d19043457132fcf478a5ee04f42e959fd8f5df0a?s=96&d=mm&r=g\",\"caption\":\"NOTICIASMERCEDINAS.COM\"},\"url\":\"https:\\\/\\\/noticiasmercedinas.com\\\/site\\\/author\\\/anonimo\\\/\"}]}<\/script>\n<!-- \/ Yoast SEO plugin. -->","yoast_head_json":{"title":"La Provincia organiz\u00f3 una Ronda de Negocios destinada al programa Producci\u00f3n Bonaerense\u00a0","description":"El encuentro cont\u00f3 con 150 pymes inscriptas, en el marco de las pol\u00edticas productivas y comerciales que lleva adelante el Estado provincial, generando entrevistas de negocios y facilitando la llegada de marcas bonaerenses a las g\u00f3ndolas de los supermercados.\u00a0","robots":{"index":"index","follow":"follow","max-snippet":"max-snippet:-1","max-image-preview":"max-image-preview:large","max-video-preview":"max-video-preview:-1"},"canonical":"https:\/\/noticiasmercedinas.com\/site\/2025\/05\/14\/la-provincia-organizo-una-ronda-de-negocios-destinada-al-programa-produccion-bonaerense\/","og_locale":"es_ES","og_type":"article","og_title":"La Provincia organiz\u00f3 una Ronda de Negocios destinada al programa Producci\u00f3n Bonaerense\u00a0","og_description":"El encuentro cont\u00f3 con 150 pymes inscriptas, en el marco de las pol\u00edticas productivas y comerciales que lleva adelante el Estado provincial, generando entrevistas de negocios y facilitando la llegada de marcas bonaerenses a las g\u00f3ndolas de los supermercados.\u00a0","og_url":"https:\/\/noticiasmercedinas.com\/site\/2025\/05\/14\/la-provincia-organizo-una-ronda-de-negocios-destinada-al-programa-produccion-bonaerense\/","og_site_name":"NOTICIASMERCEDINAS.COM","article_publisher":"https:\/\/www.facebook.com\/noticiasmercedinas\/","article_published_time":"2025-05-14T11:24:34+00:00","og_image":[{"width":640,"height":427,"url":"https:\/\/noticiasmercedinas.com\/site\/wp-content\/uploads\/2025\/05\/6-3.jpg","type":"image\/jpeg"}],"author":"NOTICIASMERCEDINAS.COM","twitter_card":"summary_large_image","twitter_creator":"@notmercedinas","twitter_site":"@notmercedinas","twitter_misc":{"Escrito por":"NOTICIASMERCEDINAS.COM","Tiempo de lectura":"3 minutos"},"schema":{"@context":"https:\/\/schema.org","@graph":[{"@type":"Article","@id":"https:\/\/noticiasmercedinas.com\/site\/2025\/05\/14\/la-provincia-organizo-una-ronda-de-negocios-destinada-al-programa-produccion-bonaerense\/#article","isPartOf":{"@id":"https:\/\/noticiasmercedinas.com\/site\/2025\/05\/14\/la-provincia-organizo-una-ronda-de-negocios-destinada-al-programa-produccion-bonaerense\/"},"author":{"name":"NOTICIASMERCEDINAS.COM","@id":"https:\/\/noticiasmercedinas.com\/site\/#\/schema\/person\/84b59c099c28ff2e8b77d4ceec5d8063"},"headline":"La Provincia organiz\u00f3 una Ronda de Negocios destinada al programa Producci\u00f3n Bonaerense\u00a0","datePublished":"2025-05-14T11:24:34+00:00","mainEntityOfPage":{"@id":"https:\/\/noticiasmercedinas.com\/site\/2025\/05\/14\/la-provincia-organizo-una-ronda-de-negocios-destinada-al-programa-produccion-bonaerense\/"},"wordCount":391,"publisher":{"@id":"https:\/\/noticiasmercedinas.com\/site\/#organization"},"image":{"@id":"https:\/\/noticiasmercedinas.com\/site\/2025\/05\/14\/la-provincia-organizo-una-ronda-de-negocios-destinada-al-programa-produccion-bonaerense\/#primaryimage"},"thumbnailUrl":"https:\/\/noticiasmercedinas.com\/site\/wp-content\/uploads\/2025\/05\/6-3.jpg","keywords":["escobar","pymes","ronda de negocios"],"articleSection":["Provinciales"],"inLanguage":"es"},{"@type":"WebPage","@id":"https:\/\/noticiasmercedinas.com\/site\/2025\/05\/14\/la-provincia-organizo-una-ronda-de-negocios-destinada-al-programa-produccion-bonaerense\/","url":"https:\/\/noticiasmercedinas.com\/site\/2025\/05\/14\/la-provincia-organizo-una-ronda-de-negocios-destinada-al-programa-produccion-bonaerense\/","name":"La Provincia organiz\u00f3 una Ronda de Negocios destinada al programa Producci\u00f3n Bonaerense\u00a0","isPartOf":{"@id":"https:\/\/noticiasmercedinas.com\/site\/#website"},"primaryImageOfPage":{"@id":"https:\/\/noticiasmercedinas.com\/site\/2025\/05\/14\/la-provincia-organizo-una-ronda-de-negocios-destinada-al-programa-produccion-bonaerense\/#primaryimage"},"image":{"@id":"https:\/\/noticiasmercedinas.com\/site\/2025\/05\/14\/la-provincia-organizo-una-ronda-de-negocios-destinada-al-programa-produccion-bonaerense\/#primaryimage"},"thumbnailUrl":"https:\/\/noticiasmercedinas.com\/site\/wp-content\/uploads\/2025\/05\/6-3.jpg","datePublished":"2025-05-14T11:24:34+00:00","description":"El encuentro cont\u00f3 con 150 pymes inscriptas, en el marco de las pol\u00edticas productivas y comerciales que lleva adelante el Estado provincial, generando entrevistas de negocios y facilitando la llegada de marcas bonaerenses a las g\u00f3ndolas de los supermercados.\u00a0","breadcrumb":{"@id":"https:\/\/noticiasmercedinas.com\/site\/2025\/05\/14\/la-provincia-organizo-una-ronda-de-negocios-destinada-al-programa-produccion-bonaerense\/#breadcrumb"},"inLanguage":"es","potentialAction":[{"@type":"ReadAction","target":["https:\/\/noticiasmercedinas.com\/site\/2025\/05\/14\/la-provincia-organizo-una-ronda-de-negocios-destinada-al-programa-produccion-bonaerense\/"]}]},{"@type":"ImageObject","inLanguage":"es","@id":"https:\/\/noticiasmercedinas.com\/site\/2025\/05\/14\/la-provincia-organizo-una-ronda-de-negocios-destinada-al-programa-produccion-bonaerense\/#primaryimage","url":"https:\/\/noticiasmercedinas.com\/site\/wp-content\/uploads\/2025\/05\/6-3.jpg","contentUrl":"https:\/\/noticiasmercedinas.com\/site\/wp-content\/uploads\/2025\/05\/6-3.jpg","width":640,"height":427},{"@type":"BreadcrumbList","@id":"https:\/\/noticiasmercedinas.com\/site\/2025\/05\/14\/la-provincia-organizo-una-ronda-de-negocios-destinada-al-programa-produccion-bonaerense\/#breadcrumb","itemListElement":[{"@type":"ListItem","position":1,"name":"Portada","item":"https:\/\/noticiasmercedinas.com\/site\/"},{"@type":"ListItem","position":2,"name":"La Provincia organiz\u00f3 una Ronda de Negocios destinada al programa Producci\u00f3n Bonaerense\u00a0"}]},{"@type":"WebSite","@id":"https:\/\/noticiasmercedinas.com\/site\/#website","url":"https:\/\/noticiasmercedinas.com\/site\/","name":"NOTICIASMERCEDINAS.COM","description":"Mercedes, Buenos Aires, Argentina","publisher":{"@id":"https:\/\/noticiasmercedinas.com\/site\/#organization"},"potentialAction":[{"@type":"SearchAction","target":{"@type":"EntryPoint","urlTemplate":"https:\/\/noticiasmercedinas.com\/site\/?s={search_term_string}"},"query-input":{"@type":"PropertyValueSpecification","valueRequired":true,"valueName":"search_term_string"}}],"inLanguage":"es"},{"@type":"Organization","@id":"https:\/\/noticiasmercedinas.com\/site\/#organization","name":"NOTICIASMERCEDINAS.COM","url":"https:\/\/noticiasmercedinas.com\/site\/","logo":{"@type":"ImageObject","inLanguage":"es","@id":"https:\/\/noticiasmercedinas.com\/site\/#\/schema\/logo\/image\/","url":"https:\/\/noticiasmercedinas.com\/site\/wp-content\/uploads\/2020\/06\/LOGO-512.jpg","contentUrl":"https:\/\/noticiasmercedinas.com\/site\/wp-content\/uploads\/2020\/06\/LOGO-512.jpg","width":512,"height":512,"caption":"NOTICIASMERCEDINAS.COM"},"image":{"@id":"https:\/\/noticiasmercedinas.com\/site\/#\/schema\/logo\/image\/"},"sameAs":["https:\/\/www.facebook.com\/noticiasmercedinas\/","https:\/\/x.com\/notmercedinas","https:\/\/www.instagram.com\/noticiasmercedinas\/"]},{"@type":"Person","@id":"https:\/\/noticiasmercedinas.com\/site\/#\/schema\/person\/84b59c099c28ff2e8b77d4ceec5d8063","name":"NOTICIASMERCEDINAS.COM","image":{"@type":"ImageObject","inLanguage":"es","@id":"https:\/\/secure.gravatar.com\/avatar\/4dfbf16b4d17945bfb6341b2d19043457132fcf478a5ee04f42e959fd8f5df0a?s=96&d=mm&r=g","url":"https:\/\/secure.gravatar.com\/avatar\/4dfbf16b4d17945bfb6341b2d19043457132fcf478a5ee04f42e959fd8f5df0a?s=96&d=mm&r=g","contentUrl":"https:\/\/secure.gravatar.com\/avatar\/4dfbf16b4d17945bfb6341b2d19043457132fcf478a5ee04f42e959fd8f5df0a?s=96&d=mm&r=g","caption":"NOTICIASMERCEDINAS.COM"},"url":"https:\/\/noticiasmercedinas.com\/site\/author\/anonimo\/"}]}},"amp_enabled":true,"_links":{"self":[{"href":"https:\/\/noticiasmercedinas.com\/site\/wp-json\/wp\/v2\/posts\/159364","targetHints":{"allow":["GET"]}}],"collection":[{"href":"https:\/\/noticiasmercedinas.com\/site\/wp-json\/wp\/v2\/posts"}],"about":[{"href":"https:\/\/noticiasmercedinas.com\/site\/wp-json\/wp\/v2\/types\/post"}],"author":[{"embeddable":true,"href":"https:\/\/noticiasmercedinas.com\/site\/wp-json\/wp\/v2\/users\/16"}],"replies":[{"embeddable":true,"href":"https:\/\/noticiasmercedinas.com\/site\/wp-json\/wp\/v2\/comments?post=159364"}],"version-history":[{"count":1,"href":"https:\/\/noticiasmercedinas.com\/site\/wp-json\/wp\/v2\/posts\/159364\/revisions"}],"predecessor-version":[{"id":159367,"href":"https:\/\/noticiasmercedinas.com\/site\/wp-json\/wp\/v2\/posts\/159364\/revisions\/159367"}],"wp:featuredmedia":[{"embeddable":true,"href":"https:\/\/noticiasmercedinas.com\/site\/wp-json\/wp\/v2\/media\/159365"}],"wp:attachment":[{"href":"https:\/\/noticiasmercedinas.com\/site\/wp-json\/wp\/v2\/media?parent=159364"}],"wp:term":[{"taxonomy":"category","embeddable":true,"href":"https:\/\/noticiasmercedinas.com\/site\/wp-json\/wp\/v2\/categories?post=159364"},{"taxonomy":"post_tag","embeddable":true,"href":"https:\/\/noticiasmercedinas.com\/site\/wp-json\/wp\/v2\/tags?post=159364"}],"curies":[{"name":"wp","href":"https:\/\/api.w.org\/{rel}","templated":true}]}}