{"id":159508,"date":"2025-05-15T16:45:00","date_gmt":"2025-05-15T19:45:00","guid":{"rendered":"https:\/\/noticiasmercedinas.com\/site\/?p=159508"},"modified":"2025-05-15T16:45:00","modified_gmt":"2025-05-15T19:45:00","slug":"alerta-naranja-por-tormentas-en-mercedes-y-la-region-se-esperan-lluvias-intensas-rafagas-y-granizo","status":"publish","type":"post","link":"https:\/\/noticiasmercedinas.com\/site\/2025\/05\/15\/alerta-naranja-por-tormentas-en-mercedes-y-la-region-se-esperan-lluvias-intensas-rafagas-y-granizo\/","title":{"rendered":"Alerta naranja por tormentas en Mercedes y la regi\u00f3n: se esperan lluvias intensas, r\u00e1fagas y granizo"},"content":{"rendered":"<p><img loading=\"lazy\" decoding=\"async\" class=\"alignnone size-full wp-image-38590\" src=\"https:\/\/noticiasmercedinas.com\/site\/wp-content\/uploads\/2020\/01\/lluvias.jpg\" alt=\"\" width=\"650\" height=\"396\" srcset=\"https:\/\/noticiasmercedinas.com\/site\/wp-content\/uploads\/2020\/01\/lluvias.jpg 650w, https:\/\/noticiasmercedinas.com\/site\/wp-content\/uploads\/2020\/01\/lluvias-300x183.jpg 300w, https:\/\/noticiasmercedinas.com\/site\/wp-content\/uploads\/2020\/01\/lluvias-640x390.jpg 640w\" sizes=\"auto, (max-width: 650px) 100vw, 650px\" \/><\/p>\n<p>La Direcci\u00f3n Provincial de Defensa Civil emiti\u00f3 una alerta meteorol\u00f3gica de nivel naranja por tormentas que afectar\u00e1 a Mercedes y localidades vecinas durante la tarde y noche de este jueves 15 de mayo. La advertencia incluye a toda el \u00e1rea DC3, que abarca distritos del norte y centro de la provincia de Buenos Aires.<\/p>\n<p>Seg\u00fan el parte oficial, se prev\u00e9n lluvias intensas, que podr\u00edan estar acompa\u00f1adas de actividad el\u00e9ctrica, r\u00e1fagas de viento y ca\u00edda de granizo. En algunas zonas las tormentas podr\u00edan alcanzar niveles fuertes o severos.<\/p>\n<p>Los valores de precipitaci\u00f3n acumulada estimados para las pr\u00f3ximas horas oscilan entre 90 y 150 mil\u00edmetros en las \u00e1reas con alerta naranja, mientras que en las zonas con alerta amarilla los registros podr\u00edan llegar a los 80 mm, con posibilidad de superarse de forma puntual.<\/p>\n<p>Desde los organismos provinciales recomendaron a la poblaci\u00f3n tomar precauciones y mantenerse informada a trav\u00e9s de los canales oficiales como el Servicio Meteorol\u00f3gico Nacional (www.smn.gob.ar). Tambi\u00e9n recordaron los n\u00fameros de emergencia:<br \/>\n911 \u2013 100 \u2013 103 \u2013 107.<\/p>\n<p>La advertencia incluye a Mercedes, Suipacha, Chivilcoy, Luj\u00e1n, Navarro, Alberti, Bragado y otros distritos cercanos.<\/p>\n<p>Ante la posibilidad de anegamientos y complicaciones en la circulaci\u00f3n, se recomienda evitar actividades al aire libre y asegurar objetos que puedan volarse.<\/p>\n<p>Para actualizaciones en tiempo real, se sugiere seguir las redes de Defensa Civil y del SMN.<\/p>\n<p><img loading=\"lazy\" decoding=\"async\" class=\"alignnone size-full wp-image-159509\" src=\"https:\/\/noticiasmercedinas.com\/site\/wp-content\/uploads\/2025\/05\/3d415904-00ba-46f5-8acc-9e6212407418.jpg\" alt=\"\" width=\"1076\" height=\"1522\" srcset=\"https:\/\/noticiasmercedinas.com\/site\/wp-content\/uploads\/2025\/05\/3d415904-00ba-46f5-8acc-9e6212407418.jpg 1076w, https:\/\/noticiasmercedinas.com\/site\/wp-content\/uploads\/2025\/05\/3d415904-00ba-46f5-8acc-9e6212407418-212x300.jpg 212w, https:\/\/noticiasmercedinas.com\/site\/wp-content\/uploads\/2025\/05\/3d415904-00ba-46f5-8acc-9e6212407418-724x1024.jpg 724w, https:\/\/noticiasmercedinas.com\/site\/wp-content\/uploads\/2025\/05\/3d415904-00ba-46f5-8acc-9e6212407418-768x1086.jpg 768w, https:\/\/noticiasmercedinas.com\/site\/wp-content\/uploads\/2025\/05\/3d415904-00ba-46f5-8acc-9e6212407418-640x905.jpg 640w, https:\/\/noticiasmercedinas.com\/site\/wp-content\/uploads\/2025\/05\/3d415904-00ba-46f5-8acc-9e6212407418-681x963.jpg 681w\" sizes=\"auto, (max-width: 1076px) 100vw, 1076px\" \/><\/p>\n","protected":false},"excerpt":{"rendered":"<p>La Direcci\u00f3n Provincial de Defensa Civil emiti\u00f3 una alerta meteorol\u00f3gica de nivel naranja por tormentas que afectar\u00e1 a Mercedes y localidades vecinas durante la tarde y noche de este jueves 15 de mayo. La advertencia incluye a toda el \u00e1rea DC3, que abarca distritos del norte y centro de la provincia de Buenos Aires. Seg\u00fan [&hellip;]<\/p>\n","protected":false},"author":16,"featured_media":38590,"comment_status":"closed","ping_status":"closed","sticky":false,"template":"","format":"standard","meta":{"footnotes":""},"categories":[5754],"tags":[10053,5339,15565,1075],"class_list":["post-159508","post","type-post","status-publish","format-standard","has-post-thumbnail","hentry","category-medio-ambiente","tag-granizo","tag-lluvias","tag-smn","tag-tormenta"],"yoast_head":"<!-- This site is optimized with the Yoast SEO plugin v27.4 - https:\/\/yoast.com\/product\/yoast-seo-wordpress\/ -->\n<title>Alerta naranja por tormentas en Mercedes y la regi\u00f3n: se esperan lluvias intensas, r\u00e1fagas y granizo<\/title>\n<meta name=\"robots\" content=\"index, follow, max-snippet:-1, max-image-preview:large, max-video-preview:-1\" \/>\n<link rel=\"canonical\" href=\"https:\/\/noticiasmercedinas.com\/site\/2025\/05\/15\/alerta-naranja-por-tormentas-en-mercedes-y-la-region-se-esperan-lluvias-intensas-rafagas-y-granizo\/\" \/>\n<meta property=\"og:locale\" content=\"es_ES\" \/>\n<meta property=\"og:type\" content=\"article\" \/>\n<meta property=\"og:title\" content=\"Alerta naranja por tormentas en Mercedes y la regi\u00f3n: se esperan lluvias intensas, r\u00e1fagas y granizo\" \/>\n<meta property=\"og:description\" content=\"La Direcci\u00f3n Provincial de Defensa Civil emiti\u00f3 una alerta meteorol\u00f3gica de nivel naranja por tormentas que afectar\u00e1 a Mercedes y localidades vecinas durante la tarde y noche de este jueves 15 de mayo. La advertencia incluye a toda el \u00e1rea DC3, que abarca distritos del norte y centro de la provincia de Buenos Aires. Seg\u00fan [&hellip;]\" \/>\n<meta property=\"og:url\" content=\"https:\/\/noticiasmercedinas.com\/site\/2025\/05\/15\/alerta-naranja-por-tormentas-en-mercedes-y-la-region-se-esperan-lluvias-intensas-rafagas-y-granizo\/\" \/>\n<meta property=\"og:site_name\" content=\"NOTICIASMERCEDINAS.COM\" \/>\n<meta property=\"article:publisher\" content=\"https:\/\/www.facebook.com\/noticiasmercedinas\/\" \/>\n<meta property=\"article:published_time\" content=\"2025-05-15T19:45:00+00:00\" \/>\n<meta property=\"og:image\" content=\"https:\/\/noticiasmercedinas.com\/site\/wp-content\/uploads\/2020\/01\/lluvias.jpg\" \/>\n\t<meta property=\"og:image:width\" content=\"650\" \/>\n\t<meta property=\"og:image:height\" content=\"396\" \/>\n\t<meta property=\"og:image:type\" content=\"image\/jpeg\" \/>\n<meta name=\"author\" content=\"NOTICIASMERCEDINAS.COM\" \/>\n<meta name=\"twitter:card\" content=\"summary_large_image\" \/>\n<meta name=\"twitter:creator\" content=\"@notmercedinas\" \/>\n<meta name=\"twitter:site\" content=\"@notmercedinas\" \/>\n<meta name=\"twitter:label1\" content=\"Escrito por\" \/>\n\t<meta name=\"twitter:data1\" content=\"NOTICIASMERCEDINAS.COM\" \/>\n\t<meta name=\"twitter:label2\" content=\"Tiempo de lectura\" \/>\n\t<meta name=\"twitter:data2\" content=\"2 minutos\" \/>\n<script type=\"application\/ld+json\" class=\"yoast-schema-graph\">{\"@context\":\"https:\\\/\\\/schema.org\",\"@graph\":[{\"@type\":\"Article\",\"@id\":\"https:\\\/\\\/noticiasmercedinas.com\\\/site\\\/2025\\\/05\\\/15\\\/alerta-naranja-por-tormentas-en-mercedes-y-la-region-se-esperan-lluvias-intensas-rafagas-y-granizo\\\/#article\",\"isPartOf\":{\"@id\":\"https:\\\/\\\/noticiasmercedinas.com\\\/site\\\/2025\\\/05\\\/15\\\/alerta-naranja-por-tormentas-en-mercedes-y-la-region-se-esperan-lluvias-intensas-rafagas-y-granizo\\\/\"},\"author\":{\"name\":\"NOTICIASMERCEDINAS.COM\",\"@id\":\"https:\\\/\\\/noticiasmercedinas.com\\\/site\\\/#\\\/schema\\\/person\\\/84b59c099c28ff2e8b77d4ceec5d8063\"},\"headline\":\"Alerta naranja por tormentas en Mercedes y la regi\u00f3n: se esperan lluvias intensas, r\u00e1fagas y granizo\",\"datePublished\":\"2025-05-15T19:45:00+00:00\",\"mainEntityOfPage\":{\"@id\":\"https:\\\/\\\/noticiasmercedinas.com\\\/site\\\/2025\\\/05\\\/15\\\/alerta-naranja-por-tormentas-en-mercedes-y-la-region-se-esperan-lluvias-intensas-rafagas-y-granizo\\\/\"},\"wordCount\":255,\"publisher\":{\"@id\":\"https:\\\/\\\/noticiasmercedinas.com\\\/site\\\/#organization\"},\"image\":{\"@id\":\"https:\\\/\\\/noticiasmercedinas.com\\\/site\\\/2025\\\/05\\\/15\\\/alerta-naranja-por-tormentas-en-mercedes-y-la-region-se-esperan-lluvias-intensas-rafagas-y-granizo\\\/#primaryimage\"},\"thumbnailUrl\":\"https:\\\/\\\/noticiasmercedinas.com\\\/site\\\/wp-content\\\/uploads\\\/2020\\\/01\\\/lluvias.jpg\",\"keywords\":[\"granizo\",\"lluvias\",\"smn\",\"tormenta\"],\"articleSection\":[\"Ambiente\"],\"inLanguage\":\"es\"},{\"@type\":\"WebPage\",\"@id\":\"https:\\\/\\\/noticiasmercedinas.com\\\/site\\\/2025\\\/05\\\/15\\\/alerta-naranja-por-tormentas-en-mercedes-y-la-region-se-esperan-lluvias-intensas-rafagas-y-granizo\\\/\",\"url\":\"https:\\\/\\\/noticiasmercedinas.com\\\/site\\\/2025\\\/05\\\/15\\\/alerta-naranja-por-tormentas-en-mercedes-y-la-region-se-esperan-lluvias-intensas-rafagas-y-granizo\\\/\",\"name\":\"Alerta naranja por tormentas en Mercedes y la regi\u00f3n: se esperan lluvias intensas, r\u00e1fagas y granizo\",\"isPartOf\":{\"@id\":\"https:\\\/\\\/noticiasmercedinas.com\\\/site\\\/#website\"},\"primaryImageOfPage\":{\"@id\":\"https:\\\/\\\/noticiasmercedinas.com\\\/site\\\/2025\\\/05\\\/15\\\/alerta-naranja-por-tormentas-en-mercedes-y-la-region-se-esperan-lluvias-intensas-rafagas-y-granizo\\\/#primaryimage\"},\"image\":{\"@id\":\"https:\\\/\\\/noticiasmercedinas.com\\\/site\\\/2025\\\/05\\\/15\\\/alerta-naranja-por-tormentas-en-mercedes-y-la-region-se-esperan-lluvias-intensas-rafagas-y-granizo\\\/#primaryimage\"},\"thumbnailUrl\":\"https:\\\/\\\/noticiasmercedinas.com\\\/site\\\/wp-content\\\/uploads\\\/2020\\\/01\\\/lluvias.jpg\",\"datePublished\":\"2025-05-15T19:45:00+00:00\",\"breadcrumb\":{\"@id\":\"https:\\\/\\\/noticiasmercedinas.com\\\/site\\\/2025\\\/05\\\/15\\\/alerta-naranja-por-tormentas-en-mercedes-y-la-region-se-esperan-lluvias-intensas-rafagas-y-granizo\\\/#breadcrumb\"},\"inLanguage\":\"es\",\"potentialAction\":[{\"@type\":\"ReadAction\",\"target\":[\"https:\\\/\\\/noticiasmercedinas.com\\\/site\\\/2025\\\/05\\\/15\\\/alerta-naranja-por-tormentas-en-mercedes-y-la-region-se-esperan-lluvias-intensas-rafagas-y-granizo\\\/\"]}]},{\"@type\":\"ImageObject\",\"inLanguage\":\"es\",\"@id\":\"https:\\\/\\\/noticiasmercedinas.com\\\/site\\\/2025\\\/05\\\/15\\\/alerta-naranja-por-tormentas-en-mercedes-y-la-region-se-esperan-lluvias-intensas-rafagas-y-granizo\\\/#primaryimage\",\"url\":\"https:\\\/\\\/noticiasmercedinas.com\\\/site\\\/wp-content\\\/uploads\\\/2020\\\/01\\\/lluvias.jpg\",\"contentUrl\":\"https:\\\/\\\/noticiasmercedinas.com\\\/site\\\/wp-content\\\/uploads\\\/2020\\\/01\\\/lluvias.jpg\",\"width\":650,\"height\":396},{\"@type\":\"BreadcrumbList\",\"@id\":\"https:\\\/\\\/noticiasmercedinas.com\\\/site\\\/2025\\\/05\\\/15\\\/alerta-naranja-por-tormentas-en-mercedes-y-la-region-se-esperan-lluvias-intensas-rafagas-y-granizo\\\/#breadcrumb\",\"itemListElement\":[{\"@type\":\"ListItem\",\"position\":1,\"name\":\"Portada\",\"item\":\"https:\\\/\\\/noticiasmercedinas.com\\\/site\\\/\"},{\"@type\":\"ListItem\",\"position\":2,\"name\":\"Alerta naranja por tormentas en Mercedes y la regi\u00f3n: se esperan lluvias intensas, r\u00e1fagas y granizo\"}]},{\"@type\":\"WebSite\",\"@id\":\"https:\\\/\\\/noticiasmercedinas.com\\\/site\\\/#website\",\"url\":\"https:\\\/\\\/noticiasmercedinas.com\\\/site\\\/\",\"name\":\"NOTICIASMERCEDINAS.COM\",\"description\":\"Mercedes, Buenos Aires, Argentina\",\"publisher\":{\"@id\":\"https:\\\/\\\/noticiasmercedinas.com\\\/site\\\/#organization\"},\"potentialAction\":[{\"@type\":\"SearchAction\",\"target\":{\"@type\":\"EntryPoint\",\"urlTemplate\":\"https:\\\/\\\/noticiasmercedinas.com\\\/site\\\/?s={search_term_string}\"},\"query-input\":{\"@type\":\"PropertyValueSpecification\",\"valueRequired\":true,\"valueName\":\"search_term_string\"}}],\"inLanguage\":\"es\"},{\"@type\":\"Organization\",\"@id\":\"https:\\\/\\\/noticiasmercedinas.com\\\/site\\\/#organization\",\"name\":\"NOTICIASMERCEDINAS.COM\",\"url\":\"https:\\\/\\\/noticiasmercedinas.com\\\/site\\\/\",\"logo\":{\"@type\":\"ImageObject\",\"inLanguage\":\"es\",\"@id\":\"https:\\\/\\\/noticiasmercedinas.com\\\/site\\\/#\\\/schema\\\/logo\\\/image\\\/\",\"url\":\"https:\\\/\\\/noticiasmercedinas.com\\\/site\\\/wp-content\\\/uploads\\\/2020\\\/06\\\/LOGO-512.jpg\",\"contentUrl\":\"https:\\\/\\\/noticiasmercedinas.com\\\/site\\\/wp-content\\\/uploads\\\/2020\\\/06\\\/LOGO-512.jpg\",\"width\":512,\"height\":512,\"caption\":\"NOTICIASMERCEDINAS.COM\"},\"image\":{\"@id\":\"https:\\\/\\\/noticiasmercedinas.com\\\/site\\\/#\\\/schema\\\/logo\\\/image\\\/\"},\"sameAs\":[\"https:\\\/\\\/www.facebook.com\\\/noticiasmercedinas\\\/\",\"https:\\\/\\\/x.com\\\/notmercedinas\",\"https:\\\/\\\/www.instagram.com\\\/noticiasmercedinas\\\/\"]},{\"@type\":\"Person\",\"@id\":\"https:\\\/\\\/noticiasmercedinas.com\\\/site\\\/#\\\/schema\\\/person\\\/84b59c099c28ff2e8b77d4ceec5d8063\",\"name\":\"NOTICIASMERCEDINAS.COM\",\"image\":{\"@type\":\"ImageObject\",\"inLanguage\":\"es\",\"@id\":\"https:\\\/\\\/secure.gravatar.com\\\/avatar\\\/4dfbf16b4d17945bfb6341b2d19043457132fcf478a5ee04f42e959fd8f5df0a?s=96&d=mm&r=g\",\"url\":\"https:\\\/\\\/secure.gravatar.com\\\/avatar\\\/4dfbf16b4d17945bfb6341b2d19043457132fcf478a5ee04f42e959fd8f5df0a?s=96&d=mm&r=g\",\"contentUrl\":\"https:\\\/\\\/secure.gravatar.com\\\/avatar\\\/4dfbf16b4d17945bfb6341b2d19043457132fcf478a5ee04f42e959fd8f5df0a?s=96&d=mm&r=g\",\"caption\":\"NOTICIASMERCEDINAS.COM\"},\"url\":\"https:\\\/\\\/noticiasmercedinas.com\\\/site\\\/author\\\/anonimo\\\/\"}]}<\/script>\n<!-- \/ Yoast SEO plugin. -->","yoast_head_json":{"title":"Alerta naranja por tormentas en Mercedes y la regi\u00f3n: se esperan lluvias intensas, r\u00e1fagas y granizo","robots":{"index":"index","follow":"follow","max-snippet":"max-snippet:-1","max-image-preview":"max-image-preview:large","max-video-preview":"max-video-preview:-1"},"canonical":"https:\/\/noticiasmercedinas.com\/site\/2025\/05\/15\/alerta-naranja-por-tormentas-en-mercedes-y-la-region-se-esperan-lluvias-intensas-rafagas-y-granizo\/","og_locale":"es_ES","og_type":"article","og_title":"Alerta naranja por tormentas en Mercedes y la regi\u00f3n: se esperan lluvias intensas, r\u00e1fagas y granizo","og_description":"La Direcci\u00f3n Provincial de Defensa Civil emiti\u00f3 una alerta meteorol\u00f3gica de nivel naranja por tormentas que afectar\u00e1 a Mercedes y localidades vecinas durante la tarde y noche de este jueves 15 de mayo. La advertencia incluye a toda el \u00e1rea DC3, que abarca distritos del norte y centro de la provincia de Buenos Aires. Seg\u00fan [&hellip;]","og_url":"https:\/\/noticiasmercedinas.com\/site\/2025\/05\/15\/alerta-naranja-por-tormentas-en-mercedes-y-la-region-se-esperan-lluvias-intensas-rafagas-y-granizo\/","og_site_name":"NOTICIASMERCEDINAS.COM","article_publisher":"https:\/\/www.facebook.com\/noticiasmercedinas\/","article_published_time":"2025-05-15T19:45:00+00:00","og_image":[{"width":650,"height":396,"url":"https:\/\/noticiasmercedinas.com\/site\/wp-content\/uploads\/2020\/01\/lluvias.jpg","type":"image\/jpeg"}],"author":"NOTICIASMERCEDINAS.COM","twitter_card":"summary_large_image","twitter_creator":"@notmercedinas","twitter_site":"@notmercedinas","twitter_misc":{"Escrito por":"NOTICIASMERCEDINAS.COM","Tiempo de lectura":"2 minutos"},"schema":{"@context":"https:\/\/schema.org","@graph":[{"@type":"Article","@id":"https:\/\/noticiasmercedinas.com\/site\/2025\/05\/15\/alerta-naranja-por-tormentas-en-mercedes-y-la-region-se-esperan-lluvias-intensas-rafagas-y-granizo\/#article","isPartOf":{"@id":"https:\/\/noticiasmercedinas.com\/site\/2025\/05\/15\/alerta-naranja-por-tormentas-en-mercedes-y-la-region-se-esperan-lluvias-intensas-rafagas-y-granizo\/"},"author":{"name":"NOTICIASMERCEDINAS.COM","@id":"https:\/\/noticiasmercedinas.com\/site\/#\/schema\/person\/84b59c099c28ff2e8b77d4ceec5d8063"},"headline":"Alerta naranja por tormentas en Mercedes y la regi\u00f3n: se esperan lluvias intensas, r\u00e1fagas y granizo","datePublished":"2025-05-15T19:45:00+00:00","mainEntityOfPage":{"@id":"https:\/\/noticiasmercedinas.com\/site\/2025\/05\/15\/alerta-naranja-por-tormentas-en-mercedes-y-la-region-se-esperan-lluvias-intensas-rafagas-y-granizo\/"},"wordCount":255,"publisher":{"@id":"https:\/\/noticiasmercedinas.com\/site\/#organization"},"image":{"@id":"https:\/\/noticiasmercedinas.com\/site\/2025\/05\/15\/alerta-naranja-por-tormentas-en-mercedes-y-la-region-se-esperan-lluvias-intensas-rafagas-y-granizo\/#primaryimage"},"thumbnailUrl":"https:\/\/noticiasmercedinas.com\/site\/wp-content\/uploads\/2020\/01\/lluvias.jpg","keywords":["granizo","lluvias","smn","tormenta"],"articleSection":["Ambiente"],"inLanguage":"es"},{"@type":"WebPage","@id":"https:\/\/noticiasmercedinas.com\/site\/2025\/05\/15\/alerta-naranja-por-tormentas-en-mercedes-y-la-region-se-esperan-lluvias-intensas-rafagas-y-granizo\/","url":"https:\/\/noticiasmercedinas.com\/site\/2025\/05\/15\/alerta-naranja-por-tormentas-en-mercedes-y-la-region-se-esperan-lluvias-intensas-rafagas-y-granizo\/","name":"Alerta naranja por tormentas en Mercedes y la regi\u00f3n: se esperan lluvias intensas, r\u00e1fagas y granizo","isPartOf":{"@id":"https:\/\/noticiasmercedinas.com\/site\/#website"},"primaryImageOfPage":{"@id":"https:\/\/noticiasmercedinas.com\/site\/2025\/05\/15\/alerta-naranja-por-tormentas-en-mercedes-y-la-region-se-esperan-lluvias-intensas-rafagas-y-granizo\/#primaryimage"},"image":{"@id":"https:\/\/noticiasmercedinas.com\/site\/2025\/05\/15\/alerta-naranja-por-tormentas-en-mercedes-y-la-region-se-esperan-lluvias-intensas-rafagas-y-granizo\/#primaryimage"},"thumbnailUrl":"https:\/\/noticiasmercedinas.com\/site\/wp-content\/uploads\/2020\/01\/lluvias.jpg","datePublished":"2025-05-15T19:45:00+00:00","breadcrumb":{"@id":"https:\/\/noticiasmercedinas.com\/site\/2025\/05\/15\/alerta-naranja-por-tormentas-en-mercedes-y-la-region-se-esperan-lluvias-intensas-rafagas-y-granizo\/#breadcrumb"},"inLanguage":"es","potentialAction":[{"@type":"ReadAction","target":["https:\/\/noticiasmercedinas.com\/site\/2025\/05\/15\/alerta-naranja-por-tormentas-en-mercedes-y-la-region-se-esperan-lluvias-intensas-rafagas-y-granizo\/"]}]},{"@type":"ImageObject","inLanguage":"es","@id":"https:\/\/noticiasmercedinas.com\/site\/2025\/05\/15\/alerta-naranja-por-tormentas-en-mercedes-y-la-region-se-esperan-lluvias-intensas-rafagas-y-granizo\/#primaryimage","url":"https:\/\/noticiasmercedinas.com\/site\/wp-content\/uploads\/2020\/01\/lluvias.jpg","contentUrl":"https:\/\/noticiasmercedinas.com\/site\/wp-content\/uploads\/2020\/01\/lluvias.jpg","width":650,"height":396},{"@type":"BreadcrumbList","@id":"https:\/\/noticiasmercedinas.com\/site\/2025\/05\/15\/alerta-naranja-por-tormentas-en-mercedes-y-la-region-se-esperan-lluvias-intensas-rafagas-y-granizo\/#breadcrumb","itemListElement":[{"@type":"ListItem","position":1,"name":"Portada","item":"https:\/\/noticiasmercedinas.com\/site\/"},{"@type":"ListItem","position":2,"name":"Alerta naranja por tormentas en Mercedes y la regi\u00f3n: se esperan lluvias intensas, r\u00e1fagas y granizo"}]},{"@type":"WebSite","@id":"https:\/\/noticiasmercedinas.com\/site\/#website","url":"https:\/\/noticiasmercedinas.com\/site\/","name":"NOTICIASMERCEDINAS.COM","description":"Mercedes, Buenos Aires, Argentina","publisher":{"@id":"https:\/\/noticiasmercedinas.com\/site\/#organization"},"potentialAction":[{"@type":"SearchAction","target":{"@type":"EntryPoint","urlTemplate":"https:\/\/noticiasmercedinas.com\/site\/?s={search_term_string}"},"query-input":{"@type":"PropertyValueSpecification","valueRequired":true,"valueName":"search_term_string"}}],"inLanguage":"es"},{"@type":"Organization","@id":"https:\/\/noticiasmercedinas.com\/site\/#organization","name":"NOTICIASMERCEDINAS.COM","url":"https:\/\/noticiasmercedinas.com\/site\/","logo":{"@type":"ImageObject","inLanguage":"es","@id":"https:\/\/noticiasmercedinas.com\/site\/#\/schema\/logo\/image\/","url":"https:\/\/noticiasmercedinas.com\/site\/wp-content\/uploads\/2020\/06\/LOGO-512.jpg","contentUrl":"https:\/\/noticiasmercedinas.com\/site\/wp-content\/uploads\/2020\/06\/LOGO-512.jpg","width":512,"height":512,"caption":"NOTICIASMERCEDINAS.COM"},"image":{"@id":"https:\/\/noticiasmercedinas.com\/site\/#\/schema\/logo\/image\/"},"sameAs":["https:\/\/www.facebook.com\/noticiasmercedinas\/","https:\/\/x.com\/notmercedinas","https:\/\/www.instagram.com\/noticiasmercedinas\/"]},{"@type":"Person","@id":"https:\/\/noticiasmercedinas.com\/site\/#\/schema\/person\/84b59c099c28ff2e8b77d4ceec5d8063","name":"NOTICIASMERCEDINAS.COM","image":{"@type":"ImageObject","inLanguage":"es","@id":"https:\/\/secure.gravatar.com\/avatar\/4dfbf16b4d17945bfb6341b2d19043457132fcf478a5ee04f42e959fd8f5df0a?s=96&d=mm&r=g","url":"https:\/\/secure.gravatar.com\/avatar\/4dfbf16b4d17945bfb6341b2d19043457132fcf478a5ee04f42e959fd8f5df0a?s=96&d=mm&r=g","contentUrl":"https:\/\/secure.gravatar.com\/avatar\/4dfbf16b4d17945bfb6341b2d19043457132fcf478a5ee04f42e959fd8f5df0a?s=96&d=mm&r=g","caption":"NOTICIASMERCEDINAS.COM"},"url":"https:\/\/noticiasmercedinas.com\/site\/author\/anonimo\/"}]}},"amp_enabled":true,"_links":{"self":[{"href":"https:\/\/noticiasmercedinas.com\/site\/wp-json\/wp\/v2\/posts\/159508","targetHints":{"allow":["GET"]}}],"collection":[{"href":"https:\/\/noticiasmercedinas.com\/site\/wp-json\/wp\/v2\/posts"}],"about":[{"href":"https:\/\/noticiasmercedinas.com\/site\/wp-json\/wp\/v2\/types\/post"}],"author":[{"embeddable":true,"href":"https:\/\/noticiasmercedinas.com\/site\/wp-json\/wp\/v2\/users\/16"}],"replies":[{"embeddable":true,"href":"https:\/\/noticiasmercedinas.com\/site\/wp-json\/wp\/v2\/comments?post=159508"}],"version-history":[{"count":1,"href":"https:\/\/noticiasmercedinas.com\/site\/wp-json\/wp\/v2\/posts\/159508\/revisions"}],"predecessor-version":[{"id":159510,"href":"https:\/\/noticiasmercedinas.com\/site\/wp-json\/wp\/v2\/posts\/159508\/revisions\/159510"}],"wp:featuredmedia":[{"embeddable":true,"href":"https:\/\/noticiasmercedinas.com\/site\/wp-json\/wp\/v2\/media\/38590"}],"wp:attachment":[{"href":"https:\/\/noticiasmercedinas.com\/site\/wp-json\/wp\/v2\/media?parent=159508"}],"wp:term":[{"taxonomy":"category","embeddable":true,"href":"https:\/\/noticiasmercedinas.com\/site\/wp-json\/wp\/v2\/categories?post=159508"},{"taxonomy":"post_tag","embeddable":true,"href":"https:\/\/noticiasmercedinas.com\/site\/wp-json\/wp\/v2\/tags?post=159508"}],"curies":[{"name":"wp","href":"https:\/\/api.w.org\/{rel}","templated":true}]}}