{"id":159528,"date":"2025-05-16T09:16:08","date_gmt":"2025-05-16T12:16:08","guid":{"rendered":"https:\/\/noticiasmercedinas.com\/site\/?p=159528"},"modified":"2025-05-16T09:16:08","modified_gmt":"2025-05-16T12:16:08","slug":"ninos-y-ninas-de-la-escuela-primaria-n36-salieron-a-jugar-para-defender-su-escuela","status":"publish","type":"post","link":"https:\/\/noticiasmercedinas.com\/site\/2025\/05\/16\/ninos-y-ninas-de-la-escuela-primaria-n36-salieron-a-jugar-para-defender-su-escuela\/","title":{"rendered":"Ni\u00f1os y ni\u00f1as de la Escuela Primaria N\u00b036 salieron a jugar para defender su escuela"},"content":{"rendered":"<p><img loading=\"lazy\" decoding=\"async\" class=\"alignnone size-full wp-image-159529\" src=\"https:\/\/noticiasmercedinas.com\/site\/wp-content\/uploads\/2025\/05\/ESC361.jpg\" alt=\"\" width=\"780\" height=\"485\" srcset=\"https:\/\/noticiasmercedinas.com\/site\/wp-content\/uploads\/2025\/05\/ESC361.jpg 780w, https:\/\/noticiasmercedinas.com\/site\/wp-content\/uploads\/2025\/05\/ESC361-300x187.jpg 300w, https:\/\/noticiasmercedinas.com\/site\/wp-content\/uploads\/2025\/05\/ESC361-768x478.jpg 768w, https:\/\/noticiasmercedinas.com\/site\/wp-content\/uploads\/2025\/05\/ESC361-640x398.jpg 640w, https:\/\/noticiasmercedinas.com\/site\/wp-content\/uploads\/2025\/05\/ESC361-681x423.jpg 681w\" sizes=\"auto, (max-width: 780px) 100vw, 780px\" \/><\/p>\n<p>La Direcci\u00f3n de Ni\u00f1ez y Adolescencia del Municipio de Mercedes inform\u00f3 que estudiantes de la Escuela Primaria N\u00b036 participaron de una jornada de \u201cSalir a Jugar\u201d, una actividad que tuvo como objetivo visibilizar el derecho al juego y, al mismo tiempo, denunciar el contexto de vulnerabilidad que atraviesa la instituci\u00f3n educativa, afectada por recientes hechos de vandalismo y da\u00f1os materiales.<\/p>\n<p>La actividad, cargada de sentido colectivo, fue pensada para defender la escuela como un espacio abierto, cuidado y lleno de vida, destacaron desde el \u00e1rea.<\/p>\n<p><img loading=\"lazy\" decoding=\"async\" class=\"alignnone size-full wp-image-159530\" src=\"https:\/\/noticiasmercedinas.com\/site\/wp-content\/uploads\/2025\/05\/ESC36.jpg\" alt=\"\" width=\"799\" height=\"543\" srcset=\"https:\/\/noticiasmercedinas.com\/site\/wp-content\/uploads\/2025\/05\/ESC36.jpg 799w, https:\/\/noticiasmercedinas.com\/site\/wp-content\/uploads\/2025\/05\/ESC36-300x204.jpg 300w, https:\/\/noticiasmercedinas.com\/site\/wp-content\/uploads\/2025\/05\/ESC36-768x522.jpg 768w, https:\/\/noticiasmercedinas.com\/site\/wp-content\/uploads\/2025\/05\/ESC36-640x435.jpg 640w, https:\/\/noticiasmercedinas.com\/site\/wp-content\/uploads\/2025\/05\/ESC36-681x463.jpg 681w\" sizes=\"auto, (max-width: 799px) 100vw, 799px\" \/><\/p>\n<p>La comunidad educativa expres\u00f3 su compromiso con el cuidado del edificio y la participaci\u00f3n activa de sus alumnos y alumnas.<\/p>\n<p>En el marco de la jornada tambi\u00e9n se present\u00f3 el primer Consejo de Ni\u00f1os y Ni\u00f1as de la escuela, conformado por estudiantes de sexto grado.<\/p>\n<p>Esta iniciativa, que forma parte de un proyecto m\u00e1s amplio, promueve la participaci\u00f3n real de las infancias desde los ejes del juego, la autonom\u00eda y la expresi\u00f3n de sus voces.<\/p>\n<p>\u201cCuando las ni\u00f1eces hablan y son escuchadas, la comunidad crece\u201d, se\u00f1alaron desde la Direcci\u00f3n municipal, celebrando la creaci\u00f3n de un nuevo espacio de participaci\u00f3n protagonizado por chicos y chicas de la ciudad.<\/p>\n<p><img loading=\"lazy\" decoding=\"async\" class=\"alignnone size-full wp-image-159531\" src=\"https:\/\/noticiasmercedinas.com\/site\/wp-content\/uploads\/2025\/05\/ESC362.jpg\" alt=\"\" width=\"740\" height=\"473\" srcset=\"https:\/\/noticiasmercedinas.com\/site\/wp-content\/uploads\/2025\/05\/ESC362.jpg 740w, https:\/\/noticiasmercedinas.com\/site\/wp-content\/uploads\/2025\/05\/ESC362-300x192.jpg 300w, https:\/\/noticiasmercedinas.com\/site\/wp-content\/uploads\/2025\/05\/ESC362-640x409.jpg 640w, https:\/\/noticiasmercedinas.com\/site\/wp-content\/uploads\/2025\/05\/ESC362-681x435.jpg 681w\" sizes=\"auto, (max-width: 740px) 100vw, 740px\" \/><\/p>\n","protected":false},"excerpt":{"rendered":"<p>La Direcci\u00f3n de Ni\u00f1ez y Adolescencia del Municipio de Mercedes inform\u00f3 que estudiantes de la Escuela Primaria N\u00b036 participaron de una jornada de \u201cSalir a Jugar\u201d, una actividad que tuvo como objetivo visibilizar el derecho al juego y, al mismo tiempo, denunciar el contexto de vulnerabilidad que atraviesa la instituci\u00f3n educativa, afectada por recientes hechos [&hellip;]<\/p>\n","protected":false},"author":16,"featured_media":159529,"comment_status":"closed","ping_status":"closed","sticky":false,"template":"","format":"standard","meta":{"footnotes":""},"categories":[15755],"tags":[18226,20122,20123],"class_list":["post-159528","post","type-post","status-publish","format-standard","has-post-thumbnail","hentry","category-educacion","tag-direccion-de-ninez-y-adolescencia","tag-escuela-36","tag-salir-a-jugar"],"yoast_head":"<!-- This site is optimized with the Yoast SEO plugin v27.5 - https:\/\/yoast.com\/product\/yoast-seo-wordpress\/ -->\n<title>Ni\u00f1os y ni\u00f1as de la Escuela Primaria N\u00b036 salieron a jugar para defender su escuela<\/title>\n<meta name=\"description\" content=\"En el marco de la jornada tambi\u00e9n se present\u00f3 el primer Consejo de Ni\u00f1os y Ni\u00f1as de la escuela, conformado por estudiantes de sexto grado.\" \/>\n<meta name=\"robots\" content=\"index, follow, max-snippet:-1, max-image-preview:large, max-video-preview:-1\" \/>\n<link rel=\"canonical\" href=\"https:\/\/noticiasmercedinas.com\/site\/2025\/05\/16\/ninos-y-ninas-de-la-escuela-primaria-n36-salieron-a-jugar-para-defender-su-escuela\/\" \/>\n<meta property=\"og:locale\" content=\"es_ES\" \/>\n<meta property=\"og:type\" content=\"article\" \/>\n<meta property=\"og:title\" content=\"Ni\u00f1os y ni\u00f1as de la Escuela Primaria N\u00b036 salieron a jugar para defender su escuela\" \/>\n<meta property=\"og:description\" content=\"En el marco de la jornada tambi\u00e9n se present\u00f3 el primer Consejo de Ni\u00f1os y Ni\u00f1as de la escuela, conformado por estudiantes de sexto grado.\" \/>\n<meta property=\"og:url\" content=\"https:\/\/noticiasmercedinas.com\/site\/2025\/05\/16\/ninos-y-ninas-de-la-escuela-primaria-n36-salieron-a-jugar-para-defender-su-escuela\/\" \/>\n<meta property=\"og:site_name\" content=\"NOTICIASMERCEDINAS.COM\" \/>\n<meta property=\"article:publisher\" content=\"https:\/\/www.facebook.com\/noticiasmercedinas\/\" \/>\n<meta property=\"article:published_time\" content=\"2025-05-16T12:16:08+00:00\" \/>\n<meta property=\"og:image\" content=\"https:\/\/noticiasmercedinas.com\/site\/wp-content\/uploads\/2025\/05\/ESC361.jpg\" \/>\n\t<meta property=\"og:image:width\" content=\"780\" \/>\n\t<meta property=\"og:image:height\" content=\"485\" \/>\n\t<meta property=\"og:image:type\" content=\"image\/jpeg\" \/>\n<meta name=\"author\" content=\"NOTICIASMERCEDINAS.COM\" \/>\n<meta name=\"twitter:card\" content=\"summary_large_image\" \/>\n<meta name=\"twitter:creator\" content=\"@notmercedinas\" \/>\n<meta name=\"twitter:site\" content=\"@notmercedinas\" \/>\n<meta name=\"twitter:label1\" content=\"Escrito por\" \/>\n\t<meta name=\"twitter:data1\" content=\"NOTICIASMERCEDINAS.COM\" \/>\n\t<meta name=\"twitter:label2\" content=\"Tiempo de lectura\" \/>\n\t<meta name=\"twitter:data2\" content=\"2 minutos\" \/>\n<script type=\"application\/ld+json\" class=\"yoast-schema-graph\">{\"@context\":\"https:\\\/\\\/schema.org\",\"@graph\":[{\"@type\":\"Article\",\"@id\":\"https:\\\/\\\/noticiasmercedinas.com\\\/site\\\/2025\\\/05\\\/16\\\/ninos-y-ninas-de-la-escuela-primaria-n36-salieron-a-jugar-para-defender-su-escuela\\\/#article\",\"isPartOf\":{\"@id\":\"https:\\\/\\\/noticiasmercedinas.com\\\/site\\\/2025\\\/05\\\/16\\\/ninos-y-ninas-de-la-escuela-primaria-n36-salieron-a-jugar-para-defender-su-escuela\\\/\"},\"author\":{\"name\":\"NOTICIASMERCEDINAS.COM\",\"@id\":\"https:\\\/\\\/noticiasmercedinas.com\\\/site\\\/#\\\/schema\\\/person\\\/84b59c099c28ff2e8b77d4ceec5d8063\"},\"headline\":\"Ni\u00f1os y ni\u00f1as de la Escuela Primaria N\u00b036 salieron a jugar para defender su escuela\",\"datePublished\":\"2025-05-16T12:16:08+00:00\",\"mainEntityOfPage\":{\"@id\":\"https:\\\/\\\/noticiasmercedinas.com\\\/site\\\/2025\\\/05\\\/16\\\/ninos-y-ninas-de-la-escuela-primaria-n36-salieron-a-jugar-para-defender-su-escuela\\\/\"},\"wordCount\":226,\"publisher\":{\"@id\":\"https:\\\/\\\/noticiasmercedinas.com\\\/site\\\/#organization\"},\"image\":{\"@id\":\"https:\\\/\\\/noticiasmercedinas.com\\\/site\\\/2025\\\/05\\\/16\\\/ninos-y-ninas-de-la-escuela-primaria-n36-salieron-a-jugar-para-defender-su-escuela\\\/#primaryimage\"},\"thumbnailUrl\":\"https:\\\/\\\/noticiasmercedinas.com\\\/site\\\/wp-content\\\/uploads\\\/2025\\\/05\\\/ESC361.jpg\",\"keywords\":[\"Direcci\u00f3n de Ni\u00f1ez y Adolescencia\",\"escuela 36\",\"salir a jugar\"],\"articleSection\":[\"Educacion\"],\"inLanguage\":\"es\"},{\"@type\":\"WebPage\",\"@id\":\"https:\\\/\\\/noticiasmercedinas.com\\\/site\\\/2025\\\/05\\\/16\\\/ninos-y-ninas-de-la-escuela-primaria-n36-salieron-a-jugar-para-defender-su-escuela\\\/\",\"url\":\"https:\\\/\\\/noticiasmercedinas.com\\\/site\\\/2025\\\/05\\\/16\\\/ninos-y-ninas-de-la-escuela-primaria-n36-salieron-a-jugar-para-defender-su-escuela\\\/\",\"name\":\"Ni\u00f1os y ni\u00f1as de la Escuela Primaria N\u00b036 salieron a jugar para defender su escuela\",\"isPartOf\":{\"@id\":\"https:\\\/\\\/noticiasmercedinas.com\\\/site\\\/#website\"},\"primaryImageOfPage\":{\"@id\":\"https:\\\/\\\/noticiasmercedinas.com\\\/site\\\/2025\\\/05\\\/16\\\/ninos-y-ninas-de-la-escuela-primaria-n36-salieron-a-jugar-para-defender-su-escuela\\\/#primaryimage\"},\"image\":{\"@id\":\"https:\\\/\\\/noticiasmercedinas.com\\\/site\\\/2025\\\/05\\\/16\\\/ninos-y-ninas-de-la-escuela-primaria-n36-salieron-a-jugar-para-defender-su-escuela\\\/#primaryimage\"},\"thumbnailUrl\":\"https:\\\/\\\/noticiasmercedinas.com\\\/site\\\/wp-content\\\/uploads\\\/2025\\\/05\\\/ESC361.jpg\",\"datePublished\":\"2025-05-16T12:16:08+00:00\",\"description\":\"En el marco de la jornada tambi\u00e9n se present\u00f3 el primer Consejo de Ni\u00f1os y Ni\u00f1as de la escuela, conformado por estudiantes de sexto grado.\",\"breadcrumb\":{\"@id\":\"https:\\\/\\\/noticiasmercedinas.com\\\/site\\\/2025\\\/05\\\/16\\\/ninos-y-ninas-de-la-escuela-primaria-n36-salieron-a-jugar-para-defender-su-escuela\\\/#breadcrumb\"},\"inLanguage\":\"es\",\"potentialAction\":[{\"@type\":\"ReadAction\",\"target\":[\"https:\\\/\\\/noticiasmercedinas.com\\\/site\\\/2025\\\/05\\\/16\\\/ninos-y-ninas-de-la-escuela-primaria-n36-salieron-a-jugar-para-defender-su-escuela\\\/\"]}]},{\"@type\":\"ImageObject\",\"inLanguage\":\"es\",\"@id\":\"https:\\\/\\\/noticiasmercedinas.com\\\/site\\\/2025\\\/05\\\/16\\\/ninos-y-ninas-de-la-escuela-primaria-n36-salieron-a-jugar-para-defender-su-escuela\\\/#primaryimage\",\"url\":\"https:\\\/\\\/noticiasmercedinas.com\\\/site\\\/wp-content\\\/uploads\\\/2025\\\/05\\\/ESC361.jpg\",\"contentUrl\":\"https:\\\/\\\/noticiasmercedinas.com\\\/site\\\/wp-content\\\/uploads\\\/2025\\\/05\\\/ESC361.jpg\",\"width\":780,\"height\":485},{\"@type\":\"BreadcrumbList\",\"@id\":\"https:\\\/\\\/noticiasmercedinas.com\\\/site\\\/2025\\\/05\\\/16\\\/ninos-y-ninas-de-la-escuela-primaria-n36-salieron-a-jugar-para-defender-su-escuela\\\/#breadcrumb\",\"itemListElement\":[{\"@type\":\"ListItem\",\"position\":1,\"name\":\"Portada\",\"item\":\"https:\\\/\\\/noticiasmercedinas.com\\\/site\\\/\"},{\"@type\":\"ListItem\",\"position\":2,\"name\":\"Ni\u00f1os y ni\u00f1as de la Escuela Primaria N\u00b036 salieron a jugar para defender su escuela\"}]},{\"@type\":\"WebSite\",\"@id\":\"https:\\\/\\\/noticiasmercedinas.com\\\/site\\\/#website\",\"url\":\"https:\\\/\\\/noticiasmercedinas.com\\\/site\\\/\",\"name\":\"NOTICIASMERCEDINAS.COM\",\"description\":\"Mercedes, Buenos Aires, Argentina\",\"publisher\":{\"@id\":\"https:\\\/\\\/noticiasmercedinas.com\\\/site\\\/#organization\"},\"potentialAction\":[{\"@type\":\"SearchAction\",\"target\":{\"@type\":\"EntryPoint\",\"urlTemplate\":\"https:\\\/\\\/noticiasmercedinas.com\\\/site\\\/?s={search_term_string}\"},\"query-input\":{\"@type\":\"PropertyValueSpecification\",\"valueRequired\":true,\"valueName\":\"search_term_string\"}}],\"inLanguage\":\"es\"},{\"@type\":\"Organization\",\"@id\":\"https:\\\/\\\/noticiasmercedinas.com\\\/site\\\/#organization\",\"name\":\"NOTICIASMERCEDINAS.COM\",\"url\":\"https:\\\/\\\/noticiasmercedinas.com\\\/site\\\/\",\"logo\":{\"@type\":\"ImageObject\",\"inLanguage\":\"es\",\"@id\":\"https:\\\/\\\/noticiasmercedinas.com\\\/site\\\/#\\\/schema\\\/logo\\\/image\\\/\",\"url\":\"https:\\\/\\\/noticiasmercedinas.com\\\/site\\\/wp-content\\\/uploads\\\/2020\\\/06\\\/LOGO-512.jpg\",\"contentUrl\":\"https:\\\/\\\/noticiasmercedinas.com\\\/site\\\/wp-content\\\/uploads\\\/2020\\\/06\\\/LOGO-512.jpg\",\"width\":512,\"height\":512,\"caption\":\"NOTICIASMERCEDINAS.COM\"},\"image\":{\"@id\":\"https:\\\/\\\/noticiasmercedinas.com\\\/site\\\/#\\\/schema\\\/logo\\\/image\\\/\"},\"sameAs\":[\"https:\\\/\\\/www.facebook.com\\\/noticiasmercedinas\\\/\",\"https:\\\/\\\/x.com\\\/notmercedinas\",\"https:\\\/\\\/www.instagram.com\\\/noticiasmercedinas\\\/\"]},{\"@type\":\"Person\",\"@id\":\"https:\\\/\\\/noticiasmercedinas.com\\\/site\\\/#\\\/schema\\\/person\\\/84b59c099c28ff2e8b77d4ceec5d8063\",\"name\":\"NOTICIASMERCEDINAS.COM\",\"image\":{\"@type\":\"ImageObject\",\"inLanguage\":\"es\",\"@id\":\"https:\\\/\\\/secure.gravatar.com\\\/avatar\\\/4dfbf16b4d17945bfb6341b2d19043457132fcf478a5ee04f42e959fd8f5df0a?s=96&d=mm&r=g\",\"url\":\"https:\\\/\\\/secure.gravatar.com\\\/avatar\\\/4dfbf16b4d17945bfb6341b2d19043457132fcf478a5ee04f42e959fd8f5df0a?s=96&d=mm&r=g\",\"contentUrl\":\"https:\\\/\\\/secure.gravatar.com\\\/avatar\\\/4dfbf16b4d17945bfb6341b2d19043457132fcf478a5ee04f42e959fd8f5df0a?s=96&d=mm&r=g\",\"caption\":\"NOTICIASMERCEDINAS.COM\"},\"url\":\"https:\\\/\\\/noticiasmercedinas.com\\\/site\\\/author\\\/anonimo\\\/\"}]}<\/script>\n<!-- \/ Yoast SEO plugin. -->","yoast_head_json":{"title":"Ni\u00f1os y ni\u00f1as de la Escuela Primaria N\u00b036 salieron a jugar para defender su escuela","description":"En el marco de la jornada tambi\u00e9n se present\u00f3 el primer Consejo de Ni\u00f1os y Ni\u00f1as de la escuela, conformado por estudiantes de sexto grado.","robots":{"index":"index","follow":"follow","max-snippet":"max-snippet:-1","max-image-preview":"max-image-preview:large","max-video-preview":"max-video-preview:-1"},"canonical":"https:\/\/noticiasmercedinas.com\/site\/2025\/05\/16\/ninos-y-ninas-de-la-escuela-primaria-n36-salieron-a-jugar-para-defender-su-escuela\/","og_locale":"es_ES","og_type":"article","og_title":"Ni\u00f1os y ni\u00f1as de la Escuela Primaria N\u00b036 salieron a jugar para defender su escuela","og_description":"En el marco de la jornada tambi\u00e9n se present\u00f3 el primer Consejo de Ni\u00f1os y Ni\u00f1as de la escuela, conformado por estudiantes de sexto grado.","og_url":"https:\/\/noticiasmercedinas.com\/site\/2025\/05\/16\/ninos-y-ninas-de-la-escuela-primaria-n36-salieron-a-jugar-para-defender-su-escuela\/","og_site_name":"NOTICIASMERCEDINAS.COM","article_publisher":"https:\/\/www.facebook.com\/noticiasmercedinas\/","article_published_time":"2025-05-16T12:16:08+00:00","og_image":[{"width":780,"height":485,"url":"https:\/\/noticiasmercedinas.com\/site\/wp-content\/uploads\/2025\/05\/ESC361.jpg","type":"image\/jpeg"}],"author":"NOTICIASMERCEDINAS.COM","twitter_card":"summary_large_image","twitter_creator":"@notmercedinas","twitter_site":"@notmercedinas","twitter_misc":{"Escrito por":"NOTICIASMERCEDINAS.COM","Tiempo de lectura":"2 minutos"},"schema":{"@context":"https:\/\/schema.org","@graph":[{"@type":"Article","@id":"https:\/\/noticiasmercedinas.com\/site\/2025\/05\/16\/ninos-y-ninas-de-la-escuela-primaria-n36-salieron-a-jugar-para-defender-su-escuela\/#article","isPartOf":{"@id":"https:\/\/noticiasmercedinas.com\/site\/2025\/05\/16\/ninos-y-ninas-de-la-escuela-primaria-n36-salieron-a-jugar-para-defender-su-escuela\/"},"author":{"name":"NOTICIASMERCEDINAS.COM","@id":"https:\/\/noticiasmercedinas.com\/site\/#\/schema\/person\/84b59c099c28ff2e8b77d4ceec5d8063"},"headline":"Ni\u00f1os y ni\u00f1as de la Escuela Primaria N\u00b036 salieron a jugar para defender su escuela","datePublished":"2025-05-16T12:16:08+00:00","mainEntityOfPage":{"@id":"https:\/\/noticiasmercedinas.com\/site\/2025\/05\/16\/ninos-y-ninas-de-la-escuela-primaria-n36-salieron-a-jugar-para-defender-su-escuela\/"},"wordCount":226,"publisher":{"@id":"https:\/\/noticiasmercedinas.com\/site\/#organization"},"image":{"@id":"https:\/\/noticiasmercedinas.com\/site\/2025\/05\/16\/ninos-y-ninas-de-la-escuela-primaria-n36-salieron-a-jugar-para-defender-su-escuela\/#primaryimage"},"thumbnailUrl":"https:\/\/noticiasmercedinas.com\/site\/wp-content\/uploads\/2025\/05\/ESC361.jpg","keywords":["Direcci\u00f3n de Ni\u00f1ez y Adolescencia","escuela 36","salir a jugar"],"articleSection":["Educacion"],"inLanguage":"es"},{"@type":"WebPage","@id":"https:\/\/noticiasmercedinas.com\/site\/2025\/05\/16\/ninos-y-ninas-de-la-escuela-primaria-n36-salieron-a-jugar-para-defender-su-escuela\/","url":"https:\/\/noticiasmercedinas.com\/site\/2025\/05\/16\/ninos-y-ninas-de-la-escuela-primaria-n36-salieron-a-jugar-para-defender-su-escuela\/","name":"Ni\u00f1os y ni\u00f1as de la Escuela Primaria N\u00b036 salieron a jugar para defender su escuela","isPartOf":{"@id":"https:\/\/noticiasmercedinas.com\/site\/#website"},"primaryImageOfPage":{"@id":"https:\/\/noticiasmercedinas.com\/site\/2025\/05\/16\/ninos-y-ninas-de-la-escuela-primaria-n36-salieron-a-jugar-para-defender-su-escuela\/#primaryimage"},"image":{"@id":"https:\/\/noticiasmercedinas.com\/site\/2025\/05\/16\/ninos-y-ninas-de-la-escuela-primaria-n36-salieron-a-jugar-para-defender-su-escuela\/#primaryimage"},"thumbnailUrl":"https:\/\/noticiasmercedinas.com\/site\/wp-content\/uploads\/2025\/05\/ESC361.jpg","datePublished":"2025-05-16T12:16:08+00:00","description":"En el marco de la jornada tambi\u00e9n se present\u00f3 el primer Consejo de Ni\u00f1os y Ni\u00f1as de la escuela, conformado por estudiantes de sexto grado.","breadcrumb":{"@id":"https:\/\/noticiasmercedinas.com\/site\/2025\/05\/16\/ninos-y-ninas-de-la-escuela-primaria-n36-salieron-a-jugar-para-defender-su-escuela\/#breadcrumb"},"inLanguage":"es","potentialAction":[{"@type":"ReadAction","target":["https:\/\/noticiasmercedinas.com\/site\/2025\/05\/16\/ninos-y-ninas-de-la-escuela-primaria-n36-salieron-a-jugar-para-defender-su-escuela\/"]}]},{"@type":"ImageObject","inLanguage":"es","@id":"https:\/\/noticiasmercedinas.com\/site\/2025\/05\/16\/ninos-y-ninas-de-la-escuela-primaria-n36-salieron-a-jugar-para-defender-su-escuela\/#primaryimage","url":"https:\/\/noticiasmercedinas.com\/site\/wp-content\/uploads\/2025\/05\/ESC361.jpg","contentUrl":"https:\/\/noticiasmercedinas.com\/site\/wp-content\/uploads\/2025\/05\/ESC361.jpg","width":780,"height":485},{"@type":"BreadcrumbList","@id":"https:\/\/noticiasmercedinas.com\/site\/2025\/05\/16\/ninos-y-ninas-de-la-escuela-primaria-n36-salieron-a-jugar-para-defender-su-escuela\/#breadcrumb","itemListElement":[{"@type":"ListItem","position":1,"name":"Portada","item":"https:\/\/noticiasmercedinas.com\/site\/"},{"@type":"ListItem","position":2,"name":"Ni\u00f1os y ni\u00f1as de la Escuela Primaria N\u00b036 salieron a jugar para defender su escuela"}]},{"@type":"WebSite","@id":"https:\/\/noticiasmercedinas.com\/site\/#website","url":"https:\/\/noticiasmercedinas.com\/site\/","name":"NOTICIASMERCEDINAS.COM","description":"Mercedes, Buenos Aires, Argentina","publisher":{"@id":"https:\/\/noticiasmercedinas.com\/site\/#organization"},"potentialAction":[{"@type":"SearchAction","target":{"@type":"EntryPoint","urlTemplate":"https:\/\/noticiasmercedinas.com\/site\/?s={search_term_string}"},"query-input":{"@type":"PropertyValueSpecification","valueRequired":true,"valueName":"search_term_string"}}],"inLanguage":"es"},{"@type":"Organization","@id":"https:\/\/noticiasmercedinas.com\/site\/#organization","name":"NOTICIASMERCEDINAS.COM","url":"https:\/\/noticiasmercedinas.com\/site\/","logo":{"@type":"ImageObject","inLanguage":"es","@id":"https:\/\/noticiasmercedinas.com\/site\/#\/schema\/logo\/image\/","url":"https:\/\/noticiasmercedinas.com\/site\/wp-content\/uploads\/2020\/06\/LOGO-512.jpg","contentUrl":"https:\/\/noticiasmercedinas.com\/site\/wp-content\/uploads\/2020\/06\/LOGO-512.jpg","width":512,"height":512,"caption":"NOTICIASMERCEDINAS.COM"},"image":{"@id":"https:\/\/noticiasmercedinas.com\/site\/#\/schema\/logo\/image\/"},"sameAs":["https:\/\/www.facebook.com\/noticiasmercedinas\/","https:\/\/x.com\/notmercedinas","https:\/\/www.instagram.com\/noticiasmercedinas\/"]},{"@type":"Person","@id":"https:\/\/noticiasmercedinas.com\/site\/#\/schema\/person\/84b59c099c28ff2e8b77d4ceec5d8063","name":"NOTICIASMERCEDINAS.COM","image":{"@type":"ImageObject","inLanguage":"es","@id":"https:\/\/secure.gravatar.com\/avatar\/4dfbf16b4d17945bfb6341b2d19043457132fcf478a5ee04f42e959fd8f5df0a?s=96&d=mm&r=g","url":"https:\/\/secure.gravatar.com\/avatar\/4dfbf16b4d17945bfb6341b2d19043457132fcf478a5ee04f42e959fd8f5df0a?s=96&d=mm&r=g","contentUrl":"https:\/\/secure.gravatar.com\/avatar\/4dfbf16b4d17945bfb6341b2d19043457132fcf478a5ee04f42e959fd8f5df0a?s=96&d=mm&r=g","caption":"NOTICIASMERCEDINAS.COM"},"url":"https:\/\/noticiasmercedinas.com\/site\/author\/anonimo\/"}]}},"amp_enabled":true,"_links":{"self":[{"href":"https:\/\/noticiasmercedinas.com\/site\/wp-json\/wp\/v2\/posts\/159528","targetHints":{"allow":["GET"]}}],"collection":[{"href":"https:\/\/noticiasmercedinas.com\/site\/wp-json\/wp\/v2\/posts"}],"about":[{"href":"https:\/\/noticiasmercedinas.com\/site\/wp-json\/wp\/v2\/types\/post"}],"author":[{"embeddable":true,"href":"https:\/\/noticiasmercedinas.com\/site\/wp-json\/wp\/v2\/users\/16"}],"replies":[{"embeddable":true,"href":"https:\/\/noticiasmercedinas.com\/site\/wp-json\/wp\/v2\/comments?post=159528"}],"version-history":[{"count":1,"href":"https:\/\/noticiasmercedinas.com\/site\/wp-json\/wp\/v2\/posts\/159528\/revisions"}],"predecessor-version":[{"id":159532,"href":"https:\/\/noticiasmercedinas.com\/site\/wp-json\/wp\/v2\/posts\/159528\/revisions\/159532"}],"wp:featuredmedia":[{"embeddable":true,"href":"https:\/\/noticiasmercedinas.com\/site\/wp-json\/wp\/v2\/media\/159529"}],"wp:attachment":[{"href":"https:\/\/noticiasmercedinas.com\/site\/wp-json\/wp\/v2\/media?parent=159528"}],"wp:term":[{"taxonomy":"category","embeddable":true,"href":"https:\/\/noticiasmercedinas.com\/site\/wp-json\/wp\/v2\/categories?post=159528"},{"taxonomy":"post_tag","embeddable":true,"href":"https:\/\/noticiasmercedinas.com\/site\/wp-json\/wp\/v2\/tags?post=159528"}],"curies":[{"name":"wp","href":"https:\/\/api.w.org\/{rel}","templated":true}]}}