{"id":159777,"date":"2025-05-20T06:52:39","date_gmt":"2025-05-20T09:52:39","guid":{"rendered":"https:\/\/noticiasmercedinas.com\/site\/?p=159777"},"modified":"2025-05-20T06:52:39","modified_gmt":"2025-05-20T09:52:39","slug":"el-centro-de-formacion-laboral-401-renovo-su-comision-cooperadora","status":"publish","type":"post","link":"https:\/\/noticiasmercedinas.com\/site\/2025\/05\/20\/el-centro-de-formacion-laboral-401-renovo-su-comision-cooperadora\/","title":{"rendered":"El Centro de Formaci\u00f3n Laboral 401 renov\u00f3 su comisi\u00f3n cooperadora"},"content":{"rendered":"<p data-start=\"178\" data-end=\"461\"><img loading=\"lazy\" decoding=\"async\" class=\"alignnone size-full wp-image-159778\" src=\"https:\/\/noticiasmercedinas.com\/site\/wp-content\/uploads\/2025\/05\/CFL401.jpg\" alt=\"\" width=\"794\" height=\"434\" srcset=\"https:\/\/noticiasmercedinas.com\/site\/wp-content\/uploads\/2025\/05\/CFL401.jpg 794w, https:\/\/noticiasmercedinas.com\/site\/wp-content\/uploads\/2025\/05\/CFL401-300x164.jpg 300w, https:\/\/noticiasmercedinas.com\/site\/wp-content\/uploads\/2025\/05\/CFL401-768x420.jpg 768w, https:\/\/noticiasmercedinas.com\/site\/wp-content\/uploads\/2025\/05\/CFL401-640x350.jpg 640w, https:\/\/noticiasmercedinas.com\/site\/wp-content\/uploads\/2025\/05\/CFL401-681x372.jpg 681w\" sizes=\"auto, (max-width: 794px) 100vw, 794px\" \/><\/p>\n<p class=\"\" data-start=\"178\" data-end=\"461\">La semana pasada se realiz\u00f3 la Asamblea Anual del Centro de Formaci\u00f3n Laboral N\u00b0 401 de Mercedes, en la que se renov\u00f3 parcialmente la comisi\u00f3n cooperadora, se aprob\u00f3 el balance, se defini\u00f3 la nueva cuota social y se debatieron propuestas para mejorar el funcionamiento institucional.<\/p>\n<p class=\"\" data-start=\"463\" data-end=\"830\">El encuentro cont\u00f3 con la participaci\u00f3n de m\u00e1s de 140 personas, entre estudiantes, docentes y miembros de la comunidad educativa.<\/p>\n<p class=\"\" data-start=\"463\" data-end=\"830\">Desde la instituci\u00f3n destacaron el compromiso y la colaboraci\u00f3n sostenida de quienes integran la cooperadora, una entidad que funciona de manera ininterrumpida desde hace m\u00e1s de 30 a\u00f1os y cumple un rol clave en el crecimiento del centro.<\/p>\n<p class=\"\" data-start=\"832\" data-end=\"1040\">Asimismo, el CFL 401 expres\u00f3 su agradecimiento a todas las alumnas y alumnos por sus aportes mensuales, que permiten seguir fortaleciendo la propuesta educativa y afrontar mejoras edilicias y de equipamiento.<\/p>\n","protected":false},"excerpt":{"rendered":"<p>La semana pasada se realiz\u00f3 la Asamblea Anual del Centro de Formaci\u00f3n Laboral N\u00b0 401 de Mercedes, en la que se renov\u00f3 parcialmente la comisi\u00f3n cooperadora, se aprob\u00f3 el balance, se defini\u00f3 la nueva cuota social y se debatieron propuestas para mejorar el funcionamiento institucional. El encuentro cont\u00f3 con la participaci\u00f3n de m\u00e1s de 140 [&hellip;]<\/p>\n","protected":false},"author":16,"featured_media":159778,"comment_status":"closed","ping_status":"closed","sticky":false,"template":"","format":"standard","meta":{"footnotes":""},"categories":[15755],"tags":[17834,20136,3026,12],"class_list":["post-159777","post","type-post","status-publish","format-standard","has-post-thumbnail","hentry","category-educacion","tag-centro-de-formacion-laboral-401","tag-cfl401","tag-cooperadora","tag-municipio"],"yoast_head":"<!-- This site is optimized with the Yoast SEO plugin v27.4 - https:\/\/yoast.com\/product\/yoast-seo-wordpress\/ -->\n<title>El Centro de Formaci\u00f3n Laboral 401 renov\u00f3 su comisi\u00f3n cooperadora<\/title>\n<meta name=\"description\" content=\"Desde la instituci\u00f3n destacaron el compromiso y la colaboraci\u00f3n sostenida de quienes integran la cooperadora,\" \/>\n<meta name=\"robots\" content=\"index, follow, max-snippet:-1, max-image-preview:large, max-video-preview:-1\" \/>\n<link rel=\"canonical\" href=\"https:\/\/noticiasmercedinas.com\/site\/2025\/05\/20\/el-centro-de-formacion-laboral-401-renovo-su-comision-cooperadora\/\" \/>\n<meta property=\"og:locale\" content=\"es_ES\" \/>\n<meta property=\"og:type\" content=\"article\" \/>\n<meta property=\"og:title\" content=\"El Centro de Formaci\u00f3n Laboral 401 renov\u00f3 su comisi\u00f3n cooperadora\" \/>\n<meta property=\"og:description\" content=\"Desde la instituci\u00f3n destacaron el compromiso y la colaboraci\u00f3n sostenida de quienes integran la cooperadora,\" \/>\n<meta property=\"og:url\" content=\"https:\/\/noticiasmercedinas.com\/site\/2025\/05\/20\/el-centro-de-formacion-laboral-401-renovo-su-comision-cooperadora\/\" \/>\n<meta property=\"og:site_name\" content=\"NOTICIASMERCEDINAS.COM\" \/>\n<meta property=\"article:publisher\" content=\"https:\/\/www.facebook.com\/noticiasmercedinas\/\" \/>\n<meta property=\"article:published_time\" content=\"2025-05-20T09:52:39+00:00\" \/>\n<meta property=\"og:image\" content=\"https:\/\/noticiasmercedinas.com\/site\/wp-content\/uploads\/2025\/05\/CFL401.jpg\" \/>\n\t<meta property=\"og:image:width\" content=\"794\" \/>\n\t<meta property=\"og:image:height\" content=\"434\" \/>\n\t<meta property=\"og:image:type\" content=\"image\/jpeg\" \/>\n<meta name=\"author\" content=\"NOTICIASMERCEDINAS.COM\" \/>\n<meta name=\"twitter:card\" content=\"summary_large_image\" \/>\n<meta name=\"twitter:creator\" content=\"@notmercedinas\" \/>\n<meta name=\"twitter:site\" content=\"@notmercedinas\" \/>\n<meta name=\"twitter:label1\" content=\"Escrito por\" \/>\n\t<meta name=\"twitter:data1\" content=\"NOTICIASMERCEDINAS.COM\" \/>\n\t<meta name=\"twitter:label2\" content=\"Tiempo de lectura\" \/>\n\t<meta name=\"twitter:data2\" content=\"2 minutos\" \/>\n<script type=\"application\/ld+json\" class=\"yoast-schema-graph\">{\"@context\":\"https:\\\/\\\/schema.org\",\"@graph\":[{\"@type\":\"Article\",\"@id\":\"https:\\\/\\\/noticiasmercedinas.com\\\/site\\\/2025\\\/05\\\/20\\\/el-centro-de-formacion-laboral-401-renovo-su-comision-cooperadora\\\/#article\",\"isPartOf\":{\"@id\":\"https:\\\/\\\/noticiasmercedinas.com\\\/site\\\/2025\\\/05\\\/20\\\/el-centro-de-formacion-laboral-401-renovo-su-comision-cooperadora\\\/\"},\"author\":{\"name\":\"NOTICIASMERCEDINAS.COM\",\"@id\":\"https:\\\/\\\/noticiasmercedinas.com\\\/site\\\/#\\\/schema\\\/person\\\/84b59c099c28ff2e8b77d4ceec5d8063\"},\"headline\":\"El Centro de Formaci\u00f3n Laboral 401 renov\u00f3 su comisi\u00f3n cooperadora\",\"datePublished\":\"2025-05-20T09:52:39+00:00\",\"mainEntityOfPage\":{\"@id\":\"https:\\\/\\\/noticiasmercedinas.com\\\/site\\\/2025\\\/05\\\/20\\\/el-centro-de-formacion-laboral-401-renovo-su-comision-cooperadora\\\/\"},\"wordCount\":149,\"publisher\":{\"@id\":\"https:\\\/\\\/noticiasmercedinas.com\\\/site\\\/#organization\"},\"image\":{\"@id\":\"https:\\\/\\\/noticiasmercedinas.com\\\/site\\\/2025\\\/05\\\/20\\\/el-centro-de-formacion-laboral-401-renovo-su-comision-cooperadora\\\/#primaryimage\"},\"thumbnailUrl\":\"https:\\\/\\\/noticiasmercedinas.com\\\/site\\\/wp-content\\\/uploads\\\/2025\\\/05\\\/CFL401.jpg\",\"keywords\":[\"Centro de Formaci\u00f3n Laboral 401\",\"cfl401\",\"cooperadora\",\"municipio\"],\"articleSection\":[\"Educacion\"],\"inLanguage\":\"es\"},{\"@type\":\"WebPage\",\"@id\":\"https:\\\/\\\/noticiasmercedinas.com\\\/site\\\/2025\\\/05\\\/20\\\/el-centro-de-formacion-laboral-401-renovo-su-comision-cooperadora\\\/\",\"url\":\"https:\\\/\\\/noticiasmercedinas.com\\\/site\\\/2025\\\/05\\\/20\\\/el-centro-de-formacion-laboral-401-renovo-su-comision-cooperadora\\\/\",\"name\":\"El Centro de Formaci\u00f3n Laboral 401 renov\u00f3 su comisi\u00f3n cooperadora\",\"isPartOf\":{\"@id\":\"https:\\\/\\\/noticiasmercedinas.com\\\/site\\\/#website\"},\"primaryImageOfPage\":{\"@id\":\"https:\\\/\\\/noticiasmercedinas.com\\\/site\\\/2025\\\/05\\\/20\\\/el-centro-de-formacion-laboral-401-renovo-su-comision-cooperadora\\\/#primaryimage\"},\"image\":{\"@id\":\"https:\\\/\\\/noticiasmercedinas.com\\\/site\\\/2025\\\/05\\\/20\\\/el-centro-de-formacion-laboral-401-renovo-su-comision-cooperadora\\\/#primaryimage\"},\"thumbnailUrl\":\"https:\\\/\\\/noticiasmercedinas.com\\\/site\\\/wp-content\\\/uploads\\\/2025\\\/05\\\/CFL401.jpg\",\"datePublished\":\"2025-05-20T09:52:39+00:00\",\"description\":\"Desde la instituci\u00f3n destacaron el compromiso y la colaboraci\u00f3n sostenida de quienes integran la cooperadora,\",\"breadcrumb\":{\"@id\":\"https:\\\/\\\/noticiasmercedinas.com\\\/site\\\/2025\\\/05\\\/20\\\/el-centro-de-formacion-laboral-401-renovo-su-comision-cooperadora\\\/#breadcrumb\"},\"inLanguage\":\"es\",\"potentialAction\":[{\"@type\":\"ReadAction\",\"target\":[\"https:\\\/\\\/noticiasmercedinas.com\\\/site\\\/2025\\\/05\\\/20\\\/el-centro-de-formacion-laboral-401-renovo-su-comision-cooperadora\\\/\"]}]},{\"@type\":\"ImageObject\",\"inLanguage\":\"es\",\"@id\":\"https:\\\/\\\/noticiasmercedinas.com\\\/site\\\/2025\\\/05\\\/20\\\/el-centro-de-formacion-laboral-401-renovo-su-comision-cooperadora\\\/#primaryimage\",\"url\":\"https:\\\/\\\/noticiasmercedinas.com\\\/site\\\/wp-content\\\/uploads\\\/2025\\\/05\\\/CFL401.jpg\",\"contentUrl\":\"https:\\\/\\\/noticiasmercedinas.com\\\/site\\\/wp-content\\\/uploads\\\/2025\\\/05\\\/CFL401.jpg\",\"width\":794,\"height\":434},{\"@type\":\"BreadcrumbList\",\"@id\":\"https:\\\/\\\/noticiasmercedinas.com\\\/site\\\/2025\\\/05\\\/20\\\/el-centro-de-formacion-laboral-401-renovo-su-comision-cooperadora\\\/#breadcrumb\",\"itemListElement\":[{\"@type\":\"ListItem\",\"position\":1,\"name\":\"Portada\",\"item\":\"https:\\\/\\\/noticiasmercedinas.com\\\/site\\\/\"},{\"@type\":\"ListItem\",\"position\":2,\"name\":\"El Centro de Formaci\u00f3n Laboral 401 renov\u00f3 su comisi\u00f3n cooperadora\"}]},{\"@type\":\"WebSite\",\"@id\":\"https:\\\/\\\/noticiasmercedinas.com\\\/site\\\/#website\",\"url\":\"https:\\\/\\\/noticiasmercedinas.com\\\/site\\\/\",\"name\":\"NOTICIASMERCEDINAS.COM\",\"description\":\"Mercedes, Buenos Aires, Argentina\",\"publisher\":{\"@id\":\"https:\\\/\\\/noticiasmercedinas.com\\\/site\\\/#organization\"},\"potentialAction\":[{\"@type\":\"SearchAction\",\"target\":{\"@type\":\"EntryPoint\",\"urlTemplate\":\"https:\\\/\\\/noticiasmercedinas.com\\\/site\\\/?s={search_term_string}\"},\"query-input\":{\"@type\":\"PropertyValueSpecification\",\"valueRequired\":true,\"valueName\":\"search_term_string\"}}],\"inLanguage\":\"es\"},{\"@type\":\"Organization\",\"@id\":\"https:\\\/\\\/noticiasmercedinas.com\\\/site\\\/#organization\",\"name\":\"NOTICIASMERCEDINAS.COM\",\"url\":\"https:\\\/\\\/noticiasmercedinas.com\\\/site\\\/\",\"logo\":{\"@type\":\"ImageObject\",\"inLanguage\":\"es\",\"@id\":\"https:\\\/\\\/noticiasmercedinas.com\\\/site\\\/#\\\/schema\\\/logo\\\/image\\\/\",\"url\":\"https:\\\/\\\/noticiasmercedinas.com\\\/site\\\/wp-content\\\/uploads\\\/2020\\\/06\\\/LOGO-512.jpg\",\"contentUrl\":\"https:\\\/\\\/noticiasmercedinas.com\\\/site\\\/wp-content\\\/uploads\\\/2020\\\/06\\\/LOGO-512.jpg\",\"width\":512,\"height\":512,\"caption\":\"NOTICIASMERCEDINAS.COM\"},\"image\":{\"@id\":\"https:\\\/\\\/noticiasmercedinas.com\\\/site\\\/#\\\/schema\\\/logo\\\/image\\\/\"},\"sameAs\":[\"https:\\\/\\\/www.facebook.com\\\/noticiasmercedinas\\\/\",\"https:\\\/\\\/x.com\\\/notmercedinas\",\"https:\\\/\\\/www.instagram.com\\\/noticiasmercedinas\\\/\"]},{\"@type\":\"Person\",\"@id\":\"https:\\\/\\\/noticiasmercedinas.com\\\/site\\\/#\\\/schema\\\/person\\\/84b59c099c28ff2e8b77d4ceec5d8063\",\"name\":\"NOTICIASMERCEDINAS.COM\",\"image\":{\"@type\":\"ImageObject\",\"inLanguage\":\"es\",\"@id\":\"https:\\\/\\\/secure.gravatar.com\\\/avatar\\\/4dfbf16b4d17945bfb6341b2d19043457132fcf478a5ee04f42e959fd8f5df0a?s=96&d=mm&r=g\",\"url\":\"https:\\\/\\\/secure.gravatar.com\\\/avatar\\\/4dfbf16b4d17945bfb6341b2d19043457132fcf478a5ee04f42e959fd8f5df0a?s=96&d=mm&r=g\",\"contentUrl\":\"https:\\\/\\\/secure.gravatar.com\\\/avatar\\\/4dfbf16b4d17945bfb6341b2d19043457132fcf478a5ee04f42e959fd8f5df0a?s=96&d=mm&r=g\",\"caption\":\"NOTICIASMERCEDINAS.COM\"},\"url\":\"https:\\\/\\\/noticiasmercedinas.com\\\/site\\\/author\\\/anonimo\\\/\"}]}<\/script>\n<!-- \/ Yoast SEO plugin. -->","yoast_head_json":{"title":"El Centro de Formaci\u00f3n Laboral 401 renov\u00f3 su comisi\u00f3n cooperadora","description":"Desde la instituci\u00f3n destacaron el compromiso y la colaboraci\u00f3n sostenida de quienes integran la cooperadora,","robots":{"index":"index","follow":"follow","max-snippet":"max-snippet:-1","max-image-preview":"max-image-preview:large","max-video-preview":"max-video-preview:-1"},"canonical":"https:\/\/noticiasmercedinas.com\/site\/2025\/05\/20\/el-centro-de-formacion-laboral-401-renovo-su-comision-cooperadora\/","og_locale":"es_ES","og_type":"article","og_title":"El Centro de Formaci\u00f3n Laboral 401 renov\u00f3 su comisi\u00f3n cooperadora","og_description":"Desde la instituci\u00f3n destacaron el compromiso y la colaboraci\u00f3n sostenida de quienes integran la cooperadora,","og_url":"https:\/\/noticiasmercedinas.com\/site\/2025\/05\/20\/el-centro-de-formacion-laboral-401-renovo-su-comision-cooperadora\/","og_site_name":"NOTICIASMERCEDINAS.COM","article_publisher":"https:\/\/www.facebook.com\/noticiasmercedinas\/","article_published_time":"2025-05-20T09:52:39+00:00","og_image":[{"width":794,"height":434,"url":"https:\/\/noticiasmercedinas.com\/site\/wp-content\/uploads\/2025\/05\/CFL401.jpg","type":"image\/jpeg"}],"author":"NOTICIASMERCEDINAS.COM","twitter_card":"summary_large_image","twitter_creator":"@notmercedinas","twitter_site":"@notmercedinas","twitter_misc":{"Escrito por":"NOTICIASMERCEDINAS.COM","Tiempo de lectura":"2 minutos"},"schema":{"@context":"https:\/\/schema.org","@graph":[{"@type":"Article","@id":"https:\/\/noticiasmercedinas.com\/site\/2025\/05\/20\/el-centro-de-formacion-laboral-401-renovo-su-comision-cooperadora\/#article","isPartOf":{"@id":"https:\/\/noticiasmercedinas.com\/site\/2025\/05\/20\/el-centro-de-formacion-laboral-401-renovo-su-comision-cooperadora\/"},"author":{"name":"NOTICIASMERCEDINAS.COM","@id":"https:\/\/noticiasmercedinas.com\/site\/#\/schema\/person\/84b59c099c28ff2e8b77d4ceec5d8063"},"headline":"El Centro de Formaci\u00f3n Laboral 401 renov\u00f3 su comisi\u00f3n cooperadora","datePublished":"2025-05-20T09:52:39+00:00","mainEntityOfPage":{"@id":"https:\/\/noticiasmercedinas.com\/site\/2025\/05\/20\/el-centro-de-formacion-laboral-401-renovo-su-comision-cooperadora\/"},"wordCount":149,"publisher":{"@id":"https:\/\/noticiasmercedinas.com\/site\/#organization"},"image":{"@id":"https:\/\/noticiasmercedinas.com\/site\/2025\/05\/20\/el-centro-de-formacion-laboral-401-renovo-su-comision-cooperadora\/#primaryimage"},"thumbnailUrl":"https:\/\/noticiasmercedinas.com\/site\/wp-content\/uploads\/2025\/05\/CFL401.jpg","keywords":["Centro de Formaci\u00f3n Laboral 401","cfl401","cooperadora","municipio"],"articleSection":["Educacion"],"inLanguage":"es"},{"@type":"WebPage","@id":"https:\/\/noticiasmercedinas.com\/site\/2025\/05\/20\/el-centro-de-formacion-laboral-401-renovo-su-comision-cooperadora\/","url":"https:\/\/noticiasmercedinas.com\/site\/2025\/05\/20\/el-centro-de-formacion-laboral-401-renovo-su-comision-cooperadora\/","name":"El Centro de Formaci\u00f3n Laboral 401 renov\u00f3 su comisi\u00f3n cooperadora","isPartOf":{"@id":"https:\/\/noticiasmercedinas.com\/site\/#website"},"primaryImageOfPage":{"@id":"https:\/\/noticiasmercedinas.com\/site\/2025\/05\/20\/el-centro-de-formacion-laboral-401-renovo-su-comision-cooperadora\/#primaryimage"},"image":{"@id":"https:\/\/noticiasmercedinas.com\/site\/2025\/05\/20\/el-centro-de-formacion-laboral-401-renovo-su-comision-cooperadora\/#primaryimage"},"thumbnailUrl":"https:\/\/noticiasmercedinas.com\/site\/wp-content\/uploads\/2025\/05\/CFL401.jpg","datePublished":"2025-05-20T09:52:39+00:00","description":"Desde la instituci\u00f3n destacaron el compromiso y la colaboraci\u00f3n sostenida de quienes integran la cooperadora,","breadcrumb":{"@id":"https:\/\/noticiasmercedinas.com\/site\/2025\/05\/20\/el-centro-de-formacion-laboral-401-renovo-su-comision-cooperadora\/#breadcrumb"},"inLanguage":"es","potentialAction":[{"@type":"ReadAction","target":["https:\/\/noticiasmercedinas.com\/site\/2025\/05\/20\/el-centro-de-formacion-laboral-401-renovo-su-comision-cooperadora\/"]}]},{"@type":"ImageObject","inLanguage":"es","@id":"https:\/\/noticiasmercedinas.com\/site\/2025\/05\/20\/el-centro-de-formacion-laboral-401-renovo-su-comision-cooperadora\/#primaryimage","url":"https:\/\/noticiasmercedinas.com\/site\/wp-content\/uploads\/2025\/05\/CFL401.jpg","contentUrl":"https:\/\/noticiasmercedinas.com\/site\/wp-content\/uploads\/2025\/05\/CFL401.jpg","width":794,"height":434},{"@type":"BreadcrumbList","@id":"https:\/\/noticiasmercedinas.com\/site\/2025\/05\/20\/el-centro-de-formacion-laboral-401-renovo-su-comision-cooperadora\/#breadcrumb","itemListElement":[{"@type":"ListItem","position":1,"name":"Portada","item":"https:\/\/noticiasmercedinas.com\/site\/"},{"@type":"ListItem","position":2,"name":"El Centro de Formaci\u00f3n Laboral 401 renov\u00f3 su comisi\u00f3n cooperadora"}]},{"@type":"WebSite","@id":"https:\/\/noticiasmercedinas.com\/site\/#website","url":"https:\/\/noticiasmercedinas.com\/site\/","name":"NOTICIASMERCEDINAS.COM","description":"Mercedes, Buenos Aires, Argentina","publisher":{"@id":"https:\/\/noticiasmercedinas.com\/site\/#organization"},"potentialAction":[{"@type":"SearchAction","target":{"@type":"EntryPoint","urlTemplate":"https:\/\/noticiasmercedinas.com\/site\/?s={search_term_string}"},"query-input":{"@type":"PropertyValueSpecification","valueRequired":true,"valueName":"search_term_string"}}],"inLanguage":"es"},{"@type":"Organization","@id":"https:\/\/noticiasmercedinas.com\/site\/#organization","name":"NOTICIASMERCEDINAS.COM","url":"https:\/\/noticiasmercedinas.com\/site\/","logo":{"@type":"ImageObject","inLanguage":"es","@id":"https:\/\/noticiasmercedinas.com\/site\/#\/schema\/logo\/image\/","url":"https:\/\/noticiasmercedinas.com\/site\/wp-content\/uploads\/2020\/06\/LOGO-512.jpg","contentUrl":"https:\/\/noticiasmercedinas.com\/site\/wp-content\/uploads\/2020\/06\/LOGO-512.jpg","width":512,"height":512,"caption":"NOTICIASMERCEDINAS.COM"},"image":{"@id":"https:\/\/noticiasmercedinas.com\/site\/#\/schema\/logo\/image\/"},"sameAs":["https:\/\/www.facebook.com\/noticiasmercedinas\/","https:\/\/x.com\/notmercedinas","https:\/\/www.instagram.com\/noticiasmercedinas\/"]},{"@type":"Person","@id":"https:\/\/noticiasmercedinas.com\/site\/#\/schema\/person\/84b59c099c28ff2e8b77d4ceec5d8063","name":"NOTICIASMERCEDINAS.COM","image":{"@type":"ImageObject","inLanguage":"es","@id":"https:\/\/secure.gravatar.com\/avatar\/4dfbf16b4d17945bfb6341b2d19043457132fcf478a5ee04f42e959fd8f5df0a?s=96&d=mm&r=g","url":"https:\/\/secure.gravatar.com\/avatar\/4dfbf16b4d17945bfb6341b2d19043457132fcf478a5ee04f42e959fd8f5df0a?s=96&d=mm&r=g","contentUrl":"https:\/\/secure.gravatar.com\/avatar\/4dfbf16b4d17945bfb6341b2d19043457132fcf478a5ee04f42e959fd8f5df0a?s=96&d=mm&r=g","caption":"NOTICIASMERCEDINAS.COM"},"url":"https:\/\/noticiasmercedinas.com\/site\/author\/anonimo\/"}]}},"amp_enabled":true,"_links":{"self":[{"href":"https:\/\/noticiasmercedinas.com\/site\/wp-json\/wp\/v2\/posts\/159777","targetHints":{"allow":["GET"]}}],"collection":[{"href":"https:\/\/noticiasmercedinas.com\/site\/wp-json\/wp\/v2\/posts"}],"about":[{"href":"https:\/\/noticiasmercedinas.com\/site\/wp-json\/wp\/v2\/types\/post"}],"author":[{"embeddable":true,"href":"https:\/\/noticiasmercedinas.com\/site\/wp-json\/wp\/v2\/users\/16"}],"replies":[{"embeddable":true,"href":"https:\/\/noticiasmercedinas.com\/site\/wp-json\/wp\/v2\/comments?post=159777"}],"version-history":[{"count":1,"href":"https:\/\/noticiasmercedinas.com\/site\/wp-json\/wp\/v2\/posts\/159777\/revisions"}],"predecessor-version":[{"id":159779,"href":"https:\/\/noticiasmercedinas.com\/site\/wp-json\/wp\/v2\/posts\/159777\/revisions\/159779"}],"wp:featuredmedia":[{"embeddable":true,"href":"https:\/\/noticiasmercedinas.com\/site\/wp-json\/wp\/v2\/media\/159778"}],"wp:attachment":[{"href":"https:\/\/noticiasmercedinas.com\/site\/wp-json\/wp\/v2\/media?parent=159777"}],"wp:term":[{"taxonomy":"category","embeddable":true,"href":"https:\/\/noticiasmercedinas.com\/site\/wp-json\/wp\/v2\/categories?post=159777"},{"taxonomy":"post_tag","embeddable":true,"href":"https:\/\/noticiasmercedinas.com\/site\/wp-json\/wp\/v2\/tags?post=159777"}],"curies":[{"name":"wp","href":"https:\/\/api.w.org\/{rel}","templated":true}]}}