{"id":159834,"date":"2025-05-20T20:25:07","date_gmt":"2025-05-20T23:25:07","guid":{"rendered":"https:\/\/noticiasmercedinas.com\/site\/?p=159834"},"modified":"2025-05-20T20:31:11","modified_gmt":"2025-05-20T23:31:11","slug":"miguel-tallarita-y-la-con-todo-band-llenaron-de-musica-la-noche-mercedina","status":"publish","type":"post","link":"https:\/\/noticiasmercedinas.com\/site\/2025\/05\/20\/miguel-tallarita-y-la-con-todo-band-llenaron-de-musica-la-noche-mercedina\/","title":{"rendered":"Miguel Tallarita y la Con Todo Band llenaron de m\u00fasica la noche mercedina"},"content":{"rendered":"<p class=\"\" data-start=\"0\" data-end=\"77\"><img loading=\"lazy\" decoding=\"async\" class=\"alignnone size-full wp-image-159835\" src=\"https:\/\/noticiasmercedinas.com\/site\/wp-content\/uploads\/2025\/05\/f6782944-7362-4a0c-82d2-b35dc98bf77a.jpg\" alt=\"\" width=\"1600\" height=\"720\" srcset=\"https:\/\/noticiasmercedinas.com\/site\/wp-content\/uploads\/2025\/05\/f6782944-7362-4a0c-82d2-b35dc98bf77a.jpg 1600w, https:\/\/noticiasmercedinas.com\/site\/wp-content\/uploads\/2025\/05\/f6782944-7362-4a0c-82d2-b35dc98bf77a-300x135.jpg 300w, https:\/\/noticiasmercedinas.com\/site\/wp-content\/uploads\/2025\/05\/f6782944-7362-4a0c-82d2-b35dc98bf77a-1024x461.jpg 1024w, https:\/\/noticiasmercedinas.com\/site\/wp-content\/uploads\/2025\/05\/f6782944-7362-4a0c-82d2-b35dc98bf77a-768x346.jpg 768w, https:\/\/noticiasmercedinas.com\/site\/wp-content\/uploads\/2025\/05\/f6782944-7362-4a0c-82d2-b35dc98bf77a-1536x691.jpg 1536w, https:\/\/noticiasmercedinas.com\/site\/wp-content\/uploads\/2025\/05\/f6782944-7362-4a0c-82d2-b35dc98bf77a-640x288.jpg 640w, https:\/\/noticiasmercedinas.com\/site\/wp-content\/uploads\/2025\/05\/f6782944-7362-4a0c-82d2-b35dc98bf77a-1280x576.jpg 1280w, https:\/\/noticiasmercedinas.com\/site\/wp-content\/uploads\/2025\/05\/f6782944-7362-4a0c-82d2-b35dc98bf77a-681x306.jpg 681w, https:\/\/noticiasmercedinas.com\/site\/wp-content\/uploads\/2025\/05\/f6782944-7362-4a0c-82d2-b35dc98bf77a-1362x613.jpg 1362w\" sizes=\"auto, (max-width: 1600px) 100vw, 1600px\" \/><\/p>\n<p class=\"\" data-start=\"79\" data-end=\"354\">La noche del s\u00e1bado 17 de mayo en Bistr\u00f3 tuvo como protagonista indiscutible a la m\u00fasica. El trompetista <strong>Miguel \u00c1ngel Tallarita<\/strong> lleg\u00f3 a Mercedes acompa\u00f1ado por su hist\u00f3rica Con Todo Band para brindar un show \u00edntimo, intenso y variado, que dej\u00f3 una incre\u00edble sensaci\u00f3n entre los presentes.<\/p>\n<p class=\"\" data-start=\"356\" data-end=\"844\">Con una propuesta ecl\u00e9ctica que recorri\u00f3 desde el jazz y el latin jazz hasta el rock nacional, el tango y el folclore, Tallarita ofreci\u00f3 un concierto pleno de emoci\u00f3n, en el que se combinaron temas propios \u2014de sus discos <em data-start=\"579\" data-end=\"589\">Con Todo<\/em> y <em data-start=\"592\" data-end=\"610\">Cazador Nocturno<\/em>\u2014 con homenajes a grandes figuras de la m\u00fasica argentina. Todo esto, en un ambiente de cercan\u00eda que el propio artista destac\u00f3 como una de las joyas del encuentro: \u201cLa reina de la noche va a ser la m\u00fasica\u201d, hab\u00eda anticipado. Y as\u00ed fue.<\/p>\n<p data-start=\"356\" data-end=\"844\"><img loading=\"lazy\" decoding=\"async\" class=\"alignnone size-full wp-image-159836\" src=\"https:\/\/noticiasmercedinas.com\/site\/wp-content\/uploads\/2025\/05\/5cfd4c73-78ad-41e6-9863-ba7f62d13df7.jpg\" alt=\"\" width=\"1174\" height=\"646\" srcset=\"https:\/\/noticiasmercedinas.com\/site\/wp-content\/uploads\/2025\/05\/5cfd4c73-78ad-41e6-9863-ba7f62d13df7.jpg 1174w, https:\/\/noticiasmercedinas.com\/site\/wp-content\/uploads\/2025\/05\/5cfd4c73-78ad-41e6-9863-ba7f62d13df7-300x165.jpg 300w, https:\/\/noticiasmercedinas.com\/site\/wp-content\/uploads\/2025\/05\/5cfd4c73-78ad-41e6-9863-ba7f62d13df7-1024x563.jpg 1024w, https:\/\/noticiasmercedinas.com\/site\/wp-content\/uploads\/2025\/05\/5cfd4c73-78ad-41e6-9863-ba7f62d13df7-768x423.jpg 768w, https:\/\/noticiasmercedinas.com\/site\/wp-content\/uploads\/2025\/05\/5cfd4c73-78ad-41e6-9863-ba7f62d13df7-640x352.jpg 640w, https:\/\/noticiasmercedinas.com\/site\/wp-content\/uploads\/2025\/05\/5cfd4c73-78ad-41e6-9863-ba7f62d13df7-681x375.jpg 681w\" sizes=\"auto, (max-width: 1174px) 100vw, 1174px\" \/><\/p>\n<p class=\"\" data-start=\"846\" data-end=\"1220\">El trompetista, que comparte escenarios con artistas como Los Fundamentalistas del Aire Acondicionado y es integrante de la Banda Sinf\u00f3nica Municipal de Mor\u00f3n durante m\u00e1s de 30 a\u00f1os, celebr\u00f3 el v\u00ednculo con el p\u00fablico mercedino y no descart\u00f3 volver: \u201cSiempre es lindo venir a una ciudad donde hay amigos. Y en un lugar como Bistr\u00f3, con esa calidez, se disfruta m\u00e1s todav\u00eda\u201d.<\/p>\n<p class=\"\" data-start=\"1222\" data-end=\"1571\">Con historias personales cargadas de aprendizaje y gratitud, Tallarita tambi\u00e9n record\u00f3 a sus maestros, entre ellos el mercedino Palito Gervini y Roberto \u201cFat\u201d Fern\u00e1ndez.<\/p>\n<p><iframe loading=\"lazy\" title=\"Miguel Angel Tallarita en Bistr\u00f3\" width=\"640\" height=\"360\" src=\"https:\/\/www.youtube.com\/embed\/6FRvobntLEc?feature=oembed\" frameborder=\"0\" allow=\"accelerometer; autoplay; clipboard-write; encrypted-media; gyroscope; picture-in-picture; web-share\" referrerpolicy=\"strict-origin-when-cross-origin\" allowfullscreen><\/iframe><\/p>\n<p class=\"\" data-start=\"1222\" data-end=\"1571\">El encuentro musical en Bistr\u00f3, organizado con reservas previas por su capacidad limitada, combin\u00f3 calidad art\u00edstica y calidez humana.<\/p>\n<p class=\"\" data-start=\"1573\" data-end=\"1712\">El p\u00fablico, entre aplausos, se llev\u00f3 mucho m\u00e1s que una buena noche: se llev\u00f3 la certeza de que la m\u00fasica, como dijo Tallarita, \u201cnos salva\u201d.<\/p>\n<p data-start=\"1573\" data-end=\"1712\"><img loading=\"lazy\" decoding=\"async\" class=\"alignnone size-full wp-image-159837\" src=\"https:\/\/noticiasmercedinas.com\/site\/wp-content\/uploads\/2025\/05\/859f256a-f2e6-444a-a1c6-779f50038197.jpg\" alt=\"\" width=\"720\" height=\"612\" srcset=\"https:\/\/noticiasmercedinas.com\/site\/wp-content\/uploads\/2025\/05\/859f256a-f2e6-444a-a1c6-779f50038197.jpg 720w, https:\/\/noticiasmercedinas.com\/site\/wp-content\/uploads\/2025\/05\/859f256a-f2e6-444a-a1c6-779f50038197-300x255.jpg 300w, https:\/\/noticiasmercedinas.com\/site\/wp-content\/uploads\/2025\/05\/859f256a-f2e6-444a-a1c6-779f50038197-640x544.jpg 640w, https:\/\/noticiasmercedinas.com\/site\/wp-content\/uploads\/2025\/05\/859f256a-f2e6-444a-a1c6-779f50038197-681x579.jpg 681w\" sizes=\"auto, (max-width: 720px) 100vw, 720px\" \/><\/p>\n","protected":false},"excerpt":{"rendered":"<p>\u25a0 El trompetista lleg\u00f3 a Mercedes acompa\u00f1ado por su hist\u00f3rica Con Todo Band para brindar un show \u00edntimo, intenso y variado, que dej\u00f3 una incre\u00edble sensaci\u00f3n entre los presentes.<\/p>\n","protected":false},"author":16,"featured_media":159835,"comment_status":"closed","ping_status":"closed","sticky":false,"template":"","format":"standard","meta":{"footnotes":""},"categories":[4],"tags":[2221,18859],"class_list":["post-159834","post","type-post","status-publish","format-standard","has-post-thumbnail","hentry","category-cultura","tag-bistro","tag-miguel-angel-tallarita"],"yoast_head":"<!-- This site is optimized with the Yoast SEO plugin v27.4 - https:\/\/yoast.com\/product\/yoast-seo-wordpress\/ -->\n<title>Miguel Tallarita y la Con Todo Band llenaron de m\u00fasica la noche mercedina<\/title>\n<meta name=\"description\" content=\"El trompetista lleg\u00f3 a Mercedes acompa\u00f1ado por su hist\u00f3rica Con Todo Band para brindar un show \u00edntimo, intenso y variado, que dej\u00f3 una incre\u00edble sensaci\u00f3n entre los presentes.\" \/>\n<meta name=\"robots\" content=\"index, follow, max-snippet:-1, max-image-preview:large, max-video-preview:-1\" \/>\n<link rel=\"canonical\" href=\"https:\/\/noticiasmercedinas.com\/site\/2025\/05\/20\/miguel-tallarita-y-la-con-todo-band-llenaron-de-musica-la-noche-mercedina\/\" \/>\n<meta property=\"og:locale\" content=\"es_ES\" \/>\n<meta property=\"og:type\" content=\"article\" \/>\n<meta property=\"og:title\" content=\"Miguel Tallarita y la Con Todo Band llenaron de m\u00fasica la noche mercedina\" \/>\n<meta property=\"og:description\" content=\"El trompetista lleg\u00f3 a Mercedes acompa\u00f1ado por su hist\u00f3rica Con Todo Band para brindar un show \u00edntimo, intenso y variado, que dej\u00f3 una incre\u00edble sensaci\u00f3n entre los presentes.\" \/>\n<meta property=\"og:url\" content=\"https:\/\/noticiasmercedinas.com\/site\/2025\/05\/20\/miguel-tallarita-y-la-con-todo-band-llenaron-de-musica-la-noche-mercedina\/\" \/>\n<meta property=\"og:site_name\" content=\"NOTICIASMERCEDINAS.COM\" \/>\n<meta property=\"article:publisher\" content=\"https:\/\/www.facebook.com\/noticiasmercedinas\/\" \/>\n<meta property=\"article:published_time\" content=\"2025-05-20T23:25:07+00:00\" \/>\n<meta property=\"article:modified_time\" content=\"2025-05-20T23:31:11+00:00\" \/>\n<meta property=\"og:image\" content=\"https:\/\/noticiasmercedinas.com\/site\/wp-content\/uploads\/2025\/05\/f6782944-7362-4a0c-82d2-b35dc98bf77a.jpg\" \/>\n\t<meta property=\"og:image:width\" content=\"1600\" \/>\n\t<meta property=\"og:image:height\" content=\"720\" \/>\n\t<meta property=\"og:image:type\" content=\"image\/jpeg\" \/>\n<meta name=\"author\" content=\"NOTICIASMERCEDINAS.COM\" \/>\n<meta name=\"twitter:card\" content=\"summary_large_image\" \/>\n<meta name=\"twitter:creator\" content=\"@notmercedinas\" \/>\n<meta name=\"twitter:site\" content=\"@notmercedinas\" \/>\n<meta name=\"twitter:label1\" content=\"Escrito por\" \/>\n\t<meta name=\"twitter:data1\" content=\"NOTICIASMERCEDINAS.COM\" \/>\n\t<meta name=\"twitter:label2\" content=\"Tiempo de lectura\" \/>\n\t<meta name=\"twitter:data2\" content=\"3 minutos\" \/>\n<script type=\"application\/ld+json\" class=\"yoast-schema-graph\">{\"@context\":\"https:\\\/\\\/schema.org\",\"@graph\":[{\"@type\":\"Article\",\"@id\":\"https:\\\/\\\/noticiasmercedinas.com\\\/site\\\/2025\\\/05\\\/20\\\/miguel-tallarita-y-la-con-todo-band-llenaron-de-musica-la-noche-mercedina\\\/#article\",\"isPartOf\":{\"@id\":\"https:\\\/\\\/noticiasmercedinas.com\\\/site\\\/2025\\\/05\\\/20\\\/miguel-tallarita-y-la-con-todo-band-llenaron-de-musica-la-noche-mercedina\\\/\"},\"author\":{\"name\":\"NOTICIASMERCEDINAS.COM\",\"@id\":\"https:\\\/\\\/noticiasmercedinas.com\\\/site\\\/#\\\/schema\\\/person\\\/84b59c099c28ff2e8b77d4ceec5d8063\"},\"headline\":\"Miguel Tallarita y la Con Todo Band llenaron de m\u00fasica la noche mercedina\",\"datePublished\":\"2025-05-20T23:25:07+00:00\",\"dateModified\":\"2025-05-20T23:31:11+00:00\",\"mainEntityOfPage\":{\"@id\":\"https:\\\/\\\/noticiasmercedinas.com\\\/site\\\/2025\\\/05\\\/20\\\/miguel-tallarita-y-la-con-todo-band-llenaron-de-musica-la-noche-mercedina\\\/\"},\"wordCount\":306,\"publisher\":{\"@id\":\"https:\\\/\\\/noticiasmercedinas.com\\\/site\\\/#organization\"},\"image\":{\"@id\":\"https:\\\/\\\/noticiasmercedinas.com\\\/site\\\/2025\\\/05\\\/20\\\/miguel-tallarita-y-la-con-todo-band-llenaron-de-musica-la-noche-mercedina\\\/#primaryimage\"},\"thumbnailUrl\":\"https:\\\/\\\/noticiasmercedinas.com\\\/site\\\/wp-content\\\/uploads\\\/2025\\\/05\\\/f6782944-7362-4a0c-82d2-b35dc98bf77a.jpg\",\"keywords\":[\"Bistr\u00f3\",\"miguel angel tallarita\"],\"articleSection\":[\"Cultura\"],\"inLanguage\":\"es\"},{\"@type\":\"WebPage\",\"@id\":\"https:\\\/\\\/noticiasmercedinas.com\\\/site\\\/2025\\\/05\\\/20\\\/miguel-tallarita-y-la-con-todo-band-llenaron-de-musica-la-noche-mercedina\\\/\",\"url\":\"https:\\\/\\\/noticiasmercedinas.com\\\/site\\\/2025\\\/05\\\/20\\\/miguel-tallarita-y-la-con-todo-band-llenaron-de-musica-la-noche-mercedina\\\/\",\"name\":\"Miguel Tallarita y la Con Todo Band llenaron de m\u00fasica la noche mercedina\",\"isPartOf\":{\"@id\":\"https:\\\/\\\/noticiasmercedinas.com\\\/site\\\/#website\"},\"primaryImageOfPage\":{\"@id\":\"https:\\\/\\\/noticiasmercedinas.com\\\/site\\\/2025\\\/05\\\/20\\\/miguel-tallarita-y-la-con-todo-band-llenaron-de-musica-la-noche-mercedina\\\/#primaryimage\"},\"image\":{\"@id\":\"https:\\\/\\\/noticiasmercedinas.com\\\/site\\\/2025\\\/05\\\/20\\\/miguel-tallarita-y-la-con-todo-band-llenaron-de-musica-la-noche-mercedina\\\/#primaryimage\"},\"thumbnailUrl\":\"https:\\\/\\\/noticiasmercedinas.com\\\/site\\\/wp-content\\\/uploads\\\/2025\\\/05\\\/f6782944-7362-4a0c-82d2-b35dc98bf77a.jpg\",\"datePublished\":\"2025-05-20T23:25:07+00:00\",\"dateModified\":\"2025-05-20T23:31:11+00:00\",\"description\":\"El trompetista lleg\u00f3 a Mercedes acompa\u00f1ado por su hist\u00f3rica Con Todo Band para brindar un show \u00edntimo, intenso y variado, que dej\u00f3 una incre\u00edble sensaci\u00f3n entre los presentes.\",\"breadcrumb\":{\"@id\":\"https:\\\/\\\/noticiasmercedinas.com\\\/site\\\/2025\\\/05\\\/20\\\/miguel-tallarita-y-la-con-todo-band-llenaron-de-musica-la-noche-mercedina\\\/#breadcrumb\"},\"inLanguage\":\"es\",\"potentialAction\":[{\"@type\":\"ReadAction\",\"target\":[\"https:\\\/\\\/noticiasmercedinas.com\\\/site\\\/2025\\\/05\\\/20\\\/miguel-tallarita-y-la-con-todo-band-llenaron-de-musica-la-noche-mercedina\\\/\"]}]},{\"@type\":\"ImageObject\",\"inLanguage\":\"es\",\"@id\":\"https:\\\/\\\/noticiasmercedinas.com\\\/site\\\/2025\\\/05\\\/20\\\/miguel-tallarita-y-la-con-todo-band-llenaron-de-musica-la-noche-mercedina\\\/#primaryimage\",\"url\":\"https:\\\/\\\/noticiasmercedinas.com\\\/site\\\/wp-content\\\/uploads\\\/2025\\\/05\\\/f6782944-7362-4a0c-82d2-b35dc98bf77a.jpg\",\"contentUrl\":\"https:\\\/\\\/noticiasmercedinas.com\\\/site\\\/wp-content\\\/uploads\\\/2025\\\/05\\\/f6782944-7362-4a0c-82d2-b35dc98bf77a.jpg\",\"width\":1600,\"height\":720},{\"@type\":\"BreadcrumbList\",\"@id\":\"https:\\\/\\\/noticiasmercedinas.com\\\/site\\\/2025\\\/05\\\/20\\\/miguel-tallarita-y-la-con-todo-band-llenaron-de-musica-la-noche-mercedina\\\/#breadcrumb\",\"itemListElement\":[{\"@type\":\"ListItem\",\"position\":1,\"name\":\"Portada\",\"item\":\"https:\\\/\\\/noticiasmercedinas.com\\\/site\\\/\"},{\"@type\":\"ListItem\",\"position\":2,\"name\":\"Miguel Tallarita y la Con Todo Band llenaron de m\u00fasica la noche mercedina\"}]},{\"@type\":\"WebSite\",\"@id\":\"https:\\\/\\\/noticiasmercedinas.com\\\/site\\\/#website\",\"url\":\"https:\\\/\\\/noticiasmercedinas.com\\\/site\\\/\",\"name\":\"NOTICIASMERCEDINAS.COM\",\"description\":\"Mercedes, Buenos Aires, Argentina\",\"publisher\":{\"@id\":\"https:\\\/\\\/noticiasmercedinas.com\\\/site\\\/#organization\"},\"potentialAction\":[{\"@type\":\"SearchAction\",\"target\":{\"@type\":\"EntryPoint\",\"urlTemplate\":\"https:\\\/\\\/noticiasmercedinas.com\\\/site\\\/?s={search_term_string}\"},\"query-input\":{\"@type\":\"PropertyValueSpecification\",\"valueRequired\":true,\"valueName\":\"search_term_string\"}}],\"inLanguage\":\"es\"},{\"@type\":\"Organization\",\"@id\":\"https:\\\/\\\/noticiasmercedinas.com\\\/site\\\/#organization\",\"name\":\"NOTICIASMERCEDINAS.COM\",\"url\":\"https:\\\/\\\/noticiasmercedinas.com\\\/site\\\/\",\"logo\":{\"@type\":\"ImageObject\",\"inLanguage\":\"es\",\"@id\":\"https:\\\/\\\/noticiasmercedinas.com\\\/site\\\/#\\\/schema\\\/logo\\\/image\\\/\",\"url\":\"https:\\\/\\\/noticiasmercedinas.com\\\/site\\\/wp-content\\\/uploads\\\/2020\\\/06\\\/LOGO-512.jpg\",\"contentUrl\":\"https:\\\/\\\/noticiasmercedinas.com\\\/site\\\/wp-content\\\/uploads\\\/2020\\\/06\\\/LOGO-512.jpg\",\"width\":512,\"height\":512,\"caption\":\"NOTICIASMERCEDINAS.COM\"},\"image\":{\"@id\":\"https:\\\/\\\/noticiasmercedinas.com\\\/site\\\/#\\\/schema\\\/logo\\\/image\\\/\"},\"sameAs\":[\"https:\\\/\\\/www.facebook.com\\\/noticiasmercedinas\\\/\",\"https:\\\/\\\/x.com\\\/notmercedinas\",\"https:\\\/\\\/www.instagram.com\\\/noticiasmercedinas\\\/\"]},{\"@type\":\"Person\",\"@id\":\"https:\\\/\\\/noticiasmercedinas.com\\\/site\\\/#\\\/schema\\\/person\\\/84b59c099c28ff2e8b77d4ceec5d8063\",\"name\":\"NOTICIASMERCEDINAS.COM\",\"image\":{\"@type\":\"ImageObject\",\"inLanguage\":\"es\",\"@id\":\"https:\\\/\\\/secure.gravatar.com\\\/avatar\\\/4dfbf16b4d17945bfb6341b2d19043457132fcf478a5ee04f42e959fd8f5df0a?s=96&d=mm&r=g\",\"url\":\"https:\\\/\\\/secure.gravatar.com\\\/avatar\\\/4dfbf16b4d17945bfb6341b2d19043457132fcf478a5ee04f42e959fd8f5df0a?s=96&d=mm&r=g\",\"contentUrl\":\"https:\\\/\\\/secure.gravatar.com\\\/avatar\\\/4dfbf16b4d17945bfb6341b2d19043457132fcf478a5ee04f42e959fd8f5df0a?s=96&d=mm&r=g\",\"caption\":\"NOTICIASMERCEDINAS.COM\"},\"url\":\"https:\\\/\\\/noticiasmercedinas.com\\\/site\\\/author\\\/anonimo\\\/\"}]}<\/script>\n<!-- \/ Yoast SEO plugin. -->","yoast_head_json":{"title":"Miguel Tallarita y la Con Todo Band llenaron de m\u00fasica la noche mercedina","description":"El trompetista lleg\u00f3 a Mercedes acompa\u00f1ado por su hist\u00f3rica Con Todo Band para brindar un show \u00edntimo, intenso y variado, que dej\u00f3 una incre\u00edble sensaci\u00f3n entre los presentes.","robots":{"index":"index","follow":"follow","max-snippet":"max-snippet:-1","max-image-preview":"max-image-preview:large","max-video-preview":"max-video-preview:-1"},"canonical":"https:\/\/noticiasmercedinas.com\/site\/2025\/05\/20\/miguel-tallarita-y-la-con-todo-band-llenaron-de-musica-la-noche-mercedina\/","og_locale":"es_ES","og_type":"article","og_title":"Miguel Tallarita y la Con Todo Band llenaron de m\u00fasica la noche mercedina","og_description":"El trompetista lleg\u00f3 a Mercedes acompa\u00f1ado por su hist\u00f3rica Con Todo Band para brindar un show \u00edntimo, intenso y variado, que dej\u00f3 una incre\u00edble sensaci\u00f3n entre los presentes.","og_url":"https:\/\/noticiasmercedinas.com\/site\/2025\/05\/20\/miguel-tallarita-y-la-con-todo-band-llenaron-de-musica-la-noche-mercedina\/","og_site_name":"NOTICIASMERCEDINAS.COM","article_publisher":"https:\/\/www.facebook.com\/noticiasmercedinas\/","article_published_time":"2025-05-20T23:25:07+00:00","article_modified_time":"2025-05-20T23:31:11+00:00","og_image":[{"width":1600,"height":720,"url":"https:\/\/noticiasmercedinas.com\/site\/wp-content\/uploads\/2025\/05\/f6782944-7362-4a0c-82d2-b35dc98bf77a.jpg","type":"image\/jpeg"}],"author":"NOTICIASMERCEDINAS.COM","twitter_card":"summary_large_image","twitter_creator":"@notmercedinas","twitter_site":"@notmercedinas","twitter_misc":{"Escrito por":"NOTICIASMERCEDINAS.COM","Tiempo de lectura":"3 minutos"},"schema":{"@context":"https:\/\/schema.org","@graph":[{"@type":"Article","@id":"https:\/\/noticiasmercedinas.com\/site\/2025\/05\/20\/miguel-tallarita-y-la-con-todo-band-llenaron-de-musica-la-noche-mercedina\/#article","isPartOf":{"@id":"https:\/\/noticiasmercedinas.com\/site\/2025\/05\/20\/miguel-tallarita-y-la-con-todo-band-llenaron-de-musica-la-noche-mercedina\/"},"author":{"name":"NOTICIASMERCEDINAS.COM","@id":"https:\/\/noticiasmercedinas.com\/site\/#\/schema\/person\/84b59c099c28ff2e8b77d4ceec5d8063"},"headline":"Miguel Tallarita y la Con Todo Band llenaron de m\u00fasica la noche mercedina","datePublished":"2025-05-20T23:25:07+00:00","dateModified":"2025-05-20T23:31:11+00:00","mainEntityOfPage":{"@id":"https:\/\/noticiasmercedinas.com\/site\/2025\/05\/20\/miguel-tallarita-y-la-con-todo-band-llenaron-de-musica-la-noche-mercedina\/"},"wordCount":306,"publisher":{"@id":"https:\/\/noticiasmercedinas.com\/site\/#organization"},"image":{"@id":"https:\/\/noticiasmercedinas.com\/site\/2025\/05\/20\/miguel-tallarita-y-la-con-todo-band-llenaron-de-musica-la-noche-mercedina\/#primaryimage"},"thumbnailUrl":"https:\/\/noticiasmercedinas.com\/site\/wp-content\/uploads\/2025\/05\/f6782944-7362-4a0c-82d2-b35dc98bf77a.jpg","keywords":["Bistr\u00f3","miguel angel tallarita"],"articleSection":["Cultura"],"inLanguage":"es"},{"@type":"WebPage","@id":"https:\/\/noticiasmercedinas.com\/site\/2025\/05\/20\/miguel-tallarita-y-la-con-todo-band-llenaron-de-musica-la-noche-mercedina\/","url":"https:\/\/noticiasmercedinas.com\/site\/2025\/05\/20\/miguel-tallarita-y-la-con-todo-band-llenaron-de-musica-la-noche-mercedina\/","name":"Miguel Tallarita y la Con Todo Band llenaron de m\u00fasica la noche mercedina","isPartOf":{"@id":"https:\/\/noticiasmercedinas.com\/site\/#website"},"primaryImageOfPage":{"@id":"https:\/\/noticiasmercedinas.com\/site\/2025\/05\/20\/miguel-tallarita-y-la-con-todo-band-llenaron-de-musica-la-noche-mercedina\/#primaryimage"},"image":{"@id":"https:\/\/noticiasmercedinas.com\/site\/2025\/05\/20\/miguel-tallarita-y-la-con-todo-band-llenaron-de-musica-la-noche-mercedina\/#primaryimage"},"thumbnailUrl":"https:\/\/noticiasmercedinas.com\/site\/wp-content\/uploads\/2025\/05\/f6782944-7362-4a0c-82d2-b35dc98bf77a.jpg","datePublished":"2025-05-20T23:25:07+00:00","dateModified":"2025-05-20T23:31:11+00:00","description":"El trompetista lleg\u00f3 a Mercedes acompa\u00f1ado por su hist\u00f3rica Con Todo Band para brindar un show \u00edntimo, intenso y variado, que dej\u00f3 una incre\u00edble sensaci\u00f3n entre los presentes.","breadcrumb":{"@id":"https:\/\/noticiasmercedinas.com\/site\/2025\/05\/20\/miguel-tallarita-y-la-con-todo-band-llenaron-de-musica-la-noche-mercedina\/#breadcrumb"},"inLanguage":"es","potentialAction":[{"@type":"ReadAction","target":["https:\/\/noticiasmercedinas.com\/site\/2025\/05\/20\/miguel-tallarita-y-la-con-todo-band-llenaron-de-musica-la-noche-mercedina\/"]}]},{"@type":"ImageObject","inLanguage":"es","@id":"https:\/\/noticiasmercedinas.com\/site\/2025\/05\/20\/miguel-tallarita-y-la-con-todo-band-llenaron-de-musica-la-noche-mercedina\/#primaryimage","url":"https:\/\/noticiasmercedinas.com\/site\/wp-content\/uploads\/2025\/05\/f6782944-7362-4a0c-82d2-b35dc98bf77a.jpg","contentUrl":"https:\/\/noticiasmercedinas.com\/site\/wp-content\/uploads\/2025\/05\/f6782944-7362-4a0c-82d2-b35dc98bf77a.jpg","width":1600,"height":720},{"@type":"BreadcrumbList","@id":"https:\/\/noticiasmercedinas.com\/site\/2025\/05\/20\/miguel-tallarita-y-la-con-todo-band-llenaron-de-musica-la-noche-mercedina\/#breadcrumb","itemListElement":[{"@type":"ListItem","position":1,"name":"Portada","item":"https:\/\/noticiasmercedinas.com\/site\/"},{"@type":"ListItem","position":2,"name":"Miguel Tallarita y la Con Todo Band llenaron de m\u00fasica la noche mercedina"}]},{"@type":"WebSite","@id":"https:\/\/noticiasmercedinas.com\/site\/#website","url":"https:\/\/noticiasmercedinas.com\/site\/","name":"NOTICIASMERCEDINAS.COM","description":"Mercedes, Buenos Aires, Argentina","publisher":{"@id":"https:\/\/noticiasmercedinas.com\/site\/#organization"},"potentialAction":[{"@type":"SearchAction","target":{"@type":"EntryPoint","urlTemplate":"https:\/\/noticiasmercedinas.com\/site\/?s={search_term_string}"},"query-input":{"@type":"PropertyValueSpecification","valueRequired":true,"valueName":"search_term_string"}}],"inLanguage":"es"},{"@type":"Organization","@id":"https:\/\/noticiasmercedinas.com\/site\/#organization","name":"NOTICIASMERCEDINAS.COM","url":"https:\/\/noticiasmercedinas.com\/site\/","logo":{"@type":"ImageObject","inLanguage":"es","@id":"https:\/\/noticiasmercedinas.com\/site\/#\/schema\/logo\/image\/","url":"https:\/\/noticiasmercedinas.com\/site\/wp-content\/uploads\/2020\/06\/LOGO-512.jpg","contentUrl":"https:\/\/noticiasmercedinas.com\/site\/wp-content\/uploads\/2020\/06\/LOGO-512.jpg","width":512,"height":512,"caption":"NOTICIASMERCEDINAS.COM"},"image":{"@id":"https:\/\/noticiasmercedinas.com\/site\/#\/schema\/logo\/image\/"},"sameAs":["https:\/\/www.facebook.com\/noticiasmercedinas\/","https:\/\/x.com\/notmercedinas","https:\/\/www.instagram.com\/noticiasmercedinas\/"]},{"@type":"Person","@id":"https:\/\/noticiasmercedinas.com\/site\/#\/schema\/person\/84b59c099c28ff2e8b77d4ceec5d8063","name":"NOTICIASMERCEDINAS.COM","image":{"@type":"ImageObject","inLanguage":"es","@id":"https:\/\/secure.gravatar.com\/avatar\/4dfbf16b4d17945bfb6341b2d19043457132fcf478a5ee04f42e959fd8f5df0a?s=96&d=mm&r=g","url":"https:\/\/secure.gravatar.com\/avatar\/4dfbf16b4d17945bfb6341b2d19043457132fcf478a5ee04f42e959fd8f5df0a?s=96&d=mm&r=g","contentUrl":"https:\/\/secure.gravatar.com\/avatar\/4dfbf16b4d17945bfb6341b2d19043457132fcf478a5ee04f42e959fd8f5df0a?s=96&d=mm&r=g","caption":"NOTICIASMERCEDINAS.COM"},"url":"https:\/\/noticiasmercedinas.com\/site\/author\/anonimo\/"}]}},"amp_enabled":true,"_links":{"self":[{"href":"https:\/\/noticiasmercedinas.com\/site\/wp-json\/wp\/v2\/posts\/159834","targetHints":{"allow":["GET"]}}],"collection":[{"href":"https:\/\/noticiasmercedinas.com\/site\/wp-json\/wp\/v2\/posts"}],"about":[{"href":"https:\/\/noticiasmercedinas.com\/site\/wp-json\/wp\/v2\/types\/post"}],"author":[{"embeddable":true,"href":"https:\/\/noticiasmercedinas.com\/site\/wp-json\/wp\/v2\/users\/16"}],"replies":[{"embeddable":true,"href":"https:\/\/noticiasmercedinas.com\/site\/wp-json\/wp\/v2\/comments?post=159834"}],"version-history":[{"count":2,"href":"https:\/\/noticiasmercedinas.com\/site\/wp-json\/wp\/v2\/posts\/159834\/revisions"}],"predecessor-version":[{"id":159839,"href":"https:\/\/noticiasmercedinas.com\/site\/wp-json\/wp\/v2\/posts\/159834\/revisions\/159839"}],"wp:featuredmedia":[{"embeddable":true,"href":"https:\/\/noticiasmercedinas.com\/site\/wp-json\/wp\/v2\/media\/159835"}],"wp:attachment":[{"href":"https:\/\/noticiasmercedinas.com\/site\/wp-json\/wp\/v2\/media?parent=159834"}],"wp:term":[{"taxonomy":"category","embeddable":true,"href":"https:\/\/noticiasmercedinas.com\/site\/wp-json\/wp\/v2\/categories?post=159834"},{"taxonomy":"post_tag","embeddable":true,"href":"https:\/\/noticiasmercedinas.com\/site\/wp-json\/wp\/v2\/tags?post=159834"}],"curies":[{"name":"wp","href":"https:\/\/api.w.org\/{rel}","templated":true}]}}