{"id":159912,"date":"2025-05-21T14:24:54","date_gmt":"2025-05-21T17:24:54","guid":{"rendered":"https:\/\/noticiasmercedinas.com\/site\/?p=159912"},"modified":"2025-05-21T14:24:54","modified_gmt":"2025-05-21T17:24:54","slug":"criptogate-sabrina-selva-reclama-el-funcionamiento-de-la-comision-investigadora-por-el-caso-libra","status":"publish","type":"post","link":"https:\/\/noticiasmercedinas.com\/site\/2025\/05\/21\/criptogate-sabrina-selva-reclama-el-funcionamiento-de-la-comision-investigadora-por-el-caso-libra\/","title":{"rendered":"Criptogate: Sabrina Selva reclama el funcionamiento de la comisi\u00f3n investigadora por el caso Libra"},"content":{"rendered":"<p data-start=\"112\" data-end=\"214\"><img loading=\"lazy\" decoding=\"async\" class=\"alignnone size-full wp-image-158401\" src=\"https:\/\/noticiasmercedinas.com\/site\/wp-content\/uploads\/2025\/04\/sabrina_selva.jpg\" alt=\"\" width=\"640\" height=\"447\" srcset=\"https:\/\/noticiasmercedinas.com\/site\/wp-content\/uploads\/2025\/04\/sabrina_selva.jpg 640w, https:\/\/noticiasmercedinas.com\/site\/wp-content\/uploads\/2025\/04\/sabrina_selva-300x210.jpg 300w\" sizes=\"auto, (max-width: 640px) 100vw, 640px\" \/><\/p>\n<p class=\"\" data-start=\"370\" data-end=\"776\">La diputada nacional <strong>Sabrina Selva<\/strong> (Uni\u00f3n por la Patria) critic\u00f3 con dureza al presidente de la C\u00e1mara de Diputados, <strong>Mart\u00edn Menem<\/strong>, por excluir el tratamiento del caso $Libra \u2014conocido como <em data-start=\"537\" data-end=\"549\">Criptogate<\/em>\u2014 del temario de la sesi\u00f3n convocada para este mi\u00e9rcoles. \u201cLa comisi\u00f3n investigadora tiene que funcionar\u201d, reclam\u00f3 Selva, y acus\u00f3 a Menem de actuar de manera autoritaria y de \u201cllevarse puesta la institucionalidad del Congreso\u201d.<\/p>\n<p class=\"\" data-start=\"778\" data-end=\"1093\">En declaraciones a <em>Radio 10<\/em>, la legisladora bonaerense de origen mercedino se\u00f1al\u00f3 que, a pesar de que un grupo de diputados incluy\u00f3 el tema en la solicitud de sesi\u00f3n, Menem no lo incorpor\u00f3 en la convocatoria oficial. \u201cSi no tienen nada que ocultar, \u00bfpor qu\u00e9 siguen bloqueando el proceso?\u201d, plante\u00f3 Selva a trav\u00e9s de sus redes sociales.<\/p>\n<blockquote>\n<p data-start=\"778\" data-end=\"1093\">El bloque opositor insistir\u00e1 este jueves en el recinto con una moci\u00f3n para incorporar el debate sobre el presunto esquema de evasi\u00f3n y financiamiento irregular vinculado al token cripto $Libra<\/p>\n<\/blockquote>\n<p class=\"\" data-start=\"1095\" data-end=\"1392\">Seg\u00fan explic\u00f3, el bloque opositor insistir\u00e1 este jueves en el recinto con una moci\u00f3n para incorporar el debate sobre el presunto esquema de evasi\u00f3n y financiamiento irregular vinculado al token cripto $Libra. \u201cVamos a llevar much\u00edsimos argumentos para sostener lo que queremos plantear\u201d, anticip\u00f3.<\/p>\n<p class=\"\" data-start=\"1394\" data-end=\"1596\">La diputada advirti\u00f3 que la actitud del titular de la C\u00e1mara baja \u201cse repite en much\u00edsimas otras discusiones\u201d y que el Congreso atraviesa \u201cun momento muy complejo desde el punto de vista institucional\u201d.<\/p>\n<p class=\"\" data-start=\"1598\" data-end=\"1845\">El caso $Libra involucra presuntas irregularidades en el manejo de fondos a trav\u00e9s de un criptoactivo promocionado por el presidente Javier Milei y entornos cercanos al oficialismo, y motiv\u00f3 el pedido de creaci\u00f3n de una comisi\u00f3n investigadora impulsado por bloques opositores.<\/p>\n","protected":false},"excerpt":{"rendered":"<p>\u25a0\u00a0La diputada nacional de origen mercedino cuestion\u00f3 a Mart\u00edn Menem por excluir el tema del temario de la sesi\u00f3n y advirti\u00f3 sobre una crisis institucional en el Congreso.<\/p>\n","protected":false},"author":16,"featured_media":158401,"comment_status":"closed","ping_status":"closed","sticky":false,"template":"","format":"standard","meta":{"footnotes":""},"categories":[16],"tags":[20153,174,19875,4259],"class_list":["post-159912","post","type-post","status-publish","format-standard","has-post-thumbnail","hentry","category-politica","tag-criptogate","tag-diputados","tag-libra","tag-sabrina-selva"],"yoast_head":"<!-- This site is optimized with the Yoast SEO plugin v27.4 - https:\/\/yoast.com\/product\/yoast-seo-wordpress\/ -->\n<title>Criptogate: Sabrina Selva reclama el funcionamiento de la comisi\u00f3n investigadora por el caso Libra<\/title>\n<meta name=\"description\" content=\"\u25a0\u00a0La diputada nacional de origen mercedino cuestion\u00f3 a Mart\u00edn Menem por excluir el tema del temario de la sesi\u00f3n y advirti\u00f3 sobre una crisis institucional en el Congreso.\" \/>\n<meta name=\"robots\" content=\"index, follow, max-snippet:-1, max-image-preview:large, max-video-preview:-1\" \/>\n<link rel=\"canonical\" href=\"https:\/\/noticiasmercedinas.com\/site\/2025\/05\/21\/criptogate-sabrina-selva-reclama-el-funcionamiento-de-la-comision-investigadora-por-el-caso-libra\/\" \/>\n<meta property=\"og:locale\" content=\"es_ES\" \/>\n<meta property=\"og:type\" content=\"article\" \/>\n<meta property=\"og:title\" content=\"Criptogate: Sabrina Selva reclama el funcionamiento de la comisi\u00f3n investigadora por el caso Libra\" \/>\n<meta property=\"og:description\" content=\"\u25a0\u00a0La diputada nacional de origen mercedino cuestion\u00f3 a Mart\u00edn Menem por excluir el tema del temario de la sesi\u00f3n y advirti\u00f3 sobre una crisis institucional en el Congreso.\" \/>\n<meta property=\"og:url\" content=\"https:\/\/noticiasmercedinas.com\/site\/2025\/05\/21\/criptogate-sabrina-selva-reclama-el-funcionamiento-de-la-comision-investigadora-por-el-caso-libra\/\" \/>\n<meta property=\"og:site_name\" content=\"NOTICIASMERCEDINAS.COM\" \/>\n<meta property=\"article:publisher\" content=\"https:\/\/www.facebook.com\/noticiasmercedinas\/\" \/>\n<meta property=\"article:published_time\" content=\"2025-05-21T17:24:54+00:00\" \/>\n<meta property=\"og:image\" content=\"https:\/\/noticiasmercedinas.com\/site\/wp-content\/uploads\/2025\/04\/sabrina_selva.jpg\" \/>\n\t<meta property=\"og:image:width\" content=\"640\" \/>\n\t<meta property=\"og:image:height\" content=\"447\" \/>\n\t<meta property=\"og:image:type\" content=\"image\/jpeg\" \/>\n<meta name=\"author\" content=\"NOTICIASMERCEDINAS.COM\" \/>\n<meta name=\"twitter:card\" content=\"summary_large_image\" \/>\n<meta name=\"twitter:creator\" content=\"@notmercedinas\" \/>\n<meta name=\"twitter:site\" content=\"@notmercedinas\" \/>\n<meta name=\"twitter:label1\" content=\"Escrito por\" \/>\n\t<meta name=\"twitter:data1\" content=\"NOTICIASMERCEDINAS.COM\" \/>\n\t<meta name=\"twitter:label2\" content=\"Tiempo de lectura\" \/>\n\t<meta name=\"twitter:data2\" content=\"2 minutos\" \/>\n<script type=\"application\/ld+json\" class=\"yoast-schema-graph\">{\"@context\":\"https:\\\/\\\/schema.org\",\"@graph\":[{\"@type\":\"Article\",\"@id\":\"https:\\\/\\\/noticiasmercedinas.com\\\/site\\\/2025\\\/05\\\/21\\\/criptogate-sabrina-selva-reclama-el-funcionamiento-de-la-comision-investigadora-por-el-caso-libra\\\/#article\",\"isPartOf\":{\"@id\":\"https:\\\/\\\/noticiasmercedinas.com\\\/site\\\/2025\\\/05\\\/21\\\/criptogate-sabrina-selva-reclama-el-funcionamiento-de-la-comision-investigadora-por-el-caso-libra\\\/\"},\"author\":{\"name\":\"NOTICIASMERCEDINAS.COM\",\"@id\":\"https:\\\/\\\/noticiasmercedinas.com\\\/site\\\/#\\\/schema\\\/person\\\/84b59c099c28ff2e8b77d4ceec5d8063\"},\"headline\":\"Criptogate: Sabrina Selva reclama el funcionamiento de la comisi\u00f3n investigadora por el caso Libra\",\"datePublished\":\"2025-05-21T17:24:54+00:00\",\"mainEntityOfPage\":{\"@id\":\"https:\\\/\\\/noticiasmercedinas.com\\\/site\\\/2025\\\/05\\\/21\\\/criptogate-sabrina-selva-reclama-el-funcionamiento-de-la-comision-investigadora-por-el-caso-libra\\\/\"},\"wordCount\":304,\"publisher\":{\"@id\":\"https:\\\/\\\/noticiasmercedinas.com\\\/site\\\/#organization\"},\"image\":{\"@id\":\"https:\\\/\\\/noticiasmercedinas.com\\\/site\\\/2025\\\/05\\\/21\\\/criptogate-sabrina-selva-reclama-el-funcionamiento-de-la-comision-investigadora-por-el-caso-libra\\\/#primaryimage\"},\"thumbnailUrl\":\"https:\\\/\\\/noticiasmercedinas.com\\\/site\\\/wp-content\\\/uploads\\\/2025\\\/04\\\/sabrina_selva.jpg\",\"keywords\":[\"criptogate\",\"diputados\",\"libra\",\"sabrina selva\"],\"articleSection\":[\"Politica\"],\"inLanguage\":\"es\"},{\"@type\":\"WebPage\",\"@id\":\"https:\\\/\\\/noticiasmercedinas.com\\\/site\\\/2025\\\/05\\\/21\\\/criptogate-sabrina-selva-reclama-el-funcionamiento-de-la-comision-investigadora-por-el-caso-libra\\\/\",\"url\":\"https:\\\/\\\/noticiasmercedinas.com\\\/site\\\/2025\\\/05\\\/21\\\/criptogate-sabrina-selva-reclama-el-funcionamiento-de-la-comision-investigadora-por-el-caso-libra\\\/\",\"name\":\"Criptogate: Sabrina Selva reclama el funcionamiento de la comisi\u00f3n investigadora por el caso Libra\",\"isPartOf\":{\"@id\":\"https:\\\/\\\/noticiasmercedinas.com\\\/site\\\/#website\"},\"primaryImageOfPage\":{\"@id\":\"https:\\\/\\\/noticiasmercedinas.com\\\/site\\\/2025\\\/05\\\/21\\\/criptogate-sabrina-selva-reclama-el-funcionamiento-de-la-comision-investigadora-por-el-caso-libra\\\/#primaryimage\"},\"image\":{\"@id\":\"https:\\\/\\\/noticiasmercedinas.com\\\/site\\\/2025\\\/05\\\/21\\\/criptogate-sabrina-selva-reclama-el-funcionamiento-de-la-comision-investigadora-por-el-caso-libra\\\/#primaryimage\"},\"thumbnailUrl\":\"https:\\\/\\\/noticiasmercedinas.com\\\/site\\\/wp-content\\\/uploads\\\/2025\\\/04\\\/sabrina_selva.jpg\",\"datePublished\":\"2025-05-21T17:24:54+00:00\",\"description\":\"\u25a0\u00a0La diputada nacional de origen mercedino cuestion\u00f3 a Mart\u00edn Menem por excluir el tema del temario de la sesi\u00f3n y advirti\u00f3 sobre una crisis institucional en el Congreso.\",\"breadcrumb\":{\"@id\":\"https:\\\/\\\/noticiasmercedinas.com\\\/site\\\/2025\\\/05\\\/21\\\/criptogate-sabrina-selva-reclama-el-funcionamiento-de-la-comision-investigadora-por-el-caso-libra\\\/#breadcrumb\"},\"inLanguage\":\"es\",\"potentialAction\":[{\"@type\":\"ReadAction\",\"target\":[\"https:\\\/\\\/noticiasmercedinas.com\\\/site\\\/2025\\\/05\\\/21\\\/criptogate-sabrina-selva-reclama-el-funcionamiento-de-la-comision-investigadora-por-el-caso-libra\\\/\"]}]},{\"@type\":\"ImageObject\",\"inLanguage\":\"es\",\"@id\":\"https:\\\/\\\/noticiasmercedinas.com\\\/site\\\/2025\\\/05\\\/21\\\/criptogate-sabrina-selva-reclama-el-funcionamiento-de-la-comision-investigadora-por-el-caso-libra\\\/#primaryimage\",\"url\":\"https:\\\/\\\/noticiasmercedinas.com\\\/site\\\/wp-content\\\/uploads\\\/2025\\\/04\\\/sabrina_selva.jpg\",\"contentUrl\":\"https:\\\/\\\/noticiasmercedinas.com\\\/site\\\/wp-content\\\/uploads\\\/2025\\\/04\\\/sabrina_selva.jpg\",\"width\":640,\"height\":447},{\"@type\":\"BreadcrumbList\",\"@id\":\"https:\\\/\\\/noticiasmercedinas.com\\\/site\\\/2025\\\/05\\\/21\\\/criptogate-sabrina-selva-reclama-el-funcionamiento-de-la-comision-investigadora-por-el-caso-libra\\\/#breadcrumb\",\"itemListElement\":[{\"@type\":\"ListItem\",\"position\":1,\"name\":\"Portada\",\"item\":\"https:\\\/\\\/noticiasmercedinas.com\\\/site\\\/\"},{\"@type\":\"ListItem\",\"position\":2,\"name\":\"Criptogate: Sabrina Selva reclama el funcionamiento de la comisi\u00f3n investigadora por el caso Libra\"}]},{\"@type\":\"WebSite\",\"@id\":\"https:\\\/\\\/noticiasmercedinas.com\\\/site\\\/#website\",\"url\":\"https:\\\/\\\/noticiasmercedinas.com\\\/site\\\/\",\"name\":\"NOTICIASMERCEDINAS.COM\",\"description\":\"Mercedes, Buenos Aires, Argentina\",\"publisher\":{\"@id\":\"https:\\\/\\\/noticiasmercedinas.com\\\/site\\\/#organization\"},\"potentialAction\":[{\"@type\":\"SearchAction\",\"target\":{\"@type\":\"EntryPoint\",\"urlTemplate\":\"https:\\\/\\\/noticiasmercedinas.com\\\/site\\\/?s={search_term_string}\"},\"query-input\":{\"@type\":\"PropertyValueSpecification\",\"valueRequired\":true,\"valueName\":\"search_term_string\"}}],\"inLanguage\":\"es\"},{\"@type\":\"Organization\",\"@id\":\"https:\\\/\\\/noticiasmercedinas.com\\\/site\\\/#organization\",\"name\":\"NOTICIASMERCEDINAS.COM\",\"url\":\"https:\\\/\\\/noticiasmercedinas.com\\\/site\\\/\",\"logo\":{\"@type\":\"ImageObject\",\"inLanguage\":\"es\",\"@id\":\"https:\\\/\\\/noticiasmercedinas.com\\\/site\\\/#\\\/schema\\\/logo\\\/image\\\/\",\"url\":\"https:\\\/\\\/noticiasmercedinas.com\\\/site\\\/wp-content\\\/uploads\\\/2020\\\/06\\\/LOGO-512.jpg\",\"contentUrl\":\"https:\\\/\\\/noticiasmercedinas.com\\\/site\\\/wp-content\\\/uploads\\\/2020\\\/06\\\/LOGO-512.jpg\",\"width\":512,\"height\":512,\"caption\":\"NOTICIASMERCEDINAS.COM\"},\"image\":{\"@id\":\"https:\\\/\\\/noticiasmercedinas.com\\\/site\\\/#\\\/schema\\\/logo\\\/image\\\/\"},\"sameAs\":[\"https:\\\/\\\/www.facebook.com\\\/noticiasmercedinas\\\/\",\"https:\\\/\\\/x.com\\\/notmercedinas\",\"https:\\\/\\\/www.instagram.com\\\/noticiasmercedinas\\\/\"]},{\"@type\":\"Person\",\"@id\":\"https:\\\/\\\/noticiasmercedinas.com\\\/site\\\/#\\\/schema\\\/person\\\/84b59c099c28ff2e8b77d4ceec5d8063\",\"name\":\"NOTICIASMERCEDINAS.COM\",\"image\":{\"@type\":\"ImageObject\",\"inLanguage\":\"es\",\"@id\":\"https:\\\/\\\/secure.gravatar.com\\\/avatar\\\/4dfbf16b4d17945bfb6341b2d19043457132fcf478a5ee04f42e959fd8f5df0a?s=96&d=mm&r=g\",\"url\":\"https:\\\/\\\/secure.gravatar.com\\\/avatar\\\/4dfbf16b4d17945bfb6341b2d19043457132fcf478a5ee04f42e959fd8f5df0a?s=96&d=mm&r=g\",\"contentUrl\":\"https:\\\/\\\/secure.gravatar.com\\\/avatar\\\/4dfbf16b4d17945bfb6341b2d19043457132fcf478a5ee04f42e959fd8f5df0a?s=96&d=mm&r=g\",\"caption\":\"NOTICIASMERCEDINAS.COM\"},\"url\":\"https:\\\/\\\/noticiasmercedinas.com\\\/site\\\/author\\\/anonimo\\\/\"}]}<\/script>\n<!-- \/ Yoast SEO plugin. -->","yoast_head_json":{"title":"Criptogate: Sabrina Selva reclama el funcionamiento de la comisi\u00f3n investigadora por el caso Libra","description":"\u25a0\u00a0La diputada nacional de origen mercedino cuestion\u00f3 a Mart\u00edn Menem por excluir el tema del temario de la sesi\u00f3n y advirti\u00f3 sobre una crisis institucional en el Congreso.","robots":{"index":"index","follow":"follow","max-snippet":"max-snippet:-1","max-image-preview":"max-image-preview:large","max-video-preview":"max-video-preview:-1"},"canonical":"https:\/\/noticiasmercedinas.com\/site\/2025\/05\/21\/criptogate-sabrina-selva-reclama-el-funcionamiento-de-la-comision-investigadora-por-el-caso-libra\/","og_locale":"es_ES","og_type":"article","og_title":"Criptogate: Sabrina Selva reclama el funcionamiento de la comisi\u00f3n investigadora por el caso Libra","og_description":"\u25a0\u00a0La diputada nacional de origen mercedino cuestion\u00f3 a Mart\u00edn Menem por excluir el tema del temario de la sesi\u00f3n y advirti\u00f3 sobre una crisis institucional en el Congreso.","og_url":"https:\/\/noticiasmercedinas.com\/site\/2025\/05\/21\/criptogate-sabrina-selva-reclama-el-funcionamiento-de-la-comision-investigadora-por-el-caso-libra\/","og_site_name":"NOTICIASMERCEDINAS.COM","article_publisher":"https:\/\/www.facebook.com\/noticiasmercedinas\/","article_published_time":"2025-05-21T17:24:54+00:00","og_image":[{"width":640,"height":447,"url":"https:\/\/noticiasmercedinas.com\/site\/wp-content\/uploads\/2025\/04\/sabrina_selva.jpg","type":"image\/jpeg"}],"author":"NOTICIASMERCEDINAS.COM","twitter_card":"summary_large_image","twitter_creator":"@notmercedinas","twitter_site":"@notmercedinas","twitter_misc":{"Escrito por":"NOTICIASMERCEDINAS.COM","Tiempo de lectura":"2 minutos"},"schema":{"@context":"https:\/\/schema.org","@graph":[{"@type":"Article","@id":"https:\/\/noticiasmercedinas.com\/site\/2025\/05\/21\/criptogate-sabrina-selva-reclama-el-funcionamiento-de-la-comision-investigadora-por-el-caso-libra\/#article","isPartOf":{"@id":"https:\/\/noticiasmercedinas.com\/site\/2025\/05\/21\/criptogate-sabrina-selva-reclama-el-funcionamiento-de-la-comision-investigadora-por-el-caso-libra\/"},"author":{"name":"NOTICIASMERCEDINAS.COM","@id":"https:\/\/noticiasmercedinas.com\/site\/#\/schema\/person\/84b59c099c28ff2e8b77d4ceec5d8063"},"headline":"Criptogate: Sabrina Selva reclama el funcionamiento de la comisi\u00f3n investigadora por el caso Libra","datePublished":"2025-05-21T17:24:54+00:00","mainEntityOfPage":{"@id":"https:\/\/noticiasmercedinas.com\/site\/2025\/05\/21\/criptogate-sabrina-selva-reclama-el-funcionamiento-de-la-comision-investigadora-por-el-caso-libra\/"},"wordCount":304,"publisher":{"@id":"https:\/\/noticiasmercedinas.com\/site\/#organization"},"image":{"@id":"https:\/\/noticiasmercedinas.com\/site\/2025\/05\/21\/criptogate-sabrina-selva-reclama-el-funcionamiento-de-la-comision-investigadora-por-el-caso-libra\/#primaryimage"},"thumbnailUrl":"https:\/\/noticiasmercedinas.com\/site\/wp-content\/uploads\/2025\/04\/sabrina_selva.jpg","keywords":["criptogate","diputados","libra","sabrina selva"],"articleSection":["Politica"],"inLanguage":"es"},{"@type":"WebPage","@id":"https:\/\/noticiasmercedinas.com\/site\/2025\/05\/21\/criptogate-sabrina-selva-reclama-el-funcionamiento-de-la-comision-investigadora-por-el-caso-libra\/","url":"https:\/\/noticiasmercedinas.com\/site\/2025\/05\/21\/criptogate-sabrina-selva-reclama-el-funcionamiento-de-la-comision-investigadora-por-el-caso-libra\/","name":"Criptogate: Sabrina Selva reclama el funcionamiento de la comisi\u00f3n investigadora por el caso Libra","isPartOf":{"@id":"https:\/\/noticiasmercedinas.com\/site\/#website"},"primaryImageOfPage":{"@id":"https:\/\/noticiasmercedinas.com\/site\/2025\/05\/21\/criptogate-sabrina-selva-reclama-el-funcionamiento-de-la-comision-investigadora-por-el-caso-libra\/#primaryimage"},"image":{"@id":"https:\/\/noticiasmercedinas.com\/site\/2025\/05\/21\/criptogate-sabrina-selva-reclama-el-funcionamiento-de-la-comision-investigadora-por-el-caso-libra\/#primaryimage"},"thumbnailUrl":"https:\/\/noticiasmercedinas.com\/site\/wp-content\/uploads\/2025\/04\/sabrina_selva.jpg","datePublished":"2025-05-21T17:24:54+00:00","description":"\u25a0\u00a0La diputada nacional de origen mercedino cuestion\u00f3 a Mart\u00edn Menem por excluir el tema del temario de la sesi\u00f3n y advirti\u00f3 sobre una crisis institucional en el Congreso.","breadcrumb":{"@id":"https:\/\/noticiasmercedinas.com\/site\/2025\/05\/21\/criptogate-sabrina-selva-reclama-el-funcionamiento-de-la-comision-investigadora-por-el-caso-libra\/#breadcrumb"},"inLanguage":"es","potentialAction":[{"@type":"ReadAction","target":["https:\/\/noticiasmercedinas.com\/site\/2025\/05\/21\/criptogate-sabrina-selva-reclama-el-funcionamiento-de-la-comision-investigadora-por-el-caso-libra\/"]}]},{"@type":"ImageObject","inLanguage":"es","@id":"https:\/\/noticiasmercedinas.com\/site\/2025\/05\/21\/criptogate-sabrina-selva-reclama-el-funcionamiento-de-la-comision-investigadora-por-el-caso-libra\/#primaryimage","url":"https:\/\/noticiasmercedinas.com\/site\/wp-content\/uploads\/2025\/04\/sabrina_selva.jpg","contentUrl":"https:\/\/noticiasmercedinas.com\/site\/wp-content\/uploads\/2025\/04\/sabrina_selva.jpg","width":640,"height":447},{"@type":"BreadcrumbList","@id":"https:\/\/noticiasmercedinas.com\/site\/2025\/05\/21\/criptogate-sabrina-selva-reclama-el-funcionamiento-de-la-comision-investigadora-por-el-caso-libra\/#breadcrumb","itemListElement":[{"@type":"ListItem","position":1,"name":"Portada","item":"https:\/\/noticiasmercedinas.com\/site\/"},{"@type":"ListItem","position":2,"name":"Criptogate: Sabrina Selva reclama el funcionamiento de la comisi\u00f3n investigadora por el caso Libra"}]},{"@type":"WebSite","@id":"https:\/\/noticiasmercedinas.com\/site\/#website","url":"https:\/\/noticiasmercedinas.com\/site\/","name":"NOTICIASMERCEDINAS.COM","description":"Mercedes, Buenos Aires, Argentina","publisher":{"@id":"https:\/\/noticiasmercedinas.com\/site\/#organization"},"potentialAction":[{"@type":"SearchAction","target":{"@type":"EntryPoint","urlTemplate":"https:\/\/noticiasmercedinas.com\/site\/?s={search_term_string}"},"query-input":{"@type":"PropertyValueSpecification","valueRequired":true,"valueName":"search_term_string"}}],"inLanguage":"es"},{"@type":"Organization","@id":"https:\/\/noticiasmercedinas.com\/site\/#organization","name":"NOTICIASMERCEDINAS.COM","url":"https:\/\/noticiasmercedinas.com\/site\/","logo":{"@type":"ImageObject","inLanguage":"es","@id":"https:\/\/noticiasmercedinas.com\/site\/#\/schema\/logo\/image\/","url":"https:\/\/noticiasmercedinas.com\/site\/wp-content\/uploads\/2020\/06\/LOGO-512.jpg","contentUrl":"https:\/\/noticiasmercedinas.com\/site\/wp-content\/uploads\/2020\/06\/LOGO-512.jpg","width":512,"height":512,"caption":"NOTICIASMERCEDINAS.COM"},"image":{"@id":"https:\/\/noticiasmercedinas.com\/site\/#\/schema\/logo\/image\/"},"sameAs":["https:\/\/www.facebook.com\/noticiasmercedinas\/","https:\/\/x.com\/notmercedinas","https:\/\/www.instagram.com\/noticiasmercedinas\/"]},{"@type":"Person","@id":"https:\/\/noticiasmercedinas.com\/site\/#\/schema\/person\/84b59c099c28ff2e8b77d4ceec5d8063","name":"NOTICIASMERCEDINAS.COM","image":{"@type":"ImageObject","inLanguage":"es","@id":"https:\/\/secure.gravatar.com\/avatar\/4dfbf16b4d17945bfb6341b2d19043457132fcf478a5ee04f42e959fd8f5df0a?s=96&d=mm&r=g","url":"https:\/\/secure.gravatar.com\/avatar\/4dfbf16b4d17945bfb6341b2d19043457132fcf478a5ee04f42e959fd8f5df0a?s=96&d=mm&r=g","contentUrl":"https:\/\/secure.gravatar.com\/avatar\/4dfbf16b4d17945bfb6341b2d19043457132fcf478a5ee04f42e959fd8f5df0a?s=96&d=mm&r=g","caption":"NOTICIASMERCEDINAS.COM"},"url":"https:\/\/noticiasmercedinas.com\/site\/author\/anonimo\/"}]}},"amp_enabled":true,"_links":{"self":[{"href":"https:\/\/noticiasmercedinas.com\/site\/wp-json\/wp\/v2\/posts\/159912","targetHints":{"allow":["GET"]}}],"collection":[{"href":"https:\/\/noticiasmercedinas.com\/site\/wp-json\/wp\/v2\/posts"}],"about":[{"href":"https:\/\/noticiasmercedinas.com\/site\/wp-json\/wp\/v2\/types\/post"}],"author":[{"embeddable":true,"href":"https:\/\/noticiasmercedinas.com\/site\/wp-json\/wp\/v2\/users\/16"}],"replies":[{"embeddable":true,"href":"https:\/\/noticiasmercedinas.com\/site\/wp-json\/wp\/v2\/comments?post=159912"}],"version-history":[{"count":1,"href":"https:\/\/noticiasmercedinas.com\/site\/wp-json\/wp\/v2\/posts\/159912\/revisions"}],"predecessor-version":[{"id":159913,"href":"https:\/\/noticiasmercedinas.com\/site\/wp-json\/wp\/v2\/posts\/159912\/revisions\/159913"}],"wp:featuredmedia":[{"embeddable":true,"href":"https:\/\/noticiasmercedinas.com\/site\/wp-json\/wp\/v2\/media\/158401"}],"wp:attachment":[{"href":"https:\/\/noticiasmercedinas.com\/site\/wp-json\/wp\/v2\/media?parent=159912"}],"wp:term":[{"taxonomy":"category","embeddable":true,"href":"https:\/\/noticiasmercedinas.com\/site\/wp-json\/wp\/v2\/categories?post=159912"},{"taxonomy":"post_tag","embeddable":true,"href":"https:\/\/noticiasmercedinas.com\/site\/wp-json\/wp\/v2\/tags?post=159912"}],"curies":[{"name":"wp","href":"https:\/\/api.w.org\/{rel}","templated":true}]}}