{"id":15997,"date":"2019-04-08T17:33:41","date_gmt":"2019-04-08T20:33:41","guid":{"rendered":"https:\/\/noticiasmercedinas.com\/site\/?p=15997"},"modified":"2019-04-08T17:34:00","modified_gmt":"2019-04-08T20:34:00","slug":"sabrina-selva-se-va-becada-a-eeuu-a-conocer-la-realidad-sociopolitica-y-economica-de-ese-pais","status":"publish","type":"post","link":"https:\/\/noticiasmercedinas.com\/site\/2019\/04\/08\/sabrina-selva-se-va-becada-a-eeuu-a-conocer-la-realidad-sociopolitica-y-economica-de-ese-pais\/","title":{"rendered":"Sabrina Selva se va becada a EEUU a conocer la realidad sociopol\u00edtica y econ\u00f3mica de ese pa\u00eds"},"content":{"rendered":"<figure id=\"attachment_15998\" aria-describedby=\"caption-attachment-15998\" style=\"width: 741px\" class=\"wp-caption alignnone\"><img loading=\"lazy\" decoding=\"async\" class=\"wp-image-15998 size-full\" src=\"https:\/\/noticiasmercedinas.com\/site\/wp-content\/uploads\/2019\/04\/sselva.jpg\" alt=\"\" width=\"741\" height=\"508\" srcset=\"https:\/\/noticiasmercedinas.com\/site\/wp-content\/uploads\/2019\/04\/sselva.jpg 741w, https:\/\/noticiasmercedinas.com\/site\/wp-content\/uploads\/2019\/04\/sselva-300x206.jpg 300w, https:\/\/noticiasmercedinas.com\/site\/wp-content\/uploads\/2019\/04\/sselva-640x439.jpg 640w, https:\/\/noticiasmercedinas.com\/site\/wp-content\/uploads\/2019\/04\/sselva-681x467.jpg 681w\" sizes=\"auto, (max-width: 741px) 100vw, 741px\" \/><figcaption id=\"caption-attachment-15998\" class=\"wp-caption-text\">Sabrina en la Embajada de EEUU, esta ma\u00f1ana<\/figcaption><\/figure>\n<p>La concejala mandato cumplido, doctora <strong>Sabrina Selva<\/strong>, integr\u00f3 en el d\u00eda de hoy la delegaci\u00f3n de j\u00f3venes l\u00edderes Becarios FURP 2019 que estuvo visitando la Embajada de EEUU en Argentina en la previa de un viaje que har\u00e1n al pa\u00eds del norte.<\/p>\n<p>\u201cEn l\u00ednea con el Programa Internacional de Liderazgo coorganizado entre la FURP y el Departamento de Estado Americano, fuimos recibidos en la Embajada de Estados Unidos\u201d, cont\u00f3 la propia Sabrina Selva de cara a la experiencia que tendr\u00e1 junto a sus pares becarios en este a\u00f1o 2019.<\/p>\n<p>\u201cEl objetivo del viaje es conocer la realidad sociopol\u00edtica y econ\u00f3mica de Estados Unidos. Somos 15 j\u00f3venes que formamos parte de la delegaci\u00f3n, que fuimos elegidos\u00a0 luego de un proceso selectivo del que participaron otros noventa j\u00f3venes con una agenda pol\u00edtica ac\u00e1 en Argentina y de pasar distintas etapas de evaluaci\u00f3n. Yo voy en representaci\u00f3n de la provincia de Buenos Aires\u201d, explic\u00f3.<\/p>\n<p>Hoy fueron recibidos en la Embajada para realizar la visa de intercambio y conocer el itinerario del viaje que va a transcurrir en Washington, Philadelphia, Nueva York y Texas.<\/p>\n<p>El programa es coorganizado entre la Fundaci\u00f3n Universitaria del R\u00edo de la Plata (FURP) y el Departamento de Estado de los Estados Unidos.<\/p>\n<p>La Fundaci\u00f3n Universitaria del R\u00edo de la Plata (FURP) es una instituci\u00f3n privada de bien p\u00fablico, creada en 1970 por j\u00f3venes profesionales, con el fin de contribuir a la formaci\u00f3n de dirigentes de extracci\u00f3n universitaria, en el marco de un di\u00e1logo responsable, sin ning\u00fan tipo de exclusiones o sectarismos.<\/p>\n<p>FURP tiene por objetivo posibilitar que los j\u00f3venes argentinos con capacidad de liderazgo obtengan un mayor conocimiento en materia pol\u00edtica, econ\u00f3mica y social, a fin de contribuir a su mejor desempe\u00f1o en los \u00e1mbitos del quehacer nacional en que participen.<\/p>\n<p>La delegaci\u00f3n que incluye a la mercedina estar\u00eda partiendo el pr\u00f3ximo s\u00e1bado 13 de abril.<\/p>\n","protected":false},"excerpt":{"rendered":"<p>La concejala mandato cumplido, doctora Sabrina Selva, integr\u00f3 en el d\u00eda de hoy la delegaci\u00f3n de j\u00f3venes l\u00edderes Becarios FURP 2019 que estuvo visitando la Embajada de EEUU en Argentina en la previa de un viaje que har\u00e1n al pa\u00eds del norte. \u201cEn l\u00ednea con el Programa Internacional de Liderazgo coorganizado entre la FURP y [&hellip;]<\/p>\n","protected":false},"author":2,"featured_media":15998,"comment_status":"open","ping_status":"open","sticky":false,"template":"","format":"standard","meta":{"footnotes":""},"categories":[16],"tags":[4261,4263,4262,4264,4260,4259],"class_list":["post-15997","post","type-post","status-publish","format-standard","has-post-thumbnail","hentry","category-politica","tag-concejala-mandato-cumplido","tag-eeuu","tag-estados-unidos","tag-fundacion-universitaria-del-rio-de-la-plata","tag-furp","tag-sabrina-selva"],"yoast_head":"<!-- This site is optimized with the Yoast SEO plugin v27.5 - https:\/\/yoast.com\/product\/yoast-seo-wordpress\/ -->\n<title>Sabrina Selva se va becada a EEUU a conocer la realidad sociopol\u00edtica y econ\u00f3mica de ese pa\u00eds<\/title>\n<meta name=\"robots\" content=\"index, follow, max-snippet:-1, max-image-preview:large, max-video-preview:-1\" \/>\n<link rel=\"canonical\" href=\"https:\/\/noticiasmercedinas.com\/site\/2019\/04\/08\/sabrina-selva-se-va-becada-a-eeuu-a-conocer-la-realidad-sociopolitica-y-economica-de-ese-pais\/\" \/>\n<meta property=\"og:locale\" content=\"es_ES\" \/>\n<meta property=\"og:type\" content=\"article\" \/>\n<meta property=\"og:title\" content=\"Sabrina Selva se va becada a EEUU a conocer la realidad sociopol\u00edtica y econ\u00f3mica de ese pa\u00eds\" \/>\n<meta property=\"og:description\" content=\"La concejala mandato cumplido, doctora Sabrina Selva, integr\u00f3 en el d\u00eda de hoy la delegaci\u00f3n de j\u00f3venes l\u00edderes Becarios FURP 2019 que estuvo visitando la Embajada de EEUU en Argentina en la previa de un viaje que har\u00e1n al pa\u00eds del norte. \u201cEn l\u00ednea con el Programa Internacional de Liderazgo coorganizado entre la FURP y [&hellip;]\" \/>\n<meta property=\"og:url\" content=\"https:\/\/noticiasmercedinas.com\/site\/2019\/04\/08\/sabrina-selva-se-va-becada-a-eeuu-a-conocer-la-realidad-sociopolitica-y-economica-de-ese-pais\/\" \/>\n<meta property=\"og:site_name\" content=\"NOTICIASMERCEDINAS.COM\" \/>\n<meta property=\"article:publisher\" content=\"https:\/\/www.facebook.com\/noticiasmercedinas\/\" \/>\n<meta property=\"article:author\" content=\"https:\/\/www.facebook.com\/cristian.falabella\" \/>\n<meta property=\"article:published_time\" content=\"2019-04-08T20:33:41+00:00\" \/>\n<meta property=\"article:modified_time\" content=\"2019-04-08T20:34:00+00:00\" \/>\n<meta property=\"og:image\" content=\"https:\/\/noticiasmercedinas.com\/site\/wp-content\/uploads\/2019\/04\/sselva.jpg\" \/>\n\t<meta property=\"og:image:width\" content=\"741\" \/>\n\t<meta property=\"og:image:height\" content=\"508\" \/>\n\t<meta property=\"og:image:type\" content=\"image\/jpeg\" \/>\n<meta name=\"author\" content=\"Cristian Falabella NOTICIASMERCEDINAS.COM\" \/>\n<meta name=\"twitter:card\" content=\"summary_large_image\" \/>\n<meta name=\"twitter:creator\" content=\"@https:\/\/twitter.com\/NOTMERCEDINAS\" \/>\n<meta name=\"twitter:site\" content=\"@notmercedinas\" \/>\n<meta name=\"twitter:label1\" content=\"Escrito por\" \/>\n\t<meta name=\"twitter:data1\" content=\"Cristian Falabella NOTICIASMERCEDINAS.COM\" \/>\n\t<meta name=\"twitter:label2\" content=\"Tiempo de lectura\" \/>\n\t<meta name=\"twitter:data2\" content=\"2 minutos\" \/>\n<script type=\"application\/ld+json\" class=\"yoast-schema-graph\">{\"@context\":\"https:\\\/\\\/schema.org\",\"@graph\":[{\"@type\":\"Article\",\"@id\":\"https:\\\/\\\/noticiasmercedinas.com\\\/site\\\/2019\\\/04\\\/08\\\/sabrina-selva-se-va-becada-a-eeuu-a-conocer-la-realidad-sociopolitica-y-economica-de-ese-pais\\\/#article\",\"isPartOf\":{\"@id\":\"https:\\\/\\\/noticiasmercedinas.com\\\/site\\\/2019\\\/04\\\/08\\\/sabrina-selva-se-va-becada-a-eeuu-a-conocer-la-realidad-sociopolitica-y-economica-de-ese-pais\\\/\"},\"author\":{\"name\":\"Cristian Falabella NOTICIASMERCEDINAS.COM\",\"@id\":\"https:\\\/\\\/noticiasmercedinas.com\\\/site\\\/#\\\/schema\\\/person\\\/d481a9696a5feaec13a60e2bbd991a6a\"},\"headline\":\"Sabrina Selva se va becada a EEUU a conocer la realidad sociopol\u00edtica y econ\u00f3mica de ese pa\u00eds\",\"datePublished\":\"2019-04-08T20:33:41+00:00\",\"dateModified\":\"2019-04-08T20:34:00+00:00\",\"mainEntityOfPage\":{\"@id\":\"https:\\\/\\\/noticiasmercedinas.com\\\/site\\\/2019\\\/04\\\/08\\\/sabrina-selva-se-va-becada-a-eeuu-a-conocer-la-realidad-sociopolitica-y-economica-de-ese-pais\\\/\"},\"wordCount\":373,\"commentCount\":0,\"publisher\":{\"@id\":\"https:\\\/\\\/noticiasmercedinas.com\\\/site\\\/#organization\"},\"image\":{\"@id\":\"https:\\\/\\\/noticiasmercedinas.com\\\/site\\\/2019\\\/04\\\/08\\\/sabrina-selva-se-va-becada-a-eeuu-a-conocer-la-realidad-sociopolitica-y-economica-de-ese-pais\\\/#primaryimage\"},\"thumbnailUrl\":\"https:\\\/\\\/noticiasmercedinas.com\\\/site\\\/wp-content\\\/uploads\\\/2019\\\/04\\\/sselva.jpg\",\"keywords\":[\"concejala mandato cumplido\",\"eeuu\",\"estados unidos\",\"Fundaci\u00f3n Universitaria del R\u00edo de la Plata\",\"furp\",\"sabrina selva\"],\"articleSection\":[\"Politica\"],\"inLanguage\":\"es\",\"potentialAction\":[{\"@type\":\"CommentAction\",\"name\":\"Comment\",\"target\":[\"https:\\\/\\\/noticiasmercedinas.com\\\/site\\\/2019\\\/04\\\/08\\\/sabrina-selva-se-va-becada-a-eeuu-a-conocer-la-realidad-sociopolitica-y-economica-de-ese-pais\\\/#respond\"]}]},{\"@type\":\"WebPage\",\"@id\":\"https:\\\/\\\/noticiasmercedinas.com\\\/site\\\/2019\\\/04\\\/08\\\/sabrina-selva-se-va-becada-a-eeuu-a-conocer-la-realidad-sociopolitica-y-economica-de-ese-pais\\\/\",\"url\":\"https:\\\/\\\/noticiasmercedinas.com\\\/site\\\/2019\\\/04\\\/08\\\/sabrina-selva-se-va-becada-a-eeuu-a-conocer-la-realidad-sociopolitica-y-economica-de-ese-pais\\\/\",\"name\":\"Sabrina Selva se va becada a EEUU a conocer la realidad sociopol\u00edtica y econ\u00f3mica de ese pa\u00eds\",\"isPartOf\":{\"@id\":\"https:\\\/\\\/noticiasmercedinas.com\\\/site\\\/#website\"},\"primaryImageOfPage\":{\"@id\":\"https:\\\/\\\/noticiasmercedinas.com\\\/site\\\/2019\\\/04\\\/08\\\/sabrina-selva-se-va-becada-a-eeuu-a-conocer-la-realidad-sociopolitica-y-economica-de-ese-pais\\\/#primaryimage\"},\"image\":{\"@id\":\"https:\\\/\\\/noticiasmercedinas.com\\\/site\\\/2019\\\/04\\\/08\\\/sabrina-selva-se-va-becada-a-eeuu-a-conocer-la-realidad-sociopolitica-y-economica-de-ese-pais\\\/#primaryimage\"},\"thumbnailUrl\":\"https:\\\/\\\/noticiasmercedinas.com\\\/site\\\/wp-content\\\/uploads\\\/2019\\\/04\\\/sselva.jpg\",\"datePublished\":\"2019-04-08T20:33:41+00:00\",\"dateModified\":\"2019-04-08T20:34:00+00:00\",\"breadcrumb\":{\"@id\":\"https:\\\/\\\/noticiasmercedinas.com\\\/site\\\/2019\\\/04\\\/08\\\/sabrina-selva-se-va-becada-a-eeuu-a-conocer-la-realidad-sociopolitica-y-economica-de-ese-pais\\\/#breadcrumb\"},\"inLanguage\":\"es\",\"potentialAction\":[{\"@type\":\"ReadAction\",\"target\":[\"https:\\\/\\\/noticiasmercedinas.com\\\/site\\\/2019\\\/04\\\/08\\\/sabrina-selva-se-va-becada-a-eeuu-a-conocer-la-realidad-sociopolitica-y-economica-de-ese-pais\\\/\"]}]},{\"@type\":\"ImageObject\",\"inLanguage\":\"es\",\"@id\":\"https:\\\/\\\/noticiasmercedinas.com\\\/site\\\/2019\\\/04\\\/08\\\/sabrina-selva-se-va-becada-a-eeuu-a-conocer-la-realidad-sociopolitica-y-economica-de-ese-pais\\\/#primaryimage\",\"url\":\"https:\\\/\\\/noticiasmercedinas.com\\\/site\\\/wp-content\\\/uploads\\\/2019\\\/04\\\/sselva.jpg\",\"contentUrl\":\"https:\\\/\\\/noticiasmercedinas.com\\\/site\\\/wp-content\\\/uploads\\\/2019\\\/04\\\/sselva.jpg\",\"width\":741,\"height\":508},{\"@type\":\"BreadcrumbList\",\"@id\":\"https:\\\/\\\/noticiasmercedinas.com\\\/site\\\/2019\\\/04\\\/08\\\/sabrina-selva-se-va-becada-a-eeuu-a-conocer-la-realidad-sociopolitica-y-economica-de-ese-pais\\\/#breadcrumb\",\"itemListElement\":[{\"@type\":\"ListItem\",\"position\":1,\"name\":\"Portada\",\"item\":\"https:\\\/\\\/noticiasmercedinas.com\\\/site\\\/\"},{\"@type\":\"ListItem\",\"position\":2,\"name\":\"Sabrina Selva se va becada a EEUU a conocer la realidad sociopol\u00edtica y econ\u00f3mica de ese pa\u00eds\"}]},{\"@type\":\"WebSite\",\"@id\":\"https:\\\/\\\/noticiasmercedinas.com\\\/site\\\/#website\",\"url\":\"https:\\\/\\\/noticiasmercedinas.com\\\/site\\\/\",\"name\":\"NOTICIASMERCEDINAS.COM\",\"description\":\"Mercedes, Buenos Aires, Argentina\",\"publisher\":{\"@id\":\"https:\\\/\\\/noticiasmercedinas.com\\\/site\\\/#organization\"},\"potentialAction\":[{\"@type\":\"SearchAction\",\"target\":{\"@type\":\"EntryPoint\",\"urlTemplate\":\"https:\\\/\\\/noticiasmercedinas.com\\\/site\\\/?s={search_term_string}\"},\"query-input\":{\"@type\":\"PropertyValueSpecification\",\"valueRequired\":true,\"valueName\":\"search_term_string\"}}],\"inLanguage\":\"es\"},{\"@type\":\"Organization\",\"@id\":\"https:\\\/\\\/noticiasmercedinas.com\\\/site\\\/#organization\",\"name\":\"NOTICIASMERCEDINAS.COM\",\"url\":\"https:\\\/\\\/noticiasmercedinas.com\\\/site\\\/\",\"logo\":{\"@type\":\"ImageObject\",\"inLanguage\":\"es\",\"@id\":\"https:\\\/\\\/noticiasmercedinas.com\\\/site\\\/#\\\/schema\\\/logo\\\/image\\\/\",\"url\":\"https:\\\/\\\/noticiasmercedinas.com\\\/site\\\/wp-content\\\/uploads\\\/2020\\\/06\\\/LOGO-512.jpg\",\"contentUrl\":\"https:\\\/\\\/noticiasmercedinas.com\\\/site\\\/wp-content\\\/uploads\\\/2020\\\/06\\\/LOGO-512.jpg\",\"width\":512,\"height\":512,\"caption\":\"NOTICIASMERCEDINAS.COM\"},\"image\":{\"@id\":\"https:\\\/\\\/noticiasmercedinas.com\\\/site\\\/#\\\/schema\\\/logo\\\/image\\\/\"},\"sameAs\":[\"https:\\\/\\\/www.facebook.com\\\/noticiasmercedinas\\\/\",\"https:\\\/\\\/x.com\\\/notmercedinas\",\"https:\\\/\\\/www.instagram.com\\\/noticiasmercedinas\\\/\"]},{\"@type\":\"Person\",\"@id\":\"https:\\\/\\\/noticiasmercedinas.com\\\/site\\\/#\\\/schema\\\/person\\\/d481a9696a5feaec13a60e2bbd991a6a\",\"name\":\"Cristian Falabella NOTICIASMERCEDINAS.COM\",\"image\":{\"@type\":\"ImageObject\",\"inLanguage\":\"es\",\"@id\":\"https:\\\/\\\/secure.gravatar.com\\\/avatar\\\/0dbbfc45970cc46bcd0e57766228574ff3511d6eed045b182f536f0f478c1f06?s=96&d=mm&r=g\",\"url\":\"https:\\\/\\\/secure.gravatar.com\\\/avatar\\\/0dbbfc45970cc46bcd0e57766228574ff3511d6eed045b182f536f0f478c1f06?s=96&d=mm&r=g\",\"contentUrl\":\"https:\\\/\\\/secure.gravatar.com\\\/avatar\\\/0dbbfc45970cc46bcd0e57766228574ff3511d6eed045b182f536f0f478c1f06?s=96&d=mm&r=g\",\"caption\":\"Cristian Falabella NOTICIASMERCEDINAS.COM\"},\"description\":\"Periodista, editor de Noticias Mercedinas. Pas\u00f3 por varias redacciones y emprendimientos de prensa, en distintos formatos y \u00e9pocas. Se especializ\u00f3 --y sigue haci\u00e9ndolo-- en comunicaci\u00f3n en la web y en junio de 2006 fund\u00f3 este diario digital.\",\"sameAs\":[\"https:\\\/\\\/noticiasmercedinas.com\",\"https:\\\/\\\/www.facebook.com\\\/cristian.falabella\",\"https:\\\/\\\/www.instagram.com\\\/noticiasmercedinas\\\/\",\"https:\\\/\\\/x.com\\\/https:\\\/\\\/twitter.com\\\/NOTMERCEDINAS\"],\"url\":\"https:\\\/\\\/noticiasmercedinas.com\\\/site\\\/author\\\/as000384\\\/\"}]}<\/script>\n<!-- \/ Yoast SEO plugin. -->","yoast_head_json":{"title":"Sabrina Selva se va becada a EEUU a conocer la realidad sociopol\u00edtica y econ\u00f3mica de ese pa\u00eds","robots":{"index":"index","follow":"follow","max-snippet":"max-snippet:-1","max-image-preview":"max-image-preview:large","max-video-preview":"max-video-preview:-1"},"canonical":"https:\/\/noticiasmercedinas.com\/site\/2019\/04\/08\/sabrina-selva-se-va-becada-a-eeuu-a-conocer-la-realidad-sociopolitica-y-economica-de-ese-pais\/","og_locale":"es_ES","og_type":"article","og_title":"Sabrina Selva se va becada a EEUU a conocer la realidad sociopol\u00edtica y econ\u00f3mica de ese pa\u00eds","og_description":"La concejala mandato cumplido, doctora Sabrina Selva, integr\u00f3 en el d\u00eda de hoy la delegaci\u00f3n de j\u00f3venes l\u00edderes Becarios FURP 2019 que estuvo visitando la Embajada de EEUU en Argentina en la previa de un viaje que har\u00e1n al pa\u00eds del norte. \u201cEn l\u00ednea con el Programa Internacional de Liderazgo coorganizado entre la FURP y [&hellip;]","og_url":"https:\/\/noticiasmercedinas.com\/site\/2019\/04\/08\/sabrina-selva-se-va-becada-a-eeuu-a-conocer-la-realidad-sociopolitica-y-economica-de-ese-pais\/","og_site_name":"NOTICIASMERCEDINAS.COM","article_publisher":"https:\/\/www.facebook.com\/noticiasmercedinas\/","article_author":"https:\/\/www.facebook.com\/cristian.falabella","article_published_time":"2019-04-08T20:33:41+00:00","article_modified_time":"2019-04-08T20:34:00+00:00","og_image":[{"width":741,"height":508,"url":"https:\/\/noticiasmercedinas.com\/site\/wp-content\/uploads\/2019\/04\/sselva.jpg","type":"image\/jpeg"}],"author":"Cristian Falabella NOTICIASMERCEDINAS.COM","twitter_card":"summary_large_image","twitter_creator":"@https:\/\/twitter.com\/NOTMERCEDINAS","twitter_site":"@notmercedinas","twitter_misc":{"Escrito por":"Cristian Falabella NOTICIASMERCEDINAS.COM","Tiempo de lectura":"2 minutos"},"schema":{"@context":"https:\/\/schema.org","@graph":[{"@type":"Article","@id":"https:\/\/noticiasmercedinas.com\/site\/2019\/04\/08\/sabrina-selva-se-va-becada-a-eeuu-a-conocer-la-realidad-sociopolitica-y-economica-de-ese-pais\/#article","isPartOf":{"@id":"https:\/\/noticiasmercedinas.com\/site\/2019\/04\/08\/sabrina-selva-se-va-becada-a-eeuu-a-conocer-la-realidad-sociopolitica-y-economica-de-ese-pais\/"},"author":{"name":"Cristian Falabella NOTICIASMERCEDINAS.COM","@id":"https:\/\/noticiasmercedinas.com\/site\/#\/schema\/person\/d481a9696a5feaec13a60e2bbd991a6a"},"headline":"Sabrina Selva se va becada a EEUU a conocer la realidad sociopol\u00edtica y econ\u00f3mica de ese pa\u00eds","datePublished":"2019-04-08T20:33:41+00:00","dateModified":"2019-04-08T20:34:00+00:00","mainEntityOfPage":{"@id":"https:\/\/noticiasmercedinas.com\/site\/2019\/04\/08\/sabrina-selva-se-va-becada-a-eeuu-a-conocer-la-realidad-sociopolitica-y-economica-de-ese-pais\/"},"wordCount":373,"commentCount":0,"publisher":{"@id":"https:\/\/noticiasmercedinas.com\/site\/#organization"},"image":{"@id":"https:\/\/noticiasmercedinas.com\/site\/2019\/04\/08\/sabrina-selva-se-va-becada-a-eeuu-a-conocer-la-realidad-sociopolitica-y-economica-de-ese-pais\/#primaryimage"},"thumbnailUrl":"https:\/\/noticiasmercedinas.com\/site\/wp-content\/uploads\/2019\/04\/sselva.jpg","keywords":["concejala mandato cumplido","eeuu","estados unidos","Fundaci\u00f3n Universitaria del R\u00edo de la Plata","furp","sabrina selva"],"articleSection":["Politica"],"inLanguage":"es","potentialAction":[{"@type":"CommentAction","name":"Comment","target":["https:\/\/noticiasmercedinas.com\/site\/2019\/04\/08\/sabrina-selva-se-va-becada-a-eeuu-a-conocer-la-realidad-sociopolitica-y-economica-de-ese-pais\/#respond"]}]},{"@type":"WebPage","@id":"https:\/\/noticiasmercedinas.com\/site\/2019\/04\/08\/sabrina-selva-se-va-becada-a-eeuu-a-conocer-la-realidad-sociopolitica-y-economica-de-ese-pais\/","url":"https:\/\/noticiasmercedinas.com\/site\/2019\/04\/08\/sabrina-selva-se-va-becada-a-eeuu-a-conocer-la-realidad-sociopolitica-y-economica-de-ese-pais\/","name":"Sabrina Selva se va becada a EEUU a conocer la realidad sociopol\u00edtica y econ\u00f3mica de ese pa\u00eds","isPartOf":{"@id":"https:\/\/noticiasmercedinas.com\/site\/#website"},"primaryImageOfPage":{"@id":"https:\/\/noticiasmercedinas.com\/site\/2019\/04\/08\/sabrina-selva-se-va-becada-a-eeuu-a-conocer-la-realidad-sociopolitica-y-economica-de-ese-pais\/#primaryimage"},"image":{"@id":"https:\/\/noticiasmercedinas.com\/site\/2019\/04\/08\/sabrina-selva-se-va-becada-a-eeuu-a-conocer-la-realidad-sociopolitica-y-economica-de-ese-pais\/#primaryimage"},"thumbnailUrl":"https:\/\/noticiasmercedinas.com\/site\/wp-content\/uploads\/2019\/04\/sselva.jpg","datePublished":"2019-04-08T20:33:41+00:00","dateModified":"2019-04-08T20:34:00+00:00","breadcrumb":{"@id":"https:\/\/noticiasmercedinas.com\/site\/2019\/04\/08\/sabrina-selva-se-va-becada-a-eeuu-a-conocer-la-realidad-sociopolitica-y-economica-de-ese-pais\/#breadcrumb"},"inLanguage":"es","potentialAction":[{"@type":"ReadAction","target":["https:\/\/noticiasmercedinas.com\/site\/2019\/04\/08\/sabrina-selva-se-va-becada-a-eeuu-a-conocer-la-realidad-sociopolitica-y-economica-de-ese-pais\/"]}]},{"@type":"ImageObject","inLanguage":"es","@id":"https:\/\/noticiasmercedinas.com\/site\/2019\/04\/08\/sabrina-selva-se-va-becada-a-eeuu-a-conocer-la-realidad-sociopolitica-y-economica-de-ese-pais\/#primaryimage","url":"https:\/\/noticiasmercedinas.com\/site\/wp-content\/uploads\/2019\/04\/sselva.jpg","contentUrl":"https:\/\/noticiasmercedinas.com\/site\/wp-content\/uploads\/2019\/04\/sselva.jpg","width":741,"height":508},{"@type":"BreadcrumbList","@id":"https:\/\/noticiasmercedinas.com\/site\/2019\/04\/08\/sabrina-selva-se-va-becada-a-eeuu-a-conocer-la-realidad-sociopolitica-y-economica-de-ese-pais\/#breadcrumb","itemListElement":[{"@type":"ListItem","position":1,"name":"Portada","item":"https:\/\/noticiasmercedinas.com\/site\/"},{"@type":"ListItem","position":2,"name":"Sabrina Selva se va becada a EEUU a conocer la realidad sociopol\u00edtica y econ\u00f3mica de ese pa\u00eds"}]},{"@type":"WebSite","@id":"https:\/\/noticiasmercedinas.com\/site\/#website","url":"https:\/\/noticiasmercedinas.com\/site\/","name":"NOTICIASMERCEDINAS.COM","description":"Mercedes, Buenos Aires, Argentina","publisher":{"@id":"https:\/\/noticiasmercedinas.com\/site\/#organization"},"potentialAction":[{"@type":"SearchAction","target":{"@type":"EntryPoint","urlTemplate":"https:\/\/noticiasmercedinas.com\/site\/?s={search_term_string}"},"query-input":{"@type":"PropertyValueSpecification","valueRequired":true,"valueName":"search_term_string"}}],"inLanguage":"es"},{"@type":"Organization","@id":"https:\/\/noticiasmercedinas.com\/site\/#organization","name":"NOTICIASMERCEDINAS.COM","url":"https:\/\/noticiasmercedinas.com\/site\/","logo":{"@type":"ImageObject","inLanguage":"es","@id":"https:\/\/noticiasmercedinas.com\/site\/#\/schema\/logo\/image\/","url":"https:\/\/noticiasmercedinas.com\/site\/wp-content\/uploads\/2020\/06\/LOGO-512.jpg","contentUrl":"https:\/\/noticiasmercedinas.com\/site\/wp-content\/uploads\/2020\/06\/LOGO-512.jpg","width":512,"height":512,"caption":"NOTICIASMERCEDINAS.COM"},"image":{"@id":"https:\/\/noticiasmercedinas.com\/site\/#\/schema\/logo\/image\/"},"sameAs":["https:\/\/www.facebook.com\/noticiasmercedinas\/","https:\/\/x.com\/notmercedinas","https:\/\/www.instagram.com\/noticiasmercedinas\/"]},{"@type":"Person","@id":"https:\/\/noticiasmercedinas.com\/site\/#\/schema\/person\/d481a9696a5feaec13a60e2bbd991a6a","name":"Cristian Falabella NOTICIASMERCEDINAS.COM","image":{"@type":"ImageObject","inLanguage":"es","@id":"https:\/\/secure.gravatar.com\/avatar\/0dbbfc45970cc46bcd0e57766228574ff3511d6eed045b182f536f0f478c1f06?s=96&d=mm&r=g","url":"https:\/\/secure.gravatar.com\/avatar\/0dbbfc45970cc46bcd0e57766228574ff3511d6eed045b182f536f0f478c1f06?s=96&d=mm&r=g","contentUrl":"https:\/\/secure.gravatar.com\/avatar\/0dbbfc45970cc46bcd0e57766228574ff3511d6eed045b182f536f0f478c1f06?s=96&d=mm&r=g","caption":"Cristian Falabella NOTICIASMERCEDINAS.COM"},"description":"Periodista, editor de Noticias Mercedinas. Pas\u00f3 por varias redacciones y emprendimientos de prensa, en distintos formatos y \u00e9pocas. Se especializ\u00f3 --y sigue haci\u00e9ndolo-- en comunicaci\u00f3n en la web y en junio de 2006 fund\u00f3 este diario digital.","sameAs":["https:\/\/noticiasmercedinas.com","https:\/\/www.facebook.com\/cristian.falabella","https:\/\/www.instagram.com\/noticiasmercedinas\/","https:\/\/x.com\/https:\/\/twitter.com\/NOTMERCEDINAS"],"url":"https:\/\/noticiasmercedinas.com\/site\/author\/as000384\/"}]}},"amp_enabled":true,"_links":{"self":[{"href":"https:\/\/noticiasmercedinas.com\/site\/wp-json\/wp\/v2\/posts\/15997","targetHints":{"allow":["GET"]}}],"collection":[{"href":"https:\/\/noticiasmercedinas.com\/site\/wp-json\/wp\/v2\/posts"}],"about":[{"href":"https:\/\/noticiasmercedinas.com\/site\/wp-json\/wp\/v2\/types\/post"}],"author":[{"embeddable":true,"href":"https:\/\/noticiasmercedinas.com\/site\/wp-json\/wp\/v2\/users\/2"}],"replies":[{"embeddable":true,"href":"https:\/\/noticiasmercedinas.com\/site\/wp-json\/wp\/v2\/comments?post=15997"}],"version-history":[{"count":2,"href":"https:\/\/noticiasmercedinas.com\/site\/wp-json\/wp\/v2\/posts\/15997\/revisions"}],"predecessor-version":[{"id":16000,"href":"https:\/\/noticiasmercedinas.com\/site\/wp-json\/wp\/v2\/posts\/15997\/revisions\/16000"}],"wp:featuredmedia":[{"embeddable":true,"href":"https:\/\/noticiasmercedinas.com\/site\/wp-json\/wp\/v2\/media\/15998"}],"wp:attachment":[{"href":"https:\/\/noticiasmercedinas.com\/site\/wp-json\/wp\/v2\/media?parent=15997"}],"wp:term":[{"taxonomy":"category","embeddable":true,"href":"https:\/\/noticiasmercedinas.com\/site\/wp-json\/wp\/v2\/categories?post=15997"},{"taxonomy":"post_tag","embeddable":true,"href":"https:\/\/noticiasmercedinas.com\/site\/wp-json\/wp\/v2\/tags?post=15997"}],"curies":[{"name":"wp","href":"https:\/\/api.w.org\/{rel}","templated":true}]}}