{"id":160260,"date":"2025-05-26T15:47:12","date_gmt":"2025-05-26T18:47:12","guid":{"rendered":"https:\/\/noticiasmercedinas.com\/site\/?p=160260"},"modified":"2025-05-26T15:47:12","modified_gmt":"2025-05-26T18:47:12","slug":"guillermo-britos-convoco-a-la-unidad-en-el-acto-por-el-25-de-mayo-estamos-aqui-para-construir-un-chivilcoy-cada-dia-mejor","status":"publish","type":"post","link":"https:\/\/noticiasmercedinas.com\/site\/2025\/05\/26\/guillermo-britos-convoco-a-la-unidad-en-el-acto-por-el-25-de-mayo-estamos-aqui-para-construir-un-chivilcoy-cada-dia-mejor\/","title":{"rendered":"Guillermo Britos convoc\u00f3 a la unidad en el acto por el 25 de Mayo: \u201cEstamos aqu\u00ed para construir un Chivilcoy cada d\u00eda mejor\u201d"},"content":{"rendered":"<p data-start=\"496\" data-end=\"814\"><img loading=\"lazy\" decoding=\"async\" class=\"alignnone size-full wp-image-160261\" src=\"https:\/\/noticiasmercedinas.com\/site\/wp-content\/uploads\/2025\/05\/acto-2015-aniversario-revolucion-de-mayo.jpeg\" alt=\"\" width=\"1600\" height=\"1066\" srcset=\"https:\/\/noticiasmercedinas.com\/site\/wp-content\/uploads\/2025\/05\/acto-2015-aniversario-revolucion-de-mayo.jpeg 1600w, https:\/\/noticiasmercedinas.com\/site\/wp-content\/uploads\/2025\/05\/acto-2015-aniversario-revolucion-de-mayo-300x200.jpeg 300w, https:\/\/noticiasmercedinas.com\/site\/wp-content\/uploads\/2025\/05\/acto-2015-aniversario-revolucion-de-mayo-1024x682.jpeg 1024w, https:\/\/noticiasmercedinas.com\/site\/wp-content\/uploads\/2025\/05\/acto-2015-aniversario-revolucion-de-mayo-768x512.jpeg 768w, https:\/\/noticiasmercedinas.com\/site\/wp-content\/uploads\/2025\/05\/acto-2015-aniversario-revolucion-de-mayo-1536x1023.jpeg 1536w, https:\/\/noticiasmercedinas.com\/site\/wp-content\/uploads\/2025\/05\/acto-2015-aniversario-revolucion-de-mayo-640x426.jpeg 640w, https:\/\/noticiasmercedinas.com\/site\/wp-content\/uploads\/2025\/05\/acto-2015-aniversario-revolucion-de-mayo-1280x853.jpeg 1280w, https:\/\/noticiasmercedinas.com\/site\/wp-content\/uploads\/2025\/05\/acto-2015-aniversario-revolucion-de-mayo-681x454.jpeg 681w, https:\/\/noticiasmercedinas.com\/site\/wp-content\/uploads\/2025\/05\/acto-2015-aniversario-revolucion-de-mayo-1362x907.jpeg 1362w\" sizes=\"auto, (max-width: 1600px) 100vw, 1600px\" \/><\/p>\n<p data-start=\"496\" data-end=\"814\">Este domingo se llev\u00f3 a cabo en Chivilcoy el acto oficial en conmemoraci\u00f3n del 215\u00b0 aniversario de la Revoluci\u00f3n de Mayo, con una nutrida participaci\u00f3n ciudadana. La ceremonia fue presidida por el intendente Guillermo Britos, quien hizo un llamado a la unidad y al compromiso colectivo por una ciudad \u201ccada d\u00eda mejor\u201d.<\/p>\n<p data-start=\"816\" data-end=\"1228\">Las actividades comenzaron con el izamiento de la Bandera Nacional y el tradicional Te Deum en la parroquia San Pedro. Luego, la inspectora jefa distrital de Educaci\u00f3n, Liliana Varela, ofreci\u00f3 un discurso alusivo a la fecha patria. A continuaci\u00f3n, alumnos del Colegio Santa Cecilia interpretaron la canci\u00f3n \u201cSue\u00f1o de Libertad\u201d en Lengua de Se\u00f1as Argentina, y el grupo SyL Folklore present\u00f3 una danza tradicional.<\/p>\n<p data-start=\"1232\" data-end=\"1438\">\u201cEl sistema pol\u00edtico est\u00e1 en deuda con el pueblo argentino\u201d, expres\u00f3 Britos, aludiendo a la desilusi\u00f3n que provoca la falta de respuestas para sectores clave como jubilados, docentes y fuerzas de seguridad.<\/p>\n<p data-start=\"1440\" data-end=\"1842\">Durante su discurso, el jefe comunal reflexion\u00f3 sobre el legado de la Revoluci\u00f3n de Mayo y los desaf\u00edos que enfrenta la democracia argentina. Consider\u00f3 que los ideales de 1810 a\u00fan no han sido plenamente alcanzados debido a los \u201cenfrentamientos internos\u201d que impiden el trabajo conjunto. En esa l\u00ednea, remarc\u00f3 el escaso nivel de participaci\u00f3n electoral como s\u00edntoma del escepticismo hacia la dirigencia.<\/p>\n<blockquote>\n<p data-start=\"1440\" data-end=\"1842\">\u201cEl sistema pol\u00edtico est\u00e1 en deuda con el pueblo argentino\u201d, expres\u00f3 Britos, aludiendo a la desilusi\u00f3n que provoca la falta de respuestas para sectores clave como jubilados, docentes y fuerzas de seguridad.<\/p>\n<\/blockquote>\n<p data-start=\"1844\" data-end=\"2086\">En clave local, Britos subray\u00f3 el reconocimiento que Chivilcoy recibe por parte de visitantes de otras ciudades bonaerenses, al tiempo que pidi\u00f3 a los vecinos no dejarse influenciar por \u201ccomentarios negativos\u201d y valorar los logros alcanzados.<\/p>\n<p data-start=\"2090\" data-end=\"2329\">\u201cNecesitamos del compromiso colectivo para continuar mejorando las condiciones de vida de nuestros vecinos\u201d, sostuvo el intendente, e invit\u00f3 a sumarse a todos quienes \u201cdeseen trabajar con buenas intenciones\u201d por el desarrollo de la ciudad.<\/p>\n<p data-start=\"2331\" data-end=\"2567\">El acto culmin\u00f3 con el desfile de abanderados y escoltas de instituciones educativas y deportivas, representantes de las fuerzas vivas locales y veteranos de la guerra de Malvinas, en un homenaje cargado de respeto y sentido patri\u00f3tico.<\/p>\n","protected":false},"excerpt":{"rendered":"<p>\u25a0\u00a0Durante la ceremonia por el 215\u00b0 aniversario de la Revoluci\u00f3n de Mayo, el intendente destac\u00f3 la necesidad de trabajar juntos por el desarrollo local y se\u00f1al\u00f3 la deuda pendiente del sistema pol\u00edtico con el pueblo argentino.<\/p>\n","protected":false},"author":16,"featured_media":160261,"comment_status":"closed","ping_status":"closed","sticky":false,"template":"","format":"standard","meta":{"footnotes":""},"categories":[139],"tags":[1761,203,20178],"class_list":["post-160260","post","type-post","status-publish","format-standard","has-post-thumbnail","hentry","category-regionales","tag-25-de-mayo","tag-chivilcoy","tag-gulliermo-britos"],"yoast_head":"<!-- This site is optimized with the Yoast SEO plugin v27.4 - https:\/\/yoast.com\/product\/yoast-seo-wordpress\/ -->\n<title>Guillermo Britos convoc\u00f3 a la unidad en el acto por el 25 de Mayo: \u201cEstamos aqu\u00ed para construir un Chivilcoy cada d\u00eda mejor\u201d<\/title>\n<meta name=\"description\" content=\"\u25a0\u00a0Durante la ceremonia por el 215\u00b0 aniversario de la Revoluci\u00f3n de Mayo, el intendente destac\u00f3 la necesidad de trabajar juntos por el desarrollo local y se\u00f1al\u00f3 la deuda pendiente del sistema pol\u00edtico con el pueblo argentino.\" \/>\n<meta name=\"robots\" content=\"index, follow, max-snippet:-1, max-image-preview:large, max-video-preview:-1\" \/>\n<link rel=\"canonical\" href=\"https:\/\/noticiasmercedinas.com\/site\/2025\/05\/26\/guillermo-britos-convoco-a-la-unidad-en-el-acto-por-el-25-de-mayo-estamos-aqui-para-construir-un-chivilcoy-cada-dia-mejor\/\" \/>\n<meta property=\"og:locale\" content=\"es_ES\" \/>\n<meta property=\"og:type\" content=\"article\" \/>\n<meta property=\"og:title\" content=\"Guillermo Britos convoc\u00f3 a la unidad en el acto por el 25 de Mayo: \u201cEstamos aqu\u00ed para construir un Chivilcoy cada d\u00eda mejor\u201d\" \/>\n<meta property=\"og:description\" content=\"\u25a0\u00a0Durante la ceremonia por el 215\u00b0 aniversario de la Revoluci\u00f3n de Mayo, el intendente destac\u00f3 la necesidad de trabajar juntos por el desarrollo local y se\u00f1al\u00f3 la deuda pendiente del sistema pol\u00edtico con el pueblo argentino.\" \/>\n<meta property=\"og:url\" content=\"https:\/\/noticiasmercedinas.com\/site\/2025\/05\/26\/guillermo-britos-convoco-a-la-unidad-en-el-acto-por-el-25-de-mayo-estamos-aqui-para-construir-un-chivilcoy-cada-dia-mejor\/\" \/>\n<meta property=\"og:site_name\" content=\"NOTICIASMERCEDINAS.COM\" \/>\n<meta property=\"article:publisher\" content=\"https:\/\/www.facebook.com\/noticiasmercedinas\/\" \/>\n<meta property=\"article:published_time\" content=\"2025-05-26T18:47:12+00:00\" \/>\n<meta property=\"og:image\" content=\"https:\/\/noticiasmercedinas.com\/site\/wp-content\/uploads\/2025\/05\/acto-2015-aniversario-revolucion-de-mayo.jpeg\" \/>\n\t<meta property=\"og:image:width\" content=\"1600\" \/>\n\t<meta property=\"og:image:height\" content=\"1066\" \/>\n\t<meta property=\"og:image:type\" content=\"image\/jpeg\" \/>\n<meta name=\"author\" content=\"NOTICIASMERCEDINAS.COM\" \/>\n<meta name=\"twitter:card\" content=\"summary_large_image\" \/>\n<meta name=\"twitter:creator\" content=\"@notmercedinas\" \/>\n<meta name=\"twitter:site\" content=\"@notmercedinas\" \/>\n<meta name=\"twitter:label1\" content=\"Escrito por\" \/>\n\t<meta name=\"twitter:data1\" content=\"NOTICIASMERCEDINAS.COM\" \/>\n\t<meta name=\"twitter:label2\" content=\"Tiempo de lectura\" \/>\n\t<meta name=\"twitter:data2\" content=\"2 minutos\" \/>\n<script type=\"application\/ld+json\" class=\"yoast-schema-graph\">{\"@context\":\"https:\\\/\\\/schema.org\",\"@graph\":[{\"@type\":\"Article\",\"@id\":\"https:\\\/\\\/noticiasmercedinas.com\\\/site\\\/2025\\\/05\\\/26\\\/guillermo-britos-convoco-a-la-unidad-en-el-acto-por-el-25-de-mayo-estamos-aqui-para-construir-un-chivilcoy-cada-dia-mejor\\\/#article\",\"isPartOf\":{\"@id\":\"https:\\\/\\\/noticiasmercedinas.com\\\/site\\\/2025\\\/05\\\/26\\\/guillermo-britos-convoco-a-la-unidad-en-el-acto-por-el-25-de-mayo-estamos-aqui-para-construir-un-chivilcoy-cada-dia-mejor\\\/\"},\"author\":{\"name\":\"NOTICIASMERCEDINAS.COM\",\"@id\":\"https:\\\/\\\/noticiasmercedinas.com\\\/site\\\/#\\\/schema\\\/person\\\/84b59c099c28ff2e8b77d4ceec5d8063\"},\"headline\":\"Guillermo Britos convoc\u00f3 a la unidad en el acto por el 25 de Mayo: \u201cEstamos aqu\u00ed para construir un Chivilcoy cada d\u00eda mejor\u201d\",\"datePublished\":\"2025-05-26T18:47:12+00:00\",\"mainEntityOfPage\":{\"@id\":\"https:\\\/\\\/noticiasmercedinas.com\\\/site\\\/2025\\\/05\\\/26\\\/guillermo-britos-convoco-a-la-unidad-en-el-acto-por-el-25-de-mayo-estamos-aqui-para-construir-un-chivilcoy-cada-dia-mejor\\\/\"},\"wordCount\":391,\"publisher\":{\"@id\":\"https:\\\/\\\/noticiasmercedinas.com\\\/site\\\/#organization\"},\"image\":{\"@id\":\"https:\\\/\\\/noticiasmercedinas.com\\\/site\\\/2025\\\/05\\\/26\\\/guillermo-britos-convoco-a-la-unidad-en-el-acto-por-el-25-de-mayo-estamos-aqui-para-construir-un-chivilcoy-cada-dia-mejor\\\/#primaryimage\"},\"thumbnailUrl\":\"https:\\\/\\\/noticiasmercedinas.com\\\/site\\\/wp-content\\\/uploads\\\/2025\\\/05\\\/acto-2015-aniversario-revolucion-de-mayo.jpeg\",\"keywords\":[\"25 de mayo\",\"chivilcoy\",\"gulliermo britos\"],\"articleSection\":[\"Regionales\"],\"inLanguage\":\"es\"},{\"@type\":\"WebPage\",\"@id\":\"https:\\\/\\\/noticiasmercedinas.com\\\/site\\\/2025\\\/05\\\/26\\\/guillermo-britos-convoco-a-la-unidad-en-el-acto-por-el-25-de-mayo-estamos-aqui-para-construir-un-chivilcoy-cada-dia-mejor\\\/\",\"url\":\"https:\\\/\\\/noticiasmercedinas.com\\\/site\\\/2025\\\/05\\\/26\\\/guillermo-britos-convoco-a-la-unidad-en-el-acto-por-el-25-de-mayo-estamos-aqui-para-construir-un-chivilcoy-cada-dia-mejor\\\/\",\"name\":\"Guillermo Britos convoc\u00f3 a la unidad en el acto por el 25 de Mayo: \u201cEstamos aqu\u00ed para construir un Chivilcoy cada d\u00eda mejor\u201d\",\"isPartOf\":{\"@id\":\"https:\\\/\\\/noticiasmercedinas.com\\\/site\\\/#website\"},\"primaryImageOfPage\":{\"@id\":\"https:\\\/\\\/noticiasmercedinas.com\\\/site\\\/2025\\\/05\\\/26\\\/guillermo-britos-convoco-a-la-unidad-en-el-acto-por-el-25-de-mayo-estamos-aqui-para-construir-un-chivilcoy-cada-dia-mejor\\\/#primaryimage\"},\"image\":{\"@id\":\"https:\\\/\\\/noticiasmercedinas.com\\\/site\\\/2025\\\/05\\\/26\\\/guillermo-britos-convoco-a-la-unidad-en-el-acto-por-el-25-de-mayo-estamos-aqui-para-construir-un-chivilcoy-cada-dia-mejor\\\/#primaryimage\"},\"thumbnailUrl\":\"https:\\\/\\\/noticiasmercedinas.com\\\/site\\\/wp-content\\\/uploads\\\/2025\\\/05\\\/acto-2015-aniversario-revolucion-de-mayo.jpeg\",\"datePublished\":\"2025-05-26T18:47:12+00:00\",\"description\":\"\u25a0\u00a0Durante la ceremonia por el 215\u00b0 aniversario de la Revoluci\u00f3n de Mayo, el intendente destac\u00f3 la necesidad de trabajar juntos por el desarrollo local y se\u00f1al\u00f3 la deuda pendiente del sistema pol\u00edtico con el pueblo argentino.\",\"breadcrumb\":{\"@id\":\"https:\\\/\\\/noticiasmercedinas.com\\\/site\\\/2025\\\/05\\\/26\\\/guillermo-britos-convoco-a-la-unidad-en-el-acto-por-el-25-de-mayo-estamos-aqui-para-construir-un-chivilcoy-cada-dia-mejor\\\/#breadcrumb\"},\"inLanguage\":\"es\",\"potentialAction\":[{\"@type\":\"ReadAction\",\"target\":[\"https:\\\/\\\/noticiasmercedinas.com\\\/site\\\/2025\\\/05\\\/26\\\/guillermo-britos-convoco-a-la-unidad-en-el-acto-por-el-25-de-mayo-estamos-aqui-para-construir-un-chivilcoy-cada-dia-mejor\\\/\"]}]},{\"@type\":\"ImageObject\",\"inLanguage\":\"es\",\"@id\":\"https:\\\/\\\/noticiasmercedinas.com\\\/site\\\/2025\\\/05\\\/26\\\/guillermo-britos-convoco-a-la-unidad-en-el-acto-por-el-25-de-mayo-estamos-aqui-para-construir-un-chivilcoy-cada-dia-mejor\\\/#primaryimage\",\"url\":\"https:\\\/\\\/noticiasmercedinas.com\\\/site\\\/wp-content\\\/uploads\\\/2025\\\/05\\\/acto-2015-aniversario-revolucion-de-mayo.jpeg\",\"contentUrl\":\"https:\\\/\\\/noticiasmercedinas.com\\\/site\\\/wp-content\\\/uploads\\\/2025\\\/05\\\/acto-2015-aniversario-revolucion-de-mayo.jpeg\",\"width\":1600,\"height\":1066},{\"@type\":\"BreadcrumbList\",\"@id\":\"https:\\\/\\\/noticiasmercedinas.com\\\/site\\\/2025\\\/05\\\/26\\\/guillermo-britos-convoco-a-la-unidad-en-el-acto-por-el-25-de-mayo-estamos-aqui-para-construir-un-chivilcoy-cada-dia-mejor\\\/#breadcrumb\",\"itemListElement\":[{\"@type\":\"ListItem\",\"position\":1,\"name\":\"Portada\",\"item\":\"https:\\\/\\\/noticiasmercedinas.com\\\/site\\\/\"},{\"@type\":\"ListItem\",\"position\":2,\"name\":\"Guillermo Britos convoc\u00f3 a la unidad en el acto por el 25 de Mayo: \u201cEstamos aqu\u00ed para construir un Chivilcoy cada d\u00eda mejor\u201d\"}]},{\"@type\":\"WebSite\",\"@id\":\"https:\\\/\\\/noticiasmercedinas.com\\\/site\\\/#website\",\"url\":\"https:\\\/\\\/noticiasmercedinas.com\\\/site\\\/\",\"name\":\"NOTICIASMERCEDINAS.COM\",\"description\":\"Mercedes, Buenos Aires, Argentina\",\"publisher\":{\"@id\":\"https:\\\/\\\/noticiasmercedinas.com\\\/site\\\/#organization\"},\"potentialAction\":[{\"@type\":\"SearchAction\",\"target\":{\"@type\":\"EntryPoint\",\"urlTemplate\":\"https:\\\/\\\/noticiasmercedinas.com\\\/site\\\/?s={search_term_string}\"},\"query-input\":{\"@type\":\"PropertyValueSpecification\",\"valueRequired\":true,\"valueName\":\"search_term_string\"}}],\"inLanguage\":\"es\"},{\"@type\":\"Organization\",\"@id\":\"https:\\\/\\\/noticiasmercedinas.com\\\/site\\\/#organization\",\"name\":\"NOTICIASMERCEDINAS.COM\",\"url\":\"https:\\\/\\\/noticiasmercedinas.com\\\/site\\\/\",\"logo\":{\"@type\":\"ImageObject\",\"inLanguage\":\"es\",\"@id\":\"https:\\\/\\\/noticiasmercedinas.com\\\/site\\\/#\\\/schema\\\/logo\\\/image\\\/\",\"url\":\"https:\\\/\\\/noticiasmercedinas.com\\\/site\\\/wp-content\\\/uploads\\\/2020\\\/06\\\/LOGO-512.jpg\",\"contentUrl\":\"https:\\\/\\\/noticiasmercedinas.com\\\/site\\\/wp-content\\\/uploads\\\/2020\\\/06\\\/LOGO-512.jpg\",\"width\":512,\"height\":512,\"caption\":\"NOTICIASMERCEDINAS.COM\"},\"image\":{\"@id\":\"https:\\\/\\\/noticiasmercedinas.com\\\/site\\\/#\\\/schema\\\/logo\\\/image\\\/\"},\"sameAs\":[\"https:\\\/\\\/www.facebook.com\\\/noticiasmercedinas\\\/\",\"https:\\\/\\\/x.com\\\/notmercedinas\",\"https:\\\/\\\/www.instagram.com\\\/noticiasmercedinas\\\/\"]},{\"@type\":\"Person\",\"@id\":\"https:\\\/\\\/noticiasmercedinas.com\\\/site\\\/#\\\/schema\\\/person\\\/84b59c099c28ff2e8b77d4ceec5d8063\",\"name\":\"NOTICIASMERCEDINAS.COM\",\"image\":{\"@type\":\"ImageObject\",\"inLanguage\":\"es\",\"@id\":\"https:\\\/\\\/secure.gravatar.com\\\/avatar\\\/4dfbf16b4d17945bfb6341b2d19043457132fcf478a5ee04f42e959fd8f5df0a?s=96&d=mm&r=g\",\"url\":\"https:\\\/\\\/secure.gravatar.com\\\/avatar\\\/4dfbf16b4d17945bfb6341b2d19043457132fcf478a5ee04f42e959fd8f5df0a?s=96&d=mm&r=g\",\"contentUrl\":\"https:\\\/\\\/secure.gravatar.com\\\/avatar\\\/4dfbf16b4d17945bfb6341b2d19043457132fcf478a5ee04f42e959fd8f5df0a?s=96&d=mm&r=g\",\"caption\":\"NOTICIASMERCEDINAS.COM\"},\"url\":\"https:\\\/\\\/noticiasmercedinas.com\\\/site\\\/author\\\/anonimo\\\/\"}]}<\/script>\n<!-- \/ Yoast SEO plugin. -->","yoast_head_json":{"title":"Guillermo Britos convoc\u00f3 a la unidad en el acto por el 25 de Mayo: \u201cEstamos aqu\u00ed para construir un Chivilcoy cada d\u00eda mejor\u201d","description":"\u25a0\u00a0Durante la ceremonia por el 215\u00b0 aniversario de la Revoluci\u00f3n de Mayo, el intendente destac\u00f3 la necesidad de trabajar juntos por el desarrollo local y se\u00f1al\u00f3 la deuda pendiente del sistema pol\u00edtico con el pueblo argentino.","robots":{"index":"index","follow":"follow","max-snippet":"max-snippet:-1","max-image-preview":"max-image-preview:large","max-video-preview":"max-video-preview:-1"},"canonical":"https:\/\/noticiasmercedinas.com\/site\/2025\/05\/26\/guillermo-britos-convoco-a-la-unidad-en-el-acto-por-el-25-de-mayo-estamos-aqui-para-construir-un-chivilcoy-cada-dia-mejor\/","og_locale":"es_ES","og_type":"article","og_title":"Guillermo Britos convoc\u00f3 a la unidad en el acto por el 25 de Mayo: \u201cEstamos aqu\u00ed para construir un Chivilcoy cada d\u00eda mejor\u201d","og_description":"\u25a0\u00a0Durante la ceremonia por el 215\u00b0 aniversario de la Revoluci\u00f3n de Mayo, el intendente destac\u00f3 la necesidad de trabajar juntos por el desarrollo local y se\u00f1al\u00f3 la deuda pendiente del sistema pol\u00edtico con el pueblo argentino.","og_url":"https:\/\/noticiasmercedinas.com\/site\/2025\/05\/26\/guillermo-britos-convoco-a-la-unidad-en-el-acto-por-el-25-de-mayo-estamos-aqui-para-construir-un-chivilcoy-cada-dia-mejor\/","og_site_name":"NOTICIASMERCEDINAS.COM","article_publisher":"https:\/\/www.facebook.com\/noticiasmercedinas\/","article_published_time":"2025-05-26T18:47:12+00:00","og_image":[{"width":1600,"height":1066,"url":"https:\/\/noticiasmercedinas.com\/site\/wp-content\/uploads\/2025\/05\/acto-2015-aniversario-revolucion-de-mayo.jpeg","type":"image\/jpeg"}],"author":"NOTICIASMERCEDINAS.COM","twitter_card":"summary_large_image","twitter_creator":"@notmercedinas","twitter_site":"@notmercedinas","twitter_misc":{"Escrito por":"NOTICIASMERCEDINAS.COM","Tiempo de lectura":"2 minutos"},"schema":{"@context":"https:\/\/schema.org","@graph":[{"@type":"Article","@id":"https:\/\/noticiasmercedinas.com\/site\/2025\/05\/26\/guillermo-britos-convoco-a-la-unidad-en-el-acto-por-el-25-de-mayo-estamos-aqui-para-construir-un-chivilcoy-cada-dia-mejor\/#article","isPartOf":{"@id":"https:\/\/noticiasmercedinas.com\/site\/2025\/05\/26\/guillermo-britos-convoco-a-la-unidad-en-el-acto-por-el-25-de-mayo-estamos-aqui-para-construir-un-chivilcoy-cada-dia-mejor\/"},"author":{"name":"NOTICIASMERCEDINAS.COM","@id":"https:\/\/noticiasmercedinas.com\/site\/#\/schema\/person\/84b59c099c28ff2e8b77d4ceec5d8063"},"headline":"Guillermo Britos convoc\u00f3 a la unidad en el acto por el 25 de Mayo: \u201cEstamos aqu\u00ed para construir un Chivilcoy cada d\u00eda mejor\u201d","datePublished":"2025-05-26T18:47:12+00:00","mainEntityOfPage":{"@id":"https:\/\/noticiasmercedinas.com\/site\/2025\/05\/26\/guillermo-britos-convoco-a-la-unidad-en-el-acto-por-el-25-de-mayo-estamos-aqui-para-construir-un-chivilcoy-cada-dia-mejor\/"},"wordCount":391,"publisher":{"@id":"https:\/\/noticiasmercedinas.com\/site\/#organization"},"image":{"@id":"https:\/\/noticiasmercedinas.com\/site\/2025\/05\/26\/guillermo-britos-convoco-a-la-unidad-en-el-acto-por-el-25-de-mayo-estamos-aqui-para-construir-un-chivilcoy-cada-dia-mejor\/#primaryimage"},"thumbnailUrl":"https:\/\/noticiasmercedinas.com\/site\/wp-content\/uploads\/2025\/05\/acto-2015-aniversario-revolucion-de-mayo.jpeg","keywords":["25 de mayo","chivilcoy","gulliermo britos"],"articleSection":["Regionales"],"inLanguage":"es"},{"@type":"WebPage","@id":"https:\/\/noticiasmercedinas.com\/site\/2025\/05\/26\/guillermo-britos-convoco-a-la-unidad-en-el-acto-por-el-25-de-mayo-estamos-aqui-para-construir-un-chivilcoy-cada-dia-mejor\/","url":"https:\/\/noticiasmercedinas.com\/site\/2025\/05\/26\/guillermo-britos-convoco-a-la-unidad-en-el-acto-por-el-25-de-mayo-estamos-aqui-para-construir-un-chivilcoy-cada-dia-mejor\/","name":"Guillermo Britos convoc\u00f3 a la unidad en el acto por el 25 de Mayo: \u201cEstamos aqu\u00ed para construir un Chivilcoy cada d\u00eda mejor\u201d","isPartOf":{"@id":"https:\/\/noticiasmercedinas.com\/site\/#website"},"primaryImageOfPage":{"@id":"https:\/\/noticiasmercedinas.com\/site\/2025\/05\/26\/guillermo-britos-convoco-a-la-unidad-en-el-acto-por-el-25-de-mayo-estamos-aqui-para-construir-un-chivilcoy-cada-dia-mejor\/#primaryimage"},"image":{"@id":"https:\/\/noticiasmercedinas.com\/site\/2025\/05\/26\/guillermo-britos-convoco-a-la-unidad-en-el-acto-por-el-25-de-mayo-estamos-aqui-para-construir-un-chivilcoy-cada-dia-mejor\/#primaryimage"},"thumbnailUrl":"https:\/\/noticiasmercedinas.com\/site\/wp-content\/uploads\/2025\/05\/acto-2015-aniversario-revolucion-de-mayo.jpeg","datePublished":"2025-05-26T18:47:12+00:00","description":"\u25a0\u00a0Durante la ceremonia por el 215\u00b0 aniversario de la Revoluci\u00f3n de Mayo, el intendente destac\u00f3 la necesidad de trabajar juntos por el desarrollo local y se\u00f1al\u00f3 la deuda pendiente del sistema pol\u00edtico con el pueblo argentino.","breadcrumb":{"@id":"https:\/\/noticiasmercedinas.com\/site\/2025\/05\/26\/guillermo-britos-convoco-a-la-unidad-en-el-acto-por-el-25-de-mayo-estamos-aqui-para-construir-un-chivilcoy-cada-dia-mejor\/#breadcrumb"},"inLanguage":"es","potentialAction":[{"@type":"ReadAction","target":["https:\/\/noticiasmercedinas.com\/site\/2025\/05\/26\/guillermo-britos-convoco-a-la-unidad-en-el-acto-por-el-25-de-mayo-estamos-aqui-para-construir-un-chivilcoy-cada-dia-mejor\/"]}]},{"@type":"ImageObject","inLanguage":"es","@id":"https:\/\/noticiasmercedinas.com\/site\/2025\/05\/26\/guillermo-britos-convoco-a-la-unidad-en-el-acto-por-el-25-de-mayo-estamos-aqui-para-construir-un-chivilcoy-cada-dia-mejor\/#primaryimage","url":"https:\/\/noticiasmercedinas.com\/site\/wp-content\/uploads\/2025\/05\/acto-2015-aniversario-revolucion-de-mayo.jpeg","contentUrl":"https:\/\/noticiasmercedinas.com\/site\/wp-content\/uploads\/2025\/05\/acto-2015-aniversario-revolucion-de-mayo.jpeg","width":1600,"height":1066},{"@type":"BreadcrumbList","@id":"https:\/\/noticiasmercedinas.com\/site\/2025\/05\/26\/guillermo-britos-convoco-a-la-unidad-en-el-acto-por-el-25-de-mayo-estamos-aqui-para-construir-un-chivilcoy-cada-dia-mejor\/#breadcrumb","itemListElement":[{"@type":"ListItem","position":1,"name":"Portada","item":"https:\/\/noticiasmercedinas.com\/site\/"},{"@type":"ListItem","position":2,"name":"Guillermo Britos convoc\u00f3 a la unidad en el acto por el 25 de Mayo: \u201cEstamos aqu\u00ed para construir un Chivilcoy cada d\u00eda mejor\u201d"}]},{"@type":"WebSite","@id":"https:\/\/noticiasmercedinas.com\/site\/#website","url":"https:\/\/noticiasmercedinas.com\/site\/","name":"NOTICIASMERCEDINAS.COM","description":"Mercedes, Buenos Aires, Argentina","publisher":{"@id":"https:\/\/noticiasmercedinas.com\/site\/#organization"},"potentialAction":[{"@type":"SearchAction","target":{"@type":"EntryPoint","urlTemplate":"https:\/\/noticiasmercedinas.com\/site\/?s={search_term_string}"},"query-input":{"@type":"PropertyValueSpecification","valueRequired":true,"valueName":"search_term_string"}}],"inLanguage":"es"},{"@type":"Organization","@id":"https:\/\/noticiasmercedinas.com\/site\/#organization","name":"NOTICIASMERCEDINAS.COM","url":"https:\/\/noticiasmercedinas.com\/site\/","logo":{"@type":"ImageObject","inLanguage":"es","@id":"https:\/\/noticiasmercedinas.com\/site\/#\/schema\/logo\/image\/","url":"https:\/\/noticiasmercedinas.com\/site\/wp-content\/uploads\/2020\/06\/LOGO-512.jpg","contentUrl":"https:\/\/noticiasmercedinas.com\/site\/wp-content\/uploads\/2020\/06\/LOGO-512.jpg","width":512,"height":512,"caption":"NOTICIASMERCEDINAS.COM"},"image":{"@id":"https:\/\/noticiasmercedinas.com\/site\/#\/schema\/logo\/image\/"},"sameAs":["https:\/\/www.facebook.com\/noticiasmercedinas\/","https:\/\/x.com\/notmercedinas","https:\/\/www.instagram.com\/noticiasmercedinas\/"]},{"@type":"Person","@id":"https:\/\/noticiasmercedinas.com\/site\/#\/schema\/person\/84b59c099c28ff2e8b77d4ceec5d8063","name":"NOTICIASMERCEDINAS.COM","image":{"@type":"ImageObject","inLanguage":"es","@id":"https:\/\/secure.gravatar.com\/avatar\/4dfbf16b4d17945bfb6341b2d19043457132fcf478a5ee04f42e959fd8f5df0a?s=96&d=mm&r=g","url":"https:\/\/secure.gravatar.com\/avatar\/4dfbf16b4d17945bfb6341b2d19043457132fcf478a5ee04f42e959fd8f5df0a?s=96&d=mm&r=g","contentUrl":"https:\/\/secure.gravatar.com\/avatar\/4dfbf16b4d17945bfb6341b2d19043457132fcf478a5ee04f42e959fd8f5df0a?s=96&d=mm&r=g","caption":"NOTICIASMERCEDINAS.COM"},"url":"https:\/\/noticiasmercedinas.com\/site\/author\/anonimo\/"}]}},"amp_enabled":true,"_links":{"self":[{"href":"https:\/\/noticiasmercedinas.com\/site\/wp-json\/wp\/v2\/posts\/160260","targetHints":{"allow":["GET"]}}],"collection":[{"href":"https:\/\/noticiasmercedinas.com\/site\/wp-json\/wp\/v2\/posts"}],"about":[{"href":"https:\/\/noticiasmercedinas.com\/site\/wp-json\/wp\/v2\/types\/post"}],"author":[{"embeddable":true,"href":"https:\/\/noticiasmercedinas.com\/site\/wp-json\/wp\/v2\/users\/16"}],"replies":[{"embeddable":true,"href":"https:\/\/noticiasmercedinas.com\/site\/wp-json\/wp\/v2\/comments?post=160260"}],"version-history":[{"count":1,"href":"https:\/\/noticiasmercedinas.com\/site\/wp-json\/wp\/v2\/posts\/160260\/revisions"}],"predecessor-version":[{"id":160262,"href":"https:\/\/noticiasmercedinas.com\/site\/wp-json\/wp\/v2\/posts\/160260\/revisions\/160262"}],"wp:featuredmedia":[{"embeddable":true,"href":"https:\/\/noticiasmercedinas.com\/site\/wp-json\/wp\/v2\/media\/160261"}],"wp:attachment":[{"href":"https:\/\/noticiasmercedinas.com\/site\/wp-json\/wp\/v2\/media?parent=160260"}],"wp:term":[{"taxonomy":"category","embeddable":true,"href":"https:\/\/noticiasmercedinas.com\/site\/wp-json\/wp\/v2\/categories?post=160260"},{"taxonomy":"post_tag","embeddable":true,"href":"https:\/\/noticiasmercedinas.com\/site\/wp-json\/wp\/v2\/tags?post=160260"}],"curies":[{"name":"wp","href":"https:\/\/api.w.org\/{rel}","templated":true}]}}