{"id":160324,"date":"2025-05-27T10:25:24","date_gmt":"2025-05-27T13:25:24","guid":{"rendered":"https:\/\/noticiasmercedinas.com\/site\/?p=160324"},"modified":"2025-05-27T10:28:30","modified_gmt":"2025-05-27T13:28:30","slug":"vecinos-por-mercedes-lanza-su-nueva-web-una-plataforma-abierta-para-la-participacion-ciudadana","status":"publish","type":"post","link":"https:\/\/noticiasmercedinas.com\/site\/2025\/05\/27\/vecinos-por-mercedes-lanza-su-nueva-web-una-plataforma-abierta-para-la-participacion-ciudadana\/","title":{"rendered":"Vecinos por Mercedes lanza su nueva web: una plataforma abierta para la participaci\u00f3n ciudadana"},"content":{"rendered":"<p><img loading=\"lazy\" decoding=\"async\" class=\"alignnone size-full wp-image-160325\" src=\"https:\/\/noticiasmercedinas.com\/site\/wp-content\/uploads\/2025\/05\/WEB.jpg\" alt=\"\" width=\"1361\" height=\"911\" srcset=\"https:\/\/noticiasmercedinas.com\/site\/wp-content\/uploads\/2025\/05\/WEB.jpg 1361w, https:\/\/noticiasmercedinas.com\/site\/wp-content\/uploads\/2025\/05\/WEB-300x201.jpg 300w, https:\/\/noticiasmercedinas.com\/site\/wp-content\/uploads\/2025\/05\/WEB-1024x685.jpg 1024w, https:\/\/noticiasmercedinas.com\/site\/wp-content\/uploads\/2025\/05\/WEB-768x514.jpg 768w, https:\/\/noticiasmercedinas.com\/site\/wp-content\/uploads\/2025\/05\/WEB-537x360.jpg 537w, https:\/\/noticiasmercedinas.com\/site\/wp-content\/uploads\/2025\/05\/WEB-1074x720.jpg 1074w, https:\/\/noticiasmercedinas.com\/site\/wp-content\/uploads\/2025\/05\/WEB-640x428.jpg 640w, https:\/\/noticiasmercedinas.com\/site\/wp-content\/uploads\/2025\/05\/WEB-1280x857.jpg 1280w, https:\/\/noticiasmercedinas.com\/site\/wp-content\/uploads\/2025\/05\/WEB-681x456.jpg 681w\" sizes=\"auto, (max-width: 1361px) 100vw, 1361px\" \/><\/p>\n<p>La agrupaci\u00f3n vecinalista Vecinos por Mercedes present\u00f3 oficialmente su sitio web <a href=\"https:\/\/vecinospormercedes.com.ar\">www.vecinospormercedes.com.ar<\/a>, una herramienta digital pensada para acercar la pol\u00edtica local a la comunidad y fomentar la participaci\u00f3n activa de los mercedinos.<\/p>\n<p>\u00abEs la primera vez que un espacio local ofrece una plataforma tan completa y accesible, donde cualquier vecino puede informarse, proponer y sumarse\u00bb, destacaron desde la agrupaci\u00f3n.<\/p>\n<p>El sitio cuenta con una interfaz sencilla y amigable, que permite:<\/p>\n<ul>\n<li>Consultar los proyectos e iniciativas que viene impulsando el espacio.<\/li>\n<li>Acceder a las actividades y reuniones abiertas de la agrupaci\u00f3n.<\/li>\n<li>Subir propuestas o reclamos sobre problem\u00e1ticas de la ciudad.<\/li>\n<li>Explorar un directorio de oficios y servicios locales.<\/li>\n<li>Conocer los datos bancarios para colaborar con donaciones, ya que el espacio se sostiene con el esfuerzo colectivo.<\/li>\n<li>Participar del programa \u00abVecinos que Inspiran\u00bb, una iniciativa que busca visibilizar y reconocer a aquellos vecinos an\u00f3nimos que, con peque\u00f1os gestos cotidianos, ayudan a construir un Mercedes mejor.<\/li>\n<\/ul>\n<p>\u00abEn tiempos donde las redes sociales suelen amplificar insultos y malos comentarios, queremos destacar a quienes hacen el bien sin esperar nada a cambio\u00bb, explicaron desde el espacio.<\/p>\n<blockquote><p>\u00abEn tiempos donde las redes sociales suelen amplificar insultos y malos comentarios, queremos destacar a quienes hacen el bien sin esperar nada a cambio\u00bb<\/p><\/blockquote>\n<p><strong>Una pol\u00edtica de cercan\u00eda y transparencia<br \/>\n<\/strong>Vecinos por Mercedes se define como un espacio independiente, sin estructuras partidarias ni fondos de los grandes aparatos pol\u00edticos. Su fuerza radica en la voluntad de quienes quieren transformar la ciudad con compromiso y trabajo.<\/p>\n<p>\u00abCreemos en una pol\u00edtica de abajo hacia arriba, donde cada vecino pueda ser protagonista del cambio que necesita nuestra ciudad\u00bb, expres\u00f3 <strong>Bernardo Zubeld\u00eda<\/strong>, referente de la agrupaci\u00f3n.<\/p>\n<p>La web tambi\u00e9n ofrece informaci\u00f3n para quienes deseen sumarse como voluntarios, participar de actividades o realizar aportes econ\u00f3micos para sostener las iniciativas del espacio.<\/p>\n<p>Para m\u00e1s informaci\u00f3n, ingresar a <a href=\"https:\/\/vecinospormercedes.com.ar\">www.vecinospormercedes.com.ar<\/a> o comunicarse al <strong>2324 590950.<\/strong><\/p>\n<figure id=\"attachment_160327\" aria-describedby=\"caption-attachment-160327\" style=\"width: 1286px\" class=\"wp-caption alignnone\"><img loading=\"lazy\" decoding=\"async\" class=\"size-full wp-image-160327\" src=\"https:\/\/noticiasmercedinas.com\/site\/wp-content\/uploads\/2025\/05\/OFICIOS.jpg\" alt=\"\" width=\"1286\" height=\"909\" srcset=\"https:\/\/noticiasmercedinas.com\/site\/wp-content\/uploads\/2025\/05\/OFICIOS.jpg 1286w, https:\/\/noticiasmercedinas.com\/site\/wp-content\/uploads\/2025\/05\/OFICIOS-300x212.jpg 300w, https:\/\/noticiasmercedinas.com\/site\/wp-content\/uploads\/2025\/05\/OFICIOS-1024x724.jpg 1024w, https:\/\/noticiasmercedinas.com\/site\/wp-content\/uploads\/2025\/05\/OFICIOS-768x543.jpg 768w, https:\/\/noticiasmercedinas.com\/site\/wp-content\/uploads\/2025\/05\/OFICIOS-640x452.jpg 640w, https:\/\/noticiasmercedinas.com\/site\/wp-content\/uploads\/2025\/05\/OFICIOS-1280x905.jpg 1280w, https:\/\/noticiasmercedinas.com\/site\/wp-content\/uploads\/2025\/05\/OFICIOS-681x481.jpg 681w\" sizes=\"auto, (max-width: 1286px) 100vw, 1286px\" \/><figcaption id=\"caption-attachment-160327\" class=\"wp-caption-text\">La web cuenta incluso con un directorio abierto de oficios<\/figcaption><\/figure>\n","protected":false},"excerpt":{"rendered":"<p>\u25a0 \u00abCreemos en una pol\u00edtica de abajo hacia arriba, donde cada vecino pueda ser protagonista del cambio que necesita nuestra ciudad\u00bb, expres\u00f3 Bernardo Zubeld\u00eda, referente de la agrupaci\u00f3n.<\/p>\n","protected":false},"author":16,"featured_media":160325,"comment_status":"closed","ping_status":"closed","sticky":false,"template":"","format":"standard","meta":{"footnotes":""},"categories":[16],"tags":[18289,18672,5663],"class_list":["post-160324","post","type-post","status-publish","format-standard","has-post-thumbnail","hentry","category-politica","tag-bernardo-zubeldia","tag-vecinos-por-mercedes","tag-web"],"yoast_head":"<!-- This site is optimized with the Yoast SEO plugin v27.4 - https:\/\/yoast.com\/product\/yoast-seo-wordpress\/ -->\n<title>Vecinos por Mercedes lanza su nueva web: una plataforma abierta para la participaci\u00f3n ciudadana<\/title>\n<meta name=\"description\" content=\"&quot;Creemos en una pol\u00edtica de abajo hacia arriba, donde cada vecino pueda ser protagonista del cambio que necesita nuestra ciudad&quot;, expres\u00f3 Bernardo Zubeld\u00eda, referente de la agrupaci\u00f3n.\" \/>\n<meta name=\"robots\" content=\"index, follow, max-snippet:-1, max-image-preview:large, max-video-preview:-1\" \/>\n<link rel=\"canonical\" href=\"https:\/\/noticiasmercedinas.com\/site\/2025\/05\/27\/vecinos-por-mercedes-lanza-su-nueva-web-una-plataforma-abierta-para-la-participacion-ciudadana\/\" \/>\n<meta property=\"og:locale\" content=\"es_ES\" \/>\n<meta property=\"og:type\" content=\"article\" \/>\n<meta property=\"og:title\" content=\"Vecinos por Mercedes lanza su nueva web: una plataforma abierta para la participaci\u00f3n ciudadana\" \/>\n<meta property=\"og:description\" content=\"&quot;Creemos en una pol\u00edtica de abajo hacia arriba, donde cada vecino pueda ser protagonista del cambio que necesita nuestra ciudad&quot;, expres\u00f3 Bernardo Zubeld\u00eda, referente de la agrupaci\u00f3n.\" \/>\n<meta property=\"og:url\" content=\"https:\/\/noticiasmercedinas.com\/site\/2025\/05\/27\/vecinos-por-mercedes-lanza-su-nueva-web-una-plataforma-abierta-para-la-participacion-ciudadana\/\" \/>\n<meta property=\"og:site_name\" content=\"NOTICIASMERCEDINAS.COM\" \/>\n<meta property=\"article:publisher\" content=\"https:\/\/www.facebook.com\/noticiasmercedinas\/\" \/>\n<meta property=\"article:published_time\" content=\"2025-05-27T13:25:24+00:00\" \/>\n<meta property=\"article:modified_time\" content=\"2025-05-27T13:28:30+00:00\" \/>\n<meta property=\"og:image\" content=\"https:\/\/noticiasmercedinas.com\/site\/wp-content\/uploads\/2025\/05\/WEB.jpg\" \/>\n\t<meta property=\"og:image:width\" content=\"1361\" \/>\n\t<meta property=\"og:image:height\" content=\"911\" \/>\n\t<meta property=\"og:image:type\" content=\"image\/jpeg\" \/>\n<meta name=\"author\" content=\"NOTICIASMERCEDINAS.COM\" \/>\n<meta name=\"twitter:card\" content=\"summary_large_image\" \/>\n<meta name=\"twitter:creator\" content=\"@notmercedinas\" \/>\n<meta name=\"twitter:site\" content=\"@notmercedinas\" \/>\n<meta name=\"twitter:label1\" content=\"Escrito por\" \/>\n\t<meta name=\"twitter:data1\" content=\"NOTICIASMERCEDINAS.COM\" \/>\n\t<meta name=\"twitter:label2\" content=\"Tiempo de lectura\" \/>\n\t<meta name=\"twitter:data2\" content=\"2 minutos\" \/>\n<script type=\"application\/ld+json\" class=\"yoast-schema-graph\">{\"@context\":\"https:\\\/\\\/schema.org\",\"@graph\":[{\"@type\":\"Article\",\"@id\":\"https:\\\/\\\/noticiasmercedinas.com\\\/site\\\/2025\\\/05\\\/27\\\/vecinos-por-mercedes-lanza-su-nueva-web-una-plataforma-abierta-para-la-participacion-ciudadana\\\/#article\",\"isPartOf\":{\"@id\":\"https:\\\/\\\/noticiasmercedinas.com\\\/site\\\/2025\\\/05\\\/27\\\/vecinos-por-mercedes-lanza-su-nueva-web-una-plataforma-abierta-para-la-participacion-ciudadana\\\/\"},\"author\":{\"name\":\"NOTICIASMERCEDINAS.COM\",\"@id\":\"https:\\\/\\\/noticiasmercedinas.com\\\/site\\\/#\\\/schema\\\/person\\\/84b59c099c28ff2e8b77d4ceec5d8063\"},\"headline\":\"Vecinos por Mercedes lanza su nueva web: una plataforma abierta para la participaci\u00f3n ciudadana\",\"datePublished\":\"2025-05-27T13:25:24+00:00\",\"dateModified\":\"2025-05-27T13:28:30+00:00\",\"mainEntityOfPage\":{\"@id\":\"https:\\\/\\\/noticiasmercedinas.com\\\/site\\\/2025\\\/05\\\/27\\\/vecinos-por-mercedes-lanza-su-nueva-web-una-plataforma-abierta-para-la-participacion-ciudadana\\\/\"},\"wordCount\":363,\"publisher\":{\"@id\":\"https:\\\/\\\/noticiasmercedinas.com\\\/site\\\/#organization\"},\"image\":{\"@id\":\"https:\\\/\\\/noticiasmercedinas.com\\\/site\\\/2025\\\/05\\\/27\\\/vecinos-por-mercedes-lanza-su-nueva-web-una-plataforma-abierta-para-la-participacion-ciudadana\\\/#primaryimage\"},\"thumbnailUrl\":\"https:\\\/\\\/noticiasmercedinas.com\\\/site\\\/wp-content\\\/uploads\\\/2025\\\/05\\\/WEB.jpg\",\"keywords\":[\"bernardo zubeldia\",\"vecinos por mercedes\",\"web\"],\"articleSection\":[\"Politica\"],\"inLanguage\":\"es\"},{\"@type\":\"WebPage\",\"@id\":\"https:\\\/\\\/noticiasmercedinas.com\\\/site\\\/2025\\\/05\\\/27\\\/vecinos-por-mercedes-lanza-su-nueva-web-una-plataforma-abierta-para-la-participacion-ciudadana\\\/\",\"url\":\"https:\\\/\\\/noticiasmercedinas.com\\\/site\\\/2025\\\/05\\\/27\\\/vecinos-por-mercedes-lanza-su-nueva-web-una-plataforma-abierta-para-la-participacion-ciudadana\\\/\",\"name\":\"Vecinos por Mercedes lanza su nueva web: una plataforma abierta para la participaci\u00f3n ciudadana\",\"isPartOf\":{\"@id\":\"https:\\\/\\\/noticiasmercedinas.com\\\/site\\\/#website\"},\"primaryImageOfPage\":{\"@id\":\"https:\\\/\\\/noticiasmercedinas.com\\\/site\\\/2025\\\/05\\\/27\\\/vecinos-por-mercedes-lanza-su-nueva-web-una-plataforma-abierta-para-la-participacion-ciudadana\\\/#primaryimage\"},\"image\":{\"@id\":\"https:\\\/\\\/noticiasmercedinas.com\\\/site\\\/2025\\\/05\\\/27\\\/vecinos-por-mercedes-lanza-su-nueva-web-una-plataforma-abierta-para-la-participacion-ciudadana\\\/#primaryimage\"},\"thumbnailUrl\":\"https:\\\/\\\/noticiasmercedinas.com\\\/site\\\/wp-content\\\/uploads\\\/2025\\\/05\\\/WEB.jpg\",\"datePublished\":\"2025-05-27T13:25:24+00:00\",\"dateModified\":\"2025-05-27T13:28:30+00:00\",\"description\":\"\\\"Creemos en una pol\u00edtica de abajo hacia arriba, donde cada vecino pueda ser protagonista del cambio que necesita nuestra ciudad\\\", expres\u00f3 Bernardo Zubeld\u00eda, referente de la agrupaci\u00f3n.\",\"breadcrumb\":{\"@id\":\"https:\\\/\\\/noticiasmercedinas.com\\\/site\\\/2025\\\/05\\\/27\\\/vecinos-por-mercedes-lanza-su-nueva-web-una-plataforma-abierta-para-la-participacion-ciudadana\\\/#breadcrumb\"},\"inLanguage\":\"es\",\"potentialAction\":[{\"@type\":\"ReadAction\",\"target\":[\"https:\\\/\\\/noticiasmercedinas.com\\\/site\\\/2025\\\/05\\\/27\\\/vecinos-por-mercedes-lanza-su-nueva-web-una-plataforma-abierta-para-la-participacion-ciudadana\\\/\"]}]},{\"@type\":\"ImageObject\",\"inLanguage\":\"es\",\"@id\":\"https:\\\/\\\/noticiasmercedinas.com\\\/site\\\/2025\\\/05\\\/27\\\/vecinos-por-mercedes-lanza-su-nueva-web-una-plataforma-abierta-para-la-participacion-ciudadana\\\/#primaryimage\",\"url\":\"https:\\\/\\\/noticiasmercedinas.com\\\/site\\\/wp-content\\\/uploads\\\/2025\\\/05\\\/WEB.jpg\",\"contentUrl\":\"https:\\\/\\\/noticiasmercedinas.com\\\/site\\\/wp-content\\\/uploads\\\/2025\\\/05\\\/WEB.jpg\",\"width\":1361,\"height\":911},{\"@type\":\"BreadcrumbList\",\"@id\":\"https:\\\/\\\/noticiasmercedinas.com\\\/site\\\/2025\\\/05\\\/27\\\/vecinos-por-mercedes-lanza-su-nueva-web-una-plataforma-abierta-para-la-participacion-ciudadana\\\/#breadcrumb\",\"itemListElement\":[{\"@type\":\"ListItem\",\"position\":1,\"name\":\"Portada\",\"item\":\"https:\\\/\\\/noticiasmercedinas.com\\\/site\\\/\"},{\"@type\":\"ListItem\",\"position\":2,\"name\":\"Vecinos por Mercedes lanza su nueva web: una plataforma abierta para la participaci\u00f3n ciudadana\"}]},{\"@type\":\"WebSite\",\"@id\":\"https:\\\/\\\/noticiasmercedinas.com\\\/site\\\/#website\",\"url\":\"https:\\\/\\\/noticiasmercedinas.com\\\/site\\\/\",\"name\":\"NOTICIASMERCEDINAS.COM\",\"description\":\"Mercedes, Buenos Aires, Argentina\",\"publisher\":{\"@id\":\"https:\\\/\\\/noticiasmercedinas.com\\\/site\\\/#organization\"},\"potentialAction\":[{\"@type\":\"SearchAction\",\"target\":{\"@type\":\"EntryPoint\",\"urlTemplate\":\"https:\\\/\\\/noticiasmercedinas.com\\\/site\\\/?s={search_term_string}\"},\"query-input\":{\"@type\":\"PropertyValueSpecification\",\"valueRequired\":true,\"valueName\":\"search_term_string\"}}],\"inLanguage\":\"es\"},{\"@type\":\"Organization\",\"@id\":\"https:\\\/\\\/noticiasmercedinas.com\\\/site\\\/#organization\",\"name\":\"NOTICIASMERCEDINAS.COM\",\"url\":\"https:\\\/\\\/noticiasmercedinas.com\\\/site\\\/\",\"logo\":{\"@type\":\"ImageObject\",\"inLanguage\":\"es\",\"@id\":\"https:\\\/\\\/noticiasmercedinas.com\\\/site\\\/#\\\/schema\\\/logo\\\/image\\\/\",\"url\":\"https:\\\/\\\/noticiasmercedinas.com\\\/site\\\/wp-content\\\/uploads\\\/2020\\\/06\\\/LOGO-512.jpg\",\"contentUrl\":\"https:\\\/\\\/noticiasmercedinas.com\\\/site\\\/wp-content\\\/uploads\\\/2020\\\/06\\\/LOGO-512.jpg\",\"width\":512,\"height\":512,\"caption\":\"NOTICIASMERCEDINAS.COM\"},\"image\":{\"@id\":\"https:\\\/\\\/noticiasmercedinas.com\\\/site\\\/#\\\/schema\\\/logo\\\/image\\\/\"},\"sameAs\":[\"https:\\\/\\\/www.facebook.com\\\/noticiasmercedinas\\\/\",\"https:\\\/\\\/x.com\\\/notmercedinas\",\"https:\\\/\\\/www.instagram.com\\\/noticiasmercedinas\\\/\"]},{\"@type\":\"Person\",\"@id\":\"https:\\\/\\\/noticiasmercedinas.com\\\/site\\\/#\\\/schema\\\/person\\\/84b59c099c28ff2e8b77d4ceec5d8063\",\"name\":\"NOTICIASMERCEDINAS.COM\",\"image\":{\"@type\":\"ImageObject\",\"inLanguage\":\"es\",\"@id\":\"https:\\\/\\\/secure.gravatar.com\\\/avatar\\\/4dfbf16b4d17945bfb6341b2d19043457132fcf478a5ee04f42e959fd8f5df0a?s=96&d=mm&r=g\",\"url\":\"https:\\\/\\\/secure.gravatar.com\\\/avatar\\\/4dfbf16b4d17945bfb6341b2d19043457132fcf478a5ee04f42e959fd8f5df0a?s=96&d=mm&r=g\",\"contentUrl\":\"https:\\\/\\\/secure.gravatar.com\\\/avatar\\\/4dfbf16b4d17945bfb6341b2d19043457132fcf478a5ee04f42e959fd8f5df0a?s=96&d=mm&r=g\",\"caption\":\"NOTICIASMERCEDINAS.COM\"},\"url\":\"https:\\\/\\\/noticiasmercedinas.com\\\/site\\\/author\\\/anonimo\\\/\"}]}<\/script>\n<!-- \/ Yoast SEO plugin. -->","yoast_head_json":{"title":"Vecinos por Mercedes lanza su nueva web: una plataforma abierta para la participaci\u00f3n ciudadana","description":"\"Creemos en una pol\u00edtica de abajo hacia arriba, donde cada vecino pueda ser protagonista del cambio que necesita nuestra ciudad\", expres\u00f3 Bernardo Zubeld\u00eda, referente de la agrupaci\u00f3n.","robots":{"index":"index","follow":"follow","max-snippet":"max-snippet:-1","max-image-preview":"max-image-preview:large","max-video-preview":"max-video-preview:-1"},"canonical":"https:\/\/noticiasmercedinas.com\/site\/2025\/05\/27\/vecinos-por-mercedes-lanza-su-nueva-web-una-plataforma-abierta-para-la-participacion-ciudadana\/","og_locale":"es_ES","og_type":"article","og_title":"Vecinos por Mercedes lanza su nueva web: una plataforma abierta para la participaci\u00f3n ciudadana","og_description":"\"Creemos en una pol\u00edtica de abajo hacia arriba, donde cada vecino pueda ser protagonista del cambio que necesita nuestra ciudad\", expres\u00f3 Bernardo Zubeld\u00eda, referente de la agrupaci\u00f3n.","og_url":"https:\/\/noticiasmercedinas.com\/site\/2025\/05\/27\/vecinos-por-mercedes-lanza-su-nueva-web-una-plataforma-abierta-para-la-participacion-ciudadana\/","og_site_name":"NOTICIASMERCEDINAS.COM","article_publisher":"https:\/\/www.facebook.com\/noticiasmercedinas\/","article_published_time":"2025-05-27T13:25:24+00:00","article_modified_time":"2025-05-27T13:28:30+00:00","og_image":[{"width":1361,"height":911,"url":"https:\/\/noticiasmercedinas.com\/site\/wp-content\/uploads\/2025\/05\/WEB.jpg","type":"image\/jpeg"}],"author":"NOTICIASMERCEDINAS.COM","twitter_card":"summary_large_image","twitter_creator":"@notmercedinas","twitter_site":"@notmercedinas","twitter_misc":{"Escrito por":"NOTICIASMERCEDINAS.COM","Tiempo de lectura":"2 minutos"},"schema":{"@context":"https:\/\/schema.org","@graph":[{"@type":"Article","@id":"https:\/\/noticiasmercedinas.com\/site\/2025\/05\/27\/vecinos-por-mercedes-lanza-su-nueva-web-una-plataforma-abierta-para-la-participacion-ciudadana\/#article","isPartOf":{"@id":"https:\/\/noticiasmercedinas.com\/site\/2025\/05\/27\/vecinos-por-mercedes-lanza-su-nueva-web-una-plataforma-abierta-para-la-participacion-ciudadana\/"},"author":{"name":"NOTICIASMERCEDINAS.COM","@id":"https:\/\/noticiasmercedinas.com\/site\/#\/schema\/person\/84b59c099c28ff2e8b77d4ceec5d8063"},"headline":"Vecinos por Mercedes lanza su nueva web: una plataforma abierta para la participaci\u00f3n ciudadana","datePublished":"2025-05-27T13:25:24+00:00","dateModified":"2025-05-27T13:28:30+00:00","mainEntityOfPage":{"@id":"https:\/\/noticiasmercedinas.com\/site\/2025\/05\/27\/vecinos-por-mercedes-lanza-su-nueva-web-una-plataforma-abierta-para-la-participacion-ciudadana\/"},"wordCount":363,"publisher":{"@id":"https:\/\/noticiasmercedinas.com\/site\/#organization"},"image":{"@id":"https:\/\/noticiasmercedinas.com\/site\/2025\/05\/27\/vecinos-por-mercedes-lanza-su-nueva-web-una-plataforma-abierta-para-la-participacion-ciudadana\/#primaryimage"},"thumbnailUrl":"https:\/\/noticiasmercedinas.com\/site\/wp-content\/uploads\/2025\/05\/WEB.jpg","keywords":["bernardo zubeldia","vecinos por mercedes","web"],"articleSection":["Politica"],"inLanguage":"es"},{"@type":"WebPage","@id":"https:\/\/noticiasmercedinas.com\/site\/2025\/05\/27\/vecinos-por-mercedes-lanza-su-nueva-web-una-plataforma-abierta-para-la-participacion-ciudadana\/","url":"https:\/\/noticiasmercedinas.com\/site\/2025\/05\/27\/vecinos-por-mercedes-lanza-su-nueva-web-una-plataforma-abierta-para-la-participacion-ciudadana\/","name":"Vecinos por Mercedes lanza su nueva web: una plataforma abierta para la participaci\u00f3n ciudadana","isPartOf":{"@id":"https:\/\/noticiasmercedinas.com\/site\/#website"},"primaryImageOfPage":{"@id":"https:\/\/noticiasmercedinas.com\/site\/2025\/05\/27\/vecinos-por-mercedes-lanza-su-nueva-web-una-plataforma-abierta-para-la-participacion-ciudadana\/#primaryimage"},"image":{"@id":"https:\/\/noticiasmercedinas.com\/site\/2025\/05\/27\/vecinos-por-mercedes-lanza-su-nueva-web-una-plataforma-abierta-para-la-participacion-ciudadana\/#primaryimage"},"thumbnailUrl":"https:\/\/noticiasmercedinas.com\/site\/wp-content\/uploads\/2025\/05\/WEB.jpg","datePublished":"2025-05-27T13:25:24+00:00","dateModified":"2025-05-27T13:28:30+00:00","description":"\"Creemos en una pol\u00edtica de abajo hacia arriba, donde cada vecino pueda ser protagonista del cambio que necesita nuestra ciudad\", expres\u00f3 Bernardo Zubeld\u00eda, referente de la agrupaci\u00f3n.","breadcrumb":{"@id":"https:\/\/noticiasmercedinas.com\/site\/2025\/05\/27\/vecinos-por-mercedes-lanza-su-nueva-web-una-plataforma-abierta-para-la-participacion-ciudadana\/#breadcrumb"},"inLanguage":"es","potentialAction":[{"@type":"ReadAction","target":["https:\/\/noticiasmercedinas.com\/site\/2025\/05\/27\/vecinos-por-mercedes-lanza-su-nueva-web-una-plataforma-abierta-para-la-participacion-ciudadana\/"]}]},{"@type":"ImageObject","inLanguage":"es","@id":"https:\/\/noticiasmercedinas.com\/site\/2025\/05\/27\/vecinos-por-mercedes-lanza-su-nueva-web-una-plataforma-abierta-para-la-participacion-ciudadana\/#primaryimage","url":"https:\/\/noticiasmercedinas.com\/site\/wp-content\/uploads\/2025\/05\/WEB.jpg","contentUrl":"https:\/\/noticiasmercedinas.com\/site\/wp-content\/uploads\/2025\/05\/WEB.jpg","width":1361,"height":911},{"@type":"BreadcrumbList","@id":"https:\/\/noticiasmercedinas.com\/site\/2025\/05\/27\/vecinos-por-mercedes-lanza-su-nueva-web-una-plataforma-abierta-para-la-participacion-ciudadana\/#breadcrumb","itemListElement":[{"@type":"ListItem","position":1,"name":"Portada","item":"https:\/\/noticiasmercedinas.com\/site\/"},{"@type":"ListItem","position":2,"name":"Vecinos por Mercedes lanza su nueva web: una plataforma abierta para la participaci\u00f3n ciudadana"}]},{"@type":"WebSite","@id":"https:\/\/noticiasmercedinas.com\/site\/#website","url":"https:\/\/noticiasmercedinas.com\/site\/","name":"NOTICIASMERCEDINAS.COM","description":"Mercedes, Buenos Aires, Argentina","publisher":{"@id":"https:\/\/noticiasmercedinas.com\/site\/#organization"},"potentialAction":[{"@type":"SearchAction","target":{"@type":"EntryPoint","urlTemplate":"https:\/\/noticiasmercedinas.com\/site\/?s={search_term_string}"},"query-input":{"@type":"PropertyValueSpecification","valueRequired":true,"valueName":"search_term_string"}}],"inLanguage":"es"},{"@type":"Organization","@id":"https:\/\/noticiasmercedinas.com\/site\/#organization","name":"NOTICIASMERCEDINAS.COM","url":"https:\/\/noticiasmercedinas.com\/site\/","logo":{"@type":"ImageObject","inLanguage":"es","@id":"https:\/\/noticiasmercedinas.com\/site\/#\/schema\/logo\/image\/","url":"https:\/\/noticiasmercedinas.com\/site\/wp-content\/uploads\/2020\/06\/LOGO-512.jpg","contentUrl":"https:\/\/noticiasmercedinas.com\/site\/wp-content\/uploads\/2020\/06\/LOGO-512.jpg","width":512,"height":512,"caption":"NOTICIASMERCEDINAS.COM"},"image":{"@id":"https:\/\/noticiasmercedinas.com\/site\/#\/schema\/logo\/image\/"},"sameAs":["https:\/\/www.facebook.com\/noticiasmercedinas\/","https:\/\/x.com\/notmercedinas","https:\/\/www.instagram.com\/noticiasmercedinas\/"]},{"@type":"Person","@id":"https:\/\/noticiasmercedinas.com\/site\/#\/schema\/person\/84b59c099c28ff2e8b77d4ceec5d8063","name":"NOTICIASMERCEDINAS.COM","image":{"@type":"ImageObject","inLanguage":"es","@id":"https:\/\/secure.gravatar.com\/avatar\/4dfbf16b4d17945bfb6341b2d19043457132fcf478a5ee04f42e959fd8f5df0a?s=96&d=mm&r=g","url":"https:\/\/secure.gravatar.com\/avatar\/4dfbf16b4d17945bfb6341b2d19043457132fcf478a5ee04f42e959fd8f5df0a?s=96&d=mm&r=g","contentUrl":"https:\/\/secure.gravatar.com\/avatar\/4dfbf16b4d17945bfb6341b2d19043457132fcf478a5ee04f42e959fd8f5df0a?s=96&d=mm&r=g","caption":"NOTICIASMERCEDINAS.COM"},"url":"https:\/\/noticiasmercedinas.com\/site\/author\/anonimo\/"}]}},"amp_enabled":true,"_links":{"self":[{"href":"https:\/\/noticiasmercedinas.com\/site\/wp-json\/wp\/v2\/posts\/160324","targetHints":{"allow":["GET"]}}],"collection":[{"href":"https:\/\/noticiasmercedinas.com\/site\/wp-json\/wp\/v2\/posts"}],"about":[{"href":"https:\/\/noticiasmercedinas.com\/site\/wp-json\/wp\/v2\/types\/post"}],"author":[{"embeddable":true,"href":"https:\/\/noticiasmercedinas.com\/site\/wp-json\/wp\/v2\/users\/16"}],"replies":[{"embeddable":true,"href":"https:\/\/noticiasmercedinas.com\/site\/wp-json\/wp\/v2\/comments?post=160324"}],"version-history":[{"count":2,"href":"https:\/\/noticiasmercedinas.com\/site\/wp-json\/wp\/v2\/posts\/160324\/revisions"}],"predecessor-version":[{"id":160328,"href":"https:\/\/noticiasmercedinas.com\/site\/wp-json\/wp\/v2\/posts\/160324\/revisions\/160328"}],"wp:featuredmedia":[{"embeddable":true,"href":"https:\/\/noticiasmercedinas.com\/site\/wp-json\/wp\/v2\/media\/160325"}],"wp:attachment":[{"href":"https:\/\/noticiasmercedinas.com\/site\/wp-json\/wp\/v2\/media?parent=160324"}],"wp:term":[{"taxonomy":"category","embeddable":true,"href":"https:\/\/noticiasmercedinas.com\/site\/wp-json\/wp\/v2\/categories?post=160324"},{"taxonomy":"post_tag","embeddable":true,"href":"https:\/\/noticiasmercedinas.com\/site\/wp-json\/wp\/v2\/tags?post=160324"}],"curies":[{"name":"wp","href":"https:\/\/api.w.org\/{rel}","templated":true}]}}