{"id":160429,"date":"2025-05-28T20:16:11","date_gmt":"2025-05-28T23:16:11","guid":{"rendered":"https:\/\/noticiasmercedinas.com\/site\/?p=160429"},"modified":"2025-05-28T20:16:11","modified_gmt":"2025-05-28T23:16:11","slug":"profesionales-familias-y-pacientes-se-movilizaron-en-defensa-de-las-prestaciones-para-personas-con-discapacidad","status":"publish","type":"post","link":"https:\/\/noticiasmercedinas.com\/site\/2025\/05\/28\/profesionales-familias-y-pacientes-se-movilizaron-en-defensa-de-las-prestaciones-para-personas-con-discapacidad\/","title":{"rendered":"Profesionales, familias y pacientes se movilizaron en defensa de las prestaciones para personas con discapacidad"},"content":{"rendered":"<p data-start=\"0\" data-end=\"116\"><img loading=\"lazy\" decoding=\"async\" class=\"alignnone size-full wp-image-160434\" src=\"https:\/\/noticiasmercedinas.com\/site\/wp-content\/uploads\/2025\/05\/0e698c89-e2f3-466d-9d26-cb81f2a9f21b.jpg\" alt=\"\" width=\"1599\" height=\"899\" srcset=\"https:\/\/noticiasmercedinas.com\/site\/wp-content\/uploads\/2025\/05\/0e698c89-e2f3-466d-9d26-cb81f2a9f21b.jpg 1599w, https:\/\/noticiasmercedinas.com\/site\/wp-content\/uploads\/2025\/05\/0e698c89-e2f3-466d-9d26-cb81f2a9f21b-300x169.jpg 300w, https:\/\/noticiasmercedinas.com\/site\/wp-content\/uploads\/2025\/05\/0e698c89-e2f3-466d-9d26-cb81f2a9f21b-1024x576.jpg 1024w, https:\/\/noticiasmercedinas.com\/site\/wp-content\/uploads\/2025\/05\/0e698c89-e2f3-466d-9d26-cb81f2a9f21b-768x432.jpg 768w, https:\/\/noticiasmercedinas.com\/site\/wp-content\/uploads\/2025\/05\/0e698c89-e2f3-466d-9d26-cb81f2a9f21b-1536x864.jpg 1536w, https:\/\/noticiasmercedinas.com\/site\/wp-content\/uploads\/2025\/05\/0e698c89-e2f3-466d-9d26-cb81f2a9f21b-640x360.jpg 640w, https:\/\/noticiasmercedinas.com\/site\/wp-content\/uploads\/2025\/05\/0e698c89-e2f3-466d-9d26-cb81f2a9f21b-1280x720.jpg 1280w, https:\/\/noticiasmercedinas.com\/site\/wp-content\/uploads\/2025\/05\/0e698c89-e2f3-466d-9d26-cb81f2a9f21b-681x383.jpg 681w, https:\/\/noticiasmercedinas.com\/site\/wp-content\/uploads\/2025\/05\/0e698c89-e2f3-466d-9d26-cb81f2a9f21b-1362x766.jpg 1362w\" sizes=\"auto, (max-width: 1599px) 100vw, 1599px\" \/><\/p>\n<p data-start=\"118\" data-end=\"545\">Este mi\u00e9rcoles por la tarde, un centenar de personas se congreg\u00f3 en la Plaza San Mart\u00edn de Mercedes para exigir el tratamiento urgente de la Ley de Emergencia en Discapacidad y denunciar la cr\u00edtica situaci\u00f3n que atraviesa el sector. La movilizaci\u00f3n fue impulsada por el Colectivo Prestadores de Discapacidad Mercedes, que se encuentra en estado de emergencia, en l\u00ednea con reclamos que se replican en distintos puntos del pa\u00eds.<\/p>\n<p data-start=\"547\" data-end=\"993\">Participaron de la manifestaci\u00f3n profesionales de la salud, acompa\u00f1antes terap\u00e9uticos, padres, madres, pacientes y trabajadores de instituciones educativas y centros de atenci\u00f3n vinculados a la discapacidad. Durante la asamblea se compartieron testimonios que dieron cuenta de la precarizaci\u00f3n laboral de quienes sostienen las prestaciones y de las graves consecuencias que esta situaci\u00f3n genera para las personas con discapacidad y sus familias.<\/p>\n<p data-start=\"995\" data-end=\"1551\">\u201cNosotras trabajamos en equipos terap\u00e9uticos con la mayor\u00eda de los que est\u00e1n ac\u00e1, y somos un eslab\u00f3n muy importante para las familias, para que los chicos puedan acceder a los colegios o puedan sociabilizar\u201d, expresaron acompa\u00f1antes terap\u00e9uticas durante la convocatoria. Reclamaron por la urgente sanci\u00f3n de la ley que regule su labor, ya que actualmente no cuentan con un salario fijo y dependen de pagos irregulares por parte de las obras sociales. \u201cNecesitamos una ley que rija nuestra prestaci\u00f3n, que es tan importante como todas las dem\u00e1s\u201d, se\u00f1alaron.<\/p>\n<blockquote>\n<p data-start=\"995\" data-end=\"1551\">\u00abTrabajamos en equipos terap\u00e9uticos con la mayor\u00eda de los que est\u00e1n ac\u00e1, y somos un eslab\u00f3n muy importante para las familias, para que los chicos puedan acceder a los colegios o puedan sociabilizar\u00bb<\/p>\n<\/blockquote>\n<p data-start=\"1553\" data-end=\"2041\">Uno de los puntos m\u00e1s cuestionados fue el congelamiento de los aranceles desde diciembre de 2024. En los \u00faltimos seis meses no hubo aumentos y los profesionales denuncian que los valores actuales est\u00e1n muy por debajo de la inflaci\u00f3n y del m\u00ednimo \u00e9tico regulado por los colegios profesionales. A esto se suman pagos con demoras de hasta tres meses, recortes en prestaciones y demoras en las autorizaciones, lo que afecta directamente a quienes deben acceder a terapias y apoyos esenciales.<\/p>\n<p data-start=\"2043\" data-end=\"2420\">\u201cEstamos llegando a un punto l\u00edmite, donde muchos profesionales tienen que abandonar el sistema de integraci\u00f3n por la superintendencia de servicios de salud y tomar pacientes de manera particular. Eso perjudica directamente a las familias y vulnera el derecho de las personas con discapacidad a recibir las prestaciones que necesitan\u201d, sostuvo una de las voceras del colectivo.<\/p>\n<p data-start=\"2043\" data-end=\"2420\"><img loading=\"lazy\" decoding=\"async\" class=\"alignnone size-full wp-image-160432\" src=\"https:\/\/noticiasmercedinas.com\/site\/wp-content\/uploads\/2025\/05\/747dcb9a-2276-45d0-b779-db49f57b8339.jpg\" alt=\"\" width=\"1599\" height=\"899\" srcset=\"https:\/\/noticiasmercedinas.com\/site\/wp-content\/uploads\/2025\/05\/747dcb9a-2276-45d0-b779-db49f57b8339.jpg 1599w, https:\/\/noticiasmercedinas.com\/site\/wp-content\/uploads\/2025\/05\/747dcb9a-2276-45d0-b779-db49f57b8339-300x169.jpg 300w, https:\/\/noticiasmercedinas.com\/site\/wp-content\/uploads\/2025\/05\/747dcb9a-2276-45d0-b779-db49f57b8339-1024x576.jpg 1024w, https:\/\/noticiasmercedinas.com\/site\/wp-content\/uploads\/2025\/05\/747dcb9a-2276-45d0-b779-db49f57b8339-768x432.jpg 768w, https:\/\/noticiasmercedinas.com\/site\/wp-content\/uploads\/2025\/05\/747dcb9a-2276-45d0-b779-db49f57b8339-1536x864.jpg 1536w, https:\/\/noticiasmercedinas.com\/site\/wp-content\/uploads\/2025\/05\/747dcb9a-2276-45d0-b779-db49f57b8339-640x360.jpg 640w, https:\/\/noticiasmercedinas.com\/site\/wp-content\/uploads\/2025\/05\/747dcb9a-2276-45d0-b779-db49f57b8339-1280x720.jpg 1280w, https:\/\/noticiasmercedinas.com\/site\/wp-content\/uploads\/2025\/05\/747dcb9a-2276-45d0-b779-db49f57b8339-681x383.jpg 681w, https:\/\/noticiasmercedinas.com\/site\/wp-content\/uploads\/2025\/05\/747dcb9a-2276-45d0-b779-db49f57b8339-1362x766.jpg 1362w\" sizes=\"auto, (max-width: 1599px) 100vw, 1599px\" \/><\/p>\n<p data-start=\"2422\" data-end=\"2737\">Durante el acto tambi\u00e9n se remarc\u00f3 que esta lucha no es s\u00f3lo de los prestadores, sino de toda la comunidad. \u201cNos unimos hoy para hacer visible la situaci\u00f3n y para pedir urgente que se trate esta ley, y que se garanticen los derechos de las personas con discapacidad y sus familias\u201d, dijeron al cierre de la jornada.<\/p>\n<p data-start=\"2739\" data-end=\"3108\">El Colectivo Prestadores de Discapacidad Mercedes contin\u00faa con un paro de prestaciones hasta el 30 de mayo, afectando la atenci\u00f3n de obras sociales y prepagas. Denuncian la invisibilizaci\u00f3n del conflicto y exigen una soluci\u00f3n inmediata que contemple la actualizaci\u00f3n de los aranceles y el pleno cumplimiento de los derechos que protegen a las personas con discapacidad.<\/p>\n<p data-start=\"2739\" data-end=\"3108\">El reclamo suma cada vez m\u00e1s adhesiones en defensa de un sistema de atenci\u00f3n digno y sostenible para las personas con discapacidad.<\/p>\n<p data-start=\"3112\" data-end=\"3139\"><strong data-start=\"3112\" data-end=\"3139\">Datos clave del reclamo<\/strong><\/p>\n<ul>\n<li data-start=\"3144\" data-end=\"3193\">Aranceles congelados desde diciembre de 2024.<\/li>\n<li data-start=\"3198\" data-end=\"3256\">Honorarios impagos, pagos con hasta 90 d\u00edas de demora.<\/li>\n<li data-start=\"3261\" data-end=\"3318\">Recortes y demoras en autorizaciones de prestaciones.<\/li>\n<li data-start=\"3323\" data-end=\"3390\">Movilizaci\u00f3n en Plaza San Mart\u00edn este mi\u00e9rcoles a las 18 horas.<\/li>\n<li data-start=\"3395\" data-end=\"3440\">Paro de actividades del 26 al 30 de mayo.<\/li>\n<li data-start=\"3445\" data-end=\"3522\">Exigencia de tratamiento urgente de la Ley de Emergencia en Discapacidad.<\/li>\n<\/ul>\n<p><img loading=\"lazy\" decoding=\"async\" class=\"alignnone size-full wp-image-160431\" src=\"https:\/\/noticiasmercedinas.com\/site\/wp-content\/uploads\/2025\/05\/219170c1-cc0f-4593-939d-e0e5e205d755.jpg\" alt=\"\" width=\"1599\" height=\"899\" srcset=\"https:\/\/noticiasmercedinas.com\/site\/wp-content\/uploads\/2025\/05\/219170c1-cc0f-4593-939d-e0e5e205d755.jpg 1599w, https:\/\/noticiasmercedinas.com\/site\/wp-content\/uploads\/2025\/05\/219170c1-cc0f-4593-939d-e0e5e205d755-300x169.jpg 300w, https:\/\/noticiasmercedinas.com\/site\/wp-content\/uploads\/2025\/05\/219170c1-cc0f-4593-939d-e0e5e205d755-1024x576.jpg 1024w, https:\/\/noticiasmercedinas.com\/site\/wp-content\/uploads\/2025\/05\/219170c1-cc0f-4593-939d-e0e5e205d755-768x432.jpg 768w, https:\/\/noticiasmercedinas.com\/site\/wp-content\/uploads\/2025\/05\/219170c1-cc0f-4593-939d-e0e5e205d755-1536x864.jpg 1536w, https:\/\/noticiasmercedinas.com\/site\/wp-content\/uploads\/2025\/05\/219170c1-cc0f-4593-939d-e0e5e205d755-640x360.jpg 640w, https:\/\/noticiasmercedinas.com\/site\/wp-content\/uploads\/2025\/05\/219170c1-cc0f-4593-939d-e0e5e205d755-1280x720.jpg 1280w, https:\/\/noticiasmercedinas.com\/site\/wp-content\/uploads\/2025\/05\/219170c1-cc0f-4593-939d-e0e5e205d755-681x383.jpg 681w, https:\/\/noticiasmercedinas.com\/site\/wp-content\/uploads\/2025\/05\/219170c1-cc0f-4593-939d-e0e5e205d755-1362x766.jpg 1362w\" sizes=\"auto, (max-width: 1599px) 100vw, 1599px\" \/><\/p>\n","protected":false},"excerpt":{"rendered":"<p>\u25a0 \u201cNecesitamos una ley que rija nuestra prestaci\u00f3n, que es tan importante como todas las dem\u00e1s\u201d, se\u00f1alaron. Cuestionaron aranceles congelados desde diciembre de 2024 y honorarios impagos desde hace meses.<\/p>\n","protected":false},"author":2,"featured_media":160434,"comment_status":"closed","ping_status":"closed","sticky":false,"template":"","format":"standard","meta":{"footnotes":""},"categories":[3],"tags":[20195,68,2519,148,4840,1286,71,12904],"class_list":["post-160429","post","type-post","status-publish","format-standard","has-post-thumbnail","hentry","category-sociedad","tag-colectivo-de-acompanantes-terapeuticos","tag-discapacidad","tag-lucha","tag-manifestacion","tag-prestadores","tag-reclamo","tag-salud","tag-trabajadores-sociales"],"yoast_head":"<!-- This site is optimized with the Yoast SEO plugin v27.5 - https:\/\/yoast.com\/product\/yoast-seo-wordpress\/ -->\n<title>Profesionales, familias y pacientes se movilizaron en defensa de las prestaciones para personas con discapacidad<\/title>\n<meta name=\"description\" content=\"\u25a0 \u201cNecesitamos una ley que rija nuestra prestaci\u00f3n, que es tan importante como todas las dem\u00e1s\u201d, se\u00f1alaron. Cuestionaron aranceles congelados desde diciembre de 2024 y honorarios impagos desde hace meses.\" \/>\n<meta name=\"robots\" content=\"index, follow, max-snippet:-1, max-image-preview:large, max-video-preview:-1\" \/>\n<link rel=\"canonical\" href=\"https:\/\/noticiasmercedinas.com\/site\/2025\/05\/28\/profesionales-familias-y-pacientes-se-movilizaron-en-defensa-de-las-prestaciones-para-personas-con-discapacidad\/\" \/>\n<meta property=\"og:locale\" content=\"es_ES\" \/>\n<meta property=\"og:type\" content=\"article\" \/>\n<meta property=\"og:title\" content=\"Profesionales, familias y pacientes se movilizaron en defensa de las prestaciones para personas con discapacidad\" \/>\n<meta property=\"og:description\" content=\"\u25a0 \u201cNecesitamos una ley que rija nuestra prestaci\u00f3n, que es tan importante como todas las dem\u00e1s\u201d, se\u00f1alaron. Cuestionaron aranceles congelados desde diciembre de 2024 y honorarios impagos desde hace meses.\" \/>\n<meta property=\"og:url\" content=\"https:\/\/noticiasmercedinas.com\/site\/2025\/05\/28\/profesionales-familias-y-pacientes-se-movilizaron-en-defensa-de-las-prestaciones-para-personas-con-discapacidad\/\" \/>\n<meta property=\"og:site_name\" content=\"NOTICIASMERCEDINAS.COM\" \/>\n<meta property=\"article:publisher\" content=\"https:\/\/www.facebook.com\/noticiasmercedinas\/\" \/>\n<meta property=\"article:author\" content=\"https:\/\/www.facebook.com\/cristian.falabella\" \/>\n<meta property=\"article:published_time\" content=\"2025-05-28T23:16:11+00:00\" \/>\n<meta property=\"og:image\" content=\"https:\/\/noticiasmercedinas.com\/site\/wp-content\/uploads\/2025\/05\/0e698c89-e2f3-466d-9d26-cb81f2a9f21b.jpg\" \/>\n\t<meta property=\"og:image:width\" content=\"1599\" \/>\n\t<meta property=\"og:image:height\" content=\"899\" \/>\n\t<meta property=\"og:image:type\" content=\"image\/jpeg\" \/>\n<meta name=\"author\" content=\"Cristian Falabella NOTICIASMERCEDINAS.COM\" \/>\n<meta name=\"twitter:card\" content=\"summary_large_image\" \/>\n<meta name=\"twitter:creator\" content=\"@https:\/\/twitter.com\/NOTMERCEDINAS\" \/>\n<meta name=\"twitter:site\" content=\"@notmercedinas\" \/>\n<meta name=\"twitter:label1\" content=\"Escrito por\" \/>\n\t<meta name=\"twitter:data1\" content=\"Cristian Falabella NOTICIASMERCEDINAS.COM\" \/>\n\t<meta name=\"twitter:label2\" content=\"Tiempo de lectura\" \/>\n\t<meta name=\"twitter:data2\" content=\"4 minutos\" \/>\n<script type=\"application\/ld+json\" class=\"yoast-schema-graph\">{\"@context\":\"https:\\\/\\\/schema.org\",\"@graph\":[{\"@type\":\"Article\",\"@id\":\"https:\\\/\\\/noticiasmercedinas.com\\\/site\\\/2025\\\/05\\\/28\\\/profesionales-familias-y-pacientes-se-movilizaron-en-defensa-de-las-prestaciones-para-personas-con-discapacidad\\\/#article\",\"isPartOf\":{\"@id\":\"https:\\\/\\\/noticiasmercedinas.com\\\/site\\\/2025\\\/05\\\/28\\\/profesionales-familias-y-pacientes-se-movilizaron-en-defensa-de-las-prestaciones-para-personas-con-discapacidad\\\/\"},\"author\":{\"name\":\"Cristian Falabella NOTICIASMERCEDINAS.COM\",\"@id\":\"https:\\\/\\\/noticiasmercedinas.com\\\/site\\\/#\\\/schema\\\/person\\\/d481a9696a5feaec13a60e2bbd991a6a\"},\"headline\":\"Profesionales, familias y pacientes se movilizaron en defensa de las prestaciones para personas con discapacidad\",\"datePublished\":\"2025-05-28T23:16:11+00:00\",\"mainEntityOfPage\":{\"@id\":\"https:\\\/\\\/noticiasmercedinas.com\\\/site\\\/2025\\\/05\\\/28\\\/profesionales-familias-y-pacientes-se-movilizaron-en-defensa-de-las-prestaciones-para-personas-con-discapacidad\\\/\"},\"wordCount\":635,\"publisher\":{\"@id\":\"https:\\\/\\\/noticiasmercedinas.com\\\/site\\\/#organization\"},\"image\":{\"@id\":\"https:\\\/\\\/noticiasmercedinas.com\\\/site\\\/2025\\\/05\\\/28\\\/profesionales-familias-y-pacientes-se-movilizaron-en-defensa-de-las-prestaciones-para-personas-con-discapacidad\\\/#primaryimage\"},\"thumbnailUrl\":\"https:\\\/\\\/noticiasmercedinas.com\\\/site\\\/wp-content\\\/uploads\\\/2025\\\/05\\\/0e698c89-e2f3-466d-9d26-cb81f2a9f21b.jpg\",\"keywords\":[\"colectivo de acompa\u00f1antes terapeuticos\",\"discapacidad\",\"lucha\",\"manifestacion\",\"prestadores\",\"reclamo\",\"salud\",\"trabajadores sociales\"],\"articleSection\":[\"Sociedad\"],\"inLanguage\":\"es\"},{\"@type\":\"WebPage\",\"@id\":\"https:\\\/\\\/noticiasmercedinas.com\\\/site\\\/2025\\\/05\\\/28\\\/profesionales-familias-y-pacientes-se-movilizaron-en-defensa-de-las-prestaciones-para-personas-con-discapacidad\\\/\",\"url\":\"https:\\\/\\\/noticiasmercedinas.com\\\/site\\\/2025\\\/05\\\/28\\\/profesionales-familias-y-pacientes-se-movilizaron-en-defensa-de-las-prestaciones-para-personas-con-discapacidad\\\/\",\"name\":\"Profesionales, familias y pacientes se movilizaron en defensa de las prestaciones para personas con discapacidad\",\"isPartOf\":{\"@id\":\"https:\\\/\\\/noticiasmercedinas.com\\\/site\\\/#website\"},\"primaryImageOfPage\":{\"@id\":\"https:\\\/\\\/noticiasmercedinas.com\\\/site\\\/2025\\\/05\\\/28\\\/profesionales-familias-y-pacientes-se-movilizaron-en-defensa-de-las-prestaciones-para-personas-con-discapacidad\\\/#primaryimage\"},\"image\":{\"@id\":\"https:\\\/\\\/noticiasmercedinas.com\\\/site\\\/2025\\\/05\\\/28\\\/profesionales-familias-y-pacientes-se-movilizaron-en-defensa-de-las-prestaciones-para-personas-con-discapacidad\\\/#primaryimage\"},\"thumbnailUrl\":\"https:\\\/\\\/noticiasmercedinas.com\\\/site\\\/wp-content\\\/uploads\\\/2025\\\/05\\\/0e698c89-e2f3-466d-9d26-cb81f2a9f21b.jpg\",\"datePublished\":\"2025-05-28T23:16:11+00:00\",\"description\":\"\u25a0 \u201cNecesitamos una ley que rija nuestra prestaci\u00f3n, que es tan importante como todas las dem\u00e1s\u201d, se\u00f1alaron. Cuestionaron aranceles congelados desde diciembre de 2024 y honorarios impagos desde hace meses.\",\"breadcrumb\":{\"@id\":\"https:\\\/\\\/noticiasmercedinas.com\\\/site\\\/2025\\\/05\\\/28\\\/profesionales-familias-y-pacientes-se-movilizaron-en-defensa-de-las-prestaciones-para-personas-con-discapacidad\\\/#breadcrumb\"},\"inLanguage\":\"es\",\"potentialAction\":[{\"@type\":\"ReadAction\",\"target\":[\"https:\\\/\\\/noticiasmercedinas.com\\\/site\\\/2025\\\/05\\\/28\\\/profesionales-familias-y-pacientes-se-movilizaron-en-defensa-de-las-prestaciones-para-personas-con-discapacidad\\\/\"]}]},{\"@type\":\"ImageObject\",\"inLanguage\":\"es\",\"@id\":\"https:\\\/\\\/noticiasmercedinas.com\\\/site\\\/2025\\\/05\\\/28\\\/profesionales-familias-y-pacientes-se-movilizaron-en-defensa-de-las-prestaciones-para-personas-con-discapacidad\\\/#primaryimage\",\"url\":\"https:\\\/\\\/noticiasmercedinas.com\\\/site\\\/wp-content\\\/uploads\\\/2025\\\/05\\\/0e698c89-e2f3-466d-9d26-cb81f2a9f21b.jpg\",\"contentUrl\":\"https:\\\/\\\/noticiasmercedinas.com\\\/site\\\/wp-content\\\/uploads\\\/2025\\\/05\\\/0e698c89-e2f3-466d-9d26-cb81f2a9f21b.jpg\",\"width\":1599,\"height\":899},{\"@type\":\"BreadcrumbList\",\"@id\":\"https:\\\/\\\/noticiasmercedinas.com\\\/site\\\/2025\\\/05\\\/28\\\/profesionales-familias-y-pacientes-se-movilizaron-en-defensa-de-las-prestaciones-para-personas-con-discapacidad\\\/#breadcrumb\",\"itemListElement\":[{\"@type\":\"ListItem\",\"position\":1,\"name\":\"Portada\",\"item\":\"https:\\\/\\\/noticiasmercedinas.com\\\/site\\\/\"},{\"@type\":\"ListItem\",\"position\":2,\"name\":\"Profesionales, familias y pacientes se movilizaron en defensa de las prestaciones para personas con discapacidad\"}]},{\"@type\":\"WebSite\",\"@id\":\"https:\\\/\\\/noticiasmercedinas.com\\\/site\\\/#website\",\"url\":\"https:\\\/\\\/noticiasmercedinas.com\\\/site\\\/\",\"name\":\"NOTICIASMERCEDINAS.COM\",\"description\":\"Mercedes, Buenos Aires, Argentina\",\"publisher\":{\"@id\":\"https:\\\/\\\/noticiasmercedinas.com\\\/site\\\/#organization\"},\"potentialAction\":[{\"@type\":\"SearchAction\",\"target\":{\"@type\":\"EntryPoint\",\"urlTemplate\":\"https:\\\/\\\/noticiasmercedinas.com\\\/site\\\/?s={search_term_string}\"},\"query-input\":{\"@type\":\"PropertyValueSpecification\",\"valueRequired\":true,\"valueName\":\"search_term_string\"}}],\"inLanguage\":\"es\"},{\"@type\":\"Organization\",\"@id\":\"https:\\\/\\\/noticiasmercedinas.com\\\/site\\\/#organization\",\"name\":\"NOTICIASMERCEDINAS.COM\",\"url\":\"https:\\\/\\\/noticiasmercedinas.com\\\/site\\\/\",\"logo\":{\"@type\":\"ImageObject\",\"inLanguage\":\"es\",\"@id\":\"https:\\\/\\\/noticiasmercedinas.com\\\/site\\\/#\\\/schema\\\/logo\\\/image\\\/\",\"url\":\"https:\\\/\\\/noticiasmercedinas.com\\\/site\\\/wp-content\\\/uploads\\\/2020\\\/06\\\/LOGO-512.jpg\",\"contentUrl\":\"https:\\\/\\\/noticiasmercedinas.com\\\/site\\\/wp-content\\\/uploads\\\/2020\\\/06\\\/LOGO-512.jpg\",\"width\":512,\"height\":512,\"caption\":\"NOTICIASMERCEDINAS.COM\"},\"image\":{\"@id\":\"https:\\\/\\\/noticiasmercedinas.com\\\/site\\\/#\\\/schema\\\/logo\\\/image\\\/\"},\"sameAs\":[\"https:\\\/\\\/www.facebook.com\\\/noticiasmercedinas\\\/\",\"https:\\\/\\\/x.com\\\/notmercedinas\",\"https:\\\/\\\/www.instagram.com\\\/noticiasmercedinas\\\/\"]},{\"@type\":\"Person\",\"@id\":\"https:\\\/\\\/noticiasmercedinas.com\\\/site\\\/#\\\/schema\\\/person\\\/d481a9696a5feaec13a60e2bbd991a6a\",\"name\":\"Cristian Falabella NOTICIASMERCEDINAS.COM\",\"image\":{\"@type\":\"ImageObject\",\"inLanguage\":\"es\",\"@id\":\"https:\\\/\\\/secure.gravatar.com\\\/avatar\\\/0dbbfc45970cc46bcd0e57766228574ff3511d6eed045b182f536f0f478c1f06?s=96&d=mm&r=g\",\"url\":\"https:\\\/\\\/secure.gravatar.com\\\/avatar\\\/0dbbfc45970cc46bcd0e57766228574ff3511d6eed045b182f536f0f478c1f06?s=96&d=mm&r=g\",\"contentUrl\":\"https:\\\/\\\/secure.gravatar.com\\\/avatar\\\/0dbbfc45970cc46bcd0e57766228574ff3511d6eed045b182f536f0f478c1f06?s=96&d=mm&r=g\",\"caption\":\"Cristian Falabella NOTICIASMERCEDINAS.COM\"},\"description\":\"Periodista, editor de Noticias Mercedinas. Pas\u00f3 por varias redacciones y emprendimientos de prensa, en distintos formatos y \u00e9pocas. Se especializ\u00f3 --y sigue haci\u00e9ndolo-- en comunicaci\u00f3n en la web y en junio de 2006 fund\u00f3 este diario digital.\",\"sameAs\":[\"https:\\\/\\\/noticiasmercedinas.com\",\"https:\\\/\\\/www.facebook.com\\\/cristian.falabella\",\"https:\\\/\\\/www.instagram.com\\\/noticiasmercedinas\\\/\",\"https:\\\/\\\/x.com\\\/https:\\\/\\\/twitter.com\\\/NOTMERCEDINAS\"],\"url\":\"https:\\\/\\\/noticiasmercedinas.com\\\/site\\\/author\\\/as000384\\\/\"}]}<\/script>\n<!-- \/ Yoast SEO plugin. -->","yoast_head_json":{"title":"Profesionales, familias y pacientes se movilizaron en defensa de las prestaciones para personas con discapacidad","description":"\u25a0 \u201cNecesitamos una ley que rija nuestra prestaci\u00f3n, que es tan importante como todas las dem\u00e1s\u201d, se\u00f1alaron. Cuestionaron aranceles congelados desde diciembre de 2024 y honorarios impagos desde hace meses.","robots":{"index":"index","follow":"follow","max-snippet":"max-snippet:-1","max-image-preview":"max-image-preview:large","max-video-preview":"max-video-preview:-1"},"canonical":"https:\/\/noticiasmercedinas.com\/site\/2025\/05\/28\/profesionales-familias-y-pacientes-se-movilizaron-en-defensa-de-las-prestaciones-para-personas-con-discapacidad\/","og_locale":"es_ES","og_type":"article","og_title":"Profesionales, familias y pacientes se movilizaron en defensa de las prestaciones para personas con discapacidad","og_description":"\u25a0 \u201cNecesitamos una ley que rija nuestra prestaci\u00f3n, que es tan importante como todas las dem\u00e1s\u201d, se\u00f1alaron. Cuestionaron aranceles congelados desde diciembre de 2024 y honorarios impagos desde hace meses.","og_url":"https:\/\/noticiasmercedinas.com\/site\/2025\/05\/28\/profesionales-familias-y-pacientes-se-movilizaron-en-defensa-de-las-prestaciones-para-personas-con-discapacidad\/","og_site_name":"NOTICIASMERCEDINAS.COM","article_publisher":"https:\/\/www.facebook.com\/noticiasmercedinas\/","article_author":"https:\/\/www.facebook.com\/cristian.falabella","article_published_time":"2025-05-28T23:16:11+00:00","og_image":[{"width":1599,"height":899,"url":"https:\/\/noticiasmercedinas.com\/site\/wp-content\/uploads\/2025\/05\/0e698c89-e2f3-466d-9d26-cb81f2a9f21b.jpg","type":"image\/jpeg"}],"author":"Cristian Falabella NOTICIASMERCEDINAS.COM","twitter_card":"summary_large_image","twitter_creator":"@https:\/\/twitter.com\/NOTMERCEDINAS","twitter_site":"@notmercedinas","twitter_misc":{"Escrito por":"Cristian Falabella NOTICIASMERCEDINAS.COM","Tiempo de lectura":"4 minutos"},"schema":{"@context":"https:\/\/schema.org","@graph":[{"@type":"Article","@id":"https:\/\/noticiasmercedinas.com\/site\/2025\/05\/28\/profesionales-familias-y-pacientes-se-movilizaron-en-defensa-de-las-prestaciones-para-personas-con-discapacidad\/#article","isPartOf":{"@id":"https:\/\/noticiasmercedinas.com\/site\/2025\/05\/28\/profesionales-familias-y-pacientes-se-movilizaron-en-defensa-de-las-prestaciones-para-personas-con-discapacidad\/"},"author":{"name":"Cristian Falabella NOTICIASMERCEDINAS.COM","@id":"https:\/\/noticiasmercedinas.com\/site\/#\/schema\/person\/d481a9696a5feaec13a60e2bbd991a6a"},"headline":"Profesionales, familias y pacientes se movilizaron en defensa de las prestaciones para personas con discapacidad","datePublished":"2025-05-28T23:16:11+00:00","mainEntityOfPage":{"@id":"https:\/\/noticiasmercedinas.com\/site\/2025\/05\/28\/profesionales-familias-y-pacientes-se-movilizaron-en-defensa-de-las-prestaciones-para-personas-con-discapacidad\/"},"wordCount":635,"publisher":{"@id":"https:\/\/noticiasmercedinas.com\/site\/#organization"},"image":{"@id":"https:\/\/noticiasmercedinas.com\/site\/2025\/05\/28\/profesionales-familias-y-pacientes-se-movilizaron-en-defensa-de-las-prestaciones-para-personas-con-discapacidad\/#primaryimage"},"thumbnailUrl":"https:\/\/noticiasmercedinas.com\/site\/wp-content\/uploads\/2025\/05\/0e698c89-e2f3-466d-9d26-cb81f2a9f21b.jpg","keywords":["colectivo de acompa\u00f1antes terapeuticos","discapacidad","lucha","manifestacion","prestadores","reclamo","salud","trabajadores sociales"],"articleSection":["Sociedad"],"inLanguage":"es"},{"@type":"WebPage","@id":"https:\/\/noticiasmercedinas.com\/site\/2025\/05\/28\/profesionales-familias-y-pacientes-se-movilizaron-en-defensa-de-las-prestaciones-para-personas-con-discapacidad\/","url":"https:\/\/noticiasmercedinas.com\/site\/2025\/05\/28\/profesionales-familias-y-pacientes-se-movilizaron-en-defensa-de-las-prestaciones-para-personas-con-discapacidad\/","name":"Profesionales, familias y pacientes se movilizaron en defensa de las prestaciones para personas con discapacidad","isPartOf":{"@id":"https:\/\/noticiasmercedinas.com\/site\/#website"},"primaryImageOfPage":{"@id":"https:\/\/noticiasmercedinas.com\/site\/2025\/05\/28\/profesionales-familias-y-pacientes-se-movilizaron-en-defensa-de-las-prestaciones-para-personas-con-discapacidad\/#primaryimage"},"image":{"@id":"https:\/\/noticiasmercedinas.com\/site\/2025\/05\/28\/profesionales-familias-y-pacientes-se-movilizaron-en-defensa-de-las-prestaciones-para-personas-con-discapacidad\/#primaryimage"},"thumbnailUrl":"https:\/\/noticiasmercedinas.com\/site\/wp-content\/uploads\/2025\/05\/0e698c89-e2f3-466d-9d26-cb81f2a9f21b.jpg","datePublished":"2025-05-28T23:16:11+00:00","description":"\u25a0 \u201cNecesitamos una ley que rija nuestra prestaci\u00f3n, que es tan importante como todas las dem\u00e1s\u201d, se\u00f1alaron. Cuestionaron aranceles congelados desde diciembre de 2024 y honorarios impagos desde hace meses.","breadcrumb":{"@id":"https:\/\/noticiasmercedinas.com\/site\/2025\/05\/28\/profesionales-familias-y-pacientes-se-movilizaron-en-defensa-de-las-prestaciones-para-personas-con-discapacidad\/#breadcrumb"},"inLanguage":"es","potentialAction":[{"@type":"ReadAction","target":["https:\/\/noticiasmercedinas.com\/site\/2025\/05\/28\/profesionales-familias-y-pacientes-se-movilizaron-en-defensa-de-las-prestaciones-para-personas-con-discapacidad\/"]}]},{"@type":"ImageObject","inLanguage":"es","@id":"https:\/\/noticiasmercedinas.com\/site\/2025\/05\/28\/profesionales-familias-y-pacientes-se-movilizaron-en-defensa-de-las-prestaciones-para-personas-con-discapacidad\/#primaryimage","url":"https:\/\/noticiasmercedinas.com\/site\/wp-content\/uploads\/2025\/05\/0e698c89-e2f3-466d-9d26-cb81f2a9f21b.jpg","contentUrl":"https:\/\/noticiasmercedinas.com\/site\/wp-content\/uploads\/2025\/05\/0e698c89-e2f3-466d-9d26-cb81f2a9f21b.jpg","width":1599,"height":899},{"@type":"BreadcrumbList","@id":"https:\/\/noticiasmercedinas.com\/site\/2025\/05\/28\/profesionales-familias-y-pacientes-se-movilizaron-en-defensa-de-las-prestaciones-para-personas-con-discapacidad\/#breadcrumb","itemListElement":[{"@type":"ListItem","position":1,"name":"Portada","item":"https:\/\/noticiasmercedinas.com\/site\/"},{"@type":"ListItem","position":2,"name":"Profesionales, familias y pacientes se movilizaron en defensa de las prestaciones para personas con discapacidad"}]},{"@type":"WebSite","@id":"https:\/\/noticiasmercedinas.com\/site\/#website","url":"https:\/\/noticiasmercedinas.com\/site\/","name":"NOTICIASMERCEDINAS.COM","description":"Mercedes, Buenos Aires, Argentina","publisher":{"@id":"https:\/\/noticiasmercedinas.com\/site\/#organization"},"potentialAction":[{"@type":"SearchAction","target":{"@type":"EntryPoint","urlTemplate":"https:\/\/noticiasmercedinas.com\/site\/?s={search_term_string}"},"query-input":{"@type":"PropertyValueSpecification","valueRequired":true,"valueName":"search_term_string"}}],"inLanguage":"es"},{"@type":"Organization","@id":"https:\/\/noticiasmercedinas.com\/site\/#organization","name":"NOTICIASMERCEDINAS.COM","url":"https:\/\/noticiasmercedinas.com\/site\/","logo":{"@type":"ImageObject","inLanguage":"es","@id":"https:\/\/noticiasmercedinas.com\/site\/#\/schema\/logo\/image\/","url":"https:\/\/noticiasmercedinas.com\/site\/wp-content\/uploads\/2020\/06\/LOGO-512.jpg","contentUrl":"https:\/\/noticiasmercedinas.com\/site\/wp-content\/uploads\/2020\/06\/LOGO-512.jpg","width":512,"height":512,"caption":"NOTICIASMERCEDINAS.COM"},"image":{"@id":"https:\/\/noticiasmercedinas.com\/site\/#\/schema\/logo\/image\/"},"sameAs":["https:\/\/www.facebook.com\/noticiasmercedinas\/","https:\/\/x.com\/notmercedinas","https:\/\/www.instagram.com\/noticiasmercedinas\/"]},{"@type":"Person","@id":"https:\/\/noticiasmercedinas.com\/site\/#\/schema\/person\/d481a9696a5feaec13a60e2bbd991a6a","name":"Cristian Falabella NOTICIASMERCEDINAS.COM","image":{"@type":"ImageObject","inLanguage":"es","@id":"https:\/\/secure.gravatar.com\/avatar\/0dbbfc45970cc46bcd0e57766228574ff3511d6eed045b182f536f0f478c1f06?s=96&d=mm&r=g","url":"https:\/\/secure.gravatar.com\/avatar\/0dbbfc45970cc46bcd0e57766228574ff3511d6eed045b182f536f0f478c1f06?s=96&d=mm&r=g","contentUrl":"https:\/\/secure.gravatar.com\/avatar\/0dbbfc45970cc46bcd0e57766228574ff3511d6eed045b182f536f0f478c1f06?s=96&d=mm&r=g","caption":"Cristian Falabella NOTICIASMERCEDINAS.COM"},"description":"Periodista, editor de Noticias Mercedinas. Pas\u00f3 por varias redacciones y emprendimientos de prensa, en distintos formatos y \u00e9pocas. Se especializ\u00f3 --y sigue haci\u00e9ndolo-- en comunicaci\u00f3n en la web y en junio de 2006 fund\u00f3 este diario digital.","sameAs":["https:\/\/noticiasmercedinas.com","https:\/\/www.facebook.com\/cristian.falabella","https:\/\/www.instagram.com\/noticiasmercedinas\/","https:\/\/x.com\/https:\/\/twitter.com\/NOTMERCEDINAS"],"url":"https:\/\/noticiasmercedinas.com\/site\/author\/as000384\/"}]}},"amp_enabled":true,"_links":{"self":[{"href":"https:\/\/noticiasmercedinas.com\/site\/wp-json\/wp\/v2\/posts\/160429","targetHints":{"allow":["GET"]}}],"collection":[{"href":"https:\/\/noticiasmercedinas.com\/site\/wp-json\/wp\/v2\/posts"}],"about":[{"href":"https:\/\/noticiasmercedinas.com\/site\/wp-json\/wp\/v2\/types\/post"}],"author":[{"embeddable":true,"href":"https:\/\/noticiasmercedinas.com\/site\/wp-json\/wp\/v2\/users\/2"}],"replies":[{"embeddable":true,"href":"https:\/\/noticiasmercedinas.com\/site\/wp-json\/wp\/v2\/comments?post=160429"}],"version-history":[{"count":2,"href":"https:\/\/noticiasmercedinas.com\/site\/wp-json\/wp\/v2\/posts\/160429\/revisions"}],"predecessor-version":[{"id":160435,"href":"https:\/\/noticiasmercedinas.com\/site\/wp-json\/wp\/v2\/posts\/160429\/revisions\/160435"}],"wp:featuredmedia":[{"embeddable":true,"href":"https:\/\/noticiasmercedinas.com\/site\/wp-json\/wp\/v2\/media\/160434"}],"wp:attachment":[{"href":"https:\/\/noticiasmercedinas.com\/site\/wp-json\/wp\/v2\/media?parent=160429"}],"wp:term":[{"taxonomy":"category","embeddable":true,"href":"https:\/\/noticiasmercedinas.com\/site\/wp-json\/wp\/v2\/categories?post=160429"},{"taxonomy":"post_tag","embeddable":true,"href":"https:\/\/noticiasmercedinas.com\/site\/wp-json\/wp\/v2\/tags?post=160429"}],"curies":[{"name":"wp","href":"https:\/\/api.w.org\/{rel}","templated":true}]}}