{"id":16054,"date":"2019-04-09T15:56:44","date_gmt":"2019-04-09T18:56:44","guid":{"rendered":"https:\/\/noticiasmercedinas.com\/site\/?p=16054"},"modified":"2019-04-09T15:56:44","modified_gmt":"2019-04-09T18:56:44","slug":"reunion-en-culto-provincial-por-plan-de-refacciones-para-la-iglesia-catedral","status":"publish","type":"post","link":"https:\/\/noticiasmercedinas.com\/site\/2019\/04\/09\/reunion-en-culto-provincial-por-plan-de-refacciones-para-la-iglesia-catedral\/","title":{"rendered":"Reuni\u00f3n en Culto provincial por plan de refacciones para la Iglesia Catedral"},"content":{"rendered":"<p><img loading=\"lazy\" decoding=\"async\" class=\"alignnone size-full wp-image-16055\" src=\"https:\/\/noticiasmercedinas.com\/site\/wp-content\/uploads\/2019\/04\/98f9a4c6-8238-4b62-b1b2-6f3426c2745e.jpg\" alt=\"\" width=\"640\" height=\"338\" srcset=\"https:\/\/noticiasmercedinas.com\/site\/wp-content\/uploads\/2019\/04\/98f9a4c6-8238-4b62-b1b2-6f3426c2745e.jpg 640w, https:\/\/noticiasmercedinas.com\/site\/wp-content\/uploads\/2019\/04\/98f9a4c6-8238-4b62-b1b2-6f3426c2745e-300x158.jpg 300w\" sizes=\"auto, (max-width: 640px) 100vw, 640px\" \/><\/p>\n<p>El licenciado en Comunicaci\u00f3n Social, Walter Gim\u00e9nez, recibi\u00f3 a una comitiva mercedina en la Direcci\u00f3n de Culto de la provincia, dependiente de la Secretar\u00eda General de la Gobernaci\u00f3n, para avanzar en la idea de poder realizar las reparaciones necesarias para la Iglesia Catedral.<\/p>\n<p>La reuni\u00f3n fue concertada con la Direcci\u00f3n de Culto de la provincia de Buenos Aires donde los mercedinos \u2013entre los que estuvieron Omar Gonz\u00e1lez, el cura p\u00e1rroco Juan Carlos Bouzou y la presidente del Consejo Escolar, Ana Darritchon\u2013 fueron recibidos por su titular Walter Gim\u00e9nez y el subsecretario Walter Mendoza.<\/p>\n<p>\u201cAcordamos que nos van a dar una mano en esta idea de restauraci\u00f3n de la Iglesia Catedral. Ver\u00e1n si se puede hacer por etapas\u201d, coment\u00f3 al respecto Omar Gonz\u00e1lez. \u201cEl martes ir\u00e1n a Mercedes los arquitectos de la provincia para evaluar todo lo que es el arreglo de la Catedral y nosotros tenemos que preparar <a href=\"https:\/\/noticiasmercedinas.com\/site\/2019\/03\/29\/comienzan-a-evaluar-mantenimiento-de-trabajos-de-restauracion-en-la-iglesia-catedral\/\" target=\"_blank\" rel=\"noopener\"><strong>la evaluaci\u00f3n que hizo la empresa Dorfler<\/strong><\/a>, para ver si luego la har\u00e1 esa u otra empresa\u201d, agreg\u00f3 Gonz\u00e1lez.<\/p>\n<p>Por lo pronto se supo que en la <strong><a href=\"https:\/\/noticiasmercedinas.com\/site\/2019\/04\/04\/el-nuncio-apostolico-estara-en-mercedes-el-domingo-de-ramos\/\" target=\"_blank\" rel=\"noopener\">misa en la que estar\u00e1 el nuncio apost\u00f3lico<\/a><\/strong>, este domingo Walter Jim\u00e9nez, participar\u00e1 lleg\u00e1ndose a Mercedes.<\/p>\n<p><img loading=\"lazy\" decoding=\"async\" class=\"alignnone size-full wp-image-16056\" src=\"https:\/\/noticiasmercedinas.com\/site\/wp-content\/uploads\/2019\/04\/a391cf8f-8bea-4a75-935e-fb9f3fe37af4.jpg\" alt=\"\" width=\"640\" height=\"378\" srcset=\"https:\/\/noticiasmercedinas.com\/site\/wp-content\/uploads\/2019\/04\/a391cf8f-8bea-4a75-935e-fb9f3fe37af4.jpg 640w, https:\/\/noticiasmercedinas.com\/site\/wp-content\/uploads\/2019\/04\/a391cf8f-8bea-4a75-935e-fb9f3fe37af4-300x177.jpg 300w\" sizes=\"auto, (max-width: 640px) 100vw, 640px\" \/><\/p>\n","protected":false},"excerpt":{"rendered":"<p>El licenciado en Comunicaci\u00f3n Social, Walter Gim\u00e9nez, recibi\u00f3 a una comitiva mercedina en la Direcci\u00f3n de Culto de la provincia, dependiente de la Secretar\u00eda General de la Gobernaci\u00f3n, para avanzar en la idea de poder realizar las reparaciones necesarias para la Iglesia Catedral. La reuni\u00f3n fue concertada con la Direcci\u00f3n de Culto de la provincia [&hellip;]<\/p>\n","protected":false},"author":2,"featured_media":16055,"comment_status":"open","ping_status":"open","sticky":false,"template":"","format":"standard","meta":{"footnotes":""},"categories":[3],"tags":[815,4276,788,3555,1147,4277],"class_list":["post-16054","post","type-post","status-publish","format-standard","has-post-thumbnail","hentry","category-sociedad","tag-ana-darritchon","tag-culto","tag-iglesia-catedral","tag-juan-carlos-bouzou","tag-omar-gonzalez","tag-techos-dorfler"],"yoast_head":"<!-- This site is optimized with the Yoast SEO plugin v27.5 - https:\/\/yoast.com\/product\/yoast-seo-wordpress\/ -->\n<title>Reuni\u00f3n en Culto provincial por plan de refacciones para la Iglesia Catedral<\/title>\n<meta name=\"robots\" content=\"index, follow, max-snippet:-1, max-image-preview:large, max-video-preview:-1\" \/>\n<link rel=\"canonical\" href=\"https:\/\/noticiasmercedinas.com\/site\/2019\/04\/09\/reunion-en-culto-provincial-por-plan-de-refacciones-para-la-iglesia-catedral\/\" \/>\n<meta property=\"og:locale\" content=\"es_ES\" \/>\n<meta property=\"og:type\" content=\"article\" \/>\n<meta property=\"og:title\" content=\"Reuni\u00f3n en Culto provincial por plan de refacciones para la Iglesia Catedral\" \/>\n<meta property=\"og:description\" content=\"El licenciado en Comunicaci\u00f3n Social, Walter Gim\u00e9nez, recibi\u00f3 a una comitiva mercedina en la Direcci\u00f3n de Culto de la provincia, dependiente de la Secretar\u00eda General de la Gobernaci\u00f3n, para avanzar en la idea de poder realizar las reparaciones necesarias para la Iglesia Catedral. La reuni\u00f3n fue concertada con la Direcci\u00f3n de Culto de la provincia [&hellip;]\" \/>\n<meta property=\"og:url\" content=\"https:\/\/noticiasmercedinas.com\/site\/2019\/04\/09\/reunion-en-culto-provincial-por-plan-de-refacciones-para-la-iglesia-catedral\/\" \/>\n<meta property=\"og:site_name\" content=\"NOTICIASMERCEDINAS.COM\" \/>\n<meta property=\"article:publisher\" content=\"https:\/\/www.facebook.com\/noticiasmercedinas\/\" \/>\n<meta property=\"article:author\" content=\"https:\/\/www.facebook.com\/cristian.falabella\" \/>\n<meta property=\"article:published_time\" content=\"2019-04-09T18:56:44+00:00\" \/>\n<meta property=\"og:image\" content=\"https:\/\/noticiasmercedinas.com\/site\/wp-content\/uploads\/2019\/04\/98f9a4c6-8238-4b62-b1b2-6f3426c2745e.jpg\" \/>\n\t<meta property=\"og:image:width\" content=\"640\" \/>\n\t<meta property=\"og:image:height\" content=\"338\" \/>\n\t<meta property=\"og:image:type\" content=\"image\/jpeg\" \/>\n<meta name=\"author\" content=\"Cristian Falabella NOTICIASMERCEDINAS.COM\" \/>\n<meta name=\"twitter:card\" content=\"summary_large_image\" \/>\n<meta name=\"twitter:creator\" content=\"@https:\/\/twitter.com\/NOTMERCEDINAS\" \/>\n<meta name=\"twitter:site\" content=\"@notmercedinas\" \/>\n<meta name=\"twitter:label1\" content=\"Escrito por\" \/>\n\t<meta name=\"twitter:data1\" content=\"Cristian Falabella NOTICIASMERCEDINAS.COM\" \/>\n\t<meta name=\"twitter:label2\" content=\"Tiempo de lectura\" \/>\n\t<meta name=\"twitter:data2\" content=\"1 minuto\" \/>\n<script type=\"application\/ld+json\" class=\"yoast-schema-graph\">{\"@context\":\"https:\\\/\\\/schema.org\",\"@graph\":[{\"@type\":\"Article\",\"@id\":\"https:\\\/\\\/noticiasmercedinas.com\\\/site\\\/2019\\\/04\\\/09\\\/reunion-en-culto-provincial-por-plan-de-refacciones-para-la-iglesia-catedral\\\/#article\",\"isPartOf\":{\"@id\":\"https:\\\/\\\/noticiasmercedinas.com\\\/site\\\/2019\\\/04\\\/09\\\/reunion-en-culto-provincial-por-plan-de-refacciones-para-la-iglesia-catedral\\\/\"},\"author\":{\"name\":\"Cristian Falabella NOTICIASMERCEDINAS.COM\",\"@id\":\"https:\\\/\\\/noticiasmercedinas.com\\\/site\\\/#\\\/schema\\\/person\\\/d481a9696a5feaec13a60e2bbd991a6a\"},\"headline\":\"Reuni\u00f3n en Culto provincial por plan de refacciones para la Iglesia Catedral\",\"datePublished\":\"2019-04-09T18:56:44+00:00\",\"mainEntityOfPage\":{\"@id\":\"https:\\\/\\\/noticiasmercedinas.com\\\/site\\\/2019\\\/04\\\/09\\\/reunion-en-culto-provincial-por-plan-de-refacciones-para-la-iglesia-catedral\\\/\"},\"wordCount\":223,\"commentCount\":0,\"publisher\":{\"@id\":\"https:\\\/\\\/noticiasmercedinas.com\\\/site\\\/#organization\"},\"image\":{\"@id\":\"https:\\\/\\\/noticiasmercedinas.com\\\/site\\\/2019\\\/04\\\/09\\\/reunion-en-culto-provincial-por-plan-de-refacciones-para-la-iglesia-catedral\\\/#primaryimage\"},\"thumbnailUrl\":\"https:\\\/\\\/noticiasmercedinas.com\\\/site\\\/wp-content\\\/uploads\\\/2019\\\/04\\\/98f9a4c6-8238-4b62-b1b2-6f3426c2745e.jpg\",\"keywords\":[\"Ana Darritchon\",\"culto\",\"iglesia catedral\",\"juan carlos bouzou\",\"omar gonzalez\",\"techos dorfler\"],\"articleSection\":[\"Sociedad\"],\"inLanguage\":\"es\",\"potentialAction\":[{\"@type\":\"CommentAction\",\"name\":\"Comment\",\"target\":[\"https:\\\/\\\/noticiasmercedinas.com\\\/site\\\/2019\\\/04\\\/09\\\/reunion-en-culto-provincial-por-plan-de-refacciones-para-la-iglesia-catedral\\\/#respond\"]}]},{\"@type\":\"WebPage\",\"@id\":\"https:\\\/\\\/noticiasmercedinas.com\\\/site\\\/2019\\\/04\\\/09\\\/reunion-en-culto-provincial-por-plan-de-refacciones-para-la-iglesia-catedral\\\/\",\"url\":\"https:\\\/\\\/noticiasmercedinas.com\\\/site\\\/2019\\\/04\\\/09\\\/reunion-en-culto-provincial-por-plan-de-refacciones-para-la-iglesia-catedral\\\/\",\"name\":\"Reuni\u00f3n en Culto provincial por plan de refacciones para la Iglesia Catedral\",\"isPartOf\":{\"@id\":\"https:\\\/\\\/noticiasmercedinas.com\\\/site\\\/#website\"},\"primaryImageOfPage\":{\"@id\":\"https:\\\/\\\/noticiasmercedinas.com\\\/site\\\/2019\\\/04\\\/09\\\/reunion-en-culto-provincial-por-plan-de-refacciones-para-la-iglesia-catedral\\\/#primaryimage\"},\"image\":{\"@id\":\"https:\\\/\\\/noticiasmercedinas.com\\\/site\\\/2019\\\/04\\\/09\\\/reunion-en-culto-provincial-por-plan-de-refacciones-para-la-iglesia-catedral\\\/#primaryimage\"},\"thumbnailUrl\":\"https:\\\/\\\/noticiasmercedinas.com\\\/site\\\/wp-content\\\/uploads\\\/2019\\\/04\\\/98f9a4c6-8238-4b62-b1b2-6f3426c2745e.jpg\",\"datePublished\":\"2019-04-09T18:56:44+00:00\",\"breadcrumb\":{\"@id\":\"https:\\\/\\\/noticiasmercedinas.com\\\/site\\\/2019\\\/04\\\/09\\\/reunion-en-culto-provincial-por-plan-de-refacciones-para-la-iglesia-catedral\\\/#breadcrumb\"},\"inLanguage\":\"es\",\"potentialAction\":[{\"@type\":\"ReadAction\",\"target\":[\"https:\\\/\\\/noticiasmercedinas.com\\\/site\\\/2019\\\/04\\\/09\\\/reunion-en-culto-provincial-por-plan-de-refacciones-para-la-iglesia-catedral\\\/\"]}]},{\"@type\":\"ImageObject\",\"inLanguage\":\"es\",\"@id\":\"https:\\\/\\\/noticiasmercedinas.com\\\/site\\\/2019\\\/04\\\/09\\\/reunion-en-culto-provincial-por-plan-de-refacciones-para-la-iglesia-catedral\\\/#primaryimage\",\"url\":\"https:\\\/\\\/noticiasmercedinas.com\\\/site\\\/wp-content\\\/uploads\\\/2019\\\/04\\\/98f9a4c6-8238-4b62-b1b2-6f3426c2745e.jpg\",\"contentUrl\":\"https:\\\/\\\/noticiasmercedinas.com\\\/site\\\/wp-content\\\/uploads\\\/2019\\\/04\\\/98f9a4c6-8238-4b62-b1b2-6f3426c2745e.jpg\",\"width\":640,\"height\":338},{\"@type\":\"BreadcrumbList\",\"@id\":\"https:\\\/\\\/noticiasmercedinas.com\\\/site\\\/2019\\\/04\\\/09\\\/reunion-en-culto-provincial-por-plan-de-refacciones-para-la-iglesia-catedral\\\/#breadcrumb\",\"itemListElement\":[{\"@type\":\"ListItem\",\"position\":1,\"name\":\"Portada\",\"item\":\"https:\\\/\\\/noticiasmercedinas.com\\\/site\\\/\"},{\"@type\":\"ListItem\",\"position\":2,\"name\":\"Reuni\u00f3n en Culto provincial por plan de refacciones para la Iglesia Catedral\"}]},{\"@type\":\"WebSite\",\"@id\":\"https:\\\/\\\/noticiasmercedinas.com\\\/site\\\/#website\",\"url\":\"https:\\\/\\\/noticiasmercedinas.com\\\/site\\\/\",\"name\":\"NOTICIASMERCEDINAS.COM\",\"description\":\"Mercedes, Buenos Aires, Argentina\",\"publisher\":{\"@id\":\"https:\\\/\\\/noticiasmercedinas.com\\\/site\\\/#organization\"},\"potentialAction\":[{\"@type\":\"SearchAction\",\"target\":{\"@type\":\"EntryPoint\",\"urlTemplate\":\"https:\\\/\\\/noticiasmercedinas.com\\\/site\\\/?s={search_term_string}\"},\"query-input\":{\"@type\":\"PropertyValueSpecification\",\"valueRequired\":true,\"valueName\":\"search_term_string\"}}],\"inLanguage\":\"es\"},{\"@type\":\"Organization\",\"@id\":\"https:\\\/\\\/noticiasmercedinas.com\\\/site\\\/#organization\",\"name\":\"NOTICIASMERCEDINAS.COM\",\"url\":\"https:\\\/\\\/noticiasmercedinas.com\\\/site\\\/\",\"logo\":{\"@type\":\"ImageObject\",\"inLanguage\":\"es\",\"@id\":\"https:\\\/\\\/noticiasmercedinas.com\\\/site\\\/#\\\/schema\\\/logo\\\/image\\\/\",\"url\":\"https:\\\/\\\/noticiasmercedinas.com\\\/site\\\/wp-content\\\/uploads\\\/2020\\\/06\\\/LOGO-512.jpg\",\"contentUrl\":\"https:\\\/\\\/noticiasmercedinas.com\\\/site\\\/wp-content\\\/uploads\\\/2020\\\/06\\\/LOGO-512.jpg\",\"width\":512,\"height\":512,\"caption\":\"NOTICIASMERCEDINAS.COM\"},\"image\":{\"@id\":\"https:\\\/\\\/noticiasmercedinas.com\\\/site\\\/#\\\/schema\\\/logo\\\/image\\\/\"},\"sameAs\":[\"https:\\\/\\\/www.facebook.com\\\/noticiasmercedinas\\\/\",\"https:\\\/\\\/x.com\\\/notmercedinas\",\"https:\\\/\\\/www.instagram.com\\\/noticiasmercedinas\\\/\"]},{\"@type\":\"Person\",\"@id\":\"https:\\\/\\\/noticiasmercedinas.com\\\/site\\\/#\\\/schema\\\/person\\\/d481a9696a5feaec13a60e2bbd991a6a\",\"name\":\"Cristian Falabella NOTICIASMERCEDINAS.COM\",\"image\":{\"@type\":\"ImageObject\",\"inLanguage\":\"es\",\"@id\":\"https:\\\/\\\/secure.gravatar.com\\\/avatar\\\/0dbbfc45970cc46bcd0e57766228574ff3511d6eed045b182f536f0f478c1f06?s=96&d=mm&r=g\",\"url\":\"https:\\\/\\\/secure.gravatar.com\\\/avatar\\\/0dbbfc45970cc46bcd0e57766228574ff3511d6eed045b182f536f0f478c1f06?s=96&d=mm&r=g\",\"contentUrl\":\"https:\\\/\\\/secure.gravatar.com\\\/avatar\\\/0dbbfc45970cc46bcd0e57766228574ff3511d6eed045b182f536f0f478c1f06?s=96&d=mm&r=g\",\"caption\":\"Cristian Falabella NOTICIASMERCEDINAS.COM\"},\"description\":\"Periodista, editor de Noticias Mercedinas. Pas\u00f3 por varias redacciones y emprendimientos de prensa, en distintos formatos y \u00e9pocas. Se especializ\u00f3 --y sigue haci\u00e9ndolo-- en comunicaci\u00f3n en la web y en junio de 2006 fund\u00f3 este diario digital.\",\"sameAs\":[\"https:\\\/\\\/noticiasmercedinas.com\",\"https:\\\/\\\/www.facebook.com\\\/cristian.falabella\",\"https:\\\/\\\/www.instagram.com\\\/noticiasmercedinas\\\/\",\"https:\\\/\\\/x.com\\\/https:\\\/\\\/twitter.com\\\/NOTMERCEDINAS\"],\"url\":\"https:\\\/\\\/noticiasmercedinas.com\\\/site\\\/author\\\/as000384\\\/\"}]}<\/script>\n<!-- \/ Yoast SEO plugin. -->","yoast_head_json":{"title":"Reuni\u00f3n en Culto provincial por plan de refacciones para la Iglesia Catedral","robots":{"index":"index","follow":"follow","max-snippet":"max-snippet:-1","max-image-preview":"max-image-preview:large","max-video-preview":"max-video-preview:-1"},"canonical":"https:\/\/noticiasmercedinas.com\/site\/2019\/04\/09\/reunion-en-culto-provincial-por-plan-de-refacciones-para-la-iglesia-catedral\/","og_locale":"es_ES","og_type":"article","og_title":"Reuni\u00f3n en Culto provincial por plan de refacciones para la Iglesia Catedral","og_description":"El licenciado en Comunicaci\u00f3n Social, Walter Gim\u00e9nez, recibi\u00f3 a una comitiva mercedina en la Direcci\u00f3n de Culto de la provincia, dependiente de la Secretar\u00eda General de la Gobernaci\u00f3n, para avanzar en la idea de poder realizar las reparaciones necesarias para la Iglesia Catedral. La reuni\u00f3n fue concertada con la Direcci\u00f3n de Culto de la provincia [&hellip;]","og_url":"https:\/\/noticiasmercedinas.com\/site\/2019\/04\/09\/reunion-en-culto-provincial-por-plan-de-refacciones-para-la-iglesia-catedral\/","og_site_name":"NOTICIASMERCEDINAS.COM","article_publisher":"https:\/\/www.facebook.com\/noticiasmercedinas\/","article_author":"https:\/\/www.facebook.com\/cristian.falabella","article_published_time":"2019-04-09T18:56:44+00:00","og_image":[{"width":640,"height":338,"url":"https:\/\/noticiasmercedinas.com\/site\/wp-content\/uploads\/2019\/04\/98f9a4c6-8238-4b62-b1b2-6f3426c2745e.jpg","type":"image\/jpeg"}],"author":"Cristian Falabella NOTICIASMERCEDINAS.COM","twitter_card":"summary_large_image","twitter_creator":"@https:\/\/twitter.com\/NOTMERCEDINAS","twitter_site":"@notmercedinas","twitter_misc":{"Escrito por":"Cristian Falabella NOTICIASMERCEDINAS.COM","Tiempo de lectura":"1 minuto"},"schema":{"@context":"https:\/\/schema.org","@graph":[{"@type":"Article","@id":"https:\/\/noticiasmercedinas.com\/site\/2019\/04\/09\/reunion-en-culto-provincial-por-plan-de-refacciones-para-la-iglesia-catedral\/#article","isPartOf":{"@id":"https:\/\/noticiasmercedinas.com\/site\/2019\/04\/09\/reunion-en-culto-provincial-por-plan-de-refacciones-para-la-iglesia-catedral\/"},"author":{"name":"Cristian Falabella NOTICIASMERCEDINAS.COM","@id":"https:\/\/noticiasmercedinas.com\/site\/#\/schema\/person\/d481a9696a5feaec13a60e2bbd991a6a"},"headline":"Reuni\u00f3n en Culto provincial por plan de refacciones para la Iglesia Catedral","datePublished":"2019-04-09T18:56:44+00:00","mainEntityOfPage":{"@id":"https:\/\/noticiasmercedinas.com\/site\/2019\/04\/09\/reunion-en-culto-provincial-por-plan-de-refacciones-para-la-iglesia-catedral\/"},"wordCount":223,"commentCount":0,"publisher":{"@id":"https:\/\/noticiasmercedinas.com\/site\/#organization"},"image":{"@id":"https:\/\/noticiasmercedinas.com\/site\/2019\/04\/09\/reunion-en-culto-provincial-por-plan-de-refacciones-para-la-iglesia-catedral\/#primaryimage"},"thumbnailUrl":"https:\/\/noticiasmercedinas.com\/site\/wp-content\/uploads\/2019\/04\/98f9a4c6-8238-4b62-b1b2-6f3426c2745e.jpg","keywords":["Ana Darritchon","culto","iglesia catedral","juan carlos bouzou","omar gonzalez","techos dorfler"],"articleSection":["Sociedad"],"inLanguage":"es","potentialAction":[{"@type":"CommentAction","name":"Comment","target":["https:\/\/noticiasmercedinas.com\/site\/2019\/04\/09\/reunion-en-culto-provincial-por-plan-de-refacciones-para-la-iglesia-catedral\/#respond"]}]},{"@type":"WebPage","@id":"https:\/\/noticiasmercedinas.com\/site\/2019\/04\/09\/reunion-en-culto-provincial-por-plan-de-refacciones-para-la-iglesia-catedral\/","url":"https:\/\/noticiasmercedinas.com\/site\/2019\/04\/09\/reunion-en-culto-provincial-por-plan-de-refacciones-para-la-iglesia-catedral\/","name":"Reuni\u00f3n en Culto provincial por plan de refacciones para la Iglesia Catedral","isPartOf":{"@id":"https:\/\/noticiasmercedinas.com\/site\/#website"},"primaryImageOfPage":{"@id":"https:\/\/noticiasmercedinas.com\/site\/2019\/04\/09\/reunion-en-culto-provincial-por-plan-de-refacciones-para-la-iglesia-catedral\/#primaryimage"},"image":{"@id":"https:\/\/noticiasmercedinas.com\/site\/2019\/04\/09\/reunion-en-culto-provincial-por-plan-de-refacciones-para-la-iglesia-catedral\/#primaryimage"},"thumbnailUrl":"https:\/\/noticiasmercedinas.com\/site\/wp-content\/uploads\/2019\/04\/98f9a4c6-8238-4b62-b1b2-6f3426c2745e.jpg","datePublished":"2019-04-09T18:56:44+00:00","breadcrumb":{"@id":"https:\/\/noticiasmercedinas.com\/site\/2019\/04\/09\/reunion-en-culto-provincial-por-plan-de-refacciones-para-la-iglesia-catedral\/#breadcrumb"},"inLanguage":"es","potentialAction":[{"@type":"ReadAction","target":["https:\/\/noticiasmercedinas.com\/site\/2019\/04\/09\/reunion-en-culto-provincial-por-plan-de-refacciones-para-la-iglesia-catedral\/"]}]},{"@type":"ImageObject","inLanguage":"es","@id":"https:\/\/noticiasmercedinas.com\/site\/2019\/04\/09\/reunion-en-culto-provincial-por-plan-de-refacciones-para-la-iglesia-catedral\/#primaryimage","url":"https:\/\/noticiasmercedinas.com\/site\/wp-content\/uploads\/2019\/04\/98f9a4c6-8238-4b62-b1b2-6f3426c2745e.jpg","contentUrl":"https:\/\/noticiasmercedinas.com\/site\/wp-content\/uploads\/2019\/04\/98f9a4c6-8238-4b62-b1b2-6f3426c2745e.jpg","width":640,"height":338},{"@type":"BreadcrumbList","@id":"https:\/\/noticiasmercedinas.com\/site\/2019\/04\/09\/reunion-en-culto-provincial-por-plan-de-refacciones-para-la-iglesia-catedral\/#breadcrumb","itemListElement":[{"@type":"ListItem","position":1,"name":"Portada","item":"https:\/\/noticiasmercedinas.com\/site\/"},{"@type":"ListItem","position":2,"name":"Reuni\u00f3n en Culto provincial por plan de refacciones para la Iglesia Catedral"}]},{"@type":"WebSite","@id":"https:\/\/noticiasmercedinas.com\/site\/#website","url":"https:\/\/noticiasmercedinas.com\/site\/","name":"NOTICIASMERCEDINAS.COM","description":"Mercedes, Buenos Aires, Argentina","publisher":{"@id":"https:\/\/noticiasmercedinas.com\/site\/#organization"},"potentialAction":[{"@type":"SearchAction","target":{"@type":"EntryPoint","urlTemplate":"https:\/\/noticiasmercedinas.com\/site\/?s={search_term_string}"},"query-input":{"@type":"PropertyValueSpecification","valueRequired":true,"valueName":"search_term_string"}}],"inLanguage":"es"},{"@type":"Organization","@id":"https:\/\/noticiasmercedinas.com\/site\/#organization","name":"NOTICIASMERCEDINAS.COM","url":"https:\/\/noticiasmercedinas.com\/site\/","logo":{"@type":"ImageObject","inLanguage":"es","@id":"https:\/\/noticiasmercedinas.com\/site\/#\/schema\/logo\/image\/","url":"https:\/\/noticiasmercedinas.com\/site\/wp-content\/uploads\/2020\/06\/LOGO-512.jpg","contentUrl":"https:\/\/noticiasmercedinas.com\/site\/wp-content\/uploads\/2020\/06\/LOGO-512.jpg","width":512,"height":512,"caption":"NOTICIASMERCEDINAS.COM"},"image":{"@id":"https:\/\/noticiasmercedinas.com\/site\/#\/schema\/logo\/image\/"},"sameAs":["https:\/\/www.facebook.com\/noticiasmercedinas\/","https:\/\/x.com\/notmercedinas","https:\/\/www.instagram.com\/noticiasmercedinas\/"]},{"@type":"Person","@id":"https:\/\/noticiasmercedinas.com\/site\/#\/schema\/person\/d481a9696a5feaec13a60e2bbd991a6a","name":"Cristian Falabella NOTICIASMERCEDINAS.COM","image":{"@type":"ImageObject","inLanguage":"es","@id":"https:\/\/secure.gravatar.com\/avatar\/0dbbfc45970cc46bcd0e57766228574ff3511d6eed045b182f536f0f478c1f06?s=96&d=mm&r=g","url":"https:\/\/secure.gravatar.com\/avatar\/0dbbfc45970cc46bcd0e57766228574ff3511d6eed045b182f536f0f478c1f06?s=96&d=mm&r=g","contentUrl":"https:\/\/secure.gravatar.com\/avatar\/0dbbfc45970cc46bcd0e57766228574ff3511d6eed045b182f536f0f478c1f06?s=96&d=mm&r=g","caption":"Cristian Falabella NOTICIASMERCEDINAS.COM"},"description":"Periodista, editor de Noticias Mercedinas. Pas\u00f3 por varias redacciones y emprendimientos de prensa, en distintos formatos y \u00e9pocas. Se especializ\u00f3 --y sigue haci\u00e9ndolo-- en comunicaci\u00f3n en la web y en junio de 2006 fund\u00f3 este diario digital.","sameAs":["https:\/\/noticiasmercedinas.com","https:\/\/www.facebook.com\/cristian.falabella","https:\/\/www.instagram.com\/noticiasmercedinas\/","https:\/\/x.com\/https:\/\/twitter.com\/NOTMERCEDINAS"],"url":"https:\/\/noticiasmercedinas.com\/site\/author\/as000384\/"}]}},"amp_enabled":true,"_links":{"self":[{"href":"https:\/\/noticiasmercedinas.com\/site\/wp-json\/wp\/v2\/posts\/16054","targetHints":{"allow":["GET"]}}],"collection":[{"href":"https:\/\/noticiasmercedinas.com\/site\/wp-json\/wp\/v2\/posts"}],"about":[{"href":"https:\/\/noticiasmercedinas.com\/site\/wp-json\/wp\/v2\/types\/post"}],"author":[{"embeddable":true,"href":"https:\/\/noticiasmercedinas.com\/site\/wp-json\/wp\/v2\/users\/2"}],"replies":[{"embeddable":true,"href":"https:\/\/noticiasmercedinas.com\/site\/wp-json\/wp\/v2\/comments?post=16054"}],"version-history":[{"count":1,"href":"https:\/\/noticiasmercedinas.com\/site\/wp-json\/wp\/v2\/posts\/16054\/revisions"}],"predecessor-version":[{"id":16057,"href":"https:\/\/noticiasmercedinas.com\/site\/wp-json\/wp\/v2\/posts\/16054\/revisions\/16057"}],"wp:featuredmedia":[{"embeddable":true,"href":"https:\/\/noticiasmercedinas.com\/site\/wp-json\/wp\/v2\/media\/16055"}],"wp:attachment":[{"href":"https:\/\/noticiasmercedinas.com\/site\/wp-json\/wp\/v2\/media?parent=16054"}],"wp:term":[{"taxonomy":"category","embeddable":true,"href":"https:\/\/noticiasmercedinas.com\/site\/wp-json\/wp\/v2\/categories?post=16054"},{"taxonomy":"post_tag","embeddable":true,"href":"https:\/\/noticiasmercedinas.com\/site\/wp-json\/wp\/v2\/tags?post=16054"}],"curies":[{"name":"wp","href":"https:\/\/api.w.org\/{rel}","templated":true}]}}