{"id":160673,"date":"2025-06-01T11:30:03","date_gmt":"2025-06-01T14:30:03","guid":{"rendered":"https:\/\/noticiasmercedinas.com\/site\/?p=160673"},"modified":"2025-06-02T12:10:01","modified_gmt":"2025-06-02T15:10:01","slug":"horacio-lavandera-el-concierto-no-empieza-y-termina-en-el-escenario","status":"publish","type":"post","link":"https:\/\/noticiasmercedinas.com\/site\/2025\/06\/01\/horacio-lavandera-el-concierto-no-empieza-y-termina-en-el-escenario\/","title":{"rendered":"Horacio Lavandera: \u00abEl concierto no empieza y termina en el escenario\u00bb"},"content":{"rendered":"<p><img loading=\"lazy\" decoding=\"async\" class=\"alignnone size-full wp-image-160674\" src=\"https:\/\/noticiasmercedinas.com\/site\/wp-content\/uploads\/2025\/06\/LAVANDERA.jpg\" alt=\"\" width=\"640\" height=\"348\" srcset=\"https:\/\/noticiasmercedinas.com\/site\/wp-content\/uploads\/2025\/06\/LAVANDERA.jpg 640w, https:\/\/noticiasmercedinas.com\/site\/wp-content\/uploads\/2025\/06\/LAVANDERA-300x163.jpg 300w\" sizes=\"auto, (max-width: 640px) 100vw, 640px\" \/><\/p>\n<p>Horacio Lavandera en Mercedes invit\u00f3 a ser parte de un viaje musical entre lo eterno y lo contempor\u00e1neo.\u00a0Este s\u00e1bado 31 de mayo, el reconocido pianista argentino ofreci\u00f3 un concierto memorable en el auditorio del Colegio Nacional Florentino Ameghino, en el marco del ciclo Pro Arte Mercedes. El recital, titulado \u00abSonidos de lo Eterno\u00bb, combin\u00f3 obras cl\u00e1sicas con arreglos de rock y pop, reflejando la versatilidad y profundidad art\u00edstica de Lavandera.<\/p>\n<p>Nacido en Buenos Aires en 1984, Horacio Lavandera es considerado uno de los pianistas m\u00e1s destacados de su generaci\u00f3n. A los 16 a\u00f1os, gan\u00f3 el III Concurso Internacional de Piano Umberto Micheli en el Teatro alla Scala de Mil\u00e1n, siendo el competidor m\u00e1s joven en obtener este prestigioso galard\u00f3n. Desde entonces, ha actuado en importantes escenarios de Am\u00e9rica, Europa y Asia, y ha colaborado con compositores contempor\u00e1neos como Karlheinz Stockhausen y Mauricio Kagel. Adem\u00e1s de su carrera internacional, Lavandera ha sido galardonado en m\u00faltiples ocasiones, incluyendo el Premio Konex en 2009 como uno de los mejores int\u00e9rpretes de m\u00fasica cl\u00e1sica de la d\u00e9cada.<\/p>\n<p>Tras el concierto en Mercedes, Lavandera dialog\u00f3 con <em>Noticias Mercedinas<\/em> sobre su experiencia en la ciudad y su enfoque art\u00edstico.<\/p>\n<p><strong>\u00bfEs la primera vez que ven\u00eds a Mercedes?<\/strong><\/p>\n<p>S\u00ed, es la primera vez que estoy en Mercedes.<\/p>\n<p><strong>Durante el concierto mencionaste que una de las piezas era un resumen de la m\u00fasica universal. \u00bfPod\u00e9s contarnos m\u00e1s?<\/strong><\/p>\n<p>Claro, es una frase de Hans von B\u00fclow sobre las tres \u00faltimas variaciones de las Variaciones Diabelli de Beethoven. Una es un largo muy lamentoso, muy doloroso; luego hay una fuga brillante, como la creaci\u00f3n del universo; y por \u00faltimo, un minueto que retrata a su Amada Inmortal. La segunda parte tiene mucho que ver con la eternidad.<\/p>\n<p><strong>\u00bfQu\u00e9 te pareci\u00f3 la sala del ex Colegio Nacional, el p\u00fablico, el piano?<\/strong><\/p>\n<p>Una maravilla. La sala tiene una ac\u00fastica excepcional, comparable a las mejores salas de Europa. Estuve 17 a\u00f1os viviendo all\u00e1, as\u00ed que s\u00e9 de lo que hablo. El piano, una maravilla tambi\u00e9n.<\/p>\n<blockquote><p>\u00abHasta su fallecimiento en 2020, mi padre estuvo siempre conmigo. Incluso semanas antes de fallecer, me hac\u00eda observaciones detalladas sobre mi interpretaci\u00f3n. Me marc\u00f3 desde muy peque\u00f1o, acompa\u00f1\u00e1ndome especialmente desde los 12 a\u00f1os\u00bb.<\/p><\/blockquote>\n<p><strong>\u00bfQu\u00e9 signific\u00f3 tu padre y tambi\u00e9n m\u00fasico Jos\u00e9 Mar\u00eda Lavandera en tu vida art\u00edstica?<\/strong><\/p>\n<p>Hasta su fallecimiento en 2020, estuvo siempre conmigo. Incluso semanas antes de fallecer, me hac\u00eda observaciones detalladas sobre mi interpretaci\u00f3n. Me marc\u00f3 desde muy peque\u00f1o, acompa\u00f1\u00e1ndome especialmente desde los 12 a\u00f1os.<\/p>\n<p><strong>\u00bfPor qu\u00e9 mezclar el rock con la m\u00fasica cl\u00e1sica en tus conciertos?<\/strong><\/p>\n<p>Fue una idea que surgi\u00f3 el a\u00f1o pasado dialogando con mi manager. Es la primera vez que toco rock, lo cual requiere una preparaci\u00f3n t\u00e9cnica distinta. Siempre busqu\u00e9 contrastar la m\u00fasica cl\u00e1sica con otros g\u00e9neros, y ahora lo hago de manera m\u00e1s consciente como un sello personal.<\/p>\n<blockquote><p>\u00abHoy, el concierto no empieza y termina en el escenario; comienza meses antes con la construcci\u00f3n en redes sociales. Yo utilizo todas las herramientas disponibles para comunicar mi mensaje art\u00edstico\u00bb<\/p><\/blockquote>\n<p><strong>M\u00e1s all\u00e1 de este enfoque que parece novedoso para un int\u00e9rprete de m\u00fasica cl\u00e1sica, vale decir que Lavandera conquista a muchos a trav\u00e9s de las redes sociales, a las que valora como espacio de conexi\u00f3n y comunicaci\u00f3n, m\u00e1s all\u00e1 de lo breve o ef\u00edmeros que pueden ser all\u00ed los mensajes, lo que contrasta con un concierto.<\/strong><\/p>\n<p><strong>\u00bfC\u00f3mo se da la conexi\u00f3n entre una pieza de 40 minutos y <a href=\"https:\/\/www.instagram.com\/horaciolavandera\/\">una publicaci\u00f3n en Instagram<\/a> de pocos segundos que pod\u00e9s hacer en tus redes?<\/strong><\/p>\n<p>Pienso en la obra de arte total, un concepto de Richard Wagner. Hoy, el concierto no empieza y termina en el escenario; comienza meses antes con la construcci\u00f3n en redes sociales. Yo utilizo todas las herramientas disponibles para comunicar mi mensaje art\u00edstico.<\/p>\n<p>El concierto de Horacio Lavandera en Mercedes no solo fue una muestra de virtuosismo musical, sino tambi\u00e9n una exploraci\u00f3n de la conexi\u00f3n entre diferentes g\u00e9neros y \u00e9pocas, reafirmando su compromiso con una propuesta art\u00edstica integral y contempor\u00e1nea.<\/p>\n","protected":false},"excerpt":{"rendered":"<p>\u25a0 Tras su recital, titulado \u00abSonidos de lo Eterno\u00bb, que combin\u00f3 obras cl\u00e1sicas con arreglos de rock y pop, reflejando la versatilidad y profundidad de su trabajo, dialog\u00f3 con Noticias Mercedinas<\/p>\n","protected":false},"author":2,"featured_media":160674,"comment_status":"closed","ping_status":"closed","sticky":false,"template":"","format":"standard","meta":{"footnotes":""},"categories":[9],"tags":[2881,612,20194,88,16075,5218,207],"class_list":["post-160673","post","type-post","status-publish","format-standard","has-post-thumbnail","hentry","category-entrevistas","tag-clasico","tag-colegio-nacional","tag-horacio-lavandera","tag-musica","tag-musico","tag-piano","tag-rock"],"yoast_head":"<!-- This site is optimized with the Yoast SEO plugin v27.5 - https:\/\/yoast.com\/product\/yoast-seo-wordpress\/ -->\n<title>Horacio Lavandera: &quot;El concierto no empieza y termina en el escenario&quot;<\/title>\n<meta name=\"description\" content=\"Tras su recital, titulado &quot;Sonidos de lo Eterno&quot;, que combin\u00f3 obras cl\u00e1sicas con arreglos de rock y pop, reflejando la versatilidad y profundidad de su trabajo, dialog\u00f3 con Noticias Mercedinas\" \/>\n<meta name=\"robots\" content=\"index, follow, max-snippet:-1, max-image-preview:large, max-video-preview:-1\" \/>\n<link rel=\"canonical\" href=\"https:\/\/noticiasmercedinas.com\/site\/2025\/06\/01\/horacio-lavandera-el-concierto-no-empieza-y-termina-en-el-escenario\/\" \/>\n<meta property=\"og:locale\" content=\"es_ES\" \/>\n<meta property=\"og:type\" content=\"article\" \/>\n<meta property=\"og:title\" content=\"Horacio Lavandera: &quot;El concierto no empieza y termina en el escenario&quot;\" \/>\n<meta property=\"og:description\" content=\"Tras su recital, titulado &quot;Sonidos de lo Eterno&quot;, que combin\u00f3 obras cl\u00e1sicas con arreglos de rock y pop, reflejando la versatilidad y profundidad de su trabajo, dialog\u00f3 con Noticias Mercedinas\" \/>\n<meta property=\"og:url\" content=\"https:\/\/noticiasmercedinas.com\/site\/2025\/06\/01\/horacio-lavandera-el-concierto-no-empieza-y-termina-en-el-escenario\/\" \/>\n<meta property=\"og:site_name\" content=\"NOTICIASMERCEDINAS.COM\" \/>\n<meta property=\"article:publisher\" content=\"https:\/\/www.facebook.com\/noticiasmercedinas\/\" \/>\n<meta property=\"article:author\" content=\"https:\/\/www.facebook.com\/cristian.falabella\" \/>\n<meta property=\"article:published_time\" content=\"2025-06-01T14:30:03+00:00\" \/>\n<meta property=\"article:modified_time\" content=\"2025-06-02T15:10:01+00:00\" \/>\n<meta property=\"og:image\" content=\"https:\/\/noticiasmercedinas.com\/site\/wp-content\/uploads\/2025\/06\/LAVANDERA.jpg\" \/>\n\t<meta property=\"og:image:width\" content=\"640\" \/>\n\t<meta property=\"og:image:height\" content=\"348\" \/>\n\t<meta property=\"og:image:type\" content=\"image\/jpeg\" \/>\n<meta name=\"author\" content=\"Cristian Falabella NOTICIASMERCEDINAS.COM\" \/>\n<meta name=\"twitter:card\" content=\"summary_large_image\" \/>\n<meta name=\"twitter:creator\" content=\"@https:\/\/twitter.com\/NOTMERCEDINAS\" \/>\n<meta name=\"twitter:site\" content=\"@notmercedinas\" \/>\n<meta name=\"twitter:label1\" content=\"Escrito por\" \/>\n\t<meta name=\"twitter:data1\" content=\"Cristian Falabella NOTICIASMERCEDINAS.COM\" \/>\n\t<meta name=\"twitter:label2\" content=\"Tiempo de lectura\" \/>\n\t<meta name=\"twitter:data2\" content=\"4 minutos\" \/>\n<script type=\"application\/ld+json\" class=\"yoast-schema-graph\">{\"@context\":\"https:\\\/\\\/schema.org\",\"@graph\":[{\"@type\":\"Article\",\"@id\":\"https:\\\/\\\/noticiasmercedinas.com\\\/site\\\/2025\\\/06\\\/01\\\/horacio-lavandera-el-concierto-no-empieza-y-termina-en-el-escenario\\\/#article\",\"isPartOf\":{\"@id\":\"https:\\\/\\\/noticiasmercedinas.com\\\/site\\\/2025\\\/06\\\/01\\\/horacio-lavandera-el-concierto-no-empieza-y-termina-en-el-escenario\\\/\"},\"author\":{\"name\":\"Cristian Falabella NOTICIASMERCEDINAS.COM\",\"@id\":\"https:\\\/\\\/noticiasmercedinas.com\\\/site\\\/#\\\/schema\\\/person\\\/d481a9696a5feaec13a60e2bbd991a6a\"},\"headline\":\"Horacio Lavandera: \u00abEl concierto no empieza y termina en el escenario\u00bb\",\"datePublished\":\"2025-06-01T14:30:03+00:00\",\"dateModified\":\"2025-06-02T15:10:01+00:00\",\"mainEntityOfPage\":{\"@id\":\"https:\\\/\\\/noticiasmercedinas.com\\\/site\\\/2025\\\/06\\\/01\\\/horacio-lavandera-el-concierto-no-empieza-y-termina-en-el-escenario\\\/\"},\"wordCount\":736,\"publisher\":{\"@id\":\"https:\\\/\\\/noticiasmercedinas.com\\\/site\\\/#organization\"},\"image\":{\"@id\":\"https:\\\/\\\/noticiasmercedinas.com\\\/site\\\/2025\\\/06\\\/01\\\/horacio-lavandera-el-concierto-no-empieza-y-termina-en-el-escenario\\\/#primaryimage\"},\"thumbnailUrl\":\"https:\\\/\\\/noticiasmercedinas.com\\\/site\\\/wp-content\\\/uploads\\\/2025\\\/06\\\/LAVANDERA.jpg\",\"keywords\":[\"cl\u00e1sico\",\"colegio nacional\",\"horacio lavandera\",\"musica\",\"musico\",\"piano\",\"rock\"],\"articleSection\":[\"Entrevistas\"],\"inLanguage\":\"es\"},{\"@type\":\"WebPage\",\"@id\":\"https:\\\/\\\/noticiasmercedinas.com\\\/site\\\/2025\\\/06\\\/01\\\/horacio-lavandera-el-concierto-no-empieza-y-termina-en-el-escenario\\\/\",\"url\":\"https:\\\/\\\/noticiasmercedinas.com\\\/site\\\/2025\\\/06\\\/01\\\/horacio-lavandera-el-concierto-no-empieza-y-termina-en-el-escenario\\\/\",\"name\":\"Horacio Lavandera: \\\"El concierto no empieza y termina en el escenario\\\"\",\"isPartOf\":{\"@id\":\"https:\\\/\\\/noticiasmercedinas.com\\\/site\\\/#website\"},\"primaryImageOfPage\":{\"@id\":\"https:\\\/\\\/noticiasmercedinas.com\\\/site\\\/2025\\\/06\\\/01\\\/horacio-lavandera-el-concierto-no-empieza-y-termina-en-el-escenario\\\/#primaryimage\"},\"image\":{\"@id\":\"https:\\\/\\\/noticiasmercedinas.com\\\/site\\\/2025\\\/06\\\/01\\\/horacio-lavandera-el-concierto-no-empieza-y-termina-en-el-escenario\\\/#primaryimage\"},\"thumbnailUrl\":\"https:\\\/\\\/noticiasmercedinas.com\\\/site\\\/wp-content\\\/uploads\\\/2025\\\/06\\\/LAVANDERA.jpg\",\"datePublished\":\"2025-06-01T14:30:03+00:00\",\"dateModified\":\"2025-06-02T15:10:01+00:00\",\"description\":\"Tras su recital, titulado \\\"Sonidos de lo Eterno\\\", que combin\u00f3 obras cl\u00e1sicas con arreglos de rock y pop, reflejando la versatilidad y profundidad de su trabajo, dialog\u00f3 con Noticias Mercedinas\",\"breadcrumb\":{\"@id\":\"https:\\\/\\\/noticiasmercedinas.com\\\/site\\\/2025\\\/06\\\/01\\\/horacio-lavandera-el-concierto-no-empieza-y-termina-en-el-escenario\\\/#breadcrumb\"},\"inLanguage\":\"es\",\"potentialAction\":[{\"@type\":\"ReadAction\",\"target\":[\"https:\\\/\\\/noticiasmercedinas.com\\\/site\\\/2025\\\/06\\\/01\\\/horacio-lavandera-el-concierto-no-empieza-y-termina-en-el-escenario\\\/\"]}]},{\"@type\":\"ImageObject\",\"inLanguage\":\"es\",\"@id\":\"https:\\\/\\\/noticiasmercedinas.com\\\/site\\\/2025\\\/06\\\/01\\\/horacio-lavandera-el-concierto-no-empieza-y-termina-en-el-escenario\\\/#primaryimage\",\"url\":\"https:\\\/\\\/noticiasmercedinas.com\\\/site\\\/wp-content\\\/uploads\\\/2025\\\/06\\\/LAVANDERA.jpg\",\"contentUrl\":\"https:\\\/\\\/noticiasmercedinas.com\\\/site\\\/wp-content\\\/uploads\\\/2025\\\/06\\\/LAVANDERA.jpg\",\"width\":640,\"height\":348},{\"@type\":\"BreadcrumbList\",\"@id\":\"https:\\\/\\\/noticiasmercedinas.com\\\/site\\\/2025\\\/06\\\/01\\\/horacio-lavandera-el-concierto-no-empieza-y-termina-en-el-escenario\\\/#breadcrumb\",\"itemListElement\":[{\"@type\":\"ListItem\",\"position\":1,\"name\":\"Portada\",\"item\":\"https:\\\/\\\/noticiasmercedinas.com\\\/site\\\/\"},{\"@type\":\"ListItem\",\"position\":2,\"name\":\"Horacio Lavandera: \u00abEl concierto no empieza y termina en el escenario\u00bb\"}]},{\"@type\":\"WebSite\",\"@id\":\"https:\\\/\\\/noticiasmercedinas.com\\\/site\\\/#website\",\"url\":\"https:\\\/\\\/noticiasmercedinas.com\\\/site\\\/\",\"name\":\"NOTICIASMERCEDINAS.COM\",\"description\":\"Mercedes, Buenos Aires, Argentina\",\"publisher\":{\"@id\":\"https:\\\/\\\/noticiasmercedinas.com\\\/site\\\/#organization\"},\"potentialAction\":[{\"@type\":\"SearchAction\",\"target\":{\"@type\":\"EntryPoint\",\"urlTemplate\":\"https:\\\/\\\/noticiasmercedinas.com\\\/site\\\/?s={search_term_string}\"},\"query-input\":{\"@type\":\"PropertyValueSpecification\",\"valueRequired\":true,\"valueName\":\"search_term_string\"}}],\"inLanguage\":\"es\"},{\"@type\":\"Organization\",\"@id\":\"https:\\\/\\\/noticiasmercedinas.com\\\/site\\\/#organization\",\"name\":\"NOTICIASMERCEDINAS.COM\",\"url\":\"https:\\\/\\\/noticiasmercedinas.com\\\/site\\\/\",\"logo\":{\"@type\":\"ImageObject\",\"inLanguage\":\"es\",\"@id\":\"https:\\\/\\\/noticiasmercedinas.com\\\/site\\\/#\\\/schema\\\/logo\\\/image\\\/\",\"url\":\"https:\\\/\\\/noticiasmercedinas.com\\\/site\\\/wp-content\\\/uploads\\\/2020\\\/06\\\/LOGO-512.jpg\",\"contentUrl\":\"https:\\\/\\\/noticiasmercedinas.com\\\/site\\\/wp-content\\\/uploads\\\/2020\\\/06\\\/LOGO-512.jpg\",\"width\":512,\"height\":512,\"caption\":\"NOTICIASMERCEDINAS.COM\"},\"image\":{\"@id\":\"https:\\\/\\\/noticiasmercedinas.com\\\/site\\\/#\\\/schema\\\/logo\\\/image\\\/\"},\"sameAs\":[\"https:\\\/\\\/www.facebook.com\\\/noticiasmercedinas\\\/\",\"https:\\\/\\\/x.com\\\/notmercedinas\",\"https:\\\/\\\/www.instagram.com\\\/noticiasmercedinas\\\/\"]},{\"@type\":\"Person\",\"@id\":\"https:\\\/\\\/noticiasmercedinas.com\\\/site\\\/#\\\/schema\\\/person\\\/d481a9696a5feaec13a60e2bbd991a6a\",\"name\":\"Cristian Falabella NOTICIASMERCEDINAS.COM\",\"image\":{\"@type\":\"ImageObject\",\"inLanguage\":\"es\",\"@id\":\"https:\\\/\\\/secure.gravatar.com\\\/avatar\\\/0dbbfc45970cc46bcd0e57766228574ff3511d6eed045b182f536f0f478c1f06?s=96&d=mm&r=g\",\"url\":\"https:\\\/\\\/secure.gravatar.com\\\/avatar\\\/0dbbfc45970cc46bcd0e57766228574ff3511d6eed045b182f536f0f478c1f06?s=96&d=mm&r=g\",\"contentUrl\":\"https:\\\/\\\/secure.gravatar.com\\\/avatar\\\/0dbbfc45970cc46bcd0e57766228574ff3511d6eed045b182f536f0f478c1f06?s=96&d=mm&r=g\",\"caption\":\"Cristian Falabella NOTICIASMERCEDINAS.COM\"},\"description\":\"Periodista, editor de Noticias Mercedinas. Pas\u00f3 por varias redacciones y emprendimientos de prensa, en distintos formatos y \u00e9pocas. Se especializ\u00f3 --y sigue haci\u00e9ndolo-- en comunicaci\u00f3n en la web y en junio de 2006 fund\u00f3 este diario digital.\",\"sameAs\":[\"https:\\\/\\\/noticiasmercedinas.com\",\"https:\\\/\\\/www.facebook.com\\\/cristian.falabella\",\"https:\\\/\\\/www.instagram.com\\\/noticiasmercedinas\\\/\",\"https:\\\/\\\/x.com\\\/https:\\\/\\\/twitter.com\\\/NOTMERCEDINAS\"],\"url\":\"https:\\\/\\\/noticiasmercedinas.com\\\/site\\\/author\\\/as000384\\\/\"}]}<\/script>\n<!-- \/ Yoast SEO plugin. -->","yoast_head_json":{"title":"Horacio Lavandera: \"El concierto no empieza y termina en el escenario\"","description":"Tras su recital, titulado \"Sonidos de lo Eterno\", que combin\u00f3 obras cl\u00e1sicas con arreglos de rock y pop, reflejando la versatilidad y profundidad de su trabajo, dialog\u00f3 con Noticias Mercedinas","robots":{"index":"index","follow":"follow","max-snippet":"max-snippet:-1","max-image-preview":"max-image-preview:large","max-video-preview":"max-video-preview:-1"},"canonical":"https:\/\/noticiasmercedinas.com\/site\/2025\/06\/01\/horacio-lavandera-el-concierto-no-empieza-y-termina-en-el-escenario\/","og_locale":"es_ES","og_type":"article","og_title":"Horacio Lavandera: \"El concierto no empieza y termina en el escenario\"","og_description":"Tras su recital, titulado \"Sonidos de lo Eterno\", que combin\u00f3 obras cl\u00e1sicas con arreglos de rock y pop, reflejando la versatilidad y profundidad de su trabajo, dialog\u00f3 con Noticias Mercedinas","og_url":"https:\/\/noticiasmercedinas.com\/site\/2025\/06\/01\/horacio-lavandera-el-concierto-no-empieza-y-termina-en-el-escenario\/","og_site_name":"NOTICIASMERCEDINAS.COM","article_publisher":"https:\/\/www.facebook.com\/noticiasmercedinas\/","article_author":"https:\/\/www.facebook.com\/cristian.falabella","article_published_time":"2025-06-01T14:30:03+00:00","article_modified_time":"2025-06-02T15:10:01+00:00","og_image":[{"width":640,"height":348,"url":"https:\/\/noticiasmercedinas.com\/site\/wp-content\/uploads\/2025\/06\/LAVANDERA.jpg","type":"image\/jpeg"}],"author":"Cristian Falabella NOTICIASMERCEDINAS.COM","twitter_card":"summary_large_image","twitter_creator":"@https:\/\/twitter.com\/NOTMERCEDINAS","twitter_site":"@notmercedinas","twitter_misc":{"Escrito por":"Cristian Falabella NOTICIASMERCEDINAS.COM","Tiempo de lectura":"4 minutos"},"schema":{"@context":"https:\/\/schema.org","@graph":[{"@type":"Article","@id":"https:\/\/noticiasmercedinas.com\/site\/2025\/06\/01\/horacio-lavandera-el-concierto-no-empieza-y-termina-en-el-escenario\/#article","isPartOf":{"@id":"https:\/\/noticiasmercedinas.com\/site\/2025\/06\/01\/horacio-lavandera-el-concierto-no-empieza-y-termina-en-el-escenario\/"},"author":{"name":"Cristian Falabella NOTICIASMERCEDINAS.COM","@id":"https:\/\/noticiasmercedinas.com\/site\/#\/schema\/person\/d481a9696a5feaec13a60e2bbd991a6a"},"headline":"Horacio Lavandera: \u00abEl concierto no empieza y termina en el escenario\u00bb","datePublished":"2025-06-01T14:30:03+00:00","dateModified":"2025-06-02T15:10:01+00:00","mainEntityOfPage":{"@id":"https:\/\/noticiasmercedinas.com\/site\/2025\/06\/01\/horacio-lavandera-el-concierto-no-empieza-y-termina-en-el-escenario\/"},"wordCount":736,"publisher":{"@id":"https:\/\/noticiasmercedinas.com\/site\/#organization"},"image":{"@id":"https:\/\/noticiasmercedinas.com\/site\/2025\/06\/01\/horacio-lavandera-el-concierto-no-empieza-y-termina-en-el-escenario\/#primaryimage"},"thumbnailUrl":"https:\/\/noticiasmercedinas.com\/site\/wp-content\/uploads\/2025\/06\/LAVANDERA.jpg","keywords":["cl\u00e1sico","colegio nacional","horacio lavandera","musica","musico","piano","rock"],"articleSection":["Entrevistas"],"inLanguage":"es"},{"@type":"WebPage","@id":"https:\/\/noticiasmercedinas.com\/site\/2025\/06\/01\/horacio-lavandera-el-concierto-no-empieza-y-termina-en-el-escenario\/","url":"https:\/\/noticiasmercedinas.com\/site\/2025\/06\/01\/horacio-lavandera-el-concierto-no-empieza-y-termina-en-el-escenario\/","name":"Horacio Lavandera: \"El concierto no empieza y termina en el escenario\"","isPartOf":{"@id":"https:\/\/noticiasmercedinas.com\/site\/#website"},"primaryImageOfPage":{"@id":"https:\/\/noticiasmercedinas.com\/site\/2025\/06\/01\/horacio-lavandera-el-concierto-no-empieza-y-termina-en-el-escenario\/#primaryimage"},"image":{"@id":"https:\/\/noticiasmercedinas.com\/site\/2025\/06\/01\/horacio-lavandera-el-concierto-no-empieza-y-termina-en-el-escenario\/#primaryimage"},"thumbnailUrl":"https:\/\/noticiasmercedinas.com\/site\/wp-content\/uploads\/2025\/06\/LAVANDERA.jpg","datePublished":"2025-06-01T14:30:03+00:00","dateModified":"2025-06-02T15:10:01+00:00","description":"Tras su recital, titulado \"Sonidos de lo Eterno\", que combin\u00f3 obras cl\u00e1sicas con arreglos de rock y pop, reflejando la versatilidad y profundidad de su trabajo, dialog\u00f3 con Noticias Mercedinas","breadcrumb":{"@id":"https:\/\/noticiasmercedinas.com\/site\/2025\/06\/01\/horacio-lavandera-el-concierto-no-empieza-y-termina-en-el-escenario\/#breadcrumb"},"inLanguage":"es","potentialAction":[{"@type":"ReadAction","target":["https:\/\/noticiasmercedinas.com\/site\/2025\/06\/01\/horacio-lavandera-el-concierto-no-empieza-y-termina-en-el-escenario\/"]}]},{"@type":"ImageObject","inLanguage":"es","@id":"https:\/\/noticiasmercedinas.com\/site\/2025\/06\/01\/horacio-lavandera-el-concierto-no-empieza-y-termina-en-el-escenario\/#primaryimage","url":"https:\/\/noticiasmercedinas.com\/site\/wp-content\/uploads\/2025\/06\/LAVANDERA.jpg","contentUrl":"https:\/\/noticiasmercedinas.com\/site\/wp-content\/uploads\/2025\/06\/LAVANDERA.jpg","width":640,"height":348},{"@type":"BreadcrumbList","@id":"https:\/\/noticiasmercedinas.com\/site\/2025\/06\/01\/horacio-lavandera-el-concierto-no-empieza-y-termina-en-el-escenario\/#breadcrumb","itemListElement":[{"@type":"ListItem","position":1,"name":"Portada","item":"https:\/\/noticiasmercedinas.com\/site\/"},{"@type":"ListItem","position":2,"name":"Horacio Lavandera: \u00abEl concierto no empieza y termina en el escenario\u00bb"}]},{"@type":"WebSite","@id":"https:\/\/noticiasmercedinas.com\/site\/#website","url":"https:\/\/noticiasmercedinas.com\/site\/","name":"NOTICIASMERCEDINAS.COM","description":"Mercedes, Buenos Aires, Argentina","publisher":{"@id":"https:\/\/noticiasmercedinas.com\/site\/#organization"},"potentialAction":[{"@type":"SearchAction","target":{"@type":"EntryPoint","urlTemplate":"https:\/\/noticiasmercedinas.com\/site\/?s={search_term_string}"},"query-input":{"@type":"PropertyValueSpecification","valueRequired":true,"valueName":"search_term_string"}}],"inLanguage":"es"},{"@type":"Organization","@id":"https:\/\/noticiasmercedinas.com\/site\/#organization","name":"NOTICIASMERCEDINAS.COM","url":"https:\/\/noticiasmercedinas.com\/site\/","logo":{"@type":"ImageObject","inLanguage":"es","@id":"https:\/\/noticiasmercedinas.com\/site\/#\/schema\/logo\/image\/","url":"https:\/\/noticiasmercedinas.com\/site\/wp-content\/uploads\/2020\/06\/LOGO-512.jpg","contentUrl":"https:\/\/noticiasmercedinas.com\/site\/wp-content\/uploads\/2020\/06\/LOGO-512.jpg","width":512,"height":512,"caption":"NOTICIASMERCEDINAS.COM"},"image":{"@id":"https:\/\/noticiasmercedinas.com\/site\/#\/schema\/logo\/image\/"},"sameAs":["https:\/\/www.facebook.com\/noticiasmercedinas\/","https:\/\/x.com\/notmercedinas","https:\/\/www.instagram.com\/noticiasmercedinas\/"]},{"@type":"Person","@id":"https:\/\/noticiasmercedinas.com\/site\/#\/schema\/person\/d481a9696a5feaec13a60e2bbd991a6a","name":"Cristian Falabella NOTICIASMERCEDINAS.COM","image":{"@type":"ImageObject","inLanguage":"es","@id":"https:\/\/secure.gravatar.com\/avatar\/0dbbfc45970cc46bcd0e57766228574ff3511d6eed045b182f536f0f478c1f06?s=96&d=mm&r=g","url":"https:\/\/secure.gravatar.com\/avatar\/0dbbfc45970cc46bcd0e57766228574ff3511d6eed045b182f536f0f478c1f06?s=96&d=mm&r=g","contentUrl":"https:\/\/secure.gravatar.com\/avatar\/0dbbfc45970cc46bcd0e57766228574ff3511d6eed045b182f536f0f478c1f06?s=96&d=mm&r=g","caption":"Cristian Falabella NOTICIASMERCEDINAS.COM"},"description":"Periodista, editor de Noticias Mercedinas. Pas\u00f3 por varias redacciones y emprendimientos de prensa, en distintos formatos y \u00e9pocas. Se especializ\u00f3 --y sigue haci\u00e9ndolo-- en comunicaci\u00f3n en la web y en junio de 2006 fund\u00f3 este diario digital.","sameAs":["https:\/\/noticiasmercedinas.com","https:\/\/www.facebook.com\/cristian.falabella","https:\/\/www.instagram.com\/noticiasmercedinas\/","https:\/\/x.com\/https:\/\/twitter.com\/NOTMERCEDINAS"],"url":"https:\/\/noticiasmercedinas.com\/site\/author\/as000384\/"}]}},"amp_enabled":true,"_links":{"self":[{"href":"https:\/\/noticiasmercedinas.com\/site\/wp-json\/wp\/v2\/posts\/160673","targetHints":{"allow":["GET"]}}],"collection":[{"href":"https:\/\/noticiasmercedinas.com\/site\/wp-json\/wp\/v2\/posts"}],"about":[{"href":"https:\/\/noticiasmercedinas.com\/site\/wp-json\/wp\/v2\/types\/post"}],"author":[{"embeddable":true,"href":"https:\/\/noticiasmercedinas.com\/site\/wp-json\/wp\/v2\/users\/2"}],"replies":[{"embeddable":true,"href":"https:\/\/noticiasmercedinas.com\/site\/wp-json\/wp\/v2\/comments?post=160673"}],"version-history":[{"count":4,"href":"https:\/\/noticiasmercedinas.com\/site\/wp-json\/wp\/v2\/posts\/160673\/revisions"}],"predecessor-version":[{"id":160794,"href":"https:\/\/noticiasmercedinas.com\/site\/wp-json\/wp\/v2\/posts\/160673\/revisions\/160794"}],"wp:featuredmedia":[{"embeddable":true,"href":"https:\/\/noticiasmercedinas.com\/site\/wp-json\/wp\/v2\/media\/160674"}],"wp:attachment":[{"href":"https:\/\/noticiasmercedinas.com\/site\/wp-json\/wp\/v2\/media?parent=160673"}],"wp:term":[{"taxonomy":"category","embeddable":true,"href":"https:\/\/noticiasmercedinas.com\/site\/wp-json\/wp\/v2\/categories?post=160673"},{"taxonomy":"post_tag","embeddable":true,"href":"https:\/\/noticiasmercedinas.com\/site\/wp-json\/wp\/v2\/tags?post=160673"}],"curies":[{"name":"wp","href":"https:\/\/api.w.org\/{rel}","templated":true}]}}