{"id":160771,"date":"2025-06-02T11:20:10","date_gmt":"2025-06-02T14:20:10","guid":{"rendered":"https:\/\/noticiasmercedinas.com\/site\/?p=160771"},"modified":"2025-06-02T13:05:29","modified_gmt":"2025-06-02T16:05:29","slug":"diez-centimetros-de-diferencia-se-presenta-en-el-teatro-talia-en-unica-funcion","status":"publish","type":"post","link":"https:\/\/noticiasmercedinas.com\/site\/2025\/06\/02\/diez-centimetros-de-diferencia-se-presenta-en-el-teatro-talia-en-unica-funcion\/","title":{"rendered":"\u201cDiez cent\u00edmetros de diferencia\u201d se presenta en el Teatro Tal\u00eda en \u00fanica funci\u00f3n"},"content":{"rendered":"<p data-start=\"189\" data-end=\"494\"><img loading=\"lazy\" decoding=\"async\" class=\"alignnone size-full wp-image-160815\" src=\"https:\/\/noticiasmercedinas.com\/site\/wp-content\/uploads\/2025\/06\/LICA.jpg\" alt=\"\" width=\"1182\" height=\"718\" srcset=\"https:\/\/noticiasmercedinas.com\/site\/wp-content\/uploads\/2025\/06\/LICA.jpg 1182w, https:\/\/noticiasmercedinas.com\/site\/wp-content\/uploads\/2025\/06\/LICA-300x182.jpg 300w, https:\/\/noticiasmercedinas.com\/site\/wp-content\/uploads\/2025\/06\/LICA-1024x622.jpg 1024w, https:\/\/noticiasmercedinas.com\/site\/wp-content\/uploads\/2025\/06\/LICA-768x467.jpg 768w, https:\/\/noticiasmercedinas.com\/site\/wp-content\/uploads\/2025\/06\/LICA-640x389.jpg 640w, https:\/\/noticiasmercedinas.com\/site\/wp-content\/uploads\/2025\/06\/LICA-681x414.jpg 681w\" sizes=\"auto, (max-width: 1182px) 100vw, 1182px\" \/><\/p>\n<p data-start=\"189\" data-end=\"494\">Este s\u00e1bado 7 de junio a las 20.30 horas se presentar\u00e1 en la sala del Teatro Tal\u00eda la obra <strong data-start=\"280\" data-end=\"316\">\u201cDiez cent\u00edmetros de diferencia\u201d<\/strong>, escrita por <strong data-start=\"330\" data-end=\"349\">Luc\u00eda Laragione<\/strong>.<\/p>\n<p data-start=\"189\" data-end=\"494\">Se trata de un unipersonal protagonizado por <strong data-start=\"396\" data-end=\"417\">Carolina Eidelman<\/strong> y dirigido por <strong data-start=\"433\" data-end=\"448\">Jos\u00e9 Almada<\/strong>, que llegar\u00e1 a Mercedes en una \u00fanica funci\u00f3n.<\/p>\n<p data-start=\"496\" data-end=\"951\">La propuesta plantea preguntas profundas en torno a la desaparici\u00f3n de una hija y el dolor de una madre: \u201cUna hija desaparece. \u00bfAcaso una huida juvenil tras un sue\u00f1o? \u00bfUn rapto? \u00bfTrata de personas? \u00bfQu\u00e9 puede hacer una madre para mitigar el dolor por la p\u00e9rdida de una hija? \u00bfCu\u00e1nto tiempo se puede esperar a una hija cuando se sabe que no va a volver? \u00bfY si recurre a Elvis cumpliendo ella misma el sue\u00f1o de juventud de su hija?\u201d, adelanta su sinopsis.<\/p>\n<p data-start=\"953\" data-end=\"1084\">Con excelentes cr\u00edticas, la obra promete una experiencia teatral intensa, atravesada por el duelo, la imaginaci\u00f3n y la resiliencia.<\/p>\n<p data-start=\"1086\" data-end=\"1287\">Las entradas ya est\u00e1n a la venta y tienen un valor de <strong data-start=\"1140\" data-end=\"1150\">$8.000<\/strong> para el p\u00fablico general y <strong data-start=\"1177\" data-end=\"1187\">$6.000<\/strong> para jubilados. Las reservas pueden realizarse a los tel\u00e9fonos <strong data-start=\"1253\" data-end=\"1268\">2324 585300<\/strong> o <strong data-start=\"1271\" data-end=\"1286\">2324 641621<\/strong>.<\/p>\n<p data-start=\"1289\" data-end=\"1404\">Adem\u00e1s, se invita a los asistentes a compartir una copa previa a la funci\u00f3n, como parte de la experiencia cultural.<\/p>\n<p data-start=\"1406\" data-end=\"1454\"><strong data-start=\"1409\" data-end=\"1425\">Teatro Tal\u00eda<\/strong> \u2013 Calle 20 N\u00ba 740 \u2013 Mercedes<\/p>\n<p data-start=\"1406\" data-end=\"1454\"><img loading=\"lazy\" decoding=\"async\" class=\"alignnone size-full wp-image-160774\" src=\"https:\/\/noticiasmercedinas.com\/site\/wp-content\/uploads\/2025\/06\/SABADO.jpg\" alt=\"\" width=\"899\" height=\"1599\" srcset=\"https:\/\/noticiasmercedinas.com\/site\/wp-content\/uploads\/2025\/06\/SABADO.jpg 899w, https:\/\/noticiasmercedinas.com\/site\/wp-content\/uploads\/2025\/06\/SABADO-169x300.jpg 169w, https:\/\/noticiasmercedinas.com\/site\/wp-content\/uploads\/2025\/06\/SABADO-576x1024.jpg 576w, https:\/\/noticiasmercedinas.com\/site\/wp-content\/uploads\/2025\/06\/SABADO-768x1366.jpg 768w, https:\/\/noticiasmercedinas.com\/site\/wp-content\/uploads\/2025\/06\/SABADO-864x1536.jpg 864w, https:\/\/noticiasmercedinas.com\/site\/wp-content\/uploads\/2025\/06\/SABADO-640x1138.jpg 640w, https:\/\/noticiasmercedinas.com\/site\/wp-content\/uploads\/2025\/06\/SABADO-681x1211.jpg 681w\" sizes=\"auto, (max-width: 899px) 100vw, 899px\" \/><\/p>\n","protected":false},"excerpt":{"rendered":"<p>\u25a0 Se trata de un unipersonal protagonizado por Carolina Eidelman y dirigido por Jos\u00e9 Almada, que llegar\u00e1 a Mercedes en una \u00fanica funci\u00f3n, este s\u00e1bado 7 de junio<\/p>\n","protected":false},"author":16,"featured_media":160815,"comment_status":"closed","ping_status":"closed","sticky":false,"template":"","format":"standard","meta":{"footnotes":""},"categories":[4],"tags":[20228,20229,480,1015],"class_list":["post-160771","post","type-post","status-publish","format-standard","has-post-thumbnail","hentry","category-cultura","tag-carolina-eidelman","tag-jose-almada","tag-teatro","tag-teatro-talia"],"yoast_head":"<!-- This site is optimized with the Yoast SEO plugin v27.5 - https:\/\/yoast.com\/product\/yoast-seo-wordpress\/ -->\n<title>\u201cDiez cent\u00edmetros de diferencia\u201d se presenta en el Teatro Tal\u00eda en \u00fanica funci\u00f3n<\/title>\n<meta name=\"description\" content=\"Se trata de un unipersonal protagonizado por Carolina Eidelman y dirigido por Jos\u00e9 Almada, que llegar\u00e1 a Mercedes en una \u00fanica funci\u00f3n, este s\u00e1bado 7 de junio\" \/>\n<meta name=\"robots\" content=\"index, follow, max-snippet:-1, max-image-preview:large, max-video-preview:-1\" \/>\n<link rel=\"canonical\" href=\"https:\/\/noticiasmercedinas.com\/site\/2025\/06\/02\/diez-centimetros-de-diferencia-se-presenta-en-el-teatro-talia-en-unica-funcion\/\" \/>\n<meta property=\"og:locale\" content=\"es_ES\" \/>\n<meta property=\"og:type\" content=\"article\" \/>\n<meta property=\"og:title\" content=\"\u201cDiez cent\u00edmetros de diferencia\u201d se presenta en el Teatro Tal\u00eda en \u00fanica funci\u00f3n\" \/>\n<meta property=\"og:description\" content=\"Se trata de un unipersonal protagonizado por Carolina Eidelman y dirigido por Jos\u00e9 Almada, que llegar\u00e1 a Mercedes en una \u00fanica funci\u00f3n, este s\u00e1bado 7 de junio\" \/>\n<meta property=\"og:url\" content=\"https:\/\/noticiasmercedinas.com\/site\/2025\/06\/02\/diez-centimetros-de-diferencia-se-presenta-en-el-teatro-talia-en-unica-funcion\/\" \/>\n<meta property=\"og:site_name\" content=\"NOTICIASMERCEDINAS.COM\" \/>\n<meta property=\"article:publisher\" content=\"https:\/\/www.facebook.com\/noticiasmercedinas\/\" \/>\n<meta property=\"article:published_time\" content=\"2025-06-02T14:20:10+00:00\" \/>\n<meta property=\"article:modified_time\" content=\"2025-06-02T16:05:29+00:00\" \/>\n<meta property=\"og:image\" content=\"https:\/\/noticiasmercedinas.com\/site\/wp-content\/uploads\/2025\/06\/LICA.jpg\" \/>\n\t<meta property=\"og:image:width\" content=\"1182\" \/>\n\t<meta property=\"og:image:height\" content=\"718\" \/>\n\t<meta property=\"og:image:type\" content=\"image\/jpeg\" \/>\n<meta name=\"author\" content=\"NOTICIASMERCEDINAS.COM\" \/>\n<meta name=\"twitter:card\" content=\"summary_large_image\" \/>\n<meta name=\"twitter:creator\" content=\"@notmercedinas\" \/>\n<meta name=\"twitter:site\" content=\"@notmercedinas\" \/>\n<meta name=\"twitter:label1\" content=\"Escrito por\" \/>\n\t<meta name=\"twitter:data1\" content=\"NOTICIASMERCEDINAS.COM\" \/>\n\t<meta name=\"twitter:label2\" content=\"Tiempo de lectura\" \/>\n\t<meta name=\"twitter:data2\" content=\"2 minutos\" \/>\n<script type=\"application\/ld+json\" class=\"yoast-schema-graph\">{\"@context\":\"https:\\\/\\\/schema.org\",\"@graph\":[{\"@type\":\"Article\",\"@id\":\"https:\\\/\\\/noticiasmercedinas.com\\\/site\\\/2025\\\/06\\\/02\\\/diez-centimetros-de-diferencia-se-presenta-en-el-teatro-talia-en-unica-funcion\\\/#article\",\"isPartOf\":{\"@id\":\"https:\\\/\\\/noticiasmercedinas.com\\\/site\\\/2025\\\/06\\\/02\\\/diez-centimetros-de-diferencia-se-presenta-en-el-teatro-talia-en-unica-funcion\\\/\"},\"author\":{\"name\":\"NOTICIASMERCEDINAS.COM\",\"@id\":\"https:\\\/\\\/noticiasmercedinas.com\\\/site\\\/#\\\/schema\\\/person\\\/84b59c099c28ff2e8b77d4ceec5d8063\"},\"headline\":\"\u201cDiez cent\u00edmetros de diferencia\u201d se presenta en el Teatro Tal\u00eda en \u00fanica funci\u00f3n\",\"datePublished\":\"2025-06-02T14:20:10+00:00\",\"dateModified\":\"2025-06-02T16:05:29+00:00\",\"mainEntityOfPage\":{\"@id\":\"https:\\\/\\\/noticiasmercedinas.com\\\/site\\\/2025\\\/06\\\/02\\\/diez-centimetros-de-diferencia-se-presenta-en-el-teatro-talia-en-unica-funcion\\\/\"},\"wordCount\":235,\"publisher\":{\"@id\":\"https:\\\/\\\/noticiasmercedinas.com\\\/site\\\/#organization\"},\"image\":{\"@id\":\"https:\\\/\\\/noticiasmercedinas.com\\\/site\\\/2025\\\/06\\\/02\\\/diez-centimetros-de-diferencia-se-presenta-en-el-teatro-talia-en-unica-funcion\\\/#primaryimage\"},\"thumbnailUrl\":\"https:\\\/\\\/noticiasmercedinas.com\\\/site\\\/wp-content\\\/uploads\\\/2025\\\/06\\\/LICA.jpg\",\"keywords\":[\"Carolina Eidelman\",\"Jos\u00e9 Almada\",\"teatro\",\"teatro talia\"],\"articleSection\":[\"Cultura\"],\"inLanguage\":\"es\"},{\"@type\":\"WebPage\",\"@id\":\"https:\\\/\\\/noticiasmercedinas.com\\\/site\\\/2025\\\/06\\\/02\\\/diez-centimetros-de-diferencia-se-presenta-en-el-teatro-talia-en-unica-funcion\\\/\",\"url\":\"https:\\\/\\\/noticiasmercedinas.com\\\/site\\\/2025\\\/06\\\/02\\\/diez-centimetros-de-diferencia-se-presenta-en-el-teatro-talia-en-unica-funcion\\\/\",\"name\":\"\u201cDiez cent\u00edmetros de diferencia\u201d se presenta en el Teatro Tal\u00eda en \u00fanica funci\u00f3n\",\"isPartOf\":{\"@id\":\"https:\\\/\\\/noticiasmercedinas.com\\\/site\\\/#website\"},\"primaryImageOfPage\":{\"@id\":\"https:\\\/\\\/noticiasmercedinas.com\\\/site\\\/2025\\\/06\\\/02\\\/diez-centimetros-de-diferencia-se-presenta-en-el-teatro-talia-en-unica-funcion\\\/#primaryimage\"},\"image\":{\"@id\":\"https:\\\/\\\/noticiasmercedinas.com\\\/site\\\/2025\\\/06\\\/02\\\/diez-centimetros-de-diferencia-se-presenta-en-el-teatro-talia-en-unica-funcion\\\/#primaryimage\"},\"thumbnailUrl\":\"https:\\\/\\\/noticiasmercedinas.com\\\/site\\\/wp-content\\\/uploads\\\/2025\\\/06\\\/LICA.jpg\",\"datePublished\":\"2025-06-02T14:20:10+00:00\",\"dateModified\":\"2025-06-02T16:05:29+00:00\",\"description\":\"Se trata de un unipersonal protagonizado por Carolina Eidelman y dirigido por Jos\u00e9 Almada, que llegar\u00e1 a Mercedes en una \u00fanica funci\u00f3n, este s\u00e1bado 7 de junio\",\"breadcrumb\":{\"@id\":\"https:\\\/\\\/noticiasmercedinas.com\\\/site\\\/2025\\\/06\\\/02\\\/diez-centimetros-de-diferencia-se-presenta-en-el-teatro-talia-en-unica-funcion\\\/#breadcrumb\"},\"inLanguage\":\"es\",\"potentialAction\":[{\"@type\":\"ReadAction\",\"target\":[\"https:\\\/\\\/noticiasmercedinas.com\\\/site\\\/2025\\\/06\\\/02\\\/diez-centimetros-de-diferencia-se-presenta-en-el-teatro-talia-en-unica-funcion\\\/\"]}]},{\"@type\":\"ImageObject\",\"inLanguage\":\"es\",\"@id\":\"https:\\\/\\\/noticiasmercedinas.com\\\/site\\\/2025\\\/06\\\/02\\\/diez-centimetros-de-diferencia-se-presenta-en-el-teatro-talia-en-unica-funcion\\\/#primaryimage\",\"url\":\"https:\\\/\\\/noticiasmercedinas.com\\\/site\\\/wp-content\\\/uploads\\\/2025\\\/06\\\/LICA.jpg\",\"contentUrl\":\"https:\\\/\\\/noticiasmercedinas.com\\\/site\\\/wp-content\\\/uploads\\\/2025\\\/06\\\/LICA.jpg\",\"width\":1182,\"height\":718},{\"@type\":\"BreadcrumbList\",\"@id\":\"https:\\\/\\\/noticiasmercedinas.com\\\/site\\\/2025\\\/06\\\/02\\\/diez-centimetros-de-diferencia-se-presenta-en-el-teatro-talia-en-unica-funcion\\\/#breadcrumb\",\"itemListElement\":[{\"@type\":\"ListItem\",\"position\":1,\"name\":\"Portada\",\"item\":\"https:\\\/\\\/noticiasmercedinas.com\\\/site\\\/\"},{\"@type\":\"ListItem\",\"position\":2,\"name\":\"\u201cDiez cent\u00edmetros de diferencia\u201d se presenta en el Teatro Tal\u00eda en \u00fanica funci\u00f3n\"}]},{\"@type\":\"WebSite\",\"@id\":\"https:\\\/\\\/noticiasmercedinas.com\\\/site\\\/#website\",\"url\":\"https:\\\/\\\/noticiasmercedinas.com\\\/site\\\/\",\"name\":\"NOTICIASMERCEDINAS.COM\",\"description\":\"Mercedes, Buenos Aires, Argentina\",\"publisher\":{\"@id\":\"https:\\\/\\\/noticiasmercedinas.com\\\/site\\\/#organization\"},\"potentialAction\":[{\"@type\":\"SearchAction\",\"target\":{\"@type\":\"EntryPoint\",\"urlTemplate\":\"https:\\\/\\\/noticiasmercedinas.com\\\/site\\\/?s={search_term_string}\"},\"query-input\":{\"@type\":\"PropertyValueSpecification\",\"valueRequired\":true,\"valueName\":\"search_term_string\"}}],\"inLanguage\":\"es\"},{\"@type\":\"Organization\",\"@id\":\"https:\\\/\\\/noticiasmercedinas.com\\\/site\\\/#organization\",\"name\":\"NOTICIASMERCEDINAS.COM\",\"url\":\"https:\\\/\\\/noticiasmercedinas.com\\\/site\\\/\",\"logo\":{\"@type\":\"ImageObject\",\"inLanguage\":\"es\",\"@id\":\"https:\\\/\\\/noticiasmercedinas.com\\\/site\\\/#\\\/schema\\\/logo\\\/image\\\/\",\"url\":\"https:\\\/\\\/noticiasmercedinas.com\\\/site\\\/wp-content\\\/uploads\\\/2020\\\/06\\\/LOGO-512.jpg\",\"contentUrl\":\"https:\\\/\\\/noticiasmercedinas.com\\\/site\\\/wp-content\\\/uploads\\\/2020\\\/06\\\/LOGO-512.jpg\",\"width\":512,\"height\":512,\"caption\":\"NOTICIASMERCEDINAS.COM\"},\"image\":{\"@id\":\"https:\\\/\\\/noticiasmercedinas.com\\\/site\\\/#\\\/schema\\\/logo\\\/image\\\/\"},\"sameAs\":[\"https:\\\/\\\/www.facebook.com\\\/noticiasmercedinas\\\/\",\"https:\\\/\\\/x.com\\\/notmercedinas\",\"https:\\\/\\\/www.instagram.com\\\/noticiasmercedinas\\\/\"]},{\"@type\":\"Person\",\"@id\":\"https:\\\/\\\/noticiasmercedinas.com\\\/site\\\/#\\\/schema\\\/person\\\/84b59c099c28ff2e8b77d4ceec5d8063\",\"name\":\"NOTICIASMERCEDINAS.COM\",\"image\":{\"@type\":\"ImageObject\",\"inLanguage\":\"es\",\"@id\":\"https:\\\/\\\/secure.gravatar.com\\\/avatar\\\/4dfbf16b4d17945bfb6341b2d19043457132fcf478a5ee04f42e959fd8f5df0a?s=96&d=mm&r=g\",\"url\":\"https:\\\/\\\/secure.gravatar.com\\\/avatar\\\/4dfbf16b4d17945bfb6341b2d19043457132fcf478a5ee04f42e959fd8f5df0a?s=96&d=mm&r=g\",\"contentUrl\":\"https:\\\/\\\/secure.gravatar.com\\\/avatar\\\/4dfbf16b4d17945bfb6341b2d19043457132fcf478a5ee04f42e959fd8f5df0a?s=96&d=mm&r=g\",\"caption\":\"NOTICIASMERCEDINAS.COM\"},\"url\":\"https:\\\/\\\/noticiasmercedinas.com\\\/site\\\/author\\\/anonimo\\\/\"}]}<\/script>\n<!-- \/ Yoast SEO plugin. -->","yoast_head_json":{"title":"\u201cDiez cent\u00edmetros de diferencia\u201d se presenta en el Teatro Tal\u00eda en \u00fanica funci\u00f3n","description":"Se trata de un unipersonal protagonizado por Carolina Eidelman y dirigido por Jos\u00e9 Almada, que llegar\u00e1 a Mercedes en una \u00fanica funci\u00f3n, este s\u00e1bado 7 de junio","robots":{"index":"index","follow":"follow","max-snippet":"max-snippet:-1","max-image-preview":"max-image-preview:large","max-video-preview":"max-video-preview:-1"},"canonical":"https:\/\/noticiasmercedinas.com\/site\/2025\/06\/02\/diez-centimetros-de-diferencia-se-presenta-en-el-teatro-talia-en-unica-funcion\/","og_locale":"es_ES","og_type":"article","og_title":"\u201cDiez cent\u00edmetros de diferencia\u201d se presenta en el Teatro Tal\u00eda en \u00fanica funci\u00f3n","og_description":"Se trata de un unipersonal protagonizado por Carolina Eidelman y dirigido por Jos\u00e9 Almada, que llegar\u00e1 a Mercedes en una \u00fanica funci\u00f3n, este s\u00e1bado 7 de junio","og_url":"https:\/\/noticiasmercedinas.com\/site\/2025\/06\/02\/diez-centimetros-de-diferencia-se-presenta-en-el-teatro-talia-en-unica-funcion\/","og_site_name":"NOTICIASMERCEDINAS.COM","article_publisher":"https:\/\/www.facebook.com\/noticiasmercedinas\/","article_published_time":"2025-06-02T14:20:10+00:00","article_modified_time":"2025-06-02T16:05:29+00:00","og_image":[{"width":1182,"height":718,"url":"https:\/\/noticiasmercedinas.com\/site\/wp-content\/uploads\/2025\/06\/LICA.jpg","type":"image\/jpeg"}],"author":"NOTICIASMERCEDINAS.COM","twitter_card":"summary_large_image","twitter_creator":"@notmercedinas","twitter_site":"@notmercedinas","twitter_misc":{"Escrito por":"NOTICIASMERCEDINAS.COM","Tiempo de lectura":"2 minutos"},"schema":{"@context":"https:\/\/schema.org","@graph":[{"@type":"Article","@id":"https:\/\/noticiasmercedinas.com\/site\/2025\/06\/02\/diez-centimetros-de-diferencia-se-presenta-en-el-teatro-talia-en-unica-funcion\/#article","isPartOf":{"@id":"https:\/\/noticiasmercedinas.com\/site\/2025\/06\/02\/diez-centimetros-de-diferencia-se-presenta-en-el-teatro-talia-en-unica-funcion\/"},"author":{"name":"NOTICIASMERCEDINAS.COM","@id":"https:\/\/noticiasmercedinas.com\/site\/#\/schema\/person\/84b59c099c28ff2e8b77d4ceec5d8063"},"headline":"\u201cDiez cent\u00edmetros de diferencia\u201d se presenta en el Teatro Tal\u00eda en \u00fanica funci\u00f3n","datePublished":"2025-06-02T14:20:10+00:00","dateModified":"2025-06-02T16:05:29+00:00","mainEntityOfPage":{"@id":"https:\/\/noticiasmercedinas.com\/site\/2025\/06\/02\/diez-centimetros-de-diferencia-se-presenta-en-el-teatro-talia-en-unica-funcion\/"},"wordCount":235,"publisher":{"@id":"https:\/\/noticiasmercedinas.com\/site\/#organization"},"image":{"@id":"https:\/\/noticiasmercedinas.com\/site\/2025\/06\/02\/diez-centimetros-de-diferencia-se-presenta-en-el-teatro-talia-en-unica-funcion\/#primaryimage"},"thumbnailUrl":"https:\/\/noticiasmercedinas.com\/site\/wp-content\/uploads\/2025\/06\/LICA.jpg","keywords":["Carolina Eidelman","Jos\u00e9 Almada","teatro","teatro talia"],"articleSection":["Cultura"],"inLanguage":"es"},{"@type":"WebPage","@id":"https:\/\/noticiasmercedinas.com\/site\/2025\/06\/02\/diez-centimetros-de-diferencia-se-presenta-en-el-teatro-talia-en-unica-funcion\/","url":"https:\/\/noticiasmercedinas.com\/site\/2025\/06\/02\/diez-centimetros-de-diferencia-se-presenta-en-el-teatro-talia-en-unica-funcion\/","name":"\u201cDiez cent\u00edmetros de diferencia\u201d se presenta en el Teatro Tal\u00eda en \u00fanica funci\u00f3n","isPartOf":{"@id":"https:\/\/noticiasmercedinas.com\/site\/#website"},"primaryImageOfPage":{"@id":"https:\/\/noticiasmercedinas.com\/site\/2025\/06\/02\/diez-centimetros-de-diferencia-se-presenta-en-el-teatro-talia-en-unica-funcion\/#primaryimage"},"image":{"@id":"https:\/\/noticiasmercedinas.com\/site\/2025\/06\/02\/diez-centimetros-de-diferencia-se-presenta-en-el-teatro-talia-en-unica-funcion\/#primaryimage"},"thumbnailUrl":"https:\/\/noticiasmercedinas.com\/site\/wp-content\/uploads\/2025\/06\/LICA.jpg","datePublished":"2025-06-02T14:20:10+00:00","dateModified":"2025-06-02T16:05:29+00:00","description":"Se trata de un unipersonal protagonizado por Carolina Eidelman y dirigido por Jos\u00e9 Almada, que llegar\u00e1 a Mercedes en una \u00fanica funci\u00f3n, este s\u00e1bado 7 de junio","breadcrumb":{"@id":"https:\/\/noticiasmercedinas.com\/site\/2025\/06\/02\/diez-centimetros-de-diferencia-se-presenta-en-el-teatro-talia-en-unica-funcion\/#breadcrumb"},"inLanguage":"es","potentialAction":[{"@type":"ReadAction","target":["https:\/\/noticiasmercedinas.com\/site\/2025\/06\/02\/diez-centimetros-de-diferencia-se-presenta-en-el-teatro-talia-en-unica-funcion\/"]}]},{"@type":"ImageObject","inLanguage":"es","@id":"https:\/\/noticiasmercedinas.com\/site\/2025\/06\/02\/diez-centimetros-de-diferencia-se-presenta-en-el-teatro-talia-en-unica-funcion\/#primaryimage","url":"https:\/\/noticiasmercedinas.com\/site\/wp-content\/uploads\/2025\/06\/LICA.jpg","contentUrl":"https:\/\/noticiasmercedinas.com\/site\/wp-content\/uploads\/2025\/06\/LICA.jpg","width":1182,"height":718},{"@type":"BreadcrumbList","@id":"https:\/\/noticiasmercedinas.com\/site\/2025\/06\/02\/diez-centimetros-de-diferencia-se-presenta-en-el-teatro-talia-en-unica-funcion\/#breadcrumb","itemListElement":[{"@type":"ListItem","position":1,"name":"Portada","item":"https:\/\/noticiasmercedinas.com\/site\/"},{"@type":"ListItem","position":2,"name":"\u201cDiez cent\u00edmetros de diferencia\u201d se presenta en el Teatro Tal\u00eda en \u00fanica funci\u00f3n"}]},{"@type":"WebSite","@id":"https:\/\/noticiasmercedinas.com\/site\/#website","url":"https:\/\/noticiasmercedinas.com\/site\/","name":"NOTICIASMERCEDINAS.COM","description":"Mercedes, Buenos Aires, Argentina","publisher":{"@id":"https:\/\/noticiasmercedinas.com\/site\/#organization"},"potentialAction":[{"@type":"SearchAction","target":{"@type":"EntryPoint","urlTemplate":"https:\/\/noticiasmercedinas.com\/site\/?s={search_term_string}"},"query-input":{"@type":"PropertyValueSpecification","valueRequired":true,"valueName":"search_term_string"}}],"inLanguage":"es"},{"@type":"Organization","@id":"https:\/\/noticiasmercedinas.com\/site\/#organization","name":"NOTICIASMERCEDINAS.COM","url":"https:\/\/noticiasmercedinas.com\/site\/","logo":{"@type":"ImageObject","inLanguage":"es","@id":"https:\/\/noticiasmercedinas.com\/site\/#\/schema\/logo\/image\/","url":"https:\/\/noticiasmercedinas.com\/site\/wp-content\/uploads\/2020\/06\/LOGO-512.jpg","contentUrl":"https:\/\/noticiasmercedinas.com\/site\/wp-content\/uploads\/2020\/06\/LOGO-512.jpg","width":512,"height":512,"caption":"NOTICIASMERCEDINAS.COM"},"image":{"@id":"https:\/\/noticiasmercedinas.com\/site\/#\/schema\/logo\/image\/"},"sameAs":["https:\/\/www.facebook.com\/noticiasmercedinas\/","https:\/\/x.com\/notmercedinas","https:\/\/www.instagram.com\/noticiasmercedinas\/"]},{"@type":"Person","@id":"https:\/\/noticiasmercedinas.com\/site\/#\/schema\/person\/84b59c099c28ff2e8b77d4ceec5d8063","name":"NOTICIASMERCEDINAS.COM","image":{"@type":"ImageObject","inLanguage":"es","@id":"https:\/\/secure.gravatar.com\/avatar\/4dfbf16b4d17945bfb6341b2d19043457132fcf478a5ee04f42e959fd8f5df0a?s=96&d=mm&r=g","url":"https:\/\/secure.gravatar.com\/avatar\/4dfbf16b4d17945bfb6341b2d19043457132fcf478a5ee04f42e959fd8f5df0a?s=96&d=mm&r=g","contentUrl":"https:\/\/secure.gravatar.com\/avatar\/4dfbf16b4d17945bfb6341b2d19043457132fcf478a5ee04f42e959fd8f5df0a?s=96&d=mm&r=g","caption":"NOTICIASMERCEDINAS.COM"},"url":"https:\/\/noticiasmercedinas.com\/site\/author\/anonimo\/"}]}},"amp_enabled":true,"_links":{"self":[{"href":"https:\/\/noticiasmercedinas.com\/site\/wp-json\/wp\/v2\/posts\/160771","targetHints":{"allow":["GET"]}}],"collection":[{"href":"https:\/\/noticiasmercedinas.com\/site\/wp-json\/wp\/v2\/posts"}],"about":[{"href":"https:\/\/noticiasmercedinas.com\/site\/wp-json\/wp\/v2\/types\/post"}],"author":[{"embeddable":true,"href":"https:\/\/noticiasmercedinas.com\/site\/wp-json\/wp\/v2\/users\/16"}],"replies":[{"embeddable":true,"href":"https:\/\/noticiasmercedinas.com\/site\/wp-json\/wp\/v2\/comments?post=160771"}],"version-history":[{"count":3,"href":"https:\/\/noticiasmercedinas.com\/site\/wp-json\/wp\/v2\/posts\/160771\/revisions"}],"predecessor-version":[{"id":160816,"href":"https:\/\/noticiasmercedinas.com\/site\/wp-json\/wp\/v2\/posts\/160771\/revisions\/160816"}],"wp:featuredmedia":[{"embeddable":true,"href":"https:\/\/noticiasmercedinas.com\/site\/wp-json\/wp\/v2\/media\/160815"}],"wp:attachment":[{"href":"https:\/\/noticiasmercedinas.com\/site\/wp-json\/wp\/v2\/media?parent=160771"}],"wp:term":[{"taxonomy":"category","embeddable":true,"href":"https:\/\/noticiasmercedinas.com\/site\/wp-json\/wp\/v2\/categories?post=160771"},{"taxonomy":"post_tag","embeddable":true,"href":"https:\/\/noticiasmercedinas.com\/site\/wp-json\/wp\/v2\/tags?post=160771"}],"curies":[{"name":"wp","href":"https:\/\/api.w.org\/{rel}","templated":true}]}}