{"id":160789,"date":"2025-06-02T11:58:44","date_gmt":"2025-06-02T14:58:44","guid":{"rendered":"https:\/\/noticiasmercedinas.com\/site\/?p=160789"},"modified":"2025-06-02T11:58:44","modified_gmt":"2025-06-02T14:58:44","slug":"el-ciclo-universo-cine-proyecta-romeo-y-julieta-1968-este-viernes","status":"publish","type":"post","link":"https:\/\/noticiasmercedinas.com\/site\/2025\/06\/02\/el-ciclo-universo-cine-proyecta-romeo-y-julieta-1968-este-viernes\/","title":{"rendered":"El ciclo \u201cUniverso Cine\u201d proyecta Romeo y Julieta (1968) este viernes"},"content":{"rendered":"<p data-start=\"291\" data-end=\"554\"><img loading=\"lazy\" decoding=\"async\" class=\"alignnone size-full wp-image-160790\" src=\"https:\/\/noticiasmercedinas.com\/site\/wp-content\/uploads\/2025\/06\/daPiSBV6j02w4dAqpONa1ZQSfRr.jpg\" alt=\"\" width=\"1280\" height=\"721\" srcset=\"https:\/\/noticiasmercedinas.com\/site\/wp-content\/uploads\/2025\/06\/daPiSBV6j02w4dAqpONa1ZQSfRr.jpg 1280w, https:\/\/noticiasmercedinas.com\/site\/wp-content\/uploads\/2025\/06\/daPiSBV6j02w4dAqpONa1ZQSfRr-300x169.jpg 300w, https:\/\/noticiasmercedinas.com\/site\/wp-content\/uploads\/2025\/06\/daPiSBV6j02w4dAqpONa1ZQSfRr-1024x577.jpg 1024w, https:\/\/noticiasmercedinas.com\/site\/wp-content\/uploads\/2025\/06\/daPiSBV6j02w4dAqpONa1ZQSfRr-768x433.jpg 768w, https:\/\/noticiasmercedinas.com\/site\/wp-content\/uploads\/2025\/06\/daPiSBV6j02w4dAqpONa1ZQSfRr-640x361.jpg 640w, https:\/\/noticiasmercedinas.com\/site\/wp-content\/uploads\/2025\/06\/daPiSBV6j02w4dAqpONa1ZQSfRr-681x384.jpg 681w\" sizes=\"auto, (max-width: 1280px) 100vw, 1280px\" \/><\/p>\n<p data-start=\"291\" data-end=\"554\">Este viernes 6 de junio a las 19:00 horas (puntual) se llevar\u00e1 a cabo una nueva funci\u00f3n del cl\u00e1sico ciclo <strong data-start=\"397\" data-end=\"416\">\u201cUniverso Cine\u201d<\/strong>, coordinado por <strong data-start=\"433\" data-end=\"459\">Carlos Mar\u00eda Dieuzeide<\/strong>, en el sal\u00f3n de actos \u00abDr. Arturo Acu\u00f1a Anzorena\u00bb, ubicado en <strong data-start=\"522\" data-end=\"553\">calle 24 N\u00b0705, primer piso<\/strong>.<\/p>\n<p data-start=\"556\" data-end=\"748\">En esta oportunidad se proyectar\u00e1 la inolvidable versi\u00f3n cinematogr\u00e1fica de <em data-start=\"632\" data-end=\"649\">Romeo y Julieta<\/em> (1968), dirigida por <strong data-start=\"671\" data-end=\"692\">Franco Zeffirelli<\/strong> y basada en la c\u00e9lebre obra de <strong data-start=\"724\" data-end=\"747\">William Shakespeare<\/strong>.<\/p>\n<p data-start=\"750\" data-end=\"947\">La pel\u00edcula, que ha marcado a generaciones, cuenta con las actuaciones de <strong data-start=\"824\" data-end=\"843\">Leonard Whiting<\/strong>, <strong data-start=\"845\" data-end=\"862\">Olivia Hussey<\/strong>, <strong data-start=\"864\" data-end=\"880\">Michael York<\/strong>, <strong data-start=\"882\" data-end=\"898\">John McEnery<\/strong>, <strong data-start=\"900\" data-end=\"915\">Milo O\u2019Shea<\/strong> y <strong data-start=\"918\" data-end=\"933\">Pat Heywood<\/strong>, entre otros.<\/p>\n<p data-start=\"949\" data-end=\"1171\">La historia gira en torno al amor imposible entre Romeo y Julieta, j\u00f3venes pertenecientes a familias enfrentadas \u2014los Montesco y los Capuleto\u2014, y c\u00f3mo ese v\u00ednculo se convierte en el eje central de una tragedia inolvidable.<\/p>\n<p data-start=\"1173\" data-end=\"1279\">Quienes deseen participar de la funci\u00f3n pueden inscribirse escribiendo a: &#x1f4e9; <strong data-start=\"1250\" data-end=\"1279\"><a class=\"cursor-pointer\" rel=\"noopener\" data-start=\"1252\" data-end=\"1277\">gerente@camercedes.org.ar<\/a><\/strong><\/p>\n","protected":false},"excerpt":{"rendered":"<p>\u25a0 A las 19:00 horas (puntual) se llevar\u00e1 a cabo una nueva funci\u00f3n del cl\u00e1sico ciclo \u201cUniverso Cine\u201d, coordinado por Carlos Mar\u00eda Dieuzeide, en el sal\u00f3n de actos \u00abDr. Arturo Acu\u00f1a Anzorena\u00bb, ubicado en calle 24 N\u00b0705,<\/p>\n","protected":false},"author":16,"featured_media":160790,"comment_status":"closed","ping_status":"closed","sticky":false,"template":"","format":"standard","meta":{"footnotes":""},"categories":[4],"tags":[17235,412,560,20230,18819],"class_list":["post-160789","post","type-post","status-publish","format-standard","has-post-thumbnail","hentry","category-cultura","tag-carlos-maria-dieuzeide","tag-cine","tag-colegio-de-abogados","tag-romeo-y-julieta","tag-universo-cine"],"yoast_head":"<!-- This site is optimized with the Yoast SEO plugin v27.4 - https:\/\/yoast.com\/product\/yoast-seo-wordpress\/ -->\n<title>El ciclo \u201cUniverso Cine\u201d proyecta Romeo y Julieta (1968) este viernes<\/title>\n<meta name=\"description\" content=\"A las 19:00 horas (puntual) se llevar\u00e1 a cabo una nueva funci\u00f3n del cl\u00e1sico ciclo \u201cUniverso Cine\u201d, coordinado por Carlos Mar\u00eda Dieuzeide, en el sal\u00f3n de actos &quot;Dr. Arturo Acu\u00f1a Anzorena&quot;, ubicado en calle 24 N\u00b0705,\" \/>\n<meta name=\"robots\" content=\"index, follow, max-snippet:-1, max-image-preview:large, max-video-preview:-1\" \/>\n<link rel=\"canonical\" href=\"https:\/\/noticiasmercedinas.com\/site\/2025\/06\/02\/el-ciclo-universo-cine-proyecta-romeo-y-julieta-1968-este-viernes\/\" \/>\n<meta property=\"og:locale\" content=\"es_ES\" \/>\n<meta property=\"og:type\" content=\"article\" \/>\n<meta property=\"og:title\" content=\"El ciclo \u201cUniverso Cine\u201d proyecta Romeo y Julieta (1968) este viernes\" \/>\n<meta property=\"og:description\" content=\"A las 19:00 horas (puntual) se llevar\u00e1 a cabo una nueva funci\u00f3n del cl\u00e1sico ciclo \u201cUniverso Cine\u201d, coordinado por Carlos Mar\u00eda Dieuzeide, en el sal\u00f3n de actos &quot;Dr. Arturo Acu\u00f1a Anzorena&quot;, ubicado en calle 24 N\u00b0705,\" \/>\n<meta property=\"og:url\" content=\"https:\/\/noticiasmercedinas.com\/site\/2025\/06\/02\/el-ciclo-universo-cine-proyecta-romeo-y-julieta-1968-este-viernes\/\" \/>\n<meta property=\"og:site_name\" content=\"NOTICIASMERCEDINAS.COM\" \/>\n<meta property=\"article:publisher\" content=\"https:\/\/www.facebook.com\/noticiasmercedinas\/\" \/>\n<meta property=\"article:published_time\" content=\"2025-06-02T14:58:44+00:00\" \/>\n<meta property=\"og:image\" content=\"https:\/\/noticiasmercedinas.com\/site\/wp-content\/uploads\/2025\/06\/daPiSBV6j02w4dAqpONa1ZQSfRr.jpg\" \/>\n\t<meta property=\"og:image:width\" content=\"1280\" \/>\n\t<meta property=\"og:image:height\" content=\"721\" \/>\n\t<meta property=\"og:image:type\" content=\"image\/jpeg\" \/>\n<meta name=\"author\" content=\"NOTICIASMERCEDINAS.COM\" \/>\n<meta name=\"twitter:card\" content=\"summary_large_image\" \/>\n<meta name=\"twitter:creator\" content=\"@notmercedinas\" \/>\n<meta name=\"twitter:site\" content=\"@notmercedinas\" \/>\n<meta name=\"twitter:label1\" content=\"Escrito por\" \/>\n\t<meta name=\"twitter:data1\" content=\"NOTICIASMERCEDINAS.COM\" \/>\n\t<meta name=\"twitter:label2\" content=\"Tiempo de lectura\" \/>\n\t<meta name=\"twitter:data2\" content=\"2 minutos\" \/>\n<script type=\"application\/ld+json\" class=\"yoast-schema-graph\">{\"@context\":\"https:\\\/\\\/schema.org\",\"@graph\":[{\"@type\":\"Article\",\"@id\":\"https:\\\/\\\/noticiasmercedinas.com\\\/site\\\/2025\\\/06\\\/02\\\/el-ciclo-universo-cine-proyecta-romeo-y-julieta-1968-este-viernes\\\/#article\",\"isPartOf\":{\"@id\":\"https:\\\/\\\/noticiasmercedinas.com\\\/site\\\/2025\\\/06\\\/02\\\/el-ciclo-universo-cine-proyecta-romeo-y-julieta-1968-este-viernes\\\/\"},\"author\":{\"name\":\"NOTICIASMERCEDINAS.COM\",\"@id\":\"https:\\\/\\\/noticiasmercedinas.com\\\/site\\\/#\\\/schema\\\/person\\\/84b59c099c28ff2e8b77d4ceec5d8063\"},\"headline\":\"El ciclo \u201cUniverso Cine\u201d proyecta Romeo y Julieta (1968) este viernes\",\"datePublished\":\"2025-06-02T14:58:44+00:00\",\"mainEntityOfPage\":{\"@id\":\"https:\\\/\\\/noticiasmercedinas.com\\\/site\\\/2025\\\/06\\\/02\\\/el-ciclo-universo-cine-proyecta-romeo-y-julieta-1968-este-viernes\\\/\"},\"wordCount\":170,\"publisher\":{\"@id\":\"https:\\\/\\\/noticiasmercedinas.com\\\/site\\\/#organization\"},\"image\":{\"@id\":\"https:\\\/\\\/noticiasmercedinas.com\\\/site\\\/2025\\\/06\\\/02\\\/el-ciclo-universo-cine-proyecta-romeo-y-julieta-1968-este-viernes\\\/#primaryimage\"},\"thumbnailUrl\":\"https:\\\/\\\/noticiasmercedinas.com\\\/site\\\/wp-content\\\/uploads\\\/2025\\\/06\\\/daPiSBV6j02w4dAqpONa1ZQSfRr.jpg\",\"keywords\":[\"Carlos Mar\u00eda Dieuzeide\",\"cine\",\"colegio de abogados\",\"romeo y julieta\",\"universo cine\"],\"articleSection\":[\"Cultura\"],\"inLanguage\":\"es\"},{\"@type\":\"WebPage\",\"@id\":\"https:\\\/\\\/noticiasmercedinas.com\\\/site\\\/2025\\\/06\\\/02\\\/el-ciclo-universo-cine-proyecta-romeo-y-julieta-1968-este-viernes\\\/\",\"url\":\"https:\\\/\\\/noticiasmercedinas.com\\\/site\\\/2025\\\/06\\\/02\\\/el-ciclo-universo-cine-proyecta-romeo-y-julieta-1968-este-viernes\\\/\",\"name\":\"El ciclo \u201cUniverso Cine\u201d proyecta Romeo y Julieta (1968) este viernes\",\"isPartOf\":{\"@id\":\"https:\\\/\\\/noticiasmercedinas.com\\\/site\\\/#website\"},\"primaryImageOfPage\":{\"@id\":\"https:\\\/\\\/noticiasmercedinas.com\\\/site\\\/2025\\\/06\\\/02\\\/el-ciclo-universo-cine-proyecta-romeo-y-julieta-1968-este-viernes\\\/#primaryimage\"},\"image\":{\"@id\":\"https:\\\/\\\/noticiasmercedinas.com\\\/site\\\/2025\\\/06\\\/02\\\/el-ciclo-universo-cine-proyecta-romeo-y-julieta-1968-este-viernes\\\/#primaryimage\"},\"thumbnailUrl\":\"https:\\\/\\\/noticiasmercedinas.com\\\/site\\\/wp-content\\\/uploads\\\/2025\\\/06\\\/daPiSBV6j02w4dAqpONa1ZQSfRr.jpg\",\"datePublished\":\"2025-06-02T14:58:44+00:00\",\"description\":\"A las 19:00 horas (puntual) se llevar\u00e1 a cabo una nueva funci\u00f3n del cl\u00e1sico ciclo \u201cUniverso Cine\u201d, coordinado por Carlos Mar\u00eda Dieuzeide, en el sal\u00f3n de actos \\\"Dr. Arturo Acu\u00f1a Anzorena\\\", ubicado en calle 24 N\u00b0705,\",\"breadcrumb\":{\"@id\":\"https:\\\/\\\/noticiasmercedinas.com\\\/site\\\/2025\\\/06\\\/02\\\/el-ciclo-universo-cine-proyecta-romeo-y-julieta-1968-este-viernes\\\/#breadcrumb\"},\"inLanguage\":\"es\",\"potentialAction\":[{\"@type\":\"ReadAction\",\"target\":[\"https:\\\/\\\/noticiasmercedinas.com\\\/site\\\/2025\\\/06\\\/02\\\/el-ciclo-universo-cine-proyecta-romeo-y-julieta-1968-este-viernes\\\/\"]}]},{\"@type\":\"ImageObject\",\"inLanguage\":\"es\",\"@id\":\"https:\\\/\\\/noticiasmercedinas.com\\\/site\\\/2025\\\/06\\\/02\\\/el-ciclo-universo-cine-proyecta-romeo-y-julieta-1968-este-viernes\\\/#primaryimage\",\"url\":\"https:\\\/\\\/noticiasmercedinas.com\\\/site\\\/wp-content\\\/uploads\\\/2025\\\/06\\\/daPiSBV6j02w4dAqpONa1ZQSfRr.jpg\",\"contentUrl\":\"https:\\\/\\\/noticiasmercedinas.com\\\/site\\\/wp-content\\\/uploads\\\/2025\\\/06\\\/daPiSBV6j02w4dAqpONa1ZQSfRr.jpg\",\"width\":1280,\"height\":721},{\"@type\":\"BreadcrumbList\",\"@id\":\"https:\\\/\\\/noticiasmercedinas.com\\\/site\\\/2025\\\/06\\\/02\\\/el-ciclo-universo-cine-proyecta-romeo-y-julieta-1968-este-viernes\\\/#breadcrumb\",\"itemListElement\":[{\"@type\":\"ListItem\",\"position\":1,\"name\":\"Portada\",\"item\":\"https:\\\/\\\/noticiasmercedinas.com\\\/site\\\/\"},{\"@type\":\"ListItem\",\"position\":2,\"name\":\"El ciclo \u201cUniverso Cine\u201d proyecta Romeo y Julieta (1968) este viernes\"}]},{\"@type\":\"WebSite\",\"@id\":\"https:\\\/\\\/noticiasmercedinas.com\\\/site\\\/#website\",\"url\":\"https:\\\/\\\/noticiasmercedinas.com\\\/site\\\/\",\"name\":\"NOTICIASMERCEDINAS.COM\",\"description\":\"Mercedes, Buenos Aires, Argentina\",\"publisher\":{\"@id\":\"https:\\\/\\\/noticiasmercedinas.com\\\/site\\\/#organization\"},\"potentialAction\":[{\"@type\":\"SearchAction\",\"target\":{\"@type\":\"EntryPoint\",\"urlTemplate\":\"https:\\\/\\\/noticiasmercedinas.com\\\/site\\\/?s={search_term_string}\"},\"query-input\":{\"@type\":\"PropertyValueSpecification\",\"valueRequired\":true,\"valueName\":\"search_term_string\"}}],\"inLanguage\":\"es\"},{\"@type\":\"Organization\",\"@id\":\"https:\\\/\\\/noticiasmercedinas.com\\\/site\\\/#organization\",\"name\":\"NOTICIASMERCEDINAS.COM\",\"url\":\"https:\\\/\\\/noticiasmercedinas.com\\\/site\\\/\",\"logo\":{\"@type\":\"ImageObject\",\"inLanguage\":\"es\",\"@id\":\"https:\\\/\\\/noticiasmercedinas.com\\\/site\\\/#\\\/schema\\\/logo\\\/image\\\/\",\"url\":\"https:\\\/\\\/noticiasmercedinas.com\\\/site\\\/wp-content\\\/uploads\\\/2020\\\/06\\\/LOGO-512.jpg\",\"contentUrl\":\"https:\\\/\\\/noticiasmercedinas.com\\\/site\\\/wp-content\\\/uploads\\\/2020\\\/06\\\/LOGO-512.jpg\",\"width\":512,\"height\":512,\"caption\":\"NOTICIASMERCEDINAS.COM\"},\"image\":{\"@id\":\"https:\\\/\\\/noticiasmercedinas.com\\\/site\\\/#\\\/schema\\\/logo\\\/image\\\/\"},\"sameAs\":[\"https:\\\/\\\/www.facebook.com\\\/noticiasmercedinas\\\/\",\"https:\\\/\\\/x.com\\\/notmercedinas\",\"https:\\\/\\\/www.instagram.com\\\/noticiasmercedinas\\\/\"]},{\"@type\":\"Person\",\"@id\":\"https:\\\/\\\/noticiasmercedinas.com\\\/site\\\/#\\\/schema\\\/person\\\/84b59c099c28ff2e8b77d4ceec5d8063\",\"name\":\"NOTICIASMERCEDINAS.COM\",\"image\":{\"@type\":\"ImageObject\",\"inLanguage\":\"es\",\"@id\":\"https:\\\/\\\/secure.gravatar.com\\\/avatar\\\/4dfbf16b4d17945bfb6341b2d19043457132fcf478a5ee04f42e959fd8f5df0a?s=96&d=mm&r=g\",\"url\":\"https:\\\/\\\/secure.gravatar.com\\\/avatar\\\/4dfbf16b4d17945bfb6341b2d19043457132fcf478a5ee04f42e959fd8f5df0a?s=96&d=mm&r=g\",\"contentUrl\":\"https:\\\/\\\/secure.gravatar.com\\\/avatar\\\/4dfbf16b4d17945bfb6341b2d19043457132fcf478a5ee04f42e959fd8f5df0a?s=96&d=mm&r=g\",\"caption\":\"NOTICIASMERCEDINAS.COM\"},\"url\":\"https:\\\/\\\/noticiasmercedinas.com\\\/site\\\/author\\\/anonimo\\\/\"}]}<\/script>\n<!-- \/ Yoast SEO plugin. -->","yoast_head_json":{"title":"El ciclo \u201cUniverso Cine\u201d proyecta Romeo y Julieta (1968) este viernes","description":"A las 19:00 horas (puntual) se llevar\u00e1 a cabo una nueva funci\u00f3n del cl\u00e1sico ciclo \u201cUniverso Cine\u201d, coordinado por Carlos Mar\u00eda Dieuzeide, en el sal\u00f3n de actos \"Dr. Arturo Acu\u00f1a Anzorena\", ubicado en calle 24 N\u00b0705,","robots":{"index":"index","follow":"follow","max-snippet":"max-snippet:-1","max-image-preview":"max-image-preview:large","max-video-preview":"max-video-preview:-1"},"canonical":"https:\/\/noticiasmercedinas.com\/site\/2025\/06\/02\/el-ciclo-universo-cine-proyecta-romeo-y-julieta-1968-este-viernes\/","og_locale":"es_ES","og_type":"article","og_title":"El ciclo \u201cUniverso Cine\u201d proyecta Romeo y Julieta (1968) este viernes","og_description":"A las 19:00 horas (puntual) se llevar\u00e1 a cabo una nueva funci\u00f3n del cl\u00e1sico ciclo \u201cUniverso Cine\u201d, coordinado por Carlos Mar\u00eda Dieuzeide, en el sal\u00f3n de actos \"Dr. Arturo Acu\u00f1a Anzorena\", ubicado en calle 24 N\u00b0705,","og_url":"https:\/\/noticiasmercedinas.com\/site\/2025\/06\/02\/el-ciclo-universo-cine-proyecta-romeo-y-julieta-1968-este-viernes\/","og_site_name":"NOTICIASMERCEDINAS.COM","article_publisher":"https:\/\/www.facebook.com\/noticiasmercedinas\/","article_published_time":"2025-06-02T14:58:44+00:00","og_image":[{"width":1280,"height":721,"url":"https:\/\/noticiasmercedinas.com\/site\/wp-content\/uploads\/2025\/06\/daPiSBV6j02w4dAqpONa1ZQSfRr.jpg","type":"image\/jpeg"}],"author":"NOTICIASMERCEDINAS.COM","twitter_card":"summary_large_image","twitter_creator":"@notmercedinas","twitter_site":"@notmercedinas","twitter_misc":{"Escrito por":"NOTICIASMERCEDINAS.COM","Tiempo de lectura":"2 minutos"},"schema":{"@context":"https:\/\/schema.org","@graph":[{"@type":"Article","@id":"https:\/\/noticiasmercedinas.com\/site\/2025\/06\/02\/el-ciclo-universo-cine-proyecta-romeo-y-julieta-1968-este-viernes\/#article","isPartOf":{"@id":"https:\/\/noticiasmercedinas.com\/site\/2025\/06\/02\/el-ciclo-universo-cine-proyecta-romeo-y-julieta-1968-este-viernes\/"},"author":{"name":"NOTICIASMERCEDINAS.COM","@id":"https:\/\/noticiasmercedinas.com\/site\/#\/schema\/person\/84b59c099c28ff2e8b77d4ceec5d8063"},"headline":"El ciclo \u201cUniverso Cine\u201d proyecta Romeo y Julieta (1968) este viernes","datePublished":"2025-06-02T14:58:44+00:00","mainEntityOfPage":{"@id":"https:\/\/noticiasmercedinas.com\/site\/2025\/06\/02\/el-ciclo-universo-cine-proyecta-romeo-y-julieta-1968-este-viernes\/"},"wordCount":170,"publisher":{"@id":"https:\/\/noticiasmercedinas.com\/site\/#organization"},"image":{"@id":"https:\/\/noticiasmercedinas.com\/site\/2025\/06\/02\/el-ciclo-universo-cine-proyecta-romeo-y-julieta-1968-este-viernes\/#primaryimage"},"thumbnailUrl":"https:\/\/noticiasmercedinas.com\/site\/wp-content\/uploads\/2025\/06\/daPiSBV6j02w4dAqpONa1ZQSfRr.jpg","keywords":["Carlos Mar\u00eda Dieuzeide","cine","colegio de abogados","romeo y julieta","universo cine"],"articleSection":["Cultura"],"inLanguage":"es"},{"@type":"WebPage","@id":"https:\/\/noticiasmercedinas.com\/site\/2025\/06\/02\/el-ciclo-universo-cine-proyecta-romeo-y-julieta-1968-este-viernes\/","url":"https:\/\/noticiasmercedinas.com\/site\/2025\/06\/02\/el-ciclo-universo-cine-proyecta-romeo-y-julieta-1968-este-viernes\/","name":"El ciclo \u201cUniverso Cine\u201d proyecta Romeo y Julieta (1968) este viernes","isPartOf":{"@id":"https:\/\/noticiasmercedinas.com\/site\/#website"},"primaryImageOfPage":{"@id":"https:\/\/noticiasmercedinas.com\/site\/2025\/06\/02\/el-ciclo-universo-cine-proyecta-romeo-y-julieta-1968-este-viernes\/#primaryimage"},"image":{"@id":"https:\/\/noticiasmercedinas.com\/site\/2025\/06\/02\/el-ciclo-universo-cine-proyecta-romeo-y-julieta-1968-este-viernes\/#primaryimage"},"thumbnailUrl":"https:\/\/noticiasmercedinas.com\/site\/wp-content\/uploads\/2025\/06\/daPiSBV6j02w4dAqpONa1ZQSfRr.jpg","datePublished":"2025-06-02T14:58:44+00:00","description":"A las 19:00 horas (puntual) se llevar\u00e1 a cabo una nueva funci\u00f3n del cl\u00e1sico ciclo \u201cUniverso Cine\u201d, coordinado por Carlos Mar\u00eda Dieuzeide, en el sal\u00f3n de actos \"Dr. Arturo Acu\u00f1a Anzorena\", ubicado en calle 24 N\u00b0705,","breadcrumb":{"@id":"https:\/\/noticiasmercedinas.com\/site\/2025\/06\/02\/el-ciclo-universo-cine-proyecta-romeo-y-julieta-1968-este-viernes\/#breadcrumb"},"inLanguage":"es","potentialAction":[{"@type":"ReadAction","target":["https:\/\/noticiasmercedinas.com\/site\/2025\/06\/02\/el-ciclo-universo-cine-proyecta-romeo-y-julieta-1968-este-viernes\/"]}]},{"@type":"ImageObject","inLanguage":"es","@id":"https:\/\/noticiasmercedinas.com\/site\/2025\/06\/02\/el-ciclo-universo-cine-proyecta-romeo-y-julieta-1968-este-viernes\/#primaryimage","url":"https:\/\/noticiasmercedinas.com\/site\/wp-content\/uploads\/2025\/06\/daPiSBV6j02w4dAqpONa1ZQSfRr.jpg","contentUrl":"https:\/\/noticiasmercedinas.com\/site\/wp-content\/uploads\/2025\/06\/daPiSBV6j02w4dAqpONa1ZQSfRr.jpg","width":1280,"height":721},{"@type":"BreadcrumbList","@id":"https:\/\/noticiasmercedinas.com\/site\/2025\/06\/02\/el-ciclo-universo-cine-proyecta-romeo-y-julieta-1968-este-viernes\/#breadcrumb","itemListElement":[{"@type":"ListItem","position":1,"name":"Portada","item":"https:\/\/noticiasmercedinas.com\/site\/"},{"@type":"ListItem","position":2,"name":"El ciclo \u201cUniverso Cine\u201d proyecta Romeo y Julieta (1968) este viernes"}]},{"@type":"WebSite","@id":"https:\/\/noticiasmercedinas.com\/site\/#website","url":"https:\/\/noticiasmercedinas.com\/site\/","name":"NOTICIASMERCEDINAS.COM","description":"Mercedes, Buenos Aires, Argentina","publisher":{"@id":"https:\/\/noticiasmercedinas.com\/site\/#organization"},"potentialAction":[{"@type":"SearchAction","target":{"@type":"EntryPoint","urlTemplate":"https:\/\/noticiasmercedinas.com\/site\/?s={search_term_string}"},"query-input":{"@type":"PropertyValueSpecification","valueRequired":true,"valueName":"search_term_string"}}],"inLanguage":"es"},{"@type":"Organization","@id":"https:\/\/noticiasmercedinas.com\/site\/#organization","name":"NOTICIASMERCEDINAS.COM","url":"https:\/\/noticiasmercedinas.com\/site\/","logo":{"@type":"ImageObject","inLanguage":"es","@id":"https:\/\/noticiasmercedinas.com\/site\/#\/schema\/logo\/image\/","url":"https:\/\/noticiasmercedinas.com\/site\/wp-content\/uploads\/2020\/06\/LOGO-512.jpg","contentUrl":"https:\/\/noticiasmercedinas.com\/site\/wp-content\/uploads\/2020\/06\/LOGO-512.jpg","width":512,"height":512,"caption":"NOTICIASMERCEDINAS.COM"},"image":{"@id":"https:\/\/noticiasmercedinas.com\/site\/#\/schema\/logo\/image\/"},"sameAs":["https:\/\/www.facebook.com\/noticiasmercedinas\/","https:\/\/x.com\/notmercedinas","https:\/\/www.instagram.com\/noticiasmercedinas\/"]},{"@type":"Person","@id":"https:\/\/noticiasmercedinas.com\/site\/#\/schema\/person\/84b59c099c28ff2e8b77d4ceec5d8063","name":"NOTICIASMERCEDINAS.COM","image":{"@type":"ImageObject","inLanguage":"es","@id":"https:\/\/secure.gravatar.com\/avatar\/4dfbf16b4d17945bfb6341b2d19043457132fcf478a5ee04f42e959fd8f5df0a?s=96&d=mm&r=g","url":"https:\/\/secure.gravatar.com\/avatar\/4dfbf16b4d17945bfb6341b2d19043457132fcf478a5ee04f42e959fd8f5df0a?s=96&d=mm&r=g","contentUrl":"https:\/\/secure.gravatar.com\/avatar\/4dfbf16b4d17945bfb6341b2d19043457132fcf478a5ee04f42e959fd8f5df0a?s=96&d=mm&r=g","caption":"NOTICIASMERCEDINAS.COM"},"url":"https:\/\/noticiasmercedinas.com\/site\/author\/anonimo\/"}]}},"amp_enabled":true,"_links":{"self":[{"href":"https:\/\/noticiasmercedinas.com\/site\/wp-json\/wp\/v2\/posts\/160789","targetHints":{"allow":["GET"]}}],"collection":[{"href":"https:\/\/noticiasmercedinas.com\/site\/wp-json\/wp\/v2\/posts"}],"about":[{"href":"https:\/\/noticiasmercedinas.com\/site\/wp-json\/wp\/v2\/types\/post"}],"author":[{"embeddable":true,"href":"https:\/\/noticiasmercedinas.com\/site\/wp-json\/wp\/v2\/users\/16"}],"replies":[{"embeddable":true,"href":"https:\/\/noticiasmercedinas.com\/site\/wp-json\/wp\/v2\/comments?post=160789"}],"version-history":[{"count":1,"href":"https:\/\/noticiasmercedinas.com\/site\/wp-json\/wp\/v2\/posts\/160789\/revisions"}],"predecessor-version":[{"id":160791,"href":"https:\/\/noticiasmercedinas.com\/site\/wp-json\/wp\/v2\/posts\/160789\/revisions\/160791"}],"wp:featuredmedia":[{"embeddable":true,"href":"https:\/\/noticiasmercedinas.com\/site\/wp-json\/wp\/v2\/media\/160790"}],"wp:attachment":[{"href":"https:\/\/noticiasmercedinas.com\/site\/wp-json\/wp\/v2\/media?parent=160789"}],"wp:term":[{"taxonomy":"category","embeddable":true,"href":"https:\/\/noticiasmercedinas.com\/site\/wp-json\/wp\/v2\/categories?post=160789"},{"taxonomy":"post_tag","embeddable":true,"href":"https:\/\/noticiasmercedinas.com\/site\/wp-json\/wp\/v2\/tags?post=160789"}],"curies":[{"name":"wp","href":"https:\/\/api.w.org\/{rel}","templated":true}]}}