{"id":160825,"date":"2025-06-02T17:32:45","date_gmt":"2025-06-02T20:32:45","guid":{"rendered":"https:\/\/noticiasmercedinas.com\/site\/?p=160825"},"modified":"2025-06-02T17:43:15","modified_gmt":"2025-06-02T20:43:15","slug":"piden-colaboracion-por-dos-motos-robadas-este-domingo-en-distintos-lugares-de-mercedes","status":"publish","type":"post","link":"https:\/\/noticiasmercedinas.com\/site\/2025\/06\/02\/piden-colaboracion-por-dos-motos-robadas-este-domingo-en-distintos-lugares-de-mercedes\/","title":{"rendered":"Piden colaboraci\u00f3n por dos motos robadas este domingo en distintos lugares de Mercedes"},"content":{"rendered":"<p data-start=\"219\" data-end=\"505\"><img loading=\"lazy\" decoding=\"async\" class=\"alignnone size-full wp-image-160827\" src=\"https:\/\/noticiasmercedinas.com\/site\/wp-content\/uploads\/2025\/06\/466c4c34-7344-45db-8cd7-4b2ceb4f939d-e1748896144723.jpg\" alt=\"\" width=\"1204\" height=\"767\" srcset=\"https:\/\/noticiasmercedinas.com\/site\/wp-content\/uploads\/2025\/06\/466c4c34-7344-45db-8cd7-4b2ceb4f939d-e1748896144723.jpg 1204w, https:\/\/noticiasmercedinas.com\/site\/wp-content\/uploads\/2025\/06\/466c4c34-7344-45db-8cd7-4b2ceb4f939d-e1748896144723-300x191.jpg 300w, https:\/\/noticiasmercedinas.com\/site\/wp-content\/uploads\/2025\/06\/466c4c34-7344-45db-8cd7-4b2ceb4f939d-e1748896144723-1024x652.jpg 1024w, https:\/\/noticiasmercedinas.com\/site\/wp-content\/uploads\/2025\/06\/466c4c34-7344-45db-8cd7-4b2ceb4f939d-e1748896144723-768x489.jpg 768w, https:\/\/noticiasmercedinas.com\/site\/wp-content\/uploads\/2025\/06\/466c4c34-7344-45db-8cd7-4b2ceb4f939d-e1748896144723-640x408.jpg 640w, https:\/\/noticiasmercedinas.com\/site\/wp-content\/uploads\/2025\/06\/466c4c34-7344-45db-8cd7-4b2ceb4f939d-e1748896144723-681x434.jpg 681w\" sizes=\"auto, (max-width: 1204px) 100vw, 1204px\" \/><\/p>\n<p data-start=\"219\" data-end=\"505\">Durante la jornada del domingo se denunciaron dos robos de motos en distintos puntos de la ciudad de Mercedes. A trav\u00e9s de redes sociales, las personas damnificadas solicitan colaboraci\u00f3n para dar con el paradero de los veh\u00edculos e incluso en uno de los casos se ofrece recompensa por cualquier informaci\u00f3n \u00fatil.<\/p>\n<p data-start=\"507\" data-end=\"879\">Una de las motos sustra\u00eddas es una <strong data-start=\"542\" data-end=\"573\">Gilera Smash 110 color azul<\/strong>, robada en horas de la noche. El hecho ocurri\u00f3 alrededor de las <strong data-start=\"638\" data-end=\"674\">22:30 en la zona de calle 15 y 4<\/strong>, frente a una parrilla del barrio conocido como Los Velezanos. La v\u00edctima, <strong data-start=\"750\" data-end=\"776\">Miguel Bustos Berrondo<\/strong>, difundi\u00f3 el n\u00famero de patente (A127WPB) y pidi\u00f3 que cualquier dato sea comunicado por redes sociales (<a href=\"https:\/\/www.facebook.com\/miguel.bustosberrondo\">https:\/\/www.facebook.com\/miguel.bustosberrondo<\/a>)<\/p>\n<p data-start=\"881\" data-end=\"1502\">La otra moto robada es una <strong data-start=\"908\" data-end=\"926\">Yamaha XTZ 125<\/strong>, propiedad de <strong data-start=\"941\" data-end=\"960\">Candela Dematei<\/strong>, quien tambi\u00e9n difundi\u00f3 su b\u00fasqueda a trav\u00e9s de Instagram (<a href=\"https:\/\/www.instagram.com\/ccande.dematei\/\">https:\/\/www.instagram.com\/ccande.dematei\/<\/a>).<\/p>\n<p data-start=\"881\" data-end=\"1502\">El robo ocurri\u00f3 el <strong data-start=\"1039\" data-end=\"1062\">domingo al mediod\u00eda<\/strong>, alrededor de las <strong data-start=\"1081\" data-end=\"1093\">12:30 hs<\/strong>, en <strong data-start=\"1098\" data-end=\"1124\">calle 28 entre 43 y 45<\/strong>. Seg\u00fan relat\u00f3 la due\u00f1a, ya se hizo la denuncia correspondiente y la moto tiene pedido de secuestro.<\/p>\n<p data-start=\"881\" data-end=\"1502\">En este \u00faltimo caso, la joven &#8211;que ofrece recompensa&#8211; asegur\u00f3 a este medio que hay sospechas firmes sobre qui\u00e9n podr\u00eda tenerla, pero dijo que \u00abcomo no hay pruebas suficientes, a\u00fan no se pudo proceder con un allanamiento\u00bb. Indic\u00f3 adem\u00e1s que testigos vieron al presunto autor llev\u00e1ndola de tiro.<\/p>\n<p data-start=\"881\" data-end=\"1502\"><img loading=\"lazy\" decoding=\"async\" class=\"alignnone size-full wp-image-160826\" src=\"https:\/\/noticiasmercedinas.com\/site\/wp-content\/uploads\/2025\/06\/494641561_10229361529006043_216828933075950493_n-e1748896049262.jpg\" alt=\"\" width=\"1200\" height=\"1365\" srcset=\"https:\/\/noticiasmercedinas.com\/site\/wp-content\/uploads\/2025\/06\/494641561_10229361529006043_216828933075950493_n-e1748896049262.jpg 1200w, https:\/\/noticiasmercedinas.com\/site\/wp-content\/uploads\/2025\/06\/494641561_10229361529006043_216828933075950493_n-e1748896049262-264x300.jpg 264w, https:\/\/noticiasmercedinas.com\/site\/wp-content\/uploads\/2025\/06\/494641561_10229361529006043_216828933075950493_n-e1748896049262-900x1024.jpg 900w, https:\/\/noticiasmercedinas.com\/site\/wp-content\/uploads\/2025\/06\/494641561_10229361529006043_216828933075950493_n-e1748896049262-768x874.jpg 768w, https:\/\/noticiasmercedinas.com\/site\/wp-content\/uploads\/2025\/06\/494641561_10229361529006043_216828933075950493_n-e1748896049262-640x728.jpg 640w, https:\/\/noticiasmercedinas.com\/site\/wp-content\/uploads\/2025\/06\/494641561_10229361529006043_216828933075950493_n-e1748896049262-681x775.jpg 681w\" sizes=\"auto, (max-width: 1200px) 100vw, 1200px\" \/><\/p>\n","protected":false},"excerpt":{"rendered":"<p>\u25a0 A trav\u00e9s de redes sociales, las personas damnificadas solicitan colaboraci\u00f3n para dar con el paradero de los veh\u00edculos e incluso en uno de los casos se ofrece recompensa por cualquier informaci\u00f3n \u00fatil.<\/p>\n","protected":false},"author":16,"featured_media":160827,"comment_status":"closed","ping_status":"closed","sticky":false,"template":"","format":"standard","meta":{"footnotes":""},"categories":[7],"tags":[3155,655,425],"class_list":["post-160825","post","type-post","status-publish","format-standard","has-post-thumbnail","hentry","category-policiales","tag-motos","tag-redes-sociales","tag-robo"],"yoast_head":"<!-- This site is optimized with the Yoast SEO plugin v27.4 - https:\/\/yoast.com\/product\/yoast-seo-wordpress\/ -->\n<title>Piden colaboraci\u00f3n por dos motos robadas este domingo en distintos lugares de Mercedes<\/title>\n<meta name=\"description\" content=\"A trav\u00e9s de redes sociales, las personas damnificadas solicitan colaboraci\u00f3n para dar con el paradero de los veh\u00edculos e incluso en uno de los casos se ofrece recompensa por cualquier informaci\u00f3n \u00fatil.\" \/>\n<meta name=\"robots\" content=\"index, follow, max-snippet:-1, max-image-preview:large, max-video-preview:-1\" \/>\n<link rel=\"canonical\" href=\"https:\/\/noticiasmercedinas.com\/site\/2025\/06\/02\/piden-colaboracion-por-dos-motos-robadas-este-domingo-en-distintos-lugares-de-mercedes\/\" \/>\n<meta property=\"og:locale\" content=\"es_ES\" \/>\n<meta property=\"og:type\" content=\"article\" \/>\n<meta property=\"og:title\" content=\"Piden colaboraci\u00f3n por dos motos robadas este domingo en distintos lugares de Mercedes\" \/>\n<meta property=\"og:description\" content=\"A trav\u00e9s de redes sociales, las personas damnificadas solicitan colaboraci\u00f3n para dar con el paradero de los veh\u00edculos e incluso en uno de los casos se ofrece recompensa por cualquier informaci\u00f3n \u00fatil.\" \/>\n<meta property=\"og:url\" content=\"https:\/\/noticiasmercedinas.com\/site\/2025\/06\/02\/piden-colaboracion-por-dos-motos-robadas-este-domingo-en-distintos-lugares-de-mercedes\/\" \/>\n<meta property=\"og:site_name\" content=\"NOTICIASMERCEDINAS.COM\" \/>\n<meta property=\"article:publisher\" content=\"https:\/\/www.facebook.com\/noticiasmercedinas\/\" \/>\n<meta property=\"article:published_time\" content=\"2025-06-02T20:32:45+00:00\" \/>\n<meta property=\"article:modified_time\" content=\"2025-06-02T20:43:15+00:00\" \/>\n<meta property=\"og:image\" content=\"https:\/\/noticiasmercedinas.com\/site\/wp-content\/uploads\/2025\/06\/466c4c34-7344-45db-8cd7-4b2ceb4f939d-e1748896144723.jpg\" \/>\n\t<meta property=\"og:image:width\" content=\"1204\" \/>\n\t<meta property=\"og:image:height\" content=\"767\" \/>\n\t<meta property=\"og:image:type\" content=\"image\/jpeg\" \/>\n<meta name=\"author\" content=\"NOTICIASMERCEDINAS.COM\" \/>\n<meta name=\"twitter:card\" content=\"summary_large_image\" \/>\n<meta name=\"twitter:creator\" content=\"@notmercedinas\" \/>\n<meta name=\"twitter:site\" content=\"@notmercedinas\" \/>\n<meta name=\"twitter:label1\" content=\"Escrito por\" \/>\n\t<meta name=\"twitter:data1\" content=\"NOTICIASMERCEDINAS.COM\" \/>\n\t<meta name=\"twitter:label2\" content=\"Tiempo de lectura\" \/>\n\t<meta name=\"twitter:data2\" content=\"2 minutos\" \/>\n<script type=\"application\/ld+json\" class=\"yoast-schema-graph\">{\"@context\":\"https:\\\/\\\/schema.org\",\"@graph\":[{\"@type\":\"Article\",\"@id\":\"https:\\\/\\\/noticiasmercedinas.com\\\/site\\\/2025\\\/06\\\/02\\\/piden-colaboracion-por-dos-motos-robadas-este-domingo-en-distintos-lugares-de-mercedes\\\/#article\",\"isPartOf\":{\"@id\":\"https:\\\/\\\/noticiasmercedinas.com\\\/site\\\/2025\\\/06\\\/02\\\/piden-colaboracion-por-dos-motos-robadas-este-domingo-en-distintos-lugares-de-mercedes\\\/\"},\"author\":{\"name\":\"NOTICIASMERCEDINAS.COM\",\"@id\":\"https:\\\/\\\/noticiasmercedinas.com\\\/site\\\/#\\\/schema\\\/person\\\/84b59c099c28ff2e8b77d4ceec5d8063\"},\"headline\":\"Piden colaboraci\u00f3n por dos motos robadas este domingo en distintos lugares de Mercedes\",\"datePublished\":\"2025-06-02T20:32:45+00:00\",\"dateModified\":\"2025-06-02T20:43:15+00:00\",\"mainEntityOfPage\":{\"@id\":\"https:\\\/\\\/noticiasmercedinas.com\\\/site\\\/2025\\\/06\\\/02\\\/piden-colaboracion-por-dos-motos-robadas-este-domingo-en-distintos-lugares-de-mercedes\\\/\"},\"wordCount\":257,\"publisher\":{\"@id\":\"https:\\\/\\\/noticiasmercedinas.com\\\/site\\\/#organization\"},\"image\":{\"@id\":\"https:\\\/\\\/noticiasmercedinas.com\\\/site\\\/2025\\\/06\\\/02\\\/piden-colaboracion-por-dos-motos-robadas-este-domingo-en-distintos-lugares-de-mercedes\\\/#primaryimage\"},\"thumbnailUrl\":\"https:\\\/\\\/noticiasmercedinas.com\\\/site\\\/wp-content\\\/uploads\\\/2025\\\/06\\\/466c4c34-7344-45db-8cd7-4b2ceb4f939d-e1748896144723.jpg\",\"keywords\":[\"motos\",\"redes sociales\",\"robo\"],\"articleSection\":[\"Seguridad\"],\"inLanguage\":\"es\"},{\"@type\":\"WebPage\",\"@id\":\"https:\\\/\\\/noticiasmercedinas.com\\\/site\\\/2025\\\/06\\\/02\\\/piden-colaboracion-por-dos-motos-robadas-este-domingo-en-distintos-lugares-de-mercedes\\\/\",\"url\":\"https:\\\/\\\/noticiasmercedinas.com\\\/site\\\/2025\\\/06\\\/02\\\/piden-colaboracion-por-dos-motos-robadas-este-domingo-en-distintos-lugares-de-mercedes\\\/\",\"name\":\"Piden colaboraci\u00f3n por dos motos robadas este domingo en distintos lugares de Mercedes\",\"isPartOf\":{\"@id\":\"https:\\\/\\\/noticiasmercedinas.com\\\/site\\\/#website\"},\"primaryImageOfPage\":{\"@id\":\"https:\\\/\\\/noticiasmercedinas.com\\\/site\\\/2025\\\/06\\\/02\\\/piden-colaboracion-por-dos-motos-robadas-este-domingo-en-distintos-lugares-de-mercedes\\\/#primaryimage\"},\"image\":{\"@id\":\"https:\\\/\\\/noticiasmercedinas.com\\\/site\\\/2025\\\/06\\\/02\\\/piden-colaboracion-por-dos-motos-robadas-este-domingo-en-distintos-lugares-de-mercedes\\\/#primaryimage\"},\"thumbnailUrl\":\"https:\\\/\\\/noticiasmercedinas.com\\\/site\\\/wp-content\\\/uploads\\\/2025\\\/06\\\/466c4c34-7344-45db-8cd7-4b2ceb4f939d-e1748896144723.jpg\",\"datePublished\":\"2025-06-02T20:32:45+00:00\",\"dateModified\":\"2025-06-02T20:43:15+00:00\",\"description\":\"A trav\u00e9s de redes sociales, las personas damnificadas solicitan colaboraci\u00f3n para dar con el paradero de los veh\u00edculos e incluso en uno de los casos se ofrece recompensa por cualquier informaci\u00f3n \u00fatil.\",\"breadcrumb\":{\"@id\":\"https:\\\/\\\/noticiasmercedinas.com\\\/site\\\/2025\\\/06\\\/02\\\/piden-colaboracion-por-dos-motos-robadas-este-domingo-en-distintos-lugares-de-mercedes\\\/#breadcrumb\"},\"inLanguage\":\"es\",\"potentialAction\":[{\"@type\":\"ReadAction\",\"target\":[\"https:\\\/\\\/noticiasmercedinas.com\\\/site\\\/2025\\\/06\\\/02\\\/piden-colaboracion-por-dos-motos-robadas-este-domingo-en-distintos-lugares-de-mercedes\\\/\"]}]},{\"@type\":\"ImageObject\",\"inLanguage\":\"es\",\"@id\":\"https:\\\/\\\/noticiasmercedinas.com\\\/site\\\/2025\\\/06\\\/02\\\/piden-colaboracion-por-dos-motos-robadas-este-domingo-en-distintos-lugares-de-mercedes\\\/#primaryimage\",\"url\":\"https:\\\/\\\/noticiasmercedinas.com\\\/site\\\/wp-content\\\/uploads\\\/2025\\\/06\\\/466c4c34-7344-45db-8cd7-4b2ceb4f939d-e1748896144723.jpg\",\"contentUrl\":\"https:\\\/\\\/noticiasmercedinas.com\\\/site\\\/wp-content\\\/uploads\\\/2025\\\/06\\\/466c4c34-7344-45db-8cd7-4b2ceb4f939d-e1748896144723.jpg\",\"width\":1204,\"height\":767},{\"@type\":\"BreadcrumbList\",\"@id\":\"https:\\\/\\\/noticiasmercedinas.com\\\/site\\\/2025\\\/06\\\/02\\\/piden-colaboracion-por-dos-motos-robadas-este-domingo-en-distintos-lugares-de-mercedes\\\/#breadcrumb\",\"itemListElement\":[{\"@type\":\"ListItem\",\"position\":1,\"name\":\"Portada\",\"item\":\"https:\\\/\\\/noticiasmercedinas.com\\\/site\\\/\"},{\"@type\":\"ListItem\",\"position\":2,\"name\":\"Piden colaboraci\u00f3n por dos motos robadas este domingo en distintos lugares de Mercedes\"}]},{\"@type\":\"WebSite\",\"@id\":\"https:\\\/\\\/noticiasmercedinas.com\\\/site\\\/#website\",\"url\":\"https:\\\/\\\/noticiasmercedinas.com\\\/site\\\/\",\"name\":\"NOTICIASMERCEDINAS.COM\",\"description\":\"Mercedes, Buenos Aires, Argentina\",\"publisher\":{\"@id\":\"https:\\\/\\\/noticiasmercedinas.com\\\/site\\\/#organization\"},\"potentialAction\":[{\"@type\":\"SearchAction\",\"target\":{\"@type\":\"EntryPoint\",\"urlTemplate\":\"https:\\\/\\\/noticiasmercedinas.com\\\/site\\\/?s={search_term_string}\"},\"query-input\":{\"@type\":\"PropertyValueSpecification\",\"valueRequired\":true,\"valueName\":\"search_term_string\"}}],\"inLanguage\":\"es\"},{\"@type\":\"Organization\",\"@id\":\"https:\\\/\\\/noticiasmercedinas.com\\\/site\\\/#organization\",\"name\":\"NOTICIASMERCEDINAS.COM\",\"url\":\"https:\\\/\\\/noticiasmercedinas.com\\\/site\\\/\",\"logo\":{\"@type\":\"ImageObject\",\"inLanguage\":\"es\",\"@id\":\"https:\\\/\\\/noticiasmercedinas.com\\\/site\\\/#\\\/schema\\\/logo\\\/image\\\/\",\"url\":\"https:\\\/\\\/noticiasmercedinas.com\\\/site\\\/wp-content\\\/uploads\\\/2020\\\/06\\\/LOGO-512.jpg\",\"contentUrl\":\"https:\\\/\\\/noticiasmercedinas.com\\\/site\\\/wp-content\\\/uploads\\\/2020\\\/06\\\/LOGO-512.jpg\",\"width\":512,\"height\":512,\"caption\":\"NOTICIASMERCEDINAS.COM\"},\"image\":{\"@id\":\"https:\\\/\\\/noticiasmercedinas.com\\\/site\\\/#\\\/schema\\\/logo\\\/image\\\/\"},\"sameAs\":[\"https:\\\/\\\/www.facebook.com\\\/noticiasmercedinas\\\/\",\"https:\\\/\\\/x.com\\\/notmercedinas\",\"https:\\\/\\\/www.instagram.com\\\/noticiasmercedinas\\\/\"]},{\"@type\":\"Person\",\"@id\":\"https:\\\/\\\/noticiasmercedinas.com\\\/site\\\/#\\\/schema\\\/person\\\/84b59c099c28ff2e8b77d4ceec5d8063\",\"name\":\"NOTICIASMERCEDINAS.COM\",\"image\":{\"@type\":\"ImageObject\",\"inLanguage\":\"es\",\"@id\":\"https:\\\/\\\/secure.gravatar.com\\\/avatar\\\/4dfbf16b4d17945bfb6341b2d19043457132fcf478a5ee04f42e959fd8f5df0a?s=96&d=mm&r=g\",\"url\":\"https:\\\/\\\/secure.gravatar.com\\\/avatar\\\/4dfbf16b4d17945bfb6341b2d19043457132fcf478a5ee04f42e959fd8f5df0a?s=96&d=mm&r=g\",\"contentUrl\":\"https:\\\/\\\/secure.gravatar.com\\\/avatar\\\/4dfbf16b4d17945bfb6341b2d19043457132fcf478a5ee04f42e959fd8f5df0a?s=96&d=mm&r=g\",\"caption\":\"NOTICIASMERCEDINAS.COM\"},\"url\":\"https:\\\/\\\/noticiasmercedinas.com\\\/site\\\/author\\\/anonimo\\\/\"}]}<\/script>\n<!-- \/ Yoast SEO plugin. -->","yoast_head_json":{"title":"Piden colaboraci\u00f3n por dos motos robadas este domingo en distintos lugares de Mercedes","description":"A trav\u00e9s de redes sociales, las personas damnificadas solicitan colaboraci\u00f3n para dar con el paradero de los veh\u00edculos e incluso en uno de los casos se ofrece recompensa por cualquier informaci\u00f3n \u00fatil.","robots":{"index":"index","follow":"follow","max-snippet":"max-snippet:-1","max-image-preview":"max-image-preview:large","max-video-preview":"max-video-preview:-1"},"canonical":"https:\/\/noticiasmercedinas.com\/site\/2025\/06\/02\/piden-colaboracion-por-dos-motos-robadas-este-domingo-en-distintos-lugares-de-mercedes\/","og_locale":"es_ES","og_type":"article","og_title":"Piden colaboraci\u00f3n por dos motos robadas este domingo en distintos lugares de Mercedes","og_description":"A trav\u00e9s de redes sociales, las personas damnificadas solicitan colaboraci\u00f3n para dar con el paradero de los veh\u00edculos e incluso en uno de los casos se ofrece recompensa por cualquier informaci\u00f3n \u00fatil.","og_url":"https:\/\/noticiasmercedinas.com\/site\/2025\/06\/02\/piden-colaboracion-por-dos-motos-robadas-este-domingo-en-distintos-lugares-de-mercedes\/","og_site_name":"NOTICIASMERCEDINAS.COM","article_publisher":"https:\/\/www.facebook.com\/noticiasmercedinas\/","article_published_time":"2025-06-02T20:32:45+00:00","article_modified_time":"2025-06-02T20:43:15+00:00","og_image":[{"width":1204,"height":767,"url":"https:\/\/noticiasmercedinas.com\/site\/wp-content\/uploads\/2025\/06\/466c4c34-7344-45db-8cd7-4b2ceb4f939d-e1748896144723.jpg","type":"image\/jpeg"}],"author":"NOTICIASMERCEDINAS.COM","twitter_card":"summary_large_image","twitter_creator":"@notmercedinas","twitter_site":"@notmercedinas","twitter_misc":{"Escrito por":"NOTICIASMERCEDINAS.COM","Tiempo de lectura":"2 minutos"},"schema":{"@context":"https:\/\/schema.org","@graph":[{"@type":"Article","@id":"https:\/\/noticiasmercedinas.com\/site\/2025\/06\/02\/piden-colaboracion-por-dos-motos-robadas-este-domingo-en-distintos-lugares-de-mercedes\/#article","isPartOf":{"@id":"https:\/\/noticiasmercedinas.com\/site\/2025\/06\/02\/piden-colaboracion-por-dos-motos-robadas-este-domingo-en-distintos-lugares-de-mercedes\/"},"author":{"name":"NOTICIASMERCEDINAS.COM","@id":"https:\/\/noticiasmercedinas.com\/site\/#\/schema\/person\/84b59c099c28ff2e8b77d4ceec5d8063"},"headline":"Piden colaboraci\u00f3n por dos motos robadas este domingo en distintos lugares de Mercedes","datePublished":"2025-06-02T20:32:45+00:00","dateModified":"2025-06-02T20:43:15+00:00","mainEntityOfPage":{"@id":"https:\/\/noticiasmercedinas.com\/site\/2025\/06\/02\/piden-colaboracion-por-dos-motos-robadas-este-domingo-en-distintos-lugares-de-mercedes\/"},"wordCount":257,"publisher":{"@id":"https:\/\/noticiasmercedinas.com\/site\/#organization"},"image":{"@id":"https:\/\/noticiasmercedinas.com\/site\/2025\/06\/02\/piden-colaboracion-por-dos-motos-robadas-este-domingo-en-distintos-lugares-de-mercedes\/#primaryimage"},"thumbnailUrl":"https:\/\/noticiasmercedinas.com\/site\/wp-content\/uploads\/2025\/06\/466c4c34-7344-45db-8cd7-4b2ceb4f939d-e1748896144723.jpg","keywords":["motos","redes sociales","robo"],"articleSection":["Seguridad"],"inLanguage":"es"},{"@type":"WebPage","@id":"https:\/\/noticiasmercedinas.com\/site\/2025\/06\/02\/piden-colaboracion-por-dos-motos-robadas-este-domingo-en-distintos-lugares-de-mercedes\/","url":"https:\/\/noticiasmercedinas.com\/site\/2025\/06\/02\/piden-colaboracion-por-dos-motos-robadas-este-domingo-en-distintos-lugares-de-mercedes\/","name":"Piden colaboraci\u00f3n por dos motos robadas este domingo en distintos lugares de Mercedes","isPartOf":{"@id":"https:\/\/noticiasmercedinas.com\/site\/#website"},"primaryImageOfPage":{"@id":"https:\/\/noticiasmercedinas.com\/site\/2025\/06\/02\/piden-colaboracion-por-dos-motos-robadas-este-domingo-en-distintos-lugares-de-mercedes\/#primaryimage"},"image":{"@id":"https:\/\/noticiasmercedinas.com\/site\/2025\/06\/02\/piden-colaboracion-por-dos-motos-robadas-este-domingo-en-distintos-lugares-de-mercedes\/#primaryimage"},"thumbnailUrl":"https:\/\/noticiasmercedinas.com\/site\/wp-content\/uploads\/2025\/06\/466c4c34-7344-45db-8cd7-4b2ceb4f939d-e1748896144723.jpg","datePublished":"2025-06-02T20:32:45+00:00","dateModified":"2025-06-02T20:43:15+00:00","description":"A trav\u00e9s de redes sociales, las personas damnificadas solicitan colaboraci\u00f3n para dar con el paradero de los veh\u00edculos e incluso en uno de los casos se ofrece recompensa por cualquier informaci\u00f3n \u00fatil.","breadcrumb":{"@id":"https:\/\/noticiasmercedinas.com\/site\/2025\/06\/02\/piden-colaboracion-por-dos-motos-robadas-este-domingo-en-distintos-lugares-de-mercedes\/#breadcrumb"},"inLanguage":"es","potentialAction":[{"@type":"ReadAction","target":["https:\/\/noticiasmercedinas.com\/site\/2025\/06\/02\/piden-colaboracion-por-dos-motos-robadas-este-domingo-en-distintos-lugares-de-mercedes\/"]}]},{"@type":"ImageObject","inLanguage":"es","@id":"https:\/\/noticiasmercedinas.com\/site\/2025\/06\/02\/piden-colaboracion-por-dos-motos-robadas-este-domingo-en-distintos-lugares-de-mercedes\/#primaryimage","url":"https:\/\/noticiasmercedinas.com\/site\/wp-content\/uploads\/2025\/06\/466c4c34-7344-45db-8cd7-4b2ceb4f939d-e1748896144723.jpg","contentUrl":"https:\/\/noticiasmercedinas.com\/site\/wp-content\/uploads\/2025\/06\/466c4c34-7344-45db-8cd7-4b2ceb4f939d-e1748896144723.jpg","width":1204,"height":767},{"@type":"BreadcrumbList","@id":"https:\/\/noticiasmercedinas.com\/site\/2025\/06\/02\/piden-colaboracion-por-dos-motos-robadas-este-domingo-en-distintos-lugares-de-mercedes\/#breadcrumb","itemListElement":[{"@type":"ListItem","position":1,"name":"Portada","item":"https:\/\/noticiasmercedinas.com\/site\/"},{"@type":"ListItem","position":2,"name":"Piden colaboraci\u00f3n por dos motos robadas este domingo en distintos lugares de Mercedes"}]},{"@type":"WebSite","@id":"https:\/\/noticiasmercedinas.com\/site\/#website","url":"https:\/\/noticiasmercedinas.com\/site\/","name":"NOTICIASMERCEDINAS.COM","description":"Mercedes, Buenos Aires, Argentina","publisher":{"@id":"https:\/\/noticiasmercedinas.com\/site\/#organization"},"potentialAction":[{"@type":"SearchAction","target":{"@type":"EntryPoint","urlTemplate":"https:\/\/noticiasmercedinas.com\/site\/?s={search_term_string}"},"query-input":{"@type":"PropertyValueSpecification","valueRequired":true,"valueName":"search_term_string"}}],"inLanguage":"es"},{"@type":"Organization","@id":"https:\/\/noticiasmercedinas.com\/site\/#organization","name":"NOTICIASMERCEDINAS.COM","url":"https:\/\/noticiasmercedinas.com\/site\/","logo":{"@type":"ImageObject","inLanguage":"es","@id":"https:\/\/noticiasmercedinas.com\/site\/#\/schema\/logo\/image\/","url":"https:\/\/noticiasmercedinas.com\/site\/wp-content\/uploads\/2020\/06\/LOGO-512.jpg","contentUrl":"https:\/\/noticiasmercedinas.com\/site\/wp-content\/uploads\/2020\/06\/LOGO-512.jpg","width":512,"height":512,"caption":"NOTICIASMERCEDINAS.COM"},"image":{"@id":"https:\/\/noticiasmercedinas.com\/site\/#\/schema\/logo\/image\/"},"sameAs":["https:\/\/www.facebook.com\/noticiasmercedinas\/","https:\/\/x.com\/notmercedinas","https:\/\/www.instagram.com\/noticiasmercedinas\/"]},{"@type":"Person","@id":"https:\/\/noticiasmercedinas.com\/site\/#\/schema\/person\/84b59c099c28ff2e8b77d4ceec5d8063","name":"NOTICIASMERCEDINAS.COM","image":{"@type":"ImageObject","inLanguage":"es","@id":"https:\/\/secure.gravatar.com\/avatar\/4dfbf16b4d17945bfb6341b2d19043457132fcf478a5ee04f42e959fd8f5df0a?s=96&d=mm&r=g","url":"https:\/\/secure.gravatar.com\/avatar\/4dfbf16b4d17945bfb6341b2d19043457132fcf478a5ee04f42e959fd8f5df0a?s=96&d=mm&r=g","contentUrl":"https:\/\/secure.gravatar.com\/avatar\/4dfbf16b4d17945bfb6341b2d19043457132fcf478a5ee04f42e959fd8f5df0a?s=96&d=mm&r=g","caption":"NOTICIASMERCEDINAS.COM"},"url":"https:\/\/noticiasmercedinas.com\/site\/author\/anonimo\/"}]}},"amp_enabled":true,"_links":{"self":[{"href":"https:\/\/noticiasmercedinas.com\/site\/wp-json\/wp\/v2\/posts\/160825","targetHints":{"allow":["GET"]}}],"collection":[{"href":"https:\/\/noticiasmercedinas.com\/site\/wp-json\/wp\/v2\/posts"}],"about":[{"href":"https:\/\/noticiasmercedinas.com\/site\/wp-json\/wp\/v2\/types\/post"}],"author":[{"embeddable":true,"href":"https:\/\/noticiasmercedinas.com\/site\/wp-json\/wp\/v2\/users\/16"}],"replies":[{"embeddable":true,"href":"https:\/\/noticiasmercedinas.com\/site\/wp-json\/wp\/v2\/comments?post=160825"}],"version-history":[{"count":2,"href":"https:\/\/noticiasmercedinas.com\/site\/wp-json\/wp\/v2\/posts\/160825\/revisions"}],"predecessor-version":[{"id":160829,"href":"https:\/\/noticiasmercedinas.com\/site\/wp-json\/wp\/v2\/posts\/160825\/revisions\/160829"}],"wp:featuredmedia":[{"embeddable":true,"href":"https:\/\/noticiasmercedinas.com\/site\/wp-json\/wp\/v2\/media\/160827"}],"wp:attachment":[{"href":"https:\/\/noticiasmercedinas.com\/site\/wp-json\/wp\/v2\/media?parent=160825"}],"wp:term":[{"taxonomy":"category","embeddable":true,"href":"https:\/\/noticiasmercedinas.com\/site\/wp-json\/wp\/v2\/categories?post=160825"},{"taxonomy":"post_tag","embeddable":true,"href":"https:\/\/noticiasmercedinas.com\/site\/wp-json\/wp\/v2\/tags?post=160825"}],"curies":[{"name":"wp","href":"https:\/\/api.w.org\/{rel}","templated":true}]}}