{"id":161152,"date":"2025-06-07T16:48:39","date_gmt":"2025-06-07T19:48:39","guid":{"rendered":"https:\/\/noticiasmercedinas.com\/site\/?p=161152"},"modified":"2025-06-07T16:48:39","modified_gmt":"2025-06-07T19:48:39","slug":"se-presento-el-centro-radical-1983-un-espacio-plural-para-fortalecer-la-identidad-de-la-ucr","status":"publish","type":"post","link":"https:\/\/noticiasmercedinas.com\/site\/2025\/06\/07\/se-presento-el-centro-radical-1983-un-espacio-plural-para-fortalecer-la-identidad-de-la-ucr\/","title":{"rendered":"Se present\u00f3 el Centro Radical 1983: un espacio plural para fortalecer la identidad de la UCR"},"content":{"rendered":"<p data-start=\"153\" data-end=\"538\"><img loading=\"lazy\" decoding=\"async\" class=\"alignnone wp-image-161153 size-full\" src=\"https:\/\/noticiasmercedinas.com\/site\/wp-content\/uploads\/2025\/06\/1983-e1749325645630.jpeg\" alt=\"\" width=\"960\" height=\"749\" srcset=\"https:\/\/noticiasmercedinas.com\/site\/wp-content\/uploads\/2025\/06\/1983-e1749325645630.jpeg 960w, https:\/\/noticiasmercedinas.com\/site\/wp-content\/uploads\/2025\/06\/1983-e1749325645630-300x234.jpeg 300w, https:\/\/noticiasmercedinas.com\/site\/wp-content\/uploads\/2025\/06\/1983-e1749325645630-768x599.jpeg 768w, https:\/\/noticiasmercedinas.com\/site\/wp-content\/uploads\/2025\/06\/1983-e1749325645630-640x499.jpeg 640w, https:\/\/noticiasmercedinas.com\/site\/wp-content\/uploads\/2025\/06\/1983-e1749325645630-681x531.jpeg 681w\" sizes=\"auto, (max-width: 960px) 100vw, 960px\" \/><\/p>\n<p data-start=\"153\" data-end=\"538\">Afiliados radicales presentaron el <em data-start=\"188\" data-end=\"209\">Centro Radical 1983<\/em>, un nuevo espacio pol\u00edtico de di\u00e1logo, reflexi\u00f3n y encuentro que busca reafirmar los valores hist\u00f3ricos de la Uni\u00f3n C\u00edvica Radical frente a los desaf\u00edos del presente. El colectivo se define como abierto, plural y comprometido con los principios republicanos, la educaci\u00f3n p\u00fablica, la justicia social y los derechos democr\u00e1ticos.<\/p>\n<p data-start=\"540\" data-end=\"1000\">La iniciativa fue impulsada por un grupo de militantes que manifestaron su preocupaci\u00f3n por el avance de las nuevas derechas que \u201cpromueven el descr\u00e9dito de la pol\u00edtica, fomentan la intolerancia y deslegitiman las instituciones democr\u00e1ticas\u201d. Al mismo tiempo, se diferenciaron del populismo kirchnerista, al que se\u00f1alan como responsable de la emergencia de estas expresiones conservadoras por haber utilizado al Estado en beneficio de privilegios particulares.<\/p>\n<p data-start=\"1002\" data-end=\"1386\">Desde el Centro Radical 1983 sostienen que \u201cla pol\u00edtica sigue siendo la herramienta privilegiada para transformar la realidad\u201d y que los partidos democr\u00e1ticos son su veh\u00edculo indispensable. En este marco, remarcan la necesidad de que el radicalismo retome sus banderas hist\u00f3ricas y la senda de las presidencias de Hip\u00f3lito Yrigoyen, Marcelo T. de Alvear, Arturo Illia y Ra\u00fal Alfons\u00edn.<\/p>\n<p data-start=\"1388\" data-end=\"1705\">El espacio fue definido como horizontal, flexible y participativo, con una coordinaci\u00f3n general inicial destinada a dinamizar su funcionamiento. Se buscar\u00e1, junto con los participantes, acordar una forma organizativa definitiva, promoviendo una construcci\u00f3n colectiva basada en la apertura a la diversidad de miradas.<\/p>\n<p data-start=\"1707\" data-end=\"2043\">\u201cQueremos colaborar con el fortalecimiento del partido promoviendo una conversaci\u00f3n amplia y honesta entre radicales de distintas generaciones y trayectorias\u201d, se\u00f1alaron desde el flamante centro. Adem\u00e1s, hicieron un llamado a tender puentes con otros sectores democr\u00e1ticos que compartan una visi\u00f3n republicana, igualitaria y pluralista.<\/p>\n<p data-start=\"2045\" data-end=\"2394\">Entre quienes suscriben la creaci\u00f3n del Centro Radical 1983 figuran: Javier Etchart, Sof\u00eda Marino, Micaela Gallo, Anaclara D\u00edaz, Gonzalo Herrera, Lorena Marino, Lucas Santilli, Juan Mart\u00edn Guaycamburu, Guillermo San Mart\u00edn, Juan Portesi, Oscar Valerga, Mar\u00eda Amelia Carranza, Carlos Caloni, Enrique S\u00e1nchez, Fernando Bustos Berrondo y D\u00e9bora Lacasa.<\/p>\n","protected":false},"excerpt":{"rendered":"<p>\u25a0 A trav\u00e9s de varios de sus referentes remarcan la necesidad de que el radicalismo retome sus banderas hist\u00f3ricas y la senda de las presidencias de Hip\u00f3lito Yrigoyen, Marcelo T. de Alvear, Arturo Illia y Ra\u00fal Alfons\u00edn.<\/p>\n","protected":false},"author":16,"featured_media":161153,"comment_status":"closed","ping_status":"closed","sticky":false,"template":"","format":"standard","meta":{"footnotes":""},"categories":[16],"tags":[20254,12446,2620,1002],"class_list":["post-161152","post","type-post","status-publish","format-standard","has-post-thumbnail","hentry","category-politica","tag-centro-radical-1983","tag-debora-lacasa","tag-sofia-marino","tag-ucr"],"yoast_head":"<!-- This site is optimized with the Yoast SEO plugin v27.5 - https:\/\/yoast.com\/product\/yoast-seo-wordpress\/ -->\n<title>Se present\u00f3 el Centro Radical 1983: un espacio plural para fortalecer la identidad de la UCR<\/title>\n<meta name=\"description\" content=\"Remarcan la necesidad de que el radicalismo retome sus banderas hist\u00f3ricas y la senda de las presidencias de Hip\u00f3lito Yrigoyen, Marcelo T. de Alvear, Arturo Illia y Ra\u00fal Alfons\u00edn.\" \/>\n<meta name=\"robots\" content=\"index, follow, max-snippet:-1, max-image-preview:large, max-video-preview:-1\" \/>\n<link rel=\"canonical\" href=\"https:\/\/noticiasmercedinas.com\/site\/2025\/06\/07\/se-presento-el-centro-radical-1983-un-espacio-plural-para-fortalecer-la-identidad-de-la-ucr\/\" \/>\n<meta property=\"og:locale\" content=\"es_ES\" \/>\n<meta property=\"og:type\" content=\"article\" \/>\n<meta property=\"og:title\" content=\"Se present\u00f3 el Centro Radical 1983: un espacio plural para fortalecer la identidad de la UCR\" \/>\n<meta property=\"og:description\" content=\"Remarcan la necesidad de que el radicalismo retome sus banderas hist\u00f3ricas y la senda de las presidencias de Hip\u00f3lito Yrigoyen, Marcelo T. de Alvear, Arturo Illia y Ra\u00fal Alfons\u00edn.\" \/>\n<meta property=\"og:url\" content=\"https:\/\/noticiasmercedinas.com\/site\/2025\/06\/07\/se-presento-el-centro-radical-1983-un-espacio-plural-para-fortalecer-la-identidad-de-la-ucr\/\" \/>\n<meta property=\"og:site_name\" content=\"NOTICIASMERCEDINAS.COM\" \/>\n<meta property=\"article:publisher\" content=\"https:\/\/www.facebook.com\/noticiasmercedinas\/\" \/>\n<meta property=\"article:published_time\" content=\"2025-06-07T19:48:39+00:00\" \/>\n<meta property=\"og:image\" content=\"https:\/\/noticiasmercedinas.com\/site\/wp-content\/uploads\/2025\/06\/1983-e1749325645630.jpeg\" \/>\n\t<meta property=\"og:image:width\" content=\"960\" \/>\n\t<meta property=\"og:image:height\" content=\"749\" \/>\n\t<meta property=\"og:image:type\" content=\"image\/jpeg\" \/>\n<meta name=\"author\" content=\"NOTICIASMERCEDINAS.COM\" \/>\n<meta name=\"twitter:card\" content=\"summary_large_image\" \/>\n<meta name=\"twitter:creator\" content=\"@notmercedinas\" \/>\n<meta name=\"twitter:site\" content=\"@notmercedinas\" \/>\n<meta name=\"twitter:label1\" content=\"Escrito por\" \/>\n\t<meta name=\"twitter:data1\" content=\"NOTICIASMERCEDINAS.COM\" \/>\n\t<meta name=\"twitter:label2\" content=\"Tiempo de lectura\" \/>\n\t<meta name=\"twitter:data2\" content=\"2 minutos\" \/>\n<script type=\"application\/ld+json\" class=\"yoast-schema-graph\">{\"@context\":\"https:\\\/\\\/schema.org\",\"@graph\":[{\"@type\":\"Article\",\"@id\":\"https:\\\/\\\/noticiasmercedinas.com\\\/site\\\/2025\\\/06\\\/07\\\/se-presento-el-centro-radical-1983-un-espacio-plural-para-fortalecer-la-identidad-de-la-ucr\\\/#article\",\"isPartOf\":{\"@id\":\"https:\\\/\\\/noticiasmercedinas.com\\\/site\\\/2025\\\/06\\\/07\\\/se-presento-el-centro-radical-1983-un-espacio-plural-para-fortalecer-la-identidad-de-la-ucr\\\/\"},\"author\":{\"name\":\"NOTICIASMERCEDINAS.COM\",\"@id\":\"https:\\\/\\\/noticiasmercedinas.com\\\/site\\\/#\\\/schema\\\/person\\\/84b59c099c28ff2e8b77d4ceec5d8063\"},\"headline\":\"Se present\u00f3 el Centro Radical 1983: un espacio plural para fortalecer la identidad de la UCR\",\"datePublished\":\"2025-06-07T19:48:39+00:00\",\"mainEntityOfPage\":{\"@id\":\"https:\\\/\\\/noticiasmercedinas.com\\\/site\\\/2025\\\/06\\\/07\\\/se-presento-el-centro-radical-1983-un-espacio-plural-para-fortalecer-la-identidad-de-la-ucr\\\/\"},\"wordCount\":363,\"publisher\":{\"@id\":\"https:\\\/\\\/noticiasmercedinas.com\\\/site\\\/#organization\"},\"image\":{\"@id\":\"https:\\\/\\\/noticiasmercedinas.com\\\/site\\\/2025\\\/06\\\/07\\\/se-presento-el-centro-radical-1983-un-espacio-plural-para-fortalecer-la-identidad-de-la-ucr\\\/#primaryimage\"},\"thumbnailUrl\":\"https:\\\/\\\/noticiasmercedinas.com\\\/site\\\/wp-content\\\/uploads\\\/2025\\\/06\\\/1983-e1749325645630.jpeg\",\"keywords\":[\"centro radical 1983\",\"Debora Lacasa\",\"Sof\u00eda Marino\",\"Ucr\"],\"articleSection\":[\"Politica\"],\"inLanguage\":\"es\"},{\"@type\":\"WebPage\",\"@id\":\"https:\\\/\\\/noticiasmercedinas.com\\\/site\\\/2025\\\/06\\\/07\\\/se-presento-el-centro-radical-1983-un-espacio-plural-para-fortalecer-la-identidad-de-la-ucr\\\/\",\"url\":\"https:\\\/\\\/noticiasmercedinas.com\\\/site\\\/2025\\\/06\\\/07\\\/se-presento-el-centro-radical-1983-un-espacio-plural-para-fortalecer-la-identidad-de-la-ucr\\\/\",\"name\":\"Se present\u00f3 el Centro Radical 1983: un espacio plural para fortalecer la identidad de la UCR\",\"isPartOf\":{\"@id\":\"https:\\\/\\\/noticiasmercedinas.com\\\/site\\\/#website\"},\"primaryImageOfPage\":{\"@id\":\"https:\\\/\\\/noticiasmercedinas.com\\\/site\\\/2025\\\/06\\\/07\\\/se-presento-el-centro-radical-1983-un-espacio-plural-para-fortalecer-la-identidad-de-la-ucr\\\/#primaryimage\"},\"image\":{\"@id\":\"https:\\\/\\\/noticiasmercedinas.com\\\/site\\\/2025\\\/06\\\/07\\\/se-presento-el-centro-radical-1983-un-espacio-plural-para-fortalecer-la-identidad-de-la-ucr\\\/#primaryimage\"},\"thumbnailUrl\":\"https:\\\/\\\/noticiasmercedinas.com\\\/site\\\/wp-content\\\/uploads\\\/2025\\\/06\\\/1983-e1749325645630.jpeg\",\"datePublished\":\"2025-06-07T19:48:39+00:00\",\"description\":\"Remarcan la necesidad de que el radicalismo retome sus banderas hist\u00f3ricas y la senda de las presidencias de Hip\u00f3lito Yrigoyen, Marcelo T. de Alvear, Arturo Illia y Ra\u00fal Alfons\u00edn.\",\"breadcrumb\":{\"@id\":\"https:\\\/\\\/noticiasmercedinas.com\\\/site\\\/2025\\\/06\\\/07\\\/se-presento-el-centro-radical-1983-un-espacio-plural-para-fortalecer-la-identidad-de-la-ucr\\\/#breadcrumb\"},\"inLanguage\":\"es\",\"potentialAction\":[{\"@type\":\"ReadAction\",\"target\":[\"https:\\\/\\\/noticiasmercedinas.com\\\/site\\\/2025\\\/06\\\/07\\\/se-presento-el-centro-radical-1983-un-espacio-plural-para-fortalecer-la-identidad-de-la-ucr\\\/\"]}]},{\"@type\":\"ImageObject\",\"inLanguage\":\"es\",\"@id\":\"https:\\\/\\\/noticiasmercedinas.com\\\/site\\\/2025\\\/06\\\/07\\\/se-presento-el-centro-radical-1983-un-espacio-plural-para-fortalecer-la-identidad-de-la-ucr\\\/#primaryimage\",\"url\":\"https:\\\/\\\/noticiasmercedinas.com\\\/site\\\/wp-content\\\/uploads\\\/2025\\\/06\\\/1983-e1749325645630.jpeg\",\"contentUrl\":\"https:\\\/\\\/noticiasmercedinas.com\\\/site\\\/wp-content\\\/uploads\\\/2025\\\/06\\\/1983-e1749325645630.jpeg\",\"width\":960,\"height\":749},{\"@type\":\"BreadcrumbList\",\"@id\":\"https:\\\/\\\/noticiasmercedinas.com\\\/site\\\/2025\\\/06\\\/07\\\/se-presento-el-centro-radical-1983-un-espacio-plural-para-fortalecer-la-identidad-de-la-ucr\\\/#breadcrumb\",\"itemListElement\":[{\"@type\":\"ListItem\",\"position\":1,\"name\":\"Portada\",\"item\":\"https:\\\/\\\/noticiasmercedinas.com\\\/site\\\/\"},{\"@type\":\"ListItem\",\"position\":2,\"name\":\"Se present\u00f3 el Centro Radical 1983: un espacio plural para fortalecer la identidad de la UCR\"}]},{\"@type\":\"WebSite\",\"@id\":\"https:\\\/\\\/noticiasmercedinas.com\\\/site\\\/#website\",\"url\":\"https:\\\/\\\/noticiasmercedinas.com\\\/site\\\/\",\"name\":\"NOTICIASMERCEDINAS.COM\",\"description\":\"Mercedes, Buenos Aires, Argentina\",\"publisher\":{\"@id\":\"https:\\\/\\\/noticiasmercedinas.com\\\/site\\\/#organization\"},\"potentialAction\":[{\"@type\":\"SearchAction\",\"target\":{\"@type\":\"EntryPoint\",\"urlTemplate\":\"https:\\\/\\\/noticiasmercedinas.com\\\/site\\\/?s={search_term_string}\"},\"query-input\":{\"@type\":\"PropertyValueSpecification\",\"valueRequired\":true,\"valueName\":\"search_term_string\"}}],\"inLanguage\":\"es\"},{\"@type\":\"Organization\",\"@id\":\"https:\\\/\\\/noticiasmercedinas.com\\\/site\\\/#organization\",\"name\":\"NOTICIASMERCEDINAS.COM\",\"url\":\"https:\\\/\\\/noticiasmercedinas.com\\\/site\\\/\",\"logo\":{\"@type\":\"ImageObject\",\"inLanguage\":\"es\",\"@id\":\"https:\\\/\\\/noticiasmercedinas.com\\\/site\\\/#\\\/schema\\\/logo\\\/image\\\/\",\"url\":\"https:\\\/\\\/noticiasmercedinas.com\\\/site\\\/wp-content\\\/uploads\\\/2020\\\/06\\\/LOGO-512.jpg\",\"contentUrl\":\"https:\\\/\\\/noticiasmercedinas.com\\\/site\\\/wp-content\\\/uploads\\\/2020\\\/06\\\/LOGO-512.jpg\",\"width\":512,\"height\":512,\"caption\":\"NOTICIASMERCEDINAS.COM\"},\"image\":{\"@id\":\"https:\\\/\\\/noticiasmercedinas.com\\\/site\\\/#\\\/schema\\\/logo\\\/image\\\/\"},\"sameAs\":[\"https:\\\/\\\/www.facebook.com\\\/noticiasmercedinas\\\/\",\"https:\\\/\\\/x.com\\\/notmercedinas\",\"https:\\\/\\\/www.instagram.com\\\/noticiasmercedinas\\\/\"]},{\"@type\":\"Person\",\"@id\":\"https:\\\/\\\/noticiasmercedinas.com\\\/site\\\/#\\\/schema\\\/person\\\/84b59c099c28ff2e8b77d4ceec5d8063\",\"name\":\"NOTICIASMERCEDINAS.COM\",\"image\":{\"@type\":\"ImageObject\",\"inLanguage\":\"es\",\"@id\":\"https:\\\/\\\/secure.gravatar.com\\\/avatar\\\/4dfbf16b4d17945bfb6341b2d19043457132fcf478a5ee04f42e959fd8f5df0a?s=96&d=mm&r=g\",\"url\":\"https:\\\/\\\/secure.gravatar.com\\\/avatar\\\/4dfbf16b4d17945bfb6341b2d19043457132fcf478a5ee04f42e959fd8f5df0a?s=96&d=mm&r=g\",\"contentUrl\":\"https:\\\/\\\/secure.gravatar.com\\\/avatar\\\/4dfbf16b4d17945bfb6341b2d19043457132fcf478a5ee04f42e959fd8f5df0a?s=96&d=mm&r=g\",\"caption\":\"NOTICIASMERCEDINAS.COM\"},\"url\":\"https:\\\/\\\/noticiasmercedinas.com\\\/site\\\/author\\\/anonimo\\\/\"}]}<\/script>\n<!-- \/ Yoast SEO plugin. -->","yoast_head_json":{"title":"Se present\u00f3 el Centro Radical 1983: un espacio plural para fortalecer la identidad de la UCR","description":"Remarcan la necesidad de que el radicalismo retome sus banderas hist\u00f3ricas y la senda de las presidencias de Hip\u00f3lito Yrigoyen, Marcelo T. de Alvear, Arturo Illia y Ra\u00fal Alfons\u00edn.","robots":{"index":"index","follow":"follow","max-snippet":"max-snippet:-1","max-image-preview":"max-image-preview:large","max-video-preview":"max-video-preview:-1"},"canonical":"https:\/\/noticiasmercedinas.com\/site\/2025\/06\/07\/se-presento-el-centro-radical-1983-un-espacio-plural-para-fortalecer-la-identidad-de-la-ucr\/","og_locale":"es_ES","og_type":"article","og_title":"Se present\u00f3 el Centro Radical 1983: un espacio plural para fortalecer la identidad de la UCR","og_description":"Remarcan la necesidad de que el radicalismo retome sus banderas hist\u00f3ricas y la senda de las presidencias de Hip\u00f3lito Yrigoyen, Marcelo T. de Alvear, Arturo Illia y Ra\u00fal Alfons\u00edn.","og_url":"https:\/\/noticiasmercedinas.com\/site\/2025\/06\/07\/se-presento-el-centro-radical-1983-un-espacio-plural-para-fortalecer-la-identidad-de-la-ucr\/","og_site_name":"NOTICIASMERCEDINAS.COM","article_publisher":"https:\/\/www.facebook.com\/noticiasmercedinas\/","article_published_time":"2025-06-07T19:48:39+00:00","og_image":[{"width":960,"height":749,"url":"https:\/\/noticiasmercedinas.com\/site\/wp-content\/uploads\/2025\/06\/1983-e1749325645630.jpeg","type":"image\/jpeg"}],"author":"NOTICIASMERCEDINAS.COM","twitter_card":"summary_large_image","twitter_creator":"@notmercedinas","twitter_site":"@notmercedinas","twitter_misc":{"Escrito por":"NOTICIASMERCEDINAS.COM","Tiempo de lectura":"2 minutos"},"schema":{"@context":"https:\/\/schema.org","@graph":[{"@type":"Article","@id":"https:\/\/noticiasmercedinas.com\/site\/2025\/06\/07\/se-presento-el-centro-radical-1983-un-espacio-plural-para-fortalecer-la-identidad-de-la-ucr\/#article","isPartOf":{"@id":"https:\/\/noticiasmercedinas.com\/site\/2025\/06\/07\/se-presento-el-centro-radical-1983-un-espacio-plural-para-fortalecer-la-identidad-de-la-ucr\/"},"author":{"name":"NOTICIASMERCEDINAS.COM","@id":"https:\/\/noticiasmercedinas.com\/site\/#\/schema\/person\/84b59c099c28ff2e8b77d4ceec5d8063"},"headline":"Se present\u00f3 el Centro Radical 1983: un espacio plural para fortalecer la identidad de la UCR","datePublished":"2025-06-07T19:48:39+00:00","mainEntityOfPage":{"@id":"https:\/\/noticiasmercedinas.com\/site\/2025\/06\/07\/se-presento-el-centro-radical-1983-un-espacio-plural-para-fortalecer-la-identidad-de-la-ucr\/"},"wordCount":363,"publisher":{"@id":"https:\/\/noticiasmercedinas.com\/site\/#organization"},"image":{"@id":"https:\/\/noticiasmercedinas.com\/site\/2025\/06\/07\/se-presento-el-centro-radical-1983-un-espacio-plural-para-fortalecer-la-identidad-de-la-ucr\/#primaryimage"},"thumbnailUrl":"https:\/\/noticiasmercedinas.com\/site\/wp-content\/uploads\/2025\/06\/1983-e1749325645630.jpeg","keywords":["centro radical 1983","Debora Lacasa","Sof\u00eda Marino","Ucr"],"articleSection":["Politica"],"inLanguage":"es"},{"@type":"WebPage","@id":"https:\/\/noticiasmercedinas.com\/site\/2025\/06\/07\/se-presento-el-centro-radical-1983-un-espacio-plural-para-fortalecer-la-identidad-de-la-ucr\/","url":"https:\/\/noticiasmercedinas.com\/site\/2025\/06\/07\/se-presento-el-centro-radical-1983-un-espacio-plural-para-fortalecer-la-identidad-de-la-ucr\/","name":"Se present\u00f3 el Centro Radical 1983: un espacio plural para fortalecer la identidad de la UCR","isPartOf":{"@id":"https:\/\/noticiasmercedinas.com\/site\/#website"},"primaryImageOfPage":{"@id":"https:\/\/noticiasmercedinas.com\/site\/2025\/06\/07\/se-presento-el-centro-radical-1983-un-espacio-plural-para-fortalecer-la-identidad-de-la-ucr\/#primaryimage"},"image":{"@id":"https:\/\/noticiasmercedinas.com\/site\/2025\/06\/07\/se-presento-el-centro-radical-1983-un-espacio-plural-para-fortalecer-la-identidad-de-la-ucr\/#primaryimage"},"thumbnailUrl":"https:\/\/noticiasmercedinas.com\/site\/wp-content\/uploads\/2025\/06\/1983-e1749325645630.jpeg","datePublished":"2025-06-07T19:48:39+00:00","description":"Remarcan la necesidad de que el radicalismo retome sus banderas hist\u00f3ricas y la senda de las presidencias de Hip\u00f3lito Yrigoyen, Marcelo T. de Alvear, Arturo Illia y Ra\u00fal Alfons\u00edn.","breadcrumb":{"@id":"https:\/\/noticiasmercedinas.com\/site\/2025\/06\/07\/se-presento-el-centro-radical-1983-un-espacio-plural-para-fortalecer-la-identidad-de-la-ucr\/#breadcrumb"},"inLanguage":"es","potentialAction":[{"@type":"ReadAction","target":["https:\/\/noticiasmercedinas.com\/site\/2025\/06\/07\/se-presento-el-centro-radical-1983-un-espacio-plural-para-fortalecer-la-identidad-de-la-ucr\/"]}]},{"@type":"ImageObject","inLanguage":"es","@id":"https:\/\/noticiasmercedinas.com\/site\/2025\/06\/07\/se-presento-el-centro-radical-1983-un-espacio-plural-para-fortalecer-la-identidad-de-la-ucr\/#primaryimage","url":"https:\/\/noticiasmercedinas.com\/site\/wp-content\/uploads\/2025\/06\/1983-e1749325645630.jpeg","contentUrl":"https:\/\/noticiasmercedinas.com\/site\/wp-content\/uploads\/2025\/06\/1983-e1749325645630.jpeg","width":960,"height":749},{"@type":"BreadcrumbList","@id":"https:\/\/noticiasmercedinas.com\/site\/2025\/06\/07\/se-presento-el-centro-radical-1983-un-espacio-plural-para-fortalecer-la-identidad-de-la-ucr\/#breadcrumb","itemListElement":[{"@type":"ListItem","position":1,"name":"Portada","item":"https:\/\/noticiasmercedinas.com\/site\/"},{"@type":"ListItem","position":2,"name":"Se present\u00f3 el Centro Radical 1983: un espacio plural para fortalecer la identidad de la UCR"}]},{"@type":"WebSite","@id":"https:\/\/noticiasmercedinas.com\/site\/#website","url":"https:\/\/noticiasmercedinas.com\/site\/","name":"NOTICIASMERCEDINAS.COM","description":"Mercedes, Buenos Aires, Argentina","publisher":{"@id":"https:\/\/noticiasmercedinas.com\/site\/#organization"},"potentialAction":[{"@type":"SearchAction","target":{"@type":"EntryPoint","urlTemplate":"https:\/\/noticiasmercedinas.com\/site\/?s={search_term_string}"},"query-input":{"@type":"PropertyValueSpecification","valueRequired":true,"valueName":"search_term_string"}}],"inLanguage":"es"},{"@type":"Organization","@id":"https:\/\/noticiasmercedinas.com\/site\/#organization","name":"NOTICIASMERCEDINAS.COM","url":"https:\/\/noticiasmercedinas.com\/site\/","logo":{"@type":"ImageObject","inLanguage":"es","@id":"https:\/\/noticiasmercedinas.com\/site\/#\/schema\/logo\/image\/","url":"https:\/\/noticiasmercedinas.com\/site\/wp-content\/uploads\/2020\/06\/LOGO-512.jpg","contentUrl":"https:\/\/noticiasmercedinas.com\/site\/wp-content\/uploads\/2020\/06\/LOGO-512.jpg","width":512,"height":512,"caption":"NOTICIASMERCEDINAS.COM"},"image":{"@id":"https:\/\/noticiasmercedinas.com\/site\/#\/schema\/logo\/image\/"},"sameAs":["https:\/\/www.facebook.com\/noticiasmercedinas\/","https:\/\/x.com\/notmercedinas","https:\/\/www.instagram.com\/noticiasmercedinas\/"]},{"@type":"Person","@id":"https:\/\/noticiasmercedinas.com\/site\/#\/schema\/person\/84b59c099c28ff2e8b77d4ceec5d8063","name":"NOTICIASMERCEDINAS.COM","image":{"@type":"ImageObject","inLanguage":"es","@id":"https:\/\/secure.gravatar.com\/avatar\/4dfbf16b4d17945bfb6341b2d19043457132fcf478a5ee04f42e959fd8f5df0a?s=96&d=mm&r=g","url":"https:\/\/secure.gravatar.com\/avatar\/4dfbf16b4d17945bfb6341b2d19043457132fcf478a5ee04f42e959fd8f5df0a?s=96&d=mm&r=g","contentUrl":"https:\/\/secure.gravatar.com\/avatar\/4dfbf16b4d17945bfb6341b2d19043457132fcf478a5ee04f42e959fd8f5df0a?s=96&d=mm&r=g","caption":"NOTICIASMERCEDINAS.COM"},"url":"https:\/\/noticiasmercedinas.com\/site\/author\/anonimo\/"}]}},"amp_enabled":true,"_links":{"self":[{"href":"https:\/\/noticiasmercedinas.com\/site\/wp-json\/wp\/v2\/posts\/161152","targetHints":{"allow":["GET"]}}],"collection":[{"href":"https:\/\/noticiasmercedinas.com\/site\/wp-json\/wp\/v2\/posts"}],"about":[{"href":"https:\/\/noticiasmercedinas.com\/site\/wp-json\/wp\/v2\/types\/post"}],"author":[{"embeddable":true,"href":"https:\/\/noticiasmercedinas.com\/site\/wp-json\/wp\/v2\/users\/16"}],"replies":[{"embeddable":true,"href":"https:\/\/noticiasmercedinas.com\/site\/wp-json\/wp\/v2\/comments?post=161152"}],"version-history":[{"count":1,"href":"https:\/\/noticiasmercedinas.com\/site\/wp-json\/wp\/v2\/posts\/161152\/revisions"}],"predecessor-version":[{"id":161154,"href":"https:\/\/noticiasmercedinas.com\/site\/wp-json\/wp\/v2\/posts\/161152\/revisions\/161154"}],"wp:featuredmedia":[{"embeddable":true,"href":"https:\/\/noticiasmercedinas.com\/site\/wp-json\/wp\/v2\/media\/161153"}],"wp:attachment":[{"href":"https:\/\/noticiasmercedinas.com\/site\/wp-json\/wp\/v2\/media?parent=161152"}],"wp:term":[{"taxonomy":"category","embeddable":true,"href":"https:\/\/noticiasmercedinas.com\/site\/wp-json\/wp\/v2\/categories?post=161152"},{"taxonomy":"post_tag","embeddable":true,"href":"https:\/\/noticiasmercedinas.com\/site\/wp-json\/wp\/v2\/tags?post=161152"}],"curies":[{"name":"wp","href":"https:\/\/api.w.org\/{rel}","templated":true}]}}