{"id":161196,"date":"2025-06-08T17:11:40","date_gmt":"2025-06-08T20:11:40","guid":{"rendered":"https:\/\/noticiasmercedinas.com\/site\/?p=161196"},"modified":"2025-06-08T17:34:57","modified_gmt":"2025-06-08T20:34:57","slug":"brillante-presentacion-de-horacio-lavandera-en-el-ciclo-pro-arte-mercedes","status":"publish","type":"post","link":"https:\/\/noticiasmercedinas.com\/site\/2025\/06\/08\/brillante-presentacion-de-horacio-lavandera-en-el-ciclo-pro-arte-mercedes\/","title":{"rendered":"Brillante presentaci\u00f3n de Horacio Lavandera en el Ciclo Pro Arte Mercedes"},"content":{"rendered":"<p><img loading=\"lazy\" decoding=\"async\" class=\"alignnone size-full wp-image-161198\" src=\"https:\/\/noticiasmercedinas.com\/site\/wp-content\/uploads\/2025\/06\/lavandera1.jpeg\" alt=\"\" width=\"1031\" height=\"675\" srcset=\"https:\/\/noticiasmercedinas.com\/site\/wp-content\/uploads\/2025\/06\/lavandera1.jpeg 1031w, https:\/\/noticiasmercedinas.com\/site\/wp-content\/uploads\/2025\/06\/lavandera1-300x196.jpeg 300w, https:\/\/noticiasmercedinas.com\/site\/wp-content\/uploads\/2025\/06\/lavandera1-1024x670.jpeg 1024w, https:\/\/noticiasmercedinas.com\/site\/wp-content\/uploads\/2025\/06\/lavandera1-768x503.jpeg 768w, https:\/\/noticiasmercedinas.com\/site\/wp-content\/uploads\/2025\/06\/lavandera1-640x419.jpeg 640w, https:\/\/noticiasmercedinas.com\/site\/wp-content\/uploads\/2025\/06\/lavandera1-681x446.jpeg 681w\" sizes=\"auto, (max-width: 1031px) 100vw, 1031px\" \/><\/p>\n<p><span style=\"font-weight: 400;\">El 31 de mayo se present\u00f3 en el ciclo de <\/span><b>Pro Arte Mercedes<\/b><span style=\"font-weight: 400;\">, el excepcional pianista argentino <\/span><b>Horacio Lavandera,<\/b><span style=\"font-weight: 400;\"> en un concierto que titul\u00f3 <\/span><b>\u201cSonidos de lo Eterno\u201d.<\/b><\/p>\n<p><span style=\"font-weight: 400;\">Con un programa que result\u00f3 un verdadero <\/span><b><i>tour de force <\/i><\/b><span style=\"font-weight: 400;\">por la complejidad de las obras elegidas, el int\u00e9rprete, no solo mostr\u00f3 su virtuosismo, sino su excelencia como compositor.\u00a0<\/span><\/p>\n<p><span style=\"font-weight: 400;\">A trav\u00e9s de una l\u00ednea de tiempo sutil<\/span><b> Lavandera<\/b><span style=\"font-weight: 400;\"> uni\u00f3 pasado y presente en una par\u00e1bola musical et\u00e9rea y sugerente, que transport\u00f3 al auditorio hacia vivencias \u00fanicas e irrepetibles.<\/span><\/p>\n<p><span style=\"font-weight: 400;\">En la primera parte, dedicada a<\/span><b> Beethoven<\/b><span style=\"font-weight: 400;\">, ejecut\u00f3 dos obras que rara vez se escuchan en conciertos por la complejidad que entra\u00f1an: <\/span><b>Variaciones \u00abGod Save the King\u00bb, WoO 78<\/b><span style=\"font-weight: 400;\">, un tributo que Beethoven dedic\u00f3 a los reyes de Inglaterra, transformando melod\u00edas populares en himnos universales y <\/span><b>Las <\/b><span style=\"font-weight: 400;\">\u00a0<\/span><b>Variaciones Diabelli,<\/b> <b>Op. 120.<\/b><\/p>\n<p><span style=\"font-weight: 400;\">Desde su publicaci\u00f3n en julio de 1823, <\/span><b>las 33 Variaciones sobre un Vals de Diabelli<\/b><span style=\"font-weight: 400;\"> han sido consideradas universalmente, junto con las <\/span><b>Variaciones Goldberg de Bach<\/b><span style=\"font-weight: 400;\">, como la cumbre de la forma de variaci\u00f3n y como la m\u00e1s grande de todas las obras de piano.<\/span><\/p>\n<p><b>Horacio Lavandera<\/b><span style=\"font-weight: 400;\"> ofreci\u00f3 una versi\u00f3n en la que demostr\u00f3 un excelente dominio t\u00e9cnico y un justo manejo del fraseo. El equilibrio interno de cada variaci\u00f3n tuvo una intensidad controlada, contrastando la sutileza de los <\/span><b><i>rubatos<\/i><\/b><span style=\"font-weight: 400;\"> con la m\u00e1xima potencia que demanda esta obra monumental, en una ejecuci\u00f3n \u00fanica y sublime.<\/span><\/p>\n<p><span style=\"font-weight: 400;\">En la segunda parte del concierto el artista abord\u00f3 un programa contempor\u00e1neo, que parti\u00f3 del posromanticismo de <\/span><b>Mahler<\/b><span style=\"font-weight: 400;\"> para concluir en los movimientos de rock, representados por los <\/span><b>Beatles y Cerati.<\/b><\/p>\n<p><span style=\"font-weight: 400;\">En noviembre de 1905, <\/span><b>Mahler <\/b><span style=\"font-weight: 400;\">realiz\u00f3 cuatro rollos de pianola para M. Welte &amp; S\u00f6hne en Leipzig\u00a0 que pueden darnos una impresi\u00f3n incre\u00edblemente precisa y detallada de c\u00f3mo interpretaba la m\u00fasica (al menos, c\u00f3mo la interpretaba en la transcripci\u00f3n para piano).<\/span><\/p>\n<p><span style=\"font-weight: 400;\">El maestro <\/span><b>Horacio Lavandera,<\/b><span style=\"font-weight: 400;\"> en un trabajo \u00fanico de revisi\u00f3n, analiz\u00f3 comp\u00e1s por comp\u00e1s estos rollos que version\u00f3 de las obras de Mahler.<\/span><\/p>\n<p><span style=\"font-weight: 400;\">Del ciclo de <\/span><b>Canciones del Camarada Errante<\/b><span style=\"font-weight: 400;\">, que seg\u00fan explic\u00f3 los integrantes de los Beatles escuchaban en su juventud, ofreci\u00f3 una bella y exquisita versi\u00f3n de <\/span><b>\u201cIch ging mit Lust\u201d (\u201cAcud\u00ed con alegr\u00eda\u201d)<\/b><span style=\"font-weight: 400;\">.<\/span><\/p>\n<p><span style=\"font-weight: 400;\">A continuaci\u00f3n interpret\u00f3 adaptaciones de las <\/span><b>Sinfon\u00edas I y IV<\/b><span style=\"font-weight: 400;\">, la <\/span><b>Marcha F\u00fanebre<\/b><span style=\"font-weight: 400;\"> y una conmovedora versi\u00f3n del <\/span><b>Adaggietto<\/b><span style=\"font-weight: 400;\"> de la <\/span><b>V Sinfon\u00eda<\/b><span style=\"font-weight: 400;\">, que constituy\u00f3 uno de los momentos m\u00e1s bellos del recital.<\/span><\/p>\n<p><span style=\"font-weight: 400;\">Finalmente ofreci\u00f3 versiones propias de canciones de los <\/span><b>Beatles<\/b><span style=\"font-weight: 400;\">, para ello recurri\u00f3 a dos m\u00fasicos de la \u00e9poca renacentista inglesa: <\/span><b>William Byrd<\/b><span style=\"font-weight: 400;\"> (1540 &#8211; 1623) y <\/span><b>John Dowland <\/b><span style=\"font-weight: 400;\">(1563-1626).<\/span><\/p>\n<p><b>Byrd <\/b><span style=\"font-weight: 400;\">fue el compositor m\u00e1s famoso de la \u00e9poca Tudor y entre su producci\u00f3n se destacan los <\/span><b><i>ministriles<\/i><\/b><span style=\"font-weight: 400;\">, una forma polif\u00f3nica en lengua vern\u00e1cula, que consist\u00eda en una canci\u00f3n de solo para voz aguda, acompa\u00f1ada de cuatro instrumentos renacentistas (normalmente violas) que cantaban los juglares medievales.<\/span><\/p>\n<p><b>Dowland <\/b><span style=\"font-weight: 400;\">fue un compositor y laudista ingl\u00e9s que realizaba canciones galantes de m\u00fasica melanc\u00f3lica y arm\u00f3nica, de moda en su tiempo, cuya influencia se ha hecho notoria, incluso en <\/span><b>Sting.<\/b><\/p>\n<p><span style=\"font-weight: 400;\">Inspirado en estos dos grandes m\u00fasicos renacentistas, <\/span><b>Horacio Lavandera<\/b><span style=\"font-weight: 400;\"> introdujo con maestr\u00eda la forma polif\u00f3nica en la canci\u00f3n de <\/span><b>Harrison \u201cMi guitarra llora suavemente\u201d,<\/b><span style=\"font-weight: 400;\"> para reproducir en el\u00a0 piano con un maravilloso juego t\u00e9cnico, el solo que en la grabaci\u00f3n original interpret\u00f3 <\/span><b>Eric Clapton<\/b><span style=\"font-weight: 400;\"> por pedido del propio<\/span><b> Harrison.<\/b><\/p>\n<p><span style=\"font-weight: 400;\">Las versiones de \u201c<\/span><b>Yesterday\u201d<\/b><span style=\"font-weight: 400;\"> e \u201c<\/span><b>Imagine\u201d<\/b><span style=\"font-weight: 400;\"> transmitieron los ecos de aquellas canciones melanc\u00f3licas de <\/span><b>Dowland<\/b><span style=\"font-weight: 400;\">, en las que<\/span><b> Lavandera<\/b><span style=\"font-weight: 400;\"> aport\u00f3 el despliegue de un sonido puro con bellos registros t\u00edmbricos, que conformaron un clima intimista y profundo.<\/span><\/p>\n<p><span style=\"font-weight: 400;\">El ciclo de los <\/span><b>Beatles<\/b><span style=\"font-weight: 400;\"> se cerr\u00f3 con \u201c<\/span><b>Eleanor Rigby\u201d y \u201cI Saw Her Standing There\u201d<\/b><span style=\"font-weight: 400;\">.<\/span><\/p>\n<p><span style=\"font-weight: 400;\">Para finalizar, ofreci\u00f3 tres versiones de <\/span><b>Gustavo Cerati:<\/b><span style=\"font-weight: 400;\"> \u201c<\/span><b>De m\u00fasica ligera\u201d, \u201cT\u00e9 para tres\u201d<\/b><span style=\"font-weight: 400;\"> y \u201c<\/span><b>En la<\/b> <b>ciudad de la furia\u201d, <\/b><span style=\"font-weight: 400;\">que\u00a0 relacion\u00f3 con la obra del gran m\u00fasico argentino <\/span><b>Alberto Ginastera.\u00a0<\/b><\/p>\n<p><span style=\"font-weight: 400;\">La idea de encontrar correspondencias con la m\u00fasica de <\/span><b>Ginastera<\/b><span style=\"font-weight: 400;\"> constituy\u00f3 otro hallazgo del m\u00fasico, que se manifest\u00f3 en todo su esplendor, al relacionar <strong>La c<\/strong><\/span><b>iudad de la furia<\/b><span style=\"font-weight: 400;\"> con el <\/span><b>Baile<\/b><span style=\"font-weight: 400;\"> final del <\/span><b>Ballet Estancia: Malambo, <\/b><span style=\"font-weight: 400;\">que ejecut\u00f3 de manera impecable.<\/span><\/p>\n<p><b>Horacio Lavandera <\/b><span style=\"font-weight: 400;\">demostr\u00f3 por qu\u00e9 es hoy una autoridad indiscutible en el mundo pian\u00edstico. Admiraci\u00f3n, \u00e9xtasis y emoci\u00f3n, con un p\u00fablico de pie premiaron una actuaci\u00f3n que seguramente perdurar\u00e1 en el recuerdo.<\/span><\/p>\n<p><span style=\"font-weight: 400;\">Para finalizar, con su talento y generosidad, nos regal\u00f3 una versi\u00f3n del <\/span><b>Himno Nacional Argentino<\/b><span style=\"font-weight: 400;\">, majestuosa y \u00fanica.<\/span><\/p>\n<p><span style=\"font-weight: 400;\">Un concierto inolvidable, un artista notable, que nos permite apropiarnos de las palabras que dijo uno de los compositores m\u00e1s influyentes del siglo XX, Karlheinz Stockhausen, sobre \u00e9l: <\/span><b><i>\u201cTu talento es dado por Dios\u201d.<\/i><\/b><\/p>\n<p><img loading=\"lazy\" decoding=\"async\" class=\"alignnone size-full wp-image-161200\" src=\"https:\/\/noticiasmercedinas.com\/site\/wp-content\/uploads\/2025\/06\/lavandera.jpeg\" alt=\"\" width=\"1129\" height=\"695\" srcset=\"https:\/\/noticiasmercedinas.com\/site\/wp-content\/uploads\/2025\/06\/lavandera.jpeg 1129w, https:\/\/noticiasmercedinas.com\/site\/wp-content\/uploads\/2025\/06\/lavandera-300x185.jpeg 300w, https:\/\/noticiasmercedinas.com\/site\/wp-content\/uploads\/2025\/06\/lavandera-1024x630.jpeg 1024w, https:\/\/noticiasmercedinas.com\/site\/wp-content\/uploads\/2025\/06\/lavandera-768x473.jpeg 768w, https:\/\/noticiasmercedinas.com\/site\/wp-content\/uploads\/2025\/06\/lavandera-640x394.jpeg 640w, https:\/\/noticiasmercedinas.com\/site\/wp-content\/uploads\/2025\/06\/lavandera-681x419.jpeg 681w\" sizes=\"auto, (max-width: 1129px) 100vw, 1129px\" \/><\/p>\n","protected":false},"excerpt":{"rendered":"<p>\u25a0 Un concierto inolvidable de un artista notable tuvo lugar en el auditorio del Colegio Nacional en el marco del ciclo Pro Arte 2025<\/p>\n","protected":false},"author":24,"featured_media":161198,"comment_status":"closed","ping_status":"closed","sticky":false,"template":"","format":"standard","meta":{"footnotes":""},"categories":[4],"tags":[612,20194,614],"class_list":["post-161196","post","type-post","status-publish","format-standard","has-post-thumbnail","hentry","category-cultura","tag-colegio-nacional","tag-horacio-lavandera","tag-pro-arte"],"yoast_head":"<!-- This site is optimized with the Yoast SEO plugin v27.4 - https:\/\/yoast.com\/product\/yoast-seo-wordpress\/ -->\n<title>Brillante presentaci\u00f3n de Horacio Lavandera en el Ciclo Pro Arte Mercedes<\/title>\n<meta name=\"description\" content=\"Un concierto inolvidable de un artista notable tuvo lugar en el auditorio del Colegio Nacional en el marco del ciclo Pro Arte 2025\" \/>\n<meta name=\"robots\" content=\"index, follow, max-snippet:-1, max-image-preview:large, max-video-preview:-1\" \/>\n<link rel=\"canonical\" href=\"https:\/\/noticiasmercedinas.com\/site\/2025\/06\/08\/brillante-presentacion-de-horacio-lavandera-en-el-ciclo-pro-arte-mercedes\/\" \/>\n<meta property=\"og:locale\" content=\"es_ES\" \/>\n<meta property=\"og:type\" content=\"article\" \/>\n<meta property=\"og:title\" content=\"Brillante presentaci\u00f3n de Horacio Lavandera en el Ciclo Pro Arte Mercedes\" \/>\n<meta property=\"og:description\" content=\"Un concierto inolvidable de un artista notable tuvo lugar en el auditorio del Colegio Nacional en el marco del ciclo Pro Arte 2025\" \/>\n<meta property=\"og:url\" content=\"https:\/\/noticiasmercedinas.com\/site\/2025\/06\/08\/brillante-presentacion-de-horacio-lavandera-en-el-ciclo-pro-arte-mercedes\/\" \/>\n<meta property=\"og:site_name\" content=\"NOTICIASMERCEDINAS.COM\" \/>\n<meta property=\"article:publisher\" content=\"https:\/\/www.facebook.com\/noticiasmercedinas\/\" \/>\n<meta property=\"article:published_time\" content=\"2025-06-08T20:11:40+00:00\" \/>\n<meta property=\"article:modified_time\" content=\"2025-06-08T20:34:57+00:00\" \/>\n<meta property=\"og:image\" content=\"https:\/\/noticiasmercedinas.com\/site\/wp-content\/uploads\/2025\/06\/lavandera1.jpeg\" \/>\n\t<meta property=\"og:image:width\" content=\"1031\" \/>\n\t<meta property=\"og:image:height\" content=\"675\" \/>\n\t<meta property=\"og:image:type\" content=\"image\/jpeg\" \/>\n<meta name=\"author\" content=\"Susana Spano\" \/>\n<meta name=\"twitter:card\" content=\"summary_large_image\" \/>\n<meta name=\"twitter:creator\" content=\"@notmercedinas\" \/>\n<meta name=\"twitter:site\" content=\"@notmercedinas\" \/>\n<meta name=\"twitter:label1\" content=\"Escrito por\" \/>\n\t<meta name=\"twitter:data1\" content=\"Susana Spano\" \/>\n\t<meta name=\"twitter:label2\" content=\"Tiempo de lectura\" \/>\n\t<meta name=\"twitter:data2\" content=\"5 minutos\" \/>\n<script type=\"application\/ld+json\" class=\"yoast-schema-graph\">{\"@context\":\"https:\\\/\\\/schema.org\",\"@graph\":[{\"@type\":\"Article\",\"@id\":\"https:\\\/\\\/noticiasmercedinas.com\\\/site\\\/2025\\\/06\\\/08\\\/brillante-presentacion-de-horacio-lavandera-en-el-ciclo-pro-arte-mercedes\\\/#article\",\"isPartOf\":{\"@id\":\"https:\\\/\\\/noticiasmercedinas.com\\\/site\\\/2025\\\/06\\\/08\\\/brillante-presentacion-de-horacio-lavandera-en-el-ciclo-pro-arte-mercedes\\\/\"},\"author\":{\"name\":\"Susana Spano\",\"@id\":\"https:\\\/\\\/noticiasmercedinas.com\\\/site\\\/#\\\/schema\\\/person\\\/6c6decb6bf2ace51790c3ae1860466d7\"},\"headline\":\"Brillante presentaci\u00f3n de Horacio Lavandera en el Ciclo Pro Arte Mercedes\",\"datePublished\":\"2025-06-08T20:11:40+00:00\",\"dateModified\":\"2025-06-08T20:34:57+00:00\",\"mainEntityOfPage\":{\"@id\":\"https:\\\/\\\/noticiasmercedinas.com\\\/site\\\/2025\\\/06\\\/08\\\/brillante-presentacion-de-horacio-lavandera-en-el-ciclo-pro-arte-mercedes\\\/\"},\"wordCount\":829,\"publisher\":{\"@id\":\"https:\\\/\\\/noticiasmercedinas.com\\\/site\\\/#organization\"},\"image\":{\"@id\":\"https:\\\/\\\/noticiasmercedinas.com\\\/site\\\/2025\\\/06\\\/08\\\/brillante-presentacion-de-horacio-lavandera-en-el-ciclo-pro-arte-mercedes\\\/#primaryimage\"},\"thumbnailUrl\":\"https:\\\/\\\/noticiasmercedinas.com\\\/site\\\/wp-content\\\/uploads\\\/2025\\\/06\\\/lavandera1.jpeg\",\"keywords\":[\"colegio nacional\",\"horacio lavandera\",\"pro arte\"],\"articleSection\":[\"Cultura\"],\"inLanguage\":\"es\"},{\"@type\":\"WebPage\",\"@id\":\"https:\\\/\\\/noticiasmercedinas.com\\\/site\\\/2025\\\/06\\\/08\\\/brillante-presentacion-de-horacio-lavandera-en-el-ciclo-pro-arte-mercedes\\\/\",\"url\":\"https:\\\/\\\/noticiasmercedinas.com\\\/site\\\/2025\\\/06\\\/08\\\/brillante-presentacion-de-horacio-lavandera-en-el-ciclo-pro-arte-mercedes\\\/\",\"name\":\"Brillante presentaci\u00f3n de Horacio Lavandera en el Ciclo Pro Arte Mercedes\",\"isPartOf\":{\"@id\":\"https:\\\/\\\/noticiasmercedinas.com\\\/site\\\/#website\"},\"primaryImageOfPage\":{\"@id\":\"https:\\\/\\\/noticiasmercedinas.com\\\/site\\\/2025\\\/06\\\/08\\\/brillante-presentacion-de-horacio-lavandera-en-el-ciclo-pro-arte-mercedes\\\/#primaryimage\"},\"image\":{\"@id\":\"https:\\\/\\\/noticiasmercedinas.com\\\/site\\\/2025\\\/06\\\/08\\\/brillante-presentacion-de-horacio-lavandera-en-el-ciclo-pro-arte-mercedes\\\/#primaryimage\"},\"thumbnailUrl\":\"https:\\\/\\\/noticiasmercedinas.com\\\/site\\\/wp-content\\\/uploads\\\/2025\\\/06\\\/lavandera1.jpeg\",\"datePublished\":\"2025-06-08T20:11:40+00:00\",\"dateModified\":\"2025-06-08T20:34:57+00:00\",\"description\":\"Un concierto inolvidable de un artista notable tuvo lugar en el auditorio del Colegio Nacional en el marco del ciclo Pro Arte 2025\",\"breadcrumb\":{\"@id\":\"https:\\\/\\\/noticiasmercedinas.com\\\/site\\\/2025\\\/06\\\/08\\\/brillante-presentacion-de-horacio-lavandera-en-el-ciclo-pro-arte-mercedes\\\/#breadcrumb\"},\"inLanguage\":\"es\",\"potentialAction\":[{\"@type\":\"ReadAction\",\"target\":[\"https:\\\/\\\/noticiasmercedinas.com\\\/site\\\/2025\\\/06\\\/08\\\/brillante-presentacion-de-horacio-lavandera-en-el-ciclo-pro-arte-mercedes\\\/\"]}]},{\"@type\":\"ImageObject\",\"inLanguage\":\"es\",\"@id\":\"https:\\\/\\\/noticiasmercedinas.com\\\/site\\\/2025\\\/06\\\/08\\\/brillante-presentacion-de-horacio-lavandera-en-el-ciclo-pro-arte-mercedes\\\/#primaryimage\",\"url\":\"https:\\\/\\\/noticiasmercedinas.com\\\/site\\\/wp-content\\\/uploads\\\/2025\\\/06\\\/lavandera1.jpeg\",\"contentUrl\":\"https:\\\/\\\/noticiasmercedinas.com\\\/site\\\/wp-content\\\/uploads\\\/2025\\\/06\\\/lavandera1.jpeg\",\"width\":1031,\"height\":675},{\"@type\":\"BreadcrumbList\",\"@id\":\"https:\\\/\\\/noticiasmercedinas.com\\\/site\\\/2025\\\/06\\\/08\\\/brillante-presentacion-de-horacio-lavandera-en-el-ciclo-pro-arte-mercedes\\\/#breadcrumb\",\"itemListElement\":[{\"@type\":\"ListItem\",\"position\":1,\"name\":\"Portada\",\"item\":\"https:\\\/\\\/noticiasmercedinas.com\\\/site\\\/\"},{\"@type\":\"ListItem\",\"position\":2,\"name\":\"Brillante presentaci\u00f3n de Horacio Lavandera en el Ciclo Pro Arte Mercedes\"}]},{\"@type\":\"WebSite\",\"@id\":\"https:\\\/\\\/noticiasmercedinas.com\\\/site\\\/#website\",\"url\":\"https:\\\/\\\/noticiasmercedinas.com\\\/site\\\/\",\"name\":\"NOTICIASMERCEDINAS.COM\",\"description\":\"Mercedes, Buenos Aires, Argentina\",\"publisher\":{\"@id\":\"https:\\\/\\\/noticiasmercedinas.com\\\/site\\\/#organization\"},\"potentialAction\":[{\"@type\":\"SearchAction\",\"target\":{\"@type\":\"EntryPoint\",\"urlTemplate\":\"https:\\\/\\\/noticiasmercedinas.com\\\/site\\\/?s={search_term_string}\"},\"query-input\":{\"@type\":\"PropertyValueSpecification\",\"valueRequired\":true,\"valueName\":\"search_term_string\"}}],\"inLanguage\":\"es\"},{\"@type\":\"Organization\",\"@id\":\"https:\\\/\\\/noticiasmercedinas.com\\\/site\\\/#organization\",\"name\":\"NOTICIASMERCEDINAS.COM\",\"url\":\"https:\\\/\\\/noticiasmercedinas.com\\\/site\\\/\",\"logo\":{\"@type\":\"ImageObject\",\"inLanguage\":\"es\",\"@id\":\"https:\\\/\\\/noticiasmercedinas.com\\\/site\\\/#\\\/schema\\\/logo\\\/image\\\/\",\"url\":\"https:\\\/\\\/noticiasmercedinas.com\\\/site\\\/wp-content\\\/uploads\\\/2020\\\/06\\\/LOGO-512.jpg\",\"contentUrl\":\"https:\\\/\\\/noticiasmercedinas.com\\\/site\\\/wp-content\\\/uploads\\\/2020\\\/06\\\/LOGO-512.jpg\",\"width\":512,\"height\":512,\"caption\":\"NOTICIASMERCEDINAS.COM\"},\"image\":{\"@id\":\"https:\\\/\\\/noticiasmercedinas.com\\\/site\\\/#\\\/schema\\\/logo\\\/image\\\/\"},\"sameAs\":[\"https:\\\/\\\/www.facebook.com\\\/noticiasmercedinas\\\/\",\"https:\\\/\\\/x.com\\\/notmercedinas\",\"https:\\\/\\\/www.instagram.com\\\/noticiasmercedinas\\\/\"]},{\"@type\":\"Person\",\"@id\":\"https:\\\/\\\/noticiasmercedinas.com\\\/site\\\/#\\\/schema\\\/person\\\/6c6decb6bf2ace51790c3ae1860466d7\",\"name\":\"Susana Spano\",\"image\":{\"@type\":\"ImageObject\",\"inLanguage\":\"es\",\"@id\":\"https:\\\/\\\/secure.gravatar.com\\\/avatar\\\/8b943981637969c1ccbbca2f9b95cbe5dac8e434c0c759eef9552e95d86c38f4?s=96&d=mm&r=g\",\"url\":\"https:\\\/\\\/secure.gravatar.com\\\/avatar\\\/8b943981637969c1ccbbca2f9b95cbe5dac8e434c0c759eef9552e95d86c38f4?s=96&d=mm&r=g\",\"contentUrl\":\"https:\\\/\\\/secure.gravatar.com\\\/avatar\\\/8b943981637969c1ccbbca2f9b95cbe5dac8e434c0c759eef9552e95d86c38f4?s=96&d=mm&r=g\",\"caption\":\"Susana Spano\"},\"url\":\"https:\\\/\\\/noticiasmercedinas.com\\\/site\\\/author\\\/susana-spano\\\/\"}]}<\/script>\n<!-- \/ Yoast SEO plugin. -->","yoast_head_json":{"title":"Brillante presentaci\u00f3n de Horacio Lavandera en el Ciclo Pro Arte Mercedes","description":"Un concierto inolvidable de un artista notable tuvo lugar en el auditorio del Colegio Nacional en el marco del ciclo Pro Arte 2025","robots":{"index":"index","follow":"follow","max-snippet":"max-snippet:-1","max-image-preview":"max-image-preview:large","max-video-preview":"max-video-preview:-1"},"canonical":"https:\/\/noticiasmercedinas.com\/site\/2025\/06\/08\/brillante-presentacion-de-horacio-lavandera-en-el-ciclo-pro-arte-mercedes\/","og_locale":"es_ES","og_type":"article","og_title":"Brillante presentaci\u00f3n de Horacio Lavandera en el Ciclo Pro Arte Mercedes","og_description":"Un concierto inolvidable de un artista notable tuvo lugar en el auditorio del Colegio Nacional en el marco del ciclo Pro Arte 2025","og_url":"https:\/\/noticiasmercedinas.com\/site\/2025\/06\/08\/brillante-presentacion-de-horacio-lavandera-en-el-ciclo-pro-arte-mercedes\/","og_site_name":"NOTICIASMERCEDINAS.COM","article_publisher":"https:\/\/www.facebook.com\/noticiasmercedinas\/","article_published_time":"2025-06-08T20:11:40+00:00","article_modified_time":"2025-06-08T20:34:57+00:00","og_image":[{"width":1031,"height":675,"url":"https:\/\/noticiasmercedinas.com\/site\/wp-content\/uploads\/2025\/06\/lavandera1.jpeg","type":"image\/jpeg"}],"author":"Susana Spano","twitter_card":"summary_large_image","twitter_creator":"@notmercedinas","twitter_site":"@notmercedinas","twitter_misc":{"Escrito por":"Susana Spano","Tiempo de lectura":"5 minutos"},"schema":{"@context":"https:\/\/schema.org","@graph":[{"@type":"Article","@id":"https:\/\/noticiasmercedinas.com\/site\/2025\/06\/08\/brillante-presentacion-de-horacio-lavandera-en-el-ciclo-pro-arte-mercedes\/#article","isPartOf":{"@id":"https:\/\/noticiasmercedinas.com\/site\/2025\/06\/08\/brillante-presentacion-de-horacio-lavandera-en-el-ciclo-pro-arte-mercedes\/"},"author":{"name":"Susana Spano","@id":"https:\/\/noticiasmercedinas.com\/site\/#\/schema\/person\/6c6decb6bf2ace51790c3ae1860466d7"},"headline":"Brillante presentaci\u00f3n de Horacio Lavandera en el Ciclo Pro Arte Mercedes","datePublished":"2025-06-08T20:11:40+00:00","dateModified":"2025-06-08T20:34:57+00:00","mainEntityOfPage":{"@id":"https:\/\/noticiasmercedinas.com\/site\/2025\/06\/08\/brillante-presentacion-de-horacio-lavandera-en-el-ciclo-pro-arte-mercedes\/"},"wordCount":829,"publisher":{"@id":"https:\/\/noticiasmercedinas.com\/site\/#organization"},"image":{"@id":"https:\/\/noticiasmercedinas.com\/site\/2025\/06\/08\/brillante-presentacion-de-horacio-lavandera-en-el-ciclo-pro-arte-mercedes\/#primaryimage"},"thumbnailUrl":"https:\/\/noticiasmercedinas.com\/site\/wp-content\/uploads\/2025\/06\/lavandera1.jpeg","keywords":["colegio nacional","horacio lavandera","pro arte"],"articleSection":["Cultura"],"inLanguage":"es"},{"@type":"WebPage","@id":"https:\/\/noticiasmercedinas.com\/site\/2025\/06\/08\/brillante-presentacion-de-horacio-lavandera-en-el-ciclo-pro-arte-mercedes\/","url":"https:\/\/noticiasmercedinas.com\/site\/2025\/06\/08\/brillante-presentacion-de-horacio-lavandera-en-el-ciclo-pro-arte-mercedes\/","name":"Brillante presentaci\u00f3n de Horacio Lavandera en el Ciclo Pro Arte Mercedes","isPartOf":{"@id":"https:\/\/noticiasmercedinas.com\/site\/#website"},"primaryImageOfPage":{"@id":"https:\/\/noticiasmercedinas.com\/site\/2025\/06\/08\/brillante-presentacion-de-horacio-lavandera-en-el-ciclo-pro-arte-mercedes\/#primaryimage"},"image":{"@id":"https:\/\/noticiasmercedinas.com\/site\/2025\/06\/08\/brillante-presentacion-de-horacio-lavandera-en-el-ciclo-pro-arte-mercedes\/#primaryimage"},"thumbnailUrl":"https:\/\/noticiasmercedinas.com\/site\/wp-content\/uploads\/2025\/06\/lavandera1.jpeg","datePublished":"2025-06-08T20:11:40+00:00","dateModified":"2025-06-08T20:34:57+00:00","description":"Un concierto inolvidable de un artista notable tuvo lugar en el auditorio del Colegio Nacional en el marco del ciclo Pro Arte 2025","breadcrumb":{"@id":"https:\/\/noticiasmercedinas.com\/site\/2025\/06\/08\/brillante-presentacion-de-horacio-lavandera-en-el-ciclo-pro-arte-mercedes\/#breadcrumb"},"inLanguage":"es","potentialAction":[{"@type":"ReadAction","target":["https:\/\/noticiasmercedinas.com\/site\/2025\/06\/08\/brillante-presentacion-de-horacio-lavandera-en-el-ciclo-pro-arte-mercedes\/"]}]},{"@type":"ImageObject","inLanguage":"es","@id":"https:\/\/noticiasmercedinas.com\/site\/2025\/06\/08\/brillante-presentacion-de-horacio-lavandera-en-el-ciclo-pro-arte-mercedes\/#primaryimage","url":"https:\/\/noticiasmercedinas.com\/site\/wp-content\/uploads\/2025\/06\/lavandera1.jpeg","contentUrl":"https:\/\/noticiasmercedinas.com\/site\/wp-content\/uploads\/2025\/06\/lavandera1.jpeg","width":1031,"height":675},{"@type":"BreadcrumbList","@id":"https:\/\/noticiasmercedinas.com\/site\/2025\/06\/08\/brillante-presentacion-de-horacio-lavandera-en-el-ciclo-pro-arte-mercedes\/#breadcrumb","itemListElement":[{"@type":"ListItem","position":1,"name":"Portada","item":"https:\/\/noticiasmercedinas.com\/site\/"},{"@type":"ListItem","position":2,"name":"Brillante presentaci\u00f3n de Horacio Lavandera en el Ciclo Pro Arte Mercedes"}]},{"@type":"WebSite","@id":"https:\/\/noticiasmercedinas.com\/site\/#website","url":"https:\/\/noticiasmercedinas.com\/site\/","name":"NOTICIASMERCEDINAS.COM","description":"Mercedes, Buenos Aires, Argentina","publisher":{"@id":"https:\/\/noticiasmercedinas.com\/site\/#organization"},"potentialAction":[{"@type":"SearchAction","target":{"@type":"EntryPoint","urlTemplate":"https:\/\/noticiasmercedinas.com\/site\/?s={search_term_string}"},"query-input":{"@type":"PropertyValueSpecification","valueRequired":true,"valueName":"search_term_string"}}],"inLanguage":"es"},{"@type":"Organization","@id":"https:\/\/noticiasmercedinas.com\/site\/#organization","name":"NOTICIASMERCEDINAS.COM","url":"https:\/\/noticiasmercedinas.com\/site\/","logo":{"@type":"ImageObject","inLanguage":"es","@id":"https:\/\/noticiasmercedinas.com\/site\/#\/schema\/logo\/image\/","url":"https:\/\/noticiasmercedinas.com\/site\/wp-content\/uploads\/2020\/06\/LOGO-512.jpg","contentUrl":"https:\/\/noticiasmercedinas.com\/site\/wp-content\/uploads\/2020\/06\/LOGO-512.jpg","width":512,"height":512,"caption":"NOTICIASMERCEDINAS.COM"},"image":{"@id":"https:\/\/noticiasmercedinas.com\/site\/#\/schema\/logo\/image\/"},"sameAs":["https:\/\/www.facebook.com\/noticiasmercedinas\/","https:\/\/x.com\/notmercedinas","https:\/\/www.instagram.com\/noticiasmercedinas\/"]},{"@type":"Person","@id":"https:\/\/noticiasmercedinas.com\/site\/#\/schema\/person\/6c6decb6bf2ace51790c3ae1860466d7","name":"Susana Spano","image":{"@type":"ImageObject","inLanguage":"es","@id":"https:\/\/secure.gravatar.com\/avatar\/8b943981637969c1ccbbca2f9b95cbe5dac8e434c0c759eef9552e95d86c38f4?s=96&d=mm&r=g","url":"https:\/\/secure.gravatar.com\/avatar\/8b943981637969c1ccbbca2f9b95cbe5dac8e434c0c759eef9552e95d86c38f4?s=96&d=mm&r=g","contentUrl":"https:\/\/secure.gravatar.com\/avatar\/8b943981637969c1ccbbca2f9b95cbe5dac8e434c0c759eef9552e95d86c38f4?s=96&d=mm&r=g","caption":"Susana Spano"},"url":"https:\/\/noticiasmercedinas.com\/site\/author\/susana-spano\/"}]}},"amp_enabled":true,"_links":{"self":[{"href":"https:\/\/noticiasmercedinas.com\/site\/wp-json\/wp\/v2\/posts\/161196","targetHints":{"allow":["GET"]}}],"collection":[{"href":"https:\/\/noticiasmercedinas.com\/site\/wp-json\/wp\/v2\/posts"}],"about":[{"href":"https:\/\/noticiasmercedinas.com\/site\/wp-json\/wp\/v2\/types\/post"}],"author":[{"embeddable":true,"href":"https:\/\/noticiasmercedinas.com\/site\/wp-json\/wp\/v2\/users\/24"}],"replies":[{"embeddable":true,"href":"https:\/\/noticiasmercedinas.com\/site\/wp-json\/wp\/v2\/comments?post=161196"}],"version-history":[{"count":4,"href":"https:\/\/noticiasmercedinas.com\/site\/wp-json\/wp\/v2\/posts\/161196\/revisions"}],"predecessor-version":[{"id":161202,"href":"https:\/\/noticiasmercedinas.com\/site\/wp-json\/wp\/v2\/posts\/161196\/revisions\/161202"}],"wp:featuredmedia":[{"embeddable":true,"href":"https:\/\/noticiasmercedinas.com\/site\/wp-json\/wp\/v2\/media\/161198"}],"wp:attachment":[{"href":"https:\/\/noticiasmercedinas.com\/site\/wp-json\/wp\/v2\/media?parent=161196"}],"wp:term":[{"taxonomy":"category","embeddable":true,"href":"https:\/\/noticiasmercedinas.com\/site\/wp-json\/wp\/v2\/categories?post=161196"},{"taxonomy":"post_tag","embeddable":true,"href":"https:\/\/noticiasmercedinas.com\/site\/wp-json\/wp\/v2\/tags?post=161196"}],"curies":[{"name":"wp","href":"https:\/\/api.w.org\/{rel}","templated":true}]}}