{"id":161466,"date":"2025-06-11T11:45:53","date_gmt":"2025-06-11T14:45:53","guid":{"rendered":"https:\/\/noticiasmercedinas.com\/site\/?p=161466"},"modified":"2025-06-11T11:45:53","modified_gmt":"2025-06-11T14:45:53","slug":"la-regional-ii-del-ips-se-capacito-en-san-antonio-de-areco","status":"publish","type":"post","link":"https:\/\/noticiasmercedinas.com\/site\/2025\/06\/11\/la-regional-ii-del-ips-se-capacito-en-san-antonio-de-areco\/","title":{"rendered":"La regional II del IPS se capacit\u00f3 en San Antonio de Areco"},"content":{"rendered":"<p><img loading=\"lazy\" decoding=\"async\" class=\"alignnone size-full wp-image-161467\" src=\"https:\/\/noticiasmercedinas.com\/site\/wp-content\/uploads\/2025\/06\/2-CAPACITACION-REG.-II.jpeg\" alt=\"\" width=\"900\" height=\"600\" srcset=\"https:\/\/noticiasmercedinas.com\/site\/wp-content\/uploads\/2025\/06\/2-CAPACITACION-REG.-II.jpeg 900w, https:\/\/noticiasmercedinas.com\/site\/wp-content\/uploads\/2025\/06\/2-CAPACITACION-REG.-II-300x200.jpeg 300w, https:\/\/noticiasmercedinas.com\/site\/wp-content\/uploads\/2025\/06\/2-CAPACITACION-REG.-II-768x512.jpeg 768w, https:\/\/noticiasmercedinas.com\/site\/wp-content\/uploads\/2025\/06\/2-CAPACITACION-REG.-II-640x427.jpeg 640w, https:\/\/noticiasmercedinas.com\/site\/wp-content\/uploads\/2025\/06\/2-CAPACITACION-REG.-II-681x454.jpeg 681w\" sizes=\"auto, (max-width: 900px) 100vw, 900px\" \/><\/p>\n<p>Este martes continu\u00f3 en San Andr\u00e9s de Giles el ciclo de capacitaciones del IPS para el personal de la Regional II, con cabecera en San Nicol\u00e1s. El encuentro reuni\u00f3 a trabajadoras y trabajadores previsionales de 16 distritos del norte de la provincia.<\/p>\n<p>Los jefes y jefas de los Centros de Atenci\u00f3n Previsional -CAP- de las localidades de: San Nicol\u00e1s; Ramallo; San Pedro; Pergamino; Col\u00f3n; Rojas; Salto; Arrecifes; Capit\u00e1n Sarmiento; Baradero; Z\u00e1rate; San Antonio de Areco; Carmen de Areco; San Andr\u00e9s de Giles y Exaltaci\u00f3n de la Cruz, asistieron a la Capacitaci\u00f3n del a\u00f1o en curso.<\/p>\n<p>Como cada a\u00f1o, desde 2022, el IPS lleva adelante capacitaciones destinadas a actualizar conceptos, leyes y habilidades t\u00e9cnicas que permitan mejorar las competencias en funci\u00f3n de las necesidades del organismo.<\/p>\n<p>Este ciclo de capacitaciones 2025, tiene como eje a las \u201cPensiones no contributivas\u201d Ley N\u00b010.205 y refuerzo del procedimiento para inicio de Pensiones contributivas. Se abord\u00f3, en el caso de las pensiones no contributivas, todo el proceso de la tramitaci\u00f3n digital con el objetivo de impulsar a las oficinas del interior hacia una descentralizaci\u00f3n efectiva y eficiente. La idea es que en un futuro inmediato, este tipo de expediente previsional pueda iniciarse en cualquier CAP y resolver su tramitaci\u00f3n \u00edntegramente en la misma oficina, sin necesidad de intervenci\u00f3n de la sede central.<\/p>\n<p>Cabe consignar que el tr\u00e1mite de pensiones sociales no contributivas era el \u00fanico procedimiento que quedaba en papel, que a\u00fan no estaba digitalizado, por lo que esta iniciativa arrojar\u00e1 una mayor transparencia al circuito.<\/p>\n<p>Ya se ha capacitado a la mitad del personal que trabaja en las oficinas del interior de la provincia. El ciclo de formaci\u00f3n, a cargo de personal t\u00e9cnico y equipo jur\u00eddico del IPS, est\u00e1 planificado para llegar a las 10 Direcciones Regionales distribuidas en todo el territorio provincial.<\/p>\n<p>En el transcurso del mes de junio continuar\u00e1 el ciclo de capacitaci\u00f3n para las Direcciones Regionales IV y VII que nuclea a m\u00e1s de 25 localidades bonaerenses.<\/p>\n","protected":false},"excerpt":{"rendered":"<p>Este martes continu\u00f3 en San Andr\u00e9s de Giles el ciclo de capacitaciones del IPS para el personal de la Regional II, con cabecera en San Nicol\u00e1s. El encuentro reuni\u00f3 a trabajadoras y trabajadores previsionales de 16 distritos del norte de la provincia. Los jefes y jefas de los Centros de Atenci\u00f3n Previsional -CAP- de las [&hellip;]<\/p>\n","protected":false},"author":16,"featured_media":161467,"comment_status":"closed","ping_status":"closed","sticky":false,"template":"","format":"standard","meta":{"footnotes":""},"categories":[139],"tags":[159,5577,460],"class_list":["post-161466","post","type-post","status-publish","format-standard","has-post-thumbnail","hentry","category-regionales","tag-ips","tag-regional","tag-san-antonio-de-areco"],"yoast_head":"<!-- This site is optimized with the Yoast SEO plugin v27.4 - https:\/\/yoast.com\/product\/yoast-seo-wordpress\/ -->\n<title>La regional II del IPS se capacit\u00f3 en San Antonio de Areco<\/title>\n<meta name=\"robots\" content=\"index, follow, max-snippet:-1, max-image-preview:large, max-video-preview:-1\" \/>\n<link rel=\"canonical\" href=\"https:\/\/noticiasmercedinas.com\/site\/2025\/06\/11\/la-regional-ii-del-ips-se-capacito-en-san-antonio-de-areco\/\" \/>\n<meta property=\"og:locale\" content=\"es_ES\" \/>\n<meta property=\"og:type\" content=\"article\" \/>\n<meta property=\"og:title\" content=\"La regional II del IPS se capacit\u00f3 en San Antonio de Areco\" \/>\n<meta property=\"og:description\" content=\"Este martes continu\u00f3 en San Andr\u00e9s de Giles el ciclo de capacitaciones del IPS para el personal de la Regional II, con cabecera en San Nicol\u00e1s. El encuentro reuni\u00f3 a trabajadoras y trabajadores previsionales de 16 distritos del norte de la provincia. Los jefes y jefas de los Centros de Atenci\u00f3n Previsional -CAP- de las [&hellip;]\" \/>\n<meta property=\"og:url\" content=\"https:\/\/noticiasmercedinas.com\/site\/2025\/06\/11\/la-regional-ii-del-ips-se-capacito-en-san-antonio-de-areco\/\" \/>\n<meta property=\"og:site_name\" content=\"NOTICIASMERCEDINAS.COM\" \/>\n<meta property=\"article:publisher\" content=\"https:\/\/www.facebook.com\/noticiasmercedinas\/\" \/>\n<meta property=\"article:published_time\" content=\"2025-06-11T14:45:53+00:00\" \/>\n<meta property=\"og:image\" content=\"https:\/\/noticiasmercedinas.com\/site\/wp-content\/uploads\/2025\/06\/2-CAPACITACION-REG.-II.jpeg\" \/>\n\t<meta property=\"og:image:width\" content=\"900\" \/>\n\t<meta property=\"og:image:height\" content=\"600\" \/>\n\t<meta property=\"og:image:type\" content=\"image\/jpeg\" \/>\n<meta name=\"author\" content=\"NOTICIASMERCEDINAS.COM\" \/>\n<meta name=\"twitter:card\" content=\"summary_large_image\" \/>\n<meta name=\"twitter:creator\" content=\"@notmercedinas\" \/>\n<meta name=\"twitter:site\" content=\"@notmercedinas\" \/>\n<meta name=\"twitter:label1\" content=\"Escrito por\" \/>\n\t<meta name=\"twitter:data1\" content=\"NOTICIASMERCEDINAS.COM\" \/>\n\t<meta name=\"twitter:label2\" content=\"Tiempo de lectura\" \/>\n\t<meta name=\"twitter:data2\" content=\"2 minutos\" \/>\n<script type=\"application\/ld+json\" class=\"yoast-schema-graph\">{\"@context\":\"https:\\\/\\\/schema.org\",\"@graph\":[{\"@type\":\"Article\",\"@id\":\"https:\\\/\\\/noticiasmercedinas.com\\\/site\\\/2025\\\/06\\\/11\\\/la-regional-ii-del-ips-se-capacito-en-san-antonio-de-areco\\\/#article\",\"isPartOf\":{\"@id\":\"https:\\\/\\\/noticiasmercedinas.com\\\/site\\\/2025\\\/06\\\/11\\\/la-regional-ii-del-ips-se-capacito-en-san-antonio-de-areco\\\/\"},\"author\":{\"name\":\"NOTICIASMERCEDINAS.COM\",\"@id\":\"https:\\\/\\\/noticiasmercedinas.com\\\/site\\\/#\\\/schema\\\/person\\\/84b59c099c28ff2e8b77d4ceec5d8063\"},\"headline\":\"La regional II del IPS se capacit\u00f3 en San Antonio de Areco\",\"datePublished\":\"2025-06-11T14:45:53+00:00\",\"mainEntityOfPage\":{\"@id\":\"https:\\\/\\\/noticiasmercedinas.com\\\/site\\\/2025\\\/06\\\/11\\\/la-regional-ii-del-ips-se-capacito-en-san-antonio-de-areco\\\/\"},\"wordCount\":358,\"publisher\":{\"@id\":\"https:\\\/\\\/noticiasmercedinas.com\\\/site\\\/#organization\"},\"image\":{\"@id\":\"https:\\\/\\\/noticiasmercedinas.com\\\/site\\\/2025\\\/06\\\/11\\\/la-regional-ii-del-ips-se-capacito-en-san-antonio-de-areco\\\/#primaryimage\"},\"thumbnailUrl\":\"https:\\\/\\\/noticiasmercedinas.com\\\/site\\\/wp-content\\\/uploads\\\/2025\\\/06\\\/2-CAPACITACION-REG.-II.jpeg\",\"keywords\":[\"ips\",\"Regional\",\"san antonio de areco\"],\"articleSection\":[\"Regionales\"],\"inLanguage\":\"es\"},{\"@type\":\"WebPage\",\"@id\":\"https:\\\/\\\/noticiasmercedinas.com\\\/site\\\/2025\\\/06\\\/11\\\/la-regional-ii-del-ips-se-capacito-en-san-antonio-de-areco\\\/\",\"url\":\"https:\\\/\\\/noticiasmercedinas.com\\\/site\\\/2025\\\/06\\\/11\\\/la-regional-ii-del-ips-se-capacito-en-san-antonio-de-areco\\\/\",\"name\":\"La regional II del IPS se capacit\u00f3 en San Antonio de Areco\",\"isPartOf\":{\"@id\":\"https:\\\/\\\/noticiasmercedinas.com\\\/site\\\/#website\"},\"primaryImageOfPage\":{\"@id\":\"https:\\\/\\\/noticiasmercedinas.com\\\/site\\\/2025\\\/06\\\/11\\\/la-regional-ii-del-ips-se-capacito-en-san-antonio-de-areco\\\/#primaryimage\"},\"image\":{\"@id\":\"https:\\\/\\\/noticiasmercedinas.com\\\/site\\\/2025\\\/06\\\/11\\\/la-regional-ii-del-ips-se-capacito-en-san-antonio-de-areco\\\/#primaryimage\"},\"thumbnailUrl\":\"https:\\\/\\\/noticiasmercedinas.com\\\/site\\\/wp-content\\\/uploads\\\/2025\\\/06\\\/2-CAPACITACION-REG.-II.jpeg\",\"datePublished\":\"2025-06-11T14:45:53+00:00\",\"breadcrumb\":{\"@id\":\"https:\\\/\\\/noticiasmercedinas.com\\\/site\\\/2025\\\/06\\\/11\\\/la-regional-ii-del-ips-se-capacito-en-san-antonio-de-areco\\\/#breadcrumb\"},\"inLanguage\":\"es\",\"potentialAction\":[{\"@type\":\"ReadAction\",\"target\":[\"https:\\\/\\\/noticiasmercedinas.com\\\/site\\\/2025\\\/06\\\/11\\\/la-regional-ii-del-ips-se-capacito-en-san-antonio-de-areco\\\/\"]}]},{\"@type\":\"ImageObject\",\"inLanguage\":\"es\",\"@id\":\"https:\\\/\\\/noticiasmercedinas.com\\\/site\\\/2025\\\/06\\\/11\\\/la-regional-ii-del-ips-se-capacito-en-san-antonio-de-areco\\\/#primaryimage\",\"url\":\"https:\\\/\\\/noticiasmercedinas.com\\\/site\\\/wp-content\\\/uploads\\\/2025\\\/06\\\/2-CAPACITACION-REG.-II.jpeg\",\"contentUrl\":\"https:\\\/\\\/noticiasmercedinas.com\\\/site\\\/wp-content\\\/uploads\\\/2025\\\/06\\\/2-CAPACITACION-REG.-II.jpeg\",\"width\":900,\"height\":600},{\"@type\":\"BreadcrumbList\",\"@id\":\"https:\\\/\\\/noticiasmercedinas.com\\\/site\\\/2025\\\/06\\\/11\\\/la-regional-ii-del-ips-se-capacito-en-san-antonio-de-areco\\\/#breadcrumb\",\"itemListElement\":[{\"@type\":\"ListItem\",\"position\":1,\"name\":\"Portada\",\"item\":\"https:\\\/\\\/noticiasmercedinas.com\\\/site\\\/\"},{\"@type\":\"ListItem\",\"position\":2,\"name\":\"La regional II del IPS se capacit\u00f3 en San Antonio de Areco\"}]},{\"@type\":\"WebSite\",\"@id\":\"https:\\\/\\\/noticiasmercedinas.com\\\/site\\\/#website\",\"url\":\"https:\\\/\\\/noticiasmercedinas.com\\\/site\\\/\",\"name\":\"NOTICIASMERCEDINAS.COM\",\"description\":\"Mercedes, Buenos Aires, Argentina\",\"publisher\":{\"@id\":\"https:\\\/\\\/noticiasmercedinas.com\\\/site\\\/#organization\"},\"potentialAction\":[{\"@type\":\"SearchAction\",\"target\":{\"@type\":\"EntryPoint\",\"urlTemplate\":\"https:\\\/\\\/noticiasmercedinas.com\\\/site\\\/?s={search_term_string}\"},\"query-input\":{\"@type\":\"PropertyValueSpecification\",\"valueRequired\":true,\"valueName\":\"search_term_string\"}}],\"inLanguage\":\"es\"},{\"@type\":\"Organization\",\"@id\":\"https:\\\/\\\/noticiasmercedinas.com\\\/site\\\/#organization\",\"name\":\"NOTICIASMERCEDINAS.COM\",\"url\":\"https:\\\/\\\/noticiasmercedinas.com\\\/site\\\/\",\"logo\":{\"@type\":\"ImageObject\",\"inLanguage\":\"es\",\"@id\":\"https:\\\/\\\/noticiasmercedinas.com\\\/site\\\/#\\\/schema\\\/logo\\\/image\\\/\",\"url\":\"https:\\\/\\\/noticiasmercedinas.com\\\/site\\\/wp-content\\\/uploads\\\/2020\\\/06\\\/LOGO-512.jpg\",\"contentUrl\":\"https:\\\/\\\/noticiasmercedinas.com\\\/site\\\/wp-content\\\/uploads\\\/2020\\\/06\\\/LOGO-512.jpg\",\"width\":512,\"height\":512,\"caption\":\"NOTICIASMERCEDINAS.COM\"},\"image\":{\"@id\":\"https:\\\/\\\/noticiasmercedinas.com\\\/site\\\/#\\\/schema\\\/logo\\\/image\\\/\"},\"sameAs\":[\"https:\\\/\\\/www.facebook.com\\\/noticiasmercedinas\\\/\",\"https:\\\/\\\/x.com\\\/notmercedinas\",\"https:\\\/\\\/www.instagram.com\\\/noticiasmercedinas\\\/\"]},{\"@type\":\"Person\",\"@id\":\"https:\\\/\\\/noticiasmercedinas.com\\\/site\\\/#\\\/schema\\\/person\\\/84b59c099c28ff2e8b77d4ceec5d8063\",\"name\":\"NOTICIASMERCEDINAS.COM\",\"image\":{\"@type\":\"ImageObject\",\"inLanguage\":\"es\",\"@id\":\"https:\\\/\\\/secure.gravatar.com\\\/avatar\\\/4dfbf16b4d17945bfb6341b2d19043457132fcf478a5ee04f42e959fd8f5df0a?s=96&d=mm&r=g\",\"url\":\"https:\\\/\\\/secure.gravatar.com\\\/avatar\\\/4dfbf16b4d17945bfb6341b2d19043457132fcf478a5ee04f42e959fd8f5df0a?s=96&d=mm&r=g\",\"contentUrl\":\"https:\\\/\\\/secure.gravatar.com\\\/avatar\\\/4dfbf16b4d17945bfb6341b2d19043457132fcf478a5ee04f42e959fd8f5df0a?s=96&d=mm&r=g\",\"caption\":\"NOTICIASMERCEDINAS.COM\"},\"url\":\"https:\\\/\\\/noticiasmercedinas.com\\\/site\\\/author\\\/anonimo\\\/\"}]}<\/script>\n<!-- \/ Yoast SEO plugin. -->","yoast_head_json":{"title":"La regional II del IPS se capacit\u00f3 en San Antonio de Areco","robots":{"index":"index","follow":"follow","max-snippet":"max-snippet:-1","max-image-preview":"max-image-preview:large","max-video-preview":"max-video-preview:-1"},"canonical":"https:\/\/noticiasmercedinas.com\/site\/2025\/06\/11\/la-regional-ii-del-ips-se-capacito-en-san-antonio-de-areco\/","og_locale":"es_ES","og_type":"article","og_title":"La regional II del IPS se capacit\u00f3 en San Antonio de Areco","og_description":"Este martes continu\u00f3 en San Andr\u00e9s de Giles el ciclo de capacitaciones del IPS para el personal de la Regional II, con cabecera en San Nicol\u00e1s. El encuentro reuni\u00f3 a trabajadoras y trabajadores previsionales de 16 distritos del norte de la provincia. Los jefes y jefas de los Centros de Atenci\u00f3n Previsional -CAP- de las [&hellip;]","og_url":"https:\/\/noticiasmercedinas.com\/site\/2025\/06\/11\/la-regional-ii-del-ips-se-capacito-en-san-antonio-de-areco\/","og_site_name":"NOTICIASMERCEDINAS.COM","article_publisher":"https:\/\/www.facebook.com\/noticiasmercedinas\/","article_published_time":"2025-06-11T14:45:53+00:00","og_image":[{"width":900,"height":600,"url":"https:\/\/noticiasmercedinas.com\/site\/wp-content\/uploads\/2025\/06\/2-CAPACITACION-REG.-II.jpeg","type":"image\/jpeg"}],"author":"NOTICIASMERCEDINAS.COM","twitter_card":"summary_large_image","twitter_creator":"@notmercedinas","twitter_site":"@notmercedinas","twitter_misc":{"Escrito por":"NOTICIASMERCEDINAS.COM","Tiempo de lectura":"2 minutos"},"schema":{"@context":"https:\/\/schema.org","@graph":[{"@type":"Article","@id":"https:\/\/noticiasmercedinas.com\/site\/2025\/06\/11\/la-regional-ii-del-ips-se-capacito-en-san-antonio-de-areco\/#article","isPartOf":{"@id":"https:\/\/noticiasmercedinas.com\/site\/2025\/06\/11\/la-regional-ii-del-ips-se-capacito-en-san-antonio-de-areco\/"},"author":{"name":"NOTICIASMERCEDINAS.COM","@id":"https:\/\/noticiasmercedinas.com\/site\/#\/schema\/person\/84b59c099c28ff2e8b77d4ceec5d8063"},"headline":"La regional II del IPS se capacit\u00f3 en San Antonio de Areco","datePublished":"2025-06-11T14:45:53+00:00","mainEntityOfPage":{"@id":"https:\/\/noticiasmercedinas.com\/site\/2025\/06\/11\/la-regional-ii-del-ips-se-capacito-en-san-antonio-de-areco\/"},"wordCount":358,"publisher":{"@id":"https:\/\/noticiasmercedinas.com\/site\/#organization"},"image":{"@id":"https:\/\/noticiasmercedinas.com\/site\/2025\/06\/11\/la-regional-ii-del-ips-se-capacito-en-san-antonio-de-areco\/#primaryimage"},"thumbnailUrl":"https:\/\/noticiasmercedinas.com\/site\/wp-content\/uploads\/2025\/06\/2-CAPACITACION-REG.-II.jpeg","keywords":["ips","Regional","san antonio de areco"],"articleSection":["Regionales"],"inLanguage":"es"},{"@type":"WebPage","@id":"https:\/\/noticiasmercedinas.com\/site\/2025\/06\/11\/la-regional-ii-del-ips-se-capacito-en-san-antonio-de-areco\/","url":"https:\/\/noticiasmercedinas.com\/site\/2025\/06\/11\/la-regional-ii-del-ips-se-capacito-en-san-antonio-de-areco\/","name":"La regional II del IPS se capacit\u00f3 en San Antonio de Areco","isPartOf":{"@id":"https:\/\/noticiasmercedinas.com\/site\/#website"},"primaryImageOfPage":{"@id":"https:\/\/noticiasmercedinas.com\/site\/2025\/06\/11\/la-regional-ii-del-ips-se-capacito-en-san-antonio-de-areco\/#primaryimage"},"image":{"@id":"https:\/\/noticiasmercedinas.com\/site\/2025\/06\/11\/la-regional-ii-del-ips-se-capacito-en-san-antonio-de-areco\/#primaryimage"},"thumbnailUrl":"https:\/\/noticiasmercedinas.com\/site\/wp-content\/uploads\/2025\/06\/2-CAPACITACION-REG.-II.jpeg","datePublished":"2025-06-11T14:45:53+00:00","breadcrumb":{"@id":"https:\/\/noticiasmercedinas.com\/site\/2025\/06\/11\/la-regional-ii-del-ips-se-capacito-en-san-antonio-de-areco\/#breadcrumb"},"inLanguage":"es","potentialAction":[{"@type":"ReadAction","target":["https:\/\/noticiasmercedinas.com\/site\/2025\/06\/11\/la-regional-ii-del-ips-se-capacito-en-san-antonio-de-areco\/"]}]},{"@type":"ImageObject","inLanguage":"es","@id":"https:\/\/noticiasmercedinas.com\/site\/2025\/06\/11\/la-regional-ii-del-ips-se-capacito-en-san-antonio-de-areco\/#primaryimage","url":"https:\/\/noticiasmercedinas.com\/site\/wp-content\/uploads\/2025\/06\/2-CAPACITACION-REG.-II.jpeg","contentUrl":"https:\/\/noticiasmercedinas.com\/site\/wp-content\/uploads\/2025\/06\/2-CAPACITACION-REG.-II.jpeg","width":900,"height":600},{"@type":"BreadcrumbList","@id":"https:\/\/noticiasmercedinas.com\/site\/2025\/06\/11\/la-regional-ii-del-ips-se-capacito-en-san-antonio-de-areco\/#breadcrumb","itemListElement":[{"@type":"ListItem","position":1,"name":"Portada","item":"https:\/\/noticiasmercedinas.com\/site\/"},{"@type":"ListItem","position":2,"name":"La regional II del IPS se capacit\u00f3 en San Antonio de Areco"}]},{"@type":"WebSite","@id":"https:\/\/noticiasmercedinas.com\/site\/#website","url":"https:\/\/noticiasmercedinas.com\/site\/","name":"NOTICIASMERCEDINAS.COM","description":"Mercedes, Buenos Aires, Argentina","publisher":{"@id":"https:\/\/noticiasmercedinas.com\/site\/#organization"},"potentialAction":[{"@type":"SearchAction","target":{"@type":"EntryPoint","urlTemplate":"https:\/\/noticiasmercedinas.com\/site\/?s={search_term_string}"},"query-input":{"@type":"PropertyValueSpecification","valueRequired":true,"valueName":"search_term_string"}}],"inLanguage":"es"},{"@type":"Organization","@id":"https:\/\/noticiasmercedinas.com\/site\/#organization","name":"NOTICIASMERCEDINAS.COM","url":"https:\/\/noticiasmercedinas.com\/site\/","logo":{"@type":"ImageObject","inLanguage":"es","@id":"https:\/\/noticiasmercedinas.com\/site\/#\/schema\/logo\/image\/","url":"https:\/\/noticiasmercedinas.com\/site\/wp-content\/uploads\/2020\/06\/LOGO-512.jpg","contentUrl":"https:\/\/noticiasmercedinas.com\/site\/wp-content\/uploads\/2020\/06\/LOGO-512.jpg","width":512,"height":512,"caption":"NOTICIASMERCEDINAS.COM"},"image":{"@id":"https:\/\/noticiasmercedinas.com\/site\/#\/schema\/logo\/image\/"},"sameAs":["https:\/\/www.facebook.com\/noticiasmercedinas\/","https:\/\/x.com\/notmercedinas","https:\/\/www.instagram.com\/noticiasmercedinas\/"]},{"@type":"Person","@id":"https:\/\/noticiasmercedinas.com\/site\/#\/schema\/person\/84b59c099c28ff2e8b77d4ceec5d8063","name":"NOTICIASMERCEDINAS.COM","image":{"@type":"ImageObject","inLanguage":"es","@id":"https:\/\/secure.gravatar.com\/avatar\/4dfbf16b4d17945bfb6341b2d19043457132fcf478a5ee04f42e959fd8f5df0a?s=96&d=mm&r=g","url":"https:\/\/secure.gravatar.com\/avatar\/4dfbf16b4d17945bfb6341b2d19043457132fcf478a5ee04f42e959fd8f5df0a?s=96&d=mm&r=g","contentUrl":"https:\/\/secure.gravatar.com\/avatar\/4dfbf16b4d17945bfb6341b2d19043457132fcf478a5ee04f42e959fd8f5df0a?s=96&d=mm&r=g","caption":"NOTICIASMERCEDINAS.COM"},"url":"https:\/\/noticiasmercedinas.com\/site\/author\/anonimo\/"}]}},"amp_enabled":true,"_links":{"self":[{"href":"https:\/\/noticiasmercedinas.com\/site\/wp-json\/wp\/v2\/posts\/161466","targetHints":{"allow":["GET"]}}],"collection":[{"href":"https:\/\/noticiasmercedinas.com\/site\/wp-json\/wp\/v2\/posts"}],"about":[{"href":"https:\/\/noticiasmercedinas.com\/site\/wp-json\/wp\/v2\/types\/post"}],"author":[{"embeddable":true,"href":"https:\/\/noticiasmercedinas.com\/site\/wp-json\/wp\/v2\/users\/16"}],"replies":[{"embeddable":true,"href":"https:\/\/noticiasmercedinas.com\/site\/wp-json\/wp\/v2\/comments?post=161466"}],"version-history":[{"count":1,"href":"https:\/\/noticiasmercedinas.com\/site\/wp-json\/wp\/v2\/posts\/161466\/revisions"}],"predecessor-version":[{"id":161468,"href":"https:\/\/noticiasmercedinas.com\/site\/wp-json\/wp\/v2\/posts\/161466\/revisions\/161468"}],"wp:featuredmedia":[{"embeddable":true,"href":"https:\/\/noticiasmercedinas.com\/site\/wp-json\/wp\/v2\/media\/161467"}],"wp:attachment":[{"href":"https:\/\/noticiasmercedinas.com\/site\/wp-json\/wp\/v2\/media?parent=161466"}],"wp:term":[{"taxonomy":"category","embeddable":true,"href":"https:\/\/noticiasmercedinas.com\/site\/wp-json\/wp\/v2\/categories?post=161466"},{"taxonomy":"post_tag","embeddable":true,"href":"https:\/\/noticiasmercedinas.com\/site\/wp-json\/wp\/v2\/tags?post=161466"}],"curies":[{"name":"wp","href":"https:\/\/api.w.org\/{rel}","templated":true}]}}