{"id":161512,"date":"2025-06-11T19:14:24","date_gmt":"2025-06-11T22:14:24","guid":{"rendered":"https:\/\/noticiasmercedinas.com\/site\/?p=161512"},"modified":"2025-06-11T19:14:24","modified_gmt":"2025-06-11T22:14:24","slug":"ni-una-menos-una-jornada-de-reflexion-y-arte-colectivo-en-el-hospital-blas-dubarry","status":"publish","type":"post","link":"https:\/\/noticiasmercedinas.com\/site\/2025\/06\/11\/ni-una-menos-una-jornada-de-reflexion-y-arte-colectivo-en-el-hospital-blas-dubarry\/","title":{"rendered":"Ni Una Menos: una jornada de reflexi\u00f3n y arte colectivo en el Hospital Blas Dubarry"},"content":{"rendered":"<p data-start=\"165\" data-end=\"252\"><img loading=\"lazy\" decoding=\"async\" class=\"alignnone size-full wp-image-161513\" src=\"https:\/\/noticiasmercedinas.com\/site\/wp-content\/uploads\/2025\/06\/181d492e-2aba-4a82-b074-2d409d3bda59.jpeg\" alt=\"\" width=\"1030\" height=\"773\" srcset=\"https:\/\/noticiasmercedinas.com\/site\/wp-content\/uploads\/2025\/06\/181d492e-2aba-4a82-b074-2d409d3bda59.jpeg 1030w, https:\/\/noticiasmercedinas.com\/site\/wp-content\/uploads\/2025\/06\/181d492e-2aba-4a82-b074-2d409d3bda59-300x225.jpeg 300w, https:\/\/noticiasmercedinas.com\/site\/wp-content\/uploads\/2025\/06\/181d492e-2aba-4a82-b074-2d409d3bda59-1024x768.jpeg 1024w, https:\/\/noticiasmercedinas.com\/site\/wp-content\/uploads\/2025\/06\/181d492e-2aba-4a82-b074-2d409d3bda59-768x576.jpeg 768w, https:\/\/noticiasmercedinas.com\/site\/wp-content\/uploads\/2025\/06\/181d492e-2aba-4a82-b074-2d409d3bda59-80x60.jpeg 80w, https:\/\/noticiasmercedinas.com\/site\/wp-content\/uploads\/2025\/06\/181d492e-2aba-4a82-b074-2d409d3bda59-160x120.jpeg 160w, https:\/\/noticiasmercedinas.com\/site\/wp-content\/uploads\/2025\/06\/181d492e-2aba-4a82-b074-2d409d3bda59-100x75.jpeg 100w, https:\/\/noticiasmercedinas.com\/site\/wp-content\/uploads\/2025\/06\/181d492e-2aba-4a82-b074-2d409d3bda59-200x150.jpeg 200w, https:\/\/noticiasmercedinas.com\/site\/wp-content\/uploads\/2025\/06\/181d492e-2aba-4a82-b074-2d409d3bda59-180x135.jpeg 180w, https:\/\/noticiasmercedinas.com\/site\/wp-content\/uploads\/2025\/06\/181d492e-2aba-4a82-b074-2d409d3bda59-360x270.jpeg 360w, https:\/\/noticiasmercedinas.com\/site\/wp-content\/uploads\/2025\/06\/181d492e-2aba-4a82-b074-2d409d3bda59-238x178.jpeg 238w, https:\/\/noticiasmercedinas.com\/site\/wp-content\/uploads\/2025\/06\/181d492e-2aba-4a82-b074-2d409d3bda59-476x356.jpeg 476w, https:\/\/noticiasmercedinas.com\/site\/wp-content\/uploads\/2025\/06\/181d492e-2aba-4a82-b074-2d409d3bda59-640x480.jpeg 640w, https:\/\/noticiasmercedinas.com\/site\/wp-content\/uploads\/2025\/06\/181d492e-2aba-4a82-b074-2d409d3bda59-681x511.jpeg 681w\" sizes=\"auto, (max-width: 1030px) 100vw, 1030px\" \/><\/p>\n<p data-start=\"254\" data-end=\"576\">En el marco de las actividades por el <strong data-start=\"292\" data-end=\"308\">Ni Una Menos<\/strong>, el <strong data-start=\"313\" data-end=\"348\">Hospital de D\u00eda de Salud Mental<\/strong> y la <strong data-start=\"354\" data-end=\"394\">Escuela de Educaci\u00f3n Especial N\u00ba 702<\/strong>, junto a la docente responsable del <strong data-start=\"431\" data-end=\"454\">Taller de Reciclado<\/strong>, participaron de una jornada de reflexi\u00f3n impulsada por la <strong data-start=\"514\" data-end=\"546\">Residencia de Trabajo Social<\/strong> del Hospital Blas L. Dubarry.<\/p>\n<p data-start=\"578\" data-end=\"1013\">La propuesta, pensada como un espacio de di\u00e1logo y conciencia, culmin\u00f3 con la realizaci\u00f3n de un <strong data-start=\"674\" data-end=\"694\">afiche colectivo<\/strong> que fue instalado en los pasillos del hospital.<\/p>\n<p data-start=\"578\" data-end=\"1013\">El mismo invita a toda la comunidad hospitalaria a detenerse y reflexionar sobre la problem\u00e1tica de la <strong data-start=\"846\" data-end=\"869\">violencia de g\u00e9nero<\/strong>, en sinton\u00eda con el esp\u00edritu del movimiento Ni Una Menos, que desde 2015 visibiliza y denuncia las violencias hacia las mujeres y diversidades.<\/p>\n<p data-start=\"1015\" data-end=\"1239\">Desde el equipo de salud destacaron la importancia de este tipo de iniciativas que <strong data-start=\"1098\" data-end=\"1160\">articulan espacios educativos, terap\u00e9uticos y comunitarios<\/strong> para promover el pensamiento cr\u00edtico y el compromiso con los derechos humanos.<\/p>\n","protected":false},"excerpt":{"rendered":"<p>\u25a0 La propuesta, pensada como un espacio de di\u00e1logo y conciencia, culmin\u00f3 con la realizaci\u00f3n de un afiche colectivo que fue instalado en los pasillos del hospital.<\/p>\n","protected":false},"author":16,"featured_media":161513,"comment_status":"closed","ping_status":"closed","sticky":false,"template":"","format":"standard","meta":{"footnotes":""},"categories":[8992],"tags":[255,2594],"class_list":["post-161512","post","type-post","status-publish","format-standard","has-post-thumbnail","hentry","category-bienestar","tag-hospital-dubarry","tag-ni-una-menos"],"yoast_head":"<!-- This site is optimized with the Yoast SEO plugin v27.4 - https:\/\/yoast.com\/product\/yoast-seo-wordpress\/ -->\n<title>Ni Una Menos: una jornada de reflexi\u00f3n y arte colectivo en el Hospital Blas Dubarry<\/title>\n<meta name=\"description\" content=\"La propuesta, pensada como un espacio de di\u00e1logo y conciencia, culmin\u00f3 con la realizaci\u00f3n de un afiche colectivo que fue instalado en los pasillos del hospital.\" \/>\n<meta name=\"robots\" content=\"index, follow, max-snippet:-1, max-image-preview:large, max-video-preview:-1\" \/>\n<link rel=\"canonical\" href=\"https:\/\/noticiasmercedinas.com\/site\/2025\/06\/11\/ni-una-menos-una-jornada-de-reflexion-y-arte-colectivo-en-el-hospital-blas-dubarry\/\" \/>\n<meta property=\"og:locale\" content=\"es_ES\" \/>\n<meta property=\"og:type\" content=\"article\" \/>\n<meta property=\"og:title\" content=\"Ni Una Menos: una jornada de reflexi\u00f3n y arte colectivo en el Hospital Blas Dubarry\" \/>\n<meta property=\"og:description\" content=\"La propuesta, pensada como un espacio de di\u00e1logo y conciencia, culmin\u00f3 con la realizaci\u00f3n de un afiche colectivo que fue instalado en los pasillos del hospital.\" \/>\n<meta property=\"og:url\" content=\"https:\/\/noticiasmercedinas.com\/site\/2025\/06\/11\/ni-una-menos-una-jornada-de-reflexion-y-arte-colectivo-en-el-hospital-blas-dubarry\/\" \/>\n<meta property=\"og:site_name\" content=\"NOTICIASMERCEDINAS.COM\" \/>\n<meta property=\"article:publisher\" content=\"https:\/\/www.facebook.com\/noticiasmercedinas\/\" \/>\n<meta property=\"article:published_time\" content=\"2025-06-11T22:14:24+00:00\" \/>\n<meta property=\"og:image\" content=\"https:\/\/noticiasmercedinas.com\/site\/wp-content\/uploads\/2025\/06\/181d492e-2aba-4a82-b074-2d409d3bda59.jpeg\" \/>\n\t<meta property=\"og:image:width\" content=\"1030\" \/>\n\t<meta property=\"og:image:height\" content=\"773\" \/>\n\t<meta property=\"og:image:type\" content=\"image\/jpeg\" \/>\n<meta name=\"author\" content=\"NOTICIASMERCEDINAS.COM\" \/>\n<meta name=\"twitter:card\" content=\"summary_large_image\" \/>\n<meta name=\"twitter:creator\" content=\"@notmercedinas\" \/>\n<meta name=\"twitter:site\" content=\"@notmercedinas\" \/>\n<meta name=\"twitter:label1\" content=\"Escrito por\" \/>\n\t<meta name=\"twitter:data1\" content=\"NOTICIASMERCEDINAS.COM\" \/>\n\t<meta name=\"twitter:label2\" content=\"Tiempo de lectura\" \/>\n\t<meta name=\"twitter:data2\" content=\"2 minutos\" \/>\n<script type=\"application\/ld+json\" class=\"yoast-schema-graph\">{\"@context\":\"https:\\\/\\\/schema.org\",\"@graph\":[{\"@type\":\"Article\",\"@id\":\"https:\\\/\\\/noticiasmercedinas.com\\\/site\\\/2025\\\/06\\\/11\\\/ni-una-menos-una-jornada-de-reflexion-y-arte-colectivo-en-el-hospital-blas-dubarry\\\/#article\",\"isPartOf\":{\"@id\":\"https:\\\/\\\/noticiasmercedinas.com\\\/site\\\/2025\\\/06\\\/11\\\/ni-una-menos-una-jornada-de-reflexion-y-arte-colectivo-en-el-hospital-blas-dubarry\\\/\"},\"author\":{\"name\":\"NOTICIASMERCEDINAS.COM\",\"@id\":\"https:\\\/\\\/noticiasmercedinas.com\\\/site\\\/#\\\/schema\\\/person\\\/84b59c099c28ff2e8b77d4ceec5d8063\"},\"headline\":\"Ni Una Menos: una jornada de reflexi\u00f3n y arte colectivo en el Hospital Blas Dubarry\",\"datePublished\":\"2025-06-11T22:14:24+00:00\",\"mainEntityOfPage\":{\"@id\":\"https:\\\/\\\/noticiasmercedinas.com\\\/site\\\/2025\\\/06\\\/11\\\/ni-una-menos-una-jornada-de-reflexion-y-arte-colectivo-en-el-hospital-blas-dubarry\\\/\"},\"wordCount\":179,\"publisher\":{\"@id\":\"https:\\\/\\\/noticiasmercedinas.com\\\/site\\\/#organization\"},\"image\":{\"@id\":\"https:\\\/\\\/noticiasmercedinas.com\\\/site\\\/2025\\\/06\\\/11\\\/ni-una-menos-una-jornada-de-reflexion-y-arte-colectivo-en-el-hospital-blas-dubarry\\\/#primaryimage\"},\"thumbnailUrl\":\"https:\\\/\\\/noticiasmercedinas.com\\\/site\\\/wp-content\\\/uploads\\\/2025\\\/06\\\/181d492e-2aba-4a82-b074-2d409d3bda59.jpeg\",\"keywords\":[\"hospital dubarry\",\"ni una menos\"],\"articleSection\":[\"Bienestar\"],\"inLanguage\":\"es\"},{\"@type\":\"WebPage\",\"@id\":\"https:\\\/\\\/noticiasmercedinas.com\\\/site\\\/2025\\\/06\\\/11\\\/ni-una-menos-una-jornada-de-reflexion-y-arte-colectivo-en-el-hospital-blas-dubarry\\\/\",\"url\":\"https:\\\/\\\/noticiasmercedinas.com\\\/site\\\/2025\\\/06\\\/11\\\/ni-una-menos-una-jornada-de-reflexion-y-arte-colectivo-en-el-hospital-blas-dubarry\\\/\",\"name\":\"Ni Una Menos: una jornada de reflexi\u00f3n y arte colectivo en el Hospital Blas Dubarry\",\"isPartOf\":{\"@id\":\"https:\\\/\\\/noticiasmercedinas.com\\\/site\\\/#website\"},\"primaryImageOfPage\":{\"@id\":\"https:\\\/\\\/noticiasmercedinas.com\\\/site\\\/2025\\\/06\\\/11\\\/ni-una-menos-una-jornada-de-reflexion-y-arte-colectivo-en-el-hospital-blas-dubarry\\\/#primaryimage\"},\"image\":{\"@id\":\"https:\\\/\\\/noticiasmercedinas.com\\\/site\\\/2025\\\/06\\\/11\\\/ni-una-menos-una-jornada-de-reflexion-y-arte-colectivo-en-el-hospital-blas-dubarry\\\/#primaryimage\"},\"thumbnailUrl\":\"https:\\\/\\\/noticiasmercedinas.com\\\/site\\\/wp-content\\\/uploads\\\/2025\\\/06\\\/181d492e-2aba-4a82-b074-2d409d3bda59.jpeg\",\"datePublished\":\"2025-06-11T22:14:24+00:00\",\"description\":\"La propuesta, pensada como un espacio de di\u00e1logo y conciencia, culmin\u00f3 con la realizaci\u00f3n de un afiche colectivo que fue instalado en los pasillos del hospital.\",\"breadcrumb\":{\"@id\":\"https:\\\/\\\/noticiasmercedinas.com\\\/site\\\/2025\\\/06\\\/11\\\/ni-una-menos-una-jornada-de-reflexion-y-arte-colectivo-en-el-hospital-blas-dubarry\\\/#breadcrumb\"},\"inLanguage\":\"es\",\"potentialAction\":[{\"@type\":\"ReadAction\",\"target\":[\"https:\\\/\\\/noticiasmercedinas.com\\\/site\\\/2025\\\/06\\\/11\\\/ni-una-menos-una-jornada-de-reflexion-y-arte-colectivo-en-el-hospital-blas-dubarry\\\/\"]}]},{\"@type\":\"ImageObject\",\"inLanguage\":\"es\",\"@id\":\"https:\\\/\\\/noticiasmercedinas.com\\\/site\\\/2025\\\/06\\\/11\\\/ni-una-menos-una-jornada-de-reflexion-y-arte-colectivo-en-el-hospital-blas-dubarry\\\/#primaryimage\",\"url\":\"https:\\\/\\\/noticiasmercedinas.com\\\/site\\\/wp-content\\\/uploads\\\/2025\\\/06\\\/181d492e-2aba-4a82-b074-2d409d3bda59.jpeg\",\"contentUrl\":\"https:\\\/\\\/noticiasmercedinas.com\\\/site\\\/wp-content\\\/uploads\\\/2025\\\/06\\\/181d492e-2aba-4a82-b074-2d409d3bda59.jpeg\",\"width\":1030,\"height\":773},{\"@type\":\"BreadcrumbList\",\"@id\":\"https:\\\/\\\/noticiasmercedinas.com\\\/site\\\/2025\\\/06\\\/11\\\/ni-una-menos-una-jornada-de-reflexion-y-arte-colectivo-en-el-hospital-blas-dubarry\\\/#breadcrumb\",\"itemListElement\":[{\"@type\":\"ListItem\",\"position\":1,\"name\":\"Portada\",\"item\":\"https:\\\/\\\/noticiasmercedinas.com\\\/site\\\/\"},{\"@type\":\"ListItem\",\"position\":2,\"name\":\"Ni Una Menos: una jornada de reflexi\u00f3n y arte colectivo en el Hospital Blas Dubarry\"}]},{\"@type\":\"WebSite\",\"@id\":\"https:\\\/\\\/noticiasmercedinas.com\\\/site\\\/#website\",\"url\":\"https:\\\/\\\/noticiasmercedinas.com\\\/site\\\/\",\"name\":\"NOTICIASMERCEDINAS.COM\",\"description\":\"Mercedes, Buenos Aires, Argentina\",\"publisher\":{\"@id\":\"https:\\\/\\\/noticiasmercedinas.com\\\/site\\\/#organization\"},\"potentialAction\":[{\"@type\":\"SearchAction\",\"target\":{\"@type\":\"EntryPoint\",\"urlTemplate\":\"https:\\\/\\\/noticiasmercedinas.com\\\/site\\\/?s={search_term_string}\"},\"query-input\":{\"@type\":\"PropertyValueSpecification\",\"valueRequired\":true,\"valueName\":\"search_term_string\"}}],\"inLanguage\":\"es\"},{\"@type\":\"Organization\",\"@id\":\"https:\\\/\\\/noticiasmercedinas.com\\\/site\\\/#organization\",\"name\":\"NOTICIASMERCEDINAS.COM\",\"url\":\"https:\\\/\\\/noticiasmercedinas.com\\\/site\\\/\",\"logo\":{\"@type\":\"ImageObject\",\"inLanguage\":\"es\",\"@id\":\"https:\\\/\\\/noticiasmercedinas.com\\\/site\\\/#\\\/schema\\\/logo\\\/image\\\/\",\"url\":\"https:\\\/\\\/noticiasmercedinas.com\\\/site\\\/wp-content\\\/uploads\\\/2020\\\/06\\\/LOGO-512.jpg\",\"contentUrl\":\"https:\\\/\\\/noticiasmercedinas.com\\\/site\\\/wp-content\\\/uploads\\\/2020\\\/06\\\/LOGO-512.jpg\",\"width\":512,\"height\":512,\"caption\":\"NOTICIASMERCEDINAS.COM\"},\"image\":{\"@id\":\"https:\\\/\\\/noticiasmercedinas.com\\\/site\\\/#\\\/schema\\\/logo\\\/image\\\/\"},\"sameAs\":[\"https:\\\/\\\/www.facebook.com\\\/noticiasmercedinas\\\/\",\"https:\\\/\\\/x.com\\\/notmercedinas\",\"https:\\\/\\\/www.instagram.com\\\/noticiasmercedinas\\\/\"]},{\"@type\":\"Person\",\"@id\":\"https:\\\/\\\/noticiasmercedinas.com\\\/site\\\/#\\\/schema\\\/person\\\/84b59c099c28ff2e8b77d4ceec5d8063\",\"name\":\"NOTICIASMERCEDINAS.COM\",\"image\":{\"@type\":\"ImageObject\",\"inLanguage\":\"es\",\"@id\":\"https:\\\/\\\/secure.gravatar.com\\\/avatar\\\/4dfbf16b4d17945bfb6341b2d19043457132fcf478a5ee04f42e959fd8f5df0a?s=96&d=mm&r=g\",\"url\":\"https:\\\/\\\/secure.gravatar.com\\\/avatar\\\/4dfbf16b4d17945bfb6341b2d19043457132fcf478a5ee04f42e959fd8f5df0a?s=96&d=mm&r=g\",\"contentUrl\":\"https:\\\/\\\/secure.gravatar.com\\\/avatar\\\/4dfbf16b4d17945bfb6341b2d19043457132fcf478a5ee04f42e959fd8f5df0a?s=96&d=mm&r=g\",\"caption\":\"NOTICIASMERCEDINAS.COM\"},\"url\":\"https:\\\/\\\/noticiasmercedinas.com\\\/site\\\/author\\\/anonimo\\\/\"}]}<\/script>\n<!-- \/ Yoast SEO plugin. -->","yoast_head_json":{"title":"Ni Una Menos: una jornada de reflexi\u00f3n y arte colectivo en el Hospital Blas Dubarry","description":"La propuesta, pensada como un espacio de di\u00e1logo y conciencia, culmin\u00f3 con la realizaci\u00f3n de un afiche colectivo que fue instalado en los pasillos del hospital.","robots":{"index":"index","follow":"follow","max-snippet":"max-snippet:-1","max-image-preview":"max-image-preview:large","max-video-preview":"max-video-preview:-1"},"canonical":"https:\/\/noticiasmercedinas.com\/site\/2025\/06\/11\/ni-una-menos-una-jornada-de-reflexion-y-arte-colectivo-en-el-hospital-blas-dubarry\/","og_locale":"es_ES","og_type":"article","og_title":"Ni Una Menos: una jornada de reflexi\u00f3n y arte colectivo en el Hospital Blas Dubarry","og_description":"La propuesta, pensada como un espacio de di\u00e1logo y conciencia, culmin\u00f3 con la realizaci\u00f3n de un afiche colectivo que fue instalado en los pasillos del hospital.","og_url":"https:\/\/noticiasmercedinas.com\/site\/2025\/06\/11\/ni-una-menos-una-jornada-de-reflexion-y-arte-colectivo-en-el-hospital-blas-dubarry\/","og_site_name":"NOTICIASMERCEDINAS.COM","article_publisher":"https:\/\/www.facebook.com\/noticiasmercedinas\/","article_published_time":"2025-06-11T22:14:24+00:00","og_image":[{"width":1030,"height":773,"url":"https:\/\/noticiasmercedinas.com\/site\/wp-content\/uploads\/2025\/06\/181d492e-2aba-4a82-b074-2d409d3bda59.jpeg","type":"image\/jpeg"}],"author":"NOTICIASMERCEDINAS.COM","twitter_card":"summary_large_image","twitter_creator":"@notmercedinas","twitter_site":"@notmercedinas","twitter_misc":{"Escrito por":"NOTICIASMERCEDINAS.COM","Tiempo de lectura":"2 minutos"},"schema":{"@context":"https:\/\/schema.org","@graph":[{"@type":"Article","@id":"https:\/\/noticiasmercedinas.com\/site\/2025\/06\/11\/ni-una-menos-una-jornada-de-reflexion-y-arte-colectivo-en-el-hospital-blas-dubarry\/#article","isPartOf":{"@id":"https:\/\/noticiasmercedinas.com\/site\/2025\/06\/11\/ni-una-menos-una-jornada-de-reflexion-y-arte-colectivo-en-el-hospital-blas-dubarry\/"},"author":{"name":"NOTICIASMERCEDINAS.COM","@id":"https:\/\/noticiasmercedinas.com\/site\/#\/schema\/person\/84b59c099c28ff2e8b77d4ceec5d8063"},"headline":"Ni Una Menos: una jornada de reflexi\u00f3n y arte colectivo en el Hospital Blas Dubarry","datePublished":"2025-06-11T22:14:24+00:00","mainEntityOfPage":{"@id":"https:\/\/noticiasmercedinas.com\/site\/2025\/06\/11\/ni-una-menos-una-jornada-de-reflexion-y-arte-colectivo-en-el-hospital-blas-dubarry\/"},"wordCount":179,"publisher":{"@id":"https:\/\/noticiasmercedinas.com\/site\/#organization"},"image":{"@id":"https:\/\/noticiasmercedinas.com\/site\/2025\/06\/11\/ni-una-menos-una-jornada-de-reflexion-y-arte-colectivo-en-el-hospital-blas-dubarry\/#primaryimage"},"thumbnailUrl":"https:\/\/noticiasmercedinas.com\/site\/wp-content\/uploads\/2025\/06\/181d492e-2aba-4a82-b074-2d409d3bda59.jpeg","keywords":["hospital dubarry","ni una menos"],"articleSection":["Bienestar"],"inLanguage":"es"},{"@type":"WebPage","@id":"https:\/\/noticiasmercedinas.com\/site\/2025\/06\/11\/ni-una-menos-una-jornada-de-reflexion-y-arte-colectivo-en-el-hospital-blas-dubarry\/","url":"https:\/\/noticiasmercedinas.com\/site\/2025\/06\/11\/ni-una-menos-una-jornada-de-reflexion-y-arte-colectivo-en-el-hospital-blas-dubarry\/","name":"Ni Una Menos: una jornada de reflexi\u00f3n y arte colectivo en el Hospital Blas Dubarry","isPartOf":{"@id":"https:\/\/noticiasmercedinas.com\/site\/#website"},"primaryImageOfPage":{"@id":"https:\/\/noticiasmercedinas.com\/site\/2025\/06\/11\/ni-una-menos-una-jornada-de-reflexion-y-arte-colectivo-en-el-hospital-blas-dubarry\/#primaryimage"},"image":{"@id":"https:\/\/noticiasmercedinas.com\/site\/2025\/06\/11\/ni-una-menos-una-jornada-de-reflexion-y-arte-colectivo-en-el-hospital-blas-dubarry\/#primaryimage"},"thumbnailUrl":"https:\/\/noticiasmercedinas.com\/site\/wp-content\/uploads\/2025\/06\/181d492e-2aba-4a82-b074-2d409d3bda59.jpeg","datePublished":"2025-06-11T22:14:24+00:00","description":"La propuesta, pensada como un espacio de di\u00e1logo y conciencia, culmin\u00f3 con la realizaci\u00f3n de un afiche colectivo que fue instalado en los pasillos del hospital.","breadcrumb":{"@id":"https:\/\/noticiasmercedinas.com\/site\/2025\/06\/11\/ni-una-menos-una-jornada-de-reflexion-y-arte-colectivo-en-el-hospital-blas-dubarry\/#breadcrumb"},"inLanguage":"es","potentialAction":[{"@type":"ReadAction","target":["https:\/\/noticiasmercedinas.com\/site\/2025\/06\/11\/ni-una-menos-una-jornada-de-reflexion-y-arte-colectivo-en-el-hospital-blas-dubarry\/"]}]},{"@type":"ImageObject","inLanguage":"es","@id":"https:\/\/noticiasmercedinas.com\/site\/2025\/06\/11\/ni-una-menos-una-jornada-de-reflexion-y-arte-colectivo-en-el-hospital-blas-dubarry\/#primaryimage","url":"https:\/\/noticiasmercedinas.com\/site\/wp-content\/uploads\/2025\/06\/181d492e-2aba-4a82-b074-2d409d3bda59.jpeg","contentUrl":"https:\/\/noticiasmercedinas.com\/site\/wp-content\/uploads\/2025\/06\/181d492e-2aba-4a82-b074-2d409d3bda59.jpeg","width":1030,"height":773},{"@type":"BreadcrumbList","@id":"https:\/\/noticiasmercedinas.com\/site\/2025\/06\/11\/ni-una-menos-una-jornada-de-reflexion-y-arte-colectivo-en-el-hospital-blas-dubarry\/#breadcrumb","itemListElement":[{"@type":"ListItem","position":1,"name":"Portada","item":"https:\/\/noticiasmercedinas.com\/site\/"},{"@type":"ListItem","position":2,"name":"Ni Una Menos: una jornada de reflexi\u00f3n y arte colectivo en el Hospital Blas Dubarry"}]},{"@type":"WebSite","@id":"https:\/\/noticiasmercedinas.com\/site\/#website","url":"https:\/\/noticiasmercedinas.com\/site\/","name":"NOTICIASMERCEDINAS.COM","description":"Mercedes, Buenos Aires, Argentina","publisher":{"@id":"https:\/\/noticiasmercedinas.com\/site\/#organization"},"potentialAction":[{"@type":"SearchAction","target":{"@type":"EntryPoint","urlTemplate":"https:\/\/noticiasmercedinas.com\/site\/?s={search_term_string}"},"query-input":{"@type":"PropertyValueSpecification","valueRequired":true,"valueName":"search_term_string"}}],"inLanguage":"es"},{"@type":"Organization","@id":"https:\/\/noticiasmercedinas.com\/site\/#organization","name":"NOTICIASMERCEDINAS.COM","url":"https:\/\/noticiasmercedinas.com\/site\/","logo":{"@type":"ImageObject","inLanguage":"es","@id":"https:\/\/noticiasmercedinas.com\/site\/#\/schema\/logo\/image\/","url":"https:\/\/noticiasmercedinas.com\/site\/wp-content\/uploads\/2020\/06\/LOGO-512.jpg","contentUrl":"https:\/\/noticiasmercedinas.com\/site\/wp-content\/uploads\/2020\/06\/LOGO-512.jpg","width":512,"height":512,"caption":"NOTICIASMERCEDINAS.COM"},"image":{"@id":"https:\/\/noticiasmercedinas.com\/site\/#\/schema\/logo\/image\/"},"sameAs":["https:\/\/www.facebook.com\/noticiasmercedinas\/","https:\/\/x.com\/notmercedinas","https:\/\/www.instagram.com\/noticiasmercedinas\/"]},{"@type":"Person","@id":"https:\/\/noticiasmercedinas.com\/site\/#\/schema\/person\/84b59c099c28ff2e8b77d4ceec5d8063","name":"NOTICIASMERCEDINAS.COM","image":{"@type":"ImageObject","inLanguage":"es","@id":"https:\/\/secure.gravatar.com\/avatar\/4dfbf16b4d17945bfb6341b2d19043457132fcf478a5ee04f42e959fd8f5df0a?s=96&d=mm&r=g","url":"https:\/\/secure.gravatar.com\/avatar\/4dfbf16b4d17945bfb6341b2d19043457132fcf478a5ee04f42e959fd8f5df0a?s=96&d=mm&r=g","contentUrl":"https:\/\/secure.gravatar.com\/avatar\/4dfbf16b4d17945bfb6341b2d19043457132fcf478a5ee04f42e959fd8f5df0a?s=96&d=mm&r=g","caption":"NOTICIASMERCEDINAS.COM"},"url":"https:\/\/noticiasmercedinas.com\/site\/author\/anonimo\/"}]}},"amp_enabled":true,"_links":{"self":[{"href":"https:\/\/noticiasmercedinas.com\/site\/wp-json\/wp\/v2\/posts\/161512","targetHints":{"allow":["GET"]}}],"collection":[{"href":"https:\/\/noticiasmercedinas.com\/site\/wp-json\/wp\/v2\/posts"}],"about":[{"href":"https:\/\/noticiasmercedinas.com\/site\/wp-json\/wp\/v2\/types\/post"}],"author":[{"embeddable":true,"href":"https:\/\/noticiasmercedinas.com\/site\/wp-json\/wp\/v2\/users\/16"}],"replies":[{"embeddable":true,"href":"https:\/\/noticiasmercedinas.com\/site\/wp-json\/wp\/v2\/comments?post=161512"}],"version-history":[{"count":1,"href":"https:\/\/noticiasmercedinas.com\/site\/wp-json\/wp\/v2\/posts\/161512\/revisions"}],"predecessor-version":[{"id":161514,"href":"https:\/\/noticiasmercedinas.com\/site\/wp-json\/wp\/v2\/posts\/161512\/revisions\/161514"}],"wp:featuredmedia":[{"embeddable":true,"href":"https:\/\/noticiasmercedinas.com\/site\/wp-json\/wp\/v2\/media\/161513"}],"wp:attachment":[{"href":"https:\/\/noticiasmercedinas.com\/site\/wp-json\/wp\/v2\/media?parent=161512"}],"wp:term":[{"taxonomy":"category","embeddable":true,"href":"https:\/\/noticiasmercedinas.com\/site\/wp-json\/wp\/v2\/categories?post=161512"},{"taxonomy":"post_tag","embeddable":true,"href":"https:\/\/noticiasmercedinas.com\/site\/wp-json\/wp\/v2\/tags?post=161512"}],"curies":[{"name":"wp","href":"https:\/\/api.w.org\/{rel}","templated":true}]}}