{"id":161532,"date":"2025-06-12T09:14:04","date_gmt":"2025-06-12T12:14:04","guid":{"rendered":"https:\/\/noticiasmercedinas.com\/site\/?p=161532"},"modified":"2025-06-12T09:14:04","modified_gmt":"2025-06-12T12:14:04","slug":"hubo-un-masivo-acto-en-repudio-al-fallo-ilegal-sobre-cristina-fernandez-de-kirchner","status":"publish","type":"post","link":"https:\/\/noticiasmercedinas.com\/site\/2025\/06\/12\/hubo-un-masivo-acto-en-repudio-al-fallo-ilegal-sobre-cristina-fernandez-de-kirchner\/","title":{"rendered":"Hubo un masivo acto en \u00abrepudio al fallo ilegal\u00bb sobre Cristina Fern\u00e1ndez de Kirchner"},"content":{"rendered":"<p><img loading=\"lazy\" decoding=\"async\" class=\"alignnone size-full wp-image-161533\" src=\"https:\/\/noticiasmercedinas.com\/site\/wp-content\/uploads\/2025\/06\/fe1ae636-adfe-4804-9a8e-fb41d9a190dc.jpeg\" alt=\"\" width=\"1280\" height=\"960\" srcset=\"https:\/\/noticiasmercedinas.com\/site\/wp-content\/uploads\/2025\/06\/fe1ae636-adfe-4804-9a8e-fb41d9a190dc.jpeg 1280w, https:\/\/noticiasmercedinas.com\/site\/wp-content\/uploads\/2025\/06\/fe1ae636-adfe-4804-9a8e-fb41d9a190dc-300x225.jpeg 300w, https:\/\/noticiasmercedinas.com\/site\/wp-content\/uploads\/2025\/06\/fe1ae636-adfe-4804-9a8e-fb41d9a190dc-1024x768.jpeg 1024w, https:\/\/noticiasmercedinas.com\/site\/wp-content\/uploads\/2025\/06\/fe1ae636-adfe-4804-9a8e-fb41d9a190dc-768x576.jpeg 768w, https:\/\/noticiasmercedinas.com\/site\/wp-content\/uploads\/2025\/06\/fe1ae636-adfe-4804-9a8e-fb41d9a190dc-80x60.jpeg 80w, https:\/\/noticiasmercedinas.com\/site\/wp-content\/uploads\/2025\/06\/fe1ae636-adfe-4804-9a8e-fb41d9a190dc-160x120.jpeg 160w, https:\/\/noticiasmercedinas.com\/site\/wp-content\/uploads\/2025\/06\/fe1ae636-adfe-4804-9a8e-fb41d9a190dc-100x75.jpeg 100w, https:\/\/noticiasmercedinas.com\/site\/wp-content\/uploads\/2025\/06\/fe1ae636-adfe-4804-9a8e-fb41d9a190dc-200x150.jpeg 200w, https:\/\/noticiasmercedinas.com\/site\/wp-content\/uploads\/2025\/06\/fe1ae636-adfe-4804-9a8e-fb41d9a190dc-180x135.jpeg 180w, https:\/\/noticiasmercedinas.com\/site\/wp-content\/uploads\/2025\/06\/fe1ae636-adfe-4804-9a8e-fb41d9a190dc-360x270.jpeg 360w, https:\/\/noticiasmercedinas.com\/site\/wp-content\/uploads\/2025\/06\/fe1ae636-adfe-4804-9a8e-fb41d9a190dc-238x178.jpeg 238w, https:\/\/noticiasmercedinas.com\/site\/wp-content\/uploads\/2025\/06\/fe1ae636-adfe-4804-9a8e-fb41d9a190dc-476x356.jpeg 476w, https:\/\/noticiasmercedinas.com\/site\/wp-content\/uploads\/2025\/06\/fe1ae636-adfe-4804-9a8e-fb41d9a190dc-640x480.jpeg 640w, https:\/\/noticiasmercedinas.com\/site\/wp-content\/uploads\/2025\/06\/fe1ae636-adfe-4804-9a8e-fb41d9a190dc-681x511.jpeg 681w\" sizes=\"auto, (max-width: 1280px) 100vw, 1280px\" \/><\/p>\n<p>Dirigentes y militantes de distintas expresiones del campo nacional y popular, entre ellas distintas agrupaciones peronistas y de la izquierda, protagonizaron hoy un masivo acto en repudio a la decisi\u00f3n de la Corte Suprema de la Naci\u00f3n de condenar y proscribir a Cristina Fern\u00e1ndez de Kirchner, en \u201cun cepo a la democracia y a la voluntad popular\u201d, tal cual denunciaron.<\/p>\n<p>El encuentro se organiz\u00f3 en la Unidad B\u00e1sica de 29 entre 38 y 40. Entre los dirigentes, adem\u00e1s del intendente Juan Ignacio Ustarroz, estuvieron entre otros Carlos Selva, Juan Pablo L\u00f3pez, Aldana Ch\u00e1vez, Mariana San Mart\u00edn, Maxi Melgar y, con ellos, la representaci\u00f3n del Partido Justicialista, el Frente Renovador, el Movimiento Evita, el frente Patria Grande y varios m\u00e1s. Tambi\u00e9n hubo referentes de diferentes sindicatos y de la CGT Regional.<\/p>\n<p>Todos, adem\u00e1s, resaltaron la presencia de dirigentes del Partido Obrero y otras expresiones de la izquierda. \u201cA pesar de las diferencias, nos re\u00fane el repudio a este ataque a la democracia y al Partido Judicial, siempre al servicio de los poderes concentrados\u201d, coincidieron.<\/p>\n<p>La decisi\u00f3n de la Corte Suprema de ratificar la condena a Cristina en la llamada Causa Vialidad, y a la que prestigiosos juristas nacionales e internacionales calificaron de \u00abilegal, absurda e inconstitucional\u00bb, entre otras, se dio a conocer este martes, apenas unos d\u00edas despu\u00e9s de que la ex presidenta anunciara su candidatura a diputada provincial por la Tercera Secci\u00f3n en las pr\u00f3ximas elecciones bonaerenses, previstas en principio para septiembre de este a\u00f1o.<\/p>\n<p>Dirigencia y militancia recordaron en el acto de este mi\u00e9rcoles la persecuci\u00f3n y proscripci\u00f3n con las que, en distintos tramos de la historia, el poder concentrado, al servicio de intereses ajenos al pa\u00eds, castigaron a gobiernos populares y especialmente al peronismo.<\/p>\n<p>En el camino de la organizaci\u00f3n militante, en tanto, se anuncia la visita de la intendenta de Moreno, Mariel Fern\u00e1ndez, para este viernes (ser\u00e1 la presentaci\u00f3n de una revista del Movimiento Evita); y la realizaci\u00f3n de un plenario en el club El Porvenir el s\u00e1bado a partir de las 9.30 de la ma\u00f1ana, convocado por Uni\u00f3n por la Patria.<\/p>\n<p><img loading=\"lazy\" decoding=\"async\" class=\"alignnone size-full wp-image-161534\" src=\"https:\/\/noticiasmercedinas.com\/site\/wp-content\/uploads\/2025\/06\/5c1d10bd-3118-4b6d-b956-ebacea65f94c.jpeg\" alt=\"\" width=\"1600\" height=\"1200\" srcset=\"https:\/\/noticiasmercedinas.com\/site\/wp-content\/uploads\/2025\/06\/5c1d10bd-3118-4b6d-b956-ebacea65f94c.jpeg 1600w, https:\/\/noticiasmercedinas.com\/site\/wp-content\/uploads\/2025\/06\/5c1d10bd-3118-4b6d-b956-ebacea65f94c-300x225.jpeg 300w, https:\/\/noticiasmercedinas.com\/site\/wp-content\/uploads\/2025\/06\/5c1d10bd-3118-4b6d-b956-ebacea65f94c-1024x768.jpeg 1024w, https:\/\/noticiasmercedinas.com\/site\/wp-content\/uploads\/2025\/06\/5c1d10bd-3118-4b6d-b956-ebacea65f94c-768x576.jpeg 768w, https:\/\/noticiasmercedinas.com\/site\/wp-content\/uploads\/2025\/06\/5c1d10bd-3118-4b6d-b956-ebacea65f94c-1536x1152.jpeg 1536w, https:\/\/noticiasmercedinas.com\/site\/wp-content\/uploads\/2025\/06\/5c1d10bd-3118-4b6d-b956-ebacea65f94c-80x60.jpeg 80w, https:\/\/noticiasmercedinas.com\/site\/wp-content\/uploads\/2025\/06\/5c1d10bd-3118-4b6d-b956-ebacea65f94c-160x120.jpeg 160w, https:\/\/noticiasmercedinas.com\/site\/wp-content\/uploads\/2025\/06\/5c1d10bd-3118-4b6d-b956-ebacea65f94c-100x75.jpeg 100w, https:\/\/noticiasmercedinas.com\/site\/wp-content\/uploads\/2025\/06\/5c1d10bd-3118-4b6d-b956-ebacea65f94c-200x150.jpeg 200w, https:\/\/noticiasmercedinas.com\/site\/wp-content\/uploads\/2025\/06\/5c1d10bd-3118-4b6d-b956-ebacea65f94c-180x135.jpeg 180w, https:\/\/noticiasmercedinas.com\/site\/wp-content\/uploads\/2025\/06\/5c1d10bd-3118-4b6d-b956-ebacea65f94c-360x270.jpeg 360w, https:\/\/noticiasmercedinas.com\/site\/wp-content\/uploads\/2025\/06\/5c1d10bd-3118-4b6d-b956-ebacea65f94c-238x178.jpeg 238w, https:\/\/noticiasmercedinas.com\/site\/wp-content\/uploads\/2025\/06\/5c1d10bd-3118-4b6d-b956-ebacea65f94c-476x356.jpeg 476w, https:\/\/noticiasmercedinas.com\/site\/wp-content\/uploads\/2025\/06\/5c1d10bd-3118-4b6d-b956-ebacea65f94c-640x480.jpeg 640w, https:\/\/noticiasmercedinas.com\/site\/wp-content\/uploads\/2025\/06\/5c1d10bd-3118-4b6d-b956-ebacea65f94c-1280x960.jpeg 1280w, https:\/\/noticiasmercedinas.com\/site\/wp-content\/uploads\/2025\/06\/5c1d10bd-3118-4b6d-b956-ebacea65f94c-681x511.jpeg 681w, https:\/\/noticiasmercedinas.com\/site\/wp-content\/uploads\/2025\/06\/5c1d10bd-3118-4b6d-b956-ebacea65f94c-1362x1022.jpeg 1362w\" sizes=\"auto, (max-width: 1600px) 100vw, 1600px\" \/><\/p>\n","protected":false},"excerpt":{"rendered":"<p>\u25a0 Fue este mi\u00e9rcoles en la Unidad B\u00e1sica de 29 entre 38 y 40. Hubo gran presencia de organizaciones pol\u00edticas. Objetan que el poder concentrado, al servicio de intereses ajenos al pa\u00eds, castiga a gobiernos populares y especialmente al peronismo.<\/p>\n","protected":false},"author":16,"featured_media":161533,"comment_status":"closed","ping_status":"closed","sticky":false,"template":"","format":"standard","meta":{"footnotes":""},"categories":[16],"tags":[5425,1489,4042],"class_list":["post-161532","post","type-post","status-publish","format-standard","has-post-thumbnail","hentry","category-politica","tag-cristina-fernandez-de-kirchner","tag-pj","tag-unidad-basica"],"yoast_head":"<!-- This site is optimized with the Yoast SEO plugin v27.5 - https:\/\/yoast.com\/product\/yoast-seo-wordpress\/ -->\n<title>Hubo un masivo acto en &quot;repudio al fallo ilegal&quot; sobre Cristina Fern\u00e1ndez de Kirchner<\/title>\n<meta name=\"description\" content=\"Fue este mi\u00e9rcoles en la Unidad B\u00e1sica de 29 entre 38 y 40. Hubo gran presencia de organizaciones pol\u00edticas. Objetan que el poder concentrado, al servicio de intereses ajenos al pa\u00eds, castiga a gobiernos populares y especialmente al peronismo.\" \/>\n<meta name=\"robots\" content=\"index, follow, max-snippet:-1, max-image-preview:large, max-video-preview:-1\" \/>\n<link rel=\"canonical\" href=\"https:\/\/noticiasmercedinas.com\/site\/2025\/06\/12\/hubo-un-masivo-acto-en-repudio-al-fallo-ilegal-sobre-cristina-fernandez-de-kirchner\/\" \/>\n<meta property=\"og:locale\" content=\"es_ES\" \/>\n<meta property=\"og:type\" content=\"article\" \/>\n<meta property=\"og:title\" content=\"Hubo un masivo acto en &quot;repudio al fallo ilegal&quot; sobre Cristina Fern\u00e1ndez de Kirchner\" \/>\n<meta property=\"og:description\" content=\"Fue este mi\u00e9rcoles en la Unidad B\u00e1sica de 29 entre 38 y 40. Hubo gran presencia de organizaciones pol\u00edticas. Objetan que el poder concentrado, al servicio de intereses ajenos al pa\u00eds, castiga a gobiernos populares y especialmente al peronismo.\" \/>\n<meta property=\"og:url\" content=\"https:\/\/noticiasmercedinas.com\/site\/2025\/06\/12\/hubo-un-masivo-acto-en-repudio-al-fallo-ilegal-sobre-cristina-fernandez-de-kirchner\/\" \/>\n<meta property=\"og:site_name\" content=\"NOTICIASMERCEDINAS.COM\" \/>\n<meta property=\"article:publisher\" content=\"https:\/\/www.facebook.com\/noticiasmercedinas\/\" \/>\n<meta property=\"article:published_time\" content=\"2025-06-12T12:14:04+00:00\" \/>\n<meta property=\"og:image\" content=\"https:\/\/noticiasmercedinas.com\/site\/wp-content\/uploads\/2025\/06\/fe1ae636-adfe-4804-9a8e-fb41d9a190dc.jpeg\" \/>\n\t<meta property=\"og:image:width\" content=\"1280\" \/>\n\t<meta property=\"og:image:height\" content=\"960\" \/>\n\t<meta property=\"og:image:type\" content=\"image\/jpeg\" \/>\n<meta name=\"author\" content=\"NOTICIASMERCEDINAS.COM\" \/>\n<meta name=\"twitter:card\" content=\"summary_large_image\" \/>\n<meta name=\"twitter:creator\" content=\"@notmercedinas\" \/>\n<meta name=\"twitter:site\" content=\"@notmercedinas\" \/>\n<meta name=\"twitter:label1\" content=\"Escrito por\" \/>\n\t<meta name=\"twitter:data1\" content=\"NOTICIASMERCEDINAS.COM\" \/>\n\t<meta name=\"twitter:label2\" content=\"Tiempo de lectura\" \/>\n\t<meta name=\"twitter:data2\" content=\"3 minutos\" \/>\n<script type=\"application\/ld+json\" class=\"yoast-schema-graph\">{\"@context\":\"https:\\\/\\\/schema.org\",\"@graph\":[{\"@type\":\"Article\",\"@id\":\"https:\\\/\\\/noticiasmercedinas.com\\\/site\\\/2025\\\/06\\\/12\\\/hubo-un-masivo-acto-en-repudio-al-fallo-ilegal-sobre-cristina-fernandez-de-kirchner\\\/#article\",\"isPartOf\":{\"@id\":\"https:\\\/\\\/noticiasmercedinas.com\\\/site\\\/2025\\\/06\\\/12\\\/hubo-un-masivo-acto-en-repudio-al-fallo-ilegal-sobre-cristina-fernandez-de-kirchner\\\/\"},\"author\":{\"name\":\"NOTICIASMERCEDINAS.COM\",\"@id\":\"https:\\\/\\\/noticiasmercedinas.com\\\/site\\\/#\\\/schema\\\/person\\\/84b59c099c28ff2e8b77d4ceec5d8063\"},\"headline\":\"Hubo un masivo acto en \u00abrepudio al fallo ilegal\u00bb sobre Cristina Fern\u00e1ndez de Kirchner\",\"datePublished\":\"2025-06-12T12:14:04+00:00\",\"mainEntityOfPage\":{\"@id\":\"https:\\\/\\\/noticiasmercedinas.com\\\/site\\\/2025\\\/06\\\/12\\\/hubo-un-masivo-acto-en-repudio-al-fallo-ilegal-sobre-cristina-fernandez-de-kirchner\\\/\"},\"wordCount\":386,\"publisher\":{\"@id\":\"https:\\\/\\\/noticiasmercedinas.com\\\/site\\\/#organization\"},\"image\":{\"@id\":\"https:\\\/\\\/noticiasmercedinas.com\\\/site\\\/2025\\\/06\\\/12\\\/hubo-un-masivo-acto-en-repudio-al-fallo-ilegal-sobre-cristina-fernandez-de-kirchner\\\/#primaryimage\"},\"thumbnailUrl\":\"https:\\\/\\\/noticiasmercedinas.com\\\/site\\\/wp-content\\\/uploads\\\/2025\\\/06\\\/fe1ae636-adfe-4804-9a8e-fb41d9a190dc.jpeg\",\"keywords\":[\"Cristina Fern\u00e1ndez de Kirchner\",\"pj\",\"unidad basica\"],\"articleSection\":[\"Politica\"],\"inLanguage\":\"es\"},{\"@type\":\"WebPage\",\"@id\":\"https:\\\/\\\/noticiasmercedinas.com\\\/site\\\/2025\\\/06\\\/12\\\/hubo-un-masivo-acto-en-repudio-al-fallo-ilegal-sobre-cristina-fernandez-de-kirchner\\\/\",\"url\":\"https:\\\/\\\/noticiasmercedinas.com\\\/site\\\/2025\\\/06\\\/12\\\/hubo-un-masivo-acto-en-repudio-al-fallo-ilegal-sobre-cristina-fernandez-de-kirchner\\\/\",\"name\":\"Hubo un masivo acto en \\\"repudio al fallo ilegal\\\" sobre Cristina Fern\u00e1ndez de Kirchner\",\"isPartOf\":{\"@id\":\"https:\\\/\\\/noticiasmercedinas.com\\\/site\\\/#website\"},\"primaryImageOfPage\":{\"@id\":\"https:\\\/\\\/noticiasmercedinas.com\\\/site\\\/2025\\\/06\\\/12\\\/hubo-un-masivo-acto-en-repudio-al-fallo-ilegal-sobre-cristina-fernandez-de-kirchner\\\/#primaryimage\"},\"image\":{\"@id\":\"https:\\\/\\\/noticiasmercedinas.com\\\/site\\\/2025\\\/06\\\/12\\\/hubo-un-masivo-acto-en-repudio-al-fallo-ilegal-sobre-cristina-fernandez-de-kirchner\\\/#primaryimage\"},\"thumbnailUrl\":\"https:\\\/\\\/noticiasmercedinas.com\\\/site\\\/wp-content\\\/uploads\\\/2025\\\/06\\\/fe1ae636-adfe-4804-9a8e-fb41d9a190dc.jpeg\",\"datePublished\":\"2025-06-12T12:14:04+00:00\",\"description\":\"Fue este mi\u00e9rcoles en la Unidad B\u00e1sica de 29 entre 38 y 40. Hubo gran presencia de organizaciones pol\u00edticas. Objetan que el poder concentrado, al servicio de intereses ajenos al pa\u00eds, castiga a gobiernos populares y especialmente al peronismo.\",\"breadcrumb\":{\"@id\":\"https:\\\/\\\/noticiasmercedinas.com\\\/site\\\/2025\\\/06\\\/12\\\/hubo-un-masivo-acto-en-repudio-al-fallo-ilegal-sobre-cristina-fernandez-de-kirchner\\\/#breadcrumb\"},\"inLanguage\":\"es\",\"potentialAction\":[{\"@type\":\"ReadAction\",\"target\":[\"https:\\\/\\\/noticiasmercedinas.com\\\/site\\\/2025\\\/06\\\/12\\\/hubo-un-masivo-acto-en-repudio-al-fallo-ilegal-sobre-cristina-fernandez-de-kirchner\\\/\"]}]},{\"@type\":\"ImageObject\",\"inLanguage\":\"es\",\"@id\":\"https:\\\/\\\/noticiasmercedinas.com\\\/site\\\/2025\\\/06\\\/12\\\/hubo-un-masivo-acto-en-repudio-al-fallo-ilegal-sobre-cristina-fernandez-de-kirchner\\\/#primaryimage\",\"url\":\"https:\\\/\\\/noticiasmercedinas.com\\\/site\\\/wp-content\\\/uploads\\\/2025\\\/06\\\/fe1ae636-adfe-4804-9a8e-fb41d9a190dc.jpeg\",\"contentUrl\":\"https:\\\/\\\/noticiasmercedinas.com\\\/site\\\/wp-content\\\/uploads\\\/2025\\\/06\\\/fe1ae636-adfe-4804-9a8e-fb41d9a190dc.jpeg\",\"width\":1280,\"height\":960},{\"@type\":\"BreadcrumbList\",\"@id\":\"https:\\\/\\\/noticiasmercedinas.com\\\/site\\\/2025\\\/06\\\/12\\\/hubo-un-masivo-acto-en-repudio-al-fallo-ilegal-sobre-cristina-fernandez-de-kirchner\\\/#breadcrumb\",\"itemListElement\":[{\"@type\":\"ListItem\",\"position\":1,\"name\":\"Portada\",\"item\":\"https:\\\/\\\/noticiasmercedinas.com\\\/site\\\/\"},{\"@type\":\"ListItem\",\"position\":2,\"name\":\"Hubo un masivo acto en \u00abrepudio al fallo ilegal\u00bb sobre Cristina Fern\u00e1ndez de Kirchner\"}]},{\"@type\":\"WebSite\",\"@id\":\"https:\\\/\\\/noticiasmercedinas.com\\\/site\\\/#website\",\"url\":\"https:\\\/\\\/noticiasmercedinas.com\\\/site\\\/\",\"name\":\"NOTICIASMERCEDINAS.COM\",\"description\":\"Mercedes, Buenos Aires, Argentina\",\"publisher\":{\"@id\":\"https:\\\/\\\/noticiasmercedinas.com\\\/site\\\/#organization\"},\"potentialAction\":[{\"@type\":\"SearchAction\",\"target\":{\"@type\":\"EntryPoint\",\"urlTemplate\":\"https:\\\/\\\/noticiasmercedinas.com\\\/site\\\/?s={search_term_string}\"},\"query-input\":{\"@type\":\"PropertyValueSpecification\",\"valueRequired\":true,\"valueName\":\"search_term_string\"}}],\"inLanguage\":\"es\"},{\"@type\":\"Organization\",\"@id\":\"https:\\\/\\\/noticiasmercedinas.com\\\/site\\\/#organization\",\"name\":\"NOTICIASMERCEDINAS.COM\",\"url\":\"https:\\\/\\\/noticiasmercedinas.com\\\/site\\\/\",\"logo\":{\"@type\":\"ImageObject\",\"inLanguage\":\"es\",\"@id\":\"https:\\\/\\\/noticiasmercedinas.com\\\/site\\\/#\\\/schema\\\/logo\\\/image\\\/\",\"url\":\"https:\\\/\\\/noticiasmercedinas.com\\\/site\\\/wp-content\\\/uploads\\\/2020\\\/06\\\/LOGO-512.jpg\",\"contentUrl\":\"https:\\\/\\\/noticiasmercedinas.com\\\/site\\\/wp-content\\\/uploads\\\/2020\\\/06\\\/LOGO-512.jpg\",\"width\":512,\"height\":512,\"caption\":\"NOTICIASMERCEDINAS.COM\"},\"image\":{\"@id\":\"https:\\\/\\\/noticiasmercedinas.com\\\/site\\\/#\\\/schema\\\/logo\\\/image\\\/\"},\"sameAs\":[\"https:\\\/\\\/www.facebook.com\\\/noticiasmercedinas\\\/\",\"https:\\\/\\\/x.com\\\/notmercedinas\",\"https:\\\/\\\/www.instagram.com\\\/noticiasmercedinas\\\/\"]},{\"@type\":\"Person\",\"@id\":\"https:\\\/\\\/noticiasmercedinas.com\\\/site\\\/#\\\/schema\\\/person\\\/84b59c099c28ff2e8b77d4ceec5d8063\",\"name\":\"NOTICIASMERCEDINAS.COM\",\"image\":{\"@type\":\"ImageObject\",\"inLanguage\":\"es\",\"@id\":\"https:\\\/\\\/secure.gravatar.com\\\/avatar\\\/4dfbf16b4d17945bfb6341b2d19043457132fcf478a5ee04f42e959fd8f5df0a?s=96&d=mm&r=g\",\"url\":\"https:\\\/\\\/secure.gravatar.com\\\/avatar\\\/4dfbf16b4d17945bfb6341b2d19043457132fcf478a5ee04f42e959fd8f5df0a?s=96&d=mm&r=g\",\"contentUrl\":\"https:\\\/\\\/secure.gravatar.com\\\/avatar\\\/4dfbf16b4d17945bfb6341b2d19043457132fcf478a5ee04f42e959fd8f5df0a?s=96&d=mm&r=g\",\"caption\":\"NOTICIASMERCEDINAS.COM\"},\"url\":\"https:\\\/\\\/noticiasmercedinas.com\\\/site\\\/author\\\/anonimo\\\/\"}]}<\/script>\n<!-- \/ Yoast SEO plugin. -->","yoast_head_json":{"title":"Hubo un masivo acto en \"repudio al fallo ilegal\" sobre Cristina Fern\u00e1ndez de Kirchner","description":"Fue este mi\u00e9rcoles en la Unidad B\u00e1sica de 29 entre 38 y 40. Hubo gran presencia de organizaciones pol\u00edticas. Objetan que el poder concentrado, al servicio de intereses ajenos al pa\u00eds, castiga a gobiernos populares y especialmente al peronismo.","robots":{"index":"index","follow":"follow","max-snippet":"max-snippet:-1","max-image-preview":"max-image-preview:large","max-video-preview":"max-video-preview:-1"},"canonical":"https:\/\/noticiasmercedinas.com\/site\/2025\/06\/12\/hubo-un-masivo-acto-en-repudio-al-fallo-ilegal-sobre-cristina-fernandez-de-kirchner\/","og_locale":"es_ES","og_type":"article","og_title":"Hubo un masivo acto en \"repudio al fallo ilegal\" sobre Cristina Fern\u00e1ndez de Kirchner","og_description":"Fue este mi\u00e9rcoles en la Unidad B\u00e1sica de 29 entre 38 y 40. Hubo gran presencia de organizaciones pol\u00edticas. Objetan que el poder concentrado, al servicio de intereses ajenos al pa\u00eds, castiga a gobiernos populares y especialmente al peronismo.","og_url":"https:\/\/noticiasmercedinas.com\/site\/2025\/06\/12\/hubo-un-masivo-acto-en-repudio-al-fallo-ilegal-sobre-cristina-fernandez-de-kirchner\/","og_site_name":"NOTICIASMERCEDINAS.COM","article_publisher":"https:\/\/www.facebook.com\/noticiasmercedinas\/","article_published_time":"2025-06-12T12:14:04+00:00","og_image":[{"width":1280,"height":960,"url":"https:\/\/noticiasmercedinas.com\/site\/wp-content\/uploads\/2025\/06\/fe1ae636-adfe-4804-9a8e-fb41d9a190dc.jpeg","type":"image\/jpeg"}],"author":"NOTICIASMERCEDINAS.COM","twitter_card":"summary_large_image","twitter_creator":"@notmercedinas","twitter_site":"@notmercedinas","twitter_misc":{"Escrito por":"NOTICIASMERCEDINAS.COM","Tiempo de lectura":"3 minutos"},"schema":{"@context":"https:\/\/schema.org","@graph":[{"@type":"Article","@id":"https:\/\/noticiasmercedinas.com\/site\/2025\/06\/12\/hubo-un-masivo-acto-en-repudio-al-fallo-ilegal-sobre-cristina-fernandez-de-kirchner\/#article","isPartOf":{"@id":"https:\/\/noticiasmercedinas.com\/site\/2025\/06\/12\/hubo-un-masivo-acto-en-repudio-al-fallo-ilegal-sobre-cristina-fernandez-de-kirchner\/"},"author":{"name":"NOTICIASMERCEDINAS.COM","@id":"https:\/\/noticiasmercedinas.com\/site\/#\/schema\/person\/84b59c099c28ff2e8b77d4ceec5d8063"},"headline":"Hubo un masivo acto en \u00abrepudio al fallo ilegal\u00bb sobre Cristina Fern\u00e1ndez de Kirchner","datePublished":"2025-06-12T12:14:04+00:00","mainEntityOfPage":{"@id":"https:\/\/noticiasmercedinas.com\/site\/2025\/06\/12\/hubo-un-masivo-acto-en-repudio-al-fallo-ilegal-sobre-cristina-fernandez-de-kirchner\/"},"wordCount":386,"publisher":{"@id":"https:\/\/noticiasmercedinas.com\/site\/#organization"},"image":{"@id":"https:\/\/noticiasmercedinas.com\/site\/2025\/06\/12\/hubo-un-masivo-acto-en-repudio-al-fallo-ilegal-sobre-cristina-fernandez-de-kirchner\/#primaryimage"},"thumbnailUrl":"https:\/\/noticiasmercedinas.com\/site\/wp-content\/uploads\/2025\/06\/fe1ae636-adfe-4804-9a8e-fb41d9a190dc.jpeg","keywords":["Cristina Fern\u00e1ndez de Kirchner","pj","unidad basica"],"articleSection":["Politica"],"inLanguage":"es"},{"@type":"WebPage","@id":"https:\/\/noticiasmercedinas.com\/site\/2025\/06\/12\/hubo-un-masivo-acto-en-repudio-al-fallo-ilegal-sobre-cristina-fernandez-de-kirchner\/","url":"https:\/\/noticiasmercedinas.com\/site\/2025\/06\/12\/hubo-un-masivo-acto-en-repudio-al-fallo-ilegal-sobre-cristina-fernandez-de-kirchner\/","name":"Hubo un masivo acto en \"repudio al fallo ilegal\" sobre Cristina Fern\u00e1ndez de Kirchner","isPartOf":{"@id":"https:\/\/noticiasmercedinas.com\/site\/#website"},"primaryImageOfPage":{"@id":"https:\/\/noticiasmercedinas.com\/site\/2025\/06\/12\/hubo-un-masivo-acto-en-repudio-al-fallo-ilegal-sobre-cristina-fernandez-de-kirchner\/#primaryimage"},"image":{"@id":"https:\/\/noticiasmercedinas.com\/site\/2025\/06\/12\/hubo-un-masivo-acto-en-repudio-al-fallo-ilegal-sobre-cristina-fernandez-de-kirchner\/#primaryimage"},"thumbnailUrl":"https:\/\/noticiasmercedinas.com\/site\/wp-content\/uploads\/2025\/06\/fe1ae636-adfe-4804-9a8e-fb41d9a190dc.jpeg","datePublished":"2025-06-12T12:14:04+00:00","description":"Fue este mi\u00e9rcoles en la Unidad B\u00e1sica de 29 entre 38 y 40. Hubo gran presencia de organizaciones pol\u00edticas. Objetan que el poder concentrado, al servicio de intereses ajenos al pa\u00eds, castiga a gobiernos populares y especialmente al peronismo.","breadcrumb":{"@id":"https:\/\/noticiasmercedinas.com\/site\/2025\/06\/12\/hubo-un-masivo-acto-en-repudio-al-fallo-ilegal-sobre-cristina-fernandez-de-kirchner\/#breadcrumb"},"inLanguage":"es","potentialAction":[{"@type":"ReadAction","target":["https:\/\/noticiasmercedinas.com\/site\/2025\/06\/12\/hubo-un-masivo-acto-en-repudio-al-fallo-ilegal-sobre-cristina-fernandez-de-kirchner\/"]}]},{"@type":"ImageObject","inLanguage":"es","@id":"https:\/\/noticiasmercedinas.com\/site\/2025\/06\/12\/hubo-un-masivo-acto-en-repudio-al-fallo-ilegal-sobre-cristina-fernandez-de-kirchner\/#primaryimage","url":"https:\/\/noticiasmercedinas.com\/site\/wp-content\/uploads\/2025\/06\/fe1ae636-adfe-4804-9a8e-fb41d9a190dc.jpeg","contentUrl":"https:\/\/noticiasmercedinas.com\/site\/wp-content\/uploads\/2025\/06\/fe1ae636-adfe-4804-9a8e-fb41d9a190dc.jpeg","width":1280,"height":960},{"@type":"BreadcrumbList","@id":"https:\/\/noticiasmercedinas.com\/site\/2025\/06\/12\/hubo-un-masivo-acto-en-repudio-al-fallo-ilegal-sobre-cristina-fernandez-de-kirchner\/#breadcrumb","itemListElement":[{"@type":"ListItem","position":1,"name":"Portada","item":"https:\/\/noticiasmercedinas.com\/site\/"},{"@type":"ListItem","position":2,"name":"Hubo un masivo acto en \u00abrepudio al fallo ilegal\u00bb sobre Cristina Fern\u00e1ndez de Kirchner"}]},{"@type":"WebSite","@id":"https:\/\/noticiasmercedinas.com\/site\/#website","url":"https:\/\/noticiasmercedinas.com\/site\/","name":"NOTICIASMERCEDINAS.COM","description":"Mercedes, Buenos Aires, Argentina","publisher":{"@id":"https:\/\/noticiasmercedinas.com\/site\/#organization"},"potentialAction":[{"@type":"SearchAction","target":{"@type":"EntryPoint","urlTemplate":"https:\/\/noticiasmercedinas.com\/site\/?s={search_term_string}"},"query-input":{"@type":"PropertyValueSpecification","valueRequired":true,"valueName":"search_term_string"}}],"inLanguage":"es"},{"@type":"Organization","@id":"https:\/\/noticiasmercedinas.com\/site\/#organization","name":"NOTICIASMERCEDINAS.COM","url":"https:\/\/noticiasmercedinas.com\/site\/","logo":{"@type":"ImageObject","inLanguage":"es","@id":"https:\/\/noticiasmercedinas.com\/site\/#\/schema\/logo\/image\/","url":"https:\/\/noticiasmercedinas.com\/site\/wp-content\/uploads\/2020\/06\/LOGO-512.jpg","contentUrl":"https:\/\/noticiasmercedinas.com\/site\/wp-content\/uploads\/2020\/06\/LOGO-512.jpg","width":512,"height":512,"caption":"NOTICIASMERCEDINAS.COM"},"image":{"@id":"https:\/\/noticiasmercedinas.com\/site\/#\/schema\/logo\/image\/"},"sameAs":["https:\/\/www.facebook.com\/noticiasmercedinas\/","https:\/\/x.com\/notmercedinas","https:\/\/www.instagram.com\/noticiasmercedinas\/"]},{"@type":"Person","@id":"https:\/\/noticiasmercedinas.com\/site\/#\/schema\/person\/84b59c099c28ff2e8b77d4ceec5d8063","name":"NOTICIASMERCEDINAS.COM","image":{"@type":"ImageObject","inLanguage":"es","@id":"https:\/\/secure.gravatar.com\/avatar\/4dfbf16b4d17945bfb6341b2d19043457132fcf478a5ee04f42e959fd8f5df0a?s=96&d=mm&r=g","url":"https:\/\/secure.gravatar.com\/avatar\/4dfbf16b4d17945bfb6341b2d19043457132fcf478a5ee04f42e959fd8f5df0a?s=96&d=mm&r=g","contentUrl":"https:\/\/secure.gravatar.com\/avatar\/4dfbf16b4d17945bfb6341b2d19043457132fcf478a5ee04f42e959fd8f5df0a?s=96&d=mm&r=g","caption":"NOTICIASMERCEDINAS.COM"},"url":"https:\/\/noticiasmercedinas.com\/site\/author\/anonimo\/"}]}},"amp_enabled":true,"_links":{"self":[{"href":"https:\/\/noticiasmercedinas.com\/site\/wp-json\/wp\/v2\/posts\/161532","targetHints":{"allow":["GET"]}}],"collection":[{"href":"https:\/\/noticiasmercedinas.com\/site\/wp-json\/wp\/v2\/posts"}],"about":[{"href":"https:\/\/noticiasmercedinas.com\/site\/wp-json\/wp\/v2\/types\/post"}],"author":[{"embeddable":true,"href":"https:\/\/noticiasmercedinas.com\/site\/wp-json\/wp\/v2\/users\/16"}],"replies":[{"embeddable":true,"href":"https:\/\/noticiasmercedinas.com\/site\/wp-json\/wp\/v2\/comments?post=161532"}],"version-history":[{"count":1,"href":"https:\/\/noticiasmercedinas.com\/site\/wp-json\/wp\/v2\/posts\/161532\/revisions"}],"predecessor-version":[{"id":161535,"href":"https:\/\/noticiasmercedinas.com\/site\/wp-json\/wp\/v2\/posts\/161532\/revisions\/161535"}],"wp:featuredmedia":[{"embeddable":true,"href":"https:\/\/noticiasmercedinas.com\/site\/wp-json\/wp\/v2\/media\/161533"}],"wp:attachment":[{"href":"https:\/\/noticiasmercedinas.com\/site\/wp-json\/wp\/v2\/media?parent=161532"}],"wp:term":[{"taxonomy":"category","embeddable":true,"href":"https:\/\/noticiasmercedinas.com\/site\/wp-json\/wp\/v2\/categories?post=161532"},{"taxonomy":"post_tag","embeddable":true,"href":"https:\/\/noticiasmercedinas.com\/site\/wp-json\/wp\/v2\/tags?post=161532"}],"curies":[{"name":"wp","href":"https:\/\/api.w.org\/{rel}","templated":true}]}}