{"id":161716,"date":"2025-06-15T13:50:17","date_gmt":"2025-06-15T16:50:17","guid":{"rendered":"https:\/\/noticiasmercedinas.com\/site\/?p=161716"},"modified":"2025-06-15T13:50:17","modified_gmt":"2025-06-15T16:50:17","slug":"el-basquet-blanquinegro-llega-a-la-cima","status":"publish","type":"post","link":"https:\/\/noticiasmercedinas.com\/site\/2025\/06\/15\/el-basquet-blanquinegro-llega-a-la-cima\/","title":{"rendered":"El b\u00e1squet \u201cBlanquinegro\u201d llega a la cima"},"content":{"rendered":"<figure id=\"attachment_161717\" aria-describedby=\"caption-attachment-161717\" style=\"width: 640px\" class=\"wp-caption alignnone\"><img loading=\"lazy\" decoding=\"async\" class=\"wp-image-161717 size-full\" src=\"https:\/\/noticiasmercedinas.com\/site\/wp-content\/uploads\/2025\/06\/00e73d2d-b7b9-4dc3-afe2-1cb28bc11590.jpeg\" alt=\"\" width=\"640\" height=\"294\" srcset=\"https:\/\/noticiasmercedinas.com\/site\/wp-content\/uploads\/2025\/06\/00e73d2d-b7b9-4dc3-afe2-1cb28bc11590.jpeg 640w, https:\/\/noticiasmercedinas.com\/site\/wp-content\/uploads\/2025\/06\/00e73d2d-b7b9-4dc3-afe2-1cb28bc11590-300x138.jpeg 300w\" sizes=\"auto, (max-width: 640px) 100vw, 640px\" \/><figcaption id=\"caption-attachment-161717\" class=\"wp-caption-text\">Primera Divisi\u00f3n de Club Mercedes.<\/figcaption><\/figure>\n<p>El gimnasio Pablo Tamagno del Club Estudiantes fue le escenario para cerrar la octava fecha de Primera Divisi\u00f3n correspondiente a la Asociaci\u00f3n Mercedina de B\u00e1squetbol, enfrent\u00e1ndose Club Mercedes y Costa Brava (General Rodr\u00edguez).<\/p>\n<p>Lo gan\u00f3 el \u201cBlanquinegro\u201d por 98 a 87 y con ello trep\u00f3 el primer lugar de la tabla, donde tambi\u00e9n se encuentra Tempestad de San Antonio de Areco, ambos con 12 puntos, seis jugados para el de Areco y 7 acumulan los dirigidos por Lucas Tessore.<\/p>\n<p>Las posiciones sigue con Dorrego (Navarro) 10, Uni\u00f3n Carme\u00f1a (Carmen de Areco) 9, El Tim\u00f3n (J\u00e1uregui) 8, Costa Brava (General Rodr\u00edguez) 7 y Estudiantes 6 unidades.<\/p>\n<p>Por la pr\u00f3xima fecha, que cerrar\u00e1 la primera rueda, jugar\u00e1n Tim\u00f3n vs. UNLU, Costa Brava vs. Estudiantes y Uni\u00f3n Carme\u00f1a vs. Tempestad con fecha y horario a confirmar para cada cruce.<\/p>\n<p>De la jornada de anoche en el gimnasio de calle 33 quedaron pendientes los encuentros de U 15 y U 17 de Club Mercedes y Costa Brava, que buscar\u00e1n ser reprogramados.<\/p>\n","protected":false},"excerpt":{"rendered":"<p>\u25a0 Ganando por la octava fecha a Costa Brava alcanz\u00f3 a Tempestad en lo alto de la tabla de Primera por al AMB. Quedaron pendientes los cruces de U 15 y U 17. Se viene la \u00faltima fecha de la primera rueda. <\/p>\n","protected":false},"author":6,"featured_media":161717,"comment_status":"closed","ping_status":"closed","sticky":false,"template":"","format":"standard","meta":{"footnotes":""},"categories":[5],"tags":[13909,12868,135,14177],"class_list":["post-161716","post","type-post","status-publish","format-standard","has-post-thumbnail","hentry","category-deportes","tag-amb","tag-asociacion-mercedina-de-basquetbol","tag-club-mercedes","tag-primera-division"],"yoast_head":"<!-- This site is optimized with the Yoast SEO plugin v27.4 - https:\/\/yoast.com\/product\/yoast-seo-wordpress\/ -->\n<title>El b\u00e1squet \u201cBlanquinegro\u201d llega a la cima<\/title>\n<meta name=\"robots\" content=\"index, follow, max-snippet:-1, max-image-preview:large, max-video-preview:-1\" \/>\n<link rel=\"canonical\" href=\"https:\/\/noticiasmercedinas.com\/site\/2025\/06\/15\/el-basquet-blanquinegro-llega-a-la-cima\/\" \/>\n<meta property=\"og:locale\" content=\"es_ES\" \/>\n<meta property=\"og:type\" content=\"article\" \/>\n<meta property=\"og:title\" content=\"El b\u00e1squet \u201cBlanquinegro\u201d llega a la cima\" \/>\n<meta property=\"og:description\" content=\"\u25a0 Ganando por la octava fecha a Costa Brava alcanz\u00f3 a Tempestad en lo alto de la tabla de Primera por al AMB. Quedaron pendientes los cruces de U 15 y U 17. Se viene la \u00faltima fecha de la primera rueda.\" \/>\n<meta property=\"og:url\" content=\"https:\/\/noticiasmercedinas.com\/site\/2025\/06\/15\/el-basquet-blanquinegro-llega-a-la-cima\/\" \/>\n<meta property=\"og:site_name\" content=\"NOTICIASMERCEDINAS.COM\" \/>\n<meta property=\"article:publisher\" content=\"https:\/\/www.facebook.com\/noticiasmercedinas\/\" \/>\n<meta property=\"article:published_time\" content=\"2025-06-15T16:50:17+00:00\" \/>\n<meta property=\"og:image\" content=\"https:\/\/noticiasmercedinas.com\/site\/wp-content\/uploads\/2025\/06\/00e73d2d-b7b9-4dc3-afe2-1cb28bc11590.jpeg\" \/>\n\t<meta property=\"og:image:width\" content=\"640\" \/>\n\t<meta property=\"og:image:height\" content=\"294\" \/>\n\t<meta property=\"og:image:type\" content=\"image\/jpeg\" \/>\n<meta name=\"author\" content=\"Juan Dagnino NOTICIASMERCEDINAS.COM\" \/>\n<meta name=\"twitter:card\" content=\"summary_large_image\" \/>\n<meta name=\"twitter:creator\" content=\"@notmercedinas\" \/>\n<meta name=\"twitter:site\" content=\"@notmercedinas\" \/>\n<meta name=\"twitter:label1\" content=\"Escrito por\" \/>\n\t<meta name=\"twitter:data1\" content=\"Juan Dagnino NOTICIASMERCEDINAS.COM\" \/>\n\t<meta name=\"twitter:label2\" content=\"Tiempo de lectura\" \/>\n\t<meta name=\"twitter:data2\" content=\"2 minutos\" \/>\n<script type=\"application\/ld+json\" class=\"yoast-schema-graph\">{\"@context\":\"https:\\\/\\\/schema.org\",\"@graph\":[{\"@type\":\"Article\",\"@id\":\"https:\\\/\\\/noticiasmercedinas.com\\\/site\\\/2025\\\/06\\\/15\\\/el-basquet-blanquinegro-llega-a-la-cima\\\/#article\",\"isPartOf\":{\"@id\":\"https:\\\/\\\/noticiasmercedinas.com\\\/site\\\/2025\\\/06\\\/15\\\/el-basquet-blanquinegro-llega-a-la-cima\\\/\"},\"author\":{\"name\":\"Juan Dagnino NOTICIASMERCEDINAS.COM\",\"@id\":\"https:\\\/\\\/noticiasmercedinas.com\\\/site\\\/#\\\/schema\\\/person\\\/8f2f09d666ef40986eba4a5e6f2a06f9\"},\"headline\":\"El b\u00e1squet \u201cBlanquinegro\u201d llega a la cima\",\"datePublished\":\"2025-06-15T16:50:17+00:00\",\"mainEntityOfPage\":{\"@id\":\"https:\\\/\\\/noticiasmercedinas.com\\\/site\\\/2025\\\/06\\\/15\\\/el-basquet-blanquinegro-llega-a-la-cima\\\/\"},\"wordCount\":193,\"publisher\":{\"@id\":\"https:\\\/\\\/noticiasmercedinas.com\\\/site\\\/#organization\"},\"image\":{\"@id\":\"https:\\\/\\\/noticiasmercedinas.com\\\/site\\\/2025\\\/06\\\/15\\\/el-basquet-blanquinegro-llega-a-la-cima\\\/#primaryimage\"},\"thumbnailUrl\":\"https:\\\/\\\/noticiasmercedinas.com\\\/site\\\/wp-content\\\/uploads\\\/2025\\\/06\\\/00e73d2d-b7b9-4dc3-afe2-1cb28bc11590.jpeg\",\"keywords\":[\"amb\",\"asociacion mercedina de basquetbol\",\"club mercedes\",\"primera divisi\u00f3n\"],\"articleSection\":[\"Deportes\"],\"inLanguage\":\"es\"},{\"@type\":\"WebPage\",\"@id\":\"https:\\\/\\\/noticiasmercedinas.com\\\/site\\\/2025\\\/06\\\/15\\\/el-basquet-blanquinegro-llega-a-la-cima\\\/\",\"url\":\"https:\\\/\\\/noticiasmercedinas.com\\\/site\\\/2025\\\/06\\\/15\\\/el-basquet-blanquinegro-llega-a-la-cima\\\/\",\"name\":\"El b\u00e1squet \u201cBlanquinegro\u201d llega a la cima\",\"isPartOf\":{\"@id\":\"https:\\\/\\\/noticiasmercedinas.com\\\/site\\\/#website\"},\"primaryImageOfPage\":{\"@id\":\"https:\\\/\\\/noticiasmercedinas.com\\\/site\\\/2025\\\/06\\\/15\\\/el-basquet-blanquinegro-llega-a-la-cima\\\/#primaryimage\"},\"image\":{\"@id\":\"https:\\\/\\\/noticiasmercedinas.com\\\/site\\\/2025\\\/06\\\/15\\\/el-basquet-blanquinegro-llega-a-la-cima\\\/#primaryimage\"},\"thumbnailUrl\":\"https:\\\/\\\/noticiasmercedinas.com\\\/site\\\/wp-content\\\/uploads\\\/2025\\\/06\\\/00e73d2d-b7b9-4dc3-afe2-1cb28bc11590.jpeg\",\"datePublished\":\"2025-06-15T16:50:17+00:00\",\"breadcrumb\":{\"@id\":\"https:\\\/\\\/noticiasmercedinas.com\\\/site\\\/2025\\\/06\\\/15\\\/el-basquet-blanquinegro-llega-a-la-cima\\\/#breadcrumb\"},\"inLanguage\":\"es\",\"potentialAction\":[{\"@type\":\"ReadAction\",\"target\":[\"https:\\\/\\\/noticiasmercedinas.com\\\/site\\\/2025\\\/06\\\/15\\\/el-basquet-blanquinegro-llega-a-la-cima\\\/\"]}]},{\"@type\":\"ImageObject\",\"inLanguage\":\"es\",\"@id\":\"https:\\\/\\\/noticiasmercedinas.com\\\/site\\\/2025\\\/06\\\/15\\\/el-basquet-blanquinegro-llega-a-la-cima\\\/#primaryimage\",\"url\":\"https:\\\/\\\/noticiasmercedinas.com\\\/site\\\/wp-content\\\/uploads\\\/2025\\\/06\\\/00e73d2d-b7b9-4dc3-afe2-1cb28bc11590.jpeg\",\"contentUrl\":\"https:\\\/\\\/noticiasmercedinas.com\\\/site\\\/wp-content\\\/uploads\\\/2025\\\/06\\\/00e73d2d-b7b9-4dc3-afe2-1cb28bc11590.jpeg\",\"width\":640,\"height\":294},{\"@type\":\"BreadcrumbList\",\"@id\":\"https:\\\/\\\/noticiasmercedinas.com\\\/site\\\/2025\\\/06\\\/15\\\/el-basquet-blanquinegro-llega-a-la-cima\\\/#breadcrumb\",\"itemListElement\":[{\"@type\":\"ListItem\",\"position\":1,\"name\":\"Portada\",\"item\":\"https:\\\/\\\/noticiasmercedinas.com\\\/site\\\/\"},{\"@type\":\"ListItem\",\"position\":2,\"name\":\"El b\u00e1squet \u201cBlanquinegro\u201d llega a la cima\"}]},{\"@type\":\"WebSite\",\"@id\":\"https:\\\/\\\/noticiasmercedinas.com\\\/site\\\/#website\",\"url\":\"https:\\\/\\\/noticiasmercedinas.com\\\/site\\\/\",\"name\":\"NOTICIASMERCEDINAS.COM\",\"description\":\"Mercedes, Buenos Aires, Argentina\",\"publisher\":{\"@id\":\"https:\\\/\\\/noticiasmercedinas.com\\\/site\\\/#organization\"},\"potentialAction\":[{\"@type\":\"SearchAction\",\"target\":{\"@type\":\"EntryPoint\",\"urlTemplate\":\"https:\\\/\\\/noticiasmercedinas.com\\\/site\\\/?s={search_term_string}\"},\"query-input\":{\"@type\":\"PropertyValueSpecification\",\"valueRequired\":true,\"valueName\":\"search_term_string\"}}],\"inLanguage\":\"es\"},{\"@type\":\"Organization\",\"@id\":\"https:\\\/\\\/noticiasmercedinas.com\\\/site\\\/#organization\",\"name\":\"NOTICIASMERCEDINAS.COM\",\"url\":\"https:\\\/\\\/noticiasmercedinas.com\\\/site\\\/\",\"logo\":{\"@type\":\"ImageObject\",\"inLanguage\":\"es\",\"@id\":\"https:\\\/\\\/noticiasmercedinas.com\\\/site\\\/#\\\/schema\\\/logo\\\/image\\\/\",\"url\":\"https:\\\/\\\/noticiasmercedinas.com\\\/site\\\/wp-content\\\/uploads\\\/2020\\\/06\\\/LOGO-512.jpg\",\"contentUrl\":\"https:\\\/\\\/noticiasmercedinas.com\\\/site\\\/wp-content\\\/uploads\\\/2020\\\/06\\\/LOGO-512.jpg\",\"width\":512,\"height\":512,\"caption\":\"NOTICIASMERCEDINAS.COM\"},\"image\":{\"@id\":\"https:\\\/\\\/noticiasmercedinas.com\\\/site\\\/#\\\/schema\\\/logo\\\/image\\\/\"},\"sameAs\":[\"https:\\\/\\\/www.facebook.com\\\/noticiasmercedinas\\\/\",\"https:\\\/\\\/x.com\\\/notmercedinas\",\"https:\\\/\\\/www.instagram.com\\\/noticiasmercedinas\\\/\"]},{\"@type\":\"Person\",\"@id\":\"https:\\\/\\\/noticiasmercedinas.com\\\/site\\\/#\\\/schema\\\/person\\\/8f2f09d666ef40986eba4a5e6f2a06f9\",\"name\":\"Juan Dagnino NOTICIASMERCEDINAS.COM\",\"image\":{\"@type\":\"ImageObject\",\"inLanguage\":\"es\",\"@id\":\"https:\\\/\\\/secure.gravatar.com\\\/avatar\\\/fc7059a769f5a3cae65fadb228a3e4accf3a64b4b2305020d0a27e6d5333c91b?s=96&d=mm&r=g\",\"url\":\"https:\\\/\\\/secure.gravatar.com\\\/avatar\\\/fc7059a769f5a3cae65fadb228a3e4accf3a64b4b2305020d0a27e6d5333c91b?s=96&d=mm&r=g\",\"contentUrl\":\"https:\\\/\\\/secure.gravatar.com\\\/avatar\\\/fc7059a769f5a3cae65fadb228a3e4accf3a64b4b2305020d0a27e6d5333c91b?s=96&d=mm&r=g\",\"caption\":\"Juan Dagnino NOTICIASMERCEDINAS.COM\"},\"url\":\"https:\\\/\\\/noticiasmercedinas.com\\\/site\\\/author\\\/juandagnino\\\/\"}]}<\/script>\n<!-- \/ Yoast SEO plugin. -->","yoast_head_json":{"title":"El b\u00e1squet \u201cBlanquinegro\u201d llega a la cima","robots":{"index":"index","follow":"follow","max-snippet":"max-snippet:-1","max-image-preview":"max-image-preview:large","max-video-preview":"max-video-preview:-1"},"canonical":"https:\/\/noticiasmercedinas.com\/site\/2025\/06\/15\/el-basquet-blanquinegro-llega-a-la-cima\/","og_locale":"es_ES","og_type":"article","og_title":"El b\u00e1squet \u201cBlanquinegro\u201d llega a la cima","og_description":"\u25a0 Ganando por la octava fecha a Costa Brava alcanz\u00f3 a Tempestad en lo alto de la tabla de Primera por al AMB. Quedaron pendientes los cruces de U 15 y U 17. Se viene la \u00faltima fecha de la primera rueda.","og_url":"https:\/\/noticiasmercedinas.com\/site\/2025\/06\/15\/el-basquet-blanquinegro-llega-a-la-cima\/","og_site_name":"NOTICIASMERCEDINAS.COM","article_publisher":"https:\/\/www.facebook.com\/noticiasmercedinas\/","article_published_time":"2025-06-15T16:50:17+00:00","og_image":[{"width":640,"height":294,"url":"https:\/\/noticiasmercedinas.com\/site\/wp-content\/uploads\/2025\/06\/00e73d2d-b7b9-4dc3-afe2-1cb28bc11590.jpeg","type":"image\/jpeg"}],"author":"Juan Dagnino NOTICIASMERCEDINAS.COM","twitter_card":"summary_large_image","twitter_creator":"@notmercedinas","twitter_site":"@notmercedinas","twitter_misc":{"Escrito por":"Juan Dagnino NOTICIASMERCEDINAS.COM","Tiempo de lectura":"2 minutos"},"schema":{"@context":"https:\/\/schema.org","@graph":[{"@type":"Article","@id":"https:\/\/noticiasmercedinas.com\/site\/2025\/06\/15\/el-basquet-blanquinegro-llega-a-la-cima\/#article","isPartOf":{"@id":"https:\/\/noticiasmercedinas.com\/site\/2025\/06\/15\/el-basquet-blanquinegro-llega-a-la-cima\/"},"author":{"name":"Juan Dagnino NOTICIASMERCEDINAS.COM","@id":"https:\/\/noticiasmercedinas.com\/site\/#\/schema\/person\/8f2f09d666ef40986eba4a5e6f2a06f9"},"headline":"El b\u00e1squet \u201cBlanquinegro\u201d llega a la cima","datePublished":"2025-06-15T16:50:17+00:00","mainEntityOfPage":{"@id":"https:\/\/noticiasmercedinas.com\/site\/2025\/06\/15\/el-basquet-blanquinegro-llega-a-la-cima\/"},"wordCount":193,"publisher":{"@id":"https:\/\/noticiasmercedinas.com\/site\/#organization"},"image":{"@id":"https:\/\/noticiasmercedinas.com\/site\/2025\/06\/15\/el-basquet-blanquinegro-llega-a-la-cima\/#primaryimage"},"thumbnailUrl":"https:\/\/noticiasmercedinas.com\/site\/wp-content\/uploads\/2025\/06\/00e73d2d-b7b9-4dc3-afe2-1cb28bc11590.jpeg","keywords":["amb","asociacion mercedina de basquetbol","club mercedes","primera divisi\u00f3n"],"articleSection":["Deportes"],"inLanguage":"es"},{"@type":"WebPage","@id":"https:\/\/noticiasmercedinas.com\/site\/2025\/06\/15\/el-basquet-blanquinegro-llega-a-la-cima\/","url":"https:\/\/noticiasmercedinas.com\/site\/2025\/06\/15\/el-basquet-blanquinegro-llega-a-la-cima\/","name":"El b\u00e1squet \u201cBlanquinegro\u201d llega a la cima","isPartOf":{"@id":"https:\/\/noticiasmercedinas.com\/site\/#website"},"primaryImageOfPage":{"@id":"https:\/\/noticiasmercedinas.com\/site\/2025\/06\/15\/el-basquet-blanquinegro-llega-a-la-cima\/#primaryimage"},"image":{"@id":"https:\/\/noticiasmercedinas.com\/site\/2025\/06\/15\/el-basquet-blanquinegro-llega-a-la-cima\/#primaryimage"},"thumbnailUrl":"https:\/\/noticiasmercedinas.com\/site\/wp-content\/uploads\/2025\/06\/00e73d2d-b7b9-4dc3-afe2-1cb28bc11590.jpeg","datePublished":"2025-06-15T16:50:17+00:00","breadcrumb":{"@id":"https:\/\/noticiasmercedinas.com\/site\/2025\/06\/15\/el-basquet-blanquinegro-llega-a-la-cima\/#breadcrumb"},"inLanguage":"es","potentialAction":[{"@type":"ReadAction","target":["https:\/\/noticiasmercedinas.com\/site\/2025\/06\/15\/el-basquet-blanquinegro-llega-a-la-cima\/"]}]},{"@type":"ImageObject","inLanguage":"es","@id":"https:\/\/noticiasmercedinas.com\/site\/2025\/06\/15\/el-basquet-blanquinegro-llega-a-la-cima\/#primaryimage","url":"https:\/\/noticiasmercedinas.com\/site\/wp-content\/uploads\/2025\/06\/00e73d2d-b7b9-4dc3-afe2-1cb28bc11590.jpeg","contentUrl":"https:\/\/noticiasmercedinas.com\/site\/wp-content\/uploads\/2025\/06\/00e73d2d-b7b9-4dc3-afe2-1cb28bc11590.jpeg","width":640,"height":294},{"@type":"BreadcrumbList","@id":"https:\/\/noticiasmercedinas.com\/site\/2025\/06\/15\/el-basquet-blanquinegro-llega-a-la-cima\/#breadcrumb","itemListElement":[{"@type":"ListItem","position":1,"name":"Portada","item":"https:\/\/noticiasmercedinas.com\/site\/"},{"@type":"ListItem","position":2,"name":"El b\u00e1squet \u201cBlanquinegro\u201d llega a la cima"}]},{"@type":"WebSite","@id":"https:\/\/noticiasmercedinas.com\/site\/#website","url":"https:\/\/noticiasmercedinas.com\/site\/","name":"NOTICIASMERCEDINAS.COM","description":"Mercedes, Buenos Aires, Argentina","publisher":{"@id":"https:\/\/noticiasmercedinas.com\/site\/#organization"},"potentialAction":[{"@type":"SearchAction","target":{"@type":"EntryPoint","urlTemplate":"https:\/\/noticiasmercedinas.com\/site\/?s={search_term_string}"},"query-input":{"@type":"PropertyValueSpecification","valueRequired":true,"valueName":"search_term_string"}}],"inLanguage":"es"},{"@type":"Organization","@id":"https:\/\/noticiasmercedinas.com\/site\/#organization","name":"NOTICIASMERCEDINAS.COM","url":"https:\/\/noticiasmercedinas.com\/site\/","logo":{"@type":"ImageObject","inLanguage":"es","@id":"https:\/\/noticiasmercedinas.com\/site\/#\/schema\/logo\/image\/","url":"https:\/\/noticiasmercedinas.com\/site\/wp-content\/uploads\/2020\/06\/LOGO-512.jpg","contentUrl":"https:\/\/noticiasmercedinas.com\/site\/wp-content\/uploads\/2020\/06\/LOGO-512.jpg","width":512,"height":512,"caption":"NOTICIASMERCEDINAS.COM"},"image":{"@id":"https:\/\/noticiasmercedinas.com\/site\/#\/schema\/logo\/image\/"},"sameAs":["https:\/\/www.facebook.com\/noticiasmercedinas\/","https:\/\/x.com\/notmercedinas","https:\/\/www.instagram.com\/noticiasmercedinas\/"]},{"@type":"Person","@id":"https:\/\/noticiasmercedinas.com\/site\/#\/schema\/person\/8f2f09d666ef40986eba4a5e6f2a06f9","name":"Juan Dagnino NOTICIASMERCEDINAS.COM","image":{"@type":"ImageObject","inLanguage":"es","@id":"https:\/\/secure.gravatar.com\/avatar\/fc7059a769f5a3cae65fadb228a3e4accf3a64b4b2305020d0a27e6d5333c91b?s=96&d=mm&r=g","url":"https:\/\/secure.gravatar.com\/avatar\/fc7059a769f5a3cae65fadb228a3e4accf3a64b4b2305020d0a27e6d5333c91b?s=96&d=mm&r=g","contentUrl":"https:\/\/secure.gravatar.com\/avatar\/fc7059a769f5a3cae65fadb228a3e4accf3a64b4b2305020d0a27e6d5333c91b?s=96&d=mm&r=g","caption":"Juan Dagnino NOTICIASMERCEDINAS.COM"},"url":"https:\/\/noticiasmercedinas.com\/site\/author\/juandagnino\/"}]}},"amp_enabled":true,"_links":{"self":[{"href":"https:\/\/noticiasmercedinas.com\/site\/wp-json\/wp\/v2\/posts\/161716","targetHints":{"allow":["GET"]}}],"collection":[{"href":"https:\/\/noticiasmercedinas.com\/site\/wp-json\/wp\/v2\/posts"}],"about":[{"href":"https:\/\/noticiasmercedinas.com\/site\/wp-json\/wp\/v2\/types\/post"}],"author":[{"embeddable":true,"href":"https:\/\/noticiasmercedinas.com\/site\/wp-json\/wp\/v2\/users\/6"}],"replies":[{"embeddable":true,"href":"https:\/\/noticiasmercedinas.com\/site\/wp-json\/wp\/v2\/comments?post=161716"}],"version-history":[{"count":1,"href":"https:\/\/noticiasmercedinas.com\/site\/wp-json\/wp\/v2\/posts\/161716\/revisions"}],"predecessor-version":[{"id":161718,"href":"https:\/\/noticiasmercedinas.com\/site\/wp-json\/wp\/v2\/posts\/161716\/revisions\/161718"}],"wp:featuredmedia":[{"embeddable":true,"href":"https:\/\/noticiasmercedinas.com\/site\/wp-json\/wp\/v2\/media\/161717"}],"wp:attachment":[{"href":"https:\/\/noticiasmercedinas.com\/site\/wp-json\/wp\/v2\/media?parent=161716"}],"wp:term":[{"taxonomy":"category","embeddable":true,"href":"https:\/\/noticiasmercedinas.com\/site\/wp-json\/wp\/v2\/categories?post=161716"},{"taxonomy":"post_tag","embeddable":true,"href":"https:\/\/noticiasmercedinas.com\/site\/wp-json\/wp\/v2\/tags?post=161716"}],"curies":[{"name":"wp","href":"https:\/\/api.w.org\/{rel}","templated":true}]}}