{"id":161779,"date":"2025-06-16T11:51:58","date_gmt":"2025-06-16T14:51:58","guid":{"rendered":"https:\/\/noticiasmercedinas.com\/site\/?p=161779"},"modified":"2025-06-16T11:51:58","modified_gmt":"2025-06-16T14:51:58","slug":"rafael-velasquez-fue-designado-como-nuevo-jefe-de-anses-en-mercedes","status":"publish","type":"post","link":"https:\/\/noticiasmercedinas.com\/site\/2025\/06\/16\/rafael-velasquez-fue-designado-como-nuevo-jefe-de-anses-en-mercedes\/","title":{"rendered":"Rafael Vel\u00e1squez fue designado como nuevo jefe de ANSES en Mercedes"},"content":{"rendered":"<p data-start=\"221\" data-end=\"518\"><img loading=\"lazy\" decoding=\"async\" class=\"alignnone size-full wp-image-125506\" src=\"https:\/\/noticiasmercedinas.com\/site\/wp-content\/uploads\/2023\/10\/velasquez1.jpg\" alt=\"\" width=\"640\" height=\"413\" srcset=\"https:\/\/noticiasmercedinas.com\/site\/wp-content\/uploads\/2023\/10\/velasquez1.jpg 640w, https:\/\/noticiasmercedinas.com\/site\/wp-content\/uploads\/2023\/10\/velasquez1-300x194.jpg 300w, https:\/\/noticiasmercedinas.com\/site\/wp-content\/uploads\/2023\/10\/velasquez1-600x388.jpg 600w\" sizes=\"auto, (max-width: 640px) 100vw, 640px\" \/><\/p>\n<p data-start=\"221\" data-end=\"518\">La Administraci\u00f3n Nacional de la Seguridad Social (ANSES) design\u00f3 formalmente a <strong data-start=\"301\" data-end=\"321\">Rafael Vel\u00e1squez<\/strong> como nuevo <strong data-start=\"333\" data-end=\"373\">jefe de la oficina de ANSES Mercedes<\/strong>, cargo que ocupar\u00e1 \u201ctransitoriamente y sin estabilidad\u201d, seg\u00fan establece la resoluci\u00f3n RESOL-2025-241-ANSES-ANSES fechada el 6 de junio de 2025.<\/p>\n<p data-start=\"520\" data-end=\"965\">El nombramiento, rubricado por el director ejecutivo del organismo, forma parte de una reorganizaci\u00f3n interna tras la reciente cesant\u00eda de quien ocupaba ese puesto, el concejal de La Libertad Avanza <strong data-start=\"719\" data-end=\"741\">Mauricio Pollacchi<\/strong>.<\/p>\n<p data-start=\"520\" data-end=\"965\">En ese contexto, Vel\u00e1squez \u2014quien fuera candidato a intendente por esa misma fuerza pol\u00edtica en las elecciones de 2023\u2014 asume una funci\u00f3n clave en el organismo, en medio de una fuerte interna dentro del espacio libertario.<\/p>\n<p data-start=\"967\" data-end=\"1104\">Seg\u00fan se inform\u00f3, <strong data-start=\"985\" data-end=\"1050\">esta semana se llevar\u00e1 a cabo un acto oficial de nombramiento<\/strong>, con la presencia de autoridades nacionales de ANSES.<\/p>\n<p data-start=\"1106\" data-end=\"1330\">Vel\u00e1squez depender\u00e1 jer\u00e1rquicamente de la <strong data-start=\"1148\" data-end=\"1183\">Jefatura Regional Bonaerense IV<\/strong>, bajo la \u00f3rbita de la Direcci\u00f3n General de Prestaciones Descentralizadas, perteneciente a la Subdirecci\u00f3n Ejecutiva de Prestaciones del organismo.<\/p>\n<p data-start=\"1332\" data-end=\"1600\">La resoluci\u00f3n oficial aclara que su designaci\u00f3n se produce \u201cen raz\u00f3n de la operatividad del organismo\u201d y en el marco de lo que permite el art\u00edculo 3\u00b0 del Decreto 2741\/91, que faculta a la m\u00e1xima autoridad de ANSES a realizar este tipo de nombramientos administrativos.<\/p>\n","protected":false},"excerpt":{"rendered":"<p>\u25a0 Quien fuera candidato a intendente por esa misma fuerza pol\u00edtica asume una funci\u00f3n clave en el organismo, en medio de una fuerte interna dentro del espacio libertario. Esta semana habr\u00eda un acto con presencia de autoridades.<\/p>\n","protected":false},"author":16,"featured_media":125506,"comment_status":"closed","ping_status":"closed","sticky":false,"template":"","format":"standard","meta":{"footnotes":""},"categories":[16],"tags":[626,15388,16099],"class_list":["post-161779","post","type-post","status-publish","format-standard","has-post-thumbnail","hentry","category-politica","tag-anses","tag-la-libertad-avanza","tag-rafael-velasquez"],"yoast_head":"<!-- This site is optimized with the Yoast SEO plugin v27.4 - https:\/\/yoast.com\/product\/yoast-seo-wordpress\/ -->\n<title>Rafael Vel\u00e1squez fue designado como nuevo jefe de ANSES en Mercedes<\/title>\n<meta name=\"description\" content=\"Quien fuera candidato a intendente por esa misma fuerza pol\u00edtica asume una funci\u00f3n clave en el organismo, en medio de una fuerte interna dentro del espacio libertario. Esta semana habr\u00eda un acto con presencia de autoridades.\" \/>\n<meta name=\"robots\" content=\"index, follow, max-snippet:-1, max-image-preview:large, max-video-preview:-1\" \/>\n<link rel=\"canonical\" href=\"https:\/\/noticiasmercedinas.com\/site\/2025\/06\/16\/rafael-velasquez-fue-designado-como-nuevo-jefe-de-anses-en-mercedes\/\" \/>\n<meta property=\"og:locale\" content=\"es_ES\" \/>\n<meta property=\"og:type\" content=\"article\" \/>\n<meta property=\"og:title\" content=\"Rafael Vel\u00e1squez fue designado como nuevo jefe de ANSES en Mercedes\" \/>\n<meta property=\"og:description\" content=\"Quien fuera candidato a intendente por esa misma fuerza pol\u00edtica asume una funci\u00f3n clave en el organismo, en medio de una fuerte interna dentro del espacio libertario. Esta semana habr\u00eda un acto con presencia de autoridades.\" \/>\n<meta property=\"og:url\" content=\"https:\/\/noticiasmercedinas.com\/site\/2025\/06\/16\/rafael-velasquez-fue-designado-como-nuevo-jefe-de-anses-en-mercedes\/\" \/>\n<meta property=\"og:site_name\" content=\"NOTICIASMERCEDINAS.COM\" \/>\n<meta property=\"article:publisher\" content=\"https:\/\/www.facebook.com\/noticiasmercedinas\/\" \/>\n<meta property=\"article:published_time\" content=\"2025-06-16T14:51:58+00:00\" \/>\n<meta property=\"og:image\" content=\"https:\/\/noticiasmercedinas.com\/site\/wp-content\/uploads\/2023\/10\/velasquez1.jpg\" \/>\n\t<meta property=\"og:image:width\" content=\"640\" \/>\n\t<meta property=\"og:image:height\" content=\"413\" \/>\n\t<meta property=\"og:image:type\" content=\"image\/jpeg\" \/>\n<meta name=\"author\" content=\"NOTICIASMERCEDINAS.COM\" \/>\n<meta name=\"twitter:card\" content=\"summary_large_image\" \/>\n<meta name=\"twitter:creator\" content=\"@notmercedinas\" \/>\n<meta name=\"twitter:site\" content=\"@notmercedinas\" \/>\n<meta name=\"twitter:label1\" content=\"Escrito por\" \/>\n\t<meta name=\"twitter:data1\" content=\"NOTICIASMERCEDINAS.COM\" \/>\n\t<meta name=\"twitter:label2\" content=\"Tiempo de lectura\" \/>\n\t<meta name=\"twitter:data2\" content=\"2 minutos\" \/>\n<script type=\"application\/ld+json\" class=\"yoast-schema-graph\">{\"@context\":\"https:\\\/\\\/schema.org\",\"@graph\":[{\"@type\":\"Article\",\"@id\":\"https:\\\/\\\/noticiasmercedinas.com\\\/site\\\/2025\\\/06\\\/16\\\/rafael-velasquez-fue-designado-como-nuevo-jefe-de-anses-en-mercedes\\\/#article\",\"isPartOf\":{\"@id\":\"https:\\\/\\\/noticiasmercedinas.com\\\/site\\\/2025\\\/06\\\/16\\\/rafael-velasquez-fue-designado-como-nuevo-jefe-de-anses-en-mercedes\\\/\"},\"author\":{\"name\":\"NOTICIASMERCEDINAS.COM\",\"@id\":\"https:\\\/\\\/noticiasmercedinas.com\\\/site\\\/#\\\/schema\\\/person\\\/84b59c099c28ff2e8b77d4ceec5d8063\"},\"headline\":\"Rafael Vel\u00e1squez fue designado como nuevo jefe de ANSES en Mercedes\",\"datePublished\":\"2025-06-16T14:51:58+00:00\",\"mainEntityOfPage\":{\"@id\":\"https:\\\/\\\/noticiasmercedinas.com\\\/site\\\/2025\\\/06\\\/16\\\/rafael-velasquez-fue-designado-como-nuevo-jefe-de-anses-en-mercedes\\\/\"},\"wordCount\":232,\"publisher\":{\"@id\":\"https:\\\/\\\/noticiasmercedinas.com\\\/site\\\/#organization\"},\"image\":{\"@id\":\"https:\\\/\\\/noticiasmercedinas.com\\\/site\\\/2025\\\/06\\\/16\\\/rafael-velasquez-fue-designado-como-nuevo-jefe-de-anses-en-mercedes\\\/#primaryimage\"},\"thumbnailUrl\":\"https:\\\/\\\/noticiasmercedinas.com\\\/site\\\/wp-content\\\/uploads\\\/2023\\\/10\\\/velasquez1.jpg\",\"keywords\":[\"anses\",\"la libertad avanza\",\"Rafael Velasquez\"],\"articleSection\":[\"Politica\"],\"inLanguage\":\"es\"},{\"@type\":\"WebPage\",\"@id\":\"https:\\\/\\\/noticiasmercedinas.com\\\/site\\\/2025\\\/06\\\/16\\\/rafael-velasquez-fue-designado-como-nuevo-jefe-de-anses-en-mercedes\\\/\",\"url\":\"https:\\\/\\\/noticiasmercedinas.com\\\/site\\\/2025\\\/06\\\/16\\\/rafael-velasquez-fue-designado-como-nuevo-jefe-de-anses-en-mercedes\\\/\",\"name\":\"Rafael Vel\u00e1squez fue designado como nuevo jefe de ANSES en Mercedes\",\"isPartOf\":{\"@id\":\"https:\\\/\\\/noticiasmercedinas.com\\\/site\\\/#website\"},\"primaryImageOfPage\":{\"@id\":\"https:\\\/\\\/noticiasmercedinas.com\\\/site\\\/2025\\\/06\\\/16\\\/rafael-velasquez-fue-designado-como-nuevo-jefe-de-anses-en-mercedes\\\/#primaryimage\"},\"image\":{\"@id\":\"https:\\\/\\\/noticiasmercedinas.com\\\/site\\\/2025\\\/06\\\/16\\\/rafael-velasquez-fue-designado-como-nuevo-jefe-de-anses-en-mercedes\\\/#primaryimage\"},\"thumbnailUrl\":\"https:\\\/\\\/noticiasmercedinas.com\\\/site\\\/wp-content\\\/uploads\\\/2023\\\/10\\\/velasquez1.jpg\",\"datePublished\":\"2025-06-16T14:51:58+00:00\",\"description\":\"Quien fuera candidato a intendente por esa misma fuerza pol\u00edtica asume una funci\u00f3n clave en el organismo, en medio de una fuerte interna dentro del espacio libertario. Esta semana habr\u00eda un acto con presencia de autoridades.\",\"breadcrumb\":{\"@id\":\"https:\\\/\\\/noticiasmercedinas.com\\\/site\\\/2025\\\/06\\\/16\\\/rafael-velasquez-fue-designado-como-nuevo-jefe-de-anses-en-mercedes\\\/#breadcrumb\"},\"inLanguage\":\"es\",\"potentialAction\":[{\"@type\":\"ReadAction\",\"target\":[\"https:\\\/\\\/noticiasmercedinas.com\\\/site\\\/2025\\\/06\\\/16\\\/rafael-velasquez-fue-designado-como-nuevo-jefe-de-anses-en-mercedes\\\/\"]}]},{\"@type\":\"ImageObject\",\"inLanguage\":\"es\",\"@id\":\"https:\\\/\\\/noticiasmercedinas.com\\\/site\\\/2025\\\/06\\\/16\\\/rafael-velasquez-fue-designado-como-nuevo-jefe-de-anses-en-mercedes\\\/#primaryimage\",\"url\":\"https:\\\/\\\/noticiasmercedinas.com\\\/site\\\/wp-content\\\/uploads\\\/2023\\\/10\\\/velasquez1.jpg\",\"contentUrl\":\"https:\\\/\\\/noticiasmercedinas.com\\\/site\\\/wp-content\\\/uploads\\\/2023\\\/10\\\/velasquez1.jpg\",\"width\":640,\"height\":413},{\"@type\":\"BreadcrumbList\",\"@id\":\"https:\\\/\\\/noticiasmercedinas.com\\\/site\\\/2025\\\/06\\\/16\\\/rafael-velasquez-fue-designado-como-nuevo-jefe-de-anses-en-mercedes\\\/#breadcrumb\",\"itemListElement\":[{\"@type\":\"ListItem\",\"position\":1,\"name\":\"Portada\",\"item\":\"https:\\\/\\\/noticiasmercedinas.com\\\/site\\\/\"},{\"@type\":\"ListItem\",\"position\":2,\"name\":\"Rafael Vel\u00e1squez fue designado como nuevo jefe de ANSES en Mercedes\"}]},{\"@type\":\"WebSite\",\"@id\":\"https:\\\/\\\/noticiasmercedinas.com\\\/site\\\/#website\",\"url\":\"https:\\\/\\\/noticiasmercedinas.com\\\/site\\\/\",\"name\":\"NOTICIASMERCEDINAS.COM\",\"description\":\"Mercedes, Buenos Aires, Argentina\",\"publisher\":{\"@id\":\"https:\\\/\\\/noticiasmercedinas.com\\\/site\\\/#organization\"},\"potentialAction\":[{\"@type\":\"SearchAction\",\"target\":{\"@type\":\"EntryPoint\",\"urlTemplate\":\"https:\\\/\\\/noticiasmercedinas.com\\\/site\\\/?s={search_term_string}\"},\"query-input\":{\"@type\":\"PropertyValueSpecification\",\"valueRequired\":true,\"valueName\":\"search_term_string\"}}],\"inLanguage\":\"es\"},{\"@type\":\"Organization\",\"@id\":\"https:\\\/\\\/noticiasmercedinas.com\\\/site\\\/#organization\",\"name\":\"NOTICIASMERCEDINAS.COM\",\"url\":\"https:\\\/\\\/noticiasmercedinas.com\\\/site\\\/\",\"logo\":{\"@type\":\"ImageObject\",\"inLanguage\":\"es\",\"@id\":\"https:\\\/\\\/noticiasmercedinas.com\\\/site\\\/#\\\/schema\\\/logo\\\/image\\\/\",\"url\":\"https:\\\/\\\/noticiasmercedinas.com\\\/site\\\/wp-content\\\/uploads\\\/2020\\\/06\\\/LOGO-512.jpg\",\"contentUrl\":\"https:\\\/\\\/noticiasmercedinas.com\\\/site\\\/wp-content\\\/uploads\\\/2020\\\/06\\\/LOGO-512.jpg\",\"width\":512,\"height\":512,\"caption\":\"NOTICIASMERCEDINAS.COM\"},\"image\":{\"@id\":\"https:\\\/\\\/noticiasmercedinas.com\\\/site\\\/#\\\/schema\\\/logo\\\/image\\\/\"},\"sameAs\":[\"https:\\\/\\\/www.facebook.com\\\/noticiasmercedinas\\\/\",\"https:\\\/\\\/x.com\\\/notmercedinas\",\"https:\\\/\\\/www.instagram.com\\\/noticiasmercedinas\\\/\"]},{\"@type\":\"Person\",\"@id\":\"https:\\\/\\\/noticiasmercedinas.com\\\/site\\\/#\\\/schema\\\/person\\\/84b59c099c28ff2e8b77d4ceec5d8063\",\"name\":\"NOTICIASMERCEDINAS.COM\",\"image\":{\"@type\":\"ImageObject\",\"inLanguage\":\"es\",\"@id\":\"https:\\\/\\\/secure.gravatar.com\\\/avatar\\\/4dfbf16b4d17945bfb6341b2d19043457132fcf478a5ee04f42e959fd8f5df0a?s=96&d=mm&r=g\",\"url\":\"https:\\\/\\\/secure.gravatar.com\\\/avatar\\\/4dfbf16b4d17945bfb6341b2d19043457132fcf478a5ee04f42e959fd8f5df0a?s=96&d=mm&r=g\",\"contentUrl\":\"https:\\\/\\\/secure.gravatar.com\\\/avatar\\\/4dfbf16b4d17945bfb6341b2d19043457132fcf478a5ee04f42e959fd8f5df0a?s=96&d=mm&r=g\",\"caption\":\"NOTICIASMERCEDINAS.COM\"},\"url\":\"https:\\\/\\\/noticiasmercedinas.com\\\/site\\\/author\\\/anonimo\\\/\"}]}<\/script>\n<!-- \/ Yoast SEO plugin. -->","yoast_head_json":{"title":"Rafael Vel\u00e1squez fue designado como nuevo jefe de ANSES en Mercedes","description":"Quien fuera candidato a intendente por esa misma fuerza pol\u00edtica asume una funci\u00f3n clave en el organismo, en medio de una fuerte interna dentro del espacio libertario. Esta semana habr\u00eda un acto con presencia de autoridades.","robots":{"index":"index","follow":"follow","max-snippet":"max-snippet:-1","max-image-preview":"max-image-preview:large","max-video-preview":"max-video-preview:-1"},"canonical":"https:\/\/noticiasmercedinas.com\/site\/2025\/06\/16\/rafael-velasquez-fue-designado-como-nuevo-jefe-de-anses-en-mercedes\/","og_locale":"es_ES","og_type":"article","og_title":"Rafael Vel\u00e1squez fue designado como nuevo jefe de ANSES en Mercedes","og_description":"Quien fuera candidato a intendente por esa misma fuerza pol\u00edtica asume una funci\u00f3n clave en el organismo, en medio de una fuerte interna dentro del espacio libertario. Esta semana habr\u00eda un acto con presencia de autoridades.","og_url":"https:\/\/noticiasmercedinas.com\/site\/2025\/06\/16\/rafael-velasquez-fue-designado-como-nuevo-jefe-de-anses-en-mercedes\/","og_site_name":"NOTICIASMERCEDINAS.COM","article_publisher":"https:\/\/www.facebook.com\/noticiasmercedinas\/","article_published_time":"2025-06-16T14:51:58+00:00","og_image":[{"width":640,"height":413,"url":"https:\/\/noticiasmercedinas.com\/site\/wp-content\/uploads\/2023\/10\/velasquez1.jpg","type":"image\/jpeg"}],"author":"NOTICIASMERCEDINAS.COM","twitter_card":"summary_large_image","twitter_creator":"@notmercedinas","twitter_site":"@notmercedinas","twitter_misc":{"Escrito por":"NOTICIASMERCEDINAS.COM","Tiempo de lectura":"2 minutos"},"schema":{"@context":"https:\/\/schema.org","@graph":[{"@type":"Article","@id":"https:\/\/noticiasmercedinas.com\/site\/2025\/06\/16\/rafael-velasquez-fue-designado-como-nuevo-jefe-de-anses-en-mercedes\/#article","isPartOf":{"@id":"https:\/\/noticiasmercedinas.com\/site\/2025\/06\/16\/rafael-velasquez-fue-designado-como-nuevo-jefe-de-anses-en-mercedes\/"},"author":{"name":"NOTICIASMERCEDINAS.COM","@id":"https:\/\/noticiasmercedinas.com\/site\/#\/schema\/person\/84b59c099c28ff2e8b77d4ceec5d8063"},"headline":"Rafael Vel\u00e1squez fue designado como nuevo jefe de ANSES en Mercedes","datePublished":"2025-06-16T14:51:58+00:00","mainEntityOfPage":{"@id":"https:\/\/noticiasmercedinas.com\/site\/2025\/06\/16\/rafael-velasquez-fue-designado-como-nuevo-jefe-de-anses-en-mercedes\/"},"wordCount":232,"publisher":{"@id":"https:\/\/noticiasmercedinas.com\/site\/#organization"},"image":{"@id":"https:\/\/noticiasmercedinas.com\/site\/2025\/06\/16\/rafael-velasquez-fue-designado-como-nuevo-jefe-de-anses-en-mercedes\/#primaryimage"},"thumbnailUrl":"https:\/\/noticiasmercedinas.com\/site\/wp-content\/uploads\/2023\/10\/velasquez1.jpg","keywords":["anses","la libertad avanza","Rafael Velasquez"],"articleSection":["Politica"],"inLanguage":"es"},{"@type":"WebPage","@id":"https:\/\/noticiasmercedinas.com\/site\/2025\/06\/16\/rafael-velasquez-fue-designado-como-nuevo-jefe-de-anses-en-mercedes\/","url":"https:\/\/noticiasmercedinas.com\/site\/2025\/06\/16\/rafael-velasquez-fue-designado-como-nuevo-jefe-de-anses-en-mercedes\/","name":"Rafael Vel\u00e1squez fue designado como nuevo jefe de ANSES en Mercedes","isPartOf":{"@id":"https:\/\/noticiasmercedinas.com\/site\/#website"},"primaryImageOfPage":{"@id":"https:\/\/noticiasmercedinas.com\/site\/2025\/06\/16\/rafael-velasquez-fue-designado-como-nuevo-jefe-de-anses-en-mercedes\/#primaryimage"},"image":{"@id":"https:\/\/noticiasmercedinas.com\/site\/2025\/06\/16\/rafael-velasquez-fue-designado-como-nuevo-jefe-de-anses-en-mercedes\/#primaryimage"},"thumbnailUrl":"https:\/\/noticiasmercedinas.com\/site\/wp-content\/uploads\/2023\/10\/velasquez1.jpg","datePublished":"2025-06-16T14:51:58+00:00","description":"Quien fuera candidato a intendente por esa misma fuerza pol\u00edtica asume una funci\u00f3n clave en el organismo, en medio de una fuerte interna dentro del espacio libertario. Esta semana habr\u00eda un acto con presencia de autoridades.","breadcrumb":{"@id":"https:\/\/noticiasmercedinas.com\/site\/2025\/06\/16\/rafael-velasquez-fue-designado-como-nuevo-jefe-de-anses-en-mercedes\/#breadcrumb"},"inLanguage":"es","potentialAction":[{"@type":"ReadAction","target":["https:\/\/noticiasmercedinas.com\/site\/2025\/06\/16\/rafael-velasquez-fue-designado-como-nuevo-jefe-de-anses-en-mercedes\/"]}]},{"@type":"ImageObject","inLanguage":"es","@id":"https:\/\/noticiasmercedinas.com\/site\/2025\/06\/16\/rafael-velasquez-fue-designado-como-nuevo-jefe-de-anses-en-mercedes\/#primaryimage","url":"https:\/\/noticiasmercedinas.com\/site\/wp-content\/uploads\/2023\/10\/velasquez1.jpg","contentUrl":"https:\/\/noticiasmercedinas.com\/site\/wp-content\/uploads\/2023\/10\/velasquez1.jpg","width":640,"height":413},{"@type":"BreadcrumbList","@id":"https:\/\/noticiasmercedinas.com\/site\/2025\/06\/16\/rafael-velasquez-fue-designado-como-nuevo-jefe-de-anses-en-mercedes\/#breadcrumb","itemListElement":[{"@type":"ListItem","position":1,"name":"Portada","item":"https:\/\/noticiasmercedinas.com\/site\/"},{"@type":"ListItem","position":2,"name":"Rafael Vel\u00e1squez fue designado como nuevo jefe de ANSES en Mercedes"}]},{"@type":"WebSite","@id":"https:\/\/noticiasmercedinas.com\/site\/#website","url":"https:\/\/noticiasmercedinas.com\/site\/","name":"NOTICIASMERCEDINAS.COM","description":"Mercedes, Buenos Aires, Argentina","publisher":{"@id":"https:\/\/noticiasmercedinas.com\/site\/#organization"},"potentialAction":[{"@type":"SearchAction","target":{"@type":"EntryPoint","urlTemplate":"https:\/\/noticiasmercedinas.com\/site\/?s={search_term_string}"},"query-input":{"@type":"PropertyValueSpecification","valueRequired":true,"valueName":"search_term_string"}}],"inLanguage":"es"},{"@type":"Organization","@id":"https:\/\/noticiasmercedinas.com\/site\/#organization","name":"NOTICIASMERCEDINAS.COM","url":"https:\/\/noticiasmercedinas.com\/site\/","logo":{"@type":"ImageObject","inLanguage":"es","@id":"https:\/\/noticiasmercedinas.com\/site\/#\/schema\/logo\/image\/","url":"https:\/\/noticiasmercedinas.com\/site\/wp-content\/uploads\/2020\/06\/LOGO-512.jpg","contentUrl":"https:\/\/noticiasmercedinas.com\/site\/wp-content\/uploads\/2020\/06\/LOGO-512.jpg","width":512,"height":512,"caption":"NOTICIASMERCEDINAS.COM"},"image":{"@id":"https:\/\/noticiasmercedinas.com\/site\/#\/schema\/logo\/image\/"},"sameAs":["https:\/\/www.facebook.com\/noticiasmercedinas\/","https:\/\/x.com\/notmercedinas","https:\/\/www.instagram.com\/noticiasmercedinas\/"]},{"@type":"Person","@id":"https:\/\/noticiasmercedinas.com\/site\/#\/schema\/person\/84b59c099c28ff2e8b77d4ceec5d8063","name":"NOTICIASMERCEDINAS.COM","image":{"@type":"ImageObject","inLanguage":"es","@id":"https:\/\/secure.gravatar.com\/avatar\/4dfbf16b4d17945bfb6341b2d19043457132fcf478a5ee04f42e959fd8f5df0a?s=96&d=mm&r=g","url":"https:\/\/secure.gravatar.com\/avatar\/4dfbf16b4d17945bfb6341b2d19043457132fcf478a5ee04f42e959fd8f5df0a?s=96&d=mm&r=g","contentUrl":"https:\/\/secure.gravatar.com\/avatar\/4dfbf16b4d17945bfb6341b2d19043457132fcf478a5ee04f42e959fd8f5df0a?s=96&d=mm&r=g","caption":"NOTICIASMERCEDINAS.COM"},"url":"https:\/\/noticiasmercedinas.com\/site\/author\/anonimo\/"}]}},"amp_enabled":true,"_links":{"self":[{"href":"https:\/\/noticiasmercedinas.com\/site\/wp-json\/wp\/v2\/posts\/161779","targetHints":{"allow":["GET"]}}],"collection":[{"href":"https:\/\/noticiasmercedinas.com\/site\/wp-json\/wp\/v2\/posts"}],"about":[{"href":"https:\/\/noticiasmercedinas.com\/site\/wp-json\/wp\/v2\/types\/post"}],"author":[{"embeddable":true,"href":"https:\/\/noticiasmercedinas.com\/site\/wp-json\/wp\/v2\/users\/16"}],"replies":[{"embeddable":true,"href":"https:\/\/noticiasmercedinas.com\/site\/wp-json\/wp\/v2\/comments?post=161779"}],"version-history":[{"count":1,"href":"https:\/\/noticiasmercedinas.com\/site\/wp-json\/wp\/v2\/posts\/161779\/revisions"}],"predecessor-version":[{"id":161780,"href":"https:\/\/noticiasmercedinas.com\/site\/wp-json\/wp\/v2\/posts\/161779\/revisions\/161780"}],"wp:featuredmedia":[{"embeddable":true,"href":"https:\/\/noticiasmercedinas.com\/site\/wp-json\/wp\/v2\/media\/125506"}],"wp:attachment":[{"href":"https:\/\/noticiasmercedinas.com\/site\/wp-json\/wp\/v2\/media?parent=161779"}],"wp:term":[{"taxonomy":"category","embeddable":true,"href":"https:\/\/noticiasmercedinas.com\/site\/wp-json\/wp\/v2\/categories?post=161779"},{"taxonomy":"post_tag","embeddable":true,"href":"https:\/\/noticiasmercedinas.com\/site\/wp-json\/wp\/v2\/tags?post=161779"}],"curies":[{"name":"wp","href":"https:\/\/api.w.org\/{rel}","templated":true}]}}