{"id":161786,"date":"2025-06-16T17:20:00","date_gmt":"2025-06-16T20:20:00","guid":{"rendered":"https:\/\/noticiasmercedinas.com\/site\/?p=161786"},"modified":"2025-06-16T18:23:26","modified_gmt":"2025-06-16T21:23:26","slug":"el-centro-radical-1983-se-pronuncio-sobre-la-condena-a-cristina-fernandez-de-kirchner","status":"publish","type":"post","link":"https:\/\/noticiasmercedinas.com\/site\/2025\/06\/16\/el-centro-radical-1983-se-pronuncio-sobre-la-condena-a-cristina-fernandez-de-kirchner\/","title":{"rendered":"El Centro Radical 1983 se pronunci\u00f3 sobre la condena a Cristina Fern\u00e1ndez de Kirchner"},"content":{"rendered":"<p><img loading=\"lazy\" decoding=\"async\" class=\"alignnone size-full wp-image-98176\" src=\"https:\/\/noticiasmercedinas.com\/site\/wp-content\/uploads\/2022\/08\/Cristina-Kirchner-Apertura-Sesiones-Ordinarias-2021.jpeg\" alt=\"\" width=\"1200\" height=\"800\" srcset=\"https:\/\/noticiasmercedinas.com\/site\/wp-content\/uploads\/2022\/08\/Cristina-Kirchner-Apertura-Sesiones-Ordinarias-2021.jpeg 1200w, https:\/\/noticiasmercedinas.com\/site\/wp-content\/uploads\/2022\/08\/Cristina-Kirchner-Apertura-Sesiones-Ordinarias-2021-300x200.jpeg 300w, https:\/\/noticiasmercedinas.com\/site\/wp-content\/uploads\/2022\/08\/Cristina-Kirchner-Apertura-Sesiones-Ordinarias-2021-1024x683.jpeg 1024w, https:\/\/noticiasmercedinas.com\/site\/wp-content\/uploads\/2022\/08\/Cristina-Kirchner-Apertura-Sesiones-Ordinarias-2021-768x512.jpeg 768w, https:\/\/noticiasmercedinas.com\/site\/wp-content\/uploads\/2022\/08\/Cristina-Kirchner-Apertura-Sesiones-Ordinarias-2021-640x427.jpeg 640w, https:\/\/noticiasmercedinas.com\/site\/wp-content\/uploads\/2022\/08\/Cristina-Kirchner-Apertura-Sesiones-Ordinarias-2021-681x454.jpeg 681w\" sizes=\"auto, (max-width: 1200px) 100vw, 1200px\" \/><\/p>\n<p>Desde el Centro Radical 1983 difundieron un comunicado en el que expresaron su parecer tras la ratificaci\u00f3n de la condena a la expresidenta Cristina Fern\u00e1ndez de Kirchner por parte de la Corte Suprema de Justicia. Se\u00f1alaron que el fallo representa un \u201cextra que emana del deber institucional\u201d y que otorga \u201cesperanzas a millones de argentinos\u201d en una Justicia honrada e imparcial.<\/p>\n<p>\u201cLa condena de CFK fue ratificada por la Suprema Corte de Justicia. Es fundamental hacer esta precisi\u00f3n\u201d, afirmaron, remarcando que la sentencia hab\u00eda sido confirmada en segunda instancia y que el m\u00e1ximo tribunal intervino para evaluar \u201cla constitucionalidad del proceso, la veracidad de los hechos y su culpabilidad\u201d. Seg\u00fan el texto, su calidad de imputada \u201cya estaba decidida y probada por las instancias correspondientes por jueces que, con total independencia, as\u00ed lo consideraron\u201d.<\/p>\n<blockquote><p>Radicales remarcaron que su calidad de imputada \u201cya estaba decidida y probada por las instancias correspondientes por jueces que, con total independencia, as\u00ed lo consideraron\u201d<\/p><\/blockquote>\n<p>Desde el Centro Radical consideraron que tener una expresidenta condenada y presa es un hecho \u201cvergonzoso y triste\u201d, aunque reconocen que \u201cdespu\u00e9s de tantos a\u00f1os se hizo justicia\u201d. Criticaron a Fern\u00e1ndez de Kirchner por \u201cser incapaz de reconocer lo sucedido\u201d y, en cambio, \u201credoblar la apuesta\u201d, llamando a la movilizaci\u00f3n \u201ccon un discurso totalmente falaz en todos sus conceptos, abonando a\u00fan m\u00e1s la grieta\u201d.<\/p>\n<p>Aseguraron que \u201cno existe cepo al voto\u201d, que la exmandataria \u201cno est\u00e1 proscripta\u201d y que no puede ser candidata \u201cporque est\u00e1 condenada por corrupci\u00f3n\u201d. Recordaron que fue denunciada en 2008 y que \u201creci\u00e9n 17 a\u00f1os despu\u00e9s la condena est\u00e1 firme\u201d, restando solamente el decomiso de los bienes. \u201cDemasiada agua pas\u00f3 bajo el puente como para que juegue la carta de v\u00edctima. Las v\u00edctimas somos todos los argentinos que padecemos las consecuencias de un pa\u00eds saqueado por la ambici\u00f3n sin l\u00edmites de un matrimonio y sus secuaces\u201d, afirmaron.<\/p>\n<p>En el comunicado tambi\u00e9n reivindican a \u201cdirigentes pol\u00edticos, periodistas y organizaciones sociales que con valent\u00eda denunciaron e investigaron\u201d y concluyen instando a que \u201cla Justicia avance en TODOS los casos de corrupci\u00f3n, tanto contra el poder pol\u00edtico, independientemente del partido, como contra el poder econ\u00f3mico que atente contra los intereses de la Rep\u00fablica\u201d.<\/p>\n<p>El texto est\u00e1 encabezado por una cita de Leandro N. Alem: \u201cEl deber no se cumple sino haciendo algo m\u00e1s de lo que el deber manda\u201d.<\/p>\n","protected":false},"excerpt":{"rendered":"<p>\u25a0 Aseguraron que \u201cno existe cepo al voto\u201d, que la exmandataria \u201cno est\u00e1 proscripta\u201d y que no puede ser candidata \u201cporque est\u00e1 condenada por corrupci\u00f3n\u201d.<\/p>\n","protected":false},"author":16,"featured_media":98176,"comment_status":"closed","ping_status":"closed","sticky":false,"template":"","format":"standard","meta":{"footnotes":""},"categories":[16],"tags":[20254,5425,1002],"class_list":["post-161786","post","type-post","status-publish","format-standard","has-post-thumbnail","hentry","category-politica","tag-centro-radical-1983","tag-cristina-fernandez-de-kirchner","tag-ucr"],"yoast_head":"<!-- This site is optimized with the Yoast SEO plugin v27.5 - https:\/\/yoast.com\/product\/yoast-seo-wordpress\/ -->\n<title>El Centro Radical 1983 se pronunci\u00f3 sobre la condena a Cristina Fern\u00e1ndez de Kirchner<\/title>\n<meta name=\"description\" content=\"Aseguraron que \u201cno existe cepo al voto\u201d, que la exmandataria \u201cno est\u00e1 proscripta\u201d y que no puede ser candidata \u201cporque est\u00e1 condenada por corrupci\u00f3n\u201d.\" \/>\n<meta name=\"robots\" content=\"index, follow, max-snippet:-1, max-image-preview:large, max-video-preview:-1\" \/>\n<link rel=\"canonical\" href=\"https:\/\/noticiasmercedinas.com\/site\/2025\/06\/16\/el-centro-radical-1983-se-pronuncio-sobre-la-condena-a-cristina-fernandez-de-kirchner\/\" \/>\n<meta property=\"og:locale\" content=\"es_ES\" \/>\n<meta property=\"og:type\" content=\"article\" \/>\n<meta property=\"og:title\" content=\"El Centro Radical 1983 se pronunci\u00f3 sobre la condena a Cristina Fern\u00e1ndez de Kirchner\" \/>\n<meta property=\"og:description\" content=\"Aseguraron que \u201cno existe cepo al voto\u201d, que la exmandataria \u201cno est\u00e1 proscripta\u201d y que no puede ser candidata \u201cporque est\u00e1 condenada por corrupci\u00f3n\u201d.\" \/>\n<meta property=\"og:url\" content=\"https:\/\/noticiasmercedinas.com\/site\/2025\/06\/16\/el-centro-radical-1983-se-pronuncio-sobre-la-condena-a-cristina-fernandez-de-kirchner\/\" \/>\n<meta property=\"og:site_name\" content=\"NOTICIASMERCEDINAS.COM\" \/>\n<meta property=\"article:publisher\" content=\"https:\/\/www.facebook.com\/noticiasmercedinas\/\" \/>\n<meta property=\"article:published_time\" content=\"2025-06-16T20:20:00+00:00\" \/>\n<meta property=\"article:modified_time\" content=\"2025-06-16T21:23:26+00:00\" \/>\n<meta property=\"og:image\" content=\"https:\/\/noticiasmercedinas.com\/site\/wp-content\/uploads\/2022\/08\/Cristina-Kirchner-Apertura-Sesiones-Ordinarias-2021.jpeg\" \/>\n\t<meta property=\"og:image:width\" content=\"1200\" \/>\n\t<meta property=\"og:image:height\" content=\"800\" \/>\n\t<meta property=\"og:image:type\" content=\"image\/jpeg\" \/>\n<meta name=\"author\" content=\"NOTICIASMERCEDINAS.COM\" \/>\n<meta name=\"twitter:card\" content=\"summary_large_image\" \/>\n<meta name=\"twitter:creator\" content=\"@notmercedinas\" \/>\n<meta name=\"twitter:site\" content=\"@notmercedinas\" \/>\n<meta name=\"twitter:label1\" content=\"Escrito por\" \/>\n\t<meta name=\"twitter:data1\" content=\"NOTICIASMERCEDINAS.COM\" \/>\n\t<meta name=\"twitter:label2\" content=\"Tiempo de lectura\" \/>\n\t<meta name=\"twitter:data2\" content=\"3 minutos\" \/>\n<script type=\"application\/ld+json\" class=\"yoast-schema-graph\">{\"@context\":\"https:\\\/\\\/schema.org\",\"@graph\":[{\"@type\":\"Article\",\"@id\":\"https:\\\/\\\/noticiasmercedinas.com\\\/site\\\/2025\\\/06\\\/16\\\/el-centro-radical-1983-se-pronuncio-sobre-la-condena-a-cristina-fernandez-de-kirchner\\\/#article\",\"isPartOf\":{\"@id\":\"https:\\\/\\\/noticiasmercedinas.com\\\/site\\\/2025\\\/06\\\/16\\\/el-centro-radical-1983-se-pronuncio-sobre-la-condena-a-cristina-fernandez-de-kirchner\\\/\"},\"author\":{\"name\":\"NOTICIASMERCEDINAS.COM\",\"@id\":\"https:\\\/\\\/noticiasmercedinas.com\\\/site\\\/#\\\/schema\\\/person\\\/84b59c099c28ff2e8b77d4ceec5d8063\"},\"headline\":\"El Centro Radical 1983 se pronunci\u00f3 sobre la condena a Cristina Fern\u00e1ndez de Kirchner\",\"datePublished\":\"2025-06-16T20:20:00+00:00\",\"dateModified\":\"2025-06-16T21:23:26+00:00\",\"mainEntityOfPage\":{\"@id\":\"https:\\\/\\\/noticiasmercedinas.com\\\/site\\\/2025\\\/06\\\/16\\\/el-centro-radical-1983-se-pronuncio-sobre-la-condena-a-cristina-fernandez-de-kirchner\\\/\"},\"wordCount\":430,\"publisher\":{\"@id\":\"https:\\\/\\\/noticiasmercedinas.com\\\/site\\\/#organization\"},\"image\":{\"@id\":\"https:\\\/\\\/noticiasmercedinas.com\\\/site\\\/2025\\\/06\\\/16\\\/el-centro-radical-1983-se-pronuncio-sobre-la-condena-a-cristina-fernandez-de-kirchner\\\/#primaryimage\"},\"thumbnailUrl\":\"https:\\\/\\\/noticiasmercedinas.com\\\/site\\\/wp-content\\\/uploads\\\/2022\\\/08\\\/Cristina-Kirchner-Apertura-Sesiones-Ordinarias-2021.jpeg\",\"keywords\":[\"centro radical 1983\",\"Cristina Fern\u00e1ndez de Kirchner\",\"Ucr\"],\"articleSection\":[\"Politica\"],\"inLanguage\":\"es\"},{\"@type\":\"WebPage\",\"@id\":\"https:\\\/\\\/noticiasmercedinas.com\\\/site\\\/2025\\\/06\\\/16\\\/el-centro-radical-1983-se-pronuncio-sobre-la-condena-a-cristina-fernandez-de-kirchner\\\/\",\"url\":\"https:\\\/\\\/noticiasmercedinas.com\\\/site\\\/2025\\\/06\\\/16\\\/el-centro-radical-1983-se-pronuncio-sobre-la-condena-a-cristina-fernandez-de-kirchner\\\/\",\"name\":\"El Centro Radical 1983 se pronunci\u00f3 sobre la condena a Cristina Fern\u00e1ndez de Kirchner\",\"isPartOf\":{\"@id\":\"https:\\\/\\\/noticiasmercedinas.com\\\/site\\\/#website\"},\"primaryImageOfPage\":{\"@id\":\"https:\\\/\\\/noticiasmercedinas.com\\\/site\\\/2025\\\/06\\\/16\\\/el-centro-radical-1983-se-pronuncio-sobre-la-condena-a-cristina-fernandez-de-kirchner\\\/#primaryimage\"},\"image\":{\"@id\":\"https:\\\/\\\/noticiasmercedinas.com\\\/site\\\/2025\\\/06\\\/16\\\/el-centro-radical-1983-se-pronuncio-sobre-la-condena-a-cristina-fernandez-de-kirchner\\\/#primaryimage\"},\"thumbnailUrl\":\"https:\\\/\\\/noticiasmercedinas.com\\\/site\\\/wp-content\\\/uploads\\\/2022\\\/08\\\/Cristina-Kirchner-Apertura-Sesiones-Ordinarias-2021.jpeg\",\"datePublished\":\"2025-06-16T20:20:00+00:00\",\"dateModified\":\"2025-06-16T21:23:26+00:00\",\"description\":\"Aseguraron que \u201cno existe cepo al voto\u201d, que la exmandataria \u201cno est\u00e1 proscripta\u201d y que no puede ser candidata \u201cporque est\u00e1 condenada por corrupci\u00f3n\u201d.\",\"breadcrumb\":{\"@id\":\"https:\\\/\\\/noticiasmercedinas.com\\\/site\\\/2025\\\/06\\\/16\\\/el-centro-radical-1983-se-pronuncio-sobre-la-condena-a-cristina-fernandez-de-kirchner\\\/#breadcrumb\"},\"inLanguage\":\"es\",\"potentialAction\":[{\"@type\":\"ReadAction\",\"target\":[\"https:\\\/\\\/noticiasmercedinas.com\\\/site\\\/2025\\\/06\\\/16\\\/el-centro-radical-1983-se-pronuncio-sobre-la-condena-a-cristina-fernandez-de-kirchner\\\/\"]}]},{\"@type\":\"ImageObject\",\"inLanguage\":\"es\",\"@id\":\"https:\\\/\\\/noticiasmercedinas.com\\\/site\\\/2025\\\/06\\\/16\\\/el-centro-radical-1983-se-pronuncio-sobre-la-condena-a-cristina-fernandez-de-kirchner\\\/#primaryimage\",\"url\":\"https:\\\/\\\/noticiasmercedinas.com\\\/site\\\/wp-content\\\/uploads\\\/2022\\\/08\\\/Cristina-Kirchner-Apertura-Sesiones-Ordinarias-2021.jpeg\",\"contentUrl\":\"https:\\\/\\\/noticiasmercedinas.com\\\/site\\\/wp-content\\\/uploads\\\/2022\\\/08\\\/Cristina-Kirchner-Apertura-Sesiones-Ordinarias-2021.jpeg\",\"width\":1200,\"height\":800},{\"@type\":\"BreadcrumbList\",\"@id\":\"https:\\\/\\\/noticiasmercedinas.com\\\/site\\\/2025\\\/06\\\/16\\\/el-centro-radical-1983-se-pronuncio-sobre-la-condena-a-cristina-fernandez-de-kirchner\\\/#breadcrumb\",\"itemListElement\":[{\"@type\":\"ListItem\",\"position\":1,\"name\":\"Portada\",\"item\":\"https:\\\/\\\/noticiasmercedinas.com\\\/site\\\/\"},{\"@type\":\"ListItem\",\"position\":2,\"name\":\"El Centro Radical 1983 se pronunci\u00f3 sobre la condena a Cristina Fern\u00e1ndez de Kirchner\"}]},{\"@type\":\"WebSite\",\"@id\":\"https:\\\/\\\/noticiasmercedinas.com\\\/site\\\/#website\",\"url\":\"https:\\\/\\\/noticiasmercedinas.com\\\/site\\\/\",\"name\":\"NOTICIASMERCEDINAS.COM\",\"description\":\"Mercedes, Buenos Aires, Argentina\",\"publisher\":{\"@id\":\"https:\\\/\\\/noticiasmercedinas.com\\\/site\\\/#organization\"},\"potentialAction\":[{\"@type\":\"SearchAction\",\"target\":{\"@type\":\"EntryPoint\",\"urlTemplate\":\"https:\\\/\\\/noticiasmercedinas.com\\\/site\\\/?s={search_term_string}\"},\"query-input\":{\"@type\":\"PropertyValueSpecification\",\"valueRequired\":true,\"valueName\":\"search_term_string\"}}],\"inLanguage\":\"es\"},{\"@type\":\"Organization\",\"@id\":\"https:\\\/\\\/noticiasmercedinas.com\\\/site\\\/#organization\",\"name\":\"NOTICIASMERCEDINAS.COM\",\"url\":\"https:\\\/\\\/noticiasmercedinas.com\\\/site\\\/\",\"logo\":{\"@type\":\"ImageObject\",\"inLanguage\":\"es\",\"@id\":\"https:\\\/\\\/noticiasmercedinas.com\\\/site\\\/#\\\/schema\\\/logo\\\/image\\\/\",\"url\":\"https:\\\/\\\/noticiasmercedinas.com\\\/site\\\/wp-content\\\/uploads\\\/2020\\\/06\\\/LOGO-512.jpg\",\"contentUrl\":\"https:\\\/\\\/noticiasmercedinas.com\\\/site\\\/wp-content\\\/uploads\\\/2020\\\/06\\\/LOGO-512.jpg\",\"width\":512,\"height\":512,\"caption\":\"NOTICIASMERCEDINAS.COM\"},\"image\":{\"@id\":\"https:\\\/\\\/noticiasmercedinas.com\\\/site\\\/#\\\/schema\\\/logo\\\/image\\\/\"},\"sameAs\":[\"https:\\\/\\\/www.facebook.com\\\/noticiasmercedinas\\\/\",\"https:\\\/\\\/x.com\\\/notmercedinas\",\"https:\\\/\\\/www.instagram.com\\\/noticiasmercedinas\\\/\"]},{\"@type\":\"Person\",\"@id\":\"https:\\\/\\\/noticiasmercedinas.com\\\/site\\\/#\\\/schema\\\/person\\\/84b59c099c28ff2e8b77d4ceec5d8063\",\"name\":\"NOTICIASMERCEDINAS.COM\",\"image\":{\"@type\":\"ImageObject\",\"inLanguage\":\"es\",\"@id\":\"https:\\\/\\\/secure.gravatar.com\\\/avatar\\\/4dfbf16b4d17945bfb6341b2d19043457132fcf478a5ee04f42e959fd8f5df0a?s=96&d=mm&r=g\",\"url\":\"https:\\\/\\\/secure.gravatar.com\\\/avatar\\\/4dfbf16b4d17945bfb6341b2d19043457132fcf478a5ee04f42e959fd8f5df0a?s=96&d=mm&r=g\",\"contentUrl\":\"https:\\\/\\\/secure.gravatar.com\\\/avatar\\\/4dfbf16b4d17945bfb6341b2d19043457132fcf478a5ee04f42e959fd8f5df0a?s=96&d=mm&r=g\",\"caption\":\"NOTICIASMERCEDINAS.COM\"},\"url\":\"https:\\\/\\\/noticiasmercedinas.com\\\/site\\\/author\\\/anonimo\\\/\"}]}<\/script>\n<!-- \/ Yoast SEO plugin. -->","yoast_head_json":{"title":"El Centro Radical 1983 se pronunci\u00f3 sobre la condena a Cristina Fern\u00e1ndez de Kirchner","description":"Aseguraron que \u201cno existe cepo al voto\u201d, que la exmandataria \u201cno est\u00e1 proscripta\u201d y que no puede ser candidata \u201cporque est\u00e1 condenada por corrupci\u00f3n\u201d.","robots":{"index":"index","follow":"follow","max-snippet":"max-snippet:-1","max-image-preview":"max-image-preview:large","max-video-preview":"max-video-preview:-1"},"canonical":"https:\/\/noticiasmercedinas.com\/site\/2025\/06\/16\/el-centro-radical-1983-se-pronuncio-sobre-la-condena-a-cristina-fernandez-de-kirchner\/","og_locale":"es_ES","og_type":"article","og_title":"El Centro Radical 1983 se pronunci\u00f3 sobre la condena a Cristina Fern\u00e1ndez de Kirchner","og_description":"Aseguraron que \u201cno existe cepo al voto\u201d, que la exmandataria \u201cno est\u00e1 proscripta\u201d y que no puede ser candidata \u201cporque est\u00e1 condenada por corrupci\u00f3n\u201d.","og_url":"https:\/\/noticiasmercedinas.com\/site\/2025\/06\/16\/el-centro-radical-1983-se-pronuncio-sobre-la-condena-a-cristina-fernandez-de-kirchner\/","og_site_name":"NOTICIASMERCEDINAS.COM","article_publisher":"https:\/\/www.facebook.com\/noticiasmercedinas\/","article_published_time":"2025-06-16T20:20:00+00:00","article_modified_time":"2025-06-16T21:23:26+00:00","og_image":[{"width":1200,"height":800,"url":"https:\/\/noticiasmercedinas.com\/site\/wp-content\/uploads\/2022\/08\/Cristina-Kirchner-Apertura-Sesiones-Ordinarias-2021.jpeg","type":"image\/jpeg"}],"author":"NOTICIASMERCEDINAS.COM","twitter_card":"summary_large_image","twitter_creator":"@notmercedinas","twitter_site":"@notmercedinas","twitter_misc":{"Escrito por":"NOTICIASMERCEDINAS.COM","Tiempo de lectura":"3 minutos"},"schema":{"@context":"https:\/\/schema.org","@graph":[{"@type":"Article","@id":"https:\/\/noticiasmercedinas.com\/site\/2025\/06\/16\/el-centro-radical-1983-se-pronuncio-sobre-la-condena-a-cristina-fernandez-de-kirchner\/#article","isPartOf":{"@id":"https:\/\/noticiasmercedinas.com\/site\/2025\/06\/16\/el-centro-radical-1983-se-pronuncio-sobre-la-condena-a-cristina-fernandez-de-kirchner\/"},"author":{"name":"NOTICIASMERCEDINAS.COM","@id":"https:\/\/noticiasmercedinas.com\/site\/#\/schema\/person\/84b59c099c28ff2e8b77d4ceec5d8063"},"headline":"El Centro Radical 1983 se pronunci\u00f3 sobre la condena a Cristina Fern\u00e1ndez de Kirchner","datePublished":"2025-06-16T20:20:00+00:00","dateModified":"2025-06-16T21:23:26+00:00","mainEntityOfPage":{"@id":"https:\/\/noticiasmercedinas.com\/site\/2025\/06\/16\/el-centro-radical-1983-se-pronuncio-sobre-la-condena-a-cristina-fernandez-de-kirchner\/"},"wordCount":430,"publisher":{"@id":"https:\/\/noticiasmercedinas.com\/site\/#organization"},"image":{"@id":"https:\/\/noticiasmercedinas.com\/site\/2025\/06\/16\/el-centro-radical-1983-se-pronuncio-sobre-la-condena-a-cristina-fernandez-de-kirchner\/#primaryimage"},"thumbnailUrl":"https:\/\/noticiasmercedinas.com\/site\/wp-content\/uploads\/2022\/08\/Cristina-Kirchner-Apertura-Sesiones-Ordinarias-2021.jpeg","keywords":["centro radical 1983","Cristina Fern\u00e1ndez de Kirchner","Ucr"],"articleSection":["Politica"],"inLanguage":"es"},{"@type":"WebPage","@id":"https:\/\/noticiasmercedinas.com\/site\/2025\/06\/16\/el-centro-radical-1983-se-pronuncio-sobre-la-condena-a-cristina-fernandez-de-kirchner\/","url":"https:\/\/noticiasmercedinas.com\/site\/2025\/06\/16\/el-centro-radical-1983-se-pronuncio-sobre-la-condena-a-cristina-fernandez-de-kirchner\/","name":"El Centro Radical 1983 se pronunci\u00f3 sobre la condena a Cristina Fern\u00e1ndez de Kirchner","isPartOf":{"@id":"https:\/\/noticiasmercedinas.com\/site\/#website"},"primaryImageOfPage":{"@id":"https:\/\/noticiasmercedinas.com\/site\/2025\/06\/16\/el-centro-radical-1983-se-pronuncio-sobre-la-condena-a-cristina-fernandez-de-kirchner\/#primaryimage"},"image":{"@id":"https:\/\/noticiasmercedinas.com\/site\/2025\/06\/16\/el-centro-radical-1983-se-pronuncio-sobre-la-condena-a-cristina-fernandez-de-kirchner\/#primaryimage"},"thumbnailUrl":"https:\/\/noticiasmercedinas.com\/site\/wp-content\/uploads\/2022\/08\/Cristina-Kirchner-Apertura-Sesiones-Ordinarias-2021.jpeg","datePublished":"2025-06-16T20:20:00+00:00","dateModified":"2025-06-16T21:23:26+00:00","description":"Aseguraron que \u201cno existe cepo al voto\u201d, que la exmandataria \u201cno est\u00e1 proscripta\u201d y que no puede ser candidata \u201cporque est\u00e1 condenada por corrupci\u00f3n\u201d.","breadcrumb":{"@id":"https:\/\/noticiasmercedinas.com\/site\/2025\/06\/16\/el-centro-radical-1983-se-pronuncio-sobre-la-condena-a-cristina-fernandez-de-kirchner\/#breadcrumb"},"inLanguage":"es","potentialAction":[{"@type":"ReadAction","target":["https:\/\/noticiasmercedinas.com\/site\/2025\/06\/16\/el-centro-radical-1983-se-pronuncio-sobre-la-condena-a-cristina-fernandez-de-kirchner\/"]}]},{"@type":"ImageObject","inLanguage":"es","@id":"https:\/\/noticiasmercedinas.com\/site\/2025\/06\/16\/el-centro-radical-1983-se-pronuncio-sobre-la-condena-a-cristina-fernandez-de-kirchner\/#primaryimage","url":"https:\/\/noticiasmercedinas.com\/site\/wp-content\/uploads\/2022\/08\/Cristina-Kirchner-Apertura-Sesiones-Ordinarias-2021.jpeg","contentUrl":"https:\/\/noticiasmercedinas.com\/site\/wp-content\/uploads\/2022\/08\/Cristina-Kirchner-Apertura-Sesiones-Ordinarias-2021.jpeg","width":1200,"height":800},{"@type":"BreadcrumbList","@id":"https:\/\/noticiasmercedinas.com\/site\/2025\/06\/16\/el-centro-radical-1983-se-pronuncio-sobre-la-condena-a-cristina-fernandez-de-kirchner\/#breadcrumb","itemListElement":[{"@type":"ListItem","position":1,"name":"Portada","item":"https:\/\/noticiasmercedinas.com\/site\/"},{"@type":"ListItem","position":2,"name":"El Centro Radical 1983 se pronunci\u00f3 sobre la condena a Cristina Fern\u00e1ndez de Kirchner"}]},{"@type":"WebSite","@id":"https:\/\/noticiasmercedinas.com\/site\/#website","url":"https:\/\/noticiasmercedinas.com\/site\/","name":"NOTICIASMERCEDINAS.COM","description":"Mercedes, Buenos Aires, Argentina","publisher":{"@id":"https:\/\/noticiasmercedinas.com\/site\/#organization"},"potentialAction":[{"@type":"SearchAction","target":{"@type":"EntryPoint","urlTemplate":"https:\/\/noticiasmercedinas.com\/site\/?s={search_term_string}"},"query-input":{"@type":"PropertyValueSpecification","valueRequired":true,"valueName":"search_term_string"}}],"inLanguage":"es"},{"@type":"Organization","@id":"https:\/\/noticiasmercedinas.com\/site\/#organization","name":"NOTICIASMERCEDINAS.COM","url":"https:\/\/noticiasmercedinas.com\/site\/","logo":{"@type":"ImageObject","inLanguage":"es","@id":"https:\/\/noticiasmercedinas.com\/site\/#\/schema\/logo\/image\/","url":"https:\/\/noticiasmercedinas.com\/site\/wp-content\/uploads\/2020\/06\/LOGO-512.jpg","contentUrl":"https:\/\/noticiasmercedinas.com\/site\/wp-content\/uploads\/2020\/06\/LOGO-512.jpg","width":512,"height":512,"caption":"NOTICIASMERCEDINAS.COM"},"image":{"@id":"https:\/\/noticiasmercedinas.com\/site\/#\/schema\/logo\/image\/"},"sameAs":["https:\/\/www.facebook.com\/noticiasmercedinas\/","https:\/\/x.com\/notmercedinas","https:\/\/www.instagram.com\/noticiasmercedinas\/"]},{"@type":"Person","@id":"https:\/\/noticiasmercedinas.com\/site\/#\/schema\/person\/84b59c099c28ff2e8b77d4ceec5d8063","name":"NOTICIASMERCEDINAS.COM","image":{"@type":"ImageObject","inLanguage":"es","@id":"https:\/\/secure.gravatar.com\/avatar\/4dfbf16b4d17945bfb6341b2d19043457132fcf478a5ee04f42e959fd8f5df0a?s=96&d=mm&r=g","url":"https:\/\/secure.gravatar.com\/avatar\/4dfbf16b4d17945bfb6341b2d19043457132fcf478a5ee04f42e959fd8f5df0a?s=96&d=mm&r=g","contentUrl":"https:\/\/secure.gravatar.com\/avatar\/4dfbf16b4d17945bfb6341b2d19043457132fcf478a5ee04f42e959fd8f5df0a?s=96&d=mm&r=g","caption":"NOTICIASMERCEDINAS.COM"},"url":"https:\/\/noticiasmercedinas.com\/site\/author\/anonimo\/"}]}},"amp_enabled":true,"_links":{"self":[{"href":"https:\/\/noticiasmercedinas.com\/site\/wp-json\/wp\/v2\/posts\/161786","targetHints":{"allow":["GET"]}}],"collection":[{"href":"https:\/\/noticiasmercedinas.com\/site\/wp-json\/wp\/v2\/posts"}],"about":[{"href":"https:\/\/noticiasmercedinas.com\/site\/wp-json\/wp\/v2\/types\/post"}],"author":[{"embeddable":true,"href":"https:\/\/noticiasmercedinas.com\/site\/wp-json\/wp\/v2\/users\/16"}],"replies":[{"embeddable":true,"href":"https:\/\/noticiasmercedinas.com\/site\/wp-json\/wp\/v2\/comments?post=161786"}],"version-history":[{"count":3,"href":"https:\/\/noticiasmercedinas.com\/site\/wp-json\/wp\/v2\/posts\/161786\/revisions"}],"predecessor-version":[{"id":161796,"href":"https:\/\/noticiasmercedinas.com\/site\/wp-json\/wp\/v2\/posts\/161786\/revisions\/161796"}],"wp:featuredmedia":[{"embeddable":true,"href":"https:\/\/noticiasmercedinas.com\/site\/wp-json\/wp\/v2\/media\/98176"}],"wp:attachment":[{"href":"https:\/\/noticiasmercedinas.com\/site\/wp-json\/wp\/v2\/media?parent=161786"}],"wp:term":[{"taxonomy":"category","embeddable":true,"href":"https:\/\/noticiasmercedinas.com\/site\/wp-json\/wp\/v2\/categories?post=161786"},{"taxonomy":"post_tag","embeddable":true,"href":"https:\/\/noticiasmercedinas.com\/site\/wp-json\/wp\/v2\/tags?post=161786"}],"curies":[{"name":"wp","href":"https:\/\/api.w.org\/{rel}","templated":true}]}}