{"id":161854,"date":"2025-06-17T16:54:31","date_gmt":"2025-06-17T19:54:31","guid":{"rendered":"https:\/\/noticiasmercedinas.com\/site\/?p=161854"},"modified":"2025-06-17T16:54:31","modified_gmt":"2025-06-17T19:54:31","slug":"el-hospital-dubarry-inicio-una-capacitacion-sobre-diabetes-para-personal-de-enfermeria","status":"publish","type":"post","link":"https:\/\/noticiasmercedinas.com\/site\/2025\/06\/17\/el-hospital-dubarry-inicio-una-capacitacion-sobre-diabetes-para-personal-de-enfermeria\/","title":{"rendered":"El Hospital Dubarry inici\u00f3 una capacitaci\u00f3n sobre Diabetes para personal de Enfermer\u00eda"},"content":{"rendered":"<p><img loading=\"lazy\" decoding=\"async\" class=\"alignnone wp-image-161855 size-full\" src=\"https:\/\/noticiasmercedinas.com\/site\/wp-content\/uploads\/2025\/06\/WhatsApp-Image-2025-06-17-at-2.42.49-PM-e1750190010387.jpeg\" alt=\"\" width=\"867\" height=\"623\" srcset=\"https:\/\/noticiasmercedinas.com\/site\/wp-content\/uploads\/2025\/06\/WhatsApp-Image-2025-06-17-at-2.42.49-PM-e1750190010387.jpeg 867w, https:\/\/noticiasmercedinas.com\/site\/wp-content\/uploads\/2025\/06\/WhatsApp-Image-2025-06-17-at-2.42.49-PM-e1750190010387-300x216.jpeg 300w, https:\/\/noticiasmercedinas.com\/site\/wp-content\/uploads\/2025\/06\/WhatsApp-Image-2025-06-17-at-2.42.49-PM-e1750190010387-768x552.jpeg 768w, https:\/\/noticiasmercedinas.com\/site\/wp-content\/uploads\/2025\/06\/WhatsApp-Image-2025-06-17-at-2.42.49-PM-e1750190010387-640x460.jpeg 640w, https:\/\/noticiasmercedinas.com\/site\/wp-content\/uploads\/2025\/06\/WhatsApp-Image-2025-06-17-at-2.42.49-PM-e1750190010387-681x489.jpeg 681w\" sizes=\"auto, (max-width: 867px) 100vw, 867px\" \/><\/p>\n<p>Este lunes comenz\u00f3 en el Hospital Blas L. Dubarry un curso de capacitaci\u00f3n y entrenamiento destinado al personal de Enfermer\u00eda, con eje en la atenci\u00f3n integral de pacientes con Diabetes. Forma parte de un proceso de formaci\u00f3n continua y compromiso con la mejora del sistema de salud p\u00fablica local.<\/p>\n<p>La actividad, que se enmarca en una serie de modificaciones en el modelo de atenci\u00f3n del hospital, cuenta con la participaci\u00f3n de la Dra. Dicatarina Victoria, especialista en Pie Diab\u00e9tico, quien brinda su experiencia y conocimientos al equipo de salud.<\/p>\n<blockquote><p>La actividad, que se enmarca en una serie de modificaciones en el modelo de atenci\u00f3n del hospital, cuenta con la participaci\u00f3n de la Dra. Dicatarina Victoria<\/p><\/blockquote>\n<p>En el primer m\u00f3dulo de la capacitaci\u00f3n se abordaron temas fundamentales para el tratamiento de la enfermedad, como la insulinizaci\u00f3n y tipos de insulina, los controles y correcciones, y el manejo espec\u00edfico del pie diab\u00e9tico.<\/p>\n<p>Desde el hospital destacaron que esta iniciativa representa un paso importante hacia una atenci\u00f3n m\u00e1s especializada y de calidad para los pacientes, reafirmando el compromiso institucional con la formaci\u00f3n del personal y la mejora continua en el cuidado de la salud.<\/p>\n","protected":false},"excerpt":{"rendered":"<p>Este lunes comenz\u00f3 en el Hospital Blas L. Dubarry un curso de capacitaci\u00f3n y entrenamiento destinado al personal de Enfermer\u00eda, con eje en la atenci\u00f3n integral de pacientes con Diabetes. Forma parte de un proceso de formaci\u00f3n continua y compromiso con la mejora del sistema de salud p\u00fablica local. La actividad, que se enmarca en [&hellip;]<\/p>\n","protected":false},"author":16,"featured_media":161855,"comment_status":"closed","ping_status":"closed","sticky":false,"template":"","format":"standard","meta":{"footnotes":""},"categories":[8992],"tags":[2030,255,71],"class_list":["post-161854","post","type-post","status-publish","format-standard","has-post-thumbnail","hentry","category-bienestar","tag-diabetes","tag-hospital-dubarry","tag-salud"],"yoast_head":"<!-- This site is optimized with the Yoast SEO plugin v27.5 - https:\/\/yoast.com\/product\/yoast-seo-wordpress\/ -->\n<title>El Hospital Dubarry inici\u00f3 una capacitaci\u00f3n sobre Diabetes para personal de Enfermer\u00eda<\/title>\n<meta name=\"robots\" content=\"index, follow, max-snippet:-1, max-image-preview:large, max-video-preview:-1\" \/>\n<link rel=\"canonical\" href=\"https:\/\/noticiasmercedinas.com\/site\/2025\/06\/17\/el-hospital-dubarry-inicio-una-capacitacion-sobre-diabetes-para-personal-de-enfermeria\/\" \/>\n<meta property=\"og:locale\" content=\"es_ES\" \/>\n<meta property=\"og:type\" content=\"article\" \/>\n<meta property=\"og:title\" content=\"El Hospital Dubarry inici\u00f3 una capacitaci\u00f3n sobre Diabetes para personal de Enfermer\u00eda\" \/>\n<meta property=\"og:description\" content=\"Este lunes comenz\u00f3 en el Hospital Blas L. Dubarry un curso de capacitaci\u00f3n y entrenamiento destinado al personal de Enfermer\u00eda, con eje en la atenci\u00f3n integral de pacientes con Diabetes. Forma parte de un proceso de formaci\u00f3n continua y compromiso con la mejora del sistema de salud p\u00fablica local. La actividad, que se enmarca en [&hellip;]\" \/>\n<meta property=\"og:url\" content=\"https:\/\/noticiasmercedinas.com\/site\/2025\/06\/17\/el-hospital-dubarry-inicio-una-capacitacion-sobre-diabetes-para-personal-de-enfermeria\/\" \/>\n<meta property=\"og:site_name\" content=\"NOTICIASMERCEDINAS.COM\" \/>\n<meta property=\"article:publisher\" content=\"https:\/\/www.facebook.com\/noticiasmercedinas\/\" \/>\n<meta property=\"article:published_time\" content=\"2025-06-17T19:54:31+00:00\" \/>\n<meta property=\"og:image\" content=\"https:\/\/noticiasmercedinas.com\/site\/wp-content\/uploads\/2025\/06\/WhatsApp-Image-2025-06-17-at-2.42.49-PM-e1750190010387.jpeg\" \/>\n\t<meta property=\"og:image:width\" content=\"867\" \/>\n\t<meta property=\"og:image:height\" content=\"623\" \/>\n\t<meta property=\"og:image:type\" content=\"image\/jpeg\" \/>\n<meta name=\"author\" content=\"NOTICIASMERCEDINAS.COM\" \/>\n<meta name=\"twitter:card\" content=\"summary_large_image\" \/>\n<meta name=\"twitter:creator\" content=\"@notmercedinas\" \/>\n<meta name=\"twitter:site\" content=\"@notmercedinas\" \/>\n<meta name=\"twitter:label1\" content=\"Escrito por\" \/>\n\t<meta name=\"twitter:data1\" content=\"NOTICIASMERCEDINAS.COM\" \/>\n\t<meta name=\"twitter:label2\" content=\"Tiempo de lectura\" \/>\n\t<meta name=\"twitter:data2\" content=\"2 minutos\" \/>\n<script type=\"application\/ld+json\" class=\"yoast-schema-graph\">{\"@context\":\"https:\\\/\\\/schema.org\",\"@graph\":[{\"@type\":\"Article\",\"@id\":\"https:\\\/\\\/noticiasmercedinas.com\\\/site\\\/2025\\\/06\\\/17\\\/el-hospital-dubarry-inicio-una-capacitacion-sobre-diabetes-para-personal-de-enfermeria\\\/#article\",\"isPartOf\":{\"@id\":\"https:\\\/\\\/noticiasmercedinas.com\\\/site\\\/2025\\\/06\\\/17\\\/el-hospital-dubarry-inicio-una-capacitacion-sobre-diabetes-para-personal-de-enfermeria\\\/\"},\"author\":{\"name\":\"NOTICIASMERCEDINAS.COM\",\"@id\":\"https:\\\/\\\/noticiasmercedinas.com\\\/site\\\/#\\\/schema\\\/person\\\/84b59c099c28ff2e8b77d4ceec5d8063\"},\"headline\":\"El Hospital Dubarry inici\u00f3 una capacitaci\u00f3n sobre Diabetes para personal de Enfermer\u00eda\",\"datePublished\":\"2025-06-17T19:54:31+00:00\",\"mainEntityOfPage\":{\"@id\":\"https:\\\/\\\/noticiasmercedinas.com\\\/site\\\/2025\\\/06\\\/17\\\/el-hospital-dubarry-inicio-una-capacitacion-sobre-diabetes-para-personal-de-enfermeria\\\/\"},\"wordCount\":223,\"publisher\":{\"@id\":\"https:\\\/\\\/noticiasmercedinas.com\\\/site\\\/#organization\"},\"image\":{\"@id\":\"https:\\\/\\\/noticiasmercedinas.com\\\/site\\\/2025\\\/06\\\/17\\\/el-hospital-dubarry-inicio-una-capacitacion-sobre-diabetes-para-personal-de-enfermeria\\\/#primaryimage\"},\"thumbnailUrl\":\"https:\\\/\\\/noticiasmercedinas.com\\\/site\\\/wp-content\\\/uploads\\\/2025\\\/06\\\/WhatsApp-Image-2025-06-17-at-2.42.49-PM-e1750190010387.jpeg\",\"keywords\":[\"diabetes\",\"hospital dubarry\",\"salud\"],\"articleSection\":[\"Bienestar\"],\"inLanguage\":\"es\"},{\"@type\":\"WebPage\",\"@id\":\"https:\\\/\\\/noticiasmercedinas.com\\\/site\\\/2025\\\/06\\\/17\\\/el-hospital-dubarry-inicio-una-capacitacion-sobre-diabetes-para-personal-de-enfermeria\\\/\",\"url\":\"https:\\\/\\\/noticiasmercedinas.com\\\/site\\\/2025\\\/06\\\/17\\\/el-hospital-dubarry-inicio-una-capacitacion-sobre-diabetes-para-personal-de-enfermeria\\\/\",\"name\":\"El Hospital Dubarry inici\u00f3 una capacitaci\u00f3n sobre Diabetes para personal de Enfermer\u00eda\",\"isPartOf\":{\"@id\":\"https:\\\/\\\/noticiasmercedinas.com\\\/site\\\/#website\"},\"primaryImageOfPage\":{\"@id\":\"https:\\\/\\\/noticiasmercedinas.com\\\/site\\\/2025\\\/06\\\/17\\\/el-hospital-dubarry-inicio-una-capacitacion-sobre-diabetes-para-personal-de-enfermeria\\\/#primaryimage\"},\"image\":{\"@id\":\"https:\\\/\\\/noticiasmercedinas.com\\\/site\\\/2025\\\/06\\\/17\\\/el-hospital-dubarry-inicio-una-capacitacion-sobre-diabetes-para-personal-de-enfermeria\\\/#primaryimage\"},\"thumbnailUrl\":\"https:\\\/\\\/noticiasmercedinas.com\\\/site\\\/wp-content\\\/uploads\\\/2025\\\/06\\\/WhatsApp-Image-2025-06-17-at-2.42.49-PM-e1750190010387.jpeg\",\"datePublished\":\"2025-06-17T19:54:31+00:00\",\"breadcrumb\":{\"@id\":\"https:\\\/\\\/noticiasmercedinas.com\\\/site\\\/2025\\\/06\\\/17\\\/el-hospital-dubarry-inicio-una-capacitacion-sobre-diabetes-para-personal-de-enfermeria\\\/#breadcrumb\"},\"inLanguage\":\"es\",\"potentialAction\":[{\"@type\":\"ReadAction\",\"target\":[\"https:\\\/\\\/noticiasmercedinas.com\\\/site\\\/2025\\\/06\\\/17\\\/el-hospital-dubarry-inicio-una-capacitacion-sobre-diabetes-para-personal-de-enfermeria\\\/\"]}]},{\"@type\":\"ImageObject\",\"inLanguage\":\"es\",\"@id\":\"https:\\\/\\\/noticiasmercedinas.com\\\/site\\\/2025\\\/06\\\/17\\\/el-hospital-dubarry-inicio-una-capacitacion-sobre-diabetes-para-personal-de-enfermeria\\\/#primaryimage\",\"url\":\"https:\\\/\\\/noticiasmercedinas.com\\\/site\\\/wp-content\\\/uploads\\\/2025\\\/06\\\/WhatsApp-Image-2025-06-17-at-2.42.49-PM-e1750190010387.jpeg\",\"contentUrl\":\"https:\\\/\\\/noticiasmercedinas.com\\\/site\\\/wp-content\\\/uploads\\\/2025\\\/06\\\/WhatsApp-Image-2025-06-17-at-2.42.49-PM-e1750190010387.jpeg\",\"width\":867,\"height\":623},{\"@type\":\"BreadcrumbList\",\"@id\":\"https:\\\/\\\/noticiasmercedinas.com\\\/site\\\/2025\\\/06\\\/17\\\/el-hospital-dubarry-inicio-una-capacitacion-sobre-diabetes-para-personal-de-enfermeria\\\/#breadcrumb\",\"itemListElement\":[{\"@type\":\"ListItem\",\"position\":1,\"name\":\"Portada\",\"item\":\"https:\\\/\\\/noticiasmercedinas.com\\\/site\\\/\"},{\"@type\":\"ListItem\",\"position\":2,\"name\":\"El Hospital Dubarry inici\u00f3 una capacitaci\u00f3n sobre Diabetes para personal de Enfermer\u00eda\"}]},{\"@type\":\"WebSite\",\"@id\":\"https:\\\/\\\/noticiasmercedinas.com\\\/site\\\/#website\",\"url\":\"https:\\\/\\\/noticiasmercedinas.com\\\/site\\\/\",\"name\":\"NOTICIASMERCEDINAS.COM\",\"description\":\"Mercedes, Buenos Aires, Argentina\",\"publisher\":{\"@id\":\"https:\\\/\\\/noticiasmercedinas.com\\\/site\\\/#organization\"},\"potentialAction\":[{\"@type\":\"SearchAction\",\"target\":{\"@type\":\"EntryPoint\",\"urlTemplate\":\"https:\\\/\\\/noticiasmercedinas.com\\\/site\\\/?s={search_term_string}\"},\"query-input\":{\"@type\":\"PropertyValueSpecification\",\"valueRequired\":true,\"valueName\":\"search_term_string\"}}],\"inLanguage\":\"es\"},{\"@type\":\"Organization\",\"@id\":\"https:\\\/\\\/noticiasmercedinas.com\\\/site\\\/#organization\",\"name\":\"NOTICIASMERCEDINAS.COM\",\"url\":\"https:\\\/\\\/noticiasmercedinas.com\\\/site\\\/\",\"logo\":{\"@type\":\"ImageObject\",\"inLanguage\":\"es\",\"@id\":\"https:\\\/\\\/noticiasmercedinas.com\\\/site\\\/#\\\/schema\\\/logo\\\/image\\\/\",\"url\":\"https:\\\/\\\/noticiasmercedinas.com\\\/site\\\/wp-content\\\/uploads\\\/2020\\\/06\\\/LOGO-512.jpg\",\"contentUrl\":\"https:\\\/\\\/noticiasmercedinas.com\\\/site\\\/wp-content\\\/uploads\\\/2020\\\/06\\\/LOGO-512.jpg\",\"width\":512,\"height\":512,\"caption\":\"NOTICIASMERCEDINAS.COM\"},\"image\":{\"@id\":\"https:\\\/\\\/noticiasmercedinas.com\\\/site\\\/#\\\/schema\\\/logo\\\/image\\\/\"},\"sameAs\":[\"https:\\\/\\\/www.facebook.com\\\/noticiasmercedinas\\\/\",\"https:\\\/\\\/x.com\\\/notmercedinas\",\"https:\\\/\\\/www.instagram.com\\\/noticiasmercedinas\\\/\"]},{\"@type\":\"Person\",\"@id\":\"https:\\\/\\\/noticiasmercedinas.com\\\/site\\\/#\\\/schema\\\/person\\\/84b59c099c28ff2e8b77d4ceec5d8063\",\"name\":\"NOTICIASMERCEDINAS.COM\",\"image\":{\"@type\":\"ImageObject\",\"inLanguage\":\"es\",\"@id\":\"https:\\\/\\\/secure.gravatar.com\\\/avatar\\\/4dfbf16b4d17945bfb6341b2d19043457132fcf478a5ee04f42e959fd8f5df0a?s=96&d=mm&r=g\",\"url\":\"https:\\\/\\\/secure.gravatar.com\\\/avatar\\\/4dfbf16b4d17945bfb6341b2d19043457132fcf478a5ee04f42e959fd8f5df0a?s=96&d=mm&r=g\",\"contentUrl\":\"https:\\\/\\\/secure.gravatar.com\\\/avatar\\\/4dfbf16b4d17945bfb6341b2d19043457132fcf478a5ee04f42e959fd8f5df0a?s=96&d=mm&r=g\",\"caption\":\"NOTICIASMERCEDINAS.COM\"},\"url\":\"https:\\\/\\\/noticiasmercedinas.com\\\/site\\\/author\\\/anonimo\\\/\"}]}<\/script>\n<!-- \/ Yoast SEO plugin. -->","yoast_head_json":{"title":"El Hospital Dubarry inici\u00f3 una capacitaci\u00f3n sobre Diabetes para personal de Enfermer\u00eda","robots":{"index":"index","follow":"follow","max-snippet":"max-snippet:-1","max-image-preview":"max-image-preview:large","max-video-preview":"max-video-preview:-1"},"canonical":"https:\/\/noticiasmercedinas.com\/site\/2025\/06\/17\/el-hospital-dubarry-inicio-una-capacitacion-sobre-diabetes-para-personal-de-enfermeria\/","og_locale":"es_ES","og_type":"article","og_title":"El Hospital Dubarry inici\u00f3 una capacitaci\u00f3n sobre Diabetes para personal de Enfermer\u00eda","og_description":"Este lunes comenz\u00f3 en el Hospital Blas L. Dubarry un curso de capacitaci\u00f3n y entrenamiento destinado al personal de Enfermer\u00eda, con eje en la atenci\u00f3n integral de pacientes con Diabetes. Forma parte de un proceso de formaci\u00f3n continua y compromiso con la mejora del sistema de salud p\u00fablica local. La actividad, que se enmarca en [&hellip;]","og_url":"https:\/\/noticiasmercedinas.com\/site\/2025\/06\/17\/el-hospital-dubarry-inicio-una-capacitacion-sobre-diabetes-para-personal-de-enfermeria\/","og_site_name":"NOTICIASMERCEDINAS.COM","article_publisher":"https:\/\/www.facebook.com\/noticiasmercedinas\/","article_published_time":"2025-06-17T19:54:31+00:00","og_image":[{"width":867,"height":623,"url":"https:\/\/noticiasmercedinas.com\/site\/wp-content\/uploads\/2025\/06\/WhatsApp-Image-2025-06-17-at-2.42.49-PM-e1750190010387.jpeg","type":"image\/jpeg"}],"author":"NOTICIASMERCEDINAS.COM","twitter_card":"summary_large_image","twitter_creator":"@notmercedinas","twitter_site":"@notmercedinas","twitter_misc":{"Escrito por":"NOTICIASMERCEDINAS.COM","Tiempo de lectura":"2 minutos"},"schema":{"@context":"https:\/\/schema.org","@graph":[{"@type":"Article","@id":"https:\/\/noticiasmercedinas.com\/site\/2025\/06\/17\/el-hospital-dubarry-inicio-una-capacitacion-sobre-diabetes-para-personal-de-enfermeria\/#article","isPartOf":{"@id":"https:\/\/noticiasmercedinas.com\/site\/2025\/06\/17\/el-hospital-dubarry-inicio-una-capacitacion-sobre-diabetes-para-personal-de-enfermeria\/"},"author":{"name":"NOTICIASMERCEDINAS.COM","@id":"https:\/\/noticiasmercedinas.com\/site\/#\/schema\/person\/84b59c099c28ff2e8b77d4ceec5d8063"},"headline":"El Hospital Dubarry inici\u00f3 una capacitaci\u00f3n sobre Diabetes para personal de Enfermer\u00eda","datePublished":"2025-06-17T19:54:31+00:00","mainEntityOfPage":{"@id":"https:\/\/noticiasmercedinas.com\/site\/2025\/06\/17\/el-hospital-dubarry-inicio-una-capacitacion-sobre-diabetes-para-personal-de-enfermeria\/"},"wordCount":223,"publisher":{"@id":"https:\/\/noticiasmercedinas.com\/site\/#organization"},"image":{"@id":"https:\/\/noticiasmercedinas.com\/site\/2025\/06\/17\/el-hospital-dubarry-inicio-una-capacitacion-sobre-diabetes-para-personal-de-enfermeria\/#primaryimage"},"thumbnailUrl":"https:\/\/noticiasmercedinas.com\/site\/wp-content\/uploads\/2025\/06\/WhatsApp-Image-2025-06-17-at-2.42.49-PM-e1750190010387.jpeg","keywords":["diabetes","hospital dubarry","salud"],"articleSection":["Bienestar"],"inLanguage":"es"},{"@type":"WebPage","@id":"https:\/\/noticiasmercedinas.com\/site\/2025\/06\/17\/el-hospital-dubarry-inicio-una-capacitacion-sobre-diabetes-para-personal-de-enfermeria\/","url":"https:\/\/noticiasmercedinas.com\/site\/2025\/06\/17\/el-hospital-dubarry-inicio-una-capacitacion-sobre-diabetes-para-personal-de-enfermeria\/","name":"El Hospital Dubarry inici\u00f3 una capacitaci\u00f3n sobre Diabetes para personal de Enfermer\u00eda","isPartOf":{"@id":"https:\/\/noticiasmercedinas.com\/site\/#website"},"primaryImageOfPage":{"@id":"https:\/\/noticiasmercedinas.com\/site\/2025\/06\/17\/el-hospital-dubarry-inicio-una-capacitacion-sobre-diabetes-para-personal-de-enfermeria\/#primaryimage"},"image":{"@id":"https:\/\/noticiasmercedinas.com\/site\/2025\/06\/17\/el-hospital-dubarry-inicio-una-capacitacion-sobre-diabetes-para-personal-de-enfermeria\/#primaryimage"},"thumbnailUrl":"https:\/\/noticiasmercedinas.com\/site\/wp-content\/uploads\/2025\/06\/WhatsApp-Image-2025-06-17-at-2.42.49-PM-e1750190010387.jpeg","datePublished":"2025-06-17T19:54:31+00:00","breadcrumb":{"@id":"https:\/\/noticiasmercedinas.com\/site\/2025\/06\/17\/el-hospital-dubarry-inicio-una-capacitacion-sobre-diabetes-para-personal-de-enfermeria\/#breadcrumb"},"inLanguage":"es","potentialAction":[{"@type":"ReadAction","target":["https:\/\/noticiasmercedinas.com\/site\/2025\/06\/17\/el-hospital-dubarry-inicio-una-capacitacion-sobre-diabetes-para-personal-de-enfermeria\/"]}]},{"@type":"ImageObject","inLanguage":"es","@id":"https:\/\/noticiasmercedinas.com\/site\/2025\/06\/17\/el-hospital-dubarry-inicio-una-capacitacion-sobre-diabetes-para-personal-de-enfermeria\/#primaryimage","url":"https:\/\/noticiasmercedinas.com\/site\/wp-content\/uploads\/2025\/06\/WhatsApp-Image-2025-06-17-at-2.42.49-PM-e1750190010387.jpeg","contentUrl":"https:\/\/noticiasmercedinas.com\/site\/wp-content\/uploads\/2025\/06\/WhatsApp-Image-2025-06-17-at-2.42.49-PM-e1750190010387.jpeg","width":867,"height":623},{"@type":"BreadcrumbList","@id":"https:\/\/noticiasmercedinas.com\/site\/2025\/06\/17\/el-hospital-dubarry-inicio-una-capacitacion-sobre-diabetes-para-personal-de-enfermeria\/#breadcrumb","itemListElement":[{"@type":"ListItem","position":1,"name":"Portada","item":"https:\/\/noticiasmercedinas.com\/site\/"},{"@type":"ListItem","position":2,"name":"El Hospital Dubarry inici\u00f3 una capacitaci\u00f3n sobre Diabetes para personal de Enfermer\u00eda"}]},{"@type":"WebSite","@id":"https:\/\/noticiasmercedinas.com\/site\/#website","url":"https:\/\/noticiasmercedinas.com\/site\/","name":"NOTICIASMERCEDINAS.COM","description":"Mercedes, Buenos Aires, Argentina","publisher":{"@id":"https:\/\/noticiasmercedinas.com\/site\/#organization"},"potentialAction":[{"@type":"SearchAction","target":{"@type":"EntryPoint","urlTemplate":"https:\/\/noticiasmercedinas.com\/site\/?s={search_term_string}"},"query-input":{"@type":"PropertyValueSpecification","valueRequired":true,"valueName":"search_term_string"}}],"inLanguage":"es"},{"@type":"Organization","@id":"https:\/\/noticiasmercedinas.com\/site\/#organization","name":"NOTICIASMERCEDINAS.COM","url":"https:\/\/noticiasmercedinas.com\/site\/","logo":{"@type":"ImageObject","inLanguage":"es","@id":"https:\/\/noticiasmercedinas.com\/site\/#\/schema\/logo\/image\/","url":"https:\/\/noticiasmercedinas.com\/site\/wp-content\/uploads\/2020\/06\/LOGO-512.jpg","contentUrl":"https:\/\/noticiasmercedinas.com\/site\/wp-content\/uploads\/2020\/06\/LOGO-512.jpg","width":512,"height":512,"caption":"NOTICIASMERCEDINAS.COM"},"image":{"@id":"https:\/\/noticiasmercedinas.com\/site\/#\/schema\/logo\/image\/"},"sameAs":["https:\/\/www.facebook.com\/noticiasmercedinas\/","https:\/\/x.com\/notmercedinas","https:\/\/www.instagram.com\/noticiasmercedinas\/"]},{"@type":"Person","@id":"https:\/\/noticiasmercedinas.com\/site\/#\/schema\/person\/84b59c099c28ff2e8b77d4ceec5d8063","name":"NOTICIASMERCEDINAS.COM","image":{"@type":"ImageObject","inLanguage":"es","@id":"https:\/\/secure.gravatar.com\/avatar\/4dfbf16b4d17945bfb6341b2d19043457132fcf478a5ee04f42e959fd8f5df0a?s=96&d=mm&r=g","url":"https:\/\/secure.gravatar.com\/avatar\/4dfbf16b4d17945bfb6341b2d19043457132fcf478a5ee04f42e959fd8f5df0a?s=96&d=mm&r=g","contentUrl":"https:\/\/secure.gravatar.com\/avatar\/4dfbf16b4d17945bfb6341b2d19043457132fcf478a5ee04f42e959fd8f5df0a?s=96&d=mm&r=g","caption":"NOTICIASMERCEDINAS.COM"},"url":"https:\/\/noticiasmercedinas.com\/site\/author\/anonimo\/"}]}},"amp_enabled":true,"_links":{"self":[{"href":"https:\/\/noticiasmercedinas.com\/site\/wp-json\/wp\/v2\/posts\/161854","targetHints":{"allow":["GET"]}}],"collection":[{"href":"https:\/\/noticiasmercedinas.com\/site\/wp-json\/wp\/v2\/posts"}],"about":[{"href":"https:\/\/noticiasmercedinas.com\/site\/wp-json\/wp\/v2\/types\/post"}],"author":[{"embeddable":true,"href":"https:\/\/noticiasmercedinas.com\/site\/wp-json\/wp\/v2\/users\/16"}],"replies":[{"embeddable":true,"href":"https:\/\/noticiasmercedinas.com\/site\/wp-json\/wp\/v2\/comments?post=161854"}],"version-history":[{"count":1,"href":"https:\/\/noticiasmercedinas.com\/site\/wp-json\/wp\/v2\/posts\/161854\/revisions"}],"predecessor-version":[{"id":161856,"href":"https:\/\/noticiasmercedinas.com\/site\/wp-json\/wp\/v2\/posts\/161854\/revisions\/161856"}],"wp:featuredmedia":[{"embeddable":true,"href":"https:\/\/noticiasmercedinas.com\/site\/wp-json\/wp\/v2\/media\/161855"}],"wp:attachment":[{"href":"https:\/\/noticiasmercedinas.com\/site\/wp-json\/wp\/v2\/media?parent=161854"}],"wp:term":[{"taxonomy":"category","embeddable":true,"href":"https:\/\/noticiasmercedinas.com\/site\/wp-json\/wp\/v2\/categories?post=161854"},{"taxonomy":"post_tag","embeddable":true,"href":"https:\/\/noticiasmercedinas.com\/site\/wp-json\/wp\/v2\/tags?post=161854"}],"curies":[{"name":"wp","href":"https:\/\/api.w.org\/{rel}","templated":true}]}}