{"id":161922,"date":"2025-06-18T13:57:19","date_gmt":"2025-06-18T16:57:19","guid":{"rendered":"https:\/\/noticiasmercedinas.com\/site\/?p=161922"},"modified":"2025-06-18T13:57:31","modified_gmt":"2025-06-18T16:57:31","slug":"nuevos-reclamos-sobre-la-linea-57-esta-vez-por-cambios-en-su-recorrido","status":"publish","type":"post","link":"https:\/\/noticiasmercedinas.com\/site\/2025\/06\/18\/nuevos-reclamos-sobre-la-linea-57-esta-vez-por-cambios-en-su-recorrido\/","title":{"rendered":"Nuevos reclamos sobre la L\u00ednea 57, esta vez por cambios en su recorrido"},"content":{"rendered":"<p><img loading=\"lazy\" decoding=\"async\" class=\"alignnone size-full wp-image-161609\" src=\"https:\/\/noticiasmercedinas.com\/site\/wp-content\/uploads\/2025\/06\/atlantida-e1749814841753.jpg\" alt=\"\" width=\"641\" height=\"388\" srcset=\"https:\/\/noticiasmercedinas.com\/site\/wp-content\/uploads\/2025\/06\/atlantida-e1749814841753.jpg 641w, https:\/\/noticiasmercedinas.com\/site\/wp-content\/uploads\/2025\/06\/atlantida-e1749814841753-300x182.jpg 300w\" sizes=\"auto, (max-width: 641px) 100vw, 641px\" \/><\/p>\n<p>Vecinos y vecinas de Mercedes volvieron a manifestar su malestar con la empresa que presta el servicio de la L\u00ednea 57 \u00abAtl\u00e1ntida\u00bb en su andar inter urbano. En esta ocasi\u00f3n, el reclamo apunta a una modificaci\u00f3n inesperada del recorrido habitual de una de las unidades que circula por la ciudad.<\/p>\n<p>\u201cMe comunico por lo menos para que se haga saber el desastre del 57, comprometido a la gente que lo toma\u201d, expres\u00f3 una usuaria afectado. Seg\u00fan relat\u00f3, el colectivo que deb\u00eda salir a las 7:30 desde la terminal local omiti\u00f3 varias calles clave del itinerario previsto. \u201cSali\u00f3 directamente por la calle 2, salteando la 29, 40 y 17. Se ve que fue el colectivero, que hizo lo que quiso, porque el colectivo de las 08:00 s\u00ed pas\u00f3 y tom\u00f3 el camino que corresponde\u201d, agreg\u00f3.<\/p>\n<p>Este nuevo reclamo se suma a una serie de quejas recientes por parte de usuarios habituales de la L\u00ednea 57, quienes ya hab\u00edan denunciado la ausencia del primer servicio del d\u00eda. Tal como se informara la semana pasada, el colectivo de las 4 de la madrugada no circul\u00f3 durante dos jornadas consecutivas, dejando sin transporte a trabajadores que dependen de ese horario para llegar a sus destinos.<\/p>\n<p>\u201cDurante mucho tiempo fue puntual y responsable. No s\u00e9 qu\u00e9 est\u00e1 pasando, pero comprendo a los usuarios: polic\u00edas y otras personas dependen de ese horario para cumplir con sus tareas\u201d, indic\u00f3 una vecina en aquella oportunidad.<\/p>\n<p>La situaci\u00f3n genera preocupaci\u00f3n entre quienes no cuentan con alternativas de transporte en horarios cr\u00edticos. A las demoras y cancelaciones ahora se suman trayectos incompletos, lo que agrava el panorama para quienes utilizan el servicio a diario.<\/p>\n","protected":false},"excerpt":{"rendered":"<p>\u25a0 Seg\u00fan relat\u00f3 una usuaria, el colectivo que deb\u00eda salir a las 7:30 desde la terminal local omiti\u00f3 varias calles clave del itinerario previsto. Las falencias en el servicio se suman cotidianamente<\/p>\n","protected":false},"author":16,"featured_media":161609,"comment_status":"closed","ping_status":"closed","sticky":false,"template":"","format":"standard","meta":{"footnotes":""},"categories":[3],"tags":[801,352,800,1717],"class_list":["post-161922","post","type-post","status-publish","format-standard","has-post-thumbnail","hentry","category-sociedad","tag-atlantida","tag-colectivos","tag-linea-57","tag-micros"],"yoast_head":"<!-- This site is optimized with the Yoast SEO plugin v27.5 - https:\/\/yoast.com\/product\/yoast-seo-wordpress\/ -->\n<title>Nuevos reclamos sobre la L\u00ednea 57, esta vez por cambios en su recorrido<\/title>\n<meta name=\"description\" content=\"Seg\u00fan relat\u00f3 una usuaria, el colectivo que deb\u00eda salir a las 7:30 desde la terminal local omiti\u00f3 varias calles clave del itinerario previsto\" \/>\n<meta name=\"robots\" content=\"index, follow, max-snippet:-1, max-image-preview:large, max-video-preview:-1\" \/>\n<link rel=\"canonical\" href=\"https:\/\/noticiasmercedinas.com\/site\/2025\/06\/18\/nuevos-reclamos-sobre-la-linea-57-esta-vez-por-cambios-en-su-recorrido\/\" \/>\n<meta property=\"og:locale\" content=\"es_ES\" \/>\n<meta property=\"og:type\" content=\"article\" \/>\n<meta property=\"og:title\" content=\"Nuevos reclamos sobre la L\u00ednea 57, esta vez por cambios en su recorrido\" \/>\n<meta property=\"og:description\" content=\"Seg\u00fan relat\u00f3 una usuaria, el colectivo que deb\u00eda salir a las 7:30 desde la terminal local omiti\u00f3 varias calles clave del itinerario previsto\" \/>\n<meta property=\"og:url\" content=\"https:\/\/noticiasmercedinas.com\/site\/2025\/06\/18\/nuevos-reclamos-sobre-la-linea-57-esta-vez-por-cambios-en-su-recorrido\/\" \/>\n<meta property=\"og:site_name\" content=\"NOTICIASMERCEDINAS.COM\" \/>\n<meta property=\"article:publisher\" content=\"https:\/\/www.facebook.com\/noticiasmercedinas\/\" \/>\n<meta property=\"article:published_time\" content=\"2025-06-18T16:57:19+00:00\" \/>\n<meta property=\"article:modified_time\" content=\"2025-06-18T16:57:31+00:00\" \/>\n<meta property=\"og:image\" content=\"https:\/\/noticiasmercedinas.com\/site\/wp-content\/uploads\/2025\/06\/atlantida-e1749814841753.jpg\" \/>\n\t<meta property=\"og:image:width\" content=\"641\" \/>\n\t<meta property=\"og:image:height\" content=\"388\" \/>\n\t<meta property=\"og:image:type\" content=\"image\/jpeg\" \/>\n<meta name=\"author\" content=\"NOTICIASMERCEDINAS.COM\" \/>\n<meta name=\"twitter:card\" content=\"summary_large_image\" \/>\n<meta name=\"twitter:creator\" content=\"@notmercedinas\" \/>\n<meta name=\"twitter:site\" content=\"@notmercedinas\" \/>\n<meta name=\"twitter:label1\" content=\"Escrito por\" \/>\n\t<meta name=\"twitter:data1\" content=\"NOTICIASMERCEDINAS.COM\" \/>\n\t<meta name=\"twitter:label2\" content=\"Tiempo de lectura\" \/>\n\t<meta name=\"twitter:data2\" content=\"2 minutos\" \/>\n<script type=\"application\/ld+json\" class=\"yoast-schema-graph\">{\"@context\":\"https:\\\/\\\/schema.org\",\"@graph\":[{\"@type\":\"Article\",\"@id\":\"https:\\\/\\\/noticiasmercedinas.com\\\/site\\\/2025\\\/06\\\/18\\\/nuevos-reclamos-sobre-la-linea-57-esta-vez-por-cambios-en-su-recorrido\\\/#article\",\"isPartOf\":{\"@id\":\"https:\\\/\\\/noticiasmercedinas.com\\\/site\\\/2025\\\/06\\\/18\\\/nuevos-reclamos-sobre-la-linea-57-esta-vez-por-cambios-en-su-recorrido\\\/\"},\"author\":{\"name\":\"NOTICIASMERCEDINAS.COM\",\"@id\":\"https:\\\/\\\/noticiasmercedinas.com\\\/site\\\/#\\\/schema\\\/person\\\/84b59c099c28ff2e8b77d4ceec5d8063\"},\"headline\":\"Nuevos reclamos sobre la L\u00ednea 57, esta vez por cambios en su recorrido\",\"datePublished\":\"2025-06-18T16:57:19+00:00\",\"dateModified\":\"2025-06-18T16:57:31+00:00\",\"mainEntityOfPage\":{\"@id\":\"https:\\\/\\\/noticiasmercedinas.com\\\/site\\\/2025\\\/06\\\/18\\\/nuevos-reclamos-sobre-la-linea-57-esta-vez-por-cambios-en-su-recorrido\\\/\"},\"wordCount\":290,\"publisher\":{\"@id\":\"https:\\\/\\\/noticiasmercedinas.com\\\/site\\\/#organization\"},\"image\":{\"@id\":\"https:\\\/\\\/noticiasmercedinas.com\\\/site\\\/2025\\\/06\\\/18\\\/nuevos-reclamos-sobre-la-linea-57-esta-vez-por-cambios-en-su-recorrido\\\/#primaryimage\"},\"thumbnailUrl\":\"https:\\\/\\\/noticiasmercedinas.com\\\/site\\\/wp-content\\\/uploads\\\/2025\\\/06\\\/atlantida-e1749814841753.jpg\",\"keywords\":[\"atlantida\",\"colectivos\",\"linea 57\",\"micros\"],\"articleSection\":[\"Sociedad\"],\"inLanguage\":\"es\"},{\"@type\":\"WebPage\",\"@id\":\"https:\\\/\\\/noticiasmercedinas.com\\\/site\\\/2025\\\/06\\\/18\\\/nuevos-reclamos-sobre-la-linea-57-esta-vez-por-cambios-en-su-recorrido\\\/\",\"url\":\"https:\\\/\\\/noticiasmercedinas.com\\\/site\\\/2025\\\/06\\\/18\\\/nuevos-reclamos-sobre-la-linea-57-esta-vez-por-cambios-en-su-recorrido\\\/\",\"name\":\"Nuevos reclamos sobre la L\u00ednea 57, esta vez por cambios en su recorrido\",\"isPartOf\":{\"@id\":\"https:\\\/\\\/noticiasmercedinas.com\\\/site\\\/#website\"},\"primaryImageOfPage\":{\"@id\":\"https:\\\/\\\/noticiasmercedinas.com\\\/site\\\/2025\\\/06\\\/18\\\/nuevos-reclamos-sobre-la-linea-57-esta-vez-por-cambios-en-su-recorrido\\\/#primaryimage\"},\"image\":{\"@id\":\"https:\\\/\\\/noticiasmercedinas.com\\\/site\\\/2025\\\/06\\\/18\\\/nuevos-reclamos-sobre-la-linea-57-esta-vez-por-cambios-en-su-recorrido\\\/#primaryimage\"},\"thumbnailUrl\":\"https:\\\/\\\/noticiasmercedinas.com\\\/site\\\/wp-content\\\/uploads\\\/2025\\\/06\\\/atlantida-e1749814841753.jpg\",\"datePublished\":\"2025-06-18T16:57:19+00:00\",\"dateModified\":\"2025-06-18T16:57:31+00:00\",\"description\":\"Seg\u00fan relat\u00f3 una usuaria, el colectivo que deb\u00eda salir a las 7:30 desde la terminal local omiti\u00f3 varias calles clave del itinerario previsto\",\"breadcrumb\":{\"@id\":\"https:\\\/\\\/noticiasmercedinas.com\\\/site\\\/2025\\\/06\\\/18\\\/nuevos-reclamos-sobre-la-linea-57-esta-vez-por-cambios-en-su-recorrido\\\/#breadcrumb\"},\"inLanguage\":\"es\",\"potentialAction\":[{\"@type\":\"ReadAction\",\"target\":[\"https:\\\/\\\/noticiasmercedinas.com\\\/site\\\/2025\\\/06\\\/18\\\/nuevos-reclamos-sobre-la-linea-57-esta-vez-por-cambios-en-su-recorrido\\\/\"]}]},{\"@type\":\"ImageObject\",\"inLanguage\":\"es\",\"@id\":\"https:\\\/\\\/noticiasmercedinas.com\\\/site\\\/2025\\\/06\\\/18\\\/nuevos-reclamos-sobre-la-linea-57-esta-vez-por-cambios-en-su-recorrido\\\/#primaryimage\",\"url\":\"https:\\\/\\\/noticiasmercedinas.com\\\/site\\\/wp-content\\\/uploads\\\/2025\\\/06\\\/atlantida-e1749814841753.jpg\",\"contentUrl\":\"https:\\\/\\\/noticiasmercedinas.com\\\/site\\\/wp-content\\\/uploads\\\/2025\\\/06\\\/atlantida-e1749814841753.jpg\",\"width\":641,\"height\":388},{\"@type\":\"BreadcrumbList\",\"@id\":\"https:\\\/\\\/noticiasmercedinas.com\\\/site\\\/2025\\\/06\\\/18\\\/nuevos-reclamos-sobre-la-linea-57-esta-vez-por-cambios-en-su-recorrido\\\/#breadcrumb\",\"itemListElement\":[{\"@type\":\"ListItem\",\"position\":1,\"name\":\"Portada\",\"item\":\"https:\\\/\\\/noticiasmercedinas.com\\\/site\\\/\"},{\"@type\":\"ListItem\",\"position\":2,\"name\":\"Nuevos reclamos sobre la L\u00ednea 57, esta vez por cambios en su recorrido\"}]},{\"@type\":\"WebSite\",\"@id\":\"https:\\\/\\\/noticiasmercedinas.com\\\/site\\\/#website\",\"url\":\"https:\\\/\\\/noticiasmercedinas.com\\\/site\\\/\",\"name\":\"NOTICIASMERCEDINAS.COM\",\"description\":\"Mercedes, Buenos Aires, Argentina\",\"publisher\":{\"@id\":\"https:\\\/\\\/noticiasmercedinas.com\\\/site\\\/#organization\"},\"potentialAction\":[{\"@type\":\"SearchAction\",\"target\":{\"@type\":\"EntryPoint\",\"urlTemplate\":\"https:\\\/\\\/noticiasmercedinas.com\\\/site\\\/?s={search_term_string}\"},\"query-input\":{\"@type\":\"PropertyValueSpecification\",\"valueRequired\":true,\"valueName\":\"search_term_string\"}}],\"inLanguage\":\"es\"},{\"@type\":\"Organization\",\"@id\":\"https:\\\/\\\/noticiasmercedinas.com\\\/site\\\/#organization\",\"name\":\"NOTICIASMERCEDINAS.COM\",\"url\":\"https:\\\/\\\/noticiasmercedinas.com\\\/site\\\/\",\"logo\":{\"@type\":\"ImageObject\",\"inLanguage\":\"es\",\"@id\":\"https:\\\/\\\/noticiasmercedinas.com\\\/site\\\/#\\\/schema\\\/logo\\\/image\\\/\",\"url\":\"https:\\\/\\\/noticiasmercedinas.com\\\/site\\\/wp-content\\\/uploads\\\/2020\\\/06\\\/LOGO-512.jpg\",\"contentUrl\":\"https:\\\/\\\/noticiasmercedinas.com\\\/site\\\/wp-content\\\/uploads\\\/2020\\\/06\\\/LOGO-512.jpg\",\"width\":512,\"height\":512,\"caption\":\"NOTICIASMERCEDINAS.COM\"},\"image\":{\"@id\":\"https:\\\/\\\/noticiasmercedinas.com\\\/site\\\/#\\\/schema\\\/logo\\\/image\\\/\"},\"sameAs\":[\"https:\\\/\\\/www.facebook.com\\\/noticiasmercedinas\\\/\",\"https:\\\/\\\/x.com\\\/notmercedinas\",\"https:\\\/\\\/www.instagram.com\\\/noticiasmercedinas\\\/\"]},{\"@type\":\"Person\",\"@id\":\"https:\\\/\\\/noticiasmercedinas.com\\\/site\\\/#\\\/schema\\\/person\\\/84b59c099c28ff2e8b77d4ceec5d8063\",\"name\":\"NOTICIASMERCEDINAS.COM\",\"image\":{\"@type\":\"ImageObject\",\"inLanguage\":\"es\",\"@id\":\"https:\\\/\\\/secure.gravatar.com\\\/avatar\\\/4dfbf16b4d17945bfb6341b2d19043457132fcf478a5ee04f42e959fd8f5df0a?s=96&d=mm&r=g\",\"url\":\"https:\\\/\\\/secure.gravatar.com\\\/avatar\\\/4dfbf16b4d17945bfb6341b2d19043457132fcf478a5ee04f42e959fd8f5df0a?s=96&d=mm&r=g\",\"contentUrl\":\"https:\\\/\\\/secure.gravatar.com\\\/avatar\\\/4dfbf16b4d17945bfb6341b2d19043457132fcf478a5ee04f42e959fd8f5df0a?s=96&d=mm&r=g\",\"caption\":\"NOTICIASMERCEDINAS.COM\"},\"url\":\"https:\\\/\\\/noticiasmercedinas.com\\\/site\\\/author\\\/anonimo\\\/\"}]}<\/script>\n<!-- \/ Yoast SEO plugin. -->","yoast_head_json":{"title":"Nuevos reclamos sobre la L\u00ednea 57, esta vez por cambios en su recorrido","description":"Seg\u00fan relat\u00f3 una usuaria, el colectivo que deb\u00eda salir a las 7:30 desde la terminal local omiti\u00f3 varias calles clave del itinerario previsto","robots":{"index":"index","follow":"follow","max-snippet":"max-snippet:-1","max-image-preview":"max-image-preview:large","max-video-preview":"max-video-preview:-1"},"canonical":"https:\/\/noticiasmercedinas.com\/site\/2025\/06\/18\/nuevos-reclamos-sobre-la-linea-57-esta-vez-por-cambios-en-su-recorrido\/","og_locale":"es_ES","og_type":"article","og_title":"Nuevos reclamos sobre la L\u00ednea 57, esta vez por cambios en su recorrido","og_description":"Seg\u00fan relat\u00f3 una usuaria, el colectivo que deb\u00eda salir a las 7:30 desde la terminal local omiti\u00f3 varias calles clave del itinerario previsto","og_url":"https:\/\/noticiasmercedinas.com\/site\/2025\/06\/18\/nuevos-reclamos-sobre-la-linea-57-esta-vez-por-cambios-en-su-recorrido\/","og_site_name":"NOTICIASMERCEDINAS.COM","article_publisher":"https:\/\/www.facebook.com\/noticiasmercedinas\/","article_published_time":"2025-06-18T16:57:19+00:00","article_modified_time":"2025-06-18T16:57:31+00:00","og_image":[{"width":641,"height":388,"url":"https:\/\/noticiasmercedinas.com\/site\/wp-content\/uploads\/2025\/06\/atlantida-e1749814841753.jpg","type":"image\/jpeg"}],"author":"NOTICIASMERCEDINAS.COM","twitter_card":"summary_large_image","twitter_creator":"@notmercedinas","twitter_site":"@notmercedinas","twitter_misc":{"Escrito por":"NOTICIASMERCEDINAS.COM","Tiempo de lectura":"2 minutos"},"schema":{"@context":"https:\/\/schema.org","@graph":[{"@type":"Article","@id":"https:\/\/noticiasmercedinas.com\/site\/2025\/06\/18\/nuevos-reclamos-sobre-la-linea-57-esta-vez-por-cambios-en-su-recorrido\/#article","isPartOf":{"@id":"https:\/\/noticiasmercedinas.com\/site\/2025\/06\/18\/nuevos-reclamos-sobre-la-linea-57-esta-vez-por-cambios-en-su-recorrido\/"},"author":{"name":"NOTICIASMERCEDINAS.COM","@id":"https:\/\/noticiasmercedinas.com\/site\/#\/schema\/person\/84b59c099c28ff2e8b77d4ceec5d8063"},"headline":"Nuevos reclamos sobre la L\u00ednea 57, esta vez por cambios en su recorrido","datePublished":"2025-06-18T16:57:19+00:00","dateModified":"2025-06-18T16:57:31+00:00","mainEntityOfPage":{"@id":"https:\/\/noticiasmercedinas.com\/site\/2025\/06\/18\/nuevos-reclamos-sobre-la-linea-57-esta-vez-por-cambios-en-su-recorrido\/"},"wordCount":290,"publisher":{"@id":"https:\/\/noticiasmercedinas.com\/site\/#organization"},"image":{"@id":"https:\/\/noticiasmercedinas.com\/site\/2025\/06\/18\/nuevos-reclamos-sobre-la-linea-57-esta-vez-por-cambios-en-su-recorrido\/#primaryimage"},"thumbnailUrl":"https:\/\/noticiasmercedinas.com\/site\/wp-content\/uploads\/2025\/06\/atlantida-e1749814841753.jpg","keywords":["atlantida","colectivos","linea 57","micros"],"articleSection":["Sociedad"],"inLanguage":"es"},{"@type":"WebPage","@id":"https:\/\/noticiasmercedinas.com\/site\/2025\/06\/18\/nuevos-reclamos-sobre-la-linea-57-esta-vez-por-cambios-en-su-recorrido\/","url":"https:\/\/noticiasmercedinas.com\/site\/2025\/06\/18\/nuevos-reclamos-sobre-la-linea-57-esta-vez-por-cambios-en-su-recorrido\/","name":"Nuevos reclamos sobre la L\u00ednea 57, esta vez por cambios en su recorrido","isPartOf":{"@id":"https:\/\/noticiasmercedinas.com\/site\/#website"},"primaryImageOfPage":{"@id":"https:\/\/noticiasmercedinas.com\/site\/2025\/06\/18\/nuevos-reclamos-sobre-la-linea-57-esta-vez-por-cambios-en-su-recorrido\/#primaryimage"},"image":{"@id":"https:\/\/noticiasmercedinas.com\/site\/2025\/06\/18\/nuevos-reclamos-sobre-la-linea-57-esta-vez-por-cambios-en-su-recorrido\/#primaryimage"},"thumbnailUrl":"https:\/\/noticiasmercedinas.com\/site\/wp-content\/uploads\/2025\/06\/atlantida-e1749814841753.jpg","datePublished":"2025-06-18T16:57:19+00:00","dateModified":"2025-06-18T16:57:31+00:00","description":"Seg\u00fan relat\u00f3 una usuaria, el colectivo que deb\u00eda salir a las 7:30 desde la terminal local omiti\u00f3 varias calles clave del itinerario previsto","breadcrumb":{"@id":"https:\/\/noticiasmercedinas.com\/site\/2025\/06\/18\/nuevos-reclamos-sobre-la-linea-57-esta-vez-por-cambios-en-su-recorrido\/#breadcrumb"},"inLanguage":"es","potentialAction":[{"@type":"ReadAction","target":["https:\/\/noticiasmercedinas.com\/site\/2025\/06\/18\/nuevos-reclamos-sobre-la-linea-57-esta-vez-por-cambios-en-su-recorrido\/"]}]},{"@type":"ImageObject","inLanguage":"es","@id":"https:\/\/noticiasmercedinas.com\/site\/2025\/06\/18\/nuevos-reclamos-sobre-la-linea-57-esta-vez-por-cambios-en-su-recorrido\/#primaryimage","url":"https:\/\/noticiasmercedinas.com\/site\/wp-content\/uploads\/2025\/06\/atlantida-e1749814841753.jpg","contentUrl":"https:\/\/noticiasmercedinas.com\/site\/wp-content\/uploads\/2025\/06\/atlantida-e1749814841753.jpg","width":641,"height":388},{"@type":"BreadcrumbList","@id":"https:\/\/noticiasmercedinas.com\/site\/2025\/06\/18\/nuevos-reclamos-sobre-la-linea-57-esta-vez-por-cambios-en-su-recorrido\/#breadcrumb","itemListElement":[{"@type":"ListItem","position":1,"name":"Portada","item":"https:\/\/noticiasmercedinas.com\/site\/"},{"@type":"ListItem","position":2,"name":"Nuevos reclamos sobre la L\u00ednea 57, esta vez por cambios en su recorrido"}]},{"@type":"WebSite","@id":"https:\/\/noticiasmercedinas.com\/site\/#website","url":"https:\/\/noticiasmercedinas.com\/site\/","name":"NOTICIASMERCEDINAS.COM","description":"Mercedes, Buenos Aires, Argentina","publisher":{"@id":"https:\/\/noticiasmercedinas.com\/site\/#organization"},"potentialAction":[{"@type":"SearchAction","target":{"@type":"EntryPoint","urlTemplate":"https:\/\/noticiasmercedinas.com\/site\/?s={search_term_string}"},"query-input":{"@type":"PropertyValueSpecification","valueRequired":true,"valueName":"search_term_string"}}],"inLanguage":"es"},{"@type":"Organization","@id":"https:\/\/noticiasmercedinas.com\/site\/#organization","name":"NOTICIASMERCEDINAS.COM","url":"https:\/\/noticiasmercedinas.com\/site\/","logo":{"@type":"ImageObject","inLanguage":"es","@id":"https:\/\/noticiasmercedinas.com\/site\/#\/schema\/logo\/image\/","url":"https:\/\/noticiasmercedinas.com\/site\/wp-content\/uploads\/2020\/06\/LOGO-512.jpg","contentUrl":"https:\/\/noticiasmercedinas.com\/site\/wp-content\/uploads\/2020\/06\/LOGO-512.jpg","width":512,"height":512,"caption":"NOTICIASMERCEDINAS.COM"},"image":{"@id":"https:\/\/noticiasmercedinas.com\/site\/#\/schema\/logo\/image\/"},"sameAs":["https:\/\/www.facebook.com\/noticiasmercedinas\/","https:\/\/x.com\/notmercedinas","https:\/\/www.instagram.com\/noticiasmercedinas\/"]},{"@type":"Person","@id":"https:\/\/noticiasmercedinas.com\/site\/#\/schema\/person\/84b59c099c28ff2e8b77d4ceec5d8063","name":"NOTICIASMERCEDINAS.COM","image":{"@type":"ImageObject","inLanguage":"es","@id":"https:\/\/secure.gravatar.com\/avatar\/4dfbf16b4d17945bfb6341b2d19043457132fcf478a5ee04f42e959fd8f5df0a?s=96&d=mm&r=g","url":"https:\/\/secure.gravatar.com\/avatar\/4dfbf16b4d17945bfb6341b2d19043457132fcf478a5ee04f42e959fd8f5df0a?s=96&d=mm&r=g","contentUrl":"https:\/\/secure.gravatar.com\/avatar\/4dfbf16b4d17945bfb6341b2d19043457132fcf478a5ee04f42e959fd8f5df0a?s=96&d=mm&r=g","caption":"NOTICIASMERCEDINAS.COM"},"url":"https:\/\/noticiasmercedinas.com\/site\/author\/anonimo\/"}]}},"amp_enabled":true,"_links":{"self":[{"href":"https:\/\/noticiasmercedinas.com\/site\/wp-json\/wp\/v2\/posts\/161922","targetHints":{"allow":["GET"]}}],"collection":[{"href":"https:\/\/noticiasmercedinas.com\/site\/wp-json\/wp\/v2\/posts"}],"about":[{"href":"https:\/\/noticiasmercedinas.com\/site\/wp-json\/wp\/v2\/types\/post"}],"author":[{"embeddable":true,"href":"https:\/\/noticiasmercedinas.com\/site\/wp-json\/wp\/v2\/users\/16"}],"replies":[{"embeddable":true,"href":"https:\/\/noticiasmercedinas.com\/site\/wp-json\/wp\/v2\/comments?post=161922"}],"version-history":[{"count":1,"href":"https:\/\/noticiasmercedinas.com\/site\/wp-json\/wp\/v2\/posts\/161922\/revisions"}],"predecessor-version":[{"id":161923,"href":"https:\/\/noticiasmercedinas.com\/site\/wp-json\/wp\/v2\/posts\/161922\/revisions\/161923"}],"wp:featuredmedia":[{"embeddable":true,"href":"https:\/\/noticiasmercedinas.com\/site\/wp-json\/wp\/v2\/media\/161609"}],"wp:attachment":[{"href":"https:\/\/noticiasmercedinas.com\/site\/wp-json\/wp\/v2\/media?parent=161922"}],"wp:term":[{"taxonomy":"category","embeddable":true,"href":"https:\/\/noticiasmercedinas.com\/site\/wp-json\/wp\/v2\/categories?post=161922"},{"taxonomy":"post_tag","embeddable":true,"href":"https:\/\/noticiasmercedinas.com\/site\/wp-json\/wp\/v2\/tags?post=161922"}],"curies":[{"name":"wp","href":"https:\/\/api.w.org\/{rel}","templated":true}]}}