{"id":161953,"date":"2025-06-18T20:43:26","date_gmt":"2025-06-18T23:43:26","guid":{"rendered":"https:\/\/noticiasmercedinas.com\/site\/?p=161953"},"modified":"2025-06-18T20:45:31","modified_gmt":"2025-06-18T23:45:31","slug":"amplia-delegacion-mercedina-participo-de-la-movilizacion-en-apoyo-a-cristina-fernandez-de-kirchner","status":"publish","type":"post","link":"https:\/\/noticiasmercedinas.com\/site\/2025\/06\/18\/amplia-delegacion-mercedina-participo-de-la-movilizacion-en-apoyo-a-cristina-fernandez-de-kirchner\/","title":{"rendered":"Amplia delegaci\u00f3n mercedina particip\u00f3 de la movilizaci\u00f3n en apoyo a Cristina Fern\u00e1ndez de Kirchner"},"content":{"rendered":"<p><img loading=\"lazy\" decoding=\"async\" class=\"alignnone size-full wp-image-161955\" src=\"https:\/\/noticiasmercedinas.com\/site\/wp-content\/uploads\/2025\/06\/IMG-20250618-WA0162.jpg\" alt=\"\" width=\"1600\" height=\"1200\" srcset=\"https:\/\/noticiasmercedinas.com\/site\/wp-content\/uploads\/2025\/06\/IMG-20250618-WA0162.jpg 1600w, https:\/\/noticiasmercedinas.com\/site\/wp-content\/uploads\/2025\/06\/IMG-20250618-WA0162-300x225.jpg 300w, https:\/\/noticiasmercedinas.com\/site\/wp-content\/uploads\/2025\/06\/IMG-20250618-WA0162-1024x768.jpg 1024w, https:\/\/noticiasmercedinas.com\/site\/wp-content\/uploads\/2025\/06\/IMG-20250618-WA0162-768x576.jpg 768w, https:\/\/noticiasmercedinas.com\/site\/wp-content\/uploads\/2025\/06\/IMG-20250618-WA0162-1536x1152.jpg 1536w, https:\/\/noticiasmercedinas.com\/site\/wp-content\/uploads\/2025\/06\/IMG-20250618-WA0162-80x60.jpg 80w, https:\/\/noticiasmercedinas.com\/site\/wp-content\/uploads\/2025\/06\/IMG-20250618-WA0162-160x120.jpg 160w, https:\/\/noticiasmercedinas.com\/site\/wp-content\/uploads\/2025\/06\/IMG-20250618-WA0162-100x75.jpg 100w, https:\/\/noticiasmercedinas.com\/site\/wp-content\/uploads\/2025\/06\/IMG-20250618-WA0162-200x150.jpg 200w, https:\/\/noticiasmercedinas.com\/site\/wp-content\/uploads\/2025\/06\/IMG-20250618-WA0162-180x135.jpg 180w, https:\/\/noticiasmercedinas.com\/site\/wp-content\/uploads\/2025\/06\/IMG-20250618-WA0162-360x270.jpg 360w, https:\/\/noticiasmercedinas.com\/site\/wp-content\/uploads\/2025\/06\/IMG-20250618-WA0162-238x178.jpg 238w, https:\/\/noticiasmercedinas.com\/site\/wp-content\/uploads\/2025\/06\/IMG-20250618-WA0162-476x356.jpg 476w, https:\/\/noticiasmercedinas.com\/site\/wp-content\/uploads\/2025\/06\/IMG-20250618-WA0162-640x480.jpg 640w, https:\/\/noticiasmercedinas.com\/site\/wp-content\/uploads\/2025\/06\/IMG-20250618-WA0162-1280x960.jpg 1280w, https:\/\/noticiasmercedinas.com\/site\/wp-content\/uploads\/2025\/06\/IMG-20250618-WA0162-681x511.jpg 681w, https:\/\/noticiasmercedinas.com\/site\/wp-content\/uploads\/2025\/06\/IMG-20250618-WA0162-1362x1022.jpg 1362w\" sizes=\"auto, (max-width: 1600px) 100vw, 1600px\" \/><\/p>\n<p>Desde temprano se observaron gran cantidad de colectivos y numerosas cantidades de autos mercedinos, que por la ruta se juntaron con otros provenientes de todo el pa\u00eds y que confluyeron en la Ciudad de Buenos Aires este mi\u00e9rcoles.<\/p>\n<p>Fue grande la delegaci\u00f3n mercedina que particip\u00f3 de la movilizaci\u00f3n en apoyo a Cristina Fern\u00e1ndez de Kirchner.<\/p>\n<p>Una numerosa columna de mercedinos particip\u00f3 este s\u00e1bado de la masiva movilizaci\u00f3n en Plaza de Mayo en respaldo a la ex presidenta Cristina Fern\u00e1ndez de Kirchner, bajo la consigna \u201cArgentina con Cristina\u201d. Seg\u00fan estimaciones, m\u00e1s de medio mill\u00f3n de personas se congregaron en el centro porte\u00f1o para expresar su apoyo y reclamar por el estado de la democracia en el pa\u00eds.<\/p>\n<p>Desde la Unidad B\u00e1sica N\u00e9stor Kirchner, ubicada en avenida 29 y 38, parti\u00f3 una caravana de militantes y vecinos con destino a la Ciudad Aut\u00f3noma de Buenos Aires. En Capital, se sumaron a otros grupos locales, conformando una nutrida representaci\u00f3n de la ciudad de Mercedes.<\/p>\n<p>\u201cNosotras y nosotros movilizamos por la libertad de Cristina, para poner en evidencia el modelo judicial injusto y manipulador, y por la construcci\u00f3n de un pa\u00eds inclusivo, donde los trabajadores lleguen a fin de mes, las escuelas tengan libros y computadoras, y los chicos coman cuatro veces al d\u00eda\u201d, expres\u00f3 una joven participante. Tambi\u00e9n cuestion\u00f3 lo que denomin\u00f3 como \u201ccepo democr\u00e1tico impuesto\u201d por el actual gobierno nacional.<\/p>\n<p>La movilizaci\u00f3n reuni\u00f3 a diversos sectores del peronismo mercedino, en unidad y con distintas representaciones pol\u00edticas y sociales. Desde ese espacio se\u00f1alaron que el objetivo fue visibilizar el desacuerdo con las pol\u00edticas actuales de ajuste, represi\u00f3n y endeudamiento, al tiempo que se reivindic\u00f3 el liderazgo de Cristina Fern\u00e1ndez de Kirchner.<\/p>\n<p><img loading=\"lazy\" decoding=\"async\" class=\"alignnone size-full wp-image-161957\" src=\"https:\/\/noticiasmercedinas.com\/site\/wp-content\/uploads\/2025\/06\/IMG-20250618-WA0158.jpg\" alt=\"\" width=\"1280\" height=\"720\" srcset=\"https:\/\/noticiasmercedinas.com\/site\/wp-content\/uploads\/2025\/06\/IMG-20250618-WA0158.jpg 1280w, https:\/\/noticiasmercedinas.com\/site\/wp-content\/uploads\/2025\/06\/IMG-20250618-WA0158-300x169.jpg 300w, https:\/\/noticiasmercedinas.com\/site\/wp-content\/uploads\/2025\/06\/IMG-20250618-WA0158-1024x576.jpg 1024w, https:\/\/noticiasmercedinas.com\/site\/wp-content\/uploads\/2025\/06\/IMG-20250618-WA0158-768x432.jpg 768w, https:\/\/noticiasmercedinas.com\/site\/wp-content\/uploads\/2025\/06\/IMG-20250618-WA0158-640x360.jpg 640w, https:\/\/noticiasmercedinas.com\/site\/wp-content\/uploads\/2025\/06\/IMG-20250618-WA0158-681x383.jpg 681w\" sizes=\"auto, (max-width: 1280px) 100vw, 1280px\" \/><\/p>\n","protected":false},"excerpt":{"rendered":"<p>\u25a0 Desde la Unidad B\u00e1sica N\u00e9stor Kirchner, ubicada en avenida 29 y 38, parti\u00f3 una caravana de militantes y vecinos con destino a la Ciudad Aut\u00f3noma de Buenos Aires. En Capital, se sumaron a otros grupos<\/p>\n","protected":false},"author":16,"featured_media":161955,"comment_status":"closed","ping_status":"closed","sticky":false,"template":"","format":"standard","meta":{"footnotes":""},"categories":[16],"tags":[5425,2657,23,1510],"class_list":["post-161953","post","type-post","status-publish","format-standard","has-post-thumbnail","hentry","category-politica","tag-cristina-fernandez-de-kirchner","tag-marcha","tag-mercedes","tag-partido-justicialista"],"yoast_head":"<!-- This site is optimized with the Yoast SEO plugin v27.5 - https:\/\/yoast.com\/product\/yoast-seo-wordpress\/ -->\n<title>Amplia delegaci\u00f3n mercedina particip\u00f3 de la movilizaci\u00f3n en apoyo a Cristina Fern\u00e1ndez de Kirchner<\/title>\n<meta name=\"description\" content=\"\u25a0 Desde la Unidad B\u00e1sica N\u00e9stor Kirchner, ubicada en avenida 29 y 38, parti\u00f3 una caravana de militantes y vecinos con destino a la Ciudad Aut\u00f3noma de Buenos Aires. En Capital, se sumaron a otros grupos\" \/>\n<meta name=\"robots\" content=\"index, follow, max-snippet:-1, max-image-preview:large, max-video-preview:-1\" \/>\n<link rel=\"canonical\" href=\"https:\/\/noticiasmercedinas.com\/site\/2025\/06\/18\/amplia-delegacion-mercedina-participo-de-la-movilizacion-en-apoyo-a-cristina-fernandez-de-kirchner\/\" \/>\n<meta property=\"og:locale\" content=\"es_ES\" \/>\n<meta property=\"og:type\" content=\"article\" \/>\n<meta property=\"og:title\" content=\"Amplia delegaci\u00f3n mercedina particip\u00f3 de la movilizaci\u00f3n en apoyo a Cristina Fern\u00e1ndez de Kirchner\" \/>\n<meta property=\"og:description\" content=\"\u25a0 Desde la Unidad B\u00e1sica N\u00e9stor Kirchner, ubicada en avenida 29 y 38, parti\u00f3 una caravana de militantes y vecinos con destino a la Ciudad Aut\u00f3noma de Buenos Aires. En Capital, se sumaron a otros grupos\" \/>\n<meta property=\"og:url\" content=\"https:\/\/noticiasmercedinas.com\/site\/2025\/06\/18\/amplia-delegacion-mercedina-participo-de-la-movilizacion-en-apoyo-a-cristina-fernandez-de-kirchner\/\" \/>\n<meta property=\"og:site_name\" content=\"NOTICIASMERCEDINAS.COM\" \/>\n<meta property=\"article:publisher\" content=\"https:\/\/www.facebook.com\/noticiasmercedinas\/\" \/>\n<meta property=\"article:published_time\" content=\"2025-06-18T23:43:26+00:00\" \/>\n<meta property=\"article:modified_time\" content=\"2025-06-18T23:45:31+00:00\" \/>\n<meta property=\"og:image\" content=\"https:\/\/noticiasmercedinas.com\/site\/wp-content\/uploads\/2025\/06\/IMG-20250618-WA0162.jpg\" \/>\n\t<meta property=\"og:image:width\" content=\"1600\" \/>\n\t<meta property=\"og:image:height\" content=\"1200\" \/>\n\t<meta property=\"og:image:type\" content=\"image\/jpeg\" \/>\n<meta name=\"author\" content=\"NOTICIASMERCEDINAS.COM\" \/>\n<meta name=\"twitter:card\" content=\"summary_large_image\" \/>\n<meta name=\"twitter:creator\" content=\"@notmercedinas\" \/>\n<meta name=\"twitter:site\" content=\"@notmercedinas\" \/>\n<meta name=\"twitter:label1\" content=\"Escrito por\" \/>\n\t<meta name=\"twitter:data1\" content=\"NOTICIASMERCEDINAS.COM\" \/>\n\t<meta name=\"twitter:label2\" content=\"Tiempo de lectura\" \/>\n\t<meta name=\"twitter:data2\" content=\"2 minutos\" \/>\n<script type=\"application\/ld+json\" class=\"yoast-schema-graph\">{\"@context\":\"https:\\\/\\\/schema.org\",\"@graph\":[{\"@type\":\"Article\",\"@id\":\"https:\\\/\\\/noticiasmercedinas.com\\\/site\\\/2025\\\/06\\\/18\\\/amplia-delegacion-mercedina-participo-de-la-movilizacion-en-apoyo-a-cristina-fernandez-de-kirchner\\\/#article\",\"isPartOf\":{\"@id\":\"https:\\\/\\\/noticiasmercedinas.com\\\/site\\\/2025\\\/06\\\/18\\\/amplia-delegacion-mercedina-participo-de-la-movilizacion-en-apoyo-a-cristina-fernandez-de-kirchner\\\/\"},\"author\":{\"name\":\"NOTICIASMERCEDINAS.COM\",\"@id\":\"https:\\\/\\\/noticiasmercedinas.com\\\/site\\\/#\\\/schema\\\/person\\\/84b59c099c28ff2e8b77d4ceec5d8063\"},\"headline\":\"Amplia delegaci\u00f3n mercedina particip\u00f3 de la movilizaci\u00f3n en apoyo a Cristina Fern\u00e1ndez de Kirchner\",\"datePublished\":\"2025-06-18T23:43:26+00:00\",\"dateModified\":\"2025-06-18T23:45:31+00:00\",\"mainEntityOfPage\":{\"@id\":\"https:\\\/\\\/noticiasmercedinas.com\\\/site\\\/2025\\\/06\\\/18\\\/amplia-delegacion-mercedina-participo-de-la-movilizacion-en-apoyo-a-cristina-fernandez-de-kirchner\\\/\"},\"wordCount\":321,\"publisher\":{\"@id\":\"https:\\\/\\\/noticiasmercedinas.com\\\/site\\\/#organization\"},\"image\":{\"@id\":\"https:\\\/\\\/noticiasmercedinas.com\\\/site\\\/2025\\\/06\\\/18\\\/amplia-delegacion-mercedina-participo-de-la-movilizacion-en-apoyo-a-cristina-fernandez-de-kirchner\\\/#primaryimage\"},\"thumbnailUrl\":\"https:\\\/\\\/noticiasmercedinas.com\\\/site\\\/wp-content\\\/uploads\\\/2025\\\/06\\\/IMG-20250618-WA0162.jpg\",\"keywords\":[\"Cristina Fern\u00e1ndez de Kirchner\",\"marcha\",\"mercedes\",\"partido justicialista\"],\"articleSection\":[\"Politica\"],\"inLanguage\":\"es\"},{\"@type\":\"WebPage\",\"@id\":\"https:\\\/\\\/noticiasmercedinas.com\\\/site\\\/2025\\\/06\\\/18\\\/amplia-delegacion-mercedina-participo-de-la-movilizacion-en-apoyo-a-cristina-fernandez-de-kirchner\\\/\",\"url\":\"https:\\\/\\\/noticiasmercedinas.com\\\/site\\\/2025\\\/06\\\/18\\\/amplia-delegacion-mercedina-participo-de-la-movilizacion-en-apoyo-a-cristina-fernandez-de-kirchner\\\/\",\"name\":\"Amplia delegaci\u00f3n mercedina particip\u00f3 de la movilizaci\u00f3n en apoyo a Cristina Fern\u00e1ndez de Kirchner\",\"isPartOf\":{\"@id\":\"https:\\\/\\\/noticiasmercedinas.com\\\/site\\\/#website\"},\"primaryImageOfPage\":{\"@id\":\"https:\\\/\\\/noticiasmercedinas.com\\\/site\\\/2025\\\/06\\\/18\\\/amplia-delegacion-mercedina-participo-de-la-movilizacion-en-apoyo-a-cristina-fernandez-de-kirchner\\\/#primaryimage\"},\"image\":{\"@id\":\"https:\\\/\\\/noticiasmercedinas.com\\\/site\\\/2025\\\/06\\\/18\\\/amplia-delegacion-mercedina-participo-de-la-movilizacion-en-apoyo-a-cristina-fernandez-de-kirchner\\\/#primaryimage\"},\"thumbnailUrl\":\"https:\\\/\\\/noticiasmercedinas.com\\\/site\\\/wp-content\\\/uploads\\\/2025\\\/06\\\/IMG-20250618-WA0162.jpg\",\"datePublished\":\"2025-06-18T23:43:26+00:00\",\"dateModified\":\"2025-06-18T23:45:31+00:00\",\"description\":\"\u25a0 Desde la Unidad B\u00e1sica N\u00e9stor Kirchner, ubicada en avenida 29 y 38, parti\u00f3 una caravana de militantes y vecinos con destino a la Ciudad Aut\u00f3noma de Buenos Aires. En Capital, se sumaron a otros grupos\",\"breadcrumb\":{\"@id\":\"https:\\\/\\\/noticiasmercedinas.com\\\/site\\\/2025\\\/06\\\/18\\\/amplia-delegacion-mercedina-participo-de-la-movilizacion-en-apoyo-a-cristina-fernandez-de-kirchner\\\/#breadcrumb\"},\"inLanguage\":\"es\",\"potentialAction\":[{\"@type\":\"ReadAction\",\"target\":[\"https:\\\/\\\/noticiasmercedinas.com\\\/site\\\/2025\\\/06\\\/18\\\/amplia-delegacion-mercedina-participo-de-la-movilizacion-en-apoyo-a-cristina-fernandez-de-kirchner\\\/\"]}]},{\"@type\":\"ImageObject\",\"inLanguage\":\"es\",\"@id\":\"https:\\\/\\\/noticiasmercedinas.com\\\/site\\\/2025\\\/06\\\/18\\\/amplia-delegacion-mercedina-participo-de-la-movilizacion-en-apoyo-a-cristina-fernandez-de-kirchner\\\/#primaryimage\",\"url\":\"https:\\\/\\\/noticiasmercedinas.com\\\/site\\\/wp-content\\\/uploads\\\/2025\\\/06\\\/IMG-20250618-WA0162.jpg\",\"contentUrl\":\"https:\\\/\\\/noticiasmercedinas.com\\\/site\\\/wp-content\\\/uploads\\\/2025\\\/06\\\/IMG-20250618-WA0162.jpg\",\"width\":1600,\"height\":1200},{\"@type\":\"BreadcrumbList\",\"@id\":\"https:\\\/\\\/noticiasmercedinas.com\\\/site\\\/2025\\\/06\\\/18\\\/amplia-delegacion-mercedina-participo-de-la-movilizacion-en-apoyo-a-cristina-fernandez-de-kirchner\\\/#breadcrumb\",\"itemListElement\":[{\"@type\":\"ListItem\",\"position\":1,\"name\":\"Portada\",\"item\":\"https:\\\/\\\/noticiasmercedinas.com\\\/site\\\/\"},{\"@type\":\"ListItem\",\"position\":2,\"name\":\"Amplia delegaci\u00f3n mercedina particip\u00f3 de la movilizaci\u00f3n en apoyo a Cristina Fern\u00e1ndez de Kirchner\"}]},{\"@type\":\"WebSite\",\"@id\":\"https:\\\/\\\/noticiasmercedinas.com\\\/site\\\/#website\",\"url\":\"https:\\\/\\\/noticiasmercedinas.com\\\/site\\\/\",\"name\":\"NOTICIASMERCEDINAS.COM\",\"description\":\"Mercedes, Buenos Aires, Argentina\",\"publisher\":{\"@id\":\"https:\\\/\\\/noticiasmercedinas.com\\\/site\\\/#organization\"},\"potentialAction\":[{\"@type\":\"SearchAction\",\"target\":{\"@type\":\"EntryPoint\",\"urlTemplate\":\"https:\\\/\\\/noticiasmercedinas.com\\\/site\\\/?s={search_term_string}\"},\"query-input\":{\"@type\":\"PropertyValueSpecification\",\"valueRequired\":true,\"valueName\":\"search_term_string\"}}],\"inLanguage\":\"es\"},{\"@type\":\"Organization\",\"@id\":\"https:\\\/\\\/noticiasmercedinas.com\\\/site\\\/#organization\",\"name\":\"NOTICIASMERCEDINAS.COM\",\"url\":\"https:\\\/\\\/noticiasmercedinas.com\\\/site\\\/\",\"logo\":{\"@type\":\"ImageObject\",\"inLanguage\":\"es\",\"@id\":\"https:\\\/\\\/noticiasmercedinas.com\\\/site\\\/#\\\/schema\\\/logo\\\/image\\\/\",\"url\":\"https:\\\/\\\/noticiasmercedinas.com\\\/site\\\/wp-content\\\/uploads\\\/2020\\\/06\\\/LOGO-512.jpg\",\"contentUrl\":\"https:\\\/\\\/noticiasmercedinas.com\\\/site\\\/wp-content\\\/uploads\\\/2020\\\/06\\\/LOGO-512.jpg\",\"width\":512,\"height\":512,\"caption\":\"NOTICIASMERCEDINAS.COM\"},\"image\":{\"@id\":\"https:\\\/\\\/noticiasmercedinas.com\\\/site\\\/#\\\/schema\\\/logo\\\/image\\\/\"},\"sameAs\":[\"https:\\\/\\\/www.facebook.com\\\/noticiasmercedinas\\\/\",\"https:\\\/\\\/x.com\\\/notmercedinas\",\"https:\\\/\\\/www.instagram.com\\\/noticiasmercedinas\\\/\"]},{\"@type\":\"Person\",\"@id\":\"https:\\\/\\\/noticiasmercedinas.com\\\/site\\\/#\\\/schema\\\/person\\\/84b59c099c28ff2e8b77d4ceec5d8063\",\"name\":\"NOTICIASMERCEDINAS.COM\",\"image\":{\"@type\":\"ImageObject\",\"inLanguage\":\"es\",\"@id\":\"https:\\\/\\\/secure.gravatar.com\\\/avatar\\\/4dfbf16b4d17945bfb6341b2d19043457132fcf478a5ee04f42e959fd8f5df0a?s=96&d=mm&r=g\",\"url\":\"https:\\\/\\\/secure.gravatar.com\\\/avatar\\\/4dfbf16b4d17945bfb6341b2d19043457132fcf478a5ee04f42e959fd8f5df0a?s=96&d=mm&r=g\",\"contentUrl\":\"https:\\\/\\\/secure.gravatar.com\\\/avatar\\\/4dfbf16b4d17945bfb6341b2d19043457132fcf478a5ee04f42e959fd8f5df0a?s=96&d=mm&r=g\",\"caption\":\"NOTICIASMERCEDINAS.COM\"},\"url\":\"https:\\\/\\\/noticiasmercedinas.com\\\/site\\\/author\\\/anonimo\\\/\"}]}<\/script>\n<!-- \/ Yoast SEO plugin. -->","yoast_head_json":{"title":"Amplia delegaci\u00f3n mercedina particip\u00f3 de la movilizaci\u00f3n en apoyo a Cristina Fern\u00e1ndez de Kirchner","description":"\u25a0 Desde la Unidad B\u00e1sica N\u00e9stor Kirchner, ubicada en avenida 29 y 38, parti\u00f3 una caravana de militantes y vecinos con destino a la Ciudad Aut\u00f3noma de Buenos Aires. En Capital, se sumaron a otros grupos","robots":{"index":"index","follow":"follow","max-snippet":"max-snippet:-1","max-image-preview":"max-image-preview:large","max-video-preview":"max-video-preview:-1"},"canonical":"https:\/\/noticiasmercedinas.com\/site\/2025\/06\/18\/amplia-delegacion-mercedina-participo-de-la-movilizacion-en-apoyo-a-cristina-fernandez-de-kirchner\/","og_locale":"es_ES","og_type":"article","og_title":"Amplia delegaci\u00f3n mercedina particip\u00f3 de la movilizaci\u00f3n en apoyo a Cristina Fern\u00e1ndez de Kirchner","og_description":"\u25a0 Desde la Unidad B\u00e1sica N\u00e9stor Kirchner, ubicada en avenida 29 y 38, parti\u00f3 una caravana de militantes y vecinos con destino a la Ciudad Aut\u00f3noma de Buenos Aires. En Capital, se sumaron a otros grupos","og_url":"https:\/\/noticiasmercedinas.com\/site\/2025\/06\/18\/amplia-delegacion-mercedina-participo-de-la-movilizacion-en-apoyo-a-cristina-fernandez-de-kirchner\/","og_site_name":"NOTICIASMERCEDINAS.COM","article_publisher":"https:\/\/www.facebook.com\/noticiasmercedinas\/","article_published_time":"2025-06-18T23:43:26+00:00","article_modified_time":"2025-06-18T23:45:31+00:00","og_image":[{"width":1600,"height":1200,"url":"https:\/\/noticiasmercedinas.com\/site\/wp-content\/uploads\/2025\/06\/IMG-20250618-WA0162.jpg","type":"image\/jpeg"}],"author":"NOTICIASMERCEDINAS.COM","twitter_card":"summary_large_image","twitter_creator":"@notmercedinas","twitter_site":"@notmercedinas","twitter_misc":{"Escrito por":"NOTICIASMERCEDINAS.COM","Tiempo de lectura":"2 minutos"},"schema":{"@context":"https:\/\/schema.org","@graph":[{"@type":"Article","@id":"https:\/\/noticiasmercedinas.com\/site\/2025\/06\/18\/amplia-delegacion-mercedina-participo-de-la-movilizacion-en-apoyo-a-cristina-fernandez-de-kirchner\/#article","isPartOf":{"@id":"https:\/\/noticiasmercedinas.com\/site\/2025\/06\/18\/amplia-delegacion-mercedina-participo-de-la-movilizacion-en-apoyo-a-cristina-fernandez-de-kirchner\/"},"author":{"name":"NOTICIASMERCEDINAS.COM","@id":"https:\/\/noticiasmercedinas.com\/site\/#\/schema\/person\/84b59c099c28ff2e8b77d4ceec5d8063"},"headline":"Amplia delegaci\u00f3n mercedina particip\u00f3 de la movilizaci\u00f3n en apoyo a Cristina Fern\u00e1ndez de Kirchner","datePublished":"2025-06-18T23:43:26+00:00","dateModified":"2025-06-18T23:45:31+00:00","mainEntityOfPage":{"@id":"https:\/\/noticiasmercedinas.com\/site\/2025\/06\/18\/amplia-delegacion-mercedina-participo-de-la-movilizacion-en-apoyo-a-cristina-fernandez-de-kirchner\/"},"wordCount":321,"publisher":{"@id":"https:\/\/noticiasmercedinas.com\/site\/#organization"},"image":{"@id":"https:\/\/noticiasmercedinas.com\/site\/2025\/06\/18\/amplia-delegacion-mercedina-participo-de-la-movilizacion-en-apoyo-a-cristina-fernandez-de-kirchner\/#primaryimage"},"thumbnailUrl":"https:\/\/noticiasmercedinas.com\/site\/wp-content\/uploads\/2025\/06\/IMG-20250618-WA0162.jpg","keywords":["Cristina Fern\u00e1ndez de Kirchner","marcha","mercedes","partido justicialista"],"articleSection":["Politica"],"inLanguage":"es"},{"@type":"WebPage","@id":"https:\/\/noticiasmercedinas.com\/site\/2025\/06\/18\/amplia-delegacion-mercedina-participo-de-la-movilizacion-en-apoyo-a-cristina-fernandez-de-kirchner\/","url":"https:\/\/noticiasmercedinas.com\/site\/2025\/06\/18\/amplia-delegacion-mercedina-participo-de-la-movilizacion-en-apoyo-a-cristina-fernandez-de-kirchner\/","name":"Amplia delegaci\u00f3n mercedina particip\u00f3 de la movilizaci\u00f3n en apoyo a Cristina Fern\u00e1ndez de Kirchner","isPartOf":{"@id":"https:\/\/noticiasmercedinas.com\/site\/#website"},"primaryImageOfPage":{"@id":"https:\/\/noticiasmercedinas.com\/site\/2025\/06\/18\/amplia-delegacion-mercedina-participo-de-la-movilizacion-en-apoyo-a-cristina-fernandez-de-kirchner\/#primaryimage"},"image":{"@id":"https:\/\/noticiasmercedinas.com\/site\/2025\/06\/18\/amplia-delegacion-mercedina-participo-de-la-movilizacion-en-apoyo-a-cristina-fernandez-de-kirchner\/#primaryimage"},"thumbnailUrl":"https:\/\/noticiasmercedinas.com\/site\/wp-content\/uploads\/2025\/06\/IMG-20250618-WA0162.jpg","datePublished":"2025-06-18T23:43:26+00:00","dateModified":"2025-06-18T23:45:31+00:00","description":"\u25a0 Desde la Unidad B\u00e1sica N\u00e9stor Kirchner, ubicada en avenida 29 y 38, parti\u00f3 una caravana de militantes y vecinos con destino a la Ciudad Aut\u00f3noma de Buenos Aires. En Capital, se sumaron a otros grupos","breadcrumb":{"@id":"https:\/\/noticiasmercedinas.com\/site\/2025\/06\/18\/amplia-delegacion-mercedina-participo-de-la-movilizacion-en-apoyo-a-cristina-fernandez-de-kirchner\/#breadcrumb"},"inLanguage":"es","potentialAction":[{"@type":"ReadAction","target":["https:\/\/noticiasmercedinas.com\/site\/2025\/06\/18\/amplia-delegacion-mercedina-participo-de-la-movilizacion-en-apoyo-a-cristina-fernandez-de-kirchner\/"]}]},{"@type":"ImageObject","inLanguage":"es","@id":"https:\/\/noticiasmercedinas.com\/site\/2025\/06\/18\/amplia-delegacion-mercedina-participo-de-la-movilizacion-en-apoyo-a-cristina-fernandez-de-kirchner\/#primaryimage","url":"https:\/\/noticiasmercedinas.com\/site\/wp-content\/uploads\/2025\/06\/IMG-20250618-WA0162.jpg","contentUrl":"https:\/\/noticiasmercedinas.com\/site\/wp-content\/uploads\/2025\/06\/IMG-20250618-WA0162.jpg","width":1600,"height":1200},{"@type":"BreadcrumbList","@id":"https:\/\/noticiasmercedinas.com\/site\/2025\/06\/18\/amplia-delegacion-mercedina-participo-de-la-movilizacion-en-apoyo-a-cristina-fernandez-de-kirchner\/#breadcrumb","itemListElement":[{"@type":"ListItem","position":1,"name":"Portada","item":"https:\/\/noticiasmercedinas.com\/site\/"},{"@type":"ListItem","position":2,"name":"Amplia delegaci\u00f3n mercedina particip\u00f3 de la movilizaci\u00f3n en apoyo a Cristina Fern\u00e1ndez de Kirchner"}]},{"@type":"WebSite","@id":"https:\/\/noticiasmercedinas.com\/site\/#website","url":"https:\/\/noticiasmercedinas.com\/site\/","name":"NOTICIASMERCEDINAS.COM","description":"Mercedes, Buenos Aires, Argentina","publisher":{"@id":"https:\/\/noticiasmercedinas.com\/site\/#organization"},"potentialAction":[{"@type":"SearchAction","target":{"@type":"EntryPoint","urlTemplate":"https:\/\/noticiasmercedinas.com\/site\/?s={search_term_string}"},"query-input":{"@type":"PropertyValueSpecification","valueRequired":true,"valueName":"search_term_string"}}],"inLanguage":"es"},{"@type":"Organization","@id":"https:\/\/noticiasmercedinas.com\/site\/#organization","name":"NOTICIASMERCEDINAS.COM","url":"https:\/\/noticiasmercedinas.com\/site\/","logo":{"@type":"ImageObject","inLanguage":"es","@id":"https:\/\/noticiasmercedinas.com\/site\/#\/schema\/logo\/image\/","url":"https:\/\/noticiasmercedinas.com\/site\/wp-content\/uploads\/2020\/06\/LOGO-512.jpg","contentUrl":"https:\/\/noticiasmercedinas.com\/site\/wp-content\/uploads\/2020\/06\/LOGO-512.jpg","width":512,"height":512,"caption":"NOTICIASMERCEDINAS.COM"},"image":{"@id":"https:\/\/noticiasmercedinas.com\/site\/#\/schema\/logo\/image\/"},"sameAs":["https:\/\/www.facebook.com\/noticiasmercedinas\/","https:\/\/x.com\/notmercedinas","https:\/\/www.instagram.com\/noticiasmercedinas\/"]},{"@type":"Person","@id":"https:\/\/noticiasmercedinas.com\/site\/#\/schema\/person\/84b59c099c28ff2e8b77d4ceec5d8063","name":"NOTICIASMERCEDINAS.COM","image":{"@type":"ImageObject","inLanguage":"es","@id":"https:\/\/secure.gravatar.com\/avatar\/4dfbf16b4d17945bfb6341b2d19043457132fcf478a5ee04f42e959fd8f5df0a?s=96&d=mm&r=g","url":"https:\/\/secure.gravatar.com\/avatar\/4dfbf16b4d17945bfb6341b2d19043457132fcf478a5ee04f42e959fd8f5df0a?s=96&d=mm&r=g","contentUrl":"https:\/\/secure.gravatar.com\/avatar\/4dfbf16b4d17945bfb6341b2d19043457132fcf478a5ee04f42e959fd8f5df0a?s=96&d=mm&r=g","caption":"NOTICIASMERCEDINAS.COM"},"url":"https:\/\/noticiasmercedinas.com\/site\/author\/anonimo\/"}]}},"amp_enabled":true,"_links":{"self":[{"href":"https:\/\/noticiasmercedinas.com\/site\/wp-json\/wp\/v2\/posts\/161953","targetHints":{"allow":["GET"]}}],"collection":[{"href":"https:\/\/noticiasmercedinas.com\/site\/wp-json\/wp\/v2\/posts"}],"about":[{"href":"https:\/\/noticiasmercedinas.com\/site\/wp-json\/wp\/v2\/types\/post"}],"author":[{"embeddable":true,"href":"https:\/\/noticiasmercedinas.com\/site\/wp-json\/wp\/v2\/users\/16"}],"replies":[{"embeddable":true,"href":"https:\/\/noticiasmercedinas.com\/site\/wp-json\/wp\/v2\/comments?post=161953"}],"version-history":[{"count":4,"href":"https:\/\/noticiasmercedinas.com\/site\/wp-json\/wp\/v2\/posts\/161953\/revisions"}],"predecessor-version":[{"id":161959,"href":"https:\/\/noticiasmercedinas.com\/site\/wp-json\/wp\/v2\/posts\/161953\/revisions\/161959"}],"wp:featuredmedia":[{"embeddable":true,"href":"https:\/\/noticiasmercedinas.com\/site\/wp-json\/wp\/v2\/media\/161955"}],"wp:attachment":[{"href":"https:\/\/noticiasmercedinas.com\/site\/wp-json\/wp\/v2\/media?parent=161953"}],"wp:term":[{"taxonomy":"category","embeddable":true,"href":"https:\/\/noticiasmercedinas.com\/site\/wp-json\/wp\/v2\/categories?post=161953"},{"taxonomy":"post_tag","embeddable":true,"href":"https:\/\/noticiasmercedinas.com\/site\/wp-json\/wp\/v2\/tags?post=161953"}],"curies":[{"name":"wp","href":"https:\/\/api.w.org\/{rel}","templated":true}]}}