{"id":162257,"date":"2025-06-23T10:20:21","date_gmt":"2025-06-23T13:20:21","guid":{"rendered":"https:\/\/noticiasmercedinas.com\/site\/?p=162257"},"modified":"2025-06-23T11:25:33","modified_gmt":"2025-06-23T14:25:33","slug":"continua-el-ciclo-universo-cine-con-la-proyeccion-de-julio-cesar-en-el-colegio-de-abogados","status":"publish","type":"post","link":"https:\/\/noticiasmercedinas.com\/site\/2025\/06\/23\/continua-el-ciclo-universo-cine-con-la-proyeccion-de-julio-cesar-en-el-colegio-de-abogados\/","title":{"rendered":"Contin\u00faa el ciclo Universo Cine con la proyecci\u00f3n de \u201cJulio C\u00e9sar\u201d en el Colegio de Abogados"},"content":{"rendered":"<p><img loading=\"lazy\" decoding=\"async\" class=\"alignnone size-full wp-image-162259\" src=\"https:\/\/noticiasmercedinas.com\/site\/wp-content\/uploads\/2025\/06\/JULIUS.jpg\" alt=\"\" width=\"640\" height=\"429\" srcset=\"https:\/\/noticiasmercedinas.com\/site\/wp-content\/uploads\/2025\/06\/JULIUS.jpg 640w, https:\/\/noticiasmercedinas.com\/site\/wp-content\/uploads\/2025\/06\/JULIUS-300x201.jpg 300w, https:\/\/noticiasmercedinas.com\/site\/wp-content\/uploads\/2025\/06\/JULIUS-537x360.jpg 537w\" sizes=\"auto, (max-width: 640px) 100vw, 640px\" \/><\/p>\n<p>Este viernes 27 de junio a las 19 horas, se llevar\u00e1 a cabo una nueva funci\u00f3n del ciclo Universo Cine, una propuesta cultural organizada por el Colegio de Abogados del Departamento Judicial Mercedes, coordinada por el especialista <strong>Carlos Mar\u00eda Dieuzeide<\/strong>. La cita ser\u00e1 en el Sal\u00f3n de Actos del CADJM, ubicado en calle 24 N\u00b0 705, primer piso, y la pel\u00edcula elegida para esta ocasi\u00f3n es el cl\u00e1sico \u201cJulio C\u00e9sar\u201d (1953), dirigido por Joseph L. Mankiewicz.<\/p>\n<p>El ciclo, que ya se ha consolidado como un espacio de encuentro entre el cine, la historia y el pensamiento, propone revisitar grandes obras cinematogr\u00e1ficas con una mirada reflexiva y formativa. Cada encuentro est\u00e1 guiado por Dieuzeide, quien ofrece una introducci\u00f3n conceptual antes de cada funci\u00f3n y coordina un intercambio posterior, enriqueciendo la experiencia a partir del an\u00e1lisis f\u00edlmico, las referencias literarias y el contexto hist\u00f3rico de las obras.<\/p>\n<p>En esta edici\u00f3n se proyectar\u00e1 una de las adaptaciones cinematogr\u00e1ficas m\u00e1s recordadas de la tragedia de William Shakespeare, que pone en escena la tensi\u00f3n entre la ambici\u00f3n, la traici\u00f3n y el poder en el seno de la Roma antigua. La pel\u00edcula cuenta con actuaciones memorables de Marlon Brando (como Marco Antonio) y James Mason (como Bruto), en un relato que expone los dilemas morales y pol\u00edticos de quienes se enfrentan a la figura de C\u00e9sar y al destino de una rep\u00fablica en crisis.<\/p>\n<p>\u201cJulio C\u00e9sar\u201d fue ganadora del Oscar al mejor dise\u00f1o de producci\u00f3n en blanco y negro y recibi\u00f3 otras importantes nominaciones, consolid\u00e1ndose como una obra maestra del cine cl\u00e1sico que combina el rigor teatral con la potencia del lenguaje cinematogr\u00e1fico.<\/p>\n<p>La actividad es libre y gratuita, aunque requiere inscripci\u00f3n previa a trav\u00e9s del correo electr\u00f3nico <a href=\"mailto:gerente@camercedes.org.ar\">gerente@camercedes.org.ar<\/a>. Desde la organizaci\u00f3n se invita especialmente a estudiantes, profesionales del derecho, docentes y amantes del cine y la literatura a participar de este espacio de formaci\u00f3n y di\u00e1logo.<\/p>\n<p>Con esta iniciativa, el Colegio de Abogados de Mercedes no solo abre sus puertas a la comunidad para una propuesta cultural de calidad, sino que apuesta a fortalecer el pensamiento cr\u00edtico y el acceso a bienes culturales a trav\u00e9s del cine.<\/p>\n","protected":false},"excerpt":{"rendered":"<p>\u25a0 La cita ser\u00e1 este viernes 27 de junio a las 19 horas en el Sal\u00f3n de Actos del CADJM, ubicado en calle 24 N\u00b0 705, primer piso. Con entrada libre y gratuita e inscripci\u00f3n previa<\/p>\n","protected":false},"author":16,"featured_media":162259,"comment_status":"closed","ping_status":"closed","sticky":false,"template":"","format":"standard","meta":{"footnotes":""},"categories":[4],"tags":[17235,412,560,18819],"class_list":["post-162257","post","type-post","status-publish","format-standard","has-post-thumbnail","hentry","category-cultura","tag-carlos-maria-dieuzeide","tag-cine","tag-colegio-de-abogados","tag-universo-cine"],"yoast_head":"<!-- This site is optimized with the Yoast SEO plugin v27.4 - https:\/\/yoast.com\/product\/yoast-seo-wordpress\/ -->\n<title>Contin\u00faa el ciclo Universo Cine con la proyecci\u00f3n de \u201cJulio C\u00e9sar\u201d en el Colegio de Abogados<\/title>\n<meta name=\"description\" content=\"La cita ser\u00e1 este viernes 27 de junio a las 19 horas en el Sal\u00f3n de Actos del CADJM, ubicado en calle 24 N\u00b0 705, primer piso. Con entrada libre y gratuita e inscripci\u00f3n previa\" \/>\n<meta name=\"robots\" content=\"index, follow, max-snippet:-1, max-image-preview:large, max-video-preview:-1\" \/>\n<link rel=\"canonical\" href=\"https:\/\/noticiasmercedinas.com\/site\/2025\/06\/23\/continua-el-ciclo-universo-cine-con-la-proyeccion-de-julio-cesar-en-el-colegio-de-abogados\/\" \/>\n<meta property=\"og:locale\" content=\"es_ES\" \/>\n<meta property=\"og:type\" content=\"article\" \/>\n<meta property=\"og:title\" content=\"Contin\u00faa el ciclo Universo Cine con la proyecci\u00f3n de \u201cJulio C\u00e9sar\u201d en el Colegio de Abogados\" \/>\n<meta property=\"og:description\" content=\"La cita ser\u00e1 este viernes 27 de junio a las 19 horas en el Sal\u00f3n de Actos del CADJM, ubicado en calle 24 N\u00b0 705, primer piso. Con entrada libre y gratuita e inscripci\u00f3n previa\" \/>\n<meta property=\"og:url\" content=\"https:\/\/noticiasmercedinas.com\/site\/2025\/06\/23\/continua-el-ciclo-universo-cine-con-la-proyeccion-de-julio-cesar-en-el-colegio-de-abogados\/\" \/>\n<meta property=\"og:site_name\" content=\"NOTICIASMERCEDINAS.COM\" \/>\n<meta property=\"article:publisher\" content=\"https:\/\/www.facebook.com\/noticiasmercedinas\/\" \/>\n<meta property=\"article:published_time\" content=\"2025-06-23T13:20:21+00:00\" \/>\n<meta property=\"article:modified_time\" content=\"2025-06-23T14:25:33+00:00\" \/>\n<meta property=\"og:image\" content=\"https:\/\/noticiasmercedinas.com\/site\/wp-content\/uploads\/2025\/06\/JULIUS.jpg\" \/>\n\t<meta property=\"og:image:width\" content=\"640\" \/>\n\t<meta property=\"og:image:height\" content=\"429\" \/>\n\t<meta property=\"og:image:type\" content=\"image\/jpeg\" \/>\n<meta name=\"author\" content=\"NOTICIASMERCEDINAS.COM\" \/>\n<meta name=\"twitter:card\" content=\"summary_large_image\" \/>\n<meta name=\"twitter:creator\" content=\"@notmercedinas\" \/>\n<meta name=\"twitter:site\" content=\"@notmercedinas\" \/>\n<meta name=\"twitter:label1\" content=\"Escrito por\" \/>\n\t<meta name=\"twitter:data1\" content=\"NOTICIASMERCEDINAS.COM\" \/>\n\t<meta name=\"twitter:label2\" content=\"Tiempo de lectura\" \/>\n\t<meta name=\"twitter:data2\" content=\"3 minutos\" \/>\n<script type=\"application\/ld+json\" class=\"yoast-schema-graph\">{\"@context\":\"https:\\\/\\\/schema.org\",\"@graph\":[{\"@type\":\"Article\",\"@id\":\"https:\\\/\\\/noticiasmercedinas.com\\\/site\\\/2025\\\/06\\\/23\\\/continua-el-ciclo-universo-cine-con-la-proyeccion-de-julio-cesar-en-el-colegio-de-abogados\\\/#article\",\"isPartOf\":{\"@id\":\"https:\\\/\\\/noticiasmercedinas.com\\\/site\\\/2025\\\/06\\\/23\\\/continua-el-ciclo-universo-cine-con-la-proyeccion-de-julio-cesar-en-el-colegio-de-abogados\\\/\"},\"author\":{\"name\":\"NOTICIASMERCEDINAS.COM\",\"@id\":\"https:\\\/\\\/noticiasmercedinas.com\\\/site\\\/#\\\/schema\\\/person\\\/84b59c099c28ff2e8b77d4ceec5d8063\"},\"headline\":\"Contin\u00faa el ciclo Universo Cine con la proyecci\u00f3n de \u201cJulio C\u00e9sar\u201d en el Colegio de Abogados\",\"datePublished\":\"2025-06-23T13:20:21+00:00\",\"dateModified\":\"2025-06-23T14:25:33+00:00\",\"mainEntityOfPage\":{\"@id\":\"https:\\\/\\\/noticiasmercedinas.com\\\/site\\\/2025\\\/06\\\/23\\\/continua-el-ciclo-universo-cine-con-la-proyeccion-de-julio-cesar-en-el-colegio-de-abogados\\\/\"},\"wordCount\":406,\"publisher\":{\"@id\":\"https:\\\/\\\/noticiasmercedinas.com\\\/site\\\/#organization\"},\"image\":{\"@id\":\"https:\\\/\\\/noticiasmercedinas.com\\\/site\\\/2025\\\/06\\\/23\\\/continua-el-ciclo-universo-cine-con-la-proyeccion-de-julio-cesar-en-el-colegio-de-abogados\\\/#primaryimage\"},\"thumbnailUrl\":\"https:\\\/\\\/noticiasmercedinas.com\\\/site\\\/wp-content\\\/uploads\\\/2025\\\/06\\\/JULIUS.jpg\",\"keywords\":[\"Carlos Mar\u00eda Dieuzeide\",\"cine\",\"colegio de abogados\",\"universo cine\"],\"articleSection\":[\"Cultura\"],\"inLanguage\":\"es\"},{\"@type\":\"WebPage\",\"@id\":\"https:\\\/\\\/noticiasmercedinas.com\\\/site\\\/2025\\\/06\\\/23\\\/continua-el-ciclo-universo-cine-con-la-proyeccion-de-julio-cesar-en-el-colegio-de-abogados\\\/\",\"url\":\"https:\\\/\\\/noticiasmercedinas.com\\\/site\\\/2025\\\/06\\\/23\\\/continua-el-ciclo-universo-cine-con-la-proyeccion-de-julio-cesar-en-el-colegio-de-abogados\\\/\",\"name\":\"Contin\u00faa el ciclo Universo Cine con la proyecci\u00f3n de \u201cJulio C\u00e9sar\u201d en el Colegio de Abogados\",\"isPartOf\":{\"@id\":\"https:\\\/\\\/noticiasmercedinas.com\\\/site\\\/#website\"},\"primaryImageOfPage\":{\"@id\":\"https:\\\/\\\/noticiasmercedinas.com\\\/site\\\/2025\\\/06\\\/23\\\/continua-el-ciclo-universo-cine-con-la-proyeccion-de-julio-cesar-en-el-colegio-de-abogados\\\/#primaryimage\"},\"image\":{\"@id\":\"https:\\\/\\\/noticiasmercedinas.com\\\/site\\\/2025\\\/06\\\/23\\\/continua-el-ciclo-universo-cine-con-la-proyeccion-de-julio-cesar-en-el-colegio-de-abogados\\\/#primaryimage\"},\"thumbnailUrl\":\"https:\\\/\\\/noticiasmercedinas.com\\\/site\\\/wp-content\\\/uploads\\\/2025\\\/06\\\/JULIUS.jpg\",\"datePublished\":\"2025-06-23T13:20:21+00:00\",\"dateModified\":\"2025-06-23T14:25:33+00:00\",\"description\":\"La cita ser\u00e1 este viernes 27 de junio a las 19 horas en el Sal\u00f3n de Actos del CADJM, ubicado en calle 24 N\u00b0 705, primer piso. Con entrada libre y gratuita e inscripci\u00f3n previa\",\"breadcrumb\":{\"@id\":\"https:\\\/\\\/noticiasmercedinas.com\\\/site\\\/2025\\\/06\\\/23\\\/continua-el-ciclo-universo-cine-con-la-proyeccion-de-julio-cesar-en-el-colegio-de-abogados\\\/#breadcrumb\"},\"inLanguage\":\"es\",\"potentialAction\":[{\"@type\":\"ReadAction\",\"target\":[\"https:\\\/\\\/noticiasmercedinas.com\\\/site\\\/2025\\\/06\\\/23\\\/continua-el-ciclo-universo-cine-con-la-proyeccion-de-julio-cesar-en-el-colegio-de-abogados\\\/\"]}]},{\"@type\":\"ImageObject\",\"inLanguage\":\"es\",\"@id\":\"https:\\\/\\\/noticiasmercedinas.com\\\/site\\\/2025\\\/06\\\/23\\\/continua-el-ciclo-universo-cine-con-la-proyeccion-de-julio-cesar-en-el-colegio-de-abogados\\\/#primaryimage\",\"url\":\"https:\\\/\\\/noticiasmercedinas.com\\\/site\\\/wp-content\\\/uploads\\\/2025\\\/06\\\/JULIUS.jpg\",\"contentUrl\":\"https:\\\/\\\/noticiasmercedinas.com\\\/site\\\/wp-content\\\/uploads\\\/2025\\\/06\\\/JULIUS.jpg\",\"width\":640,\"height\":429},{\"@type\":\"BreadcrumbList\",\"@id\":\"https:\\\/\\\/noticiasmercedinas.com\\\/site\\\/2025\\\/06\\\/23\\\/continua-el-ciclo-universo-cine-con-la-proyeccion-de-julio-cesar-en-el-colegio-de-abogados\\\/#breadcrumb\",\"itemListElement\":[{\"@type\":\"ListItem\",\"position\":1,\"name\":\"Portada\",\"item\":\"https:\\\/\\\/noticiasmercedinas.com\\\/site\\\/\"},{\"@type\":\"ListItem\",\"position\":2,\"name\":\"Contin\u00faa el ciclo Universo Cine con la proyecci\u00f3n de \u201cJulio C\u00e9sar\u201d en el Colegio de Abogados\"}]},{\"@type\":\"WebSite\",\"@id\":\"https:\\\/\\\/noticiasmercedinas.com\\\/site\\\/#website\",\"url\":\"https:\\\/\\\/noticiasmercedinas.com\\\/site\\\/\",\"name\":\"NOTICIASMERCEDINAS.COM\",\"description\":\"Mercedes, Buenos Aires, Argentina\",\"publisher\":{\"@id\":\"https:\\\/\\\/noticiasmercedinas.com\\\/site\\\/#organization\"},\"potentialAction\":[{\"@type\":\"SearchAction\",\"target\":{\"@type\":\"EntryPoint\",\"urlTemplate\":\"https:\\\/\\\/noticiasmercedinas.com\\\/site\\\/?s={search_term_string}\"},\"query-input\":{\"@type\":\"PropertyValueSpecification\",\"valueRequired\":true,\"valueName\":\"search_term_string\"}}],\"inLanguage\":\"es\"},{\"@type\":\"Organization\",\"@id\":\"https:\\\/\\\/noticiasmercedinas.com\\\/site\\\/#organization\",\"name\":\"NOTICIASMERCEDINAS.COM\",\"url\":\"https:\\\/\\\/noticiasmercedinas.com\\\/site\\\/\",\"logo\":{\"@type\":\"ImageObject\",\"inLanguage\":\"es\",\"@id\":\"https:\\\/\\\/noticiasmercedinas.com\\\/site\\\/#\\\/schema\\\/logo\\\/image\\\/\",\"url\":\"https:\\\/\\\/noticiasmercedinas.com\\\/site\\\/wp-content\\\/uploads\\\/2020\\\/06\\\/LOGO-512.jpg\",\"contentUrl\":\"https:\\\/\\\/noticiasmercedinas.com\\\/site\\\/wp-content\\\/uploads\\\/2020\\\/06\\\/LOGO-512.jpg\",\"width\":512,\"height\":512,\"caption\":\"NOTICIASMERCEDINAS.COM\"},\"image\":{\"@id\":\"https:\\\/\\\/noticiasmercedinas.com\\\/site\\\/#\\\/schema\\\/logo\\\/image\\\/\"},\"sameAs\":[\"https:\\\/\\\/www.facebook.com\\\/noticiasmercedinas\\\/\",\"https:\\\/\\\/x.com\\\/notmercedinas\",\"https:\\\/\\\/www.instagram.com\\\/noticiasmercedinas\\\/\"]},{\"@type\":\"Person\",\"@id\":\"https:\\\/\\\/noticiasmercedinas.com\\\/site\\\/#\\\/schema\\\/person\\\/84b59c099c28ff2e8b77d4ceec5d8063\",\"name\":\"NOTICIASMERCEDINAS.COM\",\"image\":{\"@type\":\"ImageObject\",\"inLanguage\":\"es\",\"@id\":\"https:\\\/\\\/secure.gravatar.com\\\/avatar\\\/4dfbf16b4d17945bfb6341b2d19043457132fcf478a5ee04f42e959fd8f5df0a?s=96&d=mm&r=g\",\"url\":\"https:\\\/\\\/secure.gravatar.com\\\/avatar\\\/4dfbf16b4d17945bfb6341b2d19043457132fcf478a5ee04f42e959fd8f5df0a?s=96&d=mm&r=g\",\"contentUrl\":\"https:\\\/\\\/secure.gravatar.com\\\/avatar\\\/4dfbf16b4d17945bfb6341b2d19043457132fcf478a5ee04f42e959fd8f5df0a?s=96&d=mm&r=g\",\"caption\":\"NOTICIASMERCEDINAS.COM\"},\"url\":\"https:\\\/\\\/noticiasmercedinas.com\\\/site\\\/author\\\/anonimo\\\/\"}]}<\/script>\n<!-- \/ Yoast SEO plugin. -->","yoast_head_json":{"title":"Contin\u00faa el ciclo Universo Cine con la proyecci\u00f3n de \u201cJulio C\u00e9sar\u201d en el Colegio de Abogados","description":"La cita ser\u00e1 este viernes 27 de junio a las 19 horas en el Sal\u00f3n de Actos del CADJM, ubicado en calle 24 N\u00b0 705, primer piso. Con entrada libre y gratuita e inscripci\u00f3n previa","robots":{"index":"index","follow":"follow","max-snippet":"max-snippet:-1","max-image-preview":"max-image-preview:large","max-video-preview":"max-video-preview:-1"},"canonical":"https:\/\/noticiasmercedinas.com\/site\/2025\/06\/23\/continua-el-ciclo-universo-cine-con-la-proyeccion-de-julio-cesar-en-el-colegio-de-abogados\/","og_locale":"es_ES","og_type":"article","og_title":"Contin\u00faa el ciclo Universo Cine con la proyecci\u00f3n de \u201cJulio C\u00e9sar\u201d en el Colegio de Abogados","og_description":"La cita ser\u00e1 este viernes 27 de junio a las 19 horas en el Sal\u00f3n de Actos del CADJM, ubicado en calle 24 N\u00b0 705, primer piso. Con entrada libre y gratuita e inscripci\u00f3n previa","og_url":"https:\/\/noticiasmercedinas.com\/site\/2025\/06\/23\/continua-el-ciclo-universo-cine-con-la-proyeccion-de-julio-cesar-en-el-colegio-de-abogados\/","og_site_name":"NOTICIASMERCEDINAS.COM","article_publisher":"https:\/\/www.facebook.com\/noticiasmercedinas\/","article_published_time":"2025-06-23T13:20:21+00:00","article_modified_time":"2025-06-23T14:25:33+00:00","og_image":[{"width":640,"height":429,"url":"https:\/\/noticiasmercedinas.com\/site\/wp-content\/uploads\/2025\/06\/JULIUS.jpg","type":"image\/jpeg"}],"author":"NOTICIASMERCEDINAS.COM","twitter_card":"summary_large_image","twitter_creator":"@notmercedinas","twitter_site":"@notmercedinas","twitter_misc":{"Escrito por":"NOTICIASMERCEDINAS.COM","Tiempo de lectura":"3 minutos"},"schema":{"@context":"https:\/\/schema.org","@graph":[{"@type":"Article","@id":"https:\/\/noticiasmercedinas.com\/site\/2025\/06\/23\/continua-el-ciclo-universo-cine-con-la-proyeccion-de-julio-cesar-en-el-colegio-de-abogados\/#article","isPartOf":{"@id":"https:\/\/noticiasmercedinas.com\/site\/2025\/06\/23\/continua-el-ciclo-universo-cine-con-la-proyeccion-de-julio-cesar-en-el-colegio-de-abogados\/"},"author":{"name":"NOTICIASMERCEDINAS.COM","@id":"https:\/\/noticiasmercedinas.com\/site\/#\/schema\/person\/84b59c099c28ff2e8b77d4ceec5d8063"},"headline":"Contin\u00faa el ciclo Universo Cine con la proyecci\u00f3n de \u201cJulio C\u00e9sar\u201d en el Colegio de Abogados","datePublished":"2025-06-23T13:20:21+00:00","dateModified":"2025-06-23T14:25:33+00:00","mainEntityOfPage":{"@id":"https:\/\/noticiasmercedinas.com\/site\/2025\/06\/23\/continua-el-ciclo-universo-cine-con-la-proyeccion-de-julio-cesar-en-el-colegio-de-abogados\/"},"wordCount":406,"publisher":{"@id":"https:\/\/noticiasmercedinas.com\/site\/#organization"},"image":{"@id":"https:\/\/noticiasmercedinas.com\/site\/2025\/06\/23\/continua-el-ciclo-universo-cine-con-la-proyeccion-de-julio-cesar-en-el-colegio-de-abogados\/#primaryimage"},"thumbnailUrl":"https:\/\/noticiasmercedinas.com\/site\/wp-content\/uploads\/2025\/06\/JULIUS.jpg","keywords":["Carlos Mar\u00eda Dieuzeide","cine","colegio de abogados","universo cine"],"articleSection":["Cultura"],"inLanguage":"es"},{"@type":"WebPage","@id":"https:\/\/noticiasmercedinas.com\/site\/2025\/06\/23\/continua-el-ciclo-universo-cine-con-la-proyeccion-de-julio-cesar-en-el-colegio-de-abogados\/","url":"https:\/\/noticiasmercedinas.com\/site\/2025\/06\/23\/continua-el-ciclo-universo-cine-con-la-proyeccion-de-julio-cesar-en-el-colegio-de-abogados\/","name":"Contin\u00faa el ciclo Universo Cine con la proyecci\u00f3n de \u201cJulio C\u00e9sar\u201d en el Colegio de Abogados","isPartOf":{"@id":"https:\/\/noticiasmercedinas.com\/site\/#website"},"primaryImageOfPage":{"@id":"https:\/\/noticiasmercedinas.com\/site\/2025\/06\/23\/continua-el-ciclo-universo-cine-con-la-proyeccion-de-julio-cesar-en-el-colegio-de-abogados\/#primaryimage"},"image":{"@id":"https:\/\/noticiasmercedinas.com\/site\/2025\/06\/23\/continua-el-ciclo-universo-cine-con-la-proyeccion-de-julio-cesar-en-el-colegio-de-abogados\/#primaryimage"},"thumbnailUrl":"https:\/\/noticiasmercedinas.com\/site\/wp-content\/uploads\/2025\/06\/JULIUS.jpg","datePublished":"2025-06-23T13:20:21+00:00","dateModified":"2025-06-23T14:25:33+00:00","description":"La cita ser\u00e1 este viernes 27 de junio a las 19 horas en el Sal\u00f3n de Actos del CADJM, ubicado en calle 24 N\u00b0 705, primer piso. Con entrada libre y gratuita e inscripci\u00f3n previa","breadcrumb":{"@id":"https:\/\/noticiasmercedinas.com\/site\/2025\/06\/23\/continua-el-ciclo-universo-cine-con-la-proyeccion-de-julio-cesar-en-el-colegio-de-abogados\/#breadcrumb"},"inLanguage":"es","potentialAction":[{"@type":"ReadAction","target":["https:\/\/noticiasmercedinas.com\/site\/2025\/06\/23\/continua-el-ciclo-universo-cine-con-la-proyeccion-de-julio-cesar-en-el-colegio-de-abogados\/"]}]},{"@type":"ImageObject","inLanguage":"es","@id":"https:\/\/noticiasmercedinas.com\/site\/2025\/06\/23\/continua-el-ciclo-universo-cine-con-la-proyeccion-de-julio-cesar-en-el-colegio-de-abogados\/#primaryimage","url":"https:\/\/noticiasmercedinas.com\/site\/wp-content\/uploads\/2025\/06\/JULIUS.jpg","contentUrl":"https:\/\/noticiasmercedinas.com\/site\/wp-content\/uploads\/2025\/06\/JULIUS.jpg","width":640,"height":429},{"@type":"BreadcrumbList","@id":"https:\/\/noticiasmercedinas.com\/site\/2025\/06\/23\/continua-el-ciclo-universo-cine-con-la-proyeccion-de-julio-cesar-en-el-colegio-de-abogados\/#breadcrumb","itemListElement":[{"@type":"ListItem","position":1,"name":"Portada","item":"https:\/\/noticiasmercedinas.com\/site\/"},{"@type":"ListItem","position":2,"name":"Contin\u00faa el ciclo Universo Cine con la proyecci\u00f3n de \u201cJulio C\u00e9sar\u201d en el Colegio de Abogados"}]},{"@type":"WebSite","@id":"https:\/\/noticiasmercedinas.com\/site\/#website","url":"https:\/\/noticiasmercedinas.com\/site\/","name":"NOTICIASMERCEDINAS.COM","description":"Mercedes, Buenos Aires, Argentina","publisher":{"@id":"https:\/\/noticiasmercedinas.com\/site\/#organization"},"potentialAction":[{"@type":"SearchAction","target":{"@type":"EntryPoint","urlTemplate":"https:\/\/noticiasmercedinas.com\/site\/?s={search_term_string}"},"query-input":{"@type":"PropertyValueSpecification","valueRequired":true,"valueName":"search_term_string"}}],"inLanguage":"es"},{"@type":"Organization","@id":"https:\/\/noticiasmercedinas.com\/site\/#organization","name":"NOTICIASMERCEDINAS.COM","url":"https:\/\/noticiasmercedinas.com\/site\/","logo":{"@type":"ImageObject","inLanguage":"es","@id":"https:\/\/noticiasmercedinas.com\/site\/#\/schema\/logo\/image\/","url":"https:\/\/noticiasmercedinas.com\/site\/wp-content\/uploads\/2020\/06\/LOGO-512.jpg","contentUrl":"https:\/\/noticiasmercedinas.com\/site\/wp-content\/uploads\/2020\/06\/LOGO-512.jpg","width":512,"height":512,"caption":"NOTICIASMERCEDINAS.COM"},"image":{"@id":"https:\/\/noticiasmercedinas.com\/site\/#\/schema\/logo\/image\/"},"sameAs":["https:\/\/www.facebook.com\/noticiasmercedinas\/","https:\/\/x.com\/notmercedinas","https:\/\/www.instagram.com\/noticiasmercedinas\/"]},{"@type":"Person","@id":"https:\/\/noticiasmercedinas.com\/site\/#\/schema\/person\/84b59c099c28ff2e8b77d4ceec5d8063","name":"NOTICIASMERCEDINAS.COM","image":{"@type":"ImageObject","inLanguage":"es","@id":"https:\/\/secure.gravatar.com\/avatar\/4dfbf16b4d17945bfb6341b2d19043457132fcf478a5ee04f42e959fd8f5df0a?s=96&d=mm&r=g","url":"https:\/\/secure.gravatar.com\/avatar\/4dfbf16b4d17945bfb6341b2d19043457132fcf478a5ee04f42e959fd8f5df0a?s=96&d=mm&r=g","contentUrl":"https:\/\/secure.gravatar.com\/avatar\/4dfbf16b4d17945bfb6341b2d19043457132fcf478a5ee04f42e959fd8f5df0a?s=96&d=mm&r=g","caption":"NOTICIASMERCEDINAS.COM"},"url":"https:\/\/noticiasmercedinas.com\/site\/author\/anonimo\/"}]}},"amp_enabled":true,"_links":{"self":[{"href":"https:\/\/noticiasmercedinas.com\/site\/wp-json\/wp\/v2\/posts\/162257","targetHints":{"allow":["GET"]}}],"collection":[{"href":"https:\/\/noticiasmercedinas.com\/site\/wp-json\/wp\/v2\/posts"}],"about":[{"href":"https:\/\/noticiasmercedinas.com\/site\/wp-json\/wp\/v2\/types\/post"}],"author":[{"embeddable":true,"href":"https:\/\/noticiasmercedinas.com\/site\/wp-json\/wp\/v2\/users\/16"}],"replies":[{"embeddable":true,"href":"https:\/\/noticiasmercedinas.com\/site\/wp-json\/wp\/v2\/comments?post=162257"}],"version-history":[{"count":4,"href":"https:\/\/noticiasmercedinas.com\/site\/wp-json\/wp\/v2\/posts\/162257\/revisions"}],"predecessor-version":[{"id":162262,"href":"https:\/\/noticiasmercedinas.com\/site\/wp-json\/wp\/v2\/posts\/162257\/revisions\/162262"}],"wp:featuredmedia":[{"embeddable":true,"href":"https:\/\/noticiasmercedinas.com\/site\/wp-json\/wp\/v2\/media\/162259"}],"wp:attachment":[{"href":"https:\/\/noticiasmercedinas.com\/site\/wp-json\/wp\/v2\/media?parent=162257"}],"wp:term":[{"taxonomy":"category","embeddable":true,"href":"https:\/\/noticiasmercedinas.com\/site\/wp-json\/wp\/v2\/categories?post=162257"},{"taxonomy":"post_tag","embeddable":true,"href":"https:\/\/noticiasmercedinas.com\/site\/wp-json\/wp\/v2\/tags?post=162257"}],"curies":[{"name":"wp","href":"https:\/\/api.w.org\/{rel}","templated":true}]}}