{"id":162263,"date":"2025-06-23T12:24:57","date_gmt":"2025-06-23T15:24:57","guid":{"rendered":"https:\/\/noticiasmercedinas.com\/site\/?p=162263"},"modified":"2025-06-23T12:24:57","modified_gmt":"2025-06-23T15:24:57","slug":"jeronimo-ainchil-inicia-nuevo-periodo-como-rector-de-la-unsada-con-foco-en-consolidacion-institucional-y-transformacion-educativa","status":"publish","type":"post","link":"https:\/\/noticiasmercedinas.com\/site\/2025\/06\/23\/jeronimo-ainchil-inicia-nuevo-periodo-como-rector-de-la-unsada-con-foco-en-consolidacion-institucional-y-transformacion-educativa\/","title":{"rendered":"Jer\u00f3nimo Ainchil inicia nuevo per\u00edodo como rector de la UNSAdA con foco en consolidaci\u00f3n institucional y transformaci\u00f3n educativa"},"content":{"rendered":"<p data-start=\"0\" data-end=\"133\"><img loading=\"lazy\" decoding=\"async\" class=\"alignnone size-full wp-image-162264\" src=\"https:\/\/noticiasmercedinas.com\/site\/wp-content\/uploads\/2025\/06\/UNSADA01.jpg\" alt=\"\" width=\"1083\" height=\"718\" srcset=\"https:\/\/noticiasmercedinas.com\/site\/wp-content\/uploads\/2025\/06\/UNSADA01.jpg 1083w, https:\/\/noticiasmercedinas.com\/site\/wp-content\/uploads\/2025\/06\/UNSADA01-300x199.jpg 300w, https:\/\/noticiasmercedinas.com\/site\/wp-content\/uploads\/2025\/06\/UNSADA01-1024x679.jpg 1024w, https:\/\/noticiasmercedinas.com\/site\/wp-content\/uploads\/2025\/06\/UNSADA01-768x509.jpg 768w, https:\/\/noticiasmercedinas.com\/site\/wp-content\/uploads\/2025\/06\/UNSADA01-640x424.jpg 640w, https:\/\/noticiasmercedinas.com\/site\/wp-content\/uploads\/2025\/06\/UNSADA01-681x451.jpg 681w\" sizes=\"auto, (max-width: 1083px) 100vw, 1083px\" \/><\/p>\n<p data-start=\"135\" data-end=\"541\">El rector <strong data-start=\"145\" data-end=\"165\">Jer\u00f3nimo Ainchil<\/strong> asumi\u00f3 formalmente un nuevo per\u00edodo al frente de la <strong data-start=\"218\" data-end=\"275\">Universidad Nacional de San Antonio de Areco (UNSAdA)<\/strong>, en un acto realizado el <strong data-start=\"301\" data-end=\"326\">mi\u00e9rcoles 18 de junio<\/strong> en el auditorio del Rectorado. Su gesti\u00f3n, que se extender\u00e1 hasta 2029, fue respaldada por la Asamblea Universitaria el pasado 24 de abril y comenz\u00f3 con un fuerte acompa\u00f1amiento pol\u00edtico, acad\u00e9mico e institucional.<\/p>\n<p data-start=\"543\" data-end=\"922\">El evento cont\u00f3 con la presencia de <strong data-start=\"579\" data-end=\"695\">intendentes de la regi\u00f3n, autoridades nacionales y provinciales, representantes de universidades de todo el pa\u00eds<\/strong>, as\u00ed como <strong data-start=\"706\" data-end=\"809\">docentes, estudiantes, personal no docente, graduados\/as y miembros de la comunidad educativa local<\/strong>, lo que reflej\u00f3 la proyecci\u00f3n y el prestigio que ha adquirido la universidad en apenas una d\u00e9cada de existencia.<\/p>\n<p data-start=\"924\" data-end=\"1385\">Entre las autoridades presentes se destacaron los rectores de las universidades nacionales de Rosario, Litoral, Quilmes, San Mart\u00edn, Jos\u00e9 C. Paz, R\u00edo Tercero, Scalabrini Ortiz, La Plata, y del Noroeste bonaerense (UNNOBA), adem\u00e1s de vicerrectoras de las universidades de Luj\u00e1n y Jun\u00edn. Tambi\u00e9n participaron referentes del \u00e1mbito gremial y estudiantil como representantes de FATUN y la FUA, junto a funcionarios provinciales y del sistema universitario regional.<\/p>\n<p data-start=\"1387\" data-end=\"1981\">Durante su discurso de asunci\u00f3n, Ainchil plante\u00f3 un horizonte de trabajo centrado en <strong data-start=\"1472\" data-end=\"1507\">inclusi\u00f3n, calidad e innovaci\u00f3n<\/strong>, al tiempo que deline\u00f3 los principales ejes que marcar\u00e1n los pr\u00f3ximos cuatro a\u00f1os de gesti\u00f3n: el desarrollo del posgrado, la internacionalizaci\u00f3n, la implementaci\u00f3n del sistema de cr\u00e9ditos acad\u00e9micos, la reconfiguraci\u00f3n de las modalidades de ense\u00f1anza y aprendizaje, la flexibilizaci\u00f3n curricular, la incorporaci\u00f3n de inteligencia artificial en los procesos formativos, el fortalecimiento de la ciencia y la tecnolog\u00eda, y la curricularizaci\u00f3n de la extensi\u00f3n universitaria.<\/p>\n<p data-start=\"1983\" data-end=\"2351\">\u201cEstamos transitando nuestra primera d\u00e9cada, y eso nos exige reflexionar profundamente sobre el futuro. Vivimos en una sociedad del conocimiento, pero tambi\u00e9n enfrentamos discursos que atentan contra la educaci\u00f3n y el acceso al saber. No son ingenuos: saben que el conocimiento es poder, y que democratizarlo es la base para una sociedad m\u00e1s justa\u201d, expres\u00f3 el rector.<\/p>\n<p data-start=\"2353\" data-end=\"2785\">Ainchil tambi\u00e9n destac\u00f3 que la Universidad sigue en funcionamiento \u201cpor el esfuerzo diario de cada docente, no docente y estudiante\u201d, y llam\u00f3 a redoblar el compromiso frente a un contexto de incertidumbre y transformaciones profundas. \u201cContamos con herramientas, valores y metodolog\u00edas para construir nuevas certezas. Lo importante es tener una visi\u00f3n renovada de la universidad y su rol en el entramado social y regional\u201d, remarc\u00f3.<\/p>\n<p data-start=\"2787\" data-end=\"3128\" data-is-last-node=\"\" data-is-only-node=\"\">La UNSAdA, que en 2025 celebra su d\u00e9cimo aniversario, se consolida como una instituci\u00f3n clave en el mapa universitario del pa\u00eds, con una propuesta formativa descentralizada, anclada en el territorio y con una fuerte proyecci\u00f3n hacia el futuro. La nueva etapa bajo la conducci\u00f3n de Jer\u00f3nimo Ainchil promete continuar profundizando ese camino.<\/p>\n<p data-start=\"2787\" data-end=\"3128\" data-is-last-node=\"\" data-is-only-node=\"\"><img loading=\"lazy\" decoding=\"async\" class=\"alignnone size-full wp-image-162265\" src=\"https:\/\/noticiasmercedinas.com\/site\/wp-content\/uploads\/2025\/06\/UNSADA02.jpg\" alt=\"\" width=\"1152\" height=\"763\" srcset=\"https:\/\/noticiasmercedinas.com\/site\/wp-content\/uploads\/2025\/06\/UNSADA02.jpg 1152w, https:\/\/noticiasmercedinas.com\/site\/wp-content\/uploads\/2025\/06\/UNSADA02-300x199.jpg 300w, https:\/\/noticiasmercedinas.com\/site\/wp-content\/uploads\/2025\/06\/UNSADA02-1024x678.jpg 1024w, https:\/\/noticiasmercedinas.com\/site\/wp-content\/uploads\/2025\/06\/UNSADA02-768x509.jpg 768w, https:\/\/noticiasmercedinas.com\/site\/wp-content\/uploads\/2025\/06\/UNSADA02-640x424.jpg 640w, https:\/\/noticiasmercedinas.com\/site\/wp-content\/uploads\/2025\/06\/UNSADA02-681x451.jpg 681w\" sizes=\"auto, (max-width: 1152px) 100vw, 1152px\" \/><\/p>\n","protected":false},"excerpt":{"rendered":"<p>El rector Jer\u00f3nimo Ainchil asumi\u00f3 formalmente un nuevo per\u00edodo al frente de la Universidad Nacional de San Antonio de Areco (UNSAdA), en un acto realizado el mi\u00e9rcoles 18 de junio en el auditorio del Rectorado. Su gesti\u00f3n, que se extender\u00e1 hasta 2029, fue respaldada por la Asamblea Universitaria el pasado 24 de abril y comenz\u00f3 [&hellip;]<\/p>\n","protected":false},"author":16,"featured_media":162264,"comment_status":"closed","ping_status":"closed","sticky":false,"template":"","format":"standard","meta":{"footnotes":""},"categories":[139],"tags":[8311,460,335,459],"class_list":["post-162263","post","type-post","status-publish","format-standard","has-post-thumbnail","hentry","category-regionales","tag-jeronimo-ainchil","tag-san-antonio-de-areco","tag-universidad","tag-unsada"],"yoast_head":"<!-- This site is optimized with the Yoast SEO plugin v27.4 - https:\/\/yoast.com\/product\/yoast-seo-wordpress\/ -->\n<title>Jer\u00f3nimo Ainchil inicia nuevo per\u00edodo como rector de la UNSAdA con foco en consolidaci\u00f3n institucional y transformaci\u00f3n educativa<\/title>\n<meta name=\"robots\" content=\"index, follow, max-snippet:-1, max-image-preview:large, max-video-preview:-1\" \/>\n<link rel=\"canonical\" href=\"https:\/\/noticiasmercedinas.com\/site\/2025\/06\/23\/jeronimo-ainchil-inicia-nuevo-periodo-como-rector-de-la-unsada-con-foco-en-consolidacion-institucional-y-transformacion-educativa\/\" \/>\n<meta property=\"og:locale\" content=\"es_ES\" \/>\n<meta property=\"og:type\" content=\"article\" \/>\n<meta property=\"og:title\" content=\"Jer\u00f3nimo Ainchil inicia nuevo per\u00edodo como rector de la UNSAdA con foco en consolidaci\u00f3n institucional y transformaci\u00f3n educativa\" \/>\n<meta property=\"og:description\" content=\"El rector Jer\u00f3nimo Ainchil asumi\u00f3 formalmente un nuevo per\u00edodo al frente de la Universidad Nacional de San Antonio de Areco (UNSAdA), en un acto realizado el mi\u00e9rcoles 18 de junio en el auditorio del Rectorado. Su gesti\u00f3n, que se extender\u00e1 hasta 2029, fue respaldada por la Asamblea Universitaria el pasado 24 de abril y comenz\u00f3 [&hellip;]\" \/>\n<meta property=\"og:url\" content=\"https:\/\/noticiasmercedinas.com\/site\/2025\/06\/23\/jeronimo-ainchil-inicia-nuevo-periodo-como-rector-de-la-unsada-con-foco-en-consolidacion-institucional-y-transformacion-educativa\/\" \/>\n<meta property=\"og:site_name\" content=\"NOTICIASMERCEDINAS.COM\" \/>\n<meta property=\"article:publisher\" content=\"https:\/\/www.facebook.com\/noticiasmercedinas\/\" \/>\n<meta property=\"article:published_time\" content=\"2025-06-23T15:24:57+00:00\" \/>\n<meta property=\"og:image\" content=\"https:\/\/noticiasmercedinas.com\/site\/wp-content\/uploads\/2025\/06\/UNSADA01.jpg\" \/>\n\t<meta property=\"og:image:width\" content=\"1083\" \/>\n\t<meta property=\"og:image:height\" content=\"718\" \/>\n\t<meta property=\"og:image:type\" content=\"image\/jpeg\" \/>\n<meta name=\"author\" content=\"NOTICIASMERCEDINAS.COM\" \/>\n<meta name=\"twitter:card\" content=\"summary_large_image\" \/>\n<meta name=\"twitter:creator\" content=\"@notmercedinas\" \/>\n<meta name=\"twitter:site\" content=\"@notmercedinas\" \/>\n<meta name=\"twitter:label1\" content=\"Escrito por\" \/>\n\t<meta name=\"twitter:data1\" content=\"NOTICIASMERCEDINAS.COM\" \/>\n\t<meta name=\"twitter:label2\" content=\"Tiempo de lectura\" \/>\n\t<meta name=\"twitter:data2\" content=\"3 minutos\" \/>\n<script type=\"application\/ld+json\" class=\"yoast-schema-graph\">{\"@context\":\"https:\\\/\\\/schema.org\",\"@graph\":[{\"@type\":\"Article\",\"@id\":\"https:\\\/\\\/noticiasmercedinas.com\\\/site\\\/2025\\\/06\\\/23\\\/jeronimo-ainchil-inicia-nuevo-periodo-como-rector-de-la-unsada-con-foco-en-consolidacion-institucional-y-transformacion-educativa\\\/#article\",\"isPartOf\":{\"@id\":\"https:\\\/\\\/noticiasmercedinas.com\\\/site\\\/2025\\\/06\\\/23\\\/jeronimo-ainchil-inicia-nuevo-periodo-como-rector-de-la-unsada-con-foco-en-consolidacion-institucional-y-transformacion-educativa\\\/\"},\"author\":{\"name\":\"NOTICIASMERCEDINAS.COM\",\"@id\":\"https:\\\/\\\/noticiasmercedinas.com\\\/site\\\/#\\\/schema\\\/person\\\/84b59c099c28ff2e8b77d4ceec5d8063\"},\"headline\":\"Jer\u00f3nimo Ainchil inicia nuevo per\u00edodo como rector de la UNSAdA con foco en consolidaci\u00f3n institucional y transformaci\u00f3n educativa\",\"datePublished\":\"2025-06-23T15:24:57+00:00\",\"mainEntityOfPage\":{\"@id\":\"https:\\\/\\\/noticiasmercedinas.com\\\/site\\\/2025\\\/06\\\/23\\\/jeronimo-ainchil-inicia-nuevo-periodo-como-rector-de-la-unsada-con-foco-en-consolidacion-institucional-y-transformacion-educativa\\\/\"},\"wordCount\":507,\"publisher\":{\"@id\":\"https:\\\/\\\/noticiasmercedinas.com\\\/site\\\/#organization\"},\"image\":{\"@id\":\"https:\\\/\\\/noticiasmercedinas.com\\\/site\\\/2025\\\/06\\\/23\\\/jeronimo-ainchil-inicia-nuevo-periodo-como-rector-de-la-unsada-con-foco-en-consolidacion-institucional-y-transformacion-educativa\\\/#primaryimage\"},\"thumbnailUrl\":\"https:\\\/\\\/noticiasmercedinas.com\\\/site\\\/wp-content\\\/uploads\\\/2025\\\/06\\\/UNSADA01.jpg\",\"keywords\":[\"Jer\u00f3nimo Ainchil\",\"san antonio de areco\",\"universidad\",\"unsada\"],\"articleSection\":[\"Regionales\"],\"inLanguage\":\"es\"},{\"@type\":\"WebPage\",\"@id\":\"https:\\\/\\\/noticiasmercedinas.com\\\/site\\\/2025\\\/06\\\/23\\\/jeronimo-ainchil-inicia-nuevo-periodo-como-rector-de-la-unsada-con-foco-en-consolidacion-institucional-y-transformacion-educativa\\\/\",\"url\":\"https:\\\/\\\/noticiasmercedinas.com\\\/site\\\/2025\\\/06\\\/23\\\/jeronimo-ainchil-inicia-nuevo-periodo-como-rector-de-la-unsada-con-foco-en-consolidacion-institucional-y-transformacion-educativa\\\/\",\"name\":\"Jer\u00f3nimo Ainchil inicia nuevo per\u00edodo como rector de la UNSAdA con foco en consolidaci\u00f3n institucional y transformaci\u00f3n educativa\",\"isPartOf\":{\"@id\":\"https:\\\/\\\/noticiasmercedinas.com\\\/site\\\/#website\"},\"primaryImageOfPage\":{\"@id\":\"https:\\\/\\\/noticiasmercedinas.com\\\/site\\\/2025\\\/06\\\/23\\\/jeronimo-ainchil-inicia-nuevo-periodo-como-rector-de-la-unsada-con-foco-en-consolidacion-institucional-y-transformacion-educativa\\\/#primaryimage\"},\"image\":{\"@id\":\"https:\\\/\\\/noticiasmercedinas.com\\\/site\\\/2025\\\/06\\\/23\\\/jeronimo-ainchil-inicia-nuevo-periodo-como-rector-de-la-unsada-con-foco-en-consolidacion-institucional-y-transformacion-educativa\\\/#primaryimage\"},\"thumbnailUrl\":\"https:\\\/\\\/noticiasmercedinas.com\\\/site\\\/wp-content\\\/uploads\\\/2025\\\/06\\\/UNSADA01.jpg\",\"datePublished\":\"2025-06-23T15:24:57+00:00\",\"breadcrumb\":{\"@id\":\"https:\\\/\\\/noticiasmercedinas.com\\\/site\\\/2025\\\/06\\\/23\\\/jeronimo-ainchil-inicia-nuevo-periodo-como-rector-de-la-unsada-con-foco-en-consolidacion-institucional-y-transformacion-educativa\\\/#breadcrumb\"},\"inLanguage\":\"es\",\"potentialAction\":[{\"@type\":\"ReadAction\",\"target\":[\"https:\\\/\\\/noticiasmercedinas.com\\\/site\\\/2025\\\/06\\\/23\\\/jeronimo-ainchil-inicia-nuevo-periodo-como-rector-de-la-unsada-con-foco-en-consolidacion-institucional-y-transformacion-educativa\\\/\"]}]},{\"@type\":\"ImageObject\",\"inLanguage\":\"es\",\"@id\":\"https:\\\/\\\/noticiasmercedinas.com\\\/site\\\/2025\\\/06\\\/23\\\/jeronimo-ainchil-inicia-nuevo-periodo-como-rector-de-la-unsada-con-foco-en-consolidacion-institucional-y-transformacion-educativa\\\/#primaryimage\",\"url\":\"https:\\\/\\\/noticiasmercedinas.com\\\/site\\\/wp-content\\\/uploads\\\/2025\\\/06\\\/UNSADA01.jpg\",\"contentUrl\":\"https:\\\/\\\/noticiasmercedinas.com\\\/site\\\/wp-content\\\/uploads\\\/2025\\\/06\\\/UNSADA01.jpg\",\"width\":1083,\"height\":718},{\"@type\":\"BreadcrumbList\",\"@id\":\"https:\\\/\\\/noticiasmercedinas.com\\\/site\\\/2025\\\/06\\\/23\\\/jeronimo-ainchil-inicia-nuevo-periodo-como-rector-de-la-unsada-con-foco-en-consolidacion-institucional-y-transformacion-educativa\\\/#breadcrumb\",\"itemListElement\":[{\"@type\":\"ListItem\",\"position\":1,\"name\":\"Portada\",\"item\":\"https:\\\/\\\/noticiasmercedinas.com\\\/site\\\/\"},{\"@type\":\"ListItem\",\"position\":2,\"name\":\"Jer\u00f3nimo Ainchil inicia nuevo per\u00edodo como rector de la UNSAdA con foco en consolidaci\u00f3n institucional y transformaci\u00f3n educativa\"}]},{\"@type\":\"WebSite\",\"@id\":\"https:\\\/\\\/noticiasmercedinas.com\\\/site\\\/#website\",\"url\":\"https:\\\/\\\/noticiasmercedinas.com\\\/site\\\/\",\"name\":\"NOTICIASMERCEDINAS.COM\",\"description\":\"Mercedes, Buenos Aires, Argentina\",\"publisher\":{\"@id\":\"https:\\\/\\\/noticiasmercedinas.com\\\/site\\\/#organization\"},\"potentialAction\":[{\"@type\":\"SearchAction\",\"target\":{\"@type\":\"EntryPoint\",\"urlTemplate\":\"https:\\\/\\\/noticiasmercedinas.com\\\/site\\\/?s={search_term_string}\"},\"query-input\":{\"@type\":\"PropertyValueSpecification\",\"valueRequired\":true,\"valueName\":\"search_term_string\"}}],\"inLanguage\":\"es\"},{\"@type\":\"Organization\",\"@id\":\"https:\\\/\\\/noticiasmercedinas.com\\\/site\\\/#organization\",\"name\":\"NOTICIASMERCEDINAS.COM\",\"url\":\"https:\\\/\\\/noticiasmercedinas.com\\\/site\\\/\",\"logo\":{\"@type\":\"ImageObject\",\"inLanguage\":\"es\",\"@id\":\"https:\\\/\\\/noticiasmercedinas.com\\\/site\\\/#\\\/schema\\\/logo\\\/image\\\/\",\"url\":\"https:\\\/\\\/noticiasmercedinas.com\\\/site\\\/wp-content\\\/uploads\\\/2020\\\/06\\\/LOGO-512.jpg\",\"contentUrl\":\"https:\\\/\\\/noticiasmercedinas.com\\\/site\\\/wp-content\\\/uploads\\\/2020\\\/06\\\/LOGO-512.jpg\",\"width\":512,\"height\":512,\"caption\":\"NOTICIASMERCEDINAS.COM\"},\"image\":{\"@id\":\"https:\\\/\\\/noticiasmercedinas.com\\\/site\\\/#\\\/schema\\\/logo\\\/image\\\/\"},\"sameAs\":[\"https:\\\/\\\/www.facebook.com\\\/noticiasmercedinas\\\/\",\"https:\\\/\\\/x.com\\\/notmercedinas\",\"https:\\\/\\\/www.instagram.com\\\/noticiasmercedinas\\\/\"]},{\"@type\":\"Person\",\"@id\":\"https:\\\/\\\/noticiasmercedinas.com\\\/site\\\/#\\\/schema\\\/person\\\/84b59c099c28ff2e8b77d4ceec5d8063\",\"name\":\"NOTICIASMERCEDINAS.COM\",\"image\":{\"@type\":\"ImageObject\",\"inLanguage\":\"es\",\"@id\":\"https:\\\/\\\/secure.gravatar.com\\\/avatar\\\/4dfbf16b4d17945bfb6341b2d19043457132fcf478a5ee04f42e959fd8f5df0a?s=96&d=mm&r=g\",\"url\":\"https:\\\/\\\/secure.gravatar.com\\\/avatar\\\/4dfbf16b4d17945bfb6341b2d19043457132fcf478a5ee04f42e959fd8f5df0a?s=96&d=mm&r=g\",\"contentUrl\":\"https:\\\/\\\/secure.gravatar.com\\\/avatar\\\/4dfbf16b4d17945bfb6341b2d19043457132fcf478a5ee04f42e959fd8f5df0a?s=96&d=mm&r=g\",\"caption\":\"NOTICIASMERCEDINAS.COM\"},\"url\":\"https:\\\/\\\/noticiasmercedinas.com\\\/site\\\/author\\\/anonimo\\\/\"}]}<\/script>\n<!-- \/ Yoast SEO plugin. -->","yoast_head_json":{"title":"Jer\u00f3nimo Ainchil inicia nuevo per\u00edodo como rector de la UNSAdA con foco en consolidaci\u00f3n institucional y transformaci\u00f3n educativa","robots":{"index":"index","follow":"follow","max-snippet":"max-snippet:-1","max-image-preview":"max-image-preview:large","max-video-preview":"max-video-preview:-1"},"canonical":"https:\/\/noticiasmercedinas.com\/site\/2025\/06\/23\/jeronimo-ainchil-inicia-nuevo-periodo-como-rector-de-la-unsada-con-foco-en-consolidacion-institucional-y-transformacion-educativa\/","og_locale":"es_ES","og_type":"article","og_title":"Jer\u00f3nimo Ainchil inicia nuevo per\u00edodo como rector de la UNSAdA con foco en consolidaci\u00f3n institucional y transformaci\u00f3n educativa","og_description":"El rector Jer\u00f3nimo Ainchil asumi\u00f3 formalmente un nuevo per\u00edodo al frente de la Universidad Nacional de San Antonio de Areco (UNSAdA), en un acto realizado el mi\u00e9rcoles 18 de junio en el auditorio del Rectorado. Su gesti\u00f3n, que se extender\u00e1 hasta 2029, fue respaldada por la Asamblea Universitaria el pasado 24 de abril y comenz\u00f3 [&hellip;]","og_url":"https:\/\/noticiasmercedinas.com\/site\/2025\/06\/23\/jeronimo-ainchil-inicia-nuevo-periodo-como-rector-de-la-unsada-con-foco-en-consolidacion-institucional-y-transformacion-educativa\/","og_site_name":"NOTICIASMERCEDINAS.COM","article_publisher":"https:\/\/www.facebook.com\/noticiasmercedinas\/","article_published_time":"2025-06-23T15:24:57+00:00","og_image":[{"width":1083,"height":718,"url":"https:\/\/noticiasmercedinas.com\/site\/wp-content\/uploads\/2025\/06\/UNSADA01.jpg","type":"image\/jpeg"}],"author":"NOTICIASMERCEDINAS.COM","twitter_card":"summary_large_image","twitter_creator":"@notmercedinas","twitter_site":"@notmercedinas","twitter_misc":{"Escrito por":"NOTICIASMERCEDINAS.COM","Tiempo de lectura":"3 minutos"},"schema":{"@context":"https:\/\/schema.org","@graph":[{"@type":"Article","@id":"https:\/\/noticiasmercedinas.com\/site\/2025\/06\/23\/jeronimo-ainchil-inicia-nuevo-periodo-como-rector-de-la-unsada-con-foco-en-consolidacion-institucional-y-transformacion-educativa\/#article","isPartOf":{"@id":"https:\/\/noticiasmercedinas.com\/site\/2025\/06\/23\/jeronimo-ainchil-inicia-nuevo-periodo-como-rector-de-la-unsada-con-foco-en-consolidacion-institucional-y-transformacion-educativa\/"},"author":{"name":"NOTICIASMERCEDINAS.COM","@id":"https:\/\/noticiasmercedinas.com\/site\/#\/schema\/person\/84b59c099c28ff2e8b77d4ceec5d8063"},"headline":"Jer\u00f3nimo Ainchil inicia nuevo per\u00edodo como rector de la UNSAdA con foco en consolidaci\u00f3n institucional y transformaci\u00f3n educativa","datePublished":"2025-06-23T15:24:57+00:00","mainEntityOfPage":{"@id":"https:\/\/noticiasmercedinas.com\/site\/2025\/06\/23\/jeronimo-ainchil-inicia-nuevo-periodo-como-rector-de-la-unsada-con-foco-en-consolidacion-institucional-y-transformacion-educativa\/"},"wordCount":507,"publisher":{"@id":"https:\/\/noticiasmercedinas.com\/site\/#organization"},"image":{"@id":"https:\/\/noticiasmercedinas.com\/site\/2025\/06\/23\/jeronimo-ainchil-inicia-nuevo-periodo-como-rector-de-la-unsada-con-foco-en-consolidacion-institucional-y-transformacion-educativa\/#primaryimage"},"thumbnailUrl":"https:\/\/noticiasmercedinas.com\/site\/wp-content\/uploads\/2025\/06\/UNSADA01.jpg","keywords":["Jer\u00f3nimo Ainchil","san antonio de areco","universidad","unsada"],"articleSection":["Regionales"],"inLanguage":"es"},{"@type":"WebPage","@id":"https:\/\/noticiasmercedinas.com\/site\/2025\/06\/23\/jeronimo-ainchil-inicia-nuevo-periodo-como-rector-de-la-unsada-con-foco-en-consolidacion-institucional-y-transformacion-educativa\/","url":"https:\/\/noticiasmercedinas.com\/site\/2025\/06\/23\/jeronimo-ainchil-inicia-nuevo-periodo-como-rector-de-la-unsada-con-foco-en-consolidacion-institucional-y-transformacion-educativa\/","name":"Jer\u00f3nimo Ainchil inicia nuevo per\u00edodo como rector de la UNSAdA con foco en consolidaci\u00f3n institucional y transformaci\u00f3n educativa","isPartOf":{"@id":"https:\/\/noticiasmercedinas.com\/site\/#website"},"primaryImageOfPage":{"@id":"https:\/\/noticiasmercedinas.com\/site\/2025\/06\/23\/jeronimo-ainchil-inicia-nuevo-periodo-como-rector-de-la-unsada-con-foco-en-consolidacion-institucional-y-transformacion-educativa\/#primaryimage"},"image":{"@id":"https:\/\/noticiasmercedinas.com\/site\/2025\/06\/23\/jeronimo-ainchil-inicia-nuevo-periodo-como-rector-de-la-unsada-con-foco-en-consolidacion-institucional-y-transformacion-educativa\/#primaryimage"},"thumbnailUrl":"https:\/\/noticiasmercedinas.com\/site\/wp-content\/uploads\/2025\/06\/UNSADA01.jpg","datePublished":"2025-06-23T15:24:57+00:00","breadcrumb":{"@id":"https:\/\/noticiasmercedinas.com\/site\/2025\/06\/23\/jeronimo-ainchil-inicia-nuevo-periodo-como-rector-de-la-unsada-con-foco-en-consolidacion-institucional-y-transformacion-educativa\/#breadcrumb"},"inLanguage":"es","potentialAction":[{"@type":"ReadAction","target":["https:\/\/noticiasmercedinas.com\/site\/2025\/06\/23\/jeronimo-ainchil-inicia-nuevo-periodo-como-rector-de-la-unsada-con-foco-en-consolidacion-institucional-y-transformacion-educativa\/"]}]},{"@type":"ImageObject","inLanguage":"es","@id":"https:\/\/noticiasmercedinas.com\/site\/2025\/06\/23\/jeronimo-ainchil-inicia-nuevo-periodo-como-rector-de-la-unsada-con-foco-en-consolidacion-institucional-y-transformacion-educativa\/#primaryimage","url":"https:\/\/noticiasmercedinas.com\/site\/wp-content\/uploads\/2025\/06\/UNSADA01.jpg","contentUrl":"https:\/\/noticiasmercedinas.com\/site\/wp-content\/uploads\/2025\/06\/UNSADA01.jpg","width":1083,"height":718},{"@type":"BreadcrumbList","@id":"https:\/\/noticiasmercedinas.com\/site\/2025\/06\/23\/jeronimo-ainchil-inicia-nuevo-periodo-como-rector-de-la-unsada-con-foco-en-consolidacion-institucional-y-transformacion-educativa\/#breadcrumb","itemListElement":[{"@type":"ListItem","position":1,"name":"Portada","item":"https:\/\/noticiasmercedinas.com\/site\/"},{"@type":"ListItem","position":2,"name":"Jer\u00f3nimo Ainchil inicia nuevo per\u00edodo como rector de la UNSAdA con foco en consolidaci\u00f3n institucional y transformaci\u00f3n educativa"}]},{"@type":"WebSite","@id":"https:\/\/noticiasmercedinas.com\/site\/#website","url":"https:\/\/noticiasmercedinas.com\/site\/","name":"NOTICIASMERCEDINAS.COM","description":"Mercedes, Buenos Aires, Argentina","publisher":{"@id":"https:\/\/noticiasmercedinas.com\/site\/#organization"},"potentialAction":[{"@type":"SearchAction","target":{"@type":"EntryPoint","urlTemplate":"https:\/\/noticiasmercedinas.com\/site\/?s={search_term_string}"},"query-input":{"@type":"PropertyValueSpecification","valueRequired":true,"valueName":"search_term_string"}}],"inLanguage":"es"},{"@type":"Organization","@id":"https:\/\/noticiasmercedinas.com\/site\/#organization","name":"NOTICIASMERCEDINAS.COM","url":"https:\/\/noticiasmercedinas.com\/site\/","logo":{"@type":"ImageObject","inLanguage":"es","@id":"https:\/\/noticiasmercedinas.com\/site\/#\/schema\/logo\/image\/","url":"https:\/\/noticiasmercedinas.com\/site\/wp-content\/uploads\/2020\/06\/LOGO-512.jpg","contentUrl":"https:\/\/noticiasmercedinas.com\/site\/wp-content\/uploads\/2020\/06\/LOGO-512.jpg","width":512,"height":512,"caption":"NOTICIASMERCEDINAS.COM"},"image":{"@id":"https:\/\/noticiasmercedinas.com\/site\/#\/schema\/logo\/image\/"},"sameAs":["https:\/\/www.facebook.com\/noticiasmercedinas\/","https:\/\/x.com\/notmercedinas","https:\/\/www.instagram.com\/noticiasmercedinas\/"]},{"@type":"Person","@id":"https:\/\/noticiasmercedinas.com\/site\/#\/schema\/person\/84b59c099c28ff2e8b77d4ceec5d8063","name":"NOTICIASMERCEDINAS.COM","image":{"@type":"ImageObject","inLanguage":"es","@id":"https:\/\/secure.gravatar.com\/avatar\/4dfbf16b4d17945bfb6341b2d19043457132fcf478a5ee04f42e959fd8f5df0a?s=96&d=mm&r=g","url":"https:\/\/secure.gravatar.com\/avatar\/4dfbf16b4d17945bfb6341b2d19043457132fcf478a5ee04f42e959fd8f5df0a?s=96&d=mm&r=g","contentUrl":"https:\/\/secure.gravatar.com\/avatar\/4dfbf16b4d17945bfb6341b2d19043457132fcf478a5ee04f42e959fd8f5df0a?s=96&d=mm&r=g","caption":"NOTICIASMERCEDINAS.COM"},"url":"https:\/\/noticiasmercedinas.com\/site\/author\/anonimo\/"}]}},"amp_enabled":true,"_links":{"self":[{"href":"https:\/\/noticiasmercedinas.com\/site\/wp-json\/wp\/v2\/posts\/162263","targetHints":{"allow":["GET"]}}],"collection":[{"href":"https:\/\/noticiasmercedinas.com\/site\/wp-json\/wp\/v2\/posts"}],"about":[{"href":"https:\/\/noticiasmercedinas.com\/site\/wp-json\/wp\/v2\/types\/post"}],"author":[{"embeddable":true,"href":"https:\/\/noticiasmercedinas.com\/site\/wp-json\/wp\/v2\/users\/16"}],"replies":[{"embeddable":true,"href":"https:\/\/noticiasmercedinas.com\/site\/wp-json\/wp\/v2\/comments?post=162263"}],"version-history":[{"count":1,"href":"https:\/\/noticiasmercedinas.com\/site\/wp-json\/wp\/v2\/posts\/162263\/revisions"}],"predecessor-version":[{"id":162266,"href":"https:\/\/noticiasmercedinas.com\/site\/wp-json\/wp\/v2\/posts\/162263\/revisions\/162266"}],"wp:featuredmedia":[{"embeddable":true,"href":"https:\/\/noticiasmercedinas.com\/site\/wp-json\/wp\/v2\/media\/162264"}],"wp:attachment":[{"href":"https:\/\/noticiasmercedinas.com\/site\/wp-json\/wp\/v2\/media?parent=162263"}],"wp:term":[{"taxonomy":"category","embeddable":true,"href":"https:\/\/noticiasmercedinas.com\/site\/wp-json\/wp\/v2\/categories?post=162263"},{"taxonomy":"post_tag","embeddable":true,"href":"https:\/\/noticiasmercedinas.com\/site\/wp-json\/wp\/v2\/tags?post=162263"}],"curies":[{"name":"wp","href":"https:\/\/api.w.org\/{rel}","templated":true}]}}