{"id":1625,"date":"2018-09-11T22:07:52","date_gmt":"2018-09-12T01:07:52","guid":{"rendered":"https:\/\/noticiasmercedinas.com\/site\/?p=1625"},"modified":"2018-09-11T23:10:00","modified_gmt":"2018-09-12T02:10:00","slug":"homenaje-a-los-maestros-en-su-dia","status":"publish","type":"post","link":"https:\/\/noticiasmercedinas.com\/site\/2018\/09\/11\/homenaje-a-los-maestros-en-su-dia\/","title":{"rendered":"Homenaje a los maestros en su d\u00eda"},"content":{"rendered":"<p><img loading=\"lazy\" decoding=\"async\" class=\"alignnone size-full wp-image-1628\" src=\"https:\/\/noticiasmercedinas.com\/site\/wp-content\/uploads\/2018\/09\/sarmiento-3.jpg\" alt=\"\" width=\"650\" height=\"388\" srcset=\"https:\/\/noticiasmercedinas.com\/site\/wp-content\/uploads\/2018\/09\/sarmiento-3.jpg 650w, https:\/\/noticiasmercedinas.com\/site\/wp-content\/uploads\/2018\/09\/sarmiento-3-300x179.jpg 300w, https:\/\/noticiasmercedinas.com\/site\/wp-content\/uploads\/2018\/09\/sarmiento-3-640x382.jpg 640w\" sizes=\"auto, (max-width: 650px) 100vw, 650px\" \/><\/p>\n<p>Una vez m\u00e1s, este 11 de septiembre se conmemor\u00f3 el d\u00eda del maestro. La ceremonia se realiz\u00f3 en la tradicional esquina de 30 y 29, lugar donde se erige el busto que recuerda a Domingo Faustino Sarmiento.<\/p>\n<p>Estuvieron presentes autoridades del Departamento Ejecutivo y Legislativo del estado municipal, autoridades y alumnos de diferentes establecimientos educativos, consejeros escolares, bomberos voluntarios, representantes del Servicio Penitenciario Bonaerense, miembros de la Asociaci\u00f3n de Educadores Jubilados y Retirados de la Provincia de Buenos Aires filial Mercedes, autoridades de la Biblioteca Popular Domingo Faustino Sarmiento, representantes de diferentes instituciones y p\u00fablico en general.<\/p>\n<p><img loading=\"lazy\" decoding=\"async\" class=\"alignnone size-full wp-image-1627\" src=\"https:\/\/noticiasmercedinas.com\/site\/wp-content\/uploads\/2018\/09\/sarmiento-1.jpg\" alt=\"\" width=\"650\" height=\"420\" srcset=\"https:\/\/noticiasmercedinas.com\/site\/wp-content\/uploads\/2018\/09\/sarmiento-1.jpg 650w, https:\/\/noticiasmercedinas.com\/site\/wp-content\/uploads\/2018\/09\/sarmiento-1-300x194.jpg 300w, https:\/\/noticiasmercedinas.com\/site\/wp-content\/uploads\/2018\/09\/sarmiento-1-600x388.jpg 600w, https:\/\/noticiasmercedinas.com\/site\/wp-content\/uploads\/2018\/09\/sarmiento-1-341x220.jpg 341w, https:\/\/noticiasmercedinas.com\/site\/wp-content\/uploads\/2018\/09\/sarmiento-1-640x414.jpg 640w\" sizes=\"auto, (max-width: 650px) 100vw, 650px\" \/><\/p>\n<p>Es importante recordar que la conmemoraci\u00f3n qued\u00f3 establecida en la Conferencia Interamericana de Educaci\u00f3n que se celebr\u00f3 en Panam\u00e1 en 1943. La resoluci\u00f3n indicaba \u00abConsiderado: que es actividad fundamental de la escuela la educaci\u00f3n de los sentimientos, por cuyo motivo no debe olvidarse que entre ellos figura en primer plano la gratitud y la devoci\u00f3n debidas al maestro de la escuela primaria, que su abnegaci\u00f3n y sacrificio gu\u00eda los primeros pasos de nuestras generaciones y orienta el porvenir espiritual y cultural de nuestros pueblos; que ninguna fecha ha de ser m\u00e1s oportuna para celebrar el d\u00eda del maestro que el 11 de septiembre, d\u00eda que pas\u00f3 a la inmortalidad, en el a\u00f1o 1888, el pr\u00f3cer argentino Domingo Faustino Sarmiento.\u00bb Dos a\u00f1os m\u00e1s tarde el presidente de la Argentina de ese entonces, Edelmiro Farrell, firm\u00f3 un decreto por el cual se adopt\u00f3 ese d\u00eda para la conmemoraci\u00f3n en nuestro pa\u00eds.<\/p>\n<p>En primera instancia se entonaron las estrofas del Himno Nacional Argentino. Para luego dar paso a la colocaci\u00f3n de ofrendas florales. En primer lugar, lo hicieron el secretario de gobierno, Juan Pablo L\u00f3pez Baggio y la subsecretaria de Seguridad, Clara Zunino. Fueron seguidos por las ediles Celeste Burone y Evangelina Cabral, en representaci\u00f3n del Honorable Concejo Deliberante; Olga Romero, Juana Citrangolo e Hilda Bascaran, de la Biblioteca Popular Domingo Faustino Sarmiento; Elsa Ferzola, de la Asociaci\u00f3n de Educadores Jubilados y Retirados de la Provincia de Buenos Aires filial Mercedes; Silvia Gandolfi, Luis Herrera y Fabi\u00e1n D\u00edaz, en representaci\u00f3n del Frente de Unidad Docente de Mercedes; y Mariano Castelucci, por el Colegio de Escribanos.<\/p>\n<p>La primera en hacer uso de la palabra fue la presidenta de la biblioteca Domingo Faustino Sarmiento, Leonor Ocampo, quien hizo un recorrido hist\u00f3rico por la vida del emblema de la educaci\u00f3n argentina, Domingo Faustino Sarmiento. Al finalizar expres\u00f3: \u201cNo hagamos de un homenaje s\u00f3lo la enumeraci\u00f3n de logros, sino el cotidiano ejercicio de lo que \u00e9l nos legara, y entonces el maestro viendo en nosotros su obra realizada se sentir\u00e1 m\u00e1s grande y m\u00e1s firme en su estatua\u201d.<\/p>\n<p><img loading=\"lazy\" decoding=\"async\" class=\"alignnone size-full wp-image-1626\" src=\"https:\/\/noticiasmercedinas.com\/site\/wp-content\/uploads\/2018\/09\/sarmiento-2.jpg\" alt=\"\" width=\"650\" height=\"416\" srcset=\"https:\/\/noticiasmercedinas.com\/site\/wp-content\/uploads\/2018\/09\/sarmiento-2.jpg 650w, https:\/\/noticiasmercedinas.com\/site\/wp-content\/uploads\/2018\/09\/sarmiento-2-300x192.jpg 300w, https:\/\/noticiasmercedinas.com\/site\/wp-content\/uploads\/2018\/09\/sarmiento-2-640x410.jpg 640w\" sizes=\"auto, (max-width: 650px) 100vw, 650px\" \/><\/p>\n<p>A continuaci\u00f3n, el secretario de Gobierno, L\u00f3pez Baggio, destac\u00f3: \u201cNo podemos dejar de reconocer hechos fundacionales de la patria, claramente la educaci\u00f3n es uno de los hechos m\u00e1s importantes que tuvo nuestra historia. Sarmiento fue el inspirador de la ley de educaci\u00f3n com\u00fan, algo que permiti\u00f3 que a lo largo y a lo ancho de nuestro pa\u00eds tengamos miles y miles de escuelas. Y donde todos los d\u00edas los maestros hacen patria\u201d.<\/p>\n<p>\u201cEsos maestros que todos los d\u00edas se debaten ante nuevos paradigmas, como aquellos que perdieron la vida en una escuela de Moreno, donde estaban haciendo patria en situaciones adversas, y como Sarmiento, en muchas oportunidades, ejerciendo la ense\u00f1anza desde su rol en una instituci\u00f3n educativa\u201d, dijo y subray\u00f3: \u201cVaya el homenaje a todos los profesores y maestros, a todos los que hacen d\u00eda a d\u00eda por la educaci\u00f3n un esfuerzo mayor\u201d.<\/p>\n<p>L\u00f3pez Baggio dej\u00f3 asimismo \u201cel saludo del intendente municipal, el Dr. Juan Ignacio Ustarroz, quien no pudo hacerse presente, pero que les transmite, a trav\u00e9s de mi persona, el afecto a toda la comunidad educativa de Mercedes\u201d.<\/p>\n<p>En el cierre se enton\u00f3 el Himno a Sarmiento y se despidi\u00f3 a las banderas de ceremonia<\/p>\n","protected":false},"excerpt":{"rendered":"<p>Una vez m\u00e1s, este 11 de septiembre se conmemor\u00f3 el d\u00eda del maestro. La ceremonia se realiz\u00f3 en la tradicional esquina de 30 y 29, lugar donde se erige el busto que recuerda a Domingo Faustino Sarmiento. Estuvieron presentes autoridades del Departamento Ejecutivo y Legislativo del estado municipal, autoridades y alumnos de diferentes establecimientos educativos, [&hellip;]<\/p>\n","protected":false},"author":2,"featured_media":1628,"comment_status":"open","ping_status":"open","sticky":false,"template":"","format":"standard","meta":{"footnotes":""},"categories":[3],"tags":[670,672,674,673,671],"class_list":["post-1625","post","type-post","status-publish","format-standard","has-post-thumbnail","hentry","category-sociedad","tag-domingo-faustino-sarmiento","tag-homenaje","tag-juan-pablo-lopez-baggio","tag-leonor-ocampo","tag-maestro"],"yoast_head":"<!-- This site is optimized with the Yoast SEO plugin v27.4 - https:\/\/yoast.com\/product\/yoast-seo-wordpress\/ -->\n<title>Homenaje a los maestros en su d\u00eda<\/title>\n<meta name=\"robots\" content=\"index, follow, max-snippet:-1, max-image-preview:large, max-video-preview:-1\" \/>\n<link rel=\"canonical\" href=\"https:\/\/noticiasmercedinas.com\/site\/2018\/09\/11\/homenaje-a-los-maestros-en-su-dia\/\" \/>\n<meta property=\"og:locale\" content=\"es_ES\" \/>\n<meta property=\"og:type\" content=\"article\" \/>\n<meta property=\"og:title\" content=\"Homenaje a los maestros en su d\u00eda\" \/>\n<meta property=\"og:description\" content=\"Una vez m\u00e1s, este 11 de septiembre se conmemor\u00f3 el d\u00eda del maestro. La ceremonia se realiz\u00f3 en la tradicional esquina de 30 y 29, lugar donde se erige el busto que recuerda a Domingo Faustino Sarmiento. Estuvieron presentes autoridades del Departamento Ejecutivo y Legislativo del estado municipal, autoridades y alumnos de diferentes establecimientos educativos, [&hellip;]\" \/>\n<meta property=\"og:url\" content=\"https:\/\/noticiasmercedinas.com\/site\/2018\/09\/11\/homenaje-a-los-maestros-en-su-dia\/\" \/>\n<meta property=\"og:site_name\" content=\"NOTICIASMERCEDINAS.COM\" \/>\n<meta property=\"article:publisher\" content=\"https:\/\/www.facebook.com\/noticiasmercedinas\/\" \/>\n<meta property=\"article:author\" content=\"https:\/\/www.facebook.com\/cristian.falabella\" \/>\n<meta property=\"article:published_time\" content=\"2018-09-12T01:07:52+00:00\" \/>\n<meta property=\"article:modified_time\" content=\"2018-09-12T02:10:00+00:00\" \/>\n<meta property=\"og:image\" content=\"https:\/\/noticiasmercedinas.com\/site\/wp-content\/uploads\/2018\/09\/sarmiento-3.jpg\" \/>\n\t<meta property=\"og:image:width\" content=\"650\" \/>\n\t<meta property=\"og:image:height\" content=\"388\" \/>\n\t<meta property=\"og:image:type\" content=\"image\/jpeg\" \/>\n<meta name=\"author\" content=\"Cristian Falabella NOTICIASMERCEDINAS.COM\" \/>\n<meta name=\"twitter:card\" content=\"summary_large_image\" \/>\n<meta name=\"twitter:creator\" content=\"@https:\/\/twitter.com\/NOTMERCEDINAS\" \/>\n<meta name=\"twitter:site\" content=\"@notmercedinas\" \/>\n<meta name=\"twitter:label1\" content=\"Escrito por\" \/>\n\t<meta name=\"twitter:data1\" content=\"Cristian Falabella NOTICIASMERCEDINAS.COM\" \/>\n\t<meta name=\"twitter:label2\" content=\"Tiempo de lectura\" \/>\n\t<meta name=\"twitter:data2\" content=\"3 minutos\" \/>\n<script type=\"application\/ld+json\" class=\"yoast-schema-graph\">{\"@context\":\"https:\\\/\\\/schema.org\",\"@graph\":[{\"@type\":\"Article\",\"@id\":\"https:\\\/\\\/noticiasmercedinas.com\\\/site\\\/2018\\\/09\\\/11\\\/homenaje-a-los-maestros-en-su-dia\\\/#article\",\"isPartOf\":{\"@id\":\"https:\\\/\\\/noticiasmercedinas.com\\\/site\\\/2018\\\/09\\\/11\\\/homenaje-a-los-maestros-en-su-dia\\\/\"},\"author\":{\"name\":\"Cristian Falabella NOTICIASMERCEDINAS.COM\",\"@id\":\"https:\\\/\\\/noticiasmercedinas.com\\\/site\\\/#\\\/schema\\\/person\\\/d481a9696a5feaec13a60e2bbd991a6a\"},\"headline\":\"Homenaje a los maestros en su d\u00eda\",\"datePublished\":\"2018-09-12T01:07:52+00:00\",\"dateModified\":\"2018-09-12T02:10:00+00:00\",\"mainEntityOfPage\":{\"@id\":\"https:\\\/\\\/noticiasmercedinas.com\\\/site\\\/2018\\\/09\\\/11\\\/homenaje-a-los-maestros-en-su-dia\\\/\"},\"wordCount\":687,\"commentCount\":1,\"publisher\":{\"@id\":\"https:\\\/\\\/noticiasmercedinas.com\\\/site\\\/#organization\"},\"image\":{\"@id\":\"https:\\\/\\\/noticiasmercedinas.com\\\/site\\\/2018\\\/09\\\/11\\\/homenaje-a-los-maestros-en-su-dia\\\/#primaryimage\"},\"thumbnailUrl\":\"https:\\\/\\\/noticiasmercedinas.com\\\/site\\\/wp-content\\\/uploads\\\/2018\\\/09\\\/sarmiento-3.jpg\",\"keywords\":[\"domingo faustino sarmiento\",\"homenaje\",\"juan pablo lopez baggio\",\"leonor ocampo\",\"maestro\"],\"articleSection\":[\"Sociedad\"],\"inLanguage\":\"es\",\"potentialAction\":[{\"@type\":\"CommentAction\",\"name\":\"Comment\",\"target\":[\"https:\\\/\\\/noticiasmercedinas.com\\\/site\\\/2018\\\/09\\\/11\\\/homenaje-a-los-maestros-en-su-dia\\\/#respond\"]}]},{\"@type\":\"WebPage\",\"@id\":\"https:\\\/\\\/noticiasmercedinas.com\\\/site\\\/2018\\\/09\\\/11\\\/homenaje-a-los-maestros-en-su-dia\\\/\",\"url\":\"https:\\\/\\\/noticiasmercedinas.com\\\/site\\\/2018\\\/09\\\/11\\\/homenaje-a-los-maestros-en-su-dia\\\/\",\"name\":\"Homenaje a los maestros en su d\u00eda\",\"isPartOf\":{\"@id\":\"https:\\\/\\\/noticiasmercedinas.com\\\/site\\\/#website\"},\"primaryImageOfPage\":{\"@id\":\"https:\\\/\\\/noticiasmercedinas.com\\\/site\\\/2018\\\/09\\\/11\\\/homenaje-a-los-maestros-en-su-dia\\\/#primaryimage\"},\"image\":{\"@id\":\"https:\\\/\\\/noticiasmercedinas.com\\\/site\\\/2018\\\/09\\\/11\\\/homenaje-a-los-maestros-en-su-dia\\\/#primaryimage\"},\"thumbnailUrl\":\"https:\\\/\\\/noticiasmercedinas.com\\\/site\\\/wp-content\\\/uploads\\\/2018\\\/09\\\/sarmiento-3.jpg\",\"datePublished\":\"2018-09-12T01:07:52+00:00\",\"dateModified\":\"2018-09-12T02:10:00+00:00\",\"breadcrumb\":{\"@id\":\"https:\\\/\\\/noticiasmercedinas.com\\\/site\\\/2018\\\/09\\\/11\\\/homenaje-a-los-maestros-en-su-dia\\\/#breadcrumb\"},\"inLanguage\":\"es\",\"potentialAction\":[{\"@type\":\"ReadAction\",\"target\":[\"https:\\\/\\\/noticiasmercedinas.com\\\/site\\\/2018\\\/09\\\/11\\\/homenaje-a-los-maestros-en-su-dia\\\/\"]}]},{\"@type\":\"ImageObject\",\"inLanguage\":\"es\",\"@id\":\"https:\\\/\\\/noticiasmercedinas.com\\\/site\\\/2018\\\/09\\\/11\\\/homenaje-a-los-maestros-en-su-dia\\\/#primaryimage\",\"url\":\"https:\\\/\\\/noticiasmercedinas.com\\\/site\\\/wp-content\\\/uploads\\\/2018\\\/09\\\/sarmiento-3.jpg\",\"contentUrl\":\"https:\\\/\\\/noticiasmercedinas.com\\\/site\\\/wp-content\\\/uploads\\\/2018\\\/09\\\/sarmiento-3.jpg\",\"width\":650,\"height\":388},{\"@type\":\"BreadcrumbList\",\"@id\":\"https:\\\/\\\/noticiasmercedinas.com\\\/site\\\/2018\\\/09\\\/11\\\/homenaje-a-los-maestros-en-su-dia\\\/#breadcrumb\",\"itemListElement\":[{\"@type\":\"ListItem\",\"position\":1,\"name\":\"Portada\",\"item\":\"https:\\\/\\\/noticiasmercedinas.com\\\/site\\\/\"},{\"@type\":\"ListItem\",\"position\":2,\"name\":\"Homenaje a los maestros en su d\u00eda\"}]},{\"@type\":\"WebSite\",\"@id\":\"https:\\\/\\\/noticiasmercedinas.com\\\/site\\\/#website\",\"url\":\"https:\\\/\\\/noticiasmercedinas.com\\\/site\\\/\",\"name\":\"NOTICIASMERCEDINAS.COM\",\"description\":\"Mercedes, Buenos Aires, Argentina\",\"publisher\":{\"@id\":\"https:\\\/\\\/noticiasmercedinas.com\\\/site\\\/#organization\"},\"potentialAction\":[{\"@type\":\"SearchAction\",\"target\":{\"@type\":\"EntryPoint\",\"urlTemplate\":\"https:\\\/\\\/noticiasmercedinas.com\\\/site\\\/?s={search_term_string}\"},\"query-input\":{\"@type\":\"PropertyValueSpecification\",\"valueRequired\":true,\"valueName\":\"search_term_string\"}}],\"inLanguage\":\"es\"},{\"@type\":\"Organization\",\"@id\":\"https:\\\/\\\/noticiasmercedinas.com\\\/site\\\/#organization\",\"name\":\"NOTICIASMERCEDINAS.COM\",\"url\":\"https:\\\/\\\/noticiasmercedinas.com\\\/site\\\/\",\"logo\":{\"@type\":\"ImageObject\",\"inLanguage\":\"es\",\"@id\":\"https:\\\/\\\/noticiasmercedinas.com\\\/site\\\/#\\\/schema\\\/logo\\\/image\\\/\",\"url\":\"https:\\\/\\\/noticiasmercedinas.com\\\/site\\\/wp-content\\\/uploads\\\/2020\\\/06\\\/LOGO-512.jpg\",\"contentUrl\":\"https:\\\/\\\/noticiasmercedinas.com\\\/site\\\/wp-content\\\/uploads\\\/2020\\\/06\\\/LOGO-512.jpg\",\"width\":512,\"height\":512,\"caption\":\"NOTICIASMERCEDINAS.COM\"},\"image\":{\"@id\":\"https:\\\/\\\/noticiasmercedinas.com\\\/site\\\/#\\\/schema\\\/logo\\\/image\\\/\"},\"sameAs\":[\"https:\\\/\\\/www.facebook.com\\\/noticiasmercedinas\\\/\",\"https:\\\/\\\/x.com\\\/notmercedinas\",\"https:\\\/\\\/www.instagram.com\\\/noticiasmercedinas\\\/\"]},{\"@type\":\"Person\",\"@id\":\"https:\\\/\\\/noticiasmercedinas.com\\\/site\\\/#\\\/schema\\\/person\\\/d481a9696a5feaec13a60e2bbd991a6a\",\"name\":\"Cristian Falabella NOTICIASMERCEDINAS.COM\",\"image\":{\"@type\":\"ImageObject\",\"inLanguage\":\"es\",\"@id\":\"https:\\\/\\\/secure.gravatar.com\\\/avatar\\\/0dbbfc45970cc46bcd0e57766228574ff3511d6eed045b182f536f0f478c1f06?s=96&d=mm&r=g\",\"url\":\"https:\\\/\\\/secure.gravatar.com\\\/avatar\\\/0dbbfc45970cc46bcd0e57766228574ff3511d6eed045b182f536f0f478c1f06?s=96&d=mm&r=g\",\"contentUrl\":\"https:\\\/\\\/secure.gravatar.com\\\/avatar\\\/0dbbfc45970cc46bcd0e57766228574ff3511d6eed045b182f536f0f478c1f06?s=96&d=mm&r=g\",\"caption\":\"Cristian Falabella NOTICIASMERCEDINAS.COM\"},\"description\":\"Periodista, editor de Noticias Mercedinas. Pas\u00f3 por varias redacciones y emprendimientos de prensa, en distintos formatos y \u00e9pocas. Se especializ\u00f3 --y sigue haci\u00e9ndolo-- en comunicaci\u00f3n en la web y en junio de 2006 fund\u00f3 este diario digital.\",\"sameAs\":[\"https:\\\/\\\/noticiasmercedinas.com\",\"https:\\\/\\\/www.facebook.com\\\/cristian.falabella\",\"https:\\\/\\\/www.instagram.com\\\/noticiasmercedinas\\\/\",\"https:\\\/\\\/x.com\\\/https:\\\/\\\/twitter.com\\\/NOTMERCEDINAS\"],\"url\":\"https:\\\/\\\/noticiasmercedinas.com\\\/site\\\/author\\\/as000384\\\/\"}]}<\/script>\n<!-- \/ Yoast SEO plugin. -->","yoast_head_json":{"title":"Homenaje a los maestros en su d\u00eda","robots":{"index":"index","follow":"follow","max-snippet":"max-snippet:-1","max-image-preview":"max-image-preview:large","max-video-preview":"max-video-preview:-1"},"canonical":"https:\/\/noticiasmercedinas.com\/site\/2018\/09\/11\/homenaje-a-los-maestros-en-su-dia\/","og_locale":"es_ES","og_type":"article","og_title":"Homenaje a los maestros en su d\u00eda","og_description":"Una vez m\u00e1s, este 11 de septiembre se conmemor\u00f3 el d\u00eda del maestro. La ceremonia se realiz\u00f3 en la tradicional esquina de 30 y 29, lugar donde se erige el busto que recuerda a Domingo Faustino Sarmiento. Estuvieron presentes autoridades del Departamento Ejecutivo y Legislativo del estado municipal, autoridades y alumnos de diferentes establecimientos educativos, [&hellip;]","og_url":"https:\/\/noticiasmercedinas.com\/site\/2018\/09\/11\/homenaje-a-los-maestros-en-su-dia\/","og_site_name":"NOTICIASMERCEDINAS.COM","article_publisher":"https:\/\/www.facebook.com\/noticiasmercedinas\/","article_author":"https:\/\/www.facebook.com\/cristian.falabella","article_published_time":"2018-09-12T01:07:52+00:00","article_modified_time":"2018-09-12T02:10:00+00:00","og_image":[{"width":650,"height":388,"url":"https:\/\/noticiasmercedinas.com\/site\/wp-content\/uploads\/2018\/09\/sarmiento-3.jpg","type":"image\/jpeg"}],"author":"Cristian Falabella NOTICIASMERCEDINAS.COM","twitter_card":"summary_large_image","twitter_creator":"@https:\/\/twitter.com\/NOTMERCEDINAS","twitter_site":"@notmercedinas","twitter_misc":{"Escrito por":"Cristian Falabella NOTICIASMERCEDINAS.COM","Tiempo de lectura":"3 minutos"},"schema":{"@context":"https:\/\/schema.org","@graph":[{"@type":"Article","@id":"https:\/\/noticiasmercedinas.com\/site\/2018\/09\/11\/homenaje-a-los-maestros-en-su-dia\/#article","isPartOf":{"@id":"https:\/\/noticiasmercedinas.com\/site\/2018\/09\/11\/homenaje-a-los-maestros-en-su-dia\/"},"author":{"name":"Cristian Falabella NOTICIASMERCEDINAS.COM","@id":"https:\/\/noticiasmercedinas.com\/site\/#\/schema\/person\/d481a9696a5feaec13a60e2bbd991a6a"},"headline":"Homenaje a los maestros en su d\u00eda","datePublished":"2018-09-12T01:07:52+00:00","dateModified":"2018-09-12T02:10:00+00:00","mainEntityOfPage":{"@id":"https:\/\/noticiasmercedinas.com\/site\/2018\/09\/11\/homenaje-a-los-maestros-en-su-dia\/"},"wordCount":687,"commentCount":1,"publisher":{"@id":"https:\/\/noticiasmercedinas.com\/site\/#organization"},"image":{"@id":"https:\/\/noticiasmercedinas.com\/site\/2018\/09\/11\/homenaje-a-los-maestros-en-su-dia\/#primaryimage"},"thumbnailUrl":"https:\/\/noticiasmercedinas.com\/site\/wp-content\/uploads\/2018\/09\/sarmiento-3.jpg","keywords":["domingo faustino sarmiento","homenaje","juan pablo lopez baggio","leonor ocampo","maestro"],"articleSection":["Sociedad"],"inLanguage":"es","potentialAction":[{"@type":"CommentAction","name":"Comment","target":["https:\/\/noticiasmercedinas.com\/site\/2018\/09\/11\/homenaje-a-los-maestros-en-su-dia\/#respond"]}]},{"@type":"WebPage","@id":"https:\/\/noticiasmercedinas.com\/site\/2018\/09\/11\/homenaje-a-los-maestros-en-su-dia\/","url":"https:\/\/noticiasmercedinas.com\/site\/2018\/09\/11\/homenaje-a-los-maestros-en-su-dia\/","name":"Homenaje a los maestros en su d\u00eda","isPartOf":{"@id":"https:\/\/noticiasmercedinas.com\/site\/#website"},"primaryImageOfPage":{"@id":"https:\/\/noticiasmercedinas.com\/site\/2018\/09\/11\/homenaje-a-los-maestros-en-su-dia\/#primaryimage"},"image":{"@id":"https:\/\/noticiasmercedinas.com\/site\/2018\/09\/11\/homenaje-a-los-maestros-en-su-dia\/#primaryimage"},"thumbnailUrl":"https:\/\/noticiasmercedinas.com\/site\/wp-content\/uploads\/2018\/09\/sarmiento-3.jpg","datePublished":"2018-09-12T01:07:52+00:00","dateModified":"2018-09-12T02:10:00+00:00","breadcrumb":{"@id":"https:\/\/noticiasmercedinas.com\/site\/2018\/09\/11\/homenaje-a-los-maestros-en-su-dia\/#breadcrumb"},"inLanguage":"es","potentialAction":[{"@type":"ReadAction","target":["https:\/\/noticiasmercedinas.com\/site\/2018\/09\/11\/homenaje-a-los-maestros-en-su-dia\/"]}]},{"@type":"ImageObject","inLanguage":"es","@id":"https:\/\/noticiasmercedinas.com\/site\/2018\/09\/11\/homenaje-a-los-maestros-en-su-dia\/#primaryimage","url":"https:\/\/noticiasmercedinas.com\/site\/wp-content\/uploads\/2018\/09\/sarmiento-3.jpg","contentUrl":"https:\/\/noticiasmercedinas.com\/site\/wp-content\/uploads\/2018\/09\/sarmiento-3.jpg","width":650,"height":388},{"@type":"BreadcrumbList","@id":"https:\/\/noticiasmercedinas.com\/site\/2018\/09\/11\/homenaje-a-los-maestros-en-su-dia\/#breadcrumb","itemListElement":[{"@type":"ListItem","position":1,"name":"Portada","item":"https:\/\/noticiasmercedinas.com\/site\/"},{"@type":"ListItem","position":2,"name":"Homenaje a los maestros en su d\u00eda"}]},{"@type":"WebSite","@id":"https:\/\/noticiasmercedinas.com\/site\/#website","url":"https:\/\/noticiasmercedinas.com\/site\/","name":"NOTICIASMERCEDINAS.COM","description":"Mercedes, Buenos Aires, Argentina","publisher":{"@id":"https:\/\/noticiasmercedinas.com\/site\/#organization"},"potentialAction":[{"@type":"SearchAction","target":{"@type":"EntryPoint","urlTemplate":"https:\/\/noticiasmercedinas.com\/site\/?s={search_term_string}"},"query-input":{"@type":"PropertyValueSpecification","valueRequired":true,"valueName":"search_term_string"}}],"inLanguage":"es"},{"@type":"Organization","@id":"https:\/\/noticiasmercedinas.com\/site\/#organization","name":"NOTICIASMERCEDINAS.COM","url":"https:\/\/noticiasmercedinas.com\/site\/","logo":{"@type":"ImageObject","inLanguage":"es","@id":"https:\/\/noticiasmercedinas.com\/site\/#\/schema\/logo\/image\/","url":"https:\/\/noticiasmercedinas.com\/site\/wp-content\/uploads\/2020\/06\/LOGO-512.jpg","contentUrl":"https:\/\/noticiasmercedinas.com\/site\/wp-content\/uploads\/2020\/06\/LOGO-512.jpg","width":512,"height":512,"caption":"NOTICIASMERCEDINAS.COM"},"image":{"@id":"https:\/\/noticiasmercedinas.com\/site\/#\/schema\/logo\/image\/"},"sameAs":["https:\/\/www.facebook.com\/noticiasmercedinas\/","https:\/\/x.com\/notmercedinas","https:\/\/www.instagram.com\/noticiasmercedinas\/"]},{"@type":"Person","@id":"https:\/\/noticiasmercedinas.com\/site\/#\/schema\/person\/d481a9696a5feaec13a60e2bbd991a6a","name":"Cristian Falabella NOTICIASMERCEDINAS.COM","image":{"@type":"ImageObject","inLanguage":"es","@id":"https:\/\/secure.gravatar.com\/avatar\/0dbbfc45970cc46bcd0e57766228574ff3511d6eed045b182f536f0f478c1f06?s=96&d=mm&r=g","url":"https:\/\/secure.gravatar.com\/avatar\/0dbbfc45970cc46bcd0e57766228574ff3511d6eed045b182f536f0f478c1f06?s=96&d=mm&r=g","contentUrl":"https:\/\/secure.gravatar.com\/avatar\/0dbbfc45970cc46bcd0e57766228574ff3511d6eed045b182f536f0f478c1f06?s=96&d=mm&r=g","caption":"Cristian Falabella NOTICIASMERCEDINAS.COM"},"description":"Periodista, editor de Noticias Mercedinas. Pas\u00f3 por varias redacciones y emprendimientos de prensa, en distintos formatos y \u00e9pocas. Se especializ\u00f3 --y sigue haci\u00e9ndolo-- en comunicaci\u00f3n en la web y en junio de 2006 fund\u00f3 este diario digital.","sameAs":["https:\/\/noticiasmercedinas.com","https:\/\/www.facebook.com\/cristian.falabella","https:\/\/www.instagram.com\/noticiasmercedinas\/","https:\/\/x.com\/https:\/\/twitter.com\/NOTMERCEDINAS"],"url":"https:\/\/noticiasmercedinas.com\/site\/author\/as000384\/"}]}},"amp_enabled":true,"_links":{"self":[{"href":"https:\/\/noticiasmercedinas.com\/site\/wp-json\/wp\/v2\/posts\/1625","targetHints":{"allow":["GET"]}}],"collection":[{"href":"https:\/\/noticiasmercedinas.com\/site\/wp-json\/wp\/v2\/posts"}],"about":[{"href":"https:\/\/noticiasmercedinas.com\/site\/wp-json\/wp\/v2\/types\/post"}],"author":[{"embeddable":true,"href":"https:\/\/noticiasmercedinas.com\/site\/wp-json\/wp\/v2\/users\/2"}],"replies":[{"embeddable":true,"href":"https:\/\/noticiasmercedinas.com\/site\/wp-json\/wp\/v2\/comments?post=1625"}],"version-history":[{"count":1,"href":"https:\/\/noticiasmercedinas.com\/site\/wp-json\/wp\/v2\/posts\/1625\/revisions"}],"predecessor-version":[{"id":1629,"href":"https:\/\/noticiasmercedinas.com\/site\/wp-json\/wp\/v2\/posts\/1625\/revisions\/1629"}],"wp:featuredmedia":[{"embeddable":true,"href":"https:\/\/noticiasmercedinas.com\/site\/wp-json\/wp\/v2\/media\/1628"}],"wp:attachment":[{"href":"https:\/\/noticiasmercedinas.com\/site\/wp-json\/wp\/v2\/media?parent=1625"}],"wp:term":[{"taxonomy":"category","embeddable":true,"href":"https:\/\/noticiasmercedinas.com\/site\/wp-json\/wp\/v2\/categories?post=1625"},{"taxonomy":"post_tag","embeddable":true,"href":"https:\/\/noticiasmercedinas.com\/site\/wp-json\/wp\/v2\/tags?post=1625"}],"curies":[{"name":"wp","href":"https:\/\/api.w.org\/{rel}","templated":true}]}}