{"id":162510,"date":"2025-06-26T17:38:35","date_gmt":"2025-06-26T20:38:35","guid":{"rendered":"https:\/\/noticiasmercedinas.com\/site\/?p=162510"},"modified":"2025-06-26T17:39:11","modified_gmt":"2025-06-26T20:39:11","slug":"wado-de-pedro-encabezo-en-el-senado-una-nueva-jornada-sobre-financiamiento-universitario","status":"publish","type":"post","link":"https:\/\/noticiasmercedinas.com\/site\/2025\/06\/26\/wado-de-pedro-encabezo-en-el-senado-una-nueva-jornada-sobre-financiamiento-universitario\/","title":{"rendered":"Wado de Pedro encabez\u00f3 en el Senado una nueva jornada sobre financiamiento universitario"},"content":{"rendered":"<p><img loading=\"lazy\" decoding=\"async\" class=\"alignnone size-full wp-image-162511\" src=\"https:\/\/noticiasmercedinas.com\/site\/wp-content\/uploads\/2025\/06\/reunion-de-la-comision-de-educacion-senado.webp\" alt=\"\" width=\"750\" height=\"500\" srcset=\"https:\/\/noticiasmercedinas.com\/site\/wp-content\/uploads\/2025\/06\/reunion-de-la-comision-de-educacion-senado.webp 750w, https:\/\/noticiasmercedinas.com\/site\/wp-content\/uploads\/2025\/06\/reunion-de-la-comision-de-educacion-senado-300x200.webp 300w, https:\/\/noticiasmercedinas.com\/site\/wp-content\/uploads\/2025\/06\/reunion-de-la-comision-de-educacion-senado-640x427.webp 640w, https:\/\/noticiasmercedinas.com\/site\/wp-content\/uploads\/2025\/06\/reunion-de-la-comision-de-educacion-senado-681x454.webp 681w\" sizes=\"auto, (max-width: 750px) 100vw, 750px\" \/><\/p>\n<p>En el Senado de la Naci\u00f3n continuaron este mi\u00e9rcoles las exposiciones sobre el financiamiento del sistema universitario p\u00fablico. La reuni\u00f3n informativa fue presidida por el mercedino<strong> Eduardo \u201cWado\u201d de Pedro<\/strong>, actual titular de la Comisi\u00f3n de Educaci\u00f3n, quien impuls\u00f3 el di\u00e1logo con autoridades de diversas universidades nacionales y referentes del sistema cient\u00edfico-tecnol\u00f3gico.<\/p>\n<p>Durante su intervenci\u00f3n, De Pedro record\u00f3 la sanci\u00f3n y posterior veto de la Ley N\u00b0 27.757, que buscaba garantizar el funcionamiento b\u00e1sico de las casas de altos estudios. \u201cNo era la ley que el sistema educativo deseaba, era una ley para permitir su funcionamiento m\u00ednimo. Y aun as\u00ed fue vetada\u201d, cuestion\u00f3 el senador de Uni\u00f3n por la Patria.<\/p>\n<p>Frente al nuevo escenario legislativo, De Pedro destac\u00f3 la importancia de volver a escuchar a los actores del sistema universitario: \u201cEs necesario hacer caso a la presentaci\u00f3n de los rectores y del Consejo Interuniversitario Nacional (CIN). Entendemos que la voluntad del Senado sigue siendo encontrar una soluci\u00f3n para el financiamiento\u201d, sostuvo, marcando una posici\u00f3n clara en defensa de la educaci\u00f3n superior p\u00fablica.<\/p>\n<p>En ese marco, expusieron representantes de universidades de todo el pa\u00eds. El presidente del CIN y rector de la Universidad Nacional de La Pampa, Oscar Alpa, expres\u00f3: \u201cEste proyecto es de toda la comunidad universitaria. No s\u00f3lo lo trabajamos los rectores y rectoras, sino tambi\u00e9n las seis federaciones de docentes y los estudiantes, a trav\u00e9s de la FUBA\u201d.<\/p>\n<p>Alpa insisti\u00f3 en el rol del Congreso en la creaci\u00f3n y sostenimiento de las universidades nacionales, y subray\u00f3 que el nuevo proyecto de ley apunta a garantizar financiamiento a largo plazo, vinculando el sistema educativo con el desarrollo cient\u00edfico y tecnol\u00f3gico del pa\u00eds.<\/p>\n<p>Adem\u00e1s, participaron de la jornada Franco Bartolacci, vicepresidente del CIN y rector de la Universidad Nacional de Rosario; Rub\u00e9n Soro, rector de la Universidad Tecnol\u00f3gica Nacional; Sergio Katogui, vicerrector de la Universidad Nacional de Misiones; Diego Aguiar, vicerrector de la Universidad Nacional de R\u00edo Negro; y Alejandra Zinni, vicerrectora de la Universidad Nacional de Quilmes.<\/p>\n<p>Finalizadas las exposiciones, la comisi\u00f3n abord\u00f3 m\u00e1s de setenta expedientes, entre ellos declaraciones de monumentos y patrimonio hist\u00f3rico, as\u00ed como proyectos vinculados a educaci\u00f3n vial, fiestas populares y pedidos de informes.<\/p>\n<p>Con esta reuni\u00f3n, De Pedro consolid\u00f3 su rol como articulador entre el Senado y la comunidad educativa, reforzando la necesidad de un financiamiento sostenido y federal para el sistema universitario.<\/p>\n","protected":false},"excerpt":{"rendered":"<p>\u25a0 El senador de origen mercedino presidi\u00f3 la reuni\u00f3n informativa de la Comisi\u00f3n de Educaci\u00f3n, con la participaci\u00f3n de autoridades del sistema universitario nacional.<\/p>\n","protected":false},"author":16,"featured_media":162511,"comment_status":"closed","ping_status":"closed","sticky":false,"template":"","format":"standard","meta":{"footnotes":""},"categories":[16],"tags":[324,3094,38,7104],"class_list":["post-162510","post","type-post","status-publish","format-standard","has-post-thumbnail","hentry","category-politica","tag-eduardo-de-pedro","tag-eduardo-wado-de-pedro","tag-educacion","tag-senado"],"yoast_head":"<!-- This site is optimized with the Yoast SEO plugin v27.5 - https:\/\/yoast.com\/product\/yoast-seo-wordpress\/ -->\n<title>Wado de Pedro encabez\u00f3 en el Senado una nueva jornada sobre financiamiento universitario<\/title>\n<meta name=\"description\" content=\"\u25a0 El senador de origen mercedino presidi\u00f3 la reuni\u00f3n informativa de la Comisi\u00f3n de Educaci\u00f3n, con la participaci\u00f3n de autoridades del sistema universitario nacional.\" \/>\n<meta name=\"robots\" content=\"index, follow, max-snippet:-1, max-image-preview:large, max-video-preview:-1\" \/>\n<link rel=\"canonical\" href=\"https:\/\/noticiasmercedinas.com\/site\/2025\/06\/26\/wado-de-pedro-encabezo-en-el-senado-una-nueva-jornada-sobre-financiamiento-universitario\/\" \/>\n<meta property=\"og:locale\" content=\"es_ES\" \/>\n<meta property=\"og:type\" content=\"article\" \/>\n<meta property=\"og:title\" content=\"Wado de Pedro encabez\u00f3 en el Senado una nueva jornada sobre financiamiento universitario\" \/>\n<meta property=\"og:description\" content=\"\u25a0 El senador de origen mercedino presidi\u00f3 la reuni\u00f3n informativa de la Comisi\u00f3n de Educaci\u00f3n, con la participaci\u00f3n de autoridades del sistema universitario nacional.\" \/>\n<meta property=\"og:url\" content=\"https:\/\/noticiasmercedinas.com\/site\/2025\/06\/26\/wado-de-pedro-encabezo-en-el-senado-una-nueva-jornada-sobre-financiamiento-universitario\/\" \/>\n<meta property=\"og:site_name\" content=\"NOTICIASMERCEDINAS.COM\" \/>\n<meta property=\"article:publisher\" content=\"https:\/\/www.facebook.com\/noticiasmercedinas\/\" \/>\n<meta property=\"article:published_time\" content=\"2025-06-26T20:38:35+00:00\" \/>\n<meta property=\"article:modified_time\" content=\"2025-06-26T20:39:11+00:00\" \/>\n<meta property=\"og:image\" content=\"https:\/\/noticiasmercedinas.com\/site\/wp-content\/uploads\/2025\/06\/reunion-de-la-comision-de-educacion-senado.webp\" \/>\n\t<meta property=\"og:image:width\" content=\"750\" \/>\n\t<meta property=\"og:image:height\" content=\"500\" \/>\n\t<meta property=\"og:image:type\" content=\"image\/webp\" \/>\n<meta name=\"author\" content=\"NOTICIASMERCEDINAS.COM\" \/>\n<meta name=\"twitter:card\" content=\"summary_large_image\" \/>\n<meta name=\"twitter:creator\" content=\"@notmercedinas\" \/>\n<meta name=\"twitter:site\" content=\"@notmercedinas\" \/>\n<meta name=\"twitter:label1\" content=\"Escrito por\" \/>\n\t<meta name=\"twitter:data1\" content=\"NOTICIASMERCEDINAS.COM\" \/>\n\t<meta name=\"twitter:label2\" content=\"Tiempo de lectura\" \/>\n\t<meta name=\"twitter:data2\" content=\"3 minutos\" \/>\n<script type=\"application\/ld+json\" class=\"yoast-schema-graph\">{\"@context\":\"https:\\\/\\\/schema.org\",\"@graph\":[{\"@type\":\"Article\",\"@id\":\"https:\\\/\\\/noticiasmercedinas.com\\\/site\\\/2025\\\/06\\\/26\\\/wado-de-pedro-encabezo-en-el-senado-una-nueva-jornada-sobre-financiamiento-universitario\\\/#article\",\"isPartOf\":{\"@id\":\"https:\\\/\\\/noticiasmercedinas.com\\\/site\\\/2025\\\/06\\\/26\\\/wado-de-pedro-encabezo-en-el-senado-una-nueva-jornada-sobre-financiamiento-universitario\\\/\"},\"author\":{\"name\":\"NOTICIASMERCEDINAS.COM\",\"@id\":\"https:\\\/\\\/noticiasmercedinas.com\\\/site\\\/#\\\/schema\\\/person\\\/84b59c099c28ff2e8b77d4ceec5d8063\"},\"headline\":\"Wado de Pedro encabez\u00f3 en el Senado una nueva jornada sobre financiamiento universitario\",\"datePublished\":\"2025-06-26T20:38:35+00:00\",\"dateModified\":\"2025-06-26T20:39:11+00:00\",\"mainEntityOfPage\":{\"@id\":\"https:\\\/\\\/noticiasmercedinas.com\\\/site\\\/2025\\\/06\\\/26\\\/wado-de-pedro-encabezo-en-el-senado-una-nueva-jornada-sobre-financiamiento-universitario\\\/\"},\"wordCount\":437,\"publisher\":{\"@id\":\"https:\\\/\\\/noticiasmercedinas.com\\\/site\\\/#organization\"},\"image\":{\"@id\":\"https:\\\/\\\/noticiasmercedinas.com\\\/site\\\/2025\\\/06\\\/26\\\/wado-de-pedro-encabezo-en-el-senado-una-nueva-jornada-sobre-financiamiento-universitario\\\/#primaryimage\"},\"thumbnailUrl\":\"https:\\\/\\\/noticiasmercedinas.com\\\/site\\\/wp-content\\\/uploads\\\/2025\\\/06\\\/reunion-de-la-comision-de-educacion-senado.webp\",\"keywords\":[\"eduardo de pedro\",\"Eduardo \u201cWado\u201d De Pedro\",\"educacion\",\"Senado\"],\"articleSection\":[\"Politica\"],\"inLanguage\":\"es\"},{\"@type\":\"WebPage\",\"@id\":\"https:\\\/\\\/noticiasmercedinas.com\\\/site\\\/2025\\\/06\\\/26\\\/wado-de-pedro-encabezo-en-el-senado-una-nueva-jornada-sobre-financiamiento-universitario\\\/\",\"url\":\"https:\\\/\\\/noticiasmercedinas.com\\\/site\\\/2025\\\/06\\\/26\\\/wado-de-pedro-encabezo-en-el-senado-una-nueva-jornada-sobre-financiamiento-universitario\\\/\",\"name\":\"Wado de Pedro encabez\u00f3 en el Senado una nueva jornada sobre financiamiento universitario\",\"isPartOf\":{\"@id\":\"https:\\\/\\\/noticiasmercedinas.com\\\/site\\\/#website\"},\"primaryImageOfPage\":{\"@id\":\"https:\\\/\\\/noticiasmercedinas.com\\\/site\\\/2025\\\/06\\\/26\\\/wado-de-pedro-encabezo-en-el-senado-una-nueva-jornada-sobre-financiamiento-universitario\\\/#primaryimage\"},\"image\":{\"@id\":\"https:\\\/\\\/noticiasmercedinas.com\\\/site\\\/2025\\\/06\\\/26\\\/wado-de-pedro-encabezo-en-el-senado-una-nueva-jornada-sobre-financiamiento-universitario\\\/#primaryimage\"},\"thumbnailUrl\":\"https:\\\/\\\/noticiasmercedinas.com\\\/site\\\/wp-content\\\/uploads\\\/2025\\\/06\\\/reunion-de-la-comision-de-educacion-senado.webp\",\"datePublished\":\"2025-06-26T20:38:35+00:00\",\"dateModified\":\"2025-06-26T20:39:11+00:00\",\"description\":\"\u25a0 El senador de origen mercedino presidi\u00f3 la reuni\u00f3n informativa de la Comisi\u00f3n de Educaci\u00f3n, con la participaci\u00f3n de autoridades del sistema universitario nacional.\",\"breadcrumb\":{\"@id\":\"https:\\\/\\\/noticiasmercedinas.com\\\/site\\\/2025\\\/06\\\/26\\\/wado-de-pedro-encabezo-en-el-senado-una-nueva-jornada-sobre-financiamiento-universitario\\\/#breadcrumb\"},\"inLanguage\":\"es\",\"potentialAction\":[{\"@type\":\"ReadAction\",\"target\":[\"https:\\\/\\\/noticiasmercedinas.com\\\/site\\\/2025\\\/06\\\/26\\\/wado-de-pedro-encabezo-en-el-senado-una-nueva-jornada-sobre-financiamiento-universitario\\\/\"]}]},{\"@type\":\"ImageObject\",\"inLanguage\":\"es\",\"@id\":\"https:\\\/\\\/noticiasmercedinas.com\\\/site\\\/2025\\\/06\\\/26\\\/wado-de-pedro-encabezo-en-el-senado-una-nueva-jornada-sobre-financiamiento-universitario\\\/#primaryimage\",\"url\":\"https:\\\/\\\/noticiasmercedinas.com\\\/site\\\/wp-content\\\/uploads\\\/2025\\\/06\\\/reunion-de-la-comision-de-educacion-senado.webp\",\"contentUrl\":\"https:\\\/\\\/noticiasmercedinas.com\\\/site\\\/wp-content\\\/uploads\\\/2025\\\/06\\\/reunion-de-la-comision-de-educacion-senado.webp\",\"width\":750,\"height\":500},{\"@type\":\"BreadcrumbList\",\"@id\":\"https:\\\/\\\/noticiasmercedinas.com\\\/site\\\/2025\\\/06\\\/26\\\/wado-de-pedro-encabezo-en-el-senado-una-nueva-jornada-sobre-financiamiento-universitario\\\/#breadcrumb\",\"itemListElement\":[{\"@type\":\"ListItem\",\"position\":1,\"name\":\"Portada\",\"item\":\"https:\\\/\\\/noticiasmercedinas.com\\\/site\\\/\"},{\"@type\":\"ListItem\",\"position\":2,\"name\":\"Wado de Pedro encabez\u00f3 en el Senado una nueva jornada sobre financiamiento universitario\"}]},{\"@type\":\"WebSite\",\"@id\":\"https:\\\/\\\/noticiasmercedinas.com\\\/site\\\/#website\",\"url\":\"https:\\\/\\\/noticiasmercedinas.com\\\/site\\\/\",\"name\":\"NOTICIASMERCEDINAS.COM\",\"description\":\"Mercedes, Buenos Aires, Argentina\",\"publisher\":{\"@id\":\"https:\\\/\\\/noticiasmercedinas.com\\\/site\\\/#organization\"},\"potentialAction\":[{\"@type\":\"SearchAction\",\"target\":{\"@type\":\"EntryPoint\",\"urlTemplate\":\"https:\\\/\\\/noticiasmercedinas.com\\\/site\\\/?s={search_term_string}\"},\"query-input\":{\"@type\":\"PropertyValueSpecification\",\"valueRequired\":true,\"valueName\":\"search_term_string\"}}],\"inLanguage\":\"es\"},{\"@type\":\"Organization\",\"@id\":\"https:\\\/\\\/noticiasmercedinas.com\\\/site\\\/#organization\",\"name\":\"NOTICIASMERCEDINAS.COM\",\"url\":\"https:\\\/\\\/noticiasmercedinas.com\\\/site\\\/\",\"logo\":{\"@type\":\"ImageObject\",\"inLanguage\":\"es\",\"@id\":\"https:\\\/\\\/noticiasmercedinas.com\\\/site\\\/#\\\/schema\\\/logo\\\/image\\\/\",\"url\":\"https:\\\/\\\/noticiasmercedinas.com\\\/site\\\/wp-content\\\/uploads\\\/2020\\\/06\\\/LOGO-512.jpg\",\"contentUrl\":\"https:\\\/\\\/noticiasmercedinas.com\\\/site\\\/wp-content\\\/uploads\\\/2020\\\/06\\\/LOGO-512.jpg\",\"width\":512,\"height\":512,\"caption\":\"NOTICIASMERCEDINAS.COM\"},\"image\":{\"@id\":\"https:\\\/\\\/noticiasmercedinas.com\\\/site\\\/#\\\/schema\\\/logo\\\/image\\\/\"},\"sameAs\":[\"https:\\\/\\\/www.facebook.com\\\/noticiasmercedinas\\\/\",\"https:\\\/\\\/x.com\\\/notmercedinas\",\"https:\\\/\\\/www.instagram.com\\\/noticiasmercedinas\\\/\"]},{\"@type\":\"Person\",\"@id\":\"https:\\\/\\\/noticiasmercedinas.com\\\/site\\\/#\\\/schema\\\/person\\\/84b59c099c28ff2e8b77d4ceec5d8063\",\"name\":\"NOTICIASMERCEDINAS.COM\",\"image\":{\"@type\":\"ImageObject\",\"inLanguage\":\"es\",\"@id\":\"https:\\\/\\\/secure.gravatar.com\\\/avatar\\\/4dfbf16b4d17945bfb6341b2d19043457132fcf478a5ee04f42e959fd8f5df0a?s=96&d=mm&r=g\",\"url\":\"https:\\\/\\\/secure.gravatar.com\\\/avatar\\\/4dfbf16b4d17945bfb6341b2d19043457132fcf478a5ee04f42e959fd8f5df0a?s=96&d=mm&r=g\",\"contentUrl\":\"https:\\\/\\\/secure.gravatar.com\\\/avatar\\\/4dfbf16b4d17945bfb6341b2d19043457132fcf478a5ee04f42e959fd8f5df0a?s=96&d=mm&r=g\",\"caption\":\"NOTICIASMERCEDINAS.COM\"},\"url\":\"https:\\\/\\\/noticiasmercedinas.com\\\/site\\\/author\\\/anonimo\\\/\"}]}<\/script>\n<!-- \/ Yoast SEO plugin. -->","yoast_head_json":{"title":"Wado de Pedro encabez\u00f3 en el Senado una nueva jornada sobre financiamiento universitario","description":"\u25a0 El senador de origen mercedino presidi\u00f3 la reuni\u00f3n informativa de la Comisi\u00f3n de Educaci\u00f3n, con la participaci\u00f3n de autoridades del sistema universitario nacional.","robots":{"index":"index","follow":"follow","max-snippet":"max-snippet:-1","max-image-preview":"max-image-preview:large","max-video-preview":"max-video-preview:-1"},"canonical":"https:\/\/noticiasmercedinas.com\/site\/2025\/06\/26\/wado-de-pedro-encabezo-en-el-senado-una-nueva-jornada-sobre-financiamiento-universitario\/","og_locale":"es_ES","og_type":"article","og_title":"Wado de Pedro encabez\u00f3 en el Senado una nueva jornada sobre financiamiento universitario","og_description":"\u25a0 El senador de origen mercedino presidi\u00f3 la reuni\u00f3n informativa de la Comisi\u00f3n de Educaci\u00f3n, con la participaci\u00f3n de autoridades del sistema universitario nacional.","og_url":"https:\/\/noticiasmercedinas.com\/site\/2025\/06\/26\/wado-de-pedro-encabezo-en-el-senado-una-nueva-jornada-sobre-financiamiento-universitario\/","og_site_name":"NOTICIASMERCEDINAS.COM","article_publisher":"https:\/\/www.facebook.com\/noticiasmercedinas\/","article_published_time":"2025-06-26T20:38:35+00:00","article_modified_time":"2025-06-26T20:39:11+00:00","og_image":[{"width":750,"height":500,"url":"https:\/\/noticiasmercedinas.com\/site\/wp-content\/uploads\/2025\/06\/reunion-de-la-comision-de-educacion-senado.webp","type":"image\/webp"}],"author":"NOTICIASMERCEDINAS.COM","twitter_card":"summary_large_image","twitter_creator":"@notmercedinas","twitter_site":"@notmercedinas","twitter_misc":{"Escrito por":"NOTICIASMERCEDINAS.COM","Tiempo de lectura":"3 minutos"},"schema":{"@context":"https:\/\/schema.org","@graph":[{"@type":"Article","@id":"https:\/\/noticiasmercedinas.com\/site\/2025\/06\/26\/wado-de-pedro-encabezo-en-el-senado-una-nueva-jornada-sobre-financiamiento-universitario\/#article","isPartOf":{"@id":"https:\/\/noticiasmercedinas.com\/site\/2025\/06\/26\/wado-de-pedro-encabezo-en-el-senado-una-nueva-jornada-sobre-financiamiento-universitario\/"},"author":{"name":"NOTICIASMERCEDINAS.COM","@id":"https:\/\/noticiasmercedinas.com\/site\/#\/schema\/person\/84b59c099c28ff2e8b77d4ceec5d8063"},"headline":"Wado de Pedro encabez\u00f3 en el Senado una nueva jornada sobre financiamiento universitario","datePublished":"2025-06-26T20:38:35+00:00","dateModified":"2025-06-26T20:39:11+00:00","mainEntityOfPage":{"@id":"https:\/\/noticiasmercedinas.com\/site\/2025\/06\/26\/wado-de-pedro-encabezo-en-el-senado-una-nueva-jornada-sobre-financiamiento-universitario\/"},"wordCount":437,"publisher":{"@id":"https:\/\/noticiasmercedinas.com\/site\/#organization"},"image":{"@id":"https:\/\/noticiasmercedinas.com\/site\/2025\/06\/26\/wado-de-pedro-encabezo-en-el-senado-una-nueva-jornada-sobre-financiamiento-universitario\/#primaryimage"},"thumbnailUrl":"https:\/\/noticiasmercedinas.com\/site\/wp-content\/uploads\/2025\/06\/reunion-de-la-comision-de-educacion-senado.webp","keywords":["eduardo de pedro","Eduardo \u201cWado\u201d De Pedro","educacion","Senado"],"articleSection":["Politica"],"inLanguage":"es"},{"@type":"WebPage","@id":"https:\/\/noticiasmercedinas.com\/site\/2025\/06\/26\/wado-de-pedro-encabezo-en-el-senado-una-nueva-jornada-sobre-financiamiento-universitario\/","url":"https:\/\/noticiasmercedinas.com\/site\/2025\/06\/26\/wado-de-pedro-encabezo-en-el-senado-una-nueva-jornada-sobre-financiamiento-universitario\/","name":"Wado de Pedro encabez\u00f3 en el Senado una nueva jornada sobre financiamiento universitario","isPartOf":{"@id":"https:\/\/noticiasmercedinas.com\/site\/#website"},"primaryImageOfPage":{"@id":"https:\/\/noticiasmercedinas.com\/site\/2025\/06\/26\/wado-de-pedro-encabezo-en-el-senado-una-nueva-jornada-sobre-financiamiento-universitario\/#primaryimage"},"image":{"@id":"https:\/\/noticiasmercedinas.com\/site\/2025\/06\/26\/wado-de-pedro-encabezo-en-el-senado-una-nueva-jornada-sobre-financiamiento-universitario\/#primaryimage"},"thumbnailUrl":"https:\/\/noticiasmercedinas.com\/site\/wp-content\/uploads\/2025\/06\/reunion-de-la-comision-de-educacion-senado.webp","datePublished":"2025-06-26T20:38:35+00:00","dateModified":"2025-06-26T20:39:11+00:00","description":"\u25a0 El senador de origen mercedino presidi\u00f3 la reuni\u00f3n informativa de la Comisi\u00f3n de Educaci\u00f3n, con la participaci\u00f3n de autoridades del sistema universitario nacional.","breadcrumb":{"@id":"https:\/\/noticiasmercedinas.com\/site\/2025\/06\/26\/wado-de-pedro-encabezo-en-el-senado-una-nueva-jornada-sobre-financiamiento-universitario\/#breadcrumb"},"inLanguage":"es","potentialAction":[{"@type":"ReadAction","target":["https:\/\/noticiasmercedinas.com\/site\/2025\/06\/26\/wado-de-pedro-encabezo-en-el-senado-una-nueva-jornada-sobre-financiamiento-universitario\/"]}]},{"@type":"ImageObject","inLanguage":"es","@id":"https:\/\/noticiasmercedinas.com\/site\/2025\/06\/26\/wado-de-pedro-encabezo-en-el-senado-una-nueva-jornada-sobre-financiamiento-universitario\/#primaryimage","url":"https:\/\/noticiasmercedinas.com\/site\/wp-content\/uploads\/2025\/06\/reunion-de-la-comision-de-educacion-senado.webp","contentUrl":"https:\/\/noticiasmercedinas.com\/site\/wp-content\/uploads\/2025\/06\/reunion-de-la-comision-de-educacion-senado.webp","width":750,"height":500},{"@type":"BreadcrumbList","@id":"https:\/\/noticiasmercedinas.com\/site\/2025\/06\/26\/wado-de-pedro-encabezo-en-el-senado-una-nueva-jornada-sobre-financiamiento-universitario\/#breadcrumb","itemListElement":[{"@type":"ListItem","position":1,"name":"Portada","item":"https:\/\/noticiasmercedinas.com\/site\/"},{"@type":"ListItem","position":2,"name":"Wado de Pedro encabez\u00f3 en el Senado una nueva jornada sobre financiamiento universitario"}]},{"@type":"WebSite","@id":"https:\/\/noticiasmercedinas.com\/site\/#website","url":"https:\/\/noticiasmercedinas.com\/site\/","name":"NOTICIASMERCEDINAS.COM","description":"Mercedes, Buenos Aires, Argentina","publisher":{"@id":"https:\/\/noticiasmercedinas.com\/site\/#organization"},"potentialAction":[{"@type":"SearchAction","target":{"@type":"EntryPoint","urlTemplate":"https:\/\/noticiasmercedinas.com\/site\/?s={search_term_string}"},"query-input":{"@type":"PropertyValueSpecification","valueRequired":true,"valueName":"search_term_string"}}],"inLanguage":"es"},{"@type":"Organization","@id":"https:\/\/noticiasmercedinas.com\/site\/#organization","name":"NOTICIASMERCEDINAS.COM","url":"https:\/\/noticiasmercedinas.com\/site\/","logo":{"@type":"ImageObject","inLanguage":"es","@id":"https:\/\/noticiasmercedinas.com\/site\/#\/schema\/logo\/image\/","url":"https:\/\/noticiasmercedinas.com\/site\/wp-content\/uploads\/2020\/06\/LOGO-512.jpg","contentUrl":"https:\/\/noticiasmercedinas.com\/site\/wp-content\/uploads\/2020\/06\/LOGO-512.jpg","width":512,"height":512,"caption":"NOTICIASMERCEDINAS.COM"},"image":{"@id":"https:\/\/noticiasmercedinas.com\/site\/#\/schema\/logo\/image\/"},"sameAs":["https:\/\/www.facebook.com\/noticiasmercedinas\/","https:\/\/x.com\/notmercedinas","https:\/\/www.instagram.com\/noticiasmercedinas\/"]},{"@type":"Person","@id":"https:\/\/noticiasmercedinas.com\/site\/#\/schema\/person\/84b59c099c28ff2e8b77d4ceec5d8063","name":"NOTICIASMERCEDINAS.COM","image":{"@type":"ImageObject","inLanguage":"es","@id":"https:\/\/secure.gravatar.com\/avatar\/4dfbf16b4d17945bfb6341b2d19043457132fcf478a5ee04f42e959fd8f5df0a?s=96&d=mm&r=g","url":"https:\/\/secure.gravatar.com\/avatar\/4dfbf16b4d17945bfb6341b2d19043457132fcf478a5ee04f42e959fd8f5df0a?s=96&d=mm&r=g","contentUrl":"https:\/\/secure.gravatar.com\/avatar\/4dfbf16b4d17945bfb6341b2d19043457132fcf478a5ee04f42e959fd8f5df0a?s=96&d=mm&r=g","caption":"NOTICIASMERCEDINAS.COM"},"url":"https:\/\/noticiasmercedinas.com\/site\/author\/anonimo\/"}]}},"amp_enabled":true,"_links":{"self":[{"href":"https:\/\/noticiasmercedinas.com\/site\/wp-json\/wp\/v2\/posts\/162510","targetHints":{"allow":["GET"]}}],"collection":[{"href":"https:\/\/noticiasmercedinas.com\/site\/wp-json\/wp\/v2\/posts"}],"about":[{"href":"https:\/\/noticiasmercedinas.com\/site\/wp-json\/wp\/v2\/types\/post"}],"author":[{"embeddable":true,"href":"https:\/\/noticiasmercedinas.com\/site\/wp-json\/wp\/v2\/users\/16"}],"replies":[{"embeddable":true,"href":"https:\/\/noticiasmercedinas.com\/site\/wp-json\/wp\/v2\/comments?post=162510"}],"version-history":[{"count":2,"href":"https:\/\/noticiasmercedinas.com\/site\/wp-json\/wp\/v2\/posts\/162510\/revisions"}],"predecessor-version":[{"id":162513,"href":"https:\/\/noticiasmercedinas.com\/site\/wp-json\/wp\/v2\/posts\/162510\/revisions\/162513"}],"wp:featuredmedia":[{"embeddable":true,"href":"https:\/\/noticiasmercedinas.com\/site\/wp-json\/wp\/v2\/media\/162511"}],"wp:attachment":[{"href":"https:\/\/noticiasmercedinas.com\/site\/wp-json\/wp\/v2\/media?parent=162510"}],"wp:term":[{"taxonomy":"category","embeddable":true,"href":"https:\/\/noticiasmercedinas.com\/site\/wp-json\/wp\/v2\/categories?post=162510"},{"taxonomy":"post_tag","embeddable":true,"href":"https:\/\/noticiasmercedinas.com\/site\/wp-json\/wp\/v2\/tags?post=162510"}],"curies":[{"name":"wp","href":"https:\/\/api.w.org\/{rel}","templated":true}]}}