{"id":162594,"date":"2025-06-27T16:40:07","date_gmt":"2025-06-27T19:40:07","guid":{"rendered":"https:\/\/noticiasmercedinas.com\/site\/?p=162594"},"modified":"2025-06-27T16:40:07","modified_gmt":"2025-06-27T19:40:07","slug":"aefip-mercedes-denuncio-que-el-gobierno-nacional-usa-para-la-timba-los-impuestos-de-los-contribuyentes","status":"publish","type":"post","link":"https:\/\/noticiasmercedinas.com\/site\/2025\/06\/27\/aefip-mercedes-denuncio-que-el-gobierno-nacional-usa-para-la-timba-los-impuestos-de-los-contribuyentes\/","title":{"rendered":"AEFIP Mercedes denunci\u00f3 que \u201cel Gobierno nacional usa para la timba los impuestos de los contribuyentes\u201d"},"content":{"rendered":"<p><img loading=\"lazy\" decoding=\"async\" class=\"alignnone size-full wp-image-162595\" src=\"https:\/\/noticiasmercedinas.com\/site\/wp-content\/uploads\/2025\/06\/Comision-Directiva-de-AEFIP.jpeg\" alt=\"\" width=\"1600\" height=\"1200\" srcset=\"https:\/\/noticiasmercedinas.com\/site\/wp-content\/uploads\/2025\/06\/Comision-Directiva-de-AEFIP.jpeg 1600w, https:\/\/noticiasmercedinas.com\/site\/wp-content\/uploads\/2025\/06\/Comision-Directiva-de-AEFIP-300x225.jpeg 300w, https:\/\/noticiasmercedinas.com\/site\/wp-content\/uploads\/2025\/06\/Comision-Directiva-de-AEFIP-1024x768.jpeg 1024w, https:\/\/noticiasmercedinas.com\/site\/wp-content\/uploads\/2025\/06\/Comision-Directiva-de-AEFIP-768x576.jpeg 768w, https:\/\/noticiasmercedinas.com\/site\/wp-content\/uploads\/2025\/06\/Comision-Directiva-de-AEFIP-1536x1152.jpeg 1536w, https:\/\/noticiasmercedinas.com\/site\/wp-content\/uploads\/2025\/06\/Comision-Directiva-de-AEFIP-80x60.jpeg 80w, https:\/\/noticiasmercedinas.com\/site\/wp-content\/uploads\/2025\/06\/Comision-Directiva-de-AEFIP-160x120.jpeg 160w, https:\/\/noticiasmercedinas.com\/site\/wp-content\/uploads\/2025\/06\/Comision-Directiva-de-AEFIP-100x75.jpeg 100w, https:\/\/noticiasmercedinas.com\/site\/wp-content\/uploads\/2025\/06\/Comision-Directiva-de-AEFIP-200x150.jpeg 200w, https:\/\/noticiasmercedinas.com\/site\/wp-content\/uploads\/2025\/06\/Comision-Directiva-de-AEFIP-180x135.jpeg 180w, https:\/\/noticiasmercedinas.com\/site\/wp-content\/uploads\/2025\/06\/Comision-Directiva-de-AEFIP-360x270.jpeg 360w, https:\/\/noticiasmercedinas.com\/site\/wp-content\/uploads\/2025\/06\/Comision-Directiva-de-AEFIP-238x178.jpeg 238w, https:\/\/noticiasmercedinas.com\/site\/wp-content\/uploads\/2025\/06\/Comision-Directiva-de-AEFIP-476x356.jpeg 476w, https:\/\/noticiasmercedinas.com\/site\/wp-content\/uploads\/2025\/06\/Comision-Directiva-de-AEFIP-640x480.jpeg 640w, https:\/\/noticiasmercedinas.com\/site\/wp-content\/uploads\/2025\/06\/Comision-Directiva-de-AEFIP-1280x960.jpeg 1280w, https:\/\/noticiasmercedinas.com\/site\/wp-content\/uploads\/2025\/06\/Comision-Directiva-de-AEFIP-681x511.jpeg 681w, https:\/\/noticiasmercedinas.com\/site\/wp-content\/uploads\/2025\/06\/Comision-Directiva-de-AEFIP-1362x1022.jpeg 1362w\" sizes=\"auto, (max-width: 1600px) 100vw, 1600px\" \/><\/p>\n<p>La Seccional Mercedes de la Asociaci\u00f3n de Empleados Fiscales e Ingresos P\u00fablicos (AEFIP) emiti\u00f3 un contundente comunicado donde cuestiona duramente la pol\u00edtica fiscal y econ\u00f3mica del Gobierno nacional.<\/p>\n<p>El texto, firmado por el secretario general Juan Mart\u00edn Andr\u00e9s, denuncia que los trabajadores de ARCA contin\u00faan sin paritarias, enfrentan recortes y ataques sistem\u00e1ticos, mientras el Ejecutivo utiliza los recursos estatales \u201cpara la timba\u201d.<\/p>\n<p>\u201cMientras los trabajadores del organismo seguimos sin paritarias, con una baja sustancial en el fondo de jerarquizaci\u00f3n, con constantes ataques e improperios hacia nosotros\u201d, comienza el comunicado, que adem\u00e1s se\u00f1ala que los impuestos se siguen cobrando con normalidad, pero no se reflejan en beneficios concretos para la ciudadan\u00eda. \u201c\u00bfY los beneficios a los contribuyentes, d\u00f3nde est\u00e1n? La respuesta es f\u00e1cil: el gobierno nacional los usa para la timba\u201d, advierte el texto.<\/p>\n<p>Desde la seccional, afirman que el Gobierno de corte libertario impulsa un modelo de Estado m\u00ednimo, que se asemeja al \u201cmodelo Paraguay\u201d: sin protecci\u00f3n social, con trabajadores precarizados, sin salud ni educaci\u00f3n p\u00fablicas de calidad, sin obra p\u00fablica, y con sindicatos debilitados o directamente perseguidos.<\/p>\n<p>El comunicado se\u00f1ala que, mientras se mantiene la carga tributaria (IVA, ganancias, aportes patronales y previsionales), las jubilaciones pierden poder adquisitivo, los servicios p\u00fablicos son desfinanciados, y el empleo estatal es estigmatizado y vaciado. Tambi\u00e9n denuncian que los salarios estatales est\u00e1n congelados o por debajo de la inflaci\u00f3n y que la paralizaci\u00f3n de la obra p\u00fablica ha generado miles de despidos en todo el pa\u00eds.<\/p>\n<p>\u201c\u00bfD\u00f3nde van los recursos del Estado? \u00bfPara qu\u00e9 se cobra si no hay un Estado que redistribuya, proteja ni garantice derechos?\u201d, se preguntan en el documento, y concluyen: \u201cEl discurso de la libertad oculta una verdad m\u00e1s cruda: nos quieren hacer pagar impuestos sin Estado, sin derechos, sin servicios. Y eso no es libertad: es saqueo\u201d.<\/p>\n<p>En el cierre del texto, AEFIP Mercedes reafirma su postura de defensa de un Estado presente y un sistema impositivo justo. \u201cComo trabajadores organizados, no vamos a naturalizar este modelo de ajuste y entrega, que destruye d\u00e9cadas de conquistas sociales. Vamos a seguir defendiendo el acceso igualitario a los bienes p\u00fablicos que le corresponden a todo el pueblo argentino\u201d, expresaron.<\/p>\n","protected":false},"excerpt":{"rendered":"<p>\u25a0 \u201c\u00bfD\u00f3nde van los recursos del Estado? \u00bfPara qu\u00e9 se cobra si no hay un Estado que redistribuya, proteja ni garantice derechos?\u201d, se preguntan desde el gremio. Cuestionan el desmembramiento regional<\/p>\n","protected":false},"author":16,"featured_media":162595,"comment_status":"closed","ping_status":"closed","sticky":false,"template":"","format":"standard","meta":{"footnotes":""},"categories":[3],"tags":[355,128,9011],"class_list":["post-162594","post","type-post","status-publish","format-standard","has-post-thumbnail","hentry","category-sociedad","tag-aefip","tag-estado","tag-impositivos"],"yoast_head":"<!-- This site is optimized with the Yoast SEO plugin v27.4 - https:\/\/yoast.com\/product\/yoast-seo-wordpress\/ -->\n<title>AEFIP Mercedes denunci\u00f3 que \u201cel Gobierno nacional usa para la timba los impuestos de los contribuyentes\u201d<\/title>\n<meta name=\"description\" content=\"\u25a0 \u201c\u00bfD\u00f3nde van los recursos del Estado? \u00bfPara qu\u00e9 se cobra si no hay un Estado que redistribuya, proteja ni garantice derechos?\u201d, se preguntan desde el gremio. Cuestionan el desmembramiento regional\" \/>\n<meta name=\"robots\" content=\"index, follow, max-snippet:-1, max-image-preview:large, max-video-preview:-1\" \/>\n<link rel=\"canonical\" href=\"https:\/\/noticiasmercedinas.com\/site\/2025\/06\/27\/aefip-mercedes-denuncio-que-el-gobierno-nacional-usa-para-la-timba-los-impuestos-de-los-contribuyentes\/\" \/>\n<meta property=\"og:locale\" content=\"es_ES\" \/>\n<meta property=\"og:type\" content=\"article\" \/>\n<meta property=\"og:title\" content=\"AEFIP Mercedes denunci\u00f3 que \u201cel Gobierno nacional usa para la timba los impuestos de los contribuyentes\u201d\" \/>\n<meta property=\"og:description\" content=\"\u25a0 \u201c\u00bfD\u00f3nde van los recursos del Estado? \u00bfPara qu\u00e9 se cobra si no hay un Estado que redistribuya, proteja ni garantice derechos?\u201d, se preguntan desde el gremio. Cuestionan el desmembramiento regional\" \/>\n<meta property=\"og:url\" content=\"https:\/\/noticiasmercedinas.com\/site\/2025\/06\/27\/aefip-mercedes-denuncio-que-el-gobierno-nacional-usa-para-la-timba-los-impuestos-de-los-contribuyentes\/\" \/>\n<meta property=\"og:site_name\" content=\"NOTICIASMERCEDINAS.COM\" \/>\n<meta property=\"article:publisher\" content=\"https:\/\/www.facebook.com\/noticiasmercedinas\/\" \/>\n<meta property=\"article:published_time\" content=\"2025-06-27T19:40:07+00:00\" \/>\n<meta property=\"og:image\" content=\"https:\/\/noticiasmercedinas.com\/site\/wp-content\/uploads\/2025\/06\/Comision-Directiva-de-AEFIP.jpeg\" \/>\n\t<meta property=\"og:image:width\" content=\"1600\" \/>\n\t<meta property=\"og:image:height\" content=\"1200\" \/>\n\t<meta property=\"og:image:type\" content=\"image\/jpeg\" \/>\n<meta name=\"author\" content=\"NOTICIASMERCEDINAS.COM\" \/>\n<meta name=\"twitter:card\" content=\"summary_large_image\" \/>\n<meta name=\"twitter:creator\" content=\"@notmercedinas\" \/>\n<meta name=\"twitter:site\" content=\"@notmercedinas\" \/>\n<meta name=\"twitter:label1\" content=\"Escrito por\" \/>\n\t<meta name=\"twitter:data1\" content=\"NOTICIASMERCEDINAS.COM\" \/>\n\t<meta name=\"twitter:label2\" content=\"Tiempo de lectura\" \/>\n\t<meta name=\"twitter:data2\" content=\"3 minutos\" \/>\n<script type=\"application\/ld+json\" class=\"yoast-schema-graph\">{\"@context\":\"https:\\\/\\\/schema.org\",\"@graph\":[{\"@type\":\"Article\",\"@id\":\"https:\\\/\\\/noticiasmercedinas.com\\\/site\\\/2025\\\/06\\\/27\\\/aefip-mercedes-denuncio-que-el-gobierno-nacional-usa-para-la-timba-los-impuestos-de-los-contribuyentes\\\/#article\",\"isPartOf\":{\"@id\":\"https:\\\/\\\/noticiasmercedinas.com\\\/site\\\/2025\\\/06\\\/27\\\/aefip-mercedes-denuncio-que-el-gobierno-nacional-usa-para-la-timba-los-impuestos-de-los-contribuyentes\\\/\"},\"author\":{\"name\":\"NOTICIASMERCEDINAS.COM\",\"@id\":\"https:\\\/\\\/noticiasmercedinas.com\\\/site\\\/#\\\/schema\\\/person\\\/84b59c099c28ff2e8b77d4ceec5d8063\"},\"headline\":\"AEFIP Mercedes denunci\u00f3 que \u201cel Gobierno nacional usa para la timba los impuestos de los contribuyentes\u201d\",\"datePublished\":\"2025-06-27T19:40:07+00:00\",\"mainEntityOfPage\":{\"@id\":\"https:\\\/\\\/noticiasmercedinas.com\\\/site\\\/2025\\\/06\\\/27\\\/aefip-mercedes-denuncio-que-el-gobierno-nacional-usa-para-la-timba-los-impuestos-de-los-contribuyentes\\\/\"},\"wordCount\":407,\"publisher\":{\"@id\":\"https:\\\/\\\/noticiasmercedinas.com\\\/site\\\/#organization\"},\"image\":{\"@id\":\"https:\\\/\\\/noticiasmercedinas.com\\\/site\\\/2025\\\/06\\\/27\\\/aefip-mercedes-denuncio-que-el-gobierno-nacional-usa-para-la-timba-los-impuestos-de-los-contribuyentes\\\/#primaryimage\"},\"thumbnailUrl\":\"https:\\\/\\\/noticiasmercedinas.com\\\/site\\\/wp-content\\\/uploads\\\/2025\\\/06\\\/Comision-Directiva-de-AEFIP.jpeg\",\"keywords\":[\"aefip\",\"estado\",\"impositivos\"],\"articleSection\":[\"Sociedad\"],\"inLanguage\":\"es\"},{\"@type\":\"WebPage\",\"@id\":\"https:\\\/\\\/noticiasmercedinas.com\\\/site\\\/2025\\\/06\\\/27\\\/aefip-mercedes-denuncio-que-el-gobierno-nacional-usa-para-la-timba-los-impuestos-de-los-contribuyentes\\\/\",\"url\":\"https:\\\/\\\/noticiasmercedinas.com\\\/site\\\/2025\\\/06\\\/27\\\/aefip-mercedes-denuncio-que-el-gobierno-nacional-usa-para-la-timba-los-impuestos-de-los-contribuyentes\\\/\",\"name\":\"AEFIP Mercedes denunci\u00f3 que \u201cel Gobierno nacional usa para la timba los impuestos de los contribuyentes\u201d\",\"isPartOf\":{\"@id\":\"https:\\\/\\\/noticiasmercedinas.com\\\/site\\\/#website\"},\"primaryImageOfPage\":{\"@id\":\"https:\\\/\\\/noticiasmercedinas.com\\\/site\\\/2025\\\/06\\\/27\\\/aefip-mercedes-denuncio-que-el-gobierno-nacional-usa-para-la-timba-los-impuestos-de-los-contribuyentes\\\/#primaryimage\"},\"image\":{\"@id\":\"https:\\\/\\\/noticiasmercedinas.com\\\/site\\\/2025\\\/06\\\/27\\\/aefip-mercedes-denuncio-que-el-gobierno-nacional-usa-para-la-timba-los-impuestos-de-los-contribuyentes\\\/#primaryimage\"},\"thumbnailUrl\":\"https:\\\/\\\/noticiasmercedinas.com\\\/site\\\/wp-content\\\/uploads\\\/2025\\\/06\\\/Comision-Directiva-de-AEFIP.jpeg\",\"datePublished\":\"2025-06-27T19:40:07+00:00\",\"description\":\"\u25a0 \u201c\u00bfD\u00f3nde van los recursos del Estado? \u00bfPara qu\u00e9 se cobra si no hay un Estado que redistribuya, proteja ni garantice derechos?\u201d, se preguntan desde el gremio. Cuestionan el desmembramiento regional\",\"breadcrumb\":{\"@id\":\"https:\\\/\\\/noticiasmercedinas.com\\\/site\\\/2025\\\/06\\\/27\\\/aefip-mercedes-denuncio-que-el-gobierno-nacional-usa-para-la-timba-los-impuestos-de-los-contribuyentes\\\/#breadcrumb\"},\"inLanguage\":\"es\",\"potentialAction\":[{\"@type\":\"ReadAction\",\"target\":[\"https:\\\/\\\/noticiasmercedinas.com\\\/site\\\/2025\\\/06\\\/27\\\/aefip-mercedes-denuncio-que-el-gobierno-nacional-usa-para-la-timba-los-impuestos-de-los-contribuyentes\\\/\"]}]},{\"@type\":\"ImageObject\",\"inLanguage\":\"es\",\"@id\":\"https:\\\/\\\/noticiasmercedinas.com\\\/site\\\/2025\\\/06\\\/27\\\/aefip-mercedes-denuncio-que-el-gobierno-nacional-usa-para-la-timba-los-impuestos-de-los-contribuyentes\\\/#primaryimage\",\"url\":\"https:\\\/\\\/noticiasmercedinas.com\\\/site\\\/wp-content\\\/uploads\\\/2025\\\/06\\\/Comision-Directiva-de-AEFIP.jpeg\",\"contentUrl\":\"https:\\\/\\\/noticiasmercedinas.com\\\/site\\\/wp-content\\\/uploads\\\/2025\\\/06\\\/Comision-Directiva-de-AEFIP.jpeg\",\"width\":1600,\"height\":1200},{\"@type\":\"BreadcrumbList\",\"@id\":\"https:\\\/\\\/noticiasmercedinas.com\\\/site\\\/2025\\\/06\\\/27\\\/aefip-mercedes-denuncio-que-el-gobierno-nacional-usa-para-la-timba-los-impuestos-de-los-contribuyentes\\\/#breadcrumb\",\"itemListElement\":[{\"@type\":\"ListItem\",\"position\":1,\"name\":\"Portada\",\"item\":\"https:\\\/\\\/noticiasmercedinas.com\\\/site\\\/\"},{\"@type\":\"ListItem\",\"position\":2,\"name\":\"AEFIP Mercedes denunci\u00f3 que \u201cel Gobierno nacional usa para la timba los impuestos de los contribuyentes\u201d\"}]},{\"@type\":\"WebSite\",\"@id\":\"https:\\\/\\\/noticiasmercedinas.com\\\/site\\\/#website\",\"url\":\"https:\\\/\\\/noticiasmercedinas.com\\\/site\\\/\",\"name\":\"NOTICIASMERCEDINAS.COM\",\"description\":\"Mercedes, Buenos Aires, Argentina\",\"publisher\":{\"@id\":\"https:\\\/\\\/noticiasmercedinas.com\\\/site\\\/#organization\"},\"potentialAction\":[{\"@type\":\"SearchAction\",\"target\":{\"@type\":\"EntryPoint\",\"urlTemplate\":\"https:\\\/\\\/noticiasmercedinas.com\\\/site\\\/?s={search_term_string}\"},\"query-input\":{\"@type\":\"PropertyValueSpecification\",\"valueRequired\":true,\"valueName\":\"search_term_string\"}}],\"inLanguage\":\"es\"},{\"@type\":\"Organization\",\"@id\":\"https:\\\/\\\/noticiasmercedinas.com\\\/site\\\/#organization\",\"name\":\"NOTICIASMERCEDINAS.COM\",\"url\":\"https:\\\/\\\/noticiasmercedinas.com\\\/site\\\/\",\"logo\":{\"@type\":\"ImageObject\",\"inLanguage\":\"es\",\"@id\":\"https:\\\/\\\/noticiasmercedinas.com\\\/site\\\/#\\\/schema\\\/logo\\\/image\\\/\",\"url\":\"https:\\\/\\\/noticiasmercedinas.com\\\/site\\\/wp-content\\\/uploads\\\/2020\\\/06\\\/LOGO-512.jpg\",\"contentUrl\":\"https:\\\/\\\/noticiasmercedinas.com\\\/site\\\/wp-content\\\/uploads\\\/2020\\\/06\\\/LOGO-512.jpg\",\"width\":512,\"height\":512,\"caption\":\"NOTICIASMERCEDINAS.COM\"},\"image\":{\"@id\":\"https:\\\/\\\/noticiasmercedinas.com\\\/site\\\/#\\\/schema\\\/logo\\\/image\\\/\"},\"sameAs\":[\"https:\\\/\\\/www.facebook.com\\\/noticiasmercedinas\\\/\",\"https:\\\/\\\/x.com\\\/notmercedinas\",\"https:\\\/\\\/www.instagram.com\\\/noticiasmercedinas\\\/\"]},{\"@type\":\"Person\",\"@id\":\"https:\\\/\\\/noticiasmercedinas.com\\\/site\\\/#\\\/schema\\\/person\\\/84b59c099c28ff2e8b77d4ceec5d8063\",\"name\":\"NOTICIASMERCEDINAS.COM\",\"image\":{\"@type\":\"ImageObject\",\"inLanguage\":\"es\",\"@id\":\"https:\\\/\\\/secure.gravatar.com\\\/avatar\\\/4dfbf16b4d17945bfb6341b2d19043457132fcf478a5ee04f42e959fd8f5df0a?s=96&d=mm&r=g\",\"url\":\"https:\\\/\\\/secure.gravatar.com\\\/avatar\\\/4dfbf16b4d17945bfb6341b2d19043457132fcf478a5ee04f42e959fd8f5df0a?s=96&d=mm&r=g\",\"contentUrl\":\"https:\\\/\\\/secure.gravatar.com\\\/avatar\\\/4dfbf16b4d17945bfb6341b2d19043457132fcf478a5ee04f42e959fd8f5df0a?s=96&d=mm&r=g\",\"caption\":\"NOTICIASMERCEDINAS.COM\"},\"url\":\"https:\\\/\\\/noticiasmercedinas.com\\\/site\\\/author\\\/anonimo\\\/\"}]}<\/script>\n<!-- \/ Yoast SEO plugin. -->","yoast_head_json":{"title":"AEFIP Mercedes denunci\u00f3 que \u201cel Gobierno nacional usa para la timba los impuestos de los contribuyentes\u201d","description":"\u25a0 \u201c\u00bfD\u00f3nde van los recursos del Estado? \u00bfPara qu\u00e9 se cobra si no hay un Estado que redistribuya, proteja ni garantice derechos?\u201d, se preguntan desde el gremio. Cuestionan el desmembramiento regional","robots":{"index":"index","follow":"follow","max-snippet":"max-snippet:-1","max-image-preview":"max-image-preview:large","max-video-preview":"max-video-preview:-1"},"canonical":"https:\/\/noticiasmercedinas.com\/site\/2025\/06\/27\/aefip-mercedes-denuncio-que-el-gobierno-nacional-usa-para-la-timba-los-impuestos-de-los-contribuyentes\/","og_locale":"es_ES","og_type":"article","og_title":"AEFIP Mercedes denunci\u00f3 que \u201cel Gobierno nacional usa para la timba los impuestos de los contribuyentes\u201d","og_description":"\u25a0 \u201c\u00bfD\u00f3nde van los recursos del Estado? \u00bfPara qu\u00e9 se cobra si no hay un Estado que redistribuya, proteja ni garantice derechos?\u201d, se preguntan desde el gremio. Cuestionan el desmembramiento regional","og_url":"https:\/\/noticiasmercedinas.com\/site\/2025\/06\/27\/aefip-mercedes-denuncio-que-el-gobierno-nacional-usa-para-la-timba-los-impuestos-de-los-contribuyentes\/","og_site_name":"NOTICIASMERCEDINAS.COM","article_publisher":"https:\/\/www.facebook.com\/noticiasmercedinas\/","article_published_time":"2025-06-27T19:40:07+00:00","og_image":[{"width":1600,"height":1200,"url":"https:\/\/noticiasmercedinas.com\/site\/wp-content\/uploads\/2025\/06\/Comision-Directiva-de-AEFIP.jpeg","type":"image\/jpeg"}],"author":"NOTICIASMERCEDINAS.COM","twitter_card":"summary_large_image","twitter_creator":"@notmercedinas","twitter_site":"@notmercedinas","twitter_misc":{"Escrito por":"NOTICIASMERCEDINAS.COM","Tiempo de lectura":"3 minutos"},"schema":{"@context":"https:\/\/schema.org","@graph":[{"@type":"Article","@id":"https:\/\/noticiasmercedinas.com\/site\/2025\/06\/27\/aefip-mercedes-denuncio-que-el-gobierno-nacional-usa-para-la-timba-los-impuestos-de-los-contribuyentes\/#article","isPartOf":{"@id":"https:\/\/noticiasmercedinas.com\/site\/2025\/06\/27\/aefip-mercedes-denuncio-que-el-gobierno-nacional-usa-para-la-timba-los-impuestos-de-los-contribuyentes\/"},"author":{"name":"NOTICIASMERCEDINAS.COM","@id":"https:\/\/noticiasmercedinas.com\/site\/#\/schema\/person\/84b59c099c28ff2e8b77d4ceec5d8063"},"headline":"AEFIP Mercedes denunci\u00f3 que \u201cel Gobierno nacional usa para la timba los impuestos de los contribuyentes\u201d","datePublished":"2025-06-27T19:40:07+00:00","mainEntityOfPage":{"@id":"https:\/\/noticiasmercedinas.com\/site\/2025\/06\/27\/aefip-mercedes-denuncio-que-el-gobierno-nacional-usa-para-la-timba-los-impuestos-de-los-contribuyentes\/"},"wordCount":407,"publisher":{"@id":"https:\/\/noticiasmercedinas.com\/site\/#organization"},"image":{"@id":"https:\/\/noticiasmercedinas.com\/site\/2025\/06\/27\/aefip-mercedes-denuncio-que-el-gobierno-nacional-usa-para-la-timba-los-impuestos-de-los-contribuyentes\/#primaryimage"},"thumbnailUrl":"https:\/\/noticiasmercedinas.com\/site\/wp-content\/uploads\/2025\/06\/Comision-Directiva-de-AEFIP.jpeg","keywords":["aefip","estado","impositivos"],"articleSection":["Sociedad"],"inLanguage":"es"},{"@type":"WebPage","@id":"https:\/\/noticiasmercedinas.com\/site\/2025\/06\/27\/aefip-mercedes-denuncio-que-el-gobierno-nacional-usa-para-la-timba-los-impuestos-de-los-contribuyentes\/","url":"https:\/\/noticiasmercedinas.com\/site\/2025\/06\/27\/aefip-mercedes-denuncio-que-el-gobierno-nacional-usa-para-la-timba-los-impuestos-de-los-contribuyentes\/","name":"AEFIP Mercedes denunci\u00f3 que \u201cel Gobierno nacional usa para la timba los impuestos de los contribuyentes\u201d","isPartOf":{"@id":"https:\/\/noticiasmercedinas.com\/site\/#website"},"primaryImageOfPage":{"@id":"https:\/\/noticiasmercedinas.com\/site\/2025\/06\/27\/aefip-mercedes-denuncio-que-el-gobierno-nacional-usa-para-la-timba-los-impuestos-de-los-contribuyentes\/#primaryimage"},"image":{"@id":"https:\/\/noticiasmercedinas.com\/site\/2025\/06\/27\/aefip-mercedes-denuncio-que-el-gobierno-nacional-usa-para-la-timba-los-impuestos-de-los-contribuyentes\/#primaryimage"},"thumbnailUrl":"https:\/\/noticiasmercedinas.com\/site\/wp-content\/uploads\/2025\/06\/Comision-Directiva-de-AEFIP.jpeg","datePublished":"2025-06-27T19:40:07+00:00","description":"\u25a0 \u201c\u00bfD\u00f3nde van los recursos del Estado? \u00bfPara qu\u00e9 se cobra si no hay un Estado que redistribuya, proteja ni garantice derechos?\u201d, se preguntan desde el gremio. Cuestionan el desmembramiento regional","breadcrumb":{"@id":"https:\/\/noticiasmercedinas.com\/site\/2025\/06\/27\/aefip-mercedes-denuncio-que-el-gobierno-nacional-usa-para-la-timba-los-impuestos-de-los-contribuyentes\/#breadcrumb"},"inLanguage":"es","potentialAction":[{"@type":"ReadAction","target":["https:\/\/noticiasmercedinas.com\/site\/2025\/06\/27\/aefip-mercedes-denuncio-que-el-gobierno-nacional-usa-para-la-timba-los-impuestos-de-los-contribuyentes\/"]}]},{"@type":"ImageObject","inLanguage":"es","@id":"https:\/\/noticiasmercedinas.com\/site\/2025\/06\/27\/aefip-mercedes-denuncio-que-el-gobierno-nacional-usa-para-la-timba-los-impuestos-de-los-contribuyentes\/#primaryimage","url":"https:\/\/noticiasmercedinas.com\/site\/wp-content\/uploads\/2025\/06\/Comision-Directiva-de-AEFIP.jpeg","contentUrl":"https:\/\/noticiasmercedinas.com\/site\/wp-content\/uploads\/2025\/06\/Comision-Directiva-de-AEFIP.jpeg","width":1600,"height":1200},{"@type":"BreadcrumbList","@id":"https:\/\/noticiasmercedinas.com\/site\/2025\/06\/27\/aefip-mercedes-denuncio-que-el-gobierno-nacional-usa-para-la-timba-los-impuestos-de-los-contribuyentes\/#breadcrumb","itemListElement":[{"@type":"ListItem","position":1,"name":"Portada","item":"https:\/\/noticiasmercedinas.com\/site\/"},{"@type":"ListItem","position":2,"name":"AEFIP Mercedes denunci\u00f3 que \u201cel Gobierno nacional usa para la timba los impuestos de los contribuyentes\u201d"}]},{"@type":"WebSite","@id":"https:\/\/noticiasmercedinas.com\/site\/#website","url":"https:\/\/noticiasmercedinas.com\/site\/","name":"NOTICIASMERCEDINAS.COM","description":"Mercedes, Buenos Aires, Argentina","publisher":{"@id":"https:\/\/noticiasmercedinas.com\/site\/#organization"},"potentialAction":[{"@type":"SearchAction","target":{"@type":"EntryPoint","urlTemplate":"https:\/\/noticiasmercedinas.com\/site\/?s={search_term_string}"},"query-input":{"@type":"PropertyValueSpecification","valueRequired":true,"valueName":"search_term_string"}}],"inLanguage":"es"},{"@type":"Organization","@id":"https:\/\/noticiasmercedinas.com\/site\/#organization","name":"NOTICIASMERCEDINAS.COM","url":"https:\/\/noticiasmercedinas.com\/site\/","logo":{"@type":"ImageObject","inLanguage":"es","@id":"https:\/\/noticiasmercedinas.com\/site\/#\/schema\/logo\/image\/","url":"https:\/\/noticiasmercedinas.com\/site\/wp-content\/uploads\/2020\/06\/LOGO-512.jpg","contentUrl":"https:\/\/noticiasmercedinas.com\/site\/wp-content\/uploads\/2020\/06\/LOGO-512.jpg","width":512,"height":512,"caption":"NOTICIASMERCEDINAS.COM"},"image":{"@id":"https:\/\/noticiasmercedinas.com\/site\/#\/schema\/logo\/image\/"},"sameAs":["https:\/\/www.facebook.com\/noticiasmercedinas\/","https:\/\/x.com\/notmercedinas","https:\/\/www.instagram.com\/noticiasmercedinas\/"]},{"@type":"Person","@id":"https:\/\/noticiasmercedinas.com\/site\/#\/schema\/person\/84b59c099c28ff2e8b77d4ceec5d8063","name":"NOTICIASMERCEDINAS.COM","image":{"@type":"ImageObject","inLanguage":"es","@id":"https:\/\/secure.gravatar.com\/avatar\/4dfbf16b4d17945bfb6341b2d19043457132fcf478a5ee04f42e959fd8f5df0a?s=96&d=mm&r=g","url":"https:\/\/secure.gravatar.com\/avatar\/4dfbf16b4d17945bfb6341b2d19043457132fcf478a5ee04f42e959fd8f5df0a?s=96&d=mm&r=g","contentUrl":"https:\/\/secure.gravatar.com\/avatar\/4dfbf16b4d17945bfb6341b2d19043457132fcf478a5ee04f42e959fd8f5df0a?s=96&d=mm&r=g","caption":"NOTICIASMERCEDINAS.COM"},"url":"https:\/\/noticiasmercedinas.com\/site\/author\/anonimo\/"}]}},"amp_enabled":true,"_links":{"self":[{"href":"https:\/\/noticiasmercedinas.com\/site\/wp-json\/wp\/v2\/posts\/162594","targetHints":{"allow":["GET"]}}],"collection":[{"href":"https:\/\/noticiasmercedinas.com\/site\/wp-json\/wp\/v2\/posts"}],"about":[{"href":"https:\/\/noticiasmercedinas.com\/site\/wp-json\/wp\/v2\/types\/post"}],"author":[{"embeddable":true,"href":"https:\/\/noticiasmercedinas.com\/site\/wp-json\/wp\/v2\/users\/16"}],"replies":[{"embeddable":true,"href":"https:\/\/noticiasmercedinas.com\/site\/wp-json\/wp\/v2\/comments?post=162594"}],"version-history":[{"count":1,"href":"https:\/\/noticiasmercedinas.com\/site\/wp-json\/wp\/v2\/posts\/162594\/revisions"}],"predecessor-version":[{"id":162596,"href":"https:\/\/noticiasmercedinas.com\/site\/wp-json\/wp\/v2\/posts\/162594\/revisions\/162596"}],"wp:featuredmedia":[{"embeddable":true,"href":"https:\/\/noticiasmercedinas.com\/site\/wp-json\/wp\/v2\/media\/162595"}],"wp:attachment":[{"href":"https:\/\/noticiasmercedinas.com\/site\/wp-json\/wp\/v2\/media?parent=162594"}],"wp:term":[{"taxonomy":"category","embeddable":true,"href":"https:\/\/noticiasmercedinas.com\/site\/wp-json\/wp\/v2\/categories?post=162594"},{"taxonomy":"post_tag","embeddable":true,"href":"https:\/\/noticiasmercedinas.com\/site\/wp-json\/wp\/v2\/tags?post=162594"}],"curies":[{"name":"wp","href":"https:\/\/api.w.org\/{rel}","templated":true}]}}