{"id":162727,"date":"2025-06-29T16:20:07","date_gmt":"2025-06-29T19:20:07","guid":{"rendered":"https:\/\/noticiasmercedinas.com\/site\/?p=162727"},"modified":"2025-06-29T16:20:07","modified_gmt":"2025-06-29T19:20:07","slug":"museo-de-arte-se-prepara-para-la-inauguracion-de-hector-cueto-antologia-panoramica-1922-2003","status":"publish","type":"post","link":"https:\/\/noticiasmercedinas.com\/site\/2025\/06\/29\/museo-de-arte-se-prepara-para-la-inauguracion-de-hector-cueto-antologia-panoramica-1922-2003\/","title":{"rendered":"Museo de Arte se prepara para la inauguraci\u00f3n de \u00abH\u00e9ctor Cueto: Antolog\u00eda Panor\u00e1mica 1922-2003\u00bb"},"content":{"rendered":"<p><img loading=\"lazy\" decoding=\"async\" class=\"alignnone size-full wp-image-162728\" src=\"https:\/\/noticiasmercedinas.com\/site\/wp-content\/uploads\/2025\/06\/CUETO1.jpg\" alt=\"\" width=\"688\" height=\"520\" srcset=\"https:\/\/noticiasmercedinas.com\/site\/wp-content\/uploads\/2025\/06\/CUETO1.jpg 688w, https:\/\/noticiasmercedinas.com\/site\/wp-content\/uploads\/2025\/06\/CUETO1-300x227.jpg 300w, https:\/\/noticiasmercedinas.com\/site\/wp-content\/uploads\/2025\/06\/CUETO1-80x60.jpg 80w, https:\/\/noticiasmercedinas.com\/site\/wp-content\/uploads\/2025\/06\/CUETO1-160x120.jpg 160w, https:\/\/noticiasmercedinas.com\/site\/wp-content\/uploads\/2025\/06\/CUETO1-100x75.jpg 100w, https:\/\/noticiasmercedinas.com\/site\/wp-content\/uploads\/2025\/06\/CUETO1-200x150.jpg 200w, https:\/\/noticiasmercedinas.com\/site\/wp-content\/uploads\/2025\/06\/CUETO1-180x135.jpg 180w, https:\/\/noticiasmercedinas.com\/site\/wp-content\/uploads\/2025\/06\/CUETO1-640x484.jpg 640w, https:\/\/noticiasmercedinas.com\/site\/wp-content\/uploads\/2025\/06\/CUETO1-681x515.jpg 681w\" sizes=\"auto, (max-width: 688px) 100vw, 688px\" \/><\/p>\n<p>El pr\u00f3ximo s\u00e1bado 5 de julio a las 18:30 horas, el Museo de Arte Municipal de Mercedes (MAMM), ubicado en Calle 23 n\u00famero 382, ser\u00e1 el epicentro de un significativo evento cultural con la inauguraci\u00f3n de la muestra \u00abH\u00e9ctor Cueto: Antolog\u00eda Panor\u00e1mica 1922-2003\u00bb.<\/p>\n<p>La exposici\u00f3n ofrecer\u00e1 una s\u00edntesis cronol\u00f3gica de la vasta obra del reconocido artista visual, H\u00e9ctor Cueto, y contar\u00e1 con la curadur\u00eda de Marcela Cueto.<\/p>\n<p>Esta antolog\u00eda panor\u00e1mica promete ser un recorrido inmersivo por la trayectoria art\u00edstica de H\u00e9ctor Cueto, abarcando casi un siglo de su producci\u00f3n.<\/p>\n<p>La muestra representa el primer eslab\u00f3n de un ambicioso proyecto que busca no solo visibilizar y revalorizar la figura del artista en su propia comunidad, sino tambi\u00e9n conectar su legado con las nuevas generaciones.<\/p>\n<p>Asimismo, se propone insertar la obra de Cueto en el panorama del arte bonaerense del siglo XX, destacando su relevancia y contribuci\u00f3n.<\/p>\n<p><strong>Di\u00e1logo, identidad y reconocimiento<\/strong><br \/>\nLos organizadores de la exposici\u00f3n expresaron su expectativa de contar con la presencia de un p\u00fablico amplio y diverso. El objetivo es que los visitantes establezcan un di\u00e1logo profundo con la obra de Cueto y, a trav\u00e9s de ella, puedan reconocer y resignificar rasgos de su propia identidad cultural y local. Se busca generar un espacio de reflexi\u00f3n y conexi\u00f3n entre el pasado art\u00edstico de la regi\u00f3n y su presente.<\/p>\n<p>La muestra permanecer\u00e1 abierta al p\u00fablico hasta el 27 de julio, ofreciendo una oportunidad \u00fanica para acercarse al universo creativo de H\u00e9ctor Cueto.<\/p>\n<p><strong>Qui\u00e9n fue H\u00e9ctor Cueto<\/strong><br \/>\nH\u00e9ctor Cueto nace en Mercedes, provincia de Buenos Aires en 1922. Desde muy joven se dedic\u00f3 al dibujo y la pintura form\u00e1ndose en su ciudad y en la Escuela Nacional de Bellas Artes Manuel Belgrano. Interesado tambi\u00e9n en la difusi\u00f3n de las artes pl\u00e1sticas en su comunidad y de otras formas de conocimiento fue socio fundador del C\u00edrculo Art\u00edstico y del Museo de Ciencias Naturales Carlos Ameghino.<\/p>\n<p>Entre los a\u00f1os 1954 y 1964 concurre con otros artistas de la ciudad a tomar clases con el maestro del arte argentino Demetrio Urruch\u00faa en la ciudad de Luj\u00e1n. All\u00ed conoce a su esposa Celia Mar\u00eda Carolina Colalillo oriunda de Chivilcoy y se vincula con otros artistas de la regi\u00f3n.<\/p>\n<p>En 1973 funda con su compa\u00f1era el primer taller de arte dirigido a la infancia que funcion\u00f3 ininterrumpidamente hasta 1992. En 1974 forma parte del primer grupo de profesores de la Escuela de Arte de Luj\u00e1n.<\/p>\n<p>Desarroll\u00f3 su obra en distintos lenguajes como el dibujo, el grabado, la pintura y la cer\u00e1mica. Particip\u00f3 en numerosos salones recibiendo distinciones y el Primer Premio de Pintura en el Sal\u00f3n Nacional del Museo de Bellas Artes de Luj\u00e1n en el a\u00f1o 1991.<\/p>\n<p>Organiz\u00f3 y particip\u00f3 de numerosas exposiciones individuales y colectivas en Mercedes, Luj\u00e1n, Chivilcoy, San Andr\u00e9s de Giles, Tandil, La Plata, Mar del Plata y CABA.<\/p>\n<p>Sus obras se encuentran en distintos puntos de la provincia, tanto en el patrimonio de instituciones como en colecciones privadas. Muri\u00f3 en 2003.<\/p>\n","protected":false},"excerpt":{"rendered":"<p>\u25a0 La exposici\u00f3n se inaugura el 5 de julio y ofrecer\u00e1 una s\u00edntesis cronol\u00f3gica de la vasta obra del reconocido artista visual, H\u00e9ctor Cueto, y contar\u00e1 con la curadur\u00eda de Marcela Cueto.<\/p>\n","protected":false},"author":16,"featured_media":162728,"comment_status":"closed","ping_status":"closed","sticky":false,"template":"","format":"standard","meta":{"footnotes":""},"categories":[4],"tags":[190,2264,8710,16478,274],"class_list":["post-162727","post","type-post","status-publish","format-standard","has-post-thumbnail","hentry","category-cultura","tag-arte","tag-expo","tag-hector-cueto","tag-museo-de-arte-municipal","tag-pintura"],"yoast_head":"<!-- This site is optimized with the Yoast SEO plugin v27.5 - https:\/\/yoast.com\/product\/yoast-seo-wordpress\/ -->\n<title>Museo de Arte se prepara para la inauguraci\u00f3n de &quot;H\u00e9ctor Cueto: Antolog\u00eda Panor\u00e1mica 1922-2003&quot;<\/title>\n<meta name=\"description\" content=\"La exposici\u00f3n se inaugura el 5 de julio y ofrecer\u00e1 una s\u00edntesis cronol\u00f3gica de la vasta obra del reconocido artista visual, H\u00e9ctor Cueto, y contar\u00e1 con la curadur\u00eda de Marcela Cueto.\" \/>\n<meta name=\"robots\" content=\"index, follow, max-snippet:-1, max-image-preview:large, max-video-preview:-1\" \/>\n<link rel=\"canonical\" href=\"https:\/\/noticiasmercedinas.com\/site\/2025\/06\/29\/museo-de-arte-se-prepara-para-la-inauguracion-de-hector-cueto-antologia-panoramica-1922-2003\/\" \/>\n<meta property=\"og:locale\" content=\"es_ES\" \/>\n<meta property=\"og:type\" content=\"article\" \/>\n<meta property=\"og:title\" content=\"Museo de Arte se prepara para la inauguraci\u00f3n de &quot;H\u00e9ctor Cueto: Antolog\u00eda Panor\u00e1mica 1922-2003&quot;\" \/>\n<meta property=\"og:description\" content=\"La exposici\u00f3n se inaugura el 5 de julio y ofrecer\u00e1 una s\u00edntesis cronol\u00f3gica de la vasta obra del reconocido artista visual, H\u00e9ctor Cueto, y contar\u00e1 con la curadur\u00eda de Marcela Cueto.\" \/>\n<meta property=\"og:url\" content=\"https:\/\/noticiasmercedinas.com\/site\/2025\/06\/29\/museo-de-arte-se-prepara-para-la-inauguracion-de-hector-cueto-antologia-panoramica-1922-2003\/\" \/>\n<meta property=\"og:site_name\" content=\"NOTICIASMERCEDINAS.COM\" \/>\n<meta property=\"article:publisher\" content=\"https:\/\/www.facebook.com\/noticiasmercedinas\/\" \/>\n<meta property=\"article:published_time\" content=\"2025-06-29T19:20:07+00:00\" \/>\n<meta property=\"og:image\" content=\"https:\/\/noticiasmercedinas.com\/site\/wp-content\/uploads\/2025\/06\/CUETO1.jpg\" \/>\n\t<meta property=\"og:image:width\" content=\"688\" \/>\n\t<meta property=\"og:image:height\" content=\"520\" \/>\n\t<meta property=\"og:image:type\" content=\"image\/jpeg\" \/>\n<meta name=\"author\" content=\"NOTICIASMERCEDINAS.COM\" \/>\n<meta name=\"twitter:card\" content=\"summary_large_image\" \/>\n<meta name=\"twitter:creator\" content=\"@notmercedinas\" \/>\n<meta name=\"twitter:site\" content=\"@notmercedinas\" \/>\n<meta name=\"twitter:label1\" content=\"Escrito por\" \/>\n\t<meta name=\"twitter:data1\" content=\"NOTICIASMERCEDINAS.COM\" \/>\n\t<meta name=\"twitter:label2\" content=\"Tiempo de lectura\" \/>\n\t<meta name=\"twitter:data2\" content=\"3 minutos\" \/>\n<script type=\"application\/ld+json\" class=\"yoast-schema-graph\">{\"@context\":\"https:\\\/\\\/schema.org\",\"@graph\":[{\"@type\":\"Article\",\"@id\":\"https:\\\/\\\/noticiasmercedinas.com\\\/site\\\/2025\\\/06\\\/29\\\/museo-de-arte-se-prepara-para-la-inauguracion-de-hector-cueto-antologia-panoramica-1922-2003\\\/#article\",\"isPartOf\":{\"@id\":\"https:\\\/\\\/noticiasmercedinas.com\\\/site\\\/2025\\\/06\\\/29\\\/museo-de-arte-se-prepara-para-la-inauguracion-de-hector-cueto-antologia-panoramica-1922-2003\\\/\"},\"author\":{\"name\":\"NOTICIASMERCEDINAS.COM\",\"@id\":\"https:\\\/\\\/noticiasmercedinas.com\\\/site\\\/#\\\/schema\\\/person\\\/84b59c099c28ff2e8b77d4ceec5d8063\"},\"headline\":\"Museo de Arte se prepara para la inauguraci\u00f3n de \u00abH\u00e9ctor Cueto: Antolog\u00eda Panor\u00e1mica 1922-2003\u00bb\",\"datePublished\":\"2025-06-29T19:20:07+00:00\",\"mainEntityOfPage\":{\"@id\":\"https:\\\/\\\/noticiasmercedinas.com\\\/site\\\/2025\\\/06\\\/29\\\/museo-de-arte-se-prepara-para-la-inauguracion-de-hector-cueto-antologia-panoramica-1922-2003\\\/\"},\"wordCount\":548,\"publisher\":{\"@id\":\"https:\\\/\\\/noticiasmercedinas.com\\\/site\\\/#organization\"},\"image\":{\"@id\":\"https:\\\/\\\/noticiasmercedinas.com\\\/site\\\/2025\\\/06\\\/29\\\/museo-de-arte-se-prepara-para-la-inauguracion-de-hector-cueto-antologia-panoramica-1922-2003\\\/#primaryimage\"},\"thumbnailUrl\":\"https:\\\/\\\/noticiasmercedinas.com\\\/site\\\/wp-content\\\/uploads\\\/2025\\\/06\\\/CUETO1.jpg\",\"keywords\":[\"arte\",\"expo\",\"hector cueto\",\"Museo de Arte Municipal\",\"pintura\"],\"articleSection\":[\"Cultura\"],\"inLanguage\":\"es\"},{\"@type\":\"WebPage\",\"@id\":\"https:\\\/\\\/noticiasmercedinas.com\\\/site\\\/2025\\\/06\\\/29\\\/museo-de-arte-se-prepara-para-la-inauguracion-de-hector-cueto-antologia-panoramica-1922-2003\\\/\",\"url\":\"https:\\\/\\\/noticiasmercedinas.com\\\/site\\\/2025\\\/06\\\/29\\\/museo-de-arte-se-prepara-para-la-inauguracion-de-hector-cueto-antologia-panoramica-1922-2003\\\/\",\"name\":\"Museo de Arte se prepara para la inauguraci\u00f3n de \\\"H\u00e9ctor Cueto: Antolog\u00eda Panor\u00e1mica 1922-2003\\\"\",\"isPartOf\":{\"@id\":\"https:\\\/\\\/noticiasmercedinas.com\\\/site\\\/#website\"},\"primaryImageOfPage\":{\"@id\":\"https:\\\/\\\/noticiasmercedinas.com\\\/site\\\/2025\\\/06\\\/29\\\/museo-de-arte-se-prepara-para-la-inauguracion-de-hector-cueto-antologia-panoramica-1922-2003\\\/#primaryimage\"},\"image\":{\"@id\":\"https:\\\/\\\/noticiasmercedinas.com\\\/site\\\/2025\\\/06\\\/29\\\/museo-de-arte-se-prepara-para-la-inauguracion-de-hector-cueto-antologia-panoramica-1922-2003\\\/#primaryimage\"},\"thumbnailUrl\":\"https:\\\/\\\/noticiasmercedinas.com\\\/site\\\/wp-content\\\/uploads\\\/2025\\\/06\\\/CUETO1.jpg\",\"datePublished\":\"2025-06-29T19:20:07+00:00\",\"description\":\"La exposici\u00f3n se inaugura el 5 de julio y ofrecer\u00e1 una s\u00edntesis cronol\u00f3gica de la vasta obra del reconocido artista visual, H\u00e9ctor Cueto, y contar\u00e1 con la curadur\u00eda de Marcela Cueto.\",\"breadcrumb\":{\"@id\":\"https:\\\/\\\/noticiasmercedinas.com\\\/site\\\/2025\\\/06\\\/29\\\/museo-de-arte-se-prepara-para-la-inauguracion-de-hector-cueto-antologia-panoramica-1922-2003\\\/#breadcrumb\"},\"inLanguage\":\"es\",\"potentialAction\":[{\"@type\":\"ReadAction\",\"target\":[\"https:\\\/\\\/noticiasmercedinas.com\\\/site\\\/2025\\\/06\\\/29\\\/museo-de-arte-se-prepara-para-la-inauguracion-de-hector-cueto-antologia-panoramica-1922-2003\\\/\"]}]},{\"@type\":\"ImageObject\",\"inLanguage\":\"es\",\"@id\":\"https:\\\/\\\/noticiasmercedinas.com\\\/site\\\/2025\\\/06\\\/29\\\/museo-de-arte-se-prepara-para-la-inauguracion-de-hector-cueto-antologia-panoramica-1922-2003\\\/#primaryimage\",\"url\":\"https:\\\/\\\/noticiasmercedinas.com\\\/site\\\/wp-content\\\/uploads\\\/2025\\\/06\\\/CUETO1.jpg\",\"contentUrl\":\"https:\\\/\\\/noticiasmercedinas.com\\\/site\\\/wp-content\\\/uploads\\\/2025\\\/06\\\/CUETO1.jpg\",\"width\":688,\"height\":520},{\"@type\":\"BreadcrumbList\",\"@id\":\"https:\\\/\\\/noticiasmercedinas.com\\\/site\\\/2025\\\/06\\\/29\\\/museo-de-arte-se-prepara-para-la-inauguracion-de-hector-cueto-antologia-panoramica-1922-2003\\\/#breadcrumb\",\"itemListElement\":[{\"@type\":\"ListItem\",\"position\":1,\"name\":\"Portada\",\"item\":\"https:\\\/\\\/noticiasmercedinas.com\\\/site\\\/\"},{\"@type\":\"ListItem\",\"position\":2,\"name\":\"Museo de Arte se prepara para la inauguraci\u00f3n de \u00abH\u00e9ctor Cueto: Antolog\u00eda Panor\u00e1mica 1922-2003\u00bb\"}]},{\"@type\":\"WebSite\",\"@id\":\"https:\\\/\\\/noticiasmercedinas.com\\\/site\\\/#website\",\"url\":\"https:\\\/\\\/noticiasmercedinas.com\\\/site\\\/\",\"name\":\"NOTICIASMERCEDINAS.COM\",\"description\":\"Mercedes, Buenos Aires, Argentina\",\"publisher\":{\"@id\":\"https:\\\/\\\/noticiasmercedinas.com\\\/site\\\/#organization\"},\"potentialAction\":[{\"@type\":\"SearchAction\",\"target\":{\"@type\":\"EntryPoint\",\"urlTemplate\":\"https:\\\/\\\/noticiasmercedinas.com\\\/site\\\/?s={search_term_string}\"},\"query-input\":{\"@type\":\"PropertyValueSpecification\",\"valueRequired\":true,\"valueName\":\"search_term_string\"}}],\"inLanguage\":\"es\"},{\"@type\":\"Organization\",\"@id\":\"https:\\\/\\\/noticiasmercedinas.com\\\/site\\\/#organization\",\"name\":\"NOTICIASMERCEDINAS.COM\",\"url\":\"https:\\\/\\\/noticiasmercedinas.com\\\/site\\\/\",\"logo\":{\"@type\":\"ImageObject\",\"inLanguage\":\"es\",\"@id\":\"https:\\\/\\\/noticiasmercedinas.com\\\/site\\\/#\\\/schema\\\/logo\\\/image\\\/\",\"url\":\"https:\\\/\\\/noticiasmercedinas.com\\\/site\\\/wp-content\\\/uploads\\\/2020\\\/06\\\/LOGO-512.jpg\",\"contentUrl\":\"https:\\\/\\\/noticiasmercedinas.com\\\/site\\\/wp-content\\\/uploads\\\/2020\\\/06\\\/LOGO-512.jpg\",\"width\":512,\"height\":512,\"caption\":\"NOTICIASMERCEDINAS.COM\"},\"image\":{\"@id\":\"https:\\\/\\\/noticiasmercedinas.com\\\/site\\\/#\\\/schema\\\/logo\\\/image\\\/\"},\"sameAs\":[\"https:\\\/\\\/www.facebook.com\\\/noticiasmercedinas\\\/\",\"https:\\\/\\\/x.com\\\/notmercedinas\",\"https:\\\/\\\/www.instagram.com\\\/noticiasmercedinas\\\/\"]},{\"@type\":\"Person\",\"@id\":\"https:\\\/\\\/noticiasmercedinas.com\\\/site\\\/#\\\/schema\\\/person\\\/84b59c099c28ff2e8b77d4ceec5d8063\",\"name\":\"NOTICIASMERCEDINAS.COM\",\"image\":{\"@type\":\"ImageObject\",\"inLanguage\":\"es\",\"@id\":\"https:\\\/\\\/secure.gravatar.com\\\/avatar\\\/4dfbf16b4d17945bfb6341b2d19043457132fcf478a5ee04f42e959fd8f5df0a?s=96&d=mm&r=g\",\"url\":\"https:\\\/\\\/secure.gravatar.com\\\/avatar\\\/4dfbf16b4d17945bfb6341b2d19043457132fcf478a5ee04f42e959fd8f5df0a?s=96&d=mm&r=g\",\"contentUrl\":\"https:\\\/\\\/secure.gravatar.com\\\/avatar\\\/4dfbf16b4d17945bfb6341b2d19043457132fcf478a5ee04f42e959fd8f5df0a?s=96&d=mm&r=g\",\"caption\":\"NOTICIASMERCEDINAS.COM\"},\"url\":\"https:\\\/\\\/noticiasmercedinas.com\\\/site\\\/author\\\/anonimo\\\/\"}]}<\/script>\n<!-- \/ Yoast SEO plugin. -->","yoast_head_json":{"title":"Museo de Arte se prepara para la inauguraci\u00f3n de \"H\u00e9ctor Cueto: Antolog\u00eda Panor\u00e1mica 1922-2003\"","description":"La exposici\u00f3n se inaugura el 5 de julio y ofrecer\u00e1 una s\u00edntesis cronol\u00f3gica de la vasta obra del reconocido artista visual, H\u00e9ctor Cueto, y contar\u00e1 con la curadur\u00eda de Marcela Cueto.","robots":{"index":"index","follow":"follow","max-snippet":"max-snippet:-1","max-image-preview":"max-image-preview:large","max-video-preview":"max-video-preview:-1"},"canonical":"https:\/\/noticiasmercedinas.com\/site\/2025\/06\/29\/museo-de-arte-se-prepara-para-la-inauguracion-de-hector-cueto-antologia-panoramica-1922-2003\/","og_locale":"es_ES","og_type":"article","og_title":"Museo de Arte se prepara para la inauguraci\u00f3n de \"H\u00e9ctor Cueto: Antolog\u00eda Panor\u00e1mica 1922-2003\"","og_description":"La exposici\u00f3n se inaugura el 5 de julio y ofrecer\u00e1 una s\u00edntesis cronol\u00f3gica de la vasta obra del reconocido artista visual, H\u00e9ctor Cueto, y contar\u00e1 con la curadur\u00eda de Marcela Cueto.","og_url":"https:\/\/noticiasmercedinas.com\/site\/2025\/06\/29\/museo-de-arte-se-prepara-para-la-inauguracion-de-hector-cueto-antologia-panoramica-1922-2003\/","og_site_name":"NOTICIASMERCEDINAS.COM","article_publisher":"https:\/\/www.facebook.com\/noticiasmercedinas\/","article_published_time":"2025-06-29T19:20:07+00:00","og_image":[{"width":688,"height":520,"url":"https:\/\/noticiasmercedinas.com\/site\/wp-content\/uploads\/2025\/06\/CUETO1.jpg","type":"image\/jpeg"}],"author":"NOTICIASMERCEDINAS.COM","twitter_card":"summary_large_image","twitter_creator":"@notmercedinas","twitter_site":"@notmercedinas","twitter_misc":{"Escrito por":"NOTICIASMERCEDINAS.COM","Tiempo de lectura":"3 minutos"},"schema":{"@context":"https:\/\/schema.org","@graph":[{"@type":"Article","@id":"https:\/\/noticiasmercedinas.com\/site\/2025\/06\/29\/museo-de-arte-se-prepara-para-la-inauguracion-de-hector-cueto-antologia-panoramica-1922-2003\/#article","isPartOf":{"@id":"https:\/\/noticiasmercedinas.com\/site\/2025\/06\/29\/museo-de-arte-se-prepara-para-la-inauguracion-de-hector-cueto-antologia-panoramica-1922-2003\/"},"author":{"name":"NOTICIASMERCEDINAS.COM","@id":"https:\/\/noticiasmercedinas.com\/site\/#\/schema\/person\/84b59c099c28ff2e8b77d4ceec5d8063"},"headline":"Museo de Arte se prepara para la inauguraci\u00f3n de \u00abH\u00e9ctor Cueto: Antolog\u00eda Panor\u00e1mica 1922-2003\u00bb","datePublished":"2025-06-29T19:20:07+00:00","mainEntityOfPage":{"@id":"https:\/\/noticiasmercedinas.com\/site\/2025\/06\/29\/museo-de-arte-se-prepara-para-la-inauguracion-de-hector-cueto-antologia-panoramica-1922-2003\/"},"wordCount":548,"publisher":{"@id":"https:\/\/noticiasmercedinas.com\/site\/#organization"},"image":{"@id":"https:\/\/noticiasmercedinas.com\/site\/2025\/06\/29\/museo-de-arte-se-prepara-para-la-inauguracion-de-hector-cueto-antologia-panoramica-1922-2003\/#primaryimage"},"thumbnailUrl":"https:\/\/noticiasmercedinas.com\/site\/wp-content\/uploads\/2025\/06\/CUETO1.jpg","keywords":["arte","expo","hector cueto","Museo de Arte Municipal","pintura"],"articleSection":["Cultura"],"inLanguage":"es"},{"@type":"WebPage","@id":"https:\/\/noticiasmercedinas.com\/site\/2025\/06\/29\/museo-de-arte-se-prepara-para-la-inauguracion-de-hector-cueto-antologia-panoramica-1922-2003\/","url":"https:\/\/noticiasmercedinas.com\/site\/2025\/06\/29\/museo-de-arte-se-prepara-para-la-inauguracion-de-hector-cueto-antologia-panoramica-1922-2003\/","name":"Museo de Arte se prepara para la inauguraci\u00f3n de \"H\u00e9ctor Cueto: Antolog\u00eda Panor\u00e1mica 1922-2003\"","isPartOf":{"@id":"https:\/\/noticiasmercedinas.com\/site\/#website"},"primaryImageOfPage":{"@id":"https:\/\/noticiasmercedinas.com\/site\/2025\/06\/29\/museo-de-arte-se-prepara-para-la-inauguracion-de-hector-cueto-antologia-panoramica-1922-2003\/#primaryimage"},"image":{"@id":"https:\/\/noticiasmercedinas.com\/site\/2025\/06\/29\/museo-de-arte-se-prepara-para-la-inauguracion-de-hector-cueto-antologia-panoramica-1922-2003\/#primaryimage"},"thumbnailUrl":"https:\/\/noticiasmercedinas.com\/site\/wp-content\/uploads\/2025\/06\/CUETO1.jpg","datePublished":"2025-06-29T19:20:07+00:00","description":"La exposici\u00f3n se inaugura el 5 de julio y ofrecer\u00e1 una s\u00edntesis cronol\u00f3gica de la vasta obra del reconocido artista visual, H\u00e9ctor Cueto, y contar\u00e1 con la curadur\u00eda de Marcela Cueto.","breadcrumb":{"@id":"https:\/\/noticiasmercedinas.com\/site\/2025\/06\/29\/museo-de-arte-se-prepara-para-la-inauguracion-de-hector-cueto-antologia-panoramica-1922-2003\/#breadcrumb"},"inLanguage":"es","potentialAction":[{"@type":"ReadAction","target":["https:\/\/noticiasmercedinas.com\/site\/2025\/06\/29\/museo-de-arte-se-prepara-para-la-inauguracion-de-hector-cueto-antologia-panoramica-1922-2003\/"]}]},{"@type":"ImageObject","inLanguage":"es","@id":"https:\/\/noticiasmercedinas.com\/site\/2025\/06\/29\/museo-de-arte-se-prepara-para-la-inauguracion-de-hector-cueto-antologia-panoramica-1922-2003\/#primaryimage","url":"https:\/\/noticiasmercedinas.com\/site\/wp-content\/uploads\/2025\/06\/CUETO1.jpg","contentUrl":"https:\/\/noticiasmercedinas.com\/site\/wp-content\/uploads\/2025\/06\/CUETO1.jpg","width":688,"height":520},{"@type":"BreadcrumbList","@id":"https:\/\/noticiasmercedinas.com\/site\/2025\/06\/29\/museo-de-arte-se-prepara-para-la-inauguracion-de-hector-cueto-antologia-panoramica-1922-2003\/#breadcrumb","itemListElement":[{"@type":"ListItem","position":1,"name":"Portada","item":"https:\/\/noticiasmercedinas.com\/site\/"},{"@type":"ListItem","position":2,"name":"Museo de Arte se prepara para la inauguraci\u00f3n de \u00abH\u00e9ctor Cueto: Antolog\u00eda Panor\u00e1mica 1922-2003\u00bb"}]},{"@type":"WebSite","@id":"https:\/\/noticiasmercedinas.com\/site\/#website","url":"https:\/\/noticiasmercedinas.com\/site\/","name":"NOTICIASMERCEDINAS.COM","description":"Mercedes, Buenos Aires, Argentina","publisher":{"@id":"https:\/\/noticiasmercedinas.com\/site\/#organization"},"potentialAction":[{"@type":"SearchAction","target":{"@type":"EntryPoint","urlTemplate":"https:\/\/noticiasmercedinas.com\/site\/?s={search_term_string}"},"query-input":{"@type":"PropertyValueSpecification","valueRequired":true,"valueName":"search_term_string"}}],"inLanguage":"es"},{"@type":"Organization","@id":"https:\/\/noticiasmercedinas.com\/site\/#organization","name":"NOTICIASMERCEDINAS.COM","url":"https:\/\/noticiasmercedinas.com\/site\/","logo":{"@type":"ImageObject","inLanguage":"es","@id":"https:\/\/noticiasmercedinas.com\/site\/#\/schema\/logo\/image\/","url":"https:\/\/noticiasmercedinas.com\/site\/wp-content\/uploads\/2020\/06\/LOGO-512.jpg","contentUrl":"https:\/\/noticiasmercedinas.com\/site\/wp-content\/uploads\/2020\/06\/LOGO-512.jpg","width":512,"height":512,"caption":"NOTICIASMERCEDINAS.COM"},"image":{"@id":"https:\/\/noticiasmercedinas.com\/site\/#\/schema\/logo\/image\/"},"sameAs":["https:\/\/www.facebook.com\/noticiasmercedinas\/","https:\/\/x.com\/notmercedinas","https:\/\/www.instagram.com\/noticiasmercedinas\/"]},{"@type":"Person","@id":"https:\/\/noticiasmercedinas.com\/site\/#\/schema\/person\/84b59c099c28ff2e8b77d4ceec5d8063","name":"NOTICIASMERCEDINAS.COM","image":{"@type":"ImageObject","inLanguage":"es","@id":"https:\/\/secure.gravatar.com\/avatar\/4dfbf16b4d17945bfb6341b2d19043457132fcf478a5ee04f42e959fd8f5df0a?s=96&d=mm&r=g","url":"https:\/\/secure.gravatar.com\/avatar\/4dfbf16b4d17945bfb6341b2d19043457132fcf478a5ee04f42e959fd8f5df0a?s=96&d=mm&r=g","contentUrl":"https:\/\/secure.gravatar.com\/avatar\/4dfbf16b4d17945bfb6341b2d19043457132fcf478a5ee04f42e959fd8f5df0a?s=96&d=mm&r=g","caption":"NOTICIASMERCEDINAS.COM"},"url":"https:\/\/noticiasmercedinas.com\/site\/author\/anonimo\/"}]}},"amp_enabled":true,"_links":{"self":[{"href":"https:\/\/noticiasmercedinas.com\/site\/wp-json\/wp\/v2\/posts\/162727","targetHints":{"allow":["GET"]}}],"collection":[{"href":"https:\/\/noticiasmercedinas.com\/site\/wp-json\/wp\/v2\/posts"}],"about":[{"href":"https:\/\/noticiasmercedinas.com\/site\/wp-json\/wp\/v2\/types\/post"}],"author":[{"embeddable":true,"href":"https:\/\/noticiasmercedinas.com\/site\/wp-json\/wp\/v2\/users\/16"}],"replies":[{"embeddable":true,"href":"https:\/\/noticiasmercedinas.com\/site\/wp-json\/wp\/v2\/comments?post=162727"}],"version-history":[{"count":1,"href":"https:\/\/noticiasmercedinas.com\/site\/wp-json\/wp\/v2\/posts\/162727\/revisions"}],"predecessor-version":[{"id":162729,"href":"https:\/\/noticiasmercedinas.com\/site\/wp-json\/wp\/v2\/posts\/162727\/revisions\/162729"}],"wp:featuredmedia":[{"embeddable":true,"href":"https:\/\/noticiasmercedinas.com\/site\/wp-json\/wp\/v2\/media\/162728"}],"wp:attachment":[{"href":"https:\/\/noticiasmercedinas.com\/site\/wp-json\/wp\/v2\/media?parent=162727"}],"wp:term":[{"taxonomy":"category","embeddable":true,"href":"https:\/\/noticiasmercedinas.com\/site\/wp-json\/wp\/v2\/categories?post=162727"},{"taxonomy":"post_tag","embeddable":true,"href":"https:\/\/noticiasmercedinas.com\/site\/wp-json\/wp\/v2\/tags?post=162727"}],"curies":[{"name":"wp","href":"https:\/\/api.w.org\/{rel}","templated":true}]}}