{"id":162772,"date":"2025-06-30T08:50:05","date_gmt":"2025-06-30T11:50:05","guid":{"rendered":"https:\/\/noticiasmercedinas.com\/site\/?p=162772"},"modified":"2025-06-30T08:50:05","modified_gmt":"2025-06-30T11:50:05","slug":"de-cuadro-una-barberia-joven-que-apuesta-al-crecimiento-y-con-uriel-hay-equipo","status":"publish","type":"post","link":"https:\/\/noticiasmercedinas.com\/site\/2025\/06\/30\/de-cuadro-una-barberia-joven-que-apuesta-al-crecimiento-y-con-uriel-hay-equipo\/","title":{"rendered":"De Cuadro, una barber\u00eda joven que apuesta al crecimiento, y con Uriel hay equipo"},"content":{"rendered":"<p><img loading=\"lazy\" decoding=\"async\" class=\"alignnone size-full wp-image-162774\" src=\"https:\/\/noticiasmercedinas.com\/site\/wp-content\/uploads\/2025\/06\/dce814b7-f63d-41fd-a649-224fcee4ac2e-e1751283885696.jpg\" alt=\"\" width=\"1200\" height=\"1048\" srcset=\"https:\/\/noticiasmercedinas.com\/site\/wp-content\/uploads\/2025\/06\/dce814b7-f63d-41fd-a649-224fcee4ac2e-e1751283885696.jpg 1200w, https:\/\/noticiasmercedinas.com\/site\/wp-content\/uploads\/2025\/06\/dce814b7-f63d-41fd-a649-224fcee4ac2e-e1751283885696-300x262.jpg 300w, https:\/\/noticiasmercedinas.com\/site\/wp-content\/uploads\/2025\/06\/dce814b7-f63d-41fd-a649-224fcee4ac2e-e1751283885696-1024x894.jpg 1024w, https:\/\/noticiasmercedinas.com\/site\/wp-content\/uploads\/2025\/06\/dce814b7-f63d-41fd-a649-224fcee4ac2e-e1751283885696-768x671.jpg 768w, https:\/\/noticiasmercedinas.com\/site\/wp-content\/uploads\/2025\/06\/dce814b7-f63d-41fd-a649-224fcee4ac2e-e1751283885696-640x559.jpg 640w, https:\/\/noticiasmercedinas.com\/site\/wp-content\/uploads\/2025\/06\/dce814b7-f63d-41fd-a649-224fcee4ac2e-e1751283885696-681x595.jpg 681w\" sizes=\"auto, (max-width: 1200px) 100vw, 1200px\" \/><\/p>\n<p>Alguien que cuida mucho su est\u00e9tica como su imagen profesional te elige y vos, que sos un joven que trabaja hace muy poco pero con muchas ganas y profesionalismo en el rubro de la peluquer\u00eda, te encarg\u00e1s de su look. Ese alguien es un \u00eddolo deportivo de fama internacional, que jug\u00f3 durante a\u00f1os en la Selecci\u00f3n Argentina y actualmente es t\u00e9cnico de un equipo de primera divisi\u00f3n como el Anderletch en B\u00e9lgica, y es <strong>Lucas Biglia<\/strong>. El afortunado, que se ocupa del pelo y la barba del crack al que llaman \u00abEl Principito\u00bb, es <strong>Uriel De Cuadro<\/strong>.<\/p>\n<p>Uriel es un joven mercedino que trabaja cada d\u00eda, y mucho, por seguir creciendo en lo suyo. Con solo 14 a\u00f1os se introdujo en el mundo de la barber\u00eda. Mientras estaba en la\u00a0 escuela secundaria, hizo su primer curso y comenz\u00f3 a cortar el pelo en su casa a amigos y familiares. Tiempo despu\u00e9s, el due\u00f1o de una barber\u00eda local lo contrat\u00f3 y trabaj\u00f3 como empleado durante aproximadamente un a\u00f1o con \u00e9l.<\/p>\n<p><img loading=\"lazy\" decoding=\"async\" class=\"alignnone size-full wp-image-162777\" src=\"https:\/\/noticiasmercedinas.com\/site\/wp-content\/uploads\/2025\/06\/aee03455-013a-42c0-8114-571142209a6f.jpg\" alt=\"\" width=\"1600\" height=\"1066\" srcset=\"https:\/\/noticiasmercedinas.com\/site\/wp-content\/uploads\/2025\/06\/aee03455-013a-42c0-8114-571142209a6f.jpg 1600w, https:\/\/noticiasmercedinas.com\/site\/wp-content\/uploads\/2025\/06\/aee03455-013a-42c0-8114-571142209a6f-300x200.jpg 300w, https:\/\/noticiasmercedinas.com\/site\/wp-content\/uploads\/2025\/06\/aee03455-013a-42c0-8114-571142209a6f-1024x682.jpg 1024w, https:\/\/noticiasmercedinas.com\/site\/wp-content\/uploads\/2025\/06\/aee03455-013a-42c0-8114-571142209a6f-768x512.jpg 768w, https:\/\/noticiasmercedinas.com\/site\/wp-content\/uploads\/2025\/06\/aee03455-013a-42c0-8114-571142209a6f-1536x1023.jpg 1536w, https:\/\/noticiasmercedinas.com\/site\/wp-content\/uploads\/2025\/06\/aee03455-013a-42c0-8114-571142209a6f-640x426.jpg 640w, https:\/\/noticiasmercedinas.com\/site\/wp-content\/uploads\/2025\/06\/aee03455-013a-42c0-8114-571142209a6f-1280x853.jpg 1280w, https:\/\/noticiasmercedinas.com\/site\/wp-content\/uploads\/2025\/06\/aee03455-013a-42c0-8114-571142209a6f-681x454.jpg 681w, https:\/\/noticiasmercedinas.com\/site\/wp-content\/uploads\/2025\/06\/aee03455-013a-42c0-8114-571142209a6f-1362x907.jpg 1362w\" sizes=\"auto, (max-width: 1600px) 100vw, 1600px\" \/><\/p>\n<blockquote><p>El local se caracteriza por realizar cortes tanto para ni\u00f1os como adultos, destac\u00e1ndose por la buena atenci\u00f3n, la calidad del servicio y el cumplimiento estricto de las normas de higiene.<\/p><\/blockquote>\n<p>A poco de eso le lleg\u00f3 la posibilidad de comprar esa misma barber\u00eda, ya que estaba en venta. Y con el apoyo de su familia, Uriel logr\u00f3 reunir el dinero necesario para adquirir el fondo de comercio. As\u00ed naci\u00f3 <strong>De Cuadro Barbershop<\/strong>, ubicada en la esquina de 7 y 30 bis, un negocio que el pr\u00f3ximo 21 de octubre celebrar\u00e1 su segundo aniversario.<br \/>\n\u00abMuy buena atenci\u00f3n y buenos precios\u00bb, \u00abSin duda, los mejores\u00bb, son algunas de las opiniones que le dejan en Google a la barber\u00eda, que trabaja de lunes a jueves de 9:30 a 13:00 y de 16:30 a 20:00 horas. En tanto, y por la gran demanda, los viernes y s\u00e1bados abre de corrido de 9:30 a 20:00.<\/p>\n<p>El local se caracteriza por realizar cortes tanto para ni\u00f1os como adultos, destac\u00e1ndose por la buena atenci\u00f3n, la calidad del servicio y el cumplimiento estricto de las normas de higiene.<\/p>\n<p><img loading=\"lazy\" decoding=\"async\" class=\"alignnone size-full wp-image-162775\" src=\"https:\/\/noticiasmercedinas.com\/site\/wp-content\/uploads\/2025\/06\/775d237e-21c9-42a7-aa1c-2ef351ef5b5d-e1751283943778.jpg\" alt=\"\" width=\"1600\" height=\"728\" srcset=\"https:\/\/noticiasmercedinas.com\/site\/wp-content\/uploads\/2025\/06\/775d237e-21c9-42a7-aa1c-2ef351ef5b5d-e1751283943778.jpg 1600w, https:\/\/noticiasmercedinas.com\/site\/wp-content\/uploads\/2025\/06\/775d237e-21c9-42a7-aa1c-2ef351ef5b5d-e1751283943778-300x137.jpg 300w, https:\/\/noticiasmercedinas.com\/site\/wp-content\/uploads\/2025\/06\/775d237e-21c9-42a7-aa1c-2ef351ef5b5d-e1751283943778-1024x466.jpg 1024w, https:\/\/noticiasmercedinas.com\/site\/wp-content\/uploads\/2025\/06\/775d237e-21c9-42a7-aa1c-2ef351ef5b5d-e1751283943778-768x349.jpg 768w, https:\/\/noticiasmercedinas.com\/site\/wp-content\/uploads\/2025\/06\/775d237e-21c9-42a7-aa1c-2ef351ef5b5d-e1751283943778-1536x699.jpg 1536w, https:\/\/noticiasmercedinas.com\/site\/wp-content\/uploads\/2025\/06\/775d237e-21c9-42a7-aa1c-2ef351ef5b5d-e1751283943778-640x291.jpg 640w, https:\/\/noticiasmercedinas.com\/site\/wp-content\/uploads\/2025\/06\/775d237e-21c9-42a7-aa1c-2ef351ef5b5d-e1751283943778-1280x582.jpg 1280w, https:\/\/noticiasmercedinas.com\/site\/wp-content\/uploads\/2025\/06\/775d237e-21c9-42a7-aa1c-2ef351ef5b5d-e1751283943778-681x310.jpg 681w, https:\/\/noticiasmercedinas.com\/site\/wp-content\/uploads\/2025\/06\/775d237e-21c9-42a7-aa1c-2ef351ef5b5d-e1751283943778-1362x620.jpg 1362w\" sizes=\"auto, (max-width: 1600px) 100vw, 1600px\" \/><\/p>\n<blockquote><p>En calle 7 esquina 30 bis hay un grupo de j\u00f3venes que en el rubro barber\u00eda dan satisfacci\u00f3n y buen servicio a sus clientes<\/p><\/blockquote>\n<p>\u00abMe involucr\u00e9 en este rubro porque me gustaba y lo vi como una salida laboral desde muy joven\u00bb, coment\u00f3 Uriel, quien tambi\u00e9n remarc\u00f3 que su principal satisfacci\u00f3n es ver a los clientes contentos con el servicio brindado. El joven es un emprendedor nato y eso se le nota cuando escucha y presta atenci\u00f3n a los dem\u00e1s como cuando propone, desde lo suyo, y logra avanzar.<\/p>\n<p>En cuanto al servicio, De Cuadro Barbershop tambi\u00e9n ofrece lo que aprende y logra con mejoras continuas en capacitaciones presenciales y virtuales que realizan para mantenerse actualizados en las \u00faltimas tendencias. En este contexto Uriel pone en valor el compromiso que mantienen con cada cliente y la importancia de formarse continuamente para mejorar. Capacidad para seguir haci\u00e9ndolo no lo falta,\u00a0 eso lo saben tanto sus clientes famosos como Biglia como los vecinos de la ciudad que concurren y apoyan el trabajo de Uriel y su equipo en De Cuadro Barbershop.<\/p>\n<p><strong>De Cuadro Barbershop<\/strong><br \/>\n<strong>Calle 7 esquina 30 bis<\/strong><br \/>\n<strong>&#x1f4f2; Contacto: 2324 55 7159<\/strong><br \/>\n<strong>&#x1f4cd; Instagram: <a href=\"https:\/\/www.instagram.com\/decuadro_barbershop\/\">@decuadro_barbershop<\/a><\/strong><\/p>\n<p><img loading=\"lazy\" decoding=\"async\" class=\"alignnone size-full wp-image-162778\" src=\"https:\/\/noticiasmercedinas.com\/site\/wp-content\/uploads\/2025\/06\/890c34a5-64ba-4753-bbc8-cfba3af3d99e-e1751284158375.jpg\" alt=\"\" width=\"1066\" height=\"890\" srcset=\"https:\/\/noticiasmercedinas.com\/site\/wp-content\/uploads\/2025\/06\/890c34a5-64ba-4753-bbc8-cfba3af3d99e-e1751284158375.jpg 1066w, https:\/\/noticiasmercedinas.com\/site\/wp-content\/uploads\/2025\/06\/890c34a5-64ba-4753-bbc8-cfba3af3d99e-e1751284158375-300x250.jpg 300w, https:\/\/noticiasmercedinas.com\/site\/wp-content\/uploads\/2025\/06\/890c34a5-64ba-4753-bbc8-cfba3af3d99e-e1751284158375-1024x855.jpg 1024w, https:\/\/noticiasmercedinas.com\/site\/wp-content\/uploads\/2025\/06\/890c34a5-64ba-4753-bbc8-cfba3af3d99e-e1751284158375-768x641.jpg 768w, https:\/\/noticiasmercedinas.com\/site\/wp-content\/uploads\/2025\/06\/890c34a5-64ba-4753-bbc8-cfba3af3d99e-e1751284158375-640x534.jpg 640w, https:\/\/noticiasmercedinas.com\/site\/wp-content\/uploads\/2025\/06\/890c34a5-64ba-4753-bbc8-cfba3af3d99e-e1751284158375-681x569.jpg 681w\" sizes=\"auto, (max-width: 1066px) 100vw, 1066px\" \/><\/p>\n<p>&nbsp;<\/p>\n","protected":false},"excerpt":{"rendered":"<p>Alguien que cuida mucho su est\u00e9tica como su imagen profesional te elige y vos, que sos un joven que trabaja hace muy poco pero con muchas ganas y profesionalismo en el rubro de la peluquer\u00eda, te encarg\u00e1s de su look. Ese alguien es un \u00eddolo deportivo de fama internacional, que jug\u00f3 durante a\u00f1os en la [&hellip;]<\/p>\n","protected":false},"author":16,"featured_media":162774,"comment_status":"closed","ping_status":"closed","sticky":false,"template":"","format":"standard","meta":{"footnotes":""},"categories":[74],"tags":[4195,2165,4185,20364],"class_list":["post-162772","post","type-post","status-publish","format-standard","has-post-thumbnail","hentry","category-emprendimientos","tag-barberia","tag-lucas-biglia","tag-peluqueria","tag-uriel-de-cuadro"],"yoast_head":"<!-- This site is optimized with the Yoast SEO plugin v27.4 - https:\/\/yoast.com\/product\/yoast-seo-wordpress\/ -->\n<title>De Cuadro, una barber\u00eda joven que apuesta al crecimiento, y con Uriel hay equipo<\/title>\n<meta name=\"robots\" content=\"index, follow, max-snippet:-1, max-image-preview:large, max-video-preview:-1\" \/>\n<link rel=\"canonical\" href=\"https:\/\/noticiasmercedinas.com\/site\/2025\/06\/30\/de-cuadro-una-barberia-joven-que-apuesta-al-crecimiento-y-con-uriel-hay-equipo\/\" \/>\n<meta property=\"og:locale\" content=\"es_ES\" \/>\n<meta property=\"og:type\" content=\"article\" \/>\n<meta property=\"og:title\" content=\"De Cuadro, una barber\u00eda joven que apuesta al crecimiento, y con Uriel hay equipo\" \/>\n<meta property=\"og:description\" content=\"Alguien que cuida mucho su est\u00e9tica como su imagen profesional te elige y vos, que sos un joven que trabaja hace muy poco pero con muchas ganas y profesionalismo en el rubro de la peluquer\u00eda, te encarg\u00e1s de su look. Ese alguien es un \u00eddolo deportivo de fama internacional, que jug\u00f3 durante a\u00f1os en la [&hellip;]\" \/>\n<meta property=\"og:url\" content=\"https:\/\/noticiasmercedinas.com\/site\/2025\/06\/30\/de-cuadro-una-barberia-joven-que-apuesta-al-crecimiento-y-con-uriel-hay-equipo\/\" \/>\n<meta property=\"og:site_name\" content=\"NOTICIASMERCEDINAS.COM\" \/>\n<meta property=\"article:publisher\" content=\"https:\/\/www.facebook.com\/noticiasmercedinas\/\" \/>\n<meta property=\"article:published_time\" content=\"2025-06-30T11:50:05+00:00\" \/>\n<meta property=\"og:image\" content=\"https:\/\/noticiasmercedinas.com\/site\/wp-content\/uploads\/2025\/06\/dce814b7-f63d-41fd-a649-224fcee4ac2e-e1751283885696.jpg\" \/>\n\t<meta property=\"og:image:width\" content=\"1200\" \/>\n\t<meta property=\"og:image:height\" content=\"1048\" \/>\n\t<meta property=\"og:image:type\" content=\"image\/jpeg\" \/>\n<meta name=\"author\" content=\"NOTICIASMERCEDINAS.COM\" \/>\n<meta name=\"twitter:card\" content=\"summary_large_image\" \/>\n<meta name=\"twitter:creator\" content=\"@notmercedinas\" \/>\n<meta name=\"twitter:site\" content=\"@notmercedinas\" \/>\n<meta name=\"twitter:label1\" content=\"Escrito por\" \/>\n\t<meta name=\"twitter:data1\" content=\"NOTICIASMERCEDINAS.COM\" \/>\n\t<meta name=\"twitter:label2\" content=\"Tiempo de lectura\" \/>\n\t<meta name=\"twitter:data2\" content=\"4 minutos\" \/>\n<script type=\"application\/ld+json\" class=\"yoast-schema-graph\">{\"@context\":\"https:\\\/\\\/schema.org\",\"@graph\":[{\"@type\":\"Article\",\"@id\":\"https:\\\/\\\/noticiasmercedinas.com\\\/site\\\/2025\\\/06\\\/30\\\/de-cuadro-una-barberia-joven-que-apuesta-al-crecimiento-y-con-uriel-hay-equipo\\\/#article\",\"isPartOf\":{\"@id\":\"https:\\\/\\\/noticiasmercedinas.com\\\/site\\\/2025\\\/06\\\/30\\\/de-cuadro-una-barberia-joven-que-apuesta-al-crecimiento-y-con-uriel-hay-equipo\\\/\"},\"author\":{\"name\":\"NOTICIASMERCEDINAS.COM\",\"@id\":\"https:\\\/\\\/noticiasmercedinas.com\\\/site\\\/#\\\/schema\\\/person\\\/84b59c099c28ff2e8b77d4ceec5d8063\"},\"headline\":\"De Cuadro, una barber\u00eda joven que apuesta al crecimiento, y con Uriel hay equipo\",\"datePublished\":\"2025-06-30T11:50:05+00:00\",\"mainEntityOfPage\":{\"@id\":\"https:\\\/\\\/noticiasmercedinas.com\\\/site\\\/2025\\\/06\\\/30\\\/de-cuadro-una-barberia-joven-que-apuesta-al-crecimiento-y-con-uriel-hay-equipo\\\/\"},\"wordCount\":583,\"publisher\":{\"@id\":\"https:\\\/\\\/noticiasmercedinas.com\\\/site\\\/#organization\"},\"image\":{\"@id\":\"https:\\\/\\\/noticiasmercedinas.com\\\/site\\\/2025\\\/06\\\/30\\\/de-cuadro-una-barberia-joven-que-apuesta-al-crecimiento-y-con-uriel-hay-equipo\\\/#primaryimage\"},\"thumbnailUrl\":\"https:\\\/\\\/noticiasmercedinas.com\\\/site\\\/wp-content\\\/uploads\\\/2025\\\/06\\\/dce814b7-f63d-41fd-a649-224fcee4ac2e-e1751283885696.jpg\",\"keywords\":[\"barber\u00eda\",\"lucas biglia\",\"peluqueria\",\"uriel de cuadro\"],\"articleSection\":[\"Emprendimientos\"],\"inLanguage\":\"es\"},{\"@type\":\"WebPage\",\"@id\":\"https:\\\/\\\/noticiasmercedinas.com\\\/site\\\/2025\\\/06\\\/30\\\/de-cuadro-una-barberia-joven-que-apuesta-al-crecimiento-y-con-uriel-hay-equipo\\\/\",\"url\":\"https:\\\/\\\/noticiasmercedinas.com\\\/site\\\/2025\\\/06\\\/30\\\/de-cuadro-una-barberia-joven-que-apuesta-al-crecimiento-y-con-uriel-hay-equipo\\\/\",\"name\":\"De Cuadro, una barber\u00eda joven que apuesta al crecimiento, y con Uriel hay equipo\",\"isPartOf\":{\"@id\":\"https:\\\/\\\/noticiasmercedinas.com\\\/site\\\/#website\"},\"primaryImageOfPage\":{\"@id\":\"https:\\\/\\\/noticiasmercedinas.com\\\/site\\\/2025\\\/06\\\/30\\\/de-cuadro-una-barberia-joven-que-apuesta-al-crecimiento-y-con-uriel-hay-equipo\\\/#primaryimage\"},\"image\":{\"@id\":\"https:\\\/\\\/noticiasmercedinas.com\\\/site\\\/2025\\\/06\\\/30\\\/de-cuadro-una-barberia-joven-que-apuesta-al-crecimiento-y-con-uriel-hay-equipo\\\/#primaryimage\"},\"thumbnailUrl\":\"https:\\\/\\\/noticiasmercedinas.com\\\/site\\\/wp-content\\\/uploads\\\/2025\\\/06\\\/dce814b7-f63d-41fd-a649-224fcee4ac2e-e1751283885696.jpg\",\"datePublished\":\"2025-06-30T11:50:05+00:00\",\"breadcrumb\":{\"@id\":\"https:\\\/\\\/noticiasmercedinas.com\\\/site\\\/2025\\\/06\\\/30\\\/de-cuadro-una-barberia-joven-que-apuesta-al-crecimiento-y-con-uriel-hay-equipo\\\/#breadcrumb\"},\"inLanguage\":\"es\",\"potentialAction\":[{\"@type\":\"ReadAction\",\"target\":[\"https:\\\/\\\/noticiasmercedinas.com\\\/site\\\/2025\\\/06\\\/30\\\/de-cuadro-una-barberia-joven-que-apuesta-al-crecimiento-y-con-uriel-hay-equipo\\\/\"]}]},{\"@type\":\"ImageObject\",\"inLanguage\":\"es\",\"@id\":\"https:\\\/\\\/noticiasmercedinas.com\\\/site\\\/2025\\\/06\\\/30\\\/de-cuadro-una-barberia-joven-que-apuesta-al-crecimiento-y-con-uriel-hay-equipo\\\/#primaryimage\",\"url\":\"https:\\\/\\\/noticiasmercedinas.com\\\/site\\\/wp-content\\\/uploads\\\/2025\\\/06\\\/dce814b7-f63d-41fd-a649-224fcee4ac2e-e1751283885696.jpg\",\"contentUrl\":\"https:\\\/\\\/noticiasmercedinas.com\\\/site\\\/wp-content\\\/uploads\\\/2025\\\/06\\\/dce814b7-f63d-41fd-a649-224fcee4ac2e-e1751283885696.jpg\",\"width\":1200,\"height\":1048},{\"@type\":\"BreadcrumbList\",\"@id\":\"https:\\\/\\\/noticiasmercedinas.com\\\/site\\\/2025\\\/06\\\/30\\\/de-cuadro-una-barberia-joven-que-apuesta-al-crecimiento-y-con-uriel-hay-equipo\\\/#breadcrumb\",\"itemListElement\":[{\"@type\":\"ListItem\",\"position\":1,\"name\":\"Portada\",\"item\":\"https:\\\/\\\/noticiasmercedinas.com\\\/site\\\/\"},{\"@type\":\"ListItem\",\"position\":2,\"name\":\"De Cuadro, una barber\u00eda joven que apuesta al crecimiento, y con Uriel hay equipo\"}]},{\"@type\":\"WebSite\",\"@id\":\"https:\\\/\\\/noticiasmercedinas.com\\\/site\\\/#website\",\"url\":\"https:\\\/\\\/noticiasmercedinas.com\\\/site\\\/\",\"name\":\"NOTICIASMERCEDINAS.COM\",\"description\":\"Mercedes, Buenos Aires, Argentina\",\"publisher\":{\"@id\":\"https:\\\/\\\/noticiasmercedinas.com\\\/site\\\/#organization\"},\"potentialAction\":[{\"@type\":\"SearchAction\",\"target\":{\"@type\":\"EntryPoint\",\"urlTemplate\":\"https:\\\/\\\/noticiasmercedinas.com\\\/site\\\/?s={search_term_string}\"},\"query-input\":{\"@type\":\"PropertyValueSpecification\",\"valueRequired\":true,\"valueName\":\"search_term_string\"}}],\"inLanguage\":\"es\"},{\"@type\":\"Organization\",\"@id\":\"https:\\\/\\\/noticiasmercedinas.com\\\/site\\\/#organization\",\"name\":\"NOTICIASMERCEDINAS.COM\",\"url\":\"https:\\\/\\\/noticiasmercedinas.com\\\/site\\\/\",\"logo\":{\"@type\":\"ImageObject\",\"inLanguage\":\"es\",\"@id\":\"https:\\\/\\\/noticiasmercedinas.com\\\/site\\\/#\\\/schema\\\/logo\\\/image\\\/\",\"url\":\"https:\\\/\\\/noticiasmercedinas.com\\\/site\\\/wp-content\\\/uploads\\\/2020\\\/06\\\/LOGO-512.jpg\",\"contentUrl\":\"https:\\\/\\\/noticiasmercedinas.com\\\/site\\\/wp-content\\\/uploads\\\/2020\\\/06\\\/LOGO-512.jpg\",\"width\":512,\"height\":512,\"caption\":\"NOTICIASMERCEDINAS.COM\"},\"image\":{\"@id\":\"https:\\\/\\\/noticiasmercedinas.com\\\/site\\\/#\\\/schema\\\/logo\\\/image\\\/\"},\"sameAs\":[\"https:\\\/\\\/www.facebook.com\\\/noticiasmercedinas\\\/\",\"https:\\\/\\\/x.com\\\/notmercedinas\",\"https:\\\/\\\/www.instagram.com\\\/noticiasmercedinas\\\/\"]},{\"@type\":\"Person\",\"@id\":\"https:\\\/\\\/noticiasmercedinas.com\\\/site\\\/#\\\/schema\\\/person\\\/84b59c099c28ff2e8b77d4ceec5d8063\",\"name\":\"NOTICIASMERCEDINAS.COM\",\"image\":{\"@type\":\"ImageObject\",\"inLanguage\":\"es\",\"@id\":\"https:\\\/\\\/secure.gravatar.com\\\/avatar\\\/4dfbf16b4d17945bfb6341b2d19043457132fcf478a5ee04f42e959fd8f5df0a?s=96&d=mm&r=g\",\"url\":\"https:\\\/\\\/secure.gravatar.com\\\/avatar\\\/4dfbf16b4d17945bfb6341b2d19043457132fcf478a5ee04f42e959fd8f5df0a?s=96&d=mm&r=g\",\"contentUrl\":\"https:\\\/\\\/secure.gravatar.com\\\/avatar\\\/4dfbf16b4d17945bfb6341b2d19043457132fcf478a5ee04f42e959fd8f5df0a?s=96&d=mm&r=g\",\"caption\":\"NOTICIASMERCEDINAS.COM\"},\"url\":\"https:\\\/\\\/noticiasmercedinas.com\\\/site\\\/author\\\/anonimo\\\/\"}]}<\/script>\n<!-- \/ Yoast SEO plugin. -->","yoast_head_json":{"title":"De Cuadro, una barber\u00eda joven que apuesta al crecimiento, y con Uriel hay equipo","robots":{"index":"index","follow":"follow","max-snippet":"max-snippet:-1","max-image-preview":"max-image-preview:large","max-video-preview":"max-video-preview:-1"},"canonical":"https:\/\/noticiasmercedinas.com\/site\/2025\/06\/30\/de-cuadro-una-barberia-joven-que-apuesta-al-crecimiento-y-con-uriel-hay-equipo\/","og_locale":"es_ES","og_type":"article","og_title":"De Cuadro, una barber\u00eda joven que apuesta al crecimiento, y con Uriel hay equipo","og_description":"Alguien que cuida mucho su est\u00e9tica como su imagen profesional te elige y vos, que sos un joven que trabaja hace muy poco pero con muchas ganas y profesionalismo en el rubro de la peluquer\u00eda, te encarg\u00e1s de su look. Ese alguien es un \u00eddolo deportivo de fama internacional, que jug\u00f3 durante a\u00f1os en la [&hellip;]","og_url":"https:\/\/noticiasmercedinas.com\/site\/2025\/06\/30\/de-cuadro-una-barberia-joven-que-apuesta-al-crecimiento-y-con-uriel-hay-equipo\/","og_site_name":"NOTICIASMERCEDINAS.COM","article_publisher":"https:\/\/www.facebook.com\/noticiasmercedinas\/","article_published_time":"2025-06-30T11:50:05+00:00","og_image":[{"width":1200,"height":1048,"url":"https:\/\/noticiasmercedinas.com\/site\/wp-content\/uploads\/2025\/06\/dce814b7-f63d-41fd-a649-224fcee4ac2e-e1751283885696.jpg","type":"image\/jpeg"}],"author":"NOTICIASMERCEDINAS.COM","twitter_card":"summary_large_image","twitter_creator":"@notmercedinas","twitter_site":"@notmercedinas","twitter_misc":{"Escrito por":"NOTICIASMERCEDINAS.COM","Tiempo de lectura":"4 minutos"},"schema":{"@context":"https:\/\/schema.org","@graph":[{"@type":"Article","@id":"https:\/\/noticiasmercedinas.com\/site\/2025\/06\/30\/de-cuadro-una-barberia-joven-que-apuesta-al-crecimiento-y-con-uriel-hay-equipo\/#article","isPartOf":{"@id":"https:\/\/noticiasmercedinas.com\/site\/2025\/06\/30\/de-cuadro-una-barberia-joven-que-apuesta-al-crecimiento-y-con-uriel-hay-equipo\/"},"author":{"name":"NOTICIASMERCEDINAS.COM","@id":"https:\/\/noticiasmercedinas.com\/site\/#\/schema\/person\/84b59c099c28ff2e8b77d4ceec5d8063"},"headline":"De Cuadro, una barber\u00eda joven que apuesta al crecimiento, y con Uriel hay equipo","datePublished":"2025-06-30T11:50:05+00:00","mainEntityOfPage":{"@id":"https:\/\/noticiasmercedinas.com\/site\/2025\/06\/30\/de-cuadro-una-barberia-joven-que-apuesta-al-crecimiento-y-con-uriel-hay-equipo\/"},"wordCount":583,"publisher":{"@id":"https:\/\/noticiasmercedinas.com\/site\/#organization"},"image":{"@id":"https:\/\/noticiasmercedinas.com\/site\/2025\/06\/30\/de-cuadro-una-barberia-joven-que-apuesta-al-crecimiento-y-con-uriel-hay-equipo\/#primaryimage"},"thumbnailUrl":"https:\/\/noticiasmercedinas.com\/site\/wp-content\/uploads\/2025\/06\/dce814b7-f63d-41fd-a649-224fcee4ac2e-e1751283885696.jpg","keywords":["barber\u00eda","lucas biglia","peluqueria","uriel de cuadro"],"articleSection":["Emprendimientos"],"inLanguage":"es"},{"@type":"WebPage","@id":"https:\/\/noticiasmercedinas.com\/site\/2025\/06\/30\/de-cuadro-una-barberia-joven-que-apuesta-al-crecimiento-y-con-uriel-hay-equipo\/","url":"https:\/\/noticiasmercedinas.com\/site\/2025\/06\/30\/de-cuadro-una-barberia-joven-que-apuesta-al-crecimiento-y-con-uriel-hay-equipo\/","name":"De Cuadro, una barber\u00eda joven que apuesta al crecimiento, y con Uriel hay equipo","isPartOf":{"@id":"https:\/\/noticiasmercedinas.com\/site\/#website"},"primaryImageOfPage":{"@id":"https:\/\/noticiasmercedinas.com\/site\/2025\/06\/30\/de-cuadro-una-barberia-joven-que-apuesta-al-crecimiento-y-con-uriel-hay-equipo\/#primaryimage"},"image":{"@id":"https:\/\/noticiasmercedinas.com\/site\/2025\/06\/30\/de-cuadro-una-barberia-joven-que-apuesta-al-crecimiento-y-con-uriel-hay-equipo\/#primaryimage"},"thumbnailUrl":"https:\/\/noticiasmercedinas.com\/site\/wp-content\/uploads\/2025\/06\/dce814b7-f63d-41fd-a649-224fcee4ac2e-e1751283885696.jpg","datePublished":"2025-06-30T11:50:05+00:00","breadcrumb":{"@id":"https:\/\/noticiasmercedinas.com\/site\/2025\/06\/30\/de-cuadro-una-barberia-joven-que-apuesta-al-crecimiento-y-con-uriel-hay-equipo\/#breadcrumb"},"inLanguage":"es","potentialAction":[{"@type":"ReadAction","target":["https:\/\/noticiasmercedinas.com\/site\/2025\/06\/30\/de-cuadro-una-barberia-joven-que-apuesta-al-crecimiento-y-con-uriel-hay-equipo\/"]}]},{"@type":"ImageObject","inLanguage":"es","@id":"https:\/\/noticiasmercedinas.com\/site\/2025\/06\/30\/de-cuadro-una-barberia-joven-que-apuesta-al-crecimiento-y-con-uriel-hay-equipo\/#primaryimage","url":"https:\/\/noticiasmercedinas.com\/site\/wp-content\/uploads\/2025\/06\/dce814b7-f63d-41fd-a649-224fcee4ac2e-e1751283885696.jpg","contentUrl":"https:\/\/noticiasmercedinas.com\/site\/wp-content\/uploads\/2025\/06\/dce814b7-f63d-41fd-a649-224fcee4ac2e-e1751283885696.jpg","width":1200,"height":1048},{"@type":"BreadcrumbList","@id":"https:\/\/noticiasmercedinas.com\/site\/2025\/06\/30\/de-cuadro-una-barberia-joven-que-apuesta-al-crecimiento-y-con-uriel-hay-equipo\/#breadcrumb","itemListElement":[{"@type":"ListItem","position":1,"name":"Portada","item":"https:\/\/noticiasmercedinas.com\/site\/"},{"@type":"ListItem","position":2,"name":"De Cuadro, una barber\u00eda joven que apuesta al crecimiento, y con Uriel hay equipo"}]},{"@type":"WebSite","@id":"https:\/\/noticiasmercedinas.com\/site\/#website","url":"https:\/\/noticiasmercedinas.com\/site\/","name":"NOTICIASMERCEDINAS.COM","description":"Mercedes, Buenos Aires, Argentina","publisher":{"@id":"https:\/\/noticiasmercedinas.com\/site\/#organization"},"potentialAction":[{"@type":"SearchAction","target":{"@type":"EntryPoint","urlTemplate":"https:\/\/noticiasmercedinas.com\/site\/?s={search_term_string}"},"query-input":{"@type":"PropertyValueSpecification","valueRequired":true,"valueName":"search_term_string"}}],"inLanguage":"es"},{"@type":"Organization","@id":"https:\/\/noticiasmercedinas.com\/site\/#organization","name":"NOTICIASMERCEDINAS.COM","url":"https:\/\/noticiasmercedinas.com\/site\/","logo":{"@type":"ImageObject","inLanguage":"es","@id":"https:\/\/noticiasmercedinas.com\/site\/#\/schema\/logo\/image\/","url":"https:\/\/noticiasmercedinas.com\/site\/wp-content\/uploads\/2020\/06\/LOGO-512.jpg","contentUrl":"https:\/\/noticiasmercedinas.com\/site\/wp-content\/uploads\/2020\/06\/LOGO-512.jpg","width":512,"height":512,"caption":"NOTICIASMERCEDINAS.COM"},"image":{"@id":"https:\/\/noticiasmercedinas.com\/site\/#\/schema\/logo\/image\/"},"sameAs":["https:\/\/www.facebook.com\/noticiasmercedinas\/","https:\/\/x.com\/notmercedinas","https:\/\/www.instagram.com\/noticiasmercedinas\/"]},{"@type":"Person","@id":"https:\/\/noticiasmercedinas.com\/site\/#\/schema\/person\/84b59c099c28ff2e8b77d4ceec5d8063","name":"NOTICIASMERCEDINAS.COM","image":{"@type":"ImageObject","inLanguage":"es","@id":"https:\/\/secure.gravatar.com\/avatar\/4dfbf16b4d17945bfb6341b2d19043457132fcf478a5ee04f42e959fd8f5df0a?s=96&d=mm&r=g","url":"https:\/\/secure.gravatar.com\/avatar\/4dfbf16b4d17945bfb6341b2d19043457132fcf478a5ee04f42e959fd8f5df0a?s=96&d=mm&r=g","contentUrl":"https:\/\/secure.gravatar.com\/avatar\/4dfbf16b4d17945bfb6341b2d19043457132fcf478a5ee04f42e959fd8f5df0a?s=96&d=mm&r=g","caption":"NOTICIASMERCEDINAS.COM"},"url":"https:\/\/noticiasmercedinas.com\/site\/author\/anonimo\/"}]}},"amp_enabled":true,"_links":{"self":[{"href":"https:\/\/noticiasmercedinas.com\/site\/wp-json\/wp\/v2\/posts\/162772","targetHints":{"allow":["GET"]}}],"collection":[{"href":"https:\/\/noticiasmercedinas.com\/site\/wp-json\/wp\/v2\/posts"}],"about":[{"href":"https:\/\/noticiasmercedinas.com\/site\/wp-json\/wp\/v2\/types\/post"}],"author":[{"embeddable":true,"href":"https:\/\/noticiasmercedinas.com\/site\/wp-json\/wp\/v2\/users\/16"}],"replies":[{"embeddable":true,"href":"https:\/\/noticiasmercedinas.com\/site\/wp-json\/wp\/v2\/comments?post=162772"}],"version-history":[{"count":2,"href":"https:\/\/noticiasmercedinas.com\/site\/wp-json\/wp\/v2\/posts\/162772\/revisions"}],"predecessor-version":[{"id":162779,"href":"https:\/\/noticiasmercedinas.com\/site\/wp-json\/wp\/v2\/posts\/162772\/revisions\/162779"}],"wp:featuredmedia":[{"embeddable":true,"href":"https:\/\/noticiasmercedinas.com\/site\/wp-json\/wp\/v2\/media\/162774"}],"wp:attachment":[{"href":"https:\/\/noticiasmercedinas.com\/site\/wp-json\/wp\/v2\/media?parent=162772"}],"wp:term":[{"taxonomy":"category","embeddable":true,"href":"https:\/\/noticiasmercedinas.com\/site\/wp-json\/wp\/v2\/categories?post=162772"},{"taxonomy":"post_tag","embeddable":true,"href":"https:\/\/noticiasmercedinas.com\/site\/wp-json\/wp\/v2\/tags?post=162772"}],"curies":[{"name":"wp","href":"https:\/\/api.w.org\/{rel}","templated":true}]}}