{"id":162951,"date":"2025-07-01T10:37:05","date_gmt":"2025-07-01T13:37:05","guid":{"rendered":"https:\/\/noticiasmercedinas.com\/site\/?p=162951"},"modified":"2025-07-01T10:37:05","modified_gmt":"2025-07-01T13:37:05","slug":"presentan-el-graduado-este-viernes-en-una-nueva-funcion-de-universo-cine","status":"publish","type":"post","link":"https:\/\/noticiasmercedinas.com\/site\/2025\/07\/01\/presentan-el-graduado-este-viernes-en-una-nueva-funcion-de-universo-cine\/","title":{"rendered":"Presentan \u201cEl Graduado\u201d este viernes en una nueva funci\u00f3n de Universo Cine"},"content":{"rendered":"<p><img loading=\"lazy\" decoding=\"async\" class=\"alignnone size-full wp-image-162952\" src=\"https:\/\/noticiasmercedinas.com\/site\/wp-content\/uploads\/2025\/07\/El-graduado-Transgresiones-y-fantasias-del-nuevo-cine-01.jpg\" alt=\"\" width=\"700\" height=\"394\" srcset=\"https:\/\/noticiasmercedinas.com\/site\/wp-content\/uploads\/2025\/07\/El-graduado-Transgresiones-y-fantasias-del-nuevo-cine-01.jpg 700w, https:\/\/noticiasmercedinas.com\/site\/wp-content\/uploads\/2025\/07\/El-graduado-Transgresiones-y-fantasias-del-nuevo-cine-01-300x169.jpg 300w, https:\/\/noticiasmercedinas.com\/site\/wp-content\/uploads\/2025\/07\/El-graduado-Transgresiones-y-fantasias-del-nuevo-cine-01-640x360.jpg 640w, https:\/\/noticiasmercedinas.com\/site\/wp-content\/uploads\/2025\/07\/El-graduado-Transgresiones-y-fantasias-del-nuevo-cine-01-681x383.jpg 681w\" sizes=\"auto, (max-width: 700px) 100vw, 700px\" \/><\/p>\n<p>Este viernes 4 de julio a las 19:00 horas se proyectar\u00e1 la pel\u00edcula \u201cEl Graduado\u201d (1967), de Mike Nichols, en el marco del ciclo Universo Cine, que coordina el especialista y docente Carlos Mar\u00eda Dieuzeide. La actividad se realizar\u00e1 en el Sal\u00f3n de Actos del Colegio de Abogados de Mercedes (calle 24 N\u00b0 705, primer piso), con entrada libre e inscripci\u00f3n previa por mail.<\/p>\n<p>El ciclo, que combina cine y an\u00e1lisis, propone una nueva oportunidad para reflexionar en comunidad a trav\u00e9s del arte cinematogr\u00e1fico. La pel\u00edcula elegida en esta ocasi\u00f3n es una comedia dram\u00e1tica de culto que marc\u00f3 \u00e9poca.<\/p>\n<p>El Graduado narra la historia de un joven reci\u00e9n graduado, perdido y presionado por su futuro, que inicia un romance con una mujer mayor\u2026 y termina enamor\u00e1ndose de su hija. La pel\u00edcula ofrece una mirada cr\u00edtica y sat\u00edrica sobre la confusi\u00f3n generacional, el deseo y la b\u00fasqueda de identidad.<\/p>\n<p>Universo Cine es una propuesta abierta a toda la comunidad y cuenta con un espacio posterior de intercambio y debate. Las personas interesadas pueden inscribirse enviando un correo electr\u00f3nico a: <a href=\"mailto:gerente@camercedes.org.ar\">gerente@camercedes.org.ar<\/a>.<\/p>\n<p>Este ciclo ya se ha consolidado como una referencia local para el an\u00e1lisis cinematogr\u00e1fico y la reflexi\u00f3n colectiva, con una programaci\u00f3n cuidada y coordinada por Dieuzeide, que pone el foco en pel\u00edculas cl\u00e1sicas con profundidad tem\u00e1tica.<\/p>\n","protected":false},"excerpt":{"rendered":"<p>\u25a0 Este viernes 4 de julio a las 19:00 horas se proyectar\u00e1 la pel\u00edcula de Mike Nichols, en el marco del ciclo Universo Cine, que coordina el especialista y docente Carlos Mar\u00eda Dieuzeide.<\/p>\n","protected":false},"author":16,"featured_media":162952,"comment_status":"closed","ping_status":"closed","sticky":false,"template":"","format":"standard","meta":{"footnotes":""},"categories":[4],"tags":[17235,560,14897,18819],"class_list":["post-162951","post","type-post","status-publish","format-standard","has-post-thumbnail","hentry","category-cultura","tag-carlos-maria-dieuzeide","tag-colegio-de-abogados","tag-pelicula","tag-universo-cine"],"yoast_head":"<!-- This site is optimized with the Yoast SEO plugin v27.4 - https:\/\/yoast.com\/product\/yoast-seo-wordpress\/ -->\n<title>Presentan \u201cEl Graduado\u201d este viernes en una nueva funci\u00f3n de Universo Cine<\/title>\n<meta name=\"description\" content=\"Este viernes 4 de julio a las 19:00 horas se proyectar\u00e1 la pel\u00edcula de Mike Nichols, en el marco del ciclo Universo Cine, que coordina el especialista y docente Carlos Mar\u00eda Dieuzeide.\" \/>\n<meta name=\"robots\" content=\"index, follow, max-snippet:-1, max-image-preview:large, max-video-preview:-1\" \/>\n<link rel=\"canonical\" href=\"https:\/\/noticiasmercedinas.com\/site\/2025\/07\/01\/presentan-el-graduado-este-viernes-en-una-nueva-funcion-de-universo-cine\/\" \/>\n<meta property=\"og:locale\" content=\"es_ES\" \/>\n<meta property=\"og:type\" content=\"article\" \/>\n<meta property=\"og:title\" content=\"Presentan \u201cEl Graduado\u201d este viernes en una nueva funci\u00f3n de Universo Cine\" \/>\n<meta property=\"og:description\" content=\"Este viernes 4 de julio a las 19:00 horas se proyectar\u00e1 la pel\u00edcula de Mike Nichols, en el marco del ciclo Universo Cine, que coordina el especialista y docente Carlos Mar\u00eda Dieuzeide.\" \/>\n<meta property=\"og:url\" content=\"https:\/\/noticiasmercedinas.com\/site\/2025\/07\/01\/presentan-el-graduado-este-viernes-en-una-nueva-funcion-de-universo-cine\/\" \/>\n<meta property=\"og:site_name\" content=\"NOTICIASMERCEDINAS.COM\" \/>\n<meta property=\"article:publisher\" content=\"https:\/\/www.facebook.com\/noticiasmercedinas\/\" \/>\n<meta property=\"article:published_time\" content=\"2025-07-01T13:37:05+00:00\" \/>\n<meta property=\"og:image\" content=\"https:\/\/noticiasmercedinas.com\/site\/wp-content\/uploads\/2025\/07\/El-graduado-Transgresiones-y-fantasias-del-nuevo-cine-01.jpg\" \/>\n\t<meta property=\"og:image:width\" content=\"700\" \/>\n\t<meta property=\"og:image:height\" content=\"394\" \/>\n\t<meta property=\"og:image:type\" content=\"image\/jpeg\" \/>\n<meta name=\"author\" content=\"NOTICIASMERCEDINAS.COM\" \/>\n<meta name=\"twitter:card\" content=\"summary_large_image\" \/>\n<meta name=\"twitter:creator\" content=\"@notmercedinas\" \/>\n<meta name=\"twitter:site\" content=\"@notmercedinas\" \/>\n<meta name=\"twitter:label1\" content=\"Escrito por\" \/>\n\t<meta name=\"twitter:data1\" content=\"NOTICIASMERCEDINAS.COM\" \/>\n\t<meta name=\"twitter:label2\" content=\"Tiempo de lectura\" \/>\n\t<meta name=\"twitter:data2\" content=\"2 minutos\" \/>\n<script type=\"application\/ld+json\" class=\"yoast-schema-graph\">{\"@context\":\"https:\\\/\\\/schema.org\",\"@graph\":[{\"@type\":\"Article\",\"@id\":\"https:\\\/\\\/noticiasmercedinas.com\\\/site\\\/2025\\\/07\\\/01\\\/presentan-el-graduado-este-viernes-en-una-nueva-funcion-de-universo-cine\\\/#article\",\"isPartOf\":{\"@id\":\"https:\\\/\\\/noticiasmercedinas.com\\\/site\\\/2025\\\/07\\\/01\\\/presentan-el-graduado-este-viernes-en-una-nueva-funcion-de-universo-cine\\\/\"},\"author\":{\"name\":\"NOTICIASMERCEDINAS.COM\",\"@id\":\"https:\\\/\\\/noticiasmercedinas.com\\\/site\\\/#\\\/schema\\\/person\\\/84b59c099c28ff2e8b77d4ceec5d8063\"},\"headline\":\"Presentan \u201cEl Graduado\u201d este viernes en una nueva funci\u00f3n de Universo Cine\",\"datePublished\":\"2025-07-01T13:37:05+00:00\",\"mainEntityOfPage\":{\"@id\":\"https:\\\/\\\/noticiasmercedinas.com\\\/site\\\/2025\\\/07\\\/01\\\/presentan-el-graduado-este-viernes-en-una-nueva-funcion-de-universo-cine\\\/\"},\"wordCount\":251,\"publisher\":{\"@id\":\"https:\\\/\\\/noticiasmercedinas.com\\\/site\\\/#organization\"},\"image\":{\"@id\":\"https:\\\/\\\/noticiasmercedinas.com\\\/site\\\/2025\\\/07\\\/01\\\/presentan-el-graduado-este-viernes-en-una-nueva-funcion-de-universo-cine\\\/#primaryimage\"},\"thumbnailUrl\":\"https:\\\/\\\/noticiasmercedinas.com\\\/site\\\/wp-content\\\/uploads\\\/2025\\\/07\\\/El-graduado-Transgresiones-y-fantasias-del-nuevo-cine-01.jpg\",\"keywords\":[\"Carlos Mar\u00eda Dieuzeide\",\"colegio de abogados\",\"pel\u00edcula\",\"universo cine\"],\"articleSection\":[\"Cultura\"],\"inLanguage\":\"es\"},{\"@type\":\"WebPage\",\"@id\":\"https:\\\/\\\/noticiasmercedinas.com\\\/site\\\/2025\\\/07\\\/01\\\/presentan-el-graduado-este-viernes-en-una-nueva-funcion-de-universo-cine\\\/\",\"url\":\"https:\\\/\\\/noticiasmercedinas.com\\\/site\\\/2025\\\/07\\\/01\\\/presentan-el-graduado-este-viernes-en-una-nueva-funcion-de-universo-cine\\\/\",\"name\":\"Presentan \u201cEl Graduado\u201d este viernes en una nueva funci\u00f3n de Universo Cine\",\"isPartOf\":{\"@id\":\"https:\\\/\\\/noticiasmercedinas.com\\\/site\\\/#website\"},\"primaryImageOfPage\":{\"@id\":\"https:\\\/\\\/noticiasmercedinas.com\\\/site\\\/2025\\\/07\\\/01\\\/presentan-el-graduado-este-viernes-en-una-nueva-funcion-de-universo-cine\\\/#primaryimage\"},\"image\":{\"@id\":\"https:\\\/\\\/noticiasmercedinas.com\\\/site\\\/2025\\\/07\\\/01\\\/presentan-el-graduado-este-viernes-en-una-nueva-funcion-de-universo-cine\\\/#primaryimage\"},\"thumbnailUrl\":\"https:\\\/\\\/noticiasmercedinas.com\\\/site\\\/wp-content\\\/uploads\\\/2025\\\/07\\\/El-graduado-Transgresiones-y-fantasias-del-nuevo-cine-01.jpg\",\"datePublished\":\"2025-07-01T13:37:05+00:00\",\"description\":\"Este viernes 4 de julio a las 19:00 horas se proyectar\u00e1 la pel\u00edcula de Mike Nichols, en el marco del ciclo Universo Cine, que coordina el especialista y docente Carlos Mar\u00eda Dieuzeide.\",\"breadcrumb\":{\"@id\":\"https:\\\/\\\/noticiasmercedinas.com\\\/site\\\/2025\\\/07\\\/01\\\/presentan-el-graduado-este-viernes-en-una-nueva-funcion-de-universo-cine\\\/#breadcrumb\"},\"inLanguage\":\"es\",\"potentialAction\":[{\"@type\":\"ReadAction\",\"target\":[\"https:\\\/\\\/noticiasmercedinas.com\\\/site\\\/2025\\\/07\\\/01\\\/presentan-el-graduado-este-viernes-en-una-nueva-funcion-de-universo-cine\\\/\"]}]},{\"@type\":\"ImageObject\",\"inLanguage\":\"es\",\"@id\":\"https:\\\/\\\/noticiasmercedinas.com\\\/site\\\/2025\\\/07\\\/01\\\/presentan-el-graduado-este-viernes-en-una-nueva-funcion-de-universo-cine\\\/#primaryimage\",\"url\":\"https:\\\/\\\/noticiasmercedinas.com\\\/site\\\/wp-content\\\/uploads\\\/2025\\\/07\\\/El-graduado-Transgresiones-y-fantasias-del-nuevo-cine-01.jpg\",\"contentUrl\":\"https:\\\/\\\/noticiasmercedinas.com\\\/site\\\/wp-content\\\/uploads\\\/2025\\\/07\\\/El-graduado-Transgresiones-y-fantasias-del-nuevo-cine-01.jpg\",\"width\":700,\"height\":394},{\"@type\":\"BreadcrumbList\",\"@id\":\"https:\\\/\\\/noticiasmercedinas.com\\\/site\\\/2025\\\/07\\\/01\\\/presentan-el-graduado-este-viernes-en-una-nueva-funcion-de-universo-cine\\\/#breadcrumb\",\"itemListElement\":[{\"@type\":\"ListItem\",\"position\":1,\"name\":\"Portada\",\"item\":\"https:\\\/\\\/noticiasmercedinas.com\\\/site\\\/\"},{\"@type\":\"ListItem\",\"position\":2,\"name\":\"Presentan \u201cEl Graduado\u201d este viernes en una nueva funci\u00f3n de Universo Cine\"}]},{\"@type\":\"WebSite\",\"@id\":\"https:\\\/\\\/noticiasmercedinas.com\\\/site\\\/#website\",\"url\":\"https:\\\/\\\/noticiasmercedinas.com\\\/site\\\/\",\"name\":\"NOTICIASMERCEDINAS.COM\",\"description\":\"Mercedes, Buenos Aires, Argentina\",\"publisher\":{\"@id\":\"https:\\\/\\\/noticiasmercedinas.com\\\/site\\\/#organization\"},\"potentialAction\":[{\"@type\":\"SearchAction\",\"target\":{\"@type\":\"EntryPoint\",\"urlTemplate\":\"https:\\\/\\\/noticiasmercedinas.com\\\/site\\\/?s={search_term_string}\"},\"query-input\":{\"@type\":\"PropertyValueSpecification\",\"valueRequired\":true,\"valueName\":\"search_term_string\"}}],\"inLanguage\":\"es\"},{\"@type\":\"Organization\",\"@id\":\"https:\\\/\\\/noticiasmercedinas.com\\\/site\\\/#organization\",\"name\":\"NOTICIASMERCEDINAS.COM\",\"url\":\"https:\\\/\\\/noticiasmercedinas.com\\\/site\\\/\",\"logo\":{\"@type\":\"ImageObject\",\"inLanguage\":\"es\",\"@id\":\"https:\\\/\\\/noticiasmercedinas.com\\\/site\\\/#\\\/schema\\\/logo\\\/image\\\/\",\"url\":\"https:\\\/\\\/noticiasmercedinas.com\\\/site\\\/wp-content\\\/uploads\\\/2020\\\/06\\\/LOGO-512.jpg\",\"contentUrl\":\"https:\\\/\\\/noticiasmercedinas.com\\\/site\\\/wp-content\\\/uploads\\\/2020\\\/06\\\/LOGO-512.jpg\",\"width\":512,\"height\":512,\"caption\":\"NOTICIASMERCEDINAS.COM\"},\"image\":{\"@id\":\"https:\\\/\\\/noticiasmercedinas.com\\\/site\\\/#\\\/schema\\\/logo\\\/image\\\/\"},\"sameAs\":[\"https:\\\/\\\/www.facebook.com\\\/noticiasmercedinas\\\/\",\"https:\\\/\\\/x.com\\\/notmercedinas\",\"https:\\\/\\\/www.instagram.com\\\/noticiasmercedinas\\\/\"]},{\"@type\":\"Person\",\"@id\":\"https:\\\/\\\/noticiasmercedinas.com\\\/site\\\/#\\\/schema\\\/person\\\/84b59c099c28ff2e8b77d4ceec5d8063\",\"name\":\"NOTICIASMERCEDINAS.COM\",\"image\":{\"@type\":\"ImageObject\",\"inLanguage\":\"es\",\"@id\":\"https:\\\/\\\/secure.gravatar.com\\\/avatar\\\/4dfbf16b4d17945bfb6341b2d19043457132fcf478a5ee04f42e959fd8f5df0a?s=96&d=mm&r=g\",\"url\":\"https:\\\/\\\/secure.gravatar.com\\\/avatar\\\/4dfbf16b4d17945bfb6341b2d19043457132fcf478a5ee04f42e959fd8f5df0a?s=96&d=mm&r=g\",\"contentUrl\":\"https:\\\/\\\/secure.gravatar.com\\\/avatar\\\/4dfbf16b4d17945bfb6341b2d19043457132fcf478a5ee04f42e959fd8f5df0a?s=96&d=mm&r=g\",\"caption\":\"NOTICIASMERCEDINAS.COM\"},\"url\":\"https:\\\/\\\/noticiasmercedinas.com\\\/site\\\/author\\\/anonimo\\\/\"}]}<\/script>\n<!-- \/ Yoast SEO plugin. -->","yoast_head_json":{"title":"Presentan \u201cEl Graduado\u201d este viernes en una nueva funci\u00f3n de Universo Cine","description":"Este viernes 4 de julio a las 19:00 horas se proyectar\u00e1 la pel\u00edcula de Mike Nichols, en el marco del ciclo Universo Cine, que coordina el especialista y docente Carlos Mar\u00eda Dieuzeide.","robots":{"index":"index","follow":"follow","max-snippet":"max-snippet:-1","max-image-preview":"max-image-preview:large","max-video-preview":"max-video-preview:-1"},"canonical":"https:\/\/noticiasmercedinas.com\/site\/2025\/07\/01\/presentan-el-graduado-este-viernes-en-una-nueva-funcion-de-universo-cine\/","og_locale":"es_ES","og_type":"article","og_title":"Presentan \u201cEl Graduado\u201d este viernes en una nueva funci\u00f3n de Universo Cine","og_description":"Este viernes 4 de julio a las 19:00 horas se proyectar\u00e1 la pel\u00edcula de Mike Nichols, en el marco del ciclo Universo Cine, que coordina el especialista y docente Carlos Mar\u00eda Dieuzeide.","og_url":"https:\/\/noticiasmercedinas.com\/site\/2025\/07\/01\/presentan-el-graduado-este-viernes-en-una-nueva-funcion-de-universo-cine\/","og_site_name":"NOTICIASMERCEDINAS.COM","article_publisher":"https:\/\/www.facebook.com\/noticiasmercedinas\/","article_published_time":"2025-07-01T13:37:05+00:00","og_image":[{"width":700,"height":394,"url":"https:\/\/noticiasmercedinas.com\/site\/wp-content\/uploads\/2025\/07\/El-graduado-Transgresiones-y-fantasias-del-nuevo-cine-01.jpg","type":"image\/jpeg"}],"author":"NOTICIASMERCEDINAS.COM","twitter_card":"summary_large_image","twitter_creator":"@notmercedinas","twitter_site":"@notmercedinas","twitter_misc":{"Escrito por":"NOTICIASMERCEDINAS.COM","Tiempo de lectura":"2 minutos"},"schema":{"@context":"https:\/\/schema.org","@graph":[{"@type":"Article","@id":"https:\/\/noticiasmercedinas.com\/site\/2025\/07\/01\/presentan-el-graduado-este-viernes-en-una-nueva-funcion-de-universo-cine\/#article","isPartOf":{"@id":"https:\/\/noticiasmercedinas.com\/site\/2025\/07\/01\/presentan-el-graduado-este-viernes-en-una-nueva-funcion-de-universo-cine\/"},"author":{"name":"NOTICIASMERCEDINAS.COM","@id":"https:\/\/noticiasmercedinas.com\/site\/#\/schema\/person\/84b59c099c28ff2e8b77d4ceec5d8063"},"headline":"Presentan \u201cEl Graduado\u201d este viernes en una nueva funci\u00f3n de Universo Cine","datePublished":"2025-07-01T13:37:05+00:00","mainEntityOfPage":{"@id":"https:\/\/noticiasmercedinas.com\/site\/2025\/07\/01\/presentan-el-graduado-este-viernes-en-una-nueva-funcion-de-universo-cine\/"},"wordCount":251,"publisher":{"@id":"https:\/\/noticiasmercedinas.com\/site\/#organization"},"image":{"@id":"https:\/\/noticiasmercedinas.com\/site\/2025\/07\/01\/presentan-el-graduado-este-viernes-en-una-nueva-funcion-de-universo-cine\/#primaryimage"},"thumbnailUrl":"https:\/\/noticiasmercedinas.com\/site\/wp-content\/uploads\/2025\/07\/El-graduado-Transgresiones-y-fantasias-del-nuevo-cine-01.jpg","keywords":["Carlos Mar\u00eda Dieuzeide","colegio de abogados","pel\u00edcula","universo cine"],"articleSection":["Cultura"],"inLanguage":"es"},{"@type":"WebPage","@id":"https:\/\/noticiasmercedinas.com\/site\/2025\/07\/01\/presentan-el-graduado-este-viernes-en-una-nueva-funcion-de-universo-cine\/","url":"https:\/\/noticiasmercedinas.com\/site\/2025\/07\/01\/presentan-el-graduado-este-viernes-en-una-nueva-funcion-de-universo-cine\/","name":"Presentan \u201cEl Graduado\u201d este viernes en una nueva funci\u00f3n de Universo Cine","isPartOf":{"@id":"https:\/\/noticiasmercedinas.com\/site\/#website"},"primaryImageOfPage":{"@id":"https:\/\/noticiasmercedinas.com\/site\/2025\/07\/01\/presentan-el-graduado-este-viernes-en-una-nueva-funcion-de-universo-cine\/#primaryimage"},"image":{"@id":"https:\/\/noticiasmercedinas.com\/site\/2025\/07\/01\/presentan-el-graduado-este-viernes-en-una-nueva-funcion-de-universo-cine\/#primaryimage"},"thumbnailUrl":"https:\/\/noticiasmercedinas.com\/site\/wp-content\/uploads\/2025\/07\/El-graduado-Transgresiones-y-fantasias-del-nuevo-cine-01.jpg","datePublished":"2025-07-01T13:37:05+00:00","description":"Este viernes 4 de julio a las 19:00 horas se proyectar\u00e1 la pel\u00edcula de Mike Nichols, en el marco del ciclo Universo Cine, que coordina el especialista y docente Carlos Mar\u00eda Dieuzeide.","breadcrumb":{"@id":"https:\/\/noticiasmercedinas.com\/site\/2025\/07\/01\/presentan-el-graduado-este-viernes-en-una-nueva-funcion-de-universo-cine\/#breadcrumb"},"inLanguage":"es","potentialAction":[{"@type":"ReadAction","target":["https:\/\/noticiasmercedinas.com\/site\/2025\/07\/01\/presentan-el-graduado-este-viernes-en-una-nueva-funcion-de-universo-cine\/"]}]},{"@type":"ImageObject","inLanguage":"es","@id":"https:\/\/noticiasmercedinas.com\/site\/2025\/07\/01\/presentan-el-graduado-este-viernes-en-una-nueva-funcion-de-universo-cine\/#primaryimage","url":"https:\/\/noticiasmercedinas.com\/site\/wp-content\/uploads\/2025\/07\/El-graduado-Transgresiones-y-fantasias-del-nuevo-cine-01.jpg","contentUrl":"https:\/\/noticiasmercedinas.com\/site\/wp-content\/uploads\/2025\/07\/El-graduado-Transgresiones-y-fantasias-del-nuevo-cine-01.jpg","width":700,"height":394},{"@type":"BreadcrumbList","@id":"https:\/\/noticiasmercedinas.com\/site\/2025\/07\/01\/presentan-el-graduado-este-viernes-en-una-nueva-funcion-de-universo-cine\/#breadcrumb","itemListElement":[{"@type":"ListItem","position":1,"name":"Portada","item":"https:\/\/noticiasmercedinas.com\/site\/"},{"@type":"ListItem","position":2,"name":"Presentan \u201cEl Graduado\u201d este viernes en una nueva funci\u00f3n de Universo Cine"}]},{"@type":"WebSite","@id":"https:\/\/noticiasmercedinas.com\/site\/#website","url":"https:\/\/noticiasmercedinas.com\/site\/","name":"NOTICIASMERCEDINAS.COM","description":"Mercedes, Buenos Aires, Argentina","publisher":{"@id":"https:\/\/noticiasmercedinas.com\/site\/#organization"},"potentialAction":[{"@type":"SearchAction","target":{"@type":"EntryPoint","urlTemplate":"https:\/\/noticiasmercedinas.com\/site\/?s={search_term_string}"},"query-input":{"@type":"PropertyValueSpecification","valueRequired":true,"valueName":"search_term_string"}}],"inLanguage":"es"},{"@type":"Organization","@id":"https:\/\/noticiasmercedinas.com\/site\/#organization","name":"NOTICIASMERCEDINAS.COM","url":"https:\/\/noticiasmercedinas.com\/site\/","logo":{"@type":"ImageObject","inLanguage":"es","@id":"https:\/\/noticiasmercedinas.com\/site\/#\/schema\/logo\/image\/","url":"https:\/\/noticiasmercedinas.com\/site\/wp-content\/uploads\/2020\/06\/LOGO-512.jpg","contentUrl":"https:\/\/noticiasmercedinas.com\/site\/wp-content\/uploads\/2020\/06\/LOGO-512.jpg","width":512,"height":512,"caption":"NOTICIASMERCEDINAS.COM"},"image":{"@id":"https:\/\/noticiasmercedinas.com\/site\/#\/schema\/logo\/image\/"},"sameAs":["https:\/\/www.facebook.com\/noticiasmercedinas\/","https:\/\/x.com\/notmercedinas","https:\/\/www.instagram.com\/noticiasmercedinas\/"]},{"@type":"Person","@id":"https:\/\/noticiasmercedinas.com\/site\/#\/schema\/person\/84b59c099c28ff2e8b77d4ceec5d8063","name":"NOTICIASMERCEDINAS.COM","image":{"@type":"ImageObject","inLanguage":"es","@id":"https:\/\/secure.gravatar.com\/avatar\/4dfbf16b4d17945bfb6341b2d19043457132fcf478a5ee04f42e959fd8f5df0a?s=96&d=mm&r=g","url":"https:\/\/secure.gravatar.com\/avatar\/4dfbf16b4d17945bfb6341b2d19043457132fcf478a5ee04f42e959fd8f5df0a?s=96&d=mm&r=g","contentUrl":"https:\/\/secure.gravatar.com\/avatar\/4dfbf16b4d17945bfb6341b2d19043457132fcf478a5ee04f42e959fd8f5df0a?s=96&d=mm&r=g","caption":"NOTICIASMERCEDINAS.COM"},"url":"https:\/\/noticiasmercedinas.com\/site\/author\/anonimo\/"}]}},"amp_enabled":true,"_links":{"self":[{"href":"https:\/\/noticiasmercedinas.com\/site\/wp-json\/wp\/v2\/posts\/162951","targetHints":{"allow":["GET"]}}],"collection":[{"href":"https:\/\/noticiasmercedinas.com\/site\/wp-json\/wp\/v2\/posts"}],"about":[{"href":"https:\/\/noticiasmercedinas.com\/site\/wp-json\/wp\/v2\/types\/post"}],"author":[{"embeddable":true,"href":"https:\/\/noticiasmercedinas.com\/site\/wp-json\/wp\/v2\/users\/16"}],"replies":[{"embeddable":true,"href":"https:\/\/noticiasmercedinas.com\/site\/wp-json\/wp\/v2\/comments?post=162951"}],"version-history":[{"count":1,"href":"https:\/\/noticiasmercedinas.com\/site\/wp-json\/wp\/v2\/posts\/162951\/revisions"}],"predecessor-version":[{"id":162953,"href":"https:\/\/noticiasmercedinas.com\/site\/wp-json\/wp\/v2\/posts\/162951\/revisions\/162953"}],"wp:featuredmedia":[{"embeddable":true,"href":"https:\/\/noticiasmercedinas.com\/site\/wp-json\/wp\/v2\/media\/162952"}],"wp:attachment":[{"href":"https:\/\/noticiasmercedinas.com\/site\/wp-json\/wp\/v2\/media?parent=162951"}],"wp:term":[{"taxonomy":"category","embeddable":true,"href":"https:\/\/noticiasmercedinas.com\/site\/wp-json\/wp\/v2\/categories?post=162951"},{"taxonomy":"post_tag","embeddable":true,"href":"https:\/\/noticiasmercedinas.com\/site\/wp-json\/wp\/v2\/tags?post=162951"}],"curies":[{"name":"wp","href":"https:\/\/api.w.org\/{rel}","templated":true}]}}