{"id":163027,"date":"2025-07-02T11:43:00","date_gmt":"2025-07-02T14:43:00","guid":{"rendered":"https:\/\/noticiasmercedinas.com\/site\/?p=163027"},"modified":"2025-07-02T11:43:00","modified_gmt":"2025-07-02T14:43:00","slug":"caputo-habla-del-dolar-como-si-nosotros-los-jubilados-pudieramos-tener-dolares","status":"publish","type":"post","link":"https:\/\/noticiasmercedinas.com\/site\/2025\/07\/02\/caputo-habla-del-dolar-como-si-nosotros-los-jubilados-pudieramos-tener-dolares\/","title":{"rendered":"\u00abCaputo habla del d\u00f3lar como si nosotros, los jubilados, pudi\u00e9ramos tener d\u00f3lares\u00bb"},"content":{"rendered":"<p><img loading=\"lazy\" decoding=\"async\" class=\"alignnone size-full wp-image-163028\" src=\"https:\/\/noticiasmercedinas.com\/site\/wp-content\/uploads\/2025\/07\/87f1ad04-da33-4bff-98e5-8e7b3001d266.jpg\" alt=\"\" width=\"1599\" height=\"1066\" srcset=\"https:\/\/noticiasmercedinas.com\/site\/wp-content\/uploads\/2025\/07\/87f1ad04-da33-4bff-98e5-8e7b3001d266.jpg 1599w, https:\/\/noticiasmercedinas.com\/site\/wp-content\/uploads\/2025\/07\/87f1ad04-da33-4bff-98e5-8e7b3001d266-300x200.jpg 300w, https:\/\/noticiasmercedinas.com\/site\/wp-content\/uploads\/2025\/07\/87f1ad04-da33-4bff-98e5-8e7b3001d266-1024x683.jpg 1024w, https:\/\/noticiasmercedinas.com\/site\/wp-content\/uploads\/2025\/07\/87f1ad04-da33-4bff-98e5-8e7b3001d266-768x512.jpg 768w, https:\/\/noticiasmercedinas.com\/site\/wp-content\/uploads\/2025\/07\/87f1ad04-da33-4bff-98e5-8e7b3001d266-1536x1024.jpg 1536w, https:\/\/noticiasmercedinas.com\/site\/wp-content\/uploads\/2025\/07\/87f1ad04-da33-4bff-98e5-8e7b3001d266-640x427.jpg 640w, https:\/\/noticiasmercedinas.com\/site\/wp-content\/uploads\/2025\/07\/87f1ad04-da33-4bff-98e5-8e7b3001d266-1280x853.jpg 1280w, https:\/\/noticiasmercedinas.com\/site\/wp-content\/uploads\/2025\/07\/87f1ad04-da33-4bff-98e5-8e7b3001d266-681x454.jpg 681w, https:\/\/noticiasmercedinas.com\/site\/wp-content\/uploads\/2025\/07\/87f1ad04-da33-4bff-98e5-8e7b3001d266-1362x908.jpg 1362w\" sizes=\"auto, (max-width: 1599px) 100vw, 1599px\" \/><\/p>\n<p><strong>Elisabet Merlini<\/strong>, integrante del grupo Jubilados Autoconvocados de Mercedes, comparti\u00f3 un duro y sentido diagn\u00f3stico sobre la situaci\u00f3n que atraviesan los adultos mayores en la Argentina. En di\u00e1logo con este medio, expres\u00f3 su profunda preocupaci\u00f3n por el deterioro econ\u00f3mico, la indiferencia estatal y el miedo creciente que paraliza la acci\u00f3n colectiva.<\/p>\n<p>\u201cEstamos haciendo agua por todos lados\u201d, afirma Merlini, quien, si bien ya no participa activamente de las protestas en la plaza como antes, contin\u00faa acompa\u00f1ando a jubilados y afiliados en tr\u00e1mites ante el PAMI y gestiones de asistencia. \u201cLo hacemos desde un grupo de solidaridad, por WhatsApp, ayudando a personas que no saben c\u00f3mo hacer los tr\u00e1mites o que no reciben respuestas del sistema\u201d.<\/p>\n<p>El relato de Merlini da cuenta de una angustia que excede lo personal y se vuelve colectiva. \u201cLa cuenta del gas me vino alt\u00edsima, imposible de pagar. Sumado a que la jubilaci\u00f3n no alcanza, ni siquiera se discute con seriedad el aumento en el Congreso. El presidente ya anticip\u00f3 que lo va a vetar. Es una situaci\u00f3n muy compleja, con muchas limitaciones, que te genera una angustia existencial\u201d, expresa.<\/p>\n<blockquote><p>\u00abTodo es muy cruel. Y aunque hay movilizaci\u00f3n popular, no se difunde. La marcha de las antorchas del movimiento universitario fue conmovedora, pero los medios no dijeron nada. Hay mucho que est\u00e1 pasando y no se quiere mostrar\u00bb<\/p><\/blockquote>\n<p>En este contexto, cuestion\u00f3 al discurso oficial: \u201cEstaba escuchando a Caputo hablar del d\u00f3lar como si nosotros los jubilados pudi\u00e9ramos tener d\u00f3lares. Es una incoherencia que desorienta. Mientras tanto, nos entretienen con temas banales, y se desatiende la realidad de fondo\u201d.<\/p>\n<p>Merlini tambi\u00e9n remarc\u00f3 el clima de temor que se vive entre quienes sol\u00edan manifestarse: \u201cHay miedo a la represi\u00f3n. Eso paraliza. Lo vemos en Buenos Aires, donde cada vez van menos jubilados a las movilizaciones. Nosotros dejamos de ir a la plaza porque la protesta se politiz\u00f3 demasiado y eso trajo conflictos. Nuestro grupo quer\u00eda expresarse en silencio, con carteles, sin bander\u00edas\u201d.<\/p>\n<blockquote><p>\u201cHay miedo a la represi\u00f3n. Eso paraliza. Lo vemos en Buenos Aires, donde cada vez van menos jubilados a las movilizaciones. Nosotros dejamos de ir a la plaza porque la protesta se politiz\u00f3 demasiado y eso trajo conflictos. Nuestro grupo quer\u00eda expresarse en silencio, con carteles, sin bander\u00edas\u201d<\/p><\/blockquote>\n<p>Actualmente, mantienen una red de asistencia informal con otros jubilados, y enfrentan casos que califican como \u201cgrav\u00edsimos\u201d. Menciona, por ejemplo, el de una mujer con discapacidad total a la que no le entregan una silla de ruedas. Tambi\u00e9n denuncian que hay situaciones de persecuci\u00f3n dentro del PAMI local.<\/p>\n<p>\u201cTodo es muy cruel. Y aunque hay movilizaci\u00f3n popular, no se difunde. La marcha de las antorchas del movimiento universitario fue conmovedora, pero los medios no dijeron nada. Hay mucho que est\u00e1 pasando y no se quiere mostrar. Nosotros seguimos conectados, ayudando como podemos, porque lo contrario ser\u00eda rendirse\u201d, concluye.<\/p>\n<p><img loading=\"lazy\" decoding=\"async\" class=\"alignnone size-full wp-image-163029\" src=\"https:\/\/noticiasmercedinas.com\/site\/wp-content\/uploads\/2025\/07\/JUBIALDOS1.jpg\" alt=\"\" width=\"857\" height=\"565\" srcset=\"https:\/\/noticiasmercedinas.com\/site\/wp-content\/uploads\/2025\/07\/JUBIALDOS1.jpg 857w, https:\/\/noticiasmercedinas.com\/site\/wp-content\/uploads\/2025\/07\/JUBIALDOS1-300x198.jpg 300w, https:\/\/noticiasmercedinas.com\/site\/wp-content\/uploads\/2025\/07\/JUBIALDOS1-768x506.jpg 768w, https:\/\/noticiasmercedinas.com\/site\/wp-content\/uploads\/2025\/07\/JUBIALDOS1-640x422.jpg 640w, https:\/\/noticiasmercedinas.com\/site\/wp-content\/uploads\/2025\/07\/JUBIALDOS1-681x449.jpg 681w\" sizes=\"auto, (max-width: 857px) 100vw, 857px\" \/><\/p>\n","protected":false},"excerpt":{"rendered":"<p>\u25a0 Desde el grupo Jubilados Autoconvocados de Mercedes, Elisabet Merlini, describe c\u00f3mo se vive con tanto frio, no solo en el clima sino en la sociedad, siendo de la tercera edad.<\/p>\n","protected":false},"author":2,"featured_media":163028,"comment_status":"closed","ping_status":"closed","sticky":false,"template":"","format":"standard","meta":{"footnotes":""},"categories":[3],"tags":[19884,160,19885],"class_list":["post-163027","post","type-post","status-publish","format-standard","has-post-thumbnail","hentry","category-sociedad","tag-elisabet-merlini","tag-jubilados","tag-jubilados-autoconvocados"],"yoast_head":"<!-- This site is optimized with the Yoast SEO plugin v27.4 - https:\/\/yoast.com\/product\/yoast-seo-wordpress\/ -->\n<title>&quot;Caputo habla del d\u00f3lar como si nosotros, los jubilados, pudi\u00e9ramos tener d\u00f3lares&quot;<\/title>\n<meta name=\"description\" content=\"\u25a0 Desde el grupo Jubilados Autoconvocados de Mercedes, Elisabet Merlini, describe c\u00f3mo se vive con tanto frio, no solo en el clima sino en la sociedad, siendo de la tercera edad.\" \/>\n<meta name=\"robots\" content=\"index, follow, max-snippet:-1, max-image-preview:large, max-video-preview:-1\" \/>\n<link rel=\"canonical\" href=\"https:\/\/noticiasmercedinas.com\/site\/2025\/07\/02\/caputo-habla-del-dolar-como-si-nosotros-los-jubilados-pudieramos-tener-dolares\/\" \/>\n<meta property=\"og:locale\" content=\"es_ES\" \/>\n<meta property=\"og:type\" content=\"article\" \/>\n<meta property=\"og:title\" content=\"&quot;Caputo habla del d\u00f3lar como si nosotros, los jubilados, pudi\u00e9ramos tener d\u00f3lares&quot;\" \/>\n<meta property=\"og:description\" content=\"\u25a0 Desde el grupo Jubilados Autoconvocados de Mercedes, Elisabet Merlini, describe c\u00f3mo se vive con tanto frio, no solo en el clima sino en la sociedad, siendo de la tercera edad.\" \/>\n<meta property=\"og:url\" content=\"https:\/\/noticiasmercedinas.com\/site\/2025\/07\/02\/caputo-habla-del-dolar-como-si-nosotros-los-jubilados-pudieramos-tener-dolares\/\" \/>\n<meta property=\"og:site_name\" content=\"NOTICIASMERCEDINAS.COM\" \/>\n<meta property=\"article:publisher\" content=\"https:\/\/www.facebook.com\/noticiasmercedinas\/\" \/>\n<meta property=\"article:author\" content=\"https:\/\/www.facebook.com\/cristian.falabella\" \/>\n<meta property=\"article:published_time\" content=\"2025-07-02T14:43:00+00:00\" \/>\n<meta property=\"og:image\" content=\"https:\/\/noticiasmercedinas.com\/site\/wp-content\/uploads\/2025\/07\/87f1ad04-da33-4bff-98e5-8e7b3001d266.jpg\" \/>\n\t<meta property=\"og:image:width\" content=\"1599\" \/>\n\t<meta property=\"og:image:height\" content=\"1066\" \/>\n\t<meta property=\"og:image:type\" content=\"image\/jpeg\" \/>\n<meta name=\"author\" content=\"Cristian Falabella NOTICIASMERCEDINAS.COM\" \/>\n<meta name=\"twitter:card\" content=\"summary_large_image\" \/>\n<meta name=\"twitter:creator\" content=\"@https:\/\/twitter.com\/NOTMERCEDINAS\" \/>\n<meta name=\"twitter:site\" content=\"@notmercedinas\" \/>\n<meta name=\"twitter:label1\" content=\"Escrito por\" \/>\n\t<meta name=\"twitter:data1\" content=\"Cristian Falabella NOTICIASMERCEDINAS.COM\" \/>\n\t<meta name=\"twitter:label2\" content=\"Tiempo de lectura\" \/>\n\t<meta name=\"twitter:data2\" content=\"3 minutos\" \/>\n<script type=\"application\/ld+json\" class=\"yoast-schema-graph\">{\"@context\":\"https:\\\/\\\/schema.org\",\"@graph\":[{\"@type\":\"Article\",\"@id\":\"https:\\\/\\\/noticiasmercedinas.com\\\/site\\\/2025\\\/07\\\/02\\\/caputo-habla-del-dolar-como-si-nosotros-los-jubilados-pudieramos-tener-dolares\\\/#article\",\"isPartOf\":{\"@id\":\"https:\\\/\\\/noticiasmercedinas.com\\\/site\\\/2025\\\/07\\\/02\\\/caputo-habla-del-dolar-como-si-nosotros-los-jubilados-pudieramos-tener-dolares\\\/\"},\"author\":{\"name\":\"Cristian Falabella NOTICIASMERCEDINAS.COM\",\"@id\":\"https:\\\/\\\/noticiasmercedinas.com\\\/site\\\/#\\\/schema\\\/person\\\/d481a9696a5feaec13a60e2bbd991a6a\"},\"headline\":\"\u00abCaputo habla del d\u00f3lar como si nosotros, los jubilados, pudi\u00e9ramos tener d\u00f3lares\u00bb\",\"datePublished\":\"2025-07-02T14:43:00+00:00\",\"mainEntityOfPage\":{\"@id\":\"https:\\\/\\\/noticiasmercedinas.com\\\/site\\\/2025\\\/07\\\/02\\\/caputo-habla-del-dolar-como-si-nosotros-los-jubilados-pudieramos-tener-dolares\\\/\"},\"wordCount\":517,\"publisher\":{\"@id\":\"https:\\\/\\\/noticiasmercedinas.com\\\/site\\\/#organization\"},\"image\":{\"@id\":\"https:\\\/\\\/noticiasmercedinas.com\\\/site\\\/2025\\\/07\\\/02\\\/caputo-habla-del-dolar-como-si-nosotros-los-jubilados-pudieramos-tener-dolares\\\/#primaryimage\"},\"thumbnailUrl\":\"https:\\\/\\\/noticiasmercedinas.com\\\/site\\\/wp-content\\\/uploads\\\/2025\\\/07\\\/87f1ad04-da33-4bff-98e5-8e7b3001d266.jpg\",\"keywords\":[\"elisabet merlini\",\"jubilados\",\"jubilados autoconvocados\"],\"articleSection\":[\"Sociedad\"],\"inLanguage\":\"es\"},{\"@type\":\"WebPage\",\"@id\":\"https:\\\/\\\/noticiasmercedinas.com\\\/site\\\/2025\\\/07\\\/02\\\/caputo-habla-del-dolar-como-si-nosotros-los-jubilados-pudieramos-tener-dolares\\\/\",\"url\":\"https:\\\/\\\/noticiasmercedinas.com\\\/site\\\/2025\\\/07\\\/02\\\/caputo-habla-del-dolar-como-si-nosotros-los-jubilados-pudieramos-tener-dolares\\\/\",\"name\":\"\\\"Caputo habla del d\u00f3lar como si nosotros, los jubilados, pudi\u00e9ramos tener d\u00f3lares\\\"\",\"isPartOf\":{\"@id\":\"https:\\\/\\\/noticiasmercedinas.com\\\/site\\\/#website\"},\"primaryImageOfPage\":{\"@id\":\"https:\\\/\\\/noticiasmercedinas.com\\\/site\\\/2025\\\/07\\\/02\\\/caputo-habla-del-dolar-como-si-nosotros-los-jubilados-pudieramos-tener-dolares\\\/#primaryimage\"},\"image\":{\"@id\":\"https:\\\/\\\/noticiasmercedinas.com\\\/site\\\/2025\\\/07\\\/02\\\/caputo-habla-del-dolar-como-si-nosotros-los-jubilados-pudieramos-tener-dolares\\\/#primaryimage\"},\"thumbnailUrl\":\"https:\\\/\\\/noticiasmercedinas.com\\\/site\\\/wp-content\\\/uploads\\\/2025\\\/07\\\/87f1ad04-da33-4bff-98e5-8e7b3001d266.jpg\",\"datePublished\":\"2025-07-02T14:43:00+00:00\",\"description\":\"\u25a0 Desde el grupo Jubilados Autoconvocados de Mercedes, Elisabet Merlini, describe c\u00f3mo se vive con tanto frio, no solo en el clima sino en la sociedad, siendo de la tercera edad.\",\"breadcrumb\":{\"@id\":\"https:\\\/\\\/noticiasmercedinas.com\\\/site\\\/2025\\\/07\\\/02\\\/caputo-habla-del-dolar-como-si-nosotros-los-jubilados-pudieramos-tener-dolares\\\/#breadcrumb\"},\"inLanguage\":\"es\",\"potentialAction\":[{\"@type\":\"ReadAction\",\"target\":[\"https:\\\/\\\/noticiasmercedinas.com\\\/site\\\/2025\\\/07\\\/02\\\/caputo-habla-del-dolar-como-si-nosotros-los-jubilados-pudieramos-tener-dolares\\\/\"]}]},{\"@type\":\"ImageObject\",\"inLanguage\":\"es\",\"@id\":\"https:\\\/\\\/noticiasmercedinas.com\\\/site\\\/2025\\\/07\\\/02\\\/caputo-habla-del-dolar-como-si-nosotros-los-jubilados-pudieramos-tener-dolares\\\/#primaryimage\",\"url\":\"https:\\\/\\\/noticiasmercedinas.com\\\/site\\\/wp-content\\\/uploads\\\/2025\\\/07\\\/87f1ad04-da33-4bff-98e5-8e7b3001d266.jpg\",\"contentUrl\":\"https:\\\/\\\/noticiasmercedinas.com\\\/site\\\/wp-content\\\/uploads\\\/2025\\\/07\\\/87f1ad04-da33-4bff-98e5-8e7b3001d266.jpg\",\"width\":1599,\"height\":1066},{\"@type\":\"BreadcrumbList\",\"@id\":\"https:\\\/\\\/noticiasmercedinas.com\\\/site\\\/2025\\\/07\\\/02\\\/caputo-habla-del-dolar-como-si-nosotros-los-jubilados-pudieramos-tener-dolares\\\/#breadcrumb\",\"itemListElement\":[{\"@type\":\"ListItem\",\"position\":1,\"name\":\"Portada\",\"item\":\"https:\\\/\\\/noticiasmercedinas.com\\\/site\\\/\"},{\"@type\":\"ListItem\",\"position\":2,\"name\":\"\u00abCaputo habla del d\u00f3lar como si nosotros, los jubilados, pudi\u00e9ramos tener d\u00f3lares\u00bb\"}]},{\"@type\":\"WebSite\",\"@id\":\"https:\\\/\\\/noticiasmercedinas.com\\\/site\\\/#website\",\"url\":\"https:\\\/\\\/noticiasmercedinas.com\\\/site\\\/\",\"name\":\"NOTICIASMERCEDINAS.COM\",\"description\":\"Mercedes, Buenos Aires, Argentina\",\"publisher\":{\"@id\":\"https:\\\/\\\/noticiasmercedinas.com\\\/site\\\/#organization\"},\"potentialAction\":[{\"@type\":\"SearchAction\",\"target\":{\"@type\":\"EntryPoint\",\"urlTemplate\":\"https:\\\/\\\/noticiasmercedinas.com\\\/site\\\/?s={search_term_string}\"},\"query-input\":{\"@type\":\"PropertyValueSpecification\",\"valueRequired\":true,\"valueName\":\"search_term_string\"}}],\"inLanguage\":\"es\"},{\"@type\":\"Organization\",\"@id\":\"https:\\\/\\\/noticiasmercedinas.com\\\/site\\\/#organization\",\"name\":\"NOTICIASMERCEDINAS.COM\",\"url\":\"https:\\\/\\\/noticiasmercedinas.com\\\/site\\\/\",\"logo\":{\"@type\":\"ImageObject\",\"inLanguage\":\"es\",\"@id\":\"https:\\\/\\\/noticiasmercedinas.com\\\/site\\\/#\\\/schema\\\/logo\\\/image\\\/\",\"url\":\"https:\\\/\\\/noticiasmercedinas.com\\\/site\\\/wp-content\\\/uploads\\\/2020\\\/06\\\/LOGO-512.jpg\",\"contentUrl\":\"https:\\\/\\\/noticiasmercedinas.com\\\/site\\\/wp-content\\\/uploads\\\/2020\\\/06\\\/LOGO-512.jpg\",\"width\":512,\"height\":512,\"caption\":\"NOTICIASMERCEDINAS.COM\"},\"image\":{\"@id\":\"https:\\\/\\\/noticiasmercedinas.com\\\/site\\\/#\\\/schema\\\/logo\\\/image\\\/\"},\"sameAs\":[\"https:\\\/\\\/www.facebook.com\\\/noticiasmercedinas\\\/\",\"https:\\\/\\\/x.com\\\/notmercedinas\",\"https:\\\/\\\/www.instagram.com\\\/noticiasmercedinas\\\/\"]},{\"@type\":\"Person\",\"@id\":\"https:\\\/\\\/noticiasmercedinas.com\\\/site\\\/#\\\/schema\\\/person\\\/d481a9696a5feaec13a60e2bbd991a6a\",\"name\":\"Cristian Falabella NOTICIASMERCEDINAS.COM\",\"image\":{\"@type\":\"ImageObject\",\"inLanguage\":\"es\",\"@id\":\"https:\\\/\\\/secure.gravatar.com\\\/avatar\\\/0dbbfc45970cc46bcd0e57766228574ff3511d6eed045b182f536f0f478c1f06?s=96&d=mm&r=g\",\"url\":\"https:\\\/\\\/secure.gravatar.com\\\/avatar\\\/0dbbfc45970cc46bcd0e57766228574ff3511d6eed045b182f536f0f478c1f06?s=96&d=mm&r=g\",\"contentUrl\":\"https:\\\/\\\/secure.gravatar.com\\\/avatar\\\/0dbbfc45970cc46bcd0e57766228574ff3511d6eed045b182f536f0f478c1f06?s=96&d=mm&r=g\",\"caption\":\"Cristian Falabella NOTICIASMERCEDINAS.COM\"},\"description\":\"Periodista, editor de Noticias Mercedinas. Pas\u00f3 por varias redacciones y emprendimientos de prensa, en distintos formatos y \u00e9pocas. Se especializ\u00f3 --y sigue haci\u00e9ndolo-- en comunicaci\u00f3n en la web y en junio de 2006 fund\u00f3 este diario digital.\",\"sameAs\":[\"https:\\\/\\\/noticiasmercedinas.com\",\"https:\\\/\\\/www.facebook.com\\\/cristian.falabella\",\"https:\\\/\\\/www.instagram.com\\\/noticiasmercedinas\\\/\",\"https:\\\/\\\/x.com\\\/https:\\\/\\\/twitter.com\\\/NOTMERCEDINAS\"],\"url\":\"https:\\\/\\\/noticiasmercedinas.com\\\/site\\\/author\\\/as000384\\\/\"}]}<\/script>\n<!-- \/ Yoast SEO plugin. -->","yoast_head_json":{"title":"\"Caputo habla del d\u00f3lar como si nosotros, los jubilados, pudi\u00e9ramos tener d\u00f3lares\"","description":"\u25a0 Desde el grupo Jubilados Autoconvocados de Mercedes, Elisabet Merlini, describe c\u00f3mo se vive con tanto frio, no solo en el clima sino en la sociedad, siendo de la tercera edad.","robots":{"index":"index","follow":"follow","max-snippet":"max-snippet:-1","max-image-preview":"max-image-preview:large","max-video-preview":"max-video-preview:-1"},"canonical":"https:\/\/noticiasmercedinas.com\/site\/2025\/07\/02\/caputo-habla-del-dolar-como-si-nosotros-los-jubilados-pudieramos-tener-dolares\/","og_locale":"es_ES","og_type":"article","og_title":"\"Caputo habla del d\u00f3lar como si nosotros, los jubilados, pudi\u00e9ramos tener d\u00f3lares\"","og_description":"\u25a0 Desde el grupo Jubilados Autoconvocados de Mercedes, Elisabet Merlini, describe c\u00f3mo se vive con tanto frio, no solo en el clima sino en la sociedad, siendo de la tercera edad.","og_url":"https:\/\/noticiasmercedinas.com\/site\/2025\/07\/02\/caputo-habla-del-dolar-como-si-nosotros-los-jubilados-pudieramos-tener-dolares\/","og_site_name":"NOTICIASMERCEDINAS.COM","article_publisher":"https:\/\/www.facebook.com\/noticiasmercedinas\/","article_author":"https:\/\/www.facebook.com\/cristian.falabella","article_published_time":"2025-07-02T14:43:00+00:00","og_image":[{"width":1599,"height":1066,"url":"https:\/\/noticiasmercedinas.com\/site\/wp-content\/uploads\/2025\/07\/87f1ad04-da33-4bff-98e5-8e7b3001d266.jpg","type":"image\/jpeg"}],"author":"Cristian Falabella NOTICIASMERCEDINAS.COM","twitter_card":"summary_large_image","twitter_creator":"@https:\/\/twitter.com\/NOTMERCEDINAS","twitter_site":"@notmercedinas","twitter_misc":{"Escrito por":"Cristian Falabella NOTICIASMERCEDINAS.COM","Tiempo de lectura":"3 minutos"},"schema":{"@context":"https:\/\/schema.org","@graph":[{"@type":"Article","@id":"https:\/\/noticiasmercedinas.com\/site\/2025\/07\/02\/caputo-habla-del-dolar-como-si-nosotros-los-jubilados-pudieramos-tener-dolares\/#article","isPartOf":{"@id":"https:\/\/noticiasmercedinas.com\/site\/2025\/07\/02\/caputo-habla-del-dolar-como-si-nosotros-los-jubilados-pudieramos-tener-dolares\/"},"author":{"name":"Cristian Falabella NOTICIASMERCEDINAS.COM","@id":"https:\/\/noticiasmercedinas.com\/site\/#\/schema\/person\/d481a9696a5feaec13a60e2bbd991a6a"},"headline":"\u00abCaputo habla del d\u00f3lar como si nosotros, los jubilados, pudi\u00e9ramos tener d\u00f3lares\u00bb","datePublished":"2025-07-02T14:43:00+00:00","mainEntityOfPage":{"@id":"https:\/\/noticiasmercedinas.com\/site\/2025\/07\/02\/caputo-habla-del-dolar-como-si-nosotros-los-jubilados-pudieramos-tener-dolares\/"},"wordCount":517,"publisher":{"@id":"https:\/\/noticiasmercedinas.com\/site\/#organization"},"image":{"@id":"https:\/\/noticiasmercedinas.com\/site\/2025\/07\/02\/caputo-habla-del-dolar-como-si-nosotros-los-jubilados-pudieramos-tener-dolares\/#primaryimage"},"thumbnailUrl":"https:\/\/noticiasmercedinas.com\/site\/wp-content\/uploads\/2025\/07\/87f1ad04-da33-4bff-98e5-8e7b3001d266.jpg","keywords":["elisabet merlini","jubilados","jubilados autoconvocados"],"articleSection":["Sociedad"],"inLanguage":"es"},{"@type":"WebPage","@id":"https:\/\/noticiasmercedinas.com\/site\/2025\/07\/02\/caputo-habla-del-dolar-como-si-nosotros-los-jubilados-pudieramos-tener-dolares\/","url":"https:\/\/noticiasmercedinas.com\/site\/2025\/07\/02\/caputo-habla-del-dolar-como-si-nosotros-los-jubilados-pudieramos-tener-dolares\/","name":"\"Caputo habla del d\u00f3lar como si nosotros, los jubilados, pudi\u00e9ramos tener d\u00f3lares\"","isPartOf":{"@id":"https:\/\/noticiasmercedinas.com\/site\/#website"},"primaryImageOfPage":{"@id":"https:\/\/noticiasmercedinas.com\/site\/2025\/07\/02\/caputo-habla-del-dolar-como-si-nosotros-los-jubilados-pudieramos-tener-dolares\/#primaryimage"},"image":{"@id":"https:\/\/noticiasmercedinas.com\/site\/2025\/07\/02\/caputo-habla-del-dolar-como-si-nosotros-los-jubilados-pudieramos-tener-dolares\/#primaryimage"},"thumbnailUrl":"https:\/\/noticiasmercedinas.com\/site\/wp-content\/uploads\/2025\/07\/87f1ad04-da33-4bff-98e5-8e7b3001d266.jpg","datePublished":"2025-07-02T14:43:00+00:00","description":"\u25a0 Desde el grupo Jubilados Autoconvocados de Mercedes, Elisabet Merlini, describe c\u00f3mo se vive con tanto frio, no solo en el clima sino en la sociedad, siendo de la tercera edad.","breadcrumb":{"@id":"https:\/\/noticiasmercedinas.com\/site\/2025\/07\/02\/caputo-habla-del-dolar-como-si-nosotros-los-jubilados-pudieramos-tener-dolares\/#breadcrumb"},"inLanguage":"es","potentialAction":[{"@type":"ReadAction","target":["https:\/\/noticiasmercedinas.com\/site\/2025\/07\/02\/caputo-habla-del-dolar-como-si-nosotros-los-jubilados-pudieramos-tener-dolares\/"]}]},{"@type":"ImageObject","inLanguage":"es","@id":"https:\/\/noticiasmercedinas.com\/site\/2025\/07\/02\/caputo-habla-del-dolar-como-si-nosotros-los-jubilados-pudieramos-tener-dolares\/#primaryimage","url":"https:\/\/noticiasmercedinas.com\/site\/wp-content\/uploads\/2025\/07\/87f1ad04-da33-4bff-98e5-8e7b3001d266.jpg","contentUrl":"https:\/\/noticiasmercedinas.com\/site\/wp-content\/uploads\/2025\/07\/87f1ad04-da33-4bff-98e5-8e7b3001d266.jpg","width":1599,"height":1066},{"@type":"BreadcrumbList","@id":"https:\/\/noticiasmercedinas.com\/site\/2025\/07\/02\/caputo-habla-del-dolar-como-si-nosotros-los-jubilados-pudieramos-tener-dolares\/#breadcrumb","itemListElement":[{"@type":"ListItem","position":1,"name":"Portada","item":"https:\/\/noticiasmercedinas.com\/site\/"},{"@type":"ListItem","position":2,"name":"\u00abCaputo habla del d\u00f3lar como si nosotros, los jubilados, pudi\u00e9ramos tener d\u00f3lares\u00bb"}]},{"@type":"WebSite","@id":"https:\/\/noticiasmercedinas.com\/site\/#website","url":"https:\/\/noticiasmercedinas.com\/site\/","name":"NOTICIASMERCEDINAS.COM","description":"Mercedes, Buenos Aires, Argentina","publisher":{"@id":"https:\/\/noticiasmercedinas.com\/site\/#organization"},"potentialAction":[{"@type":"SearchAction","target":{"@type":"EntryPoint","urlTemplate":"https:\/\/noticiasmercedinas.com\/site\/?s={search_term_string}"},"query-input":{"@type":"PropertyValueSpecification","valueRequired":true,"valueName":"search_term_string"}}],"inLanguage":"es"},{"@type":"Organization","@id":"https:\/\/noticiasmercedinas.com\/site\/#organization","name":"NOTICIASMERCEDINAS.COM","url":"https:\/\/noticiasmercedinas.com\/site\/","logo":{"@type":"ImageObject","inLanguage":"es","@id":"https:\/\/noticiasmercedinas.com\/site\/#\/schema\/logo\/image\/","url":"https:\/\/noticiasmercedinas.com\/site\/wp-content\/uploads\/2020\/06\/LOGO-512.jpg","contentUrl":"https:\/\/noticiasmercedinas.com\/site\/wp-content\/uploads\/2020\/06\/LOGO-512.jpg","width":512,"height":512,"caption":"NOTICIASMERCEDINAS.COM"},"image":{"@id":"https:\/\/noticiasmercedinas.com\/site\/#\/schema\/logo\/image\/"},"sameAs":["https:\/\/www.facebook.com\/noticiasmercedinas\/","https:\/\/x.com\/notmercedinas","https:\/\/www.instagram.com\/noticiasmercedinas\/"]},{"@type":"Person","@id":"https:\/\/noticiasmercedinas.com\/site\/#\/schema\/person\/d481a9696a5feaec13a60e2bbd991a6a","name":"Cristian Falabella NOTICIASMERCEDINAS.COM","image":{"@type":"ImageObject","inLanguage":"es","@id":"https:\/\/secure.gravatar.com\/avatar\/0dbbfc45970cc46bcd0e57766228574ff3511d6eed045b182f536f0f478c1f06?s=96&d=mm&r=g","url":"https:\/\/secure.gravatar.com\/avatar\/0dbbfc45970cc46bcd0e57766228574ff3511d6eed045b182f536f0f478c1f06?s=96&d=mm&r=g","contentUrl":"https:\/\/secure.gravatar.com\/avatar\/0dbbfc45970cc46bcd0e57766228574ff3511d6eed045b182f536f0f478c1f06?s=96&d=mm&r=g","caption":"Cristian Falabella NOTICIASMERCEDINAS.COM"},"description":"Periodista, editor de Noticias Mercedinas. Pas\u00f3 por varias redacciones y emprendimientos de prensa, en distintos formatos y \u00e9pocas. Se especializ\u00f3 --y sigue haci\u00e9ndolo-- en comunicaci\u00f3n en la web y en junio de 2006 fund\u00f3 este diario digital.","sameAs":["https:\/\/noticiasmercedinas.com","https:\/\/www.facebook.com\/cristian.falabella","https:\/\/www.instagram.com\/noticiasmercedinas\/","https:\/\/x.com\/https:\/\/twitter.com\/NOTMERCEDINAS"],"url":"https:\/\/noticiasmercedinas.com\/site\/author\/as000384\/"}]}},"amp_enabled":true,"_links":{"self":[{"href":"https:\/\/noticiasmercedinas.com\/site\/wp-json\/wp\/v2\/posts\/163027","targetHints":{"allow":["GET"]}}],"collection":[{"href":"https:\/\/noticiasmercedinas.com\/site\/wp-json\/wp\/v2\/posts"}],"about":[{"href":"https:\/\/noticiasmercedinas.com\/site\/wp-json\/wp\/v2\/types\/post"}],"author":[{"embeddable":true,"href":"https:\/\/noticiasmercedinas.com\/site\/wp-json\/wp\/v2\/users\/2"}],"replies":[{"embeddable":true,"href":"https:\/\/noticiasmercedinas.com\/site\/wp-json\/wp\/v2\/comments?post=163027"}],"version-history":[{"count":1,"href":"https:\/\/noticiasmercedinas.com\/site\/wp-json\/wp\/v2\/posts\/163027\/revisions"}],"predecessor-version":[{"id":163030,"href":"https:\/\/noticiasmercedinas.com\/site\/wp-json\/wp\/v2\/posts\/163027\/revisions\/163030"}],"wp:featuredmedia":[{"embeddable":true,"href":"https:\/\/noticiasmercedinas.com\/site\/wp-json\/wp\/v2\/media\/163028"}],"wp:attachment":[{"href":"https:\/\/noticiasmercedinas.com\/site\/wp-json\/wp\/v2\/media?parent=163027"}],"wp:term":[{"taxonomy":"category","embeddable":true,"href":"https:\/\/noticiasmercedinas.com\/site\/wp-json\/wp\/v2\/categories?post=163027"},{"taxonomy":"post_tag","embeddable":true,"href":"https:\/\/noticiasmercedinas.com\/site\/wp-json\/wp\/v2\/tags?post=163027"}],"curies":[{"name":"wp","href":"https:\/\/api.w.org\/{rel}","templated":true}]}}