{"id":163084,"date":"2025-07-03T13:37:42","date_gmt":"2025-07-03T16:37:42","guid":{"rendered":"https:\/\/noticiasmercedinas.com\/site\/?p=163084"},"modified":"2025-07-03T13:37:42","modified_gmt":"2025-07-03T16:37:42","slug":"preocupacion-por-impacto-en-mercedinos-laporta-cuestiono-recortes-en-salud-del-gobierno-de-milei","status":"publish","type":"post","link":"https:\/\/noticiasmercedinas.com\/site\/2025\/07\/03\/preocupacion-por-impacto-en-mercedinos-laporta-cuestiono-recortes-en-salud-del-gobierno-de-milei\/","title":{"rendered":"Preocupaci\u00f3n por impacto en mercedinos: Laporta cuestion\u00f3 recortes en salud del gobierno de Milei"},"content":{"rendered":"<p data-start=\"0\" data-end=\"126\"><img loading=\"lazy\" decoding=\"async\" class=\"alignnone wp-image-22\" src=\"https:\/\/noticiasmercedinas.com\/site\/wp-content\/uploads\/2018\/08\/aidalaportaDSC08852.jpg\" alt=\"\" width=\"640\" height=\"401\" srcset=\"https:\/\/noticiasmercedinas.com\/site\/wp-content\/uploads\/2018\/08\/aidalaportaDSC08852.jpg 512w, https:\/\/noticiasmercedinas.com\/site\/wp-content\/uploads\/2018\/08\/aidalaportaDSC08852-300x188.jpg 300w\" sizes=\"auto, (max-width: 640px) 100vw, 640px\" \/><\/p>\n<p data-start=\"128\" data-end=\"448\">La concejala<strong> A\u00edda Laporta<\/strong>, del bloque de la UCR de Mercedes, se manifest\u00f3 con dureza ante las pol\u00edticas del gobierno nacional encabezado por Javier Milei, particularmente en lo referido a los recortes en el \u00e1rea de salud, y advirti\u00f3 sobre las consecuencias que estas decisiones podr\u00edan tener en los vecinos de la ciudad.<\/p>\n<p data-start=\"450\" data-end=\"784\">\u201cPasar la motosierra en el tema de salud no es es grave, es grav\u00edsimo\u201d, expres\u00f3 Laporta, quien se\u00f1al\u00f3 con preocupaci\u00f3n la eliminaci\u00f3n del subsidio hist\u00f3rico a la Fundaci\u00f3n de Hemofilia. \u201cEliminar entre un 50 y un 70% del subsidio a la fundaci\u00f3n y darle un plazo de tres meses para cerrar es tan grave como lo del Garrahan\u201d, remarc\u00f3 la edil.<\/p>\n<blockquote>\n<p data-start=\"450\" data-end=\"784\">\u201cEs lamentable que tengamos un gobierno tan insensible que no le importe para nada la salud\u201d<\/p>\n<\/blockquote>\n<p data-start=\"786\" data-end=\"1079\">Seg\u00fan explic\u00f3, la Fundaci\u00f3n de Hemofilia atiende a 4800 pacientes de todo el pa\u00eds, incluyendo servicios especializados como odontolog\u00eda, lo que no es com\u00fan en otros espacios por el riesgo de hemorragias en estos pacientes. \u201cNo todos los odont\u00f3logos atienden a personas con hemofilia\u201d, detall\u00f3.<\/p>\n<p data-start=\"1081\" data-end=\"1394\">Laporta critic\u00f3 con firmeza la postura del Ejecutivo nacional: \u201cEs lamentable que tengamos un gobierno tan insensible que no le importe para nada la salud\u201d. Y sostuvo que gran parte de estas medidas avanzan sin debate porque \u201cla sociedad est\u00e1 mirando otra cosa, est\u00e1 en otro canal, no en el canal de la realidad\u201d.<\/p>\n<p data-start=\"1396\" data-end=\"1704\">La concejala tambi\u00e9n vincul\u00f3 la problem\u00e1tica con otras medidas que afectan directamente a la poblaci\u00f3n local, como el vaciamiento del programa Remediar, que prove\u00eda medicaci\u00f3n a los CAPS y al CIC, la demora en el suministro de medicamentos oncol\u00f3gicos y las dificultades que atraviesan los afiliados al PAMI.<\/p>\n<blockquote>\n<p data-start=\"1396\" data-end=\"1704\">Vincul\u00f3 la problem\u00e1tica con otras medidas que afectan directamente a la poblaci\u00f3n local, como el vaciamiento del programa Remediar, que prove\u00eda medicaci\u00f3n a los CAPS y al CIC, la demora en el suministro de medicamentos oncol\u00f3gicos y las dificultades que atraviesan los afiliados al PAMI.<\/p>\n<\/blockquote>\n<p data-start=\"1706\" data-end=\"1899\">\u201cNosotros como representantes de los vecinos no podemos hacer o\u00eddos sordos ni la vista gorda en estos temas. Tambi\u00e9n los vecinos de nuestra ciudad pueden necesitar de esta fundaci\u00f3n\u201d, enfatiz\u00f3.<\/p>\n<p data-start=\"1901\" data-end=\"2160\">Consultada sobre posibles acciones legislativas, Laporta confirm\u00f3 que desde el bloque trabajan en la presentaci\u00f3n de una resoluci\u00f3n para exigir que se reviertan estas medidas. \u201cEs un grav\u00edsimo problema que ocasion\u00f3 una vez m\u00e1s el gobierno nacional\u201d, concluy\u00f3.<\/p>\n","protected":false},"excerpt":{"rendered":"<p>\u25a0 \u201cEliminar entre un 50 y un 70% del subsidio a la fundaci\u00f3n de Hemofilia y darle un plazo de tres meses para cerrar es tan grave como lo del Garrahan\u201d, remarc\u00f3 la edil de la UCR local<\/p>\n","protected":false},"author":16,"featured_media":22,"comment_status":"closed","ping_status":"closed","sticky":false,"template":"","format":"standard","meta":{"footnotes":""},"categories":[16],"tags":[549,20396,14331,71],"class_list":["post-163084","post","type-post","status-publish","format-standard","has-post-thumbnail","hentry","category-politica","tag-aida-laporta","tag-hemofilia","tag-javier-milei","tag-salud"],"yoast_head":"<!-- This site is optimized with the Yoast SEO plugin v27.5 - https:\/\/yoast.com\/product\/yoast-seo-wordpress\/ -->\n<title>Preocupaci\u00f3n por impacto en mercedinos: Laporta cuestion\u00f3 recortes en salud del gobierno de Milei<\/title>\n<meta name=\"description\" content=\"\u201cEliminar entre un 50 y un 70% del subsidio a la fundaci\u00f3n de Hemofilia y darle un plazo de tres meses para cerrar es tan grave como lo del Garrahan\u201d, remarc\u00f3 la edil de la UCR local\" \/>\n<meta name=\"robots\" content=\"index, follow, max-snippet:-1, max-image-preview:large, max-video-preview:-1\" \/>\n<link rel=\"canonical\" href=\"https:\/\/noticiasmercedinas.com\/site\/2025\/07\/03\/preocupacion-por-impacto-en-mercedinos-laporta-cuestiono-recortes-en-salud-del-gobierno-de-milei\/\" \/>\n<meta property=\"og:locale\" content=\"es_ES\" \/>\n<meta property=\"og:type\" content=\"article\" \/>\n<meta property=\"og:title\" content=\"Preocupaci\u00f3n por impacto en mercedinos: Laporta cuestion\u00f3 recortes en salud del gobierno de Milei\" \/>\n<meta property=\"og:description\" content=\"\u201cEliminar entre un 50 y un 70% del subsidio a la fundaci\u00f3n de Hemofilia y darle un plazo de tres meses para cerrar es tan grave como lo del Garrahan\u201d, remarc\u00f3 la edil de la UCR local\" \/>\n<meta property=\"og:url\" content=\"https:\/\/noticiasmercedinas.com\/site\/2025\/07\/03\/preocupacion-por-impacto-en-mercedinos-laporta-cuestiono-recortes-en-salud-del-gobierno-de-milei\/\" \/>\n<meta property=\"og:site_name\" content=\"NOTICIASMERCEDINAS.COM\" \/>\n<meta property=\"article:publisher\" content=\"https:\/\/www.facebook.com\/noticiasmercedinas\/\" \/>\n<meta property=\"article:published_time\" content=\"2025-07-03T16:37:42+00:00\" \/>\n<meta property=\"og:image\" content=\"https:\/\/noticiasmercedinas.com\/site\/wp-content\/uploads\/2018\/08\/aidalaportaDSC08852.jpg\" \/>\n\t<meta property=\"og:image:width\" content=\"512\" \/>\n\t<meta property=\"og:image:height\" content=\"321\" \/>\n\t<meta property=\"og:image:type\" content=\"image\/jpeg\" \/>\n<meta name=\"author\" content=\"NOTICIASMERCEDINAS.COM\" \/>\n<meta name=\"twitter:card\" content=\"summary_large_image\" \/>\n<meta name=\"twitter:creator\" content=\"@notmercedinas\" \/>\n<meta name=\"twitter:site\" content=\"@notmercedinas\" \/>\n<meta name=\"twitter:label1\" content=\"Escrito por\" \/>\n\t<meta name=\"twitter:data1\" content=\"NOTICIASMERCEDINAS.COM\" \/>\n\t<meta name=\"twitter:label2\" content=\"Tiempo de lectura\" \/>\n\t<meta name=\"twitter:data2\" content=\"2 minutos\" \/>\n<script type=\"application\/ld+json\" class=\"yoast-schema-graph\">{\"@context\":\"https:\\\/\\\/schema.org\",\"@graph\":[{\"@type\":\"Article\",\"@id\":\"https:\\\/\\\/noticiasmercedinas.com\\\/site\\\/2025\\\/07\\\/03\\\/preocupacion-por-impacto-en-mercedinos-laporta-cuestiono-recortes-en-salud-del-gobierno-de-milei\\\/#article\",\"isPartOf\":{\"@id\":\"https:\\\/\\\/noticiasmercedinas.com\\\/site\\\/2025\\\/07\\\/03\\\/preocupacion-por-impacto-en-mercedinos-laporta-cuestiono-recortes-en-salud-del-gobierno-de-milei\\\/\"},\"author\":{\"name\":\"NOTICIASMERCEDINAS.COM\",\"@id\":\"https:\\\/\\\/noticiasmercedinas.com\\\/site\\\/#\\\/schema\\\/person\\\/84b59c099c28ff2e8b77d4ceec5d8063\"},\"headline\":\"Preocupaci\u00f3n por impacto en mercedinos: Laporta cuestion\u00f3 recortes en salud del gobierno de Milei\",\"datePublished\":\"2025-07-03T16:37:42+00:00\",\"mainEntityOfPage\":{\"@id\":\"https:\\\/\\\/noticiasmercedinas.com\\\/site\\\/2025\\\/07\\\/03\\\/preocupacion-por-impacto-en-mercedinos-laporta-cuestiono-recortes-en-salud-del-gobierno-de-milei\\\/\"},\"wordCount\":436,\"publisher\":{\"@id\":\"https:\\\/\\\/noticiasmercedinas.com\\\/site\\\/#organization\"},\"image\":{\"@id\":\"https:\\\/\\\/noticiasmercedinas.com\\\/site\\\/2025\\\/07\\\/03\\\/preocupacion-por-impacto-en-mercedinos-laporta-cuestiono-recortes-en-salud-del-gobierno-de-milei\\\/#primaryimage\"},\"thumbnailUrl\":\"https:\\\/\\\/noticiasmercedinas.com\\\/site\\\/wp-content\\\/uploads\\\/2018\\\/08\\\/aidalaportaDSC08852.jpg\",\"keywords\":[\"aida laporta\",\"hemofilia\",\"Javier Milei\",\"salud\"],\"articleSection\":[\"Politica\"],\"inLanguage\":\"es\"},{\"@type\":\"WebPage\",\"@id\":\"https:\\\/\\\/noticiasmercedinas.com\\\/site\\\/2025\\\/07\\\/03\\\/preocupacion-por-impacto-en-mercedinos-laporta-cuestiono-recortes-en-salud-del-gobierno-de-milei\\\/\",\"url\":\"https:\\\/\\\/noticiasmercedinas.com\\\/site\\\/2025\\\/07\\\/03\\\/preocupacion-por-impacto-en-mercedinos-laporta-cuestiono-recortes-en-salud-del-gobierno-de-milei\\\/\",\"name\":\"Preocupaci\u00f3n por impacto en mercedinos: Laporta cuestion\u00f3 recortes en salud del gobierno de Milei\",\"isPartOf\":{\"@id\":\"https:\\\/\\\/noticiasmercedinas.com\\\/site\\\/#website\"},\"primaryImageOfPage\":{\"@id\":\"https:\\\/\\\/noticiasmercedinas.com\\\/site\\\/2025\\\/07\\\/03\\\/preocupacion-por-impacto-en-mercedinos-laporta-cuestiono-recortes-en-salud-del-gobierno-de-milei\\\/#primaryimage\"},\"image\":{\"@id\":\"https:\\\/\\\/noticiasmercedinas.com\\\/site\\\/2025\\\/07\\\/03\\\/preocupacion-por-impacto-en-mercedinos-laporta-cuestiono-recortes-en-salud-del-gobierno-de-milei\\\/#primaryimage\"},\"thumbnailUrl\":\"https:\\\/\\\/noticiasmercedinas.com\\\/site\\\/wp-content\\\/uploads\\\/2018\\\/08\\\/aidalaportaDSC08852.jpg\",\"datePublished\":\"2025-07-03T16:37:42+00:00\",\"description\":\"\u201cEliminar entre un 50 y un 70% del subsidio a la fundaci\u00f3n de Hemofilia y darle un plazo de tres meses para cerrar es tan grave como lo del Garrahan\u201d, remarc\u00f3 la edil de la UCR local\",\"breadcrumb\":{\"@id\":\"https:\\\/\\\/noticiasmercedinas.com\\\/site\\\/2025\\\/07\\\/03\\\/preocupacion-por-impacto-en-mercedinos-laporta-cuestiono-recortes-en-salud-del-gobierno-de-milei\\\/#breadcrumb\"},\"inLanguage\":\"es\",\"potentialAction\":[{\"@type\":\"ReadAction\",\"target\":[\"https:\\\/\\\/noticiasmercedinas.com\\\/site\\\/2025\\\/07\\\/03\\\/preocupacion-por-impacto-en-mercedinos-laporta-cuestiono-recortes-en-salud-del-gobierno-de-milei\\\/\"]}]},{\"@type\":\"ImageObject\",\"inLanguage\":\"es\",\"@id\":\"https:\\\/\\\/noticiasmercedinas.com\\\/site\\\/2025\\\/07\\\/03\\\/preocupacion-por-impacto-en-mercedinos-laporta-cuestiono-recortes-en-salud-del-gobierno-de-milei\\\/#primaryimage\",\"url\":\"https:\\\/\\\/noticiasmercedinas.com\\\/site\\\/wp-content\\\/uploads\\\/2018\\\/08\\\/aidalaportaDSC08852.jpg\",\"contentUrl\":\"https:\\\/\\\/noticiasmercedinas.com\\\/site\\\/wp-content\\\/uploads\\\/2018\\\/08\\\/aidalaportaDSC08852.jpg\",\"width\":512,\"height\":321},{\"@type\":\"BreadcrumbList\",\"@id\":\"https:\\\/\\\/noticiasmercedinas.com\\\/site\\\/2025\\\/07\\\/03\\\/preocupacion-por-impacto-en-mercedinos-laporta-cuestiono-recortes-en-salud-del-gobierno-de-milei\\\/#breadcrumb\",\"itemListElement\":[{\"@type\":\"ListItem\",\"position\":1,\"name\":\"Portada\",\"item\":\"https:\\\/\\\/noticiasmercedinas.com\\\/site\\\/\"},{\"@type\":\"ListItem\",\"position\":2,\"name\":\"Preocupaci\u00f3n por impacto en mercedinos: Laporta cuestion\u00f3 recortes en salud del gobierno de Milei\"}]},{\"@type\":\"WebSite\",\"@id\":\"https:\\\/\\\/noticiasmercedinas.com\\\/site\\\/#website\",\"url\":\"https:\\\/\\\/noticiasmercedinas.com\\\/site\\\/\",\"name\":\"NOTICIASMERCEDINAS.COM\",\"description\":\"Mercedes, Buenos Aires, Argentina\",\"publisher\":{\"@id\":\"https:\\\/\\\/noticiasmercedinas.com\\\/site\\\/#organization\"},\"potentialAction\":[{\"@type\":\"SearchAction\",\"target\":{\"@type\":\"EntryPoint\",\"urlTemplate\":\"https:\\\/\\\/noticiasmercedinas.com\\\/site\\\/?s={search_term_string}\"},\"query-input\":{\"@type\":\"PropertyValueSpecification\",\"valueRequired\":true,\"valueName\":\"search_term_string\"}}],\"inLanguage\":\"es\"},{\"@type\":\"Organization\",\"@id\":\"https:\\\/\\\/noticiasmercedinas.com\\\/site\\\/#organization\",\"name\":\"NOTICIASMERCEDINAS.COM\",\"url\":\"https:\\\/\\\/noticiasmercedinas.com\\\/site\\\/\",\"logo\":{\"@type\":\"ImageObject\",\"inLanguage\":\"es\",\"@id\":\"https:\\\/\\\/noticiasmercedinas.com\\\/site\\\/#\\\/schema\\\/logo\\\/image\\\/\",\"url\":\"https:\\\/\\\/noticiasmercedinas.com\\\/site\\\/wp-content\\\/uploads\\\/2020\\\/06\\\/LOGO-512.jpg\",\"contentUrl\":\"https:\\\/\\\/noticiasmercedinas.com\\\/site\\\/wp-content\\\/uploads\\\/2020\\\/06\\\/LOGO-512.jpg\",\"width\":512,\"height\":512,\"caption\":\"NOTICIASMERCEDINAS.COM\"},\"image\":{\"@id\":\"https:\\\/\\\/noticiasmercedinas.com\\\/site\\\/#\\\/schema\\\/logo\\\/image\\\/\"},\"sameAs\":[\"https:\\\/\\\/www.facebook.com\\\/noticiasmercedinas\\\/\",\"https:\\\/\\\/x.com\\\/notmercedinas\",\"https:\\\/\\\/www.instagram.com\\\/noticiasmercedinas\\\/\"]},{\"@type\":\"Person\",\"@id\":\"https:\\\/\\\/noticiasmercedinas.com\\\/site\\\/#\\\/schema\\\/person\\\/84b59c099c28ff2e8b77d4ceec5d8063\",\"name\":\"NOTICIASMERCEDINAS.COM\",\"image\":{\"@type\":\"ImageObject\",\"inLanguage\":\"es\",\"@id\":\"https:\\\/\\\/secure.gravatar.com\\\/avatar\\\/4dfbf16b4d17945bfb6341b2d19043457132fcf478a5ee04f42e959fd8f5df0a?s=96&d=mm&r=g\",\"url\":\"https:\\\/\\\/secure.gravatar.com\\\/avatar\\\/4dfbf16b4d17945bfb6341b2d19043457132fcf478a5ee04f42e959fd8f5df0a?s=96&d=mm&r=g\",\"contentUrl\":\"https:\\\/\\\/secure.gravatar.com\\\/avatar\\\/4dfbf16b4d17945bfb6341b2d19043457132fcf478a5ee04f42e959fd8f5df0a?s=96&d=mm&r=g\",\"caption\":\"NOTICIASMERCEDINAS.COM\"},\"url\":\"https:\\\/\\\/noticiasmercedinas.com\\\/site\\\/author\\\/anonimo\\\/\"}]}<\/script>\n<!-- \/ Yoast SEO plugin. -->","yoast_head_json":{"title":"Preocupaci\u00f3n por impacto en mercedinos: Laporta cuestion\u00f3 recortes en salud del gobierno de Milei","description":"\u201cEliminar entre un 50 y un 70% del subsidio a la fundaci\u00f3n de Hemofilia y darle un plazo de tres meses para cerrar es tan grave como lo del Garrahan\u201d, remarc\u00f3 la edil de la UCR local","robots":{"index":"index","follow":"follow","max-snippet":"max-snippet:-1","max-image-preview":"max-image-preview:large","max-video-preview":"max-video-preview:-1"},"canonical":"https:\/\/noticiasmercedinas.com\/site\/2025\/07\/03\/preocupacion-por-impacto-en-mercedinos-laporta-cuestiono-recortes-en-salud-del-gobierno-de-milei\/","og_locale":"es_ES","og_type":"article","og_title":"Preocupaci\u00f3n por impacto en mercedinos: Laporta cuestion\u00f3 recortes en salud del gobierno de Milei","og_description":"\u201cEliminar entre un 50 y un 70% del subsidio a la fundaci\u00f3n de Hemofilia y darle un plazo de tres meses para cerrar es tan grave como lo del Garrahan\u201d, remarc\u00f3 la edil de la UCR local","og_url":"https:\/\/noticiasmercedinas.com\/site\/2025\/07\/03\/preocupacion-por-impacto-en-mercedinos-laporta-cuestiono-recortes-en-salud-del-gobierno-de-milei\/","og_site_name":"NOTICIASMERCEDINAS.COM","article_publisher":"https:\/\/www.facebook.com\/noticiasmercedinas\/","article_published_time":"2025-07-03T16:37:42+00:00","og_image":[{"width":512,"height":321,"url":"https:\/\/noticiasmercedinas.com\/site\/wp-content\/uploads\/2018\/08\/aidalaportaDSC08852.jpg","type":"image\/jpeg"}],"author":"NOTICIASMERCEDINAS.COM","twitter_card":"summary_large_image","twitter_creator":"@notmercedinas","twitter_site":"@notmercedinas","twitter_misc":{"Escrito por":"NOTICIASMERCEDINAS.COM","Tiempo de lectura":"2 minutos"},"schema":{"@context":"https:\/\/schema.org","@graph":[{"@type":"Article","@id":"https:\/\/noticiasmercedinas.com\/site\/2025\/07\/03\/preocupacion-por-impacto-en-mercedinos-laporta-cuestiono-recortes-en-salud-del-gobierno-de-milei\/#article","isPartOf":{"@id":"https:\/\/noticiasmercedinas.com\/site\/2025\/07\/03\/preocupacion-por-impacto-en-mercedinos-laporta-cuestiono-recortes-en-salud-del-gobierno-de-milei\/"},"author":{"name":"NOTICIASMERCEDINAS.COM","@id":"https:\/\/noticiasmercedinas.com\/site\/#\/schema\/person\/84b59c099c28ff2e8b77d4ceec5d8063"},"headline":"Preocupaci\u00f3n por impacto en mercedinos: Laporta cuestion\u00f3 recortes en salud del gobierno de Milei","datePublished":"2025-07-03T16:37:42+00:00","mainEntityOfPage":{"@id":"https:\/\/noticiasmercedinas.com\/site\/2025\/07\/03\/preocupacion-por-impacto-en-mercedinos-laporta-cuestiono-recortes-en-salud-del-gobierno-de-milei\/"},"wordCount":436,"publisher":{"@id":"https:\/\/noticiasmercedinas.com\/site\/#organization"},"image":{"@id":"https:\/\/noticiasmercedinas.com\/site\/2025\/07\/03\/preocupacion-por-impacto-en-mercedinos-laporta-cuestiono-recortes-en-salud-del-gobierno-de-milei\/#primaryimage"},"thumbnailUrl":"https:\/\/noticiasmercedinas.com\/site\/wp-content\/uploads\/2018\/08\/aidalaportaDSC08852.jpg","keywords":["aida laporta","hemofilia","Javier Milei","salud"],"articleSection":["Politica"],"inLanguage":"es"},{"@type":"WebPage","@id":"https:\/\/noticiasmercedinas.com\/site\/2025\/07\/03\/preocupacion-por-impacto-en-mercedinos-laporta-cuestiono-recortes-en-salud-del-gobierno-de-milei\/","url":"https:\/\/noticiasmercedinas.com\/site\/2025\/07\/03\/preocupacion-por-impacto-en-mercedinos-laporta-cuestiono-recortes-en-salud-del-gobierno-de-milei\/","name":"Preocupaci\u00f3n por impacto en mercedinos: Laporta cuestion\u00f3 recortes en salud del gobierno de Milei","isPartOf":{"@id":"https:\/\/noticiasmercedinas.com\/site\/#website"},"primaryImageOfPage":{"@id":"https:\/\/noticiasmercedinas.com\/site\/2025\/07\/03\/preocupacion-por-impacto-en-mercedinos-laporta-cuestiono-recortes-en-salud-del-gobierno-de-milei\/#primaryimage"},"image":{"@id":"https:\/\/noticiasmercedinas.com\/site\/2025\/07\/03\/preocupacion-por-impacto-en-mercedinos-laporta-cuestiono-recortes-en-salud-del-gobierno-de-milei\/#primaryimage"},"thumbnailUrl":"https:\/\/noticiasmercedinas.com\/site\/wp-content\/uploads\/2018\/08\/aidalaportaDSC08852.jpg","datePublished":"2025-07-03T16:37:42+00:00","description":"\u201cEliminar entre un 50 y un 70% del subsidio a la fundaci\u00f3n de Hemofilia y darle un plazo de tres meses para cerrar es tan grave como lo del Garrahan\u201d, remarc\u00f3 la edil de la UCR local","breadcrumb":{"@id":"https:\/\/noticiasmercedinas.com\/site\/2025\/07\/03\/preocupacion-por-impacto-en-mercedinos-laporta-cuestiono-recortes-en-salud-del-gobierno-de-milei\/#breadcrumb"},"inLanguage":"es","potentialAction":[{"@type":"ReadAction","target":["https:\/\/noticiasmercedinas.com\/site\/2025\/07\/03\/preocupacion-por-impacto-en-mercedinos-laporta-cuestiono-recortes-en-salud-del-gobierno-de-milei\/"]}]},{"@type":"ImageObject","inLanguage":"es","@id":"https:\/\/noticiasmercedinas.com\/site\/2025\/07\/03\/preocupacion-por-impacto-en-mercedinos-laporta-cuestiono-recortes-en-salud-del-gobierno-de-milei\/#primaryimage","url":"https:\/\/noticiasmercedinas.com\/site\/wp-content\/uploads\/2018\/08\/aidalaportaDSC08852.jpg","contentUrl":"https:\/\/noticiasmercedinas.com\/site\/wp-content\/uploads\/2018\/08\/aidalaportaDSC08852.jpg","width":512,"height":321},{"@type":"BreadcrumbList","@id":"https:\/\/noticiasmercedinas.com\/site\/2025\/07\/03\/preocupacion-por-impacto-en-mercedinos-laporta-cuestiono-recortes-en-salud-del-gobierno-de-milei\/#breadcrumb","itemListElement":[{"@type":"ListItem","position":1,"name":"Portada","item":"https:\/\/noticiasmercedinas.com\/site\/"},{"@type":"ListItem","position":2,"name":"Preocupaci\u00f3n por impacto en mercedinos: Laporta cuestion\u00f3 recortes en salud del gobierno de Milei"}]},{"@type":"WebSite","@id":"https:\/\/noticiasmercedinas.com\/site\/#website","url":"https:\/\/noticiasmercedinas.com\/site\/","name":"NOTICIASMERCEDINAS.COM","description":"Mercedes, Buenos Aires, Argentina","publisher":{"@id":"https:\/\/noticiasmercedinas.com\/site\/#organization"},"potentialAction":[{"@type":"SearchAction","target":{"@type":"EntryPoint","urlTemplate":"https:\/\/noticiasmercedinas.com\/site\/?s={search_term_string}"},"query-input":{"@type":"PropertyValueSpecification","valueRequired":true,"valueName":"search_term_string"}}],"inLanguage":"es"},{"@type":"Organization","@id":"https:\/\/noticiasmercedinas.com\/site\/#organization","name":"NOTICIASMERCEDINAS.COM","url":"https:\/\/noticiasmercedinas.com\/site\/","logo":{"@type":"ImageObject","inLanguage":"es","@id":"https:\/\/noticiasmercedinas.com\/site\/#\/schema\/logo\/image\/","url":"https:\/\/noticiasmercedinas.com\/site\/wp-content\/uploads\/2020\/06\/LOGO-512.jpg","contentUrl":"https:\/\/noticiasmercedinas.com\/site\/wp-content\/uploads\/2020\/06\/LOGO-512.jpg","width":512,"height":512,"caption":"NOTICIASMERCEDINAS.COM"},"image":{"@id":"https:\/\/noticiasmercedinas.com\/site\/#\/schema\/logo\/image\/"},"sameAs":["https:\/\/www.facebook.com\/noticiasmercedinas\/","https:\/\/x.com\/notmercedinas","https:\/\/www.instagram.com\/noticiasmercedinas\/"]},{"@type":"Person","@id":"https:\/\/noticiasmercedinas.com\/site\/#\/schema\/person\/84b59c099c28ff2e8b77d4ceec5d8063","name":"NOTICIASMERCEDINAS.COM","image":{"@type":"ImageObject","inLanguage":"es","@id":"https:\/\/secure.gravatar.com\/avatar\/4dfbf16b4d17945bfb6341b2d19043457132fcf478a5ee04f42e959fd8f5df0a?s=96&d=mm&r=g","url":"https:\/\/secure.gravatar.com\/avatar\/4dfbf16b4d17945bfb6341b2d19043457132fcf478a5ee04f42e959fd8f5df0a?s=96&d=mm&r=g","contentUrl":"https:\/\/secure.gravatar.com\/avatar\/4dfbf16b4d17945bfb6341b2d19043457132fcf478a5ee04f42e959fd8f5df0a?s=96&d=mm&r=g","caption":"NOTICIASMERCEDINAS.COM"},"url":"https:\/\/noticiasmercedinas.com\/site\/author\/anonimo\/"}]}},"amp_enabled":true,"_links":{"self":[{"href":"https:\/\/noticiasmercedinas.com\/site\/wp-json\/wp\/v2\/posts\/163084","targetHints":{"allow":["GET"]}}],"collection":[{"href":"https:\/\/noticiasmercedinas.com\/site\/wp-json\/wp\/v2\/posts"}],"about":[{"href":"https:\/\/noticiasmercedinas.com\/site\/wp-json\/wp\/v2\/types\/post"}],"author":[{"embeddable":true,"href":"https:\/\/noticiasmercedinas.com\/site\/wp-json\/wp\/v2\/users\/16"}],"replies":[{"embeddable":true,"href":"https:\/\/noticiasmercedinas.com\/site\/wp-json\/wp\/v2\/comments?post=163084"}],"version-history":[{"count":1,"href":"https:\/\/noticiasmercedinas.com\/site\/wp-json\/wp\/v2\/posts\/163084\/revisions"}],"predecessor-version":[{"id":163085,"href":"https:\/\/noticiasmercedinas.com\/site\/wp-json\/wp\/v2\/posts\/163084\/revisions\/163085"}],"wp:featuredmedia":[{"embeddable":true,"href":"https:\/\/noticiasmercedinas.com\/site\/wp-json\/wp\/v2\/media\/22"}],"wp:attachment":[{"href":"https:\/\/noticiasmercedinas.com\/site\/wp-json\/wp\/v2\/media?parent=163084"}],"wp:term":[{"taxonomy":"category","embeddable":true,"href":"https:\/\/noticiasmercedinas.com\/site\/wp-json\/wp\/v2\/categories?post=163084"},{"taxonomy":"post_tag","embeddable":true,"href":"https:\/\/noticiasmercedinas.com\/site\/wp-json\/wp\/v2\/tags?post=163084"}],"curies":[{"name":"wp","href":"https:\/\/api.w.org\/{rel}","templated":true}]}}