{"id":16309,"date":"2019-04-12T17:28:57","date_gmt":"2019-04-12T20:28:57","guid":{"rendered":"https:\/\/noticiasmercedinas.com\/site\/?p=16309"},"modified":"2019-04-12T17:28:57","modified_gmt":"2019-04-12T20:28:57","slug":"homenaje-a-los-heroes-de-malvinas-en-mercedes","status":"publish","type":"post","link":"https:\/\/noticiasmercedinas.com\/site\/2019\/04\/12\/homenaje-a-los-heroes-de-malvinas-en-mercedes\/","title":{"rendered":"Homenaje a los h\u00e9roes de Malvinas en Mercedes"},"content":{"rendered":"<p><img loading=\"lazy\" decoding=\"async\" class=\"alignnone size-full wp-image-16310\" src=\"https:\/\/noticiasmercedinas.com\/site\/wp-content\/uploads\/2019\/04\/malvinas_heroes.jpg\" alt=\"\" width=\"640\" height=\"338\" srcset=\"https:\/\/noticiasmercedinas.com\/site\/wp-content\/uploads\/2019\/04\/malvinas_heroes.jpg 640w, https:\/\/noticiasmercedinas.com\/site\/wp-content\/uploads\/2019\/04\/malvinas_heroes-300x158.jpg 300w\" sizes=\"auto, (max-width: 640px) 100vw, 640px\" \/><\/p>\n<p>Mediante un emotivo acto en la Plazoleta del Regimiento de Infanter\u00eda Mecanizado 6, veteranos y familiares invitan a los vecinos de Mercedes a rendir honores a sus h\u00e9roes de Malvinas.<\/p>\n<p>Con la Presencia del Jefe del Estado Mayor General del Ej\u00e9rcito, Teniente General Claudio Ernesto Pasqualini, autoridades de Gendarmer\u00eda Nacional y de la localidad de Mercedes; los veteranos del Regimiento de Infanter\u00eda Mecanizado 6 &#8211;encabezados por el General de Divisi\u00f3n (Retirado) Veterano de la Guerra de Malvinas Jorge Halperin&#8211; y el Centro de Familiares de Ca\u00eddos, llevar\u00e1n adelante una formaci\u00f3n en la plazoleta del Regimiento 6 de Infanter\u00eda (calles 2 y 29).<\/p>\n<p>La ceremonia tendr\u00e1 lugar este s\u00e1bado 13 de abril, a las 11hs y constar\u00e1 de dos partes muy significativas:<\/p>\n<p>1\u00b0- DESCUBRIMIENTO DE PLACA: Se entronizar\u00e1 la l\u00e1pida que durante 36 a\u00f1os designara, en el cementerio de Darwin, como un \u201cSoldado s\u00f3lo conocido por Dios\u201d a Horacio Adolfo Balvidares, mercedino ca\u00eddo en la guerra de Malvinas. La madre de este h\u00e9roe nacional, Amanda Calbin, decidi\u00f3 donar a las autoridades la pertinente placa para que sea colocada en la plazoleta del Regimiento de Infanter\u00eda Mecanizado 6.<\/p>\n<p>2\u00b0- CONDECORACI\u00d3N A FAMILIAR DE UN CA\u00cdDO: El Jefe del Ej\u00e9rcito \u2013 Teniente General Claudio Ernesto Pasqualini \u2013 entregar\u00e1 a Luciana Macarena Becerra, la Orden a los Servicios Distinguidos al M\u00e9rito Civil en el grado de Comendador. La receptora de la condecoraci\u00f3n es la nieta del Suboficial Principal Cocinero (Post Mortem) Edgar N\u00e9stor Ochoa. El mencionado suboficial ca\u00eddo, es el \u00fanico h\u00e9roe de Malvinas mercedino cuya familia a\u00fan no recibi\u00f3 la correspondiente distinci\u00f3n. Esta acci\u00f3n responde a la campa\u00f1a que la Fuerza realiza desde hace dos a\u00f1os, buscando reconocer a los familiares de aquellos que dejaron sus vidas en defensa de las Islas.<\/p>\n<p>Se invita a la comunidad de Mercedes a rendir honores a los ca\u00eddos en acci\u00f3n durante la Guerra de Malvinas; sus familiares y a los veteranos de la gesta, que regresaron al continente luego de haber combatido hasta el final por la soberan\u00eda de las Islas Malvinas.<\/p>\n","protected":false},"excerpt":{"rendered":"<p>Mediante un emotivo acto en la Plazoleta del Regimiento de Infanter\u00eda Mecanizado 6, veteranos y familiares invitan a los vecinos de Mercedes a rendir honores a sus h\u00e9roes de Malvinas. Con la Presencia del Jefe del Estado Mayor General del Ej\u00e9rcito, Teniente General Claudio Ernesto Pasqualini, autoridades de Gendarmer\u00eda Nacional y de la localidad de [&hellip;]<\/p>\n","protected":false},"author":16,"featured_media":16310,"comment_status":"open","ping_status":"open","sticky":false,"template":"","format":"standard","meta":{"footnotes":""},"categories":[3],"tags":[4329,672,656,4330,2415],"class_list":["post-16309","post","type-post","status-publish","format-standard","has-post-thumbnail","hentry","category-sociedad","tag-ejericto-argentino","tag-homenaje","tag-malvinas","tag-ri6","tag-veteranos"],"yoast_head":"<!-- This site is optimized with the Yoast SEO plugin v27.4 - https:\/\/yoast.com\/product\/yoast-seo-wordpress\/ -->\n<title>Homenaje a los h\u00e9roes de Malvinas en Mercedes<\/title>\n<meta name=\"robots\" content=\"index, follow, max-snippet:-1, max-image-preview:large, max-video-preview:-1\" \/>\n<link rel=\"canonical\" href=\"https:\/\/noticiasmercedinas.com\/site\/2019\/04\/12\/homenaje-a-los-heroes-de-malvinas-en-mercedes\/\" \/>\n<meta property=\"og:locale\" content=\"es_ES\" \/>\n<meta property=\"og:type\" content=\"article\" \/>\n<meta property=\"og:title\" content=\"Homenaje a los h\u00e9roes de Malvinas en Mercedes\" \/>\n<meta property=\"og:description\" content=\"Mediante un emotivo acto en la Plazoleta del Regimiento de Infanter\u00eda Mecanizado 6, veteranos y familiares invitan a los vecinos de Mercedes a rendir honores a sus h\u00e9roes de Malvinas. Con la Presencia del Jefe del Estado Mayor General del Ej\u00e9rcito, Teniente General Claudio Ernesto Pasqualini, autoridades de Gendarmer\u00eda Nacional y de la localidad de [&hellip;]\" \/>\n<meta property=\"og:url\" content=\"https:\/\/noticiasmercedinas.com\/site\/2019\/04\/12\/homenaje-a-los-heroes-de-malvinas-en-mercedes\/\" \/>\n<meta property=\"og:site_name\" content=\"NOTICIASMERCEDINAS.COM\" \/>\n<meta property=\"article:publisher\" content=\"https:\/\/www.facebook.com\/noticiasmercedinas\/\" \/>\n<meta property=\"article:published_time\" content=\"2019-04-12T20:28:57+00:00\" \/>\n<meta property=\"og:image\" content=\"https:\/\/noticiasmercedinas.com\/site\/wp-content\/uploads\/2019\/04\/malvinas_heroes.jpg\" \/>\n\t<meta property=\"og:image:width\" content=\"640\" \/>\n\t<meta property=\"og:image:height\" content=\"338\" \/>\n\t<meta property=\"og:image:type\" content=\"image\/jpeg\" \/>\n<meta name=\"author\" content=\"NOTICIASMERCEDINAS.COM\" \/>\n<meta name=\"twitter:card\" content=\"summary_large_image\" \/>\n<meta name=\"twitter:creator\" content=\"@notmercedinas\" \/>\n<meta name=\"twitter:site\" content=\"@notmercedinas\" \/>\n<meta name=\"twitter:label1\" content=\"Escrito por\" \/>\n\t<meta name=\"twitter:data1\" content=\"NOTICIASMERCEDINAS.COM\" \/>\n\t<meta name=\"twitter:label2\" content=\"Tiempo de lectura\" \/>\n\t<meta name=\"twitter:data2\" content=\"2 minutos\" \/>\n<script type=\"application\/ld+json\" class=\"yoast-schema-graph\">{\"@context\":\"https:\\\/\\\/schema.org\",\"@graph\":[{\"@type\":\"Article\",\"@id\":\"https:\\\/\\\/noticiasmercedinas.com\\\/site\\\/2019\\\/04\\\/12\\\/homenaje-a-los-heroes-de-malvinas-en-mercedes\\\/#article\",\"isPartOf\":{\"@id\":\"https:\\\/\\\/noticiasmercedinas.com\\\/site\\\/2019\\\/04\\\/12\\\/homenaje-a-los-heroes-de-malvinas-en-mercedes\\\/\"},\"author\":{\"name\":\"NOTICIASMERCEDINAS.COM\",\"@id\":\"https:\\\/\\\/noticiasmercedinas.com\\\/site\\\/#\\\/schema\\\/person\\\/84b59c099c28ff2e8b77d4ceec5d8063\"},\"headline\":\"Homenaje a los h\u00e9roes de Malvinas en Mercedes\",\"datePublished\":\"2019-04-12T20:28:57+00:00\",\"mainEntityOfPage\":{\"@id\":\"https:\\\/\\\/noticiasmercedinas.com\\\/site\\\/2019\\\/04\\\/12\\\/homenaje-a-los-heroes-de-malvinas-en-mercedes\\\/\"},\"wordCount\":368,\"commentCount\":0,\"publisher\":{\"@id\":\"https:\\\/\\\/noticiasmercedinas.com\\\/site\\\/#organization\"},\"image\":{\"@id\":\"https:\\\/\\\/noticiasmercedinas.com\\\/site\\\/2019\\\/04\\\/12\\\/homenaje-a-los-heroes-de-malvinas-en-mercedes\\\/#primaryimage\"},\"thumbnailUrl\":\"https:\\\/\\\/noticiasmercedinas.com\\\/site\\\/wp-content\\\/uploads\\\/2019\\\/04\\\/malvinas_heroes.jpg\",\"keywords\":[\"ejericto argentino\",\"homenaje\",\"malvinas\",\"RI6\",\"Veteranos\"],\"articleSection\":[\"Sociedad\"],\"inLanguage\":\"es\",\"potentialAction\":[{\"@type\":\"CommentAction\",\"name\":\"Comment\",\"target\":[\"https:\\\/\\\/noticiasmercedinas.com\\\/site\\\/2019\\\/04\\\/12\\\/homenaje-a-los-heroes-de-malvinas-en-mercedes\\\/#respond\"]}]},{\"@type\":\"WebPage\",\"@id\":\"https:\\\/\\\/noticiasmercedinas.com\\\/site\\\/2019\\\/04\\\/12\\\/homenaje-a-los-heroes-de-malvinas-en-mercedes\\\/\",\"url\":\"https:\\\/\\\/noticiasmercedinas.com\\\/site\\\/2019\\\/04\\\/12\\\/homenaje-a-los-heroes-de-malvinas-en-mercedes\\\/\",\"name\":\"Homenaje a los h\u00e9roes de Malvinas en Mercedes\",\"isPartOf\":{\"@id\":\"https:\\\/\\\/noticiasmercedinas.com\\\/site\\\/#website\"},\"primaryImageOfPage\":{\"@id\":\"https:\\\/\\\/noticiasmercedinas.com\\\/site\\\/2019\\\/04\\\/12\\\/homenaje-a-los-heroes-de-malvinas-en-mercedes\\\/#primaryimage\"},\"image\":{\"@id\":\"https:\\\/\\\/noticiasmercedinas.com\\\/site\\\/2019\\\/04\\\/12\\\/homenaje-a-los-heroes-de-malvinas-en-mercedes\\\/#primaryimage\"},\"thumbnailUrl\":\"https:\\\/\\\/noticiasmercedinas.com\\\/site\\\/wp-content\\\/uploads\\\/2019\\\/04\\\/malvinas_heroes.jpg\",\"datePublished\":\"2019-04-12T20:28:57+00:00\",\"breadcrumb\":{\"@id\":\"https:\\\/\\\/noticiasmercedinas.com\\\/site\\\/2019\\\/04\\\/12\\\/homenaje-a-los-heroes-de-malvinas-en-mercedes\\\/#breadcrumb\"},\"inLanguage\":\"es\",\"potentialAction\":[{\"@type\":\"ReadAction\",\"target\":[\"https:\\\/\\\/noticiasmercedinas.com\\\/site\\\/2019\\\/04\\\/12\\\/homenaje-a-los-heroes-de-malvinas-en-mercedes\\\/\"]}]},{\"@type\":\"ImageObject\",\"inLanguage\":\"es\",\"@id\":\"https:\\\/\\\/noticiasmercedinas.com\\\/site\\\/2019\\\/04\\\/12\\\/homenaje-a-los-heroes-de-malvinas-en-mercedes\\\/#primaryimage\",\"url\":\"https:\\\/\\\/noticiasmercedinas.com\\\/site\\\/wp-content\\\/uploads\\\/2019\\\/04\\\/malvinas_heroes.jpg\",\"contentUrl\":\"https:\\\/\\\/noticiasmercedinas.com\\\/site\\\/wp-content\\\/uploads\\\/2019\\\/04\\\/malvinas_heroes.jpg\",\"width\":640,\"height\":338},{\"@type\":\"BreadcrumbList\",\"@id\":\"https:\\\/\\\/noticiasmercedinas.com\\\/site\\\/2019\\\/04\\\/12\\\/homenaje-a-los-heroes-de-malvinas-en-mercedes\\\/#breadcrumb\",\"itemListElement\":[{\"@type\":\"ListItem\",\"position\":1,\"name\":\"Portada\",\"item\":\"https:\\\/\\\/noticiasmercedinas.com\\\/site\\\/\"},{\"@type\":\"ListItem\",\"position\":2,\"name\":\"Homenaje a los h\u00e9roes de Malvinas en Mercedes\"}]},{\"@type\":\"WebSite\",\"@id\":\"https:\\\/\\\/noticiasmercedinas.com\\\/site\\\/#website\",\"url\":\"https:\\\/\\\/noticiasmercedinas.com\\\/site\\\/\",\"name\":\"NOTICIASMERCEDINAS.COM\",\"description\":\"Mercedes, Buenos Aires, Argentina\",\"publisher\":{\"@id\":\"https:\\\/\\\/noticiasmercedinas.com\\\/site\\\/#organization\"},\"potentialAction\":[{\"@type\":\"SearchAction\",\"target\":{\"@type\":\"EntryPoint\",\"urlTemplate\":\"https:\\\/\\\/noticiasmercedinas.com\\\/site\\\/?s={search_term_string}\"},\"query-input\":{\"@type\":\"PropertyValueSpecification\",\"valueRequired\":true,\"valueName\":\"search_term_string\"}}],\"inLanguage\":\"es\"},{\"@type\":\"Organization\",\"@id\":\"https:\\\/\\\/noticiasmercedinas.com\\\/site\\\/#organization\",\"name\":\"NOTICIASMERCEDINAS.COM\",\"url\":\"https:\\\/\\\/noticiasmercedinas.com\\\/site\\\/\",\"logo\":{\"@type\":\"ImageObject\",\"inLanguage\":\"es\",\"@id\":\"https:\\\/\\\/noticiasmercedinas.com\\\/site\\\/#\\\/schema\\\/logo\\\/image\\\/\",\"url\":\"https:\\\/\\\/noticiasmercedinas.com\\\/site\\\/wp-content\\\/uploads\\\/2020\\\/06\\\/LOGO-512.jpg\",\"contentUrl\":\"https:\\\/\\\/noticiasmercedinas.com\\\/site\\\/wp-content\\\/uploads\\\/2020\\\/06\\\/LOGO-512.jpg\",\"width\":512,\"height\":512,\"caption\":\"NOTICIASMERCEDINAS.COM\"},\"image\":{\"@id\":\"https:\\\/\\\/noticiasmercedinas.com\\\/site\\\/#\\\/schema\\\/logo\\\/image\\\/\"},\"sameAs\":[\"https:\\\/\\\/www.facebook.com\\\/noticiasmercedinas\\\/\",\"https:\\\/\\\/x.com\\\/notmercedinas\",\"https:\\\/\\\/www.instagram.com\\\/noticiasmercedinas\\\/\"]},{\"@type\":\"Person\",\"@id\":\"https:\\\/\\\/noticiasmercedinas.com\\\/site\\\/#\\\/schema\\\/person\\\/84b59c099c28ff2e8b77d4ceec5d8063\",\"name\":\"NOTICIASMERCEDINAS.COM\",\"image\":{\"@type\":\"ImageObject\",\"inLanguage\":\"es\",\"@id\":\"https:\\\/\\\/secure.gravatar.com\\\/avatar\\\/4dfbf16b4d17945bfb6341b2d19043457132fcf478a5ee04f42e959fd8f5df0a?s=96&d=mm&r=g\",\"url\":\"https:\\\/\\\/secure.gravatar.com\\\/avatar\\\/4dfbf16b4d17945bfb6341b2d19043457132fcf478a5ee04f42e959fd8f5df0a?s=96&d=mm&r=g\",\"contentUrl\":\"https:\\\/\\\/secure.gravatar.com\\\/avatar\\\/4dfbf16b4d17945bfb6341b2d19043457132fcf478a5ee04f42e959fd8f5df0a?s=96&d=mm&r=g\",\"caption\":\"NOTICIASMERCEDINAS.COM\"},\"url\":\"https:\\\/\\\/noticiasmercedinas.com\\\/site\\\/author\\\/anonimo\\\/\"}]}<\/script>\n<!-- \/ Yoast SEO plugin. -->","yoast_head_json":{"title":"Homenaje a los h\u00e9roes de Malvinas en Mercedes","robots":{"index":"index","follow":"follow","max-snippet":"max-snippet:-1","max-image-preview":"max-image-preview:large","max-video-preview":"max-video-preview:-1"},"canonical":"https:\/\/noticiasmercedinas.com\/site\/2019\/04\/12\/homenaje-a-los-heroes-de-malvinas-en-mercedes\/","og_locale":"es_ES","og_type":"article","og_title":"Homenaje a los h\u00e9roes de Malvinas en Mercedes","og_description":"Mediante un emotivo acto en la Plazoleta del Regimiento de Infanter\u00eda Mecanizado 6, veteranos y familiares invitan a los vecinos de Mercedes a rendir honores a sus h\u00e9roes de Malvinas. Con la Presencia del Jefe del Estado Mayor General del Ej\u00e9rcito, Teniente General Claudio Ernesto Pasqualini, autoridades de Gendarmer\u00eda Nacional y de la localidad de [&hellip;]","og_url":"https:\/\/noticiasmercedinas.com\/site\/2019\/04\/12\/homenaje-a-los-heroes-de-malvinas-en-mercedes\/","og_site_name":"NOTICIASMERCEDINAS.COM","article_publisher":"https:\/\/www.facebook.com\/noticiasmercedinas\/","article_published_time":"2019-04-12T20:28:57+00:00","og_image":[{"width":640,"height":338,"url":"https:\/\/noticiasmercedinas.com\/site\/wp-content\/uploads\/2019\/04\/malvinas_heroes.jpg","type":"image\/jpeg"}],"author":"NOTICIASMERCEDINAS.COM","twitter_card":"summary_large_image","twitter_creator":"@notmercedinas","twitter_site":"@notmercedinas","twitter_misc":{"Escrito por":"NOTICIASMERCEDINAS.COM","Tiempo de lectura":"2 minutos"},"schema":{"@context":"https:\/\/schema.org","@graph":[{"@type":"Article","@id":"https:\/\/noticiasmercedinas.com\/site\/2019\/04\/12\/homenaje-a-los-heroes-de-malvinas-en-mercedes\/#article","isPartOf":{"@id":"https:\/\/noticiasmercedinas.com\/site\/2019\/04\/12\/homenaje-a-los-heroes-de-malvinas-en-mercedes\/"},"author":{"name":"NOTICIASMERCEDINAS.COM","@id":"https:\/\/noticiasmercedinas.com\/site\/#\/schema\/person\/84b59c099c28ff2e8b77d4ceec5d8063"},"headline":"Homenaje a los h\u00e9roes de Malvinas en Mercedes","datePublished":"2019-04-12T20:28:57+00:00","mainEntityOfPage":{"@id":"https:\/\/noticiasmercedinas.com\/site\/2019\/04\/12\/homenaje-a-los-heroes-de-malvinas-en-mercedes\/"},"wordCount":368,"commentCount":0,"publisher":{"@id":"https:\/\/noticiasmercedinas.com\/site\/#organization"},"image":{"@id":"https:\/\/noticiasmercedinas.com\/site\/2019\/04\/12\/homenaje-a-los-heroes-de-malvinas-en-mercedes\/#primaryimage"},"thumbnailUrl":"https:\/\/noticiasmercedinas.com\/site\/wp-content\/uploads\/2019\/04\/malvinas_heroes.jpg","keywords":["ejericto argentino","homenaje","malvinas","RI6","Veteranos"],"articleSection":["Sociedad"],"inLanguage":"es","potentialAction":[{"@type":"CommentAction","name":"Comment","target":["https:\/\/noticiasmercedinas.com\/site\/2019\/04\/12\/homenaje-a-los-heroes-de-malvinas-en-mercedes\/#respond"]}]},{"@type":"WebPage","@id":"https:\/\/noticiasmercedinas.com\/site\/2019\/04\/12\/homenaje-a-los-heroes-de-malvinas-en-mercedes\/","url":"https:\/\/noticiasmercedinas.com\/site\/2019\/04\/12\/homenaje-a-los-heroes-de-malvinas-en-mercedes\/","name":"Homenaje a los h\u00e9roes de Malvinas en Mercedes","isPartOf":{"@id":"https:\/\/noticiasmercedinas.com\/site\/#website"},"primaryImageOfPage":{"@id":"https:\/\/noticiasmercedinas.com\/site\/2019\/04\/12\/homenaje-a-los-heroes-de-malvinas-en-mercedes\/#primaryimage"},"image":{"@id":"https:\/\/noticiasmercedinas.com\/site\/2019\/04\/12\/homenaje-a-los-heroes-de-malvinas-en-mercedes\/#primaryimage"},"thumbnailUrl":"https:\/\/noticiasmercedinas.com\/site\/wp-content\/uploads\/2019\/04\/malvinas_heroes.jpg","datePublished":"2019-04-12T20:28:57+00:00","breadcrumb":{"@id":"https:\/\/noticiasmercedinas.com\/site\/2019\/04\/12\/homenaje-a-los-heroes-de-malvinas-en-mercedes\/#breadcrumb"},"inLanguage":"es","potentialAction":[{"@type":"ReadAction","target":["https:\/\/noticiasmercedinas.com\/site\/2019\/04\/12\/homenaje-a-los-heroes-de-malvinas-en-mercedes\/"]}]},{"@type":"ImageObject","inLanguage":"es","@id":"https:\/\/noticiasmercedinas.com\/site\/2019\/04\/12\/homenaje-a-los-heroes-de-malvinas-en-mercedes\/#primaryimage","url":"https:\/\/noticiasmercedinas.com\/site\/wp-content\/uploads\/2019\/04\/malvinas_heroes.jpg","contentUrl":"https:\/\/noticiasmercedinas.com\/site\/wp-content\/uploads\/2019\/04\/malvinas_heroes.jpg","width":640,"height":338},{"@type":"BreadcrumbList","@id":"https:\/\/noticiasmercedinas.com\/site\/2019\/04\/12\/homenaje-a-los-heroes-de-malvinas-en-mercedes\/#breadcrumb","itemListElement":[{"@type":"ListItem","position":1,"name":"Portada","item":"https:\/\/noticiasmercedinas.com\/site\/"},{"@type":"ListItem","position":2,"name":"Homenaje a los h\u00e9roes de Malvinas en Mercedes"}]},{"@type":"WebSite","@id":"https:\/\/noticiasmercedinas.com\/site\/#website","url":"https:\/\/noticiasmercedinas.com\/site\/","name":"NOTICIASMERCEDINAS.COM","description":"Mercedes, Buenos Aires, Argentina","publisher":{"@id":"https:\/\/noticiasmercedinas.com\/site\/#organization"},"potentialAction":[{"@type":"SearchAction","target":{"@type":"EntryPoint","urlTemplate":"https:\/\/noticiasmercedinas.com\/site\/?s={search_term_string}"},"query-input":{"@type":"PropertyValueSpecification","valueRequired":true,"valueName":"search_term_string"}}],"inLanguage":"es"},{"@type":"Organization","@id":"https:\/\/noticiasmercedinas.com\/site\/#organization","name":"NOTICIASMERCEDINAS.COM","url":"https:\/\/noticiasmercedinas.com\/site\/","logo":{"@type":"ImageObject","inLanguage":"es","@id":"https:\/\/noticiasmercedinas.com\/site\/#\/schema\/logo\/image\/","url":"https:\/\/noticiasmercedinas.com\/site\/wp-content\/uploads\/2020\/06\/LOGO-512.jpg","contentUrl":"https:\/\/noticiasmercedinas.com\/site\/wp-content\/uploads\/2020\/06\/LOGO-512.jpg","width":512,"height":512,"caption":"NOTICIASMERCEDINAS.COM"},"image":{"@id":"https:\/\/noticiasmercedinas.com\/site\/#\/schema\/logo\/image\/"},"sameAs":["https:\/\/www.facebook.com\/noticiasmercedinas\/","https:\/\/x.com\/notmercedinas","https:\/\/www.instagram.com\/noticiasmercedinas\/"]},{"@type":"Person","@id":"https:\/\/noticiasmercedinas.com\/site\/#\/schema\/person\/84b59c099c28ff2e8b77d4ceec5d8063","name":"NOTICIASMERCEDINAS.COM","image":{"@type":"ImageObject","inLanguage":"es","@id":"https:\/\/secure.gravatar.com\/avatar\/4dfbf16b4d17945bfb6341b2d19043457132fcf478a5ee04f42e959fd8f5df0a?s=96&d=mm&r=g","url":"https:\/\/secure.gravatar.com\/avatar\/4dfbf16b4d17945bfb6341b2d19043457132fcf478a5ee04f42e959fd8f5df0a?s=96&d=mm&r=g","contentUrl":"https:\/\/secure.gravatar.com\/avatar\/4dfbf16b4d17945bfb6341b2d19043457132fcf478a5ee04f42e959fd8f5df0a?s=96&d=mm&r=g","caption":"NOTICIASMERCEDINAS.COM"},"url":"https:\/\/noticiasmercedinas.com\/site\/author\/anonimo\/"}]}},"amp_enabled":true,"_links":{"self":[{"href":"https:\/\/noticiasmercedinas.com\/site\/wp-json\/wp\/v2\/posts\/16309","targetHints":{"allow":["GET"]}}],"collection":[{"href":"https:\/\/noticiasmercedinas.com\/site\/wp-json\/wp\/v2\/posts"}],"about":[{"href":"https:\/\/noticiasmercedinas.com\/site\/wp-json\/wp\/v2\/types\/post"}],"author":[{"embeddable":true,"href":"https:\/\/noticiasmercedinas.com\/site\/wp-json\/wp\/v2\/users\/16"}],"replies":[{"embeddable":true,"href":"https:\/\/noticiasmercedinas.com\/site\/wp-json\/wp\/v2\/comments?post=16309"}],"version-history":[{"count":1,"href":"https:\/\/noticiasmercedinas.com\/site\/wp-json\/wp\/v2\/posts\/16309\/revisions"}],"predecessor-version":[{"id":16311,"href":"https:\/\/noticiasmercedinas.com\/site\/wp-json\/wp\/v2\/posts\/16309\/revisions\/16311"}],"wp:featuredmedia":[{"embeddable":true,"href":"https:\/\/noticiasmercedinas.com\/site\/wp-json\/wp\/v2\/media\/16310"}],"wp:attachment":[{"href":"https:\/\/noticiasmercedinas.com\/site\/wp-json\/wp\/v2\/media?parent=16309"}],"wp:term":[{"taxonomy":"category","embeddable":true,"href":"https:\/\/noticiasmercedinas.com\/site\/wp-json\/wp\/v2\/categories?post=16309"},{"taxonomy":"post_tag","embeddable":true,"href":"https:\/\/noticiasmercedinas.com\/site\/wp-json\/wp\/v2\/tags?post=16309"}],"curies":[{"name":"wp","href":"https:\/\/api.w.org\/{rel}","templated":true}]}}