{"id":163222,"date":"2025-07-05T11:10:15","date_gmt":"2025-07-05T14:10:15","guid":{"rendered":"https:\/\/noticiasmercedinas.com\/site\/?p=163222"},"modified":"2025-07-05T11:10:15","modified_gmt":"2025-07-05T14:10:15","slug":"corte-de-luz-y-obras-viales-afectaron-al-centro-de-mercedes-este-sabado-por-la-manana","status":"publish","type":"post","link":"https:\/\/noticiasmercedinas.com\/site\/2025\/07\/05\/corte-de-luz-y-obras-viales-afectaron-al-centro-de-mercedes-este-sabado-por-la-manana\/","title":{"rendered":"Corte de luz y obras viales afectaron al centro de Mercedes este s\u00e1bado por la ma\u00f1ana"},"content":{"rendered":"<p><img loading=\"lazy\" decoding=\"async\" class=\"alignnone size-full wp-image-163224\" src=\"https:\/\/noticiasmercedinas.com\/site\/wp-content\/uploads\/2025\/07\/fbc2a742-06d1-48c5-a952-d4b93a562fd3.jpg\" alt=\"\" width=\"1599\" height=\"899\" srcset=\"https:\/\/noticiasmercedinas.com\/site\/wp-content\/uploads\/2025\/07\/fbc2a742-06d1-48c5-a952-d4b93a562fd3.jpg 1599w, https:\/\/noticiasmercedinas.com\/site\/wp-content\/uploads\/2025\/07\/fbc2a742-06d1-48c5-a952-d4b93a562fd3-300x169.jpg 300w, https:\/\/noticiasmercedinas.com\/site\/wp-content\/uploads\/2025\/07\/fbc2a742-06d1-48c5-a952-d4b93a562fd3-1024x576.jpg 1024w, https:\/\/noticiasmercedinas.com\/site\/wp-content\/uploads\/2025\/07\/fbc2a742-06d1-48c5-a952-d4b93a562fd3-768x432.jpg 768w, https:\/\/noticiasmercedinas.com\/site\/wp-content\/uploads\/2025\/07\/fbc2a742-06d1-48c5-a952-d4b93a562fd3-1536x864.jpg 1536w, https:\/\/noticiasmercedinas.com\/site\/wp-content\/uploads\/2025\/07\/fbc2a742-06d1-48c5-a952-d4b93a562fd3-640x360.jpg 640w, https:\/\/noticiasmercedinas.com\/site\/wp-content\/uploads\/2025\/07\/fbc2a742-06d1-48c5-a952-d4b93a562fd3-1280x720.jpg 1280w, https:\/\/noticiasmercedinas.com\/site\/wp-content\/uploads\/2025\/07\/fbc2a742-06d1-48c5-a952-d4b93a562fd3-681x383.jpg 681w, https:\/\/noticiasmercedinas.com\/site\/wp-content\/uploads\/2025\/07\/fbc2a742-06d1-48c5-a952-d4b93a562fd3-1362x766.jpg 1362w\" sizes=\"auto, (max-width: 1599px) 100vw, 1599px\" \/><\/p>\n<p>Este s\u00e1bado por la ma\u00f1ana, entre las 8 y las 14 horas aproximadamente, estuvo programada una interrupci\u00f3n del suministro el\u00e9ctrico en el radio c\u00e9ntrico de la ciudad de Mercedes, que efectivamente se lleva adelante, como parte de un plan de obras de la empresa EDEN. La medida, que hab\u00eda sido informada con anticipaci\u00f3n a los comerciantes de la zona, responde a tareas de reparaci\u00f3n y cambio de postes en la red el\u00e9ctrica.<\/p>\n<p>El corte de luz afect\u00f3 el funcionamiento normal de numerosos comercios, algunos de los cuales optaron por no abrir sus puertas debido a la falta de este servicio esencial. Otros s\u00ed abrieron, aunque con limitaciones evidentes en su operatividad.<\/p>\n<p>Las tareas se concentraron especialmente en la esquina de las calles 28 y 21, donde personal de EDEN realiza el recambio de postes, lo que genera tambi\u00e9n una interrupci\u00f3n del tr\u00e1nsito vehicular en ese sector.<\/p>\n<p>A este corte se sum\u00f3 otro en la esquina de 23 y 18, donde se llevan a cabo obras de reparaci\u00f3n en la carpeta asf\u00e1ltica. Ambos frentes de trabajo afectan la circulaci\u00f3n en buena parte del radio c\u00e9ntrico de la ciudad, generando molestias tanto para automovilistas como para peatones.<\/p>\n<p>Desde la empresa EDEN se indic\u00f3 que los trabajos forman parte del mantenimiento y modernizaci\u00f3n de la red el\u00e9ctrica en zonas estrat\u00e9gicas de la ciudad, con el objetivo de mejorar la calidad del servicio en el mediano y largo plazo.<\/p>\n<p><img loading=\"lazy\" decoding=\"async\" class=\"alignnone size-full wp-image-163223\" src=\"https:\/\/noticiasmercedinas.com\/site\/wp-content\/uploads\/2025\/07\/cf44334d-ae79-44ba-b8b6-3d3f75662c27-e1751724504933.jpg\" alt=\"\" width=\"898\" height=\"1150\" srcset=\"https:\/\/noticiasmercedinas.com\/site\/wp-content\/uploads\/2025\/07\/cf44334d-ae79-44ba-b8b6-3d3f75662c27-e1751724504933.jpg 898w, https:\/\/noticiasmercedinas.com\/site\/wp-content\/uploads\/2025\/07\/cf44334d-ae79-44ba-b8b6-3d3f75662c27-e1751724504933-234x300.jpg 234w, https:\/\/noticiasmercedinas.com\/site\/wp-content\/uploads\/2025\/07\/cf44334d-ae79-44ba-b8b6-3d3f75662c27-e1751724504933-800x1024.jpg 800w, https:\/\/noticiasmercedinas.com\/site\/wp-content\/uploads\/2025\/07\/cf44334d-ae79-44ba-b8b6-3d3f75662c27-e1751724504933-768x984.jpg 768w, https:\/\/noticiasmercedinas.com\/site\/wp-content\/uploads\/2025\/07\/cf44334d-ae79-44ba-b8b6-3d3f75662c27-e1751724504933-640x820.jpg 640w, https:\/\/noticiasmercedinas.com\/site\/wp-content\/uploads\/2025\/07\/cf44334d-ae79-44ba-b8b6-3d3f75662c27-e1751724504933-681x872.jpg 681w\" sizes=\"auto, (max-width: 898px) 100vw, 898px\" \/><\/p>\n","protected":false},"excerpt":{"rendered":"<p>\u25a0 Varios comercios no abrieron sus puertas ante la interrupci\u00f3n del suministro el\u00e9ctrico, por parte de EDEN, de 8 a 14, mientras que la circulaci\u00f3n vehicular tambi\u00e9n se vio limitada por trabajos en la v\u00eda p\u00fablica.<\/p>\n","protected":false},"author":16,"featured_media":163224,"comment_status":"closed","ping_status":"closed","sticky":false,"template":"","format":"standard","meta":{"footnotes":""},"categories":[3],"tags":[292,2563,1801,34,2818,36],"class_list":["post-163222","post","type-post","status-publish","format-standard","has-post-thumbnail","hentry","category-sociedad","tag-centro","tag-comercios","tag-corte-de-luz","tag-eden","tag-energia-electrica","tag-obras"],"yoast_head":"<!-- This site is optimized with the Yoast SEO plugin v27.4 - https:\/\/yoast.com\/product\/yoast-seo-wordpress\/ -->\n<title>Corte de luz y obras viales afectaron al centro de Mercedes este s\u00e1bado por la ma\u00f1ana<\/title>\n<meta name=\"description\" content=\"Varios comercios no abrieron sus puertas ante la interrupci\u00f3n del suministro el\u00e9ctrico, por parte de EDEN, de 8 a 14, mientras que la circulaci\u00f3n vehicular tambi\u00e9n se vio limitada por trabajos en la v\u00eda p\u00fablica.\" \/>\n<meta name=\"robots\" content=\"index, follow, max-snippet:-1, max-image-preview:large, max-video-preview:-1\" \/>\n<link rel=\"canonical\" href=\"https:\/\/noticiasmercedinas.com\/site\/2025\/07\/05\/corte-de-luz-y-obras-viales-afectaron-al-centro-de-mercedes-este-sabado-por-la-manana\/\" \/>\n<meta property=\"og:locale\" content=\"es_ES\" \/>\n<meta property=\"og:type\" content=\"article\" \/>\n<meta property=\"og:title\" content=\"Corte de luz y obras viales afectaron al centro de Mercedes este s\u00e1bado por la ma\u00f1ana\" \/>\n<meta property=\"og:description\" content=\"Varios comercios no abrieron sus puertas ante la interrupci\u00f3n del suministro el\u00e9ctrico, por parte de EDEN, de 8 a 14, mientras que la circulaci\u00f3n vehicular tambi\u00e9n se vio limitada por trabajos en la v\u00eda p\u00fablica.\" \/>\n<meta property=\"og:url\" content=\"https:\/\/noticiasmercedinas.com\/site\/2025\/07\/05\/corte-de-luz-y-obras-viales-afectaron-al-centro-de-mercedes-este-sabado-por-la-manana\/\" \/>\n<meta property=\"og:site_name\" content=\"NOTICIASMERCEDINAS.COM\" \/>\n<meta property=\"article:publisher\" content=\"https:\/\/www.facebook.com\/noticiasmercedinas\/\" \/>\n<meta property=\"article:published_time\" content=\"2025-07-05T14:10:15+00:00\" \/>\n<meta property=\"og:image\" content=\"https:\/\/noticiasmercedinas.com\/site\/wp-content\/uploads\/2025\/07\/fbc2a742-06d1-48c5-a952-d4b93a562fd3.jpg\" \/>\n\t<meta property=\"og:image:width\" content=\"1599\" \/>\n\t<meta property=\"og:image:height\" content=\"899\" \/>\n\t<meta property=\"og:image:type\" content=\"image\/jpeg\" \/>\n<meta name=\"author\" content=\"NOTICIASMERCEDINAS.COM\" \/>\n<meta name=\"twitter:card\" content=\"summary_large_image\" \/>\n<meta name=\"twitter:creator\" content=\"@notmercedinas\" \/>\n<meta name=\"twitter:site\" content=\"@notmercedinas\" \/>\n<meta name=\"twitter:label1\" content=\"Escrito por\" \/>\n\t<meta name=\"twitter:data1\" content=\"NOTICIASMERCEDINAS.COM\" \/>\n\t<meta name=\"twitter:label2\" content=\"Tiempo de lectura\" \/>\n\t<meta name=\"twitter:data2\" content=\"2 minutos\" \/>\n<script type=\"application\/ld+json\" class=\"yoast-schema-graph\">{\"@context\":\"https:\\\/\\\/schema.org\",\"@graph\":[{\"@type\":\"Article\",\"@id\":\"https:\\\/\\\/noticiasmercedinas.com\\\/site\\\/2025\\\/07\\\/05\\\/corte-de-luz-y-obras-viales-afectaron-al-centro-de-mercedes-este-sabado-por-la-manana\\\/#article\",\"isPartOf\":{\"@id\":\"https:\\\/\\\/noticiasmercedinas.com\\\/site\\\/2025\\\/07\\\/05\\\/corte-de-luz-y-obras-viales-afectaron-al-centro-de-mercedes-este-sabado-por-la-manana\\\/\"},\"author\":{\"name\":\"NOTICIASMERCEDINAS.COM\",\"@id\":\"https:\\\/\\\/noticiasmercedinas.com\\\/site\\\/#\\\/schema\\\/person\\\/84b59c099c28ff2e8b77d4ceec5d8063\"},\"headline\":\"Corte de luz y obras viales afectaron al centro de Mercedes este s\u00e1bado por la ma\u00f1ana\",\"datePublished\":\"2025-07-05T14:10:15+00:00\",\"mainEntityOfPage\":{\"@id\":\"https:\\\/\\\/noticiasmercedinas.com\\\/site\\\/2025\\\/07\\\/05\\\/corte-de-luz-y-obras-viales-afectaron-al-centro-de-mercedes-este-sabado-por-la-manana\\\/\"},\"wordCount\":266,\"publisher\":{\"@id\":\"https:\\\/\\\/noticiasmercedinas.com\\\/site\\\/#organization\"},\"image\":{\"@id\":\"https:\\\/\\\/noticiasmercedinas.com\\\/site\\\/2025\\\/07\\\/05\\\/corte-de-luz-y-obras-viales-afectaron-al-centro-de-mercedes-este-sabado-por-la-manana\\\/#primaryimage\"},\"thumbnailUrl\":\"https:\\\/\\\/noticiasmercedinas.com\\\/site\\\/wp-content\\\/uploads\\\/2025\\\/07\\\/fbc2a742-06d1-48c5-a952-d4b93a562fd3.jpg\",\"keywords\":[\"centro\",\"comercios\",\"corte de luz\",\"eden\",\"energia electrica\",\"obras\"],\"articleSection\":[\"Sociedad\"],\"inLanguage\":\"es\"},{\"@type\":\"WebPage\",\"@id\":\"https:\\\/\\\/noticiasmercedinas.com\\\/site\\\/2025\\\/07\\\/05\\\/corte-de-luz-y-obras-viales-afectaron-al-centro-de-mercedes-este-sabado-por-la-manana\\\/\",\"url\":\"https:\\\/\\\/noticiasmercedinas.com\\\/site\\\/2025\\\/07\\\/05\\\/corte-de-luz-y-obras-viales-afectaron-al-centro-de-mercedes-este-sabado-por-la-manana\\\/\",\"name\":\"Corte de luz y obras viales afectaron al centro de Mercedes este s\u00e1bado por la ma\u00f1ana\",\"isPartOf\":{\"@id\":\"https:\\\/\\\/noticiasmercedinas.com\\\/site\\\/#website\"},\"primaryImageOfPage\":{\"@id\":\"https:\\\/\\\/noticiasmercedinas.com\\\/site\\\/2025\\\/07\\\/05\\\/corte-de-luz-y-obras-viales-afectaron-al-centro-de-mercedes-este-sabado-por-la-manana\\\/#primaryimage\"},\"image\":{\"@id\":\"https:\\\/\\\/noticiasmercedinas.com\\\/site\\\/2025\\\/07\\\/05\\\/corte-de-luz-y-obras-viales-afectaron-al-centro-de-mercedes-este-sabado-por-la-manana\\\/#primaryimage\"},\"thumbnailUrl\":\"https:\\\/\\\/noticiasmercedinas.com\\\/site\\\/wp-content\\\/uploads\\\/2025\\\/07\\\/fbc2a742-06d1-48c5-a952-d4b93a562fd3.jpg\",\"datePublished\":\"2025-07-05T14:10:15+00:00\",\"description\":\"Varios comercios no abrieron sus puertas ante la interrupci\u00f3n del suministro el\u00e9ctrico, por parte de EDEN, de 8 a 14, mientras que la circulaci\u00f3n vehicular tambi\u00e9n se vio limitada por trabajos en la v\u00eda p\u00fablica.\",\"breadcrumb\":{\"@id\":\"https:\\\/\\\/noticiasmercedinas.com\\\/site\\\/2025\\\/07\\\/05\\\/corte-de-luz-y-obras-viales-afectaron-al-centro-de-mercedes-este-sabado-por-la-manana\\\/#breadcrumb\"},\"inLanguage\":\"es\",\"potentialAction\":[{\"@type\":\"ReadAction\",\"target\":[\"https:\\\/\\\/noticiasmercedinas.com\\\/site\\\/2025\\\/07\\\/05\\\/corte-de-luz-y-obras-viales-afectaron-al-centro-de-mercedes-este-sabado-por-la-manana\\\/\"]}]},{\"@type\":\"ImageObject\",\"inLanguage\":\"es\",\"@id\":\"https:\\\/\\\/noticiasmercedinas.com\\\/site\\\/2025\\\/07\\\/05\\\/corte-de-luz-y-obras-viales-afectaron-al-centro-de-mercedes-este-sabado-por-la-manana\\\/#primaryimage\",\"url\":\"https:\\\/\\\/noticiasmercedinas.com\\\/site\\\/wp-content\\\/uploads\\\/2025\\\/07\\\/fbc2a742-06d1-48c5-a952-d4b93a562fd3.jpg\",\"contentUrl\":\"https:\\\/\\\/noticiasmercedinas.com\\\/site\\\/wp-content\\\/uploads\\\/2025\\\/07\\\/fbc2a742-06d1-48c5-a952-d4b93a562fd3.jpg\",\"width\":1599,\"height\":899},{\"@type\":\"BreadcrumbList\",\"@id\":\"https:\\\/\\\/noticiasmercedinas.com\\\/site\\\/2025\\\/07\\\/05\\\/corte-de-luz-y-obras-viales-afectaron-al-centro-de-mercedes-este-sabado-por-la-manana\\\/#breadcrumb\",\"itemListElement\":[{\"@type\":\"ListItem\",\"position\":1,\"name\":\"Portada\",\"item\":\"https:\\\/\\\/noticiasmercedinas.com\\\/site\\\/\"},{\"@type\":\"ListItem\",\"position\":2,\"name\":\"Corte de luz y obras viales afectaron al centro de Mercedes este s\u00e1bado por la ma\u00f1ana\"}]},{\"@type\":\"WebSite\",\"@id\":\"https:\\\/\\\/noticiasmercedinas.com\\\/site\\\/#website\",\"url\":\"https:\\\/\\\/noticiasmercedinas.com\\\/site\\\/\",\"name\":\"NOTICIASMERCEDINAS.COM\",\"description\":\"Mercedes, Buenos Aires, Argentina\",\"publisher\":{\"@id\":\"https:\\\/\\\/noticiasmercedinas.com\\\/site\\\/#organization\"},\"potentialAction\":[{\"@type\":\"SearchAction\",\"target\":{\"@type\":\"EntryPoint\",\"urlTemplate\":\"https:\\\/\\\/noticiasmercedinas.com\\\/site\\\/?s={search_term_string}\"},\"query-input\":{\"@type\":\"PropertyValueSpecification\",\"valueRequired\":true,\"valueName\":\"search_term_string\"}}],\"inLanguage\":\"es\"},{\"@type\":\"Organization\",\"@id\":\"https:\\\/\\\/noticiasmercedinas.com\\\/site\\\/#organization\",\"name\":\"NOTICIASMERCEDINAS.COM\",\"url\":\"https:\\\/\\\/noticiasmercedinas.com\\\/site\\\/\",\"logo\":{\"@type\":\"ImageObject\",\"inLanguage\":\"es\",\"@id\":\"https:\\\/\\\/noticiasmercedinas.com\\\/site\\\/#\\\/schema\\\/logo\\\/image\\\/\",\"url\":\"https:\\\/\\\/noticiasmercedinas.com\\\/site\\\/wp-content\\\/uploads\\\/2020\\\/06\\\/LOGO-512.jpg\",\"contentUrl\":\"https:\\\/\\\/noticiasmercedinas.com\\\/site\\\/wp-content\\\/uploads\\\/2020\\\/06\\\/LOGO-512.jpg\",\"width\":512,\"height\":512,\"caption\":\"NOTICIASMERCEDINAS.COM\"},\"image\":{\"@id\":\"https:\\\/\\\/noticiasmercedinas.com\\\/site\\\/#\\\/schema\\\/logo\\\/image\\\/\"},\"sameAs\":[\"https:\\\/\\\/www.facebook.com\\\/noticiasmercedinas\\\/\",\"https:\\\/\\\/x.com\\\/notmercedinas\",\"https:\\\/\\\/www.instagram.com\\\/noticiasmercedinas\\\/\"]},{\"@type\":\"Person\",\"@id\":\"https:\\\/\\\/noticiasmercedinas.com\\\/site\\\/#\\\/schema\\\/person\\\/84b59c099c28ff2e8b77d4ceec5d8063\",\"name\":\"NOTICIASMERCEDINAS.COM\",\"image\":{\"@type\":\"ImageObject\",\"inLanguage\":\"es\",\"@id\":\"https:\\\/\\\/secure.gravatar.com\\\/avatar\\\/4dfbf16b4d17945bfb6341b2d19043457132fcf478a5ee04f42e959fd8f5df0a?s=96&d=mm&r=g\",\"url\":\"https:\\\/\\\/secure.gravatar.com\\\/avatar\\\/4dfbf16b4d17945bfb6341b2d19043457132fcf478a5ee04f42e959fd8f5df0a?s=96&d=mm&r=g\",\"contentUrl\":\"https:\\\/\\\/secure.gravatar.com\\\/avatar\\\/4dfbf16b4d17945bfb6341b2d19043457132fcf478a5ee04f42e959fd8f5df0a?s=96&d=mm&r=g\",\"caption\":\"NOTICIASMERCEDINAS.COM\"},\"url\":\"https:\\\/\\\/noticiasmercedinas.com\\\/site\\\/author\\\/anonimo\\\/\"}]}<\/script>\n<!-- \/ Yoast SEO plugin. -->","yoast_head_json":{"title":"Corte de luz y obras viales afectaron al centro de Mercedes este s\u00e1bado por la ma\u00f1ana","description":"Varios comercios no abrieron sus puertas ante la interrupci\u00f3n del suministro el\u00e9ctrico, por parte de EDEN, de 8 a 14, mientras que la circulaci\u00f3n vehicular tambi\u00e9n se vio limitada por trabajos en la v\u00eda p\u00fablica.","robots":{"index":"index","follow":"follow","max-snippet":"max-snippet:-1","max-image-preview":"max-image-preview:large","max-video-preview":"max-video-preview:-1"},"canonical":"https:\/\/noticiasmercedinas.com\/site\/2025\/07\/05\/corte-de-luz-y-obras-viales-afectaron-al-centro-de-mercedes-este-sabado-por-la-manana\/","og_locale":"es_ES","og_type":"article","og_title":"Corte de luz y obras viales afectaron al centro de Mercedes este s\u00e1bado por la ma\u00f1ana","og_description":"Varios comercios no abrieron sus puertas ante la interrupci\u00f3n del suministro el\u00e9ctrico, por parte de EDEN, de 8 a 14, mientras que la circulaci\u00f3n vehicular tambi\u00e9n se vio limitada por trabajos en la v\u00eda p\u00fablica.","og_url":"https:\/\/noticiasmercedinas.com\/site\/2025\/07\/05\/corte-de-luz-y-obras-viales-afectaron-al-centro-de-mercedes-este-sabado-por-la-manana\/","og_site_name":"NOTICIASMERCEDINAS.COM","article_publisher":"https:\/\/www.facebook.com\/noticiasmercedinas\/","article_published_time":"2025-07-05T14:10:15+00:00","og_image":[{"width":1599,"height":899,"url":"https:\/\/noticiasmercedinas.com\/site\/wp-content\/uploads\/2025\/07\/fbc2a742-06d1-48c5-a952-d4b93a562fd3.jpg","type":"image\/jpeg"}],"author":"NOTICIASMERCEDINAS.COM","twitter_card":"summary_large_image","twitter_creator":"@notmercedinas","twitter_site":"@notmercedinas","twitter_misc":{"Escrito por":"NOTICIASMERCEDINAS.COM","Tiempo de lectura":"2 minutos"},"schema":{"@context":"https:\/\/schema.org","@graph":[{"@type":"Article","@id":"https:\/\/noticiasmercedinas.com\/site\/2025\/07\/05\/corte-de-luz-y-obras-viales-afectaron-al-centro-de-mercedes-este-sabado-por-la-manana\/#article","isPartOf":{"@id":"https:\/\/noticiasmercedinas.com\/site\/2025\/07\/05\/corte-de-luz-y-obras-viales-afectaron-al-centro-de-mercedes-este-sabado-por-la-manana\/"},"author":{"name":"NOTICIASMERCEDINAS.COM","@id":"https:\/\/noticiasmercedinas.com\/site\/#\/schema\/person\/84b59c099c28ff2e8b77d4ceec5d8063"},"headline":"Corte de luz y obras viales afectaron al centro de Mercedes este s\u00e1bado por la ma\u00f1ana","datePublished":"2025-07-05T14:10:15+00:00","mainEntityOfPage":{"@id":"https:\/\/noticiasmercedinas.com\/site\/2025\/07\/05\/corte-de-luz-y-obras-viales-afectaron-al-centro-de-mercedes-este-sabado-por-la-manana\/"},"wordCount":266,"publisher":{"@id":"https:\/\/noticiasmercedinas.com\/site\/#organization"},"image":{"@id":"https:\/\/noticiasmercedinas.com\/site\/2025\/07\/05\/corte-de-luz-y-obras-viales-afectaron-al-centro-de-mercedes-este-sabado-por-la-manana\/#primaryimage"},"thumbnailUrl":"https:\/\/noticiasmercedinas.com\/site\/wp-content\/uploads\/2025\/07\/fbc2a742-06d1-48c5-a952-d4b93a562fd3.jpg","keywords":["centro","comercios","corte de luz","eden","energia electrica","obras"],"articleSection":["Sociedad"],"inLanguage":"es"},{"@type":"WebPage","@id":"https:\/\/noticiasmercedinas.com\/site\/2025\/07\/05\/corte-de-luz-y-obras-viales-afectaron-al-centro-de-mercedes-este-sabado-por-la-manana\/","url":"https:\/\/noticiasmercedinas.com\/site\/2025\/07\/05\/corte-de-luz-y-obras-viales-afectaron-al-centro-de-mercedes-este-sabado-por-la-manana\/","name":"Corte de luz y obras viales afectaron al centro de Mercedes este s\u00e1bado por la ma\u00f1ana","isPartOf":{"@id":"https:\/\/noticiasmercedinas.com\/site\/#website"},"primaryImageOfPage":{"@id":"https:\/\/noticiasmercedinas.com\/site\/2025\/07\/05\/corte-de-luz-y-obras-viales-afectaron-al-centro-de-mercedes-este-sabado-por-la-manana\/#primaryimage"},"image":{"@id":"https:\/\/noticiasmercedinas.com\/site\/2025\/07\/05\/corte-de-luz-y-obras-viales-afectaron-al-centro-de-mercedes-este-sabado-por-la-manana\/#primaryimage"},"thumbnailUrl":"https:\/\/noticiasmercedinas.com\/site\/wp-content\/uploads\/2025\/07\/fbc2a742-06d1-48c5-a952-d4b93a562fd3.jpg","datePublished":"2025-07-05T14:10:15+00:00","description":"Varios comercios no abrieron sus puertas ante la interrupci\u00f3n del suministro el\u00e9ctrico, por parte de EDEN, de 8 a 14, mientras que la circulaci\u00f3n vehicular tambi\u00e9n se vio limitada por trabajos en la v\u00eda p\u00fablica.","breadcrumb":{"@id":"https:\/\/noticiasmercedinas.com\/site\/2025\/07\/05\/corte-de-luz-y-obras-viales-afectaron-al-centro-de-mercedes-este-sabado-por-la-manana\/#breadcrumb"},"inLanguage":"es","potentialAction":[{"@type":"ReadAction","target":["https:\/\/noticiasmercedinas.com\/site\/2025\/07\/05\/corte-de-luz-y-obras-viales-afectaron-al-centro-de-mercedes-este-sabado-por-la-manana\/"]}]},{"@type":"ImageObject","inLanguage":"es","@id":"https:\/\/noticiasmercedinas.com\/site\/2025\/07\/05\/corte-de-luz-y-obras-viales-afectaron-al-centro-de-mercedes-este-sabado-por-la-manana\/#primaryimage","url":"https:\/\/noticiasmercedinas.com\/site\/wp-content\/uploads\/2025\/07\/fbc2a742-06d1-48c5-a952-d4b93a562fd3.jpg","contentUrl":"https:\/\/noticiasmercedinas.com\/site\/wp-content\/uploads\/2025\/07\/fbc2a742-06d1-48c5-a952-d4b93a562fd3.jpg","width":1599,"height":899},{"@type":"BreadcrumbList","@id":"https:\/\/noticiasmercedinas.com\/site\/2025\/07\/05\/corte-de-luz-y-obras-viales-afectaron-al-centro-de-mercedes-este-sabado-por-la-manana\/#breadcrumb","itemListElement":[{"@type":"ListItem","position":1,"name":"Portada","item":"https:\/\/noticiasmercedinas.com\/site\/"},{"@type":"ListItem","position":2,"name":"Corte de luz y obras viales afectaron al centro de Mercedes este s\u00e1bado por la ma\u00f1ana"}]},{"@type":"WebSite","@id":"https:\/\/noticiasmercedinas.com\/site\/#website","url":"https:\/\/noticiasmercedinas.com\/site\/","name":"NOTICIASMERCEDINAS.COM","description":"Mercedes, Buenos Aires, Argentina","publisher":{"@id":"https:\/\/noticiasmercedinas.com\/site\/#organization"},"potentialAction":[{"@type":"SearchAction","target":{"@type":"EntryPoint","urlTemplate":"https:\/\/noticiasmercedinas.com\/site\/?s={search_term_string}"},"query-input":{"@type":"PropertyValueSpecification","valueRequired":true,"valueName":"search_term_string"}}],"inLanguage":"es"},{"@type":"Organization","@id":"https:\/\/noticiasmercedinas.com\/site\/#organization","name":"NOTICIASMERCEDINAS.COM","url":"https:\/\/noticiasmercedinas.com\/site\/","logo":{"@type":"ImageObject","inLanguage":"es","@id":"https:\/\/noticiasmercedinas.com\/site\/#\/schema\/logo\/image\/","url":"https:\/\/noticiasmercedinas.com\/site\/wp-content\/uploads\/2020\/06\/LOGO-512.jpg","contentUrl":"https:\/\/noticiasmercedinas.com\/site\/wp-content\/uploads\/2020\/06\/LOGO-512.jpg","width":512,"height":512,"caption":"NOTICIASMERCEDINAS.COM"},"image":{"@id":"https:\/\/noticiasmercedinas.com\/site\/#\/schema\/logo\/image\/"},"sameAs":["https:\/\/www.facebook.com\/noticiasmercedinas\/","https:\/\/x.com\/notmercedinas","https:\/\/www.instagram.com\/noticiasmercedinas\/"]},{"@type":"Person","@id":"https:\/\/noticiasmercedinas.com\/site\/#\/schema\/person\/84b59c099c28ff2e8b77d4ceec5d8063","name":"NOTICIASMERCEDINAS.COM","image":{"@type":"ImageObject","inLanguage":"es","@id":"https:\/\/secure.gravatar.com\/avatar\/4dfbf16b4d17945bfb6341b2d19043457132fcf478a5ee04f42e959fd8f5df0a?s=96&d=mm&r=g","url":"https:\/\/secure.gravatar.com\/avatar\/4dfbf16b4d17945bfb6341b2d19043457132fcf478a5ee04f42e959fd8f5df0a?s=96&d=mm&r=g","contentUrl":"https:\/\/secure.gravatar.com\/avatar\/4dfbf16b4d17945bfb6341b2d19043457132fcf478a5ee04f42e959fd8f5df0a?s=96&d=mm&r=g","caption":"NOTICIASMERCEDINAS.COM"},"url":"https:\/\/noticiasmercedinas.com\/site\/author\/anonimo\/"}]}},"amp_enabled":true,"_links":{"self":[{"href":"https:\/\/noticiasmercedinas.com\/site\/wp-json\/wp\/v2\/posts\/163222","targetHints":{"allow":["GET"]}}],"collection":[{"href":"https:\/\/noticiasmercedinas.com\/site\/wp-json\/wp\/v2\/posts"}],"about":[{"href":"https:\/\/noticiasmercedinas.com\/site\/wp-json\/wp\/v2\/types\/post"}],"author":[{"embeddable":true,"href":"https:\/\/noticiasmercedinas.com\/site\/wp-json\/wp\/v2\/users\/16"}],"replies":[{"embeddable":true,"href":"https:\/\/noticiasmercedinas.com\/site\/wp-json\/wp\/v2\/comments?post=163222"}],"version-history":[{"count":1,"href":"https:\/\/noticiasmercedinas.com\/site\/wp-json\/wp\/v2\/posts\/163222\/revisions"}],"predecessor-version":[{"id":163225,"href":"https:\/\/noticiasmercedinas.com\/site\/wp-json\/wp\/v2\/posts\/163222\/revisions\/163225"}],"wp:featuredmedia":[{"embeddable":true,"href":"https:\/\/noticiasmercedinas.com\/site\/wp-json\/wp\/v2\/media\/163224"}],"wp:attachment":[{"href":"https:\/\/noticiasmercedinas.com\/site\/wp-json\/wp\/v2\/media?parent=163222"}],"wp:term":[{"taxonomy":"category","embeddable":true,"href":"https:\/\/noticiasmercedinas.com\/site\/wp-json\/wp\/v2\/categories?post=163222"},{"taxonomy":"post_tag","embeddable":true,"href":"https:\/\/noticiasmercedinas.com\/site\/wp-json\/wp\/v2\/tags?post=163222"}],"curies":[{"name":"wp","href":"https:\/\/api.w.org\/{rel}","templated":true}]}}