{"id":163236,"date":"2025-07-05T13:50:21","date_gmt":"2025-07-05T16:50:21","guid":{"rendered":"https:\/\/noticiasmercedinas.com\/site\/?p=163236"},"modified":"2025-07-05T13:50:21","modified_gmt":"2025-07-05T16:50:21","slug":"begona-organiza-una-cata-de-vinos-con-maridaje-en-cinco-pasos-este-sabado-12-en-tomas-jofre","status":"publish","type":"post","link":"https:\/\/noticiasmercedinas.com\/site\/2025\/07\/05\/begona-organiza-una-cata-de-vinos-con-maridaje-en-cinco-pasos-este-sabado-12-en-tomas-jofre\/","title":{"rendered":"Bego\u00f1a organiza una cata de vinos con maridaje en cinco pasos este s\u00e1bado 12 en Tom\u00e1s Jofr\u00e9"},"content":{"rendered":"<p data-start=\"387\" data-end=\"725\"><img loading=\"lazy\" decoding=\"async\" class=\"alignnone size-full wp-image-163237\" src=\"https:\/\/noticiasmercedinas.com\/site\/wp-content\/uploads\/2025\/07\/CATA.jpg\" alt=\"\" width=\"640\" height=\"400\" srcset=\"https:\/\/noticiasmercedinas.com\/site\/wp-content\/uploads\/2025\/07\/CATA.jpg 640w, https:\/\/noticiasmercedinas.com\/site\/wp-content\/uploads\/2025\/07\/CATA-300x188.jpg 300w\" sizes=\"auto, (max-width: 640px) 100vw, 640px\" \/><\/p>\n<p data-start=\"387\" data-end=\"725\">Este s\u00e1bado 12 de julio a las 13 horas, Bego\u00f1a abrir\u00e1 sus puertas en Tom\u00e1s Jofr\u00e9 para ofrecer una experiencia enogastron\u00f3mica imperdible.<\/p>\n<p data-start=\"387\" data-end=\"725\">Se trata de una cata de vinos en cinco pasos organizada junto a la reconocida <strong data-start=\"603\" data-end=\"624\">bodega Goyenechea<\/strong>, que contar\u00e1 con la presencia especial de <strong data-start=\"667\" data-end=\"691\">Sebasti\u00e1n Goyenechea<\/strong>, miembro de la familia fundadora.<\/p>\n<p data-start=\"727\" data-end=\"1019\">El evento ser\u00e1 la ocasi\u00f3n ideal para conocer de cerca el nuevo <strong data-start=\"790\" data-end=\"819\">cabernet sauvignon BEGO\u00d1A<\/strong>, protagonista de la jornada. A lo largo de la tarde, los asistentes podr\u00e1n degustar distintos varietales, cada uno acompa\u00f1ado por un maridaje cuidadosamente pensado para resaltar sus caracter\u00edsticas.<\/p>\n<p data-start=\"1021\" data-end=\"1393\">La actividad se desarrollar\u00e1 al aire libre, con el fogonero prendido, en un entorno campestre y relajado que incluir\u00e1 la participaci\u00f3n de <strong data-start=\"1159\" data-end=\"1172\">Lambrusco<\/strong>, espacio aliado en esta propuesta.<\/p>\n<p data-start=\"1021\" data-end=\"1393\">El precio por persona es de $45.000 y los cupos son limitados, por lo que se recomienda realizar la reserva con anticipaci\u00f3n a trav\u00e9s de <a href=\"https:\/\/www.instagram.com\/begona.tomasjofre\/\">@begona.tomasjofre<\/a> o v\u00eda WhatsApp al 1130068922.<\/p>\n<p data-start=\"1395\" data-end=\"1561\">Desde la organizaci\u00f3n prometen una jornada de disfrute, solcito, copa en mano y sabores inolvidables en uno de los entornos gastron\u00f3micos m\u00e1s atractivos de la regi\u00f3n.<\/p>\n","protected":false},"excerpt":{"rendered":"<p>Con la presencia especial de Sebasti\u00e1n Goyenechea, se presentar\u00e1 el nuevo cabernet sauvignon de la bodega en una jornada \u00fanica al aire libre.<\/p>\n","protected":false},"author":16,"featured_media":163237,"comment_status":"closed","ping_status":"closed","sticky":false,"template":"","format":"standard","meta":{"footnotes":""},"categories":[74],"tags":[15810,15559],"class_list":["post-163236","post","type-post","status-publish","format-standard","has-post-thumbnail","hentry","category-emprendimientos","tag-begona","tag-cata-de-vinos"],"yoast_head":"<!-- This site is optimized with the Yoast SEO plugin v27.4 - https:\/\/yoast.com\/product\/yoast-seo-wordpress\/ -->\n<title>Bego\u00f1a organiza una cata de vinos con maridaje en cinco pasos este s\u00e1bado 12 en Tom\u00e1s Jofr\u00e9<\/title>\n<meta name=\"description\" content=\"Con la presencia especial de Sebasti\u00e1n Goyenechea, se presentar\u00e1 el nuevo cabernet sauvignon de la bodega en una jornada \u00fanica al aire libre.\" \/>\n<meta name=\"robots\" content=\"index, follow, max-snippet:-1, max-image-preview:large, max-video-preview:-1\" \/>\n<link rel=\"canonical\" href=\"https:\/\/noticiasmercedinas.com\/site\/2025\/07\/05\/begona-organiza-una-cata-de-vinos-con-maridaje-en-cinco-pasos-este-sabado-12-en-tomas-jofre\/\" \/>\n<meta property=\"og:locale\" content=\"es_ES\" \/>\n<meta property=\"og:type\" content=\"article\" \/>\n<meta property=\"og:title\" content=\"Bego\u00f1a organiza una cata de vinos con maridaje en cinco pasos este s\u00e1bado 12 en Tom\u00e1s Jofr\u00e9\" \/>\n<meta property=\"og:description\" content=\"Con la presencia especial de Sebasti\u00e1n Goyenechea, se presentar\u00e1 el nuevo cabernet sauvignon de la bodega en una jornada \u00fanica al aire libre.\" \/>\n<meta property=\"og:url\" content=\"https:\/\/noticiasmercedinas.com\/site\/2025\/07\/05\/begona-organiza-una-cata-de-vinos-con-maridaje-en-cinco-pasos-este-sabado-12-en-tomas-jofre\/\" \/>\n<meta property=\"og:site_name\" content=\"NOTICIASMERCEDINAS.COM\" \/>\n<meta property=\"article:publisher\" content=\"https:\/\/www.facebook.com\/noticiasmercedinas\/\" \/>\n<meta property=\"article:published_time\" content=\"2025-07-05T16:50:21+00:00\" \/>\n<meta property=\"og:image\" content=\"https:\/\/noticiasmercedinas.com\/site\/wp-content\/uploads\/2025\/07\/CATA.jpg\" \/>\n\t<meta property=\"og:image:width\" content=\"640\" \/>\n\t<meta property=\"og:image:height\" content=\"400\" \/>\n\t<meta property=\"og:image:type\" content=\"image\/jpeg\" \/>\n<meta name=\"author\" content=\"NOTICIASMERCEDINAS.COM\" \/>\n<meta name=\"twitter:card\" content=\"summary_large_image\" \/>\n<meta name=\"twitter:creator\" content=\"@notmercedinas\" \/>\n<meta name=\"twitter:site\" content=\"@notmercedinas\" \/>\n<meta name=\"twitter:label1\" content=\"Escrito por\" \/>\n\t<meta name=\"twitter:data1\" content=\"NOTICIASMERCEDINAS.COM\" \/>\n\t<meta name=\"twitter:label2\" content=\"Tiempo de lectura\" \/>\n\t<meta name=\"twitter:data2\" content=\"2 minutos\" \/>\n<script type=\"application\/ld+json\" class=\"yoast-schema-graph\">{\"@context\":\"https:\\\/\\\/schema.org\",\"@graph\":[{\"@type\":\"Article\",\"@id\":\"https:\\\/\\\/noticiasmercedinas.com\\\/site\\\/2025\\\/07\\\/05\\\/begona-organiza-una-cata-de-vinos-con-maridaje-en-cinco-pasos-este-sabado-12-en-tomas-jofre\\\/#article\",\"isPartOf\":{\"@id\":\"https:\\\/\\\/noticiasmercedinas.com\\\/site\\\/2025\\\/07\\\/05\\\/begona-organiza-una-cata-de-vinos-con-maridaje-en-cinco-pasos-este-sabado-12-en-tomas-jofre\\\/\"},\"author\":{\"name\":\"NOTICIASMERCEDINAS.COM\",\"@id\":\"https:\\\/\\\/noticiasmercedinas.com\\\/site\\\/#\\\/schema\\\/person\\\/84b59c099c28ff2e8b77d4ceec5d8063\"},\"headline\":\"Bego\u00f1a organiza una cata de vinos con maridaje en cinco pasos este s\u00e1bado 12 en Tom\u00e1s Jofr\u00e9\",\"datePublished\":\"2025-07-05T16:50:21+00:00\",\"mainEntityOfPage\":{\"@id\":\"https:\\\/\\\/noticiasmercedinas.com\\\/site\\\/2025\\\/07\\\/05\\\/begona-organiza-una-cata-de-vinos-con-maridaje-en-cinco-pasos-este-sabado-12-en-tomas-jofre\\\/\"},\"wordCount\":215,\"publisher\":{\"@id\":\"https:\\\/\\\/noticiasmercedinas.com\\\/site\\\/#organization\"},\"image\":{\"@id\":\"https:\\\/\\\/noticiasmercedinas.com\\\/site\\\/2025\\\/07\\\/05\\\/begona-organiza-una-cata-de-vinos-con-maridaje-en-cinco-pasos-este-sabado-12-en-tomas-jofre\\\/#primaryimage\"},\"thumbnailUrl\":\"https:\\\/\\\/noticiasmercedinas.com\\\/site\\\/wp-content\\\/uploads\\\/2025\\\/07\\\/CATA.jpg\",\"keywords\":[\"bego\u00f1a\",\"cata de vinos\"],\"articleSection\":[\"Emprendimientos\"],\"inLanguage\":\"es\"},{\"@type\":\"WebPage\",\"@id\":\"https:\\\/\\\/noticiasmercedinas.com\\\/site\\\/2025\\\/07\\\/05\\\/begona-organiza-una-cata-de-vinos-con-maridaje-en-cinco-pasos-este-sabado-12-en-tomas-jofre\\\/\",\"url\":\"https:\\\/\\\/noticiasmercedinas.com\\\/site\\\/2025\\\/07\\\/05\\\/begona-organiza-una-cata-de-vinos-con-maridaje-en-cinco-pasos-este-sabado-12-en-tomas-jofre\\\/\",\"name\":\"Bego\u00f1a organiza una cata de vinos con maridaje en cinco pasos este s\u00e1bado 12 en Tom\u00e1s Jofr\u00e9\",\"isPartOf\":{\"@id\":\"https:\\\/\\\/noticiasmercedinas.com\\\/site\\\/#website\"},\"primaryImageOfPage\":{\"@id\":\"https:\\\/\\\/noticiasmercedinas.com\\\/site\\\/2025\\\/07\\\/05\\\/begona-organiza-una-cata-de-vinos-con-maridaje-en-cinco-pasos-este-sabado-12-en-tomas-jofre\\\/#primaryimage\"},\"image\":{\"@id\":\"https:\\\/\\\/noticiasmercedinas.com\\\/site\\\/2025\\\/07\\\/05\\\/begona-organiza-una-cata-de-vinos-con-maridaje-en-cinco-pasos-este-sabado-12-en-tomas-jofre\\\/#primaryimage\"},\"thumbnailUrl\":\"https:\\\/\\\/noticiasmercedinas.com\\\/site\\\/wp-content\\\/uploads\\\/2025\\\/07\\\/CATA.jpg\",\"datePublished\":\"2025-07-05T16:50:21+00:00\",\"description\":\"Con la presencia especial de Sebasti\u00e1n Goyenechea, se presentar\u00e1 el nuevo cabernet sauvignon de la bodega en una jornada \u00fanica al aire libre.\",\"breadcrumb\":{\"@id\":\"https:\\\/\\\/noticiasmercedinas.com\\\/site\\\/2025\\\/07\\\/05\\\/begona-organiza-una-cata-de-vinos-con-maridaje-en-cinco-pasos-este-sabado-12-en-tomas-jofre\\\/#breadcrumb\"},\"inLanguage\":\"es\",\"potentialAction\":[{\"@type\":\"ReadAction\",\"target\":[\"https:\\\/\\\/noticiasmercedinas.com\\\/site\\\/2025\\\/07\\\/05\\\/begona-organiza-una-cata-de-vinos-con-maridaje-en-cinco-pasos-este-sabado-12-en-tomas-jofre\\\/\"]}]},{\"@type\":\"ImageObject\",\"inLanguage\":\"es\",\"@id\":\"https:\\\/\\\/noticiasmercedinas.com\\\/site\\\/2025\\\/07\\\/05\\\/begona-organiza-una-cata-de-vinos-con-maridaje-en-cinco-pasos-este-sabado-12-en-tomas-jofre\\\/#primaryimage\",\"url\":\"https:\\\/\\\/noticiasmercedinas.com\\\/site\\\/wp-content\\\/uploads\\\/2025\\\/07\\\/CATA.jpg\",\"contentUrl\":\"https:\\\/\\\/noticiasmercedinas.com\\\/site\\\/wp-content\\\/uploads\\\/2025\\\/07\\\/CATA.jpg\",\"width\":640,\"height\":400},{\"@type\":\"BreadcrumbList\",\"@id\":\"https:\\\/\\\/noticiasmercedinas.com\\\/site\\\/2025\\\/07\\\/05\\\/begona-organiza-una-cata-de-vinos-con-maridaje-en-cinco-pasos-este-sabado-12-en-tomas-jofre\\\/#breadcrumb\",\"itemListElement\":[{\"@type\":\"ListItem\",\"position\":1,\"name\":\"Portada\",\"item\":\"https:\\\/\\\/noticiasmercedinas.com\\\/site\\\/\"},{\"@type\":\"ListItem\",\"position\":2,\"name\":\"Bego\u00f1a organiza una cata de vinos con maridaje en cinco pasos este s\u00e1bado 12 en Tom\u00e1s Jofr\u00e9\"}]},{\"@type\":\"WebSite\",\"@id\":\"https:\\\/\\\/noticiasmercedinas.com\\\/site\\\/#website\",\"url\":\"https:\\\/\\\/noticiasmercedinas.com\\\/site\\\/\",\"name\":\"NOTICIASMERCEDINAS.COM\",\"description\":\"Mercedes, Buenos Aires, Argentina\",\"publisher\":{\"@id\":\"https:\\\/\\\/noticiasmercedinas.com\\\/site\\\/#organization\"},\"potentialAction\":[{\"@type\":\"SearchAction\",\"target\":{\"@type\":\"EntryPoint\",\"urlTemplate\":\"https:\\\/\\\/noticiasmercedinas.com\\\/site\\\/?s={search_term_string}\"},\"query-input\":{\"@type\":\"PropertyValueSpecification\",\"valueRequired\":true,\"valueName\":\"search_term_string\"}}],\"inLanguage\":\"es\"},{\"@type\":\"Organization\",\"@id\":\"https:\\\/\\\/noticiasmercedinas.com\\\/site\\\/#organization\",\"name\":\"NOTICIASMERCEDINAS.COM\",\"url\":\"https:\\\/\\\/noticiasmercedinas.com\\\/site\\\/\",\"logo\":{\"@type\":\"ImageObject\",\"inLanguage\":\"es\",\"@id\":\"https:\\\/\\\/noticiasmercedinas.com\\\/site\\\/#\\\/schema\\\/logo\\\/image\\\/\",\"url\":\"https:\\\/\\\/noticiasmercedinas.com\\\/site\\\/wp-content\\\/uploads\\\/2020\\\/06\\\/LOGO-512.jpg\",\"contentUrl\":\"https:\\\/\\\/noticiasmercedinas.com\\\/site\\\/wp-content\\\/uploads\\\/2020\\\/06\\\/LOGO-512.jpg\",\"width\":512,\"height\":512,\"caption\":\"NOTICIASMERCEDINAS.COM\"},\"image\":{\"@id\":\"https:\\\/\\\/noticiasmercedinas.com\\\/site\\\/#\\\/schema\\\/logo\\\/image\\\/\"},\"sameAs\":[\"https:\\\/\\\/www.facebook.com\\\/noticiasmercedinas\\\/\",\"https:\\\/\\\/x.com\\\/notmercedinas\",\"https:\\\/\\\/www.instagram.com\\\/noticiasmercedinas\\\/\"]},{\"@type\":\"Person\",\"@id\":\"https:\\\/\\\/noticiasmercedinas.com\\\/site\\\/#\\\/schema\\\/person\\\/84b59c099c28ff2e8b77d4ceec5d8063\",\"name\":\"NOTICIASMERCEDINAS.COM\",\"image\":{\"@type\":\"ImageObject\",\"inLanguage\":\"es\",\"@id\":\"https:\\\/\\\/secure.gravatar.com\\\/avatar\\\/4dfbf16b4d17945bfb6341b2d19043457132fcf478a5ee04f42e959fd8f5df0a?s=96&d=mm&r=g\",\"url\":\"https:\\\/\\\/secure.gravatar.com\\\/avatar\\\/4dfbf16b4d17945bfb6341b2d19043457132fcf478a5ee04f42e959fd8f5df0a?s=96&d=mm&r=g\",\"contentUrl\":\"https:\\\/\\\/secure.gravatar.com\\\/avatar\\\/4dfbf16b4d17945bfb6341b2d19043457132fcf478a5ee04f42e959fd8f5df0a?s=96&d=mm&r=g\",\"caption\":\"NOTICIASMERCEDINAS.COM\"},\"url\":\"https:\\\/\\\/noticiasmercedinas.com\\\/site\\\/author\\\/anonimo\\\/\"}]}<\/script>\n<!-- \/ Yoast SEO plugin. -->","yoast_head_json":{"title":"Bego\u00f1a organiza una cata de vinos con maridaje en cinco pasos este s\u00e1bado 12 en Tom\u00e1s Jofr\u00e9","description":"Con la presencia especial de Sebasti\u00e1n Goyenechea, se presentar\u00e1 el nuevo cabernet sauvignon de la bodega en una jornada \u00fanica al aire libre.","robots":{"index":"index","follow":"follow","max-snippet":"max-snippet:-1","max-image-preview":"max-image-preview:large","max-video-preview":"max-video-preview:-1"},"canonical":"https:\/\/noticiasmercedinas.com\/site\/2025\/07\/05\/begona-organiza-una-cata-de-vinos-con-maridaje-en-cinco-pasos-este-sabado-12-en-tomas-jofre\/","og_locale":"es_ES","og_type":"article","og_title":"Bego\u00f1a organiza una cata de vinos con maridaje en cinco pasos este s\u00e1bado 12 en Tom\u00e1s Jofr\u00e9","og_description":"Con la presencia especial de Sebasti\u00e1n Goyenechea, se presentar\u00e1 el nuevo cabernet sauvignon de la bodega en una jornada \u00fanica al aire libre.","og_url":"https:\/\/noticiasmercedinas.com\/site\/2025\/07\/05\/begona-organiza-una-cata-de-vinos-con-maridaje-en-cinco-pasos-este-sabado-12-en-tomas-jofre\/","og_site_name":"NOTICIASMERCEDINAS.COM","article_publisher":"https:\/\/www.facebook.com\/noticiasmercedinas\/","article_published_time":"2025-07-05T16:50:21+00:00","og_image":[{"width":640,"height":400,"url":"https:\/\/noticiasmercedinas.com\/site\/wp-content\/uploads\/2025\/07\/CATA.jpg","type":"image\/jpeg"}],"author":"NOTICIASMERCEDINAS.COM","twitter_card":"summary_large_image","twitter_creator":"@notmercedinas","twitter_site":"@notmercedinas","twitter_misc":{"Escrito por":"NOTICIASMERCEDINAS.COM","Tiempo de lectura":"2 minutos"},"schema":{"@context":"https:\/\/schema.org","@graph":[{"@type":"Article","@id":"https:\/\/noticiasmercedinas.com\/site\/2025\/07\/05\/begona-organiza-una-cata-de-vinos-con-maridaje-en-cinco-pasos-este-sabado-12-en-tomas-jofre\/#article","isPartOf":{"@id":"https:\/\/noticiasmercedinas.com\/site\/2025\/07\/05\/begona-organiza-una-cata-de-vinos-con-maridaje-en-cinco-pasos-este-sabado-12-en-tomas-jofre\/"},"author":{"name":"NOTICIASMERCEDINAS.COM","@id":"https:\/\/noticiasmercedinas.com\/site\/#\/schema\/person\/84b59c099c28ff2e8b77d4ceec5d8063"},"headline":"Bego\u00f1a organiza una cata de vinos con maridaje en cinco pasos este s\u00e1bado 12 en Tom\u00e1s Jofr\u00e9","datePublished":"2025-07-05T16:50:21+00:00","mainEntityOfPage":{"@id":"https:\/\/noticiasmercedinas.com\/site\/2025\/07\/05\/begona-organiza-una-cata-de-vinos-con-maridaje-en-cinco-pasos-este-sabado-12-en-tomas-jofre\/"},"wordCount":215,"publisher":{"@id":"https:\/\/noticiasmercedinas.com\/site\/#organization"},"image":{"@id":"https:\/\/noticiasmercedinas.com\/site\/2025\/07\/05\/begona-organiza-una-cata-de-vinos-con-maridaje-en-cinco-pasos-este-sabado-12-en-tomas-jofre\/#primaryimage"},"thumbnailUrl":"https:\/\/noticiasmercedinas.com\/site\/wp-content\/uploads\/2025\/07\/CATA.jpg","keywords":["bego\u00f1a","cata de vinos"],"articleSection":["Emprendimientos"],"inLanguage":"es"},{"@type":"WebPage","@id":"https:\/\/noticiasmercedinas.com\/site\/2025\/07\/05\/begona-organiza-una-cata-de-vinos-con-maridaje-en-cinco-pasos-este-sabado-12-en-tomas-jofre\/","url":"https:\/\/noticiasmercedinas.com\/site\/2025\/07\/05\/begona-organiza-una-cata-de-vinos-con-maridaje-en-cinco-pasos-este-sabado-12-en-tomas-jofre\/","name":"Bego\u00f1a organiza una cata de vinos con maridaje en cinco pasos este s\u00e1bado 12 en Tom\u00e1s Jofr\u00e9","isPartOf":{"@id":"https:\/\/noticiasmercedinas.com\/site\/#website"},"primaryImageOfPage":{"@id":"https:\/\/noticiasmercedinas.com\/site\/2025\/07\/05\/begona-organiza-una-cata-de-vinos-con-maridaje-en-cinco-pasos-este-sabado-12-en-tomas-jofre\/#primaryimage"},"image":{"@id":"https:\/\/noticiasmercedinas.com\/site\/2025\/07\/05\/begona-organiza-una-cata-de-vinos-con-maridaje-en-cinco-pasos-este-sabado-12-en-tomas-jofre\/#primaryimage"},"thumbnailUrl":"https:\/\/noticiasmercedinas.com\/site\/wp-content\/uploads\/2025\/07\/CATA.jpg","datePublished":"2025-07-05T16:50:21+00:00","description":"Con la presencia especial de Sebasti\u00e1n Goyenechea, se presentar\u00e1 el nuevo cabernet sauvignon de la bodega en una jornada \u00fanica al aire libre.","breadcrumb":{"@id":"https:\/\/noticiasmercedinas.com\/site\/2025\/07\/05\/begona-organiza-una-cata-de-vinos-con-maridaje-en-cinco-pasos-este-sabado-12-en-tomas-jofre\/#breadcrumb"},"inLanguage":"es","potentialAction":[{"@type":"ReadAction","target":["https:\/\/noticiasmercedinas.com\/site\/2025\/07\/05\/begona-organiza-una-cata-de-vinos-con-maridaje-en-cinco-pasos-este-sabado-12-en-tomas-jofre\/"]}]},{"@type":"ImageObject","inLanguage":"es","@id":"https:\/\/noticiasmercedinas.com\/site\/2025\/07\/05\/begona-organiza-una-cata-de-vinos-con-maridaje-en-cinco-pasos-este-sabado-12-en-tomas-jofre\/#primaryimage","url":"https:\/\/noticiasmercedinas.com\/site\/wp-content\/uploads\/2025\/07\/CATA.jpg","contentUrl":"https:\/\/noticiasmercedinas.com\/site\/wp-content\/uploads\/2025\/07\/CATA.jpg","width":640,"height":400},{"@type":"BreadcrumbList","@id":"https:\/\/noticiasmercedinas.com\/site\/2025\/07\/05\/begona-organiza-una-cata-de-vinos-con-maridaje-en-cinco-pasos-este-sabado-12-en-tomas-jofre\/#breadcrumb","itemListElement":[{"@type":"ListItem","position":1,"name":"Portada","item":"https:\/\/noticiasmercedinas.com\/site\/"},{"@type":"ListItem","position":2,"name":"Bego\u00f1a organiza una cata de vinos con maridaje en cinco pasos este s\u00e1bado 12 en Tom\u00e1s Jofr\u00e9"}]},{"@type":"WebSite","@id":"https:\/\/noticiasmercedinas.com\/site\/#website","url":"https:\/\/noticiasmercedinas.com\/site\/","name":"NOTICIASMERCEDINAS.COM","description":"Mercedes, Buenos Aires, Argentina","publisher":{"@id":"https:\/\/noticiasmercedinas.com\/site\/#organization"},"potentialAction":[{"@type":"SearchAction","target":{"@type":"EntryPoint","urlTemplate":"https:\/\/noticiasmercedinas.com\/site\/?s={search_term_string}"},"query-input":{"@type":"PropertyValueSpecification","valueRequired":true,"valueName":"search_term_string"}}],"inLanguage":"es"},{"@type":"Organization","@id":"https:\/\/noticiasmercedinas.com\/site\/#organization","name":"NOTICIASMERCEDINAS.COM","url":"https:\/\/noticiasmercedinas.com\/site\/","logo":{"@type":"ImageObject","inLanguage":"es","@id":"https:\/\/noticiasmercedinas.com\/site\/#\/schema\/logo\/image\/","url":"https:\/\/noticiasmercedinas.com\/site\/wp-content\/uploads\/2020\/06\/LOGO-512.jpg","contentUrl":"https:\/\/noticiasmercedinas.com\/site\/wp-content\/uploads\/2020\/06\/LOGO-512.jpg","width":512,"height":512,"caption":"NOTICIASMERCEDINAS.COM"},"image":{"@id":"https:\/\/noticiasmercedinas.com\/site\/#\/schema\/logo\/image\/"},"sameAs":["https:\/\/www.facebook.com\/noticiasmercedinas\/","https:\/\/x.com\/notmercedinas","https:\/\/www.instagram.com\/noticiasmercedinas\/"]},{"@type":"Person","@id":"https:\/\/noticiasmercedinas.com\/site\/#\/schema\/person\/84b59c099c28ff2e8b77d4ceec5d8063","name":"NOTICIASMERCEDINAS.COM","image":{"@type":"ImageObject","inLanguage":"es","@id":"https:\/\/secure.gravatar.com\/avatar\/4dfbf16b4d17945bfb6341b2d19043457132fcf478a5ee04f42e959fd8f5df0a?s=96&d=mm&r=g","url":"https:\/\/secure.gravatar.com\/avatar\/4dfbf16b4d17945bfb6341b2d19043457132fcf478a5ee04f42e959fd8f5df0a?s=96&d=mm&r=g","contentUrl":"https:\/\/secure.gravatar.com\/avatar\/4dfbf16b4d17945bfb6341b2d19043457132fcf478a5ee04f42e959fd8f5df0a?s=96&d=mm&r=g","caption":"NOTICIASMERCEDINAS.COM"},"url":"https:\/\/noticiasmercedinas.com\/site\/author\/anonimo\/"}]}},"amp_enabled":true,"_links":{"self":[{"href":"https:\/\/noticiasmercedinas.com\/site\/wp-json\/wp\/v2\/posts\/163236","targetHints":{"allow":["GET"]}}],"collection":[{"href":"https:\/\/noticiasmercedinas.com\/site\/wp-json\/wp\/v2\/posts"}],"about":[{"href":"https:\/\/noticiasmercedinas.com\/site\/wp-json\/wp\/v2\/types\/post"}],"author":[{"embeddable":true,"href":"https:\/\/noticiasmercedinas.com\/site\/wp-json\/wp\/v2\/users\/16"}],"replies":[{"embeddable":true,"href":"https:\/\/noticiasmercedinas.com\/site\/wp-json\/wp\/v2\/comments?post=163236"}],"version-history":[{"count":1,"href":"https:\/\/noticiasmercedinas.com\/site\/wp-json\/wp\/v2\/posts\/163236\/revisions"}],"predecessor-version":[{"id":163238,"href":"https:\/\/noticiasmercedinas.com\/site\/wp-json\/wp\/v2\/posts\/163236\/revisions\/163238"}],"wp:featuredmedia":[{"embeddable":true,"href":"https:\/\/noticiasmercedinas.com\/site\/wp-json\/wp\/v2\/media\/163237"}],"wp:attachment":[{"href":"https:\/\/noticiasmercedinas.com\/site\/wp-json\/wp\/v2\/media?parent=163236"}],"wp:term":[{"taxonomy":"category","embeddable":true,"href":"https:\/\/noticiasmercedinas.com\/site\/wp-json\/wp\/v2\/categories?post=163236"},{"taxonomy":"post_tag","embeddable":true,"href":"https:\/\/noticiasmercedinas.com\/site\/wp-json\/wp\/v2\/tags?post=163236"}],"curies":[{"name":"wp","href":"https:\/\/api.w.org\/{rel}","templated":true}]}}