{"id":163298,"date":"2025-07-06T13:02:47","date_gmt":"2025-07-06T16:02:47","guid":{"rendered":"https:\/\/noticiasmercedinas.com\/site\/?p=163298"},"modified":"2025-07-06T13:07:13","modified_gmt":"2025-07-06T16:07:13","slug":"conversatorio-sobre-el-avance-de-las-nuevas-derechas-este-jueves-por-youtube-y-google-meet","status":"publish","type":"post","link":"https:\/\/noticiasmercedinas.com\/site\/2025\/07\/06\/conversatorio-sobre-el-avance-de-las-nuevas-derechas-este-jueves-por-youtube-y-google-meet\/","title":{"rendered":"Conversatorio sobre el avance de las nuevas derechas: este jueves por YouTube y Google Meet"},"content":{"rendered":"<p><img loading=\"lazy\" decoding=\"async\" class=\"alignnone size-full wp-image-163299\" src=\"https:\/\/noticiasmercedinas.com\/site\/wp-content\/uploads\/2025\/07\/1983.jpg\" alt=\"\" width=\"927\" height=\"595\" srcset=\"https:\/\/noticiasmercedinas.com\/site\/wp-content\/uploads\/2025\/07\/1983.jpg 927w, https:\/\/noticiasmercedinas.com\/site\/wp-content\/uploads\/2025\/07\/1983-300x194.jpg 300w, https:\/\/noticiasmercedinas.com\/site\/wp-content\/uploads\/2025\/07\/1983-768x493.jpg 768w, https:\/\/noticiasmercedinas.com\/site\/wp-content\/uploads\/2025\/07\/1983-640x411.jpg 640w, https:\/\/noticiasmercedinas.com\/site\/wp-content\/uploads\/2025\/07\/1983-681x437.jpg 681w\" sizes=\"auto, (max-width: 927px) 100vw, 927px\" \/><\/p>\n<p>El pr\u00f3ximo jueves 10 de julio a las 19:30 horas se llevar\u00e1 a cabo un conversatorio titulado \u201cDemocracias en tensi\u00f3n: el ascenso de las nuevas derechas\u201d, organizado por el Centro Radical 1983. La actividad se podr\u00e1 seguir en vivo a trav\u00e9s de YouTube o Google Meet, con acceso libre para todo el p\u00fablico interesado en la tem\u00e1tica.<\/p>\n<p>El encuentro contar\u00e1 con la participaci\u00f3n de <strong>Juan Franco Traverso<\/strong>, fil\u00f3sofo y docente de la Universidad Nacional de Luj\u00e1n (UNLu), y <strong>Javier Etchart<\/strong>, polit\u00f3logo y profesor asociado en la misma casa de estudios. Tambi\u00e9n estar\u00e1 como invitada <strong>Antonella Moreno<\/strong>, presidenta de la Juventud Radical de Buenos Aires.<\/p>\n<blockquote><p>Estar\u00e1n Juan Franco Traverso, fil\u00f3sofo y docente de la UNLu, y Javier Etchart, polit\u00f3logo y profesor asociado. Ser\u00e1 invitada Antonella Moreno<\/p><\/blockquote>\n<p>La coordinaci\u00f3n general estar\u00e1 a cargo de <strong>D\u00e9bora Lacasa<\/strong>, soci\u00f3loga y concejal de la UCR en Mercedes, quien guiar\u00e1 el desarrollo del intercambio.<\/p>\n<p>Desde el Centro Radical 1983 destacaron la importancia de abrir espacios de an\u00e1lisis frente a los desaf\u00edos que presentan los nuevos movimientos de derecha en el contexto democr\u00e1tico, tanto a nivel nacional como internacional.<\/p>\n<p>El conversatorio busca promover el pensamiento cr\u00edtico y el debate p\u00fablico, en un escenario pol\u00edtico que presenta nuevas tensiones, narrativas y desaf\u00edos para los partidos tradicionales y la ciudadan\u00eda.<\/p>\n<p>Los interesados podr\u00e1n acceder a los links de la transmisi\u00f3n a trav\u00e9s del perfil de redes sociales del Centro Radical 1983. Instagram: <a href=\"https:\/\/www.instagram.com\/centroradical1983\/\">https:\/\/www.instagram.com\/centroradical1983\/<\/a><\/p>\n","protected":false},"excerpt":{"rendered":"<p>\u25a0 La coordinaci\u00f3n general estar\u00e1 a cargo de D\u00e9bora Lacasa, soci\u00f3loga y concejal de la UCR en Mercedes, quien guiar\u00e1 el desarrollo del intercambio. Desde el Centro Radical 1983 destacaron la importancia de abrir espacios de an\u00e1lisis<\/p>\n","protected":false},"author":16,"featured_media":163299,"comment_status":"closed","ping_status":"closed","sticky":false,"template":"","format":"standard","meta":{"footnotes":""},"categories":[16],"tags":[20406,20254,12446,15351,20405],"class_list":["post-163298","post","type-post","status-publish","format-standard","has-post-thumbnail","hentry","category-politica","tag-antonella-moreno","tag-centro-radical-1983","tag-debora-lacasa","tag-javier-etchart","tag-juan-franco-traverso"],"yoast_head":"<!-- This site is optimized with the Yoast SEO plugin v27.5 - https:\/\/yoast.com\/product\/yoast-seo-wordpress\/ -->\n<title>Conversatorio sobre el avance de las nuevas derechas: este jueves por YouTube y Google Meet<\/title>\n<meta name=\"description\" content=\"La coordinaci\u00f3n general estar\u00e1 a cargo de D\u00e9bora Lacasa, soci\u00f3loga y concejal de la UCR en Mercedes, quien guiar\u00e1 el desarrollo del intercambio. Desde el Centro Radical 1983 destacaron la importancia de abrir espacios de an\u00e1lisis\" \/>\n<meta name=\"robots\" content=\"index, follow, max-snippet:-1, max-image-preview:large, max-video-preview:-1\" \/>\n<link rel=\"canonical\" href=\"https:\/\/noticiasmercedinas.com\/site\/2025\/07\/06\/conversatorio-sobre-el-avance-de-las-nuevas-derechas-este-jueves-por-youtube-y-google-meet\/\" \/>\n<meta property=\"og:locale\" content=\"es_ES\" \/>\n<meta property=\"og:type\" content=\"article\" \/>\n<meta property=\"og:title\" content=\"Conversatorio sobre el avance de las nuevas derechas: este jueves por YouTube y Google Meet\" \/>\n<meta property=\"og:description\" content=\"La coordinaci\u00f3n general estar\u00e1 a cargo de D\u00e9bora Lacasa, soci\u00f3loga y concejal de la UCR en Mercedes, quien guiar\u00e1 el desarrollo del intercambio. Desde el Centro Radical 1983 destacaron la importancia de abrir espacios de an\u00e1lisis\" \/>\n<meta property=\"og:url\" content=\"https:\/\/noticiasmercedinas.com\/site\/2025\/07\/06\/conversatorio-sobre-el-avance-de-las-nuevas-derechas-este-jueves-por-youtube-y-google-meet\/\" \/>\n<meta property=\"og:site_name\" content=\"NOTICIASMERCEDINAS.COM\" \/>\n<meta property=\"article:publisher\" content=\"https:\/\/www.facebook.com\/noticiasmercedinas\/\" \/>\n<meta property=\"article:published_time\" content=\"2025-07-06T16:02:47+00:00\" \/>\n<meta property=\"article:modified_time\" content=\"2025-07-06T16:07:13+00:00\" \/>\n<meta property=\"og:image\" content=\"https:\/\/noticiasmercedinas.com\/site\/wp-content\/uploads\/2025\/07\/1983.jpg\" \/>\n\t<meta property=\"og:image:width\" content=\"927\" \/>\n\t<meta property=\"og:image:height\" content=\"595\" \/>\n\t<meta property=\"og:image:type\" content=\"image\/jpeg\" \/>\n<meta name=\"author\" content=\"NOTICIASMERCEDINAS.COM\" \/>\n<meta name=\"twitter:card\" content=\"summary_large_image\" \/>\n<meta name=\"twitter:creator\" content=\"@notmercedinas\" \/>\n<meta name=\"twitter:site\" content=\"@notmercedinas\" \/>\n<meta name=\"twitter:label1\" content=\"Escrito por\" \/>\n\t<meta name=\"twitter:data1\" content=\"NOTICIASMERCEDINAS.COM\" \/>\n\t<meta name=\"twitter:label2\" content=\"Tiempo de lectura\" \/>\n\t<meta name=\"twitter:data2\" content=\"2 minutos\" \/>\n<script type=\"application\/ld+json\" class=\"yoast-schema-graph\">{\"@context\":\"https:\\\/\\\/schema.org\",\"@graph\":[{\"@type\":\"Article\",\"@id\":\"https:\\\/\\\/noticiasmercedinas.com\\\/site\\\/2025\\\/07\\\/06\\\/conversatorio-sobre-el-avance-de-las-nuevas-derechas-este-jueves-por-youtube-y-google-meet\\\/#article\",\"isPartOf\":{\"@id\":\"https:\\\/\\\/noticiasmercedinas.com\\\/site\\\/2025\\\/07\\\/06\\\/conversatorio-sobre-el-avance-de-las-nuevas-derechas-este-jueves-por-youtube-y-google-meet\\\/\"},\"author\":{\"name\":\"NOTICIASMERCEDINAS.COM\",\"@id\":\"https:\\\/\\\/noticiasmercedinas.com\\\/site\\\/#\\\/schema\\\/person\\\/84b59c099c28ff2e8b77d4ceec5d8063\"},\"headline\":\"Conversatorio sobre el avance de las nuevas derechas: este jueves por YouTube y Google Meet\",\"datePublished\":\"2025-07-06T16:02:47+00:00\",\"dateModified\":\"2025-07-06T16:07:13+00:00\",\"mainEntityOfPage\":{\"@id\":\"https:\\\/\\\/noticiasmercedinas.com\\\/site\\\/2025\\\/07\\\/06\\\/conversatorio-sobre-el-avance-de-las-nuevas-derechas-este-jueves-por-youtube-y-google-meet\\\/\"},\"wordCount\":275,\"publisher\":{\"@id\":\"https:\\\/\\\/noticiasmercedinas.com\\\/site\\\/#organization\"},\"image\":{\"@id\":\"https:\\\/\\\/noticiasmercedinas.com\\\/site\\\/2025\\\/07\\\/06\\\/conversatorio-sobre-el-avance-de-las-nuevas-derechas-este-jueves-por-youtube-y-google-meet\\\/#primaryimage\"},\"thumbnailUrl\":\"https:\\\/\\\/noticiasmercedinas.com\\\/site\\\/wp-content\\\/uploads\\\/2025\\\/07\\\/1983.jpg\",\"keywords\":[\"Antonella Moreno\",\"centro radical 1983\",\"Debora Lacasa\",\"javier etchart\",\"Juan Franco Traverso\"],\"articleSection\":[\"Politica\"],\"inLanguage\":\"es\"},{\"@type\":\"WebPage\",\"@id\":\"https:\\\/\\\/noticiasmercedinas.com\\\/site\\\/2025\\\/07\\\/06\\\/conversatorio-sobre-el-avance-de-las-nuevas-derechas-este-jueves-por-youtube-y-google-meet\\\/\",\"url\":\"https:\\\/\\\/noticiasmercedinas.com\\\/site\\\/2025\\\/07\\\/06\\\/conversatorio-sobre-el-avance-de-las-nuevas-derechas-este-jueves-por-youtube-y-google-meet\\\/\",\"name\":\"Conversatorio sobre el avance de las nuevas derechas: este jueves por YouTube y Google Meet\",\"isPartOf\":{\"@id\":\"https:\\\/\\\/noticiasmercedinas.com\\\/site\\\/#website\"},\"primaryImageOfPage\":{\"@id\":\"https:\\\/\\\/noticiasmercedinas.com\\\/site\\\/2025\\\/07\\\/06\\\/conversatorio-sobre-el-avance-de-las-nuevas-derechas-este-jueves-por-youtube-y-google-meet\\\/#primaryimage\"},\"image\":{\"@id\":\"https:\\\/\\\/noticiasmercedinas.com\\\/site\\\/2025\\\/07\\\/06\\\/conversatorio-sobre-el-avance-de-las-nuevas-derechas-este-jueves-por-youtube-y-google-meet\\\/#primaryimage\"},\"thumbnailUrl\":\"https:\\\/\\\/noticiasmercedinas.com\\\/site\\\/wp-content\\\/uploads\\\/2025\\\/07\\\/1983.jpg\",\"datePublished\":\"2025-07-06T16:02:47+00:00\",\"dateModified\":\"2025-07-06T16:07:13+00:00\",\"description\":\"La coordinaci\u00f3n general estar\u00e1 a cargo de D\u00e9bora Lacasa, soci\u00f3loga y concejal de la UCR en Mercedes, quien guiar\u00e1 el desarrollo del intercambio. Desde el Centro Radical 1983 destacaron la importancia de abrir espacios de an\u00e1lisis\",\"breadcrumb\":{\"@id\":\"https:\\\/\\\/noticiasmercedinas.com\\\/site\\\/2025\\\/07\\\/06\\\/conversatorio-sobre-el-avance-de-las-nuevas-derechas-este-jueves-por-youtube-y-google-meet\\\/#breadcrumb\"},\"inLanguage\":\"es\",\"potentialAction\":[{\"@type\":\"ReadAction\",\"target\":[\"https:\\\/\\\/noticiasmercedinas.com\\\/site\\\/2025\\\/07\\\/06\\\/conversatorio-sobre-el-avance-de-las-nuevas-derechas-este-jueves-por-youtube-y-google-meet\\\/\"]}]},{\"@type\":\"ImageObject\",\"inLanguage\":\"es\",\"@id\":\"https:\\\/\\\/noticiasmercedinas.com\\\/site\\\/2025\\\/07\\\/06\\\/conversatorio-sobre-el-avance-de-las-nuevas-derechas-este-jueves-por-youtube-y-google-meet\\\/#primaryimage\",\"url\":\"https:\\\/\\\/noticiasmercedinas.com\\\/site\\\/wp-content\\\/uploads\\\/2025\\\/07\\\/1983.jpg\",\"contentUrl\":\"https:\\\/\\\/noticiasmercedinas.com\\\/site\\\/wp-content\\\/uploads\\\/2025\\\/07\\\/1983.jpg\",\"width\":927,\"height\":595},{\"@type\":\"BreadcrumbList\",\"@id\":\"https:\\\/\\\/noticiasmercedinas.com\\\/site\\\/2025\\\/07\\\/06\\\/conversatorio-sobre-el-avance-de-las-nuevas-derechas-este-jueves-por-youtube-y-google-meet\\\/#breadcrumb\",\"itemListElement\":[{\"@type\":\"ListItem\",\"position\":1,\"name\":\"Portada\",\"item\":\"https:\\\/\\\/noticiasmercedinas.com\\\/site\\\/\"},{\"@type\":\"ListItem\",\"position\":2,\"name\":\"Conversatorio sobre el avance de las nuevas derechas: este jueves por YouTube y Google Meet\"}]},{\"@type\":\"WebSite\",\"@id\":\"https:\\\/\\\/noticiasmercedinas.com\\\/site\\\/#website\",\"url\":\"https:\\\/\\\/noticiasmercedinas.com\\\/site\\\/\",\"name\":\"NOTICIASMERCEDINAS.COM\",\"description\":\"Mercedes, Buenos Aires, Argentina\",\"publisher\":{\"@id\":\"https:\\\/\\\/noticiasmercedinas.com\\\/site\\\/#organization\"},\"potentialAction\":[{\"@type\":\"SearchAction\",\"target\":{\"@type\":\"EntryPoint\",\"urlTemplate\":\"https:\\\/\\\/noticiasmercedinas.com\\\/site\\\/?s={search_term_string}\"},\"query-input\":{\"@type\":\"PropertyValueSpecification\",\"valueRequired\":true,\"valueName\":\"search_term_string\"}}],\"inLanguage\":\"es\"},{\"@type\":\"Organization\",\"@id\":\"https:\\\/\\\/noticiasmercedinas.com\\\/site\\\/#organization\",\"name\":\"NOTICIASMERCEDINAS.COM\",\"url\":\"https:\\\/\\\/noticiasmercedinas.com\\\/site\\\/\",\"logo\":{\"@type\":\"ImageObject\",\"inLanguage\":\"es\",\"@id\":\"https:\\\/\\\/noticiasmercedinas.com\\\/site\\\/#\\\/schema\\\/logo\\\/image\\\/\",\"url\":\"https:\\\/\\\/noticiasmercedinas.com\\\/site\\\/wp-content\\\/uploads\\\/2020\\\/06\\\/LOGO-512.jpg\",\"contentUrl\":\"https:\\\/\\\/noticiasmercedinas.com\\\/site\\\/wp-content\\\/uploads\\\/2020\\\/06\\\/LOGO-512.jpg\",\"width\":512,\"height\":512,\"caption\":\"NOTICIASMERCEDINAS.COM\"},\"image\":{\"@id\":\"https:\\\/\\\/noticiasmercedinas.com\\\/site\\\/#\\\/schema\\\/logo\\\/image\\\/\"},\"sameAs\":[\"https:\\\/\\\/www.facebook.com\\\/noticiasmercedinas\\\/\",\"https:\\\/\\\/x.com\\\/notmercedinas\",\"https:\\\/\\\/www.instagram.com\\\/noticiasmercedinas\\\/\"]},{\"@type\":\"Person\",\"@id\":\"https:\\\/\\\/noticiasmercedinas.com\\\/site\\\/#\\\/schema\\\/person\\\/84b59c099c28ff2e8b77d4ceec5d8063\",\"name\":\"NOTICIASMERCEDINAS.COM\",\"image\":{\"@type\":\"ImageObject\",\"inLanguage\":\"es\",\"@id\":\"https:\\\/\\\/secure.gravatar.com\\\/avatar\\\/4dfbf16b4d17945bfb6341b2d19043457132fcf478a5ee04f42e959fd8f5df0a?s=96&d=mm&r=g\",\"url\":\"https:\\\/\\\/secure.gravatar.com\\\/avatar\\\/4dfbf16b4d17945bfb6341b2d19043457132fcf478a5ee04f42e959fd8f5df0a?s=96&d=mm&r=g\",\"contentUrl\":\"https:\\\/\\\/secure.gravatar.com\\\/avatar\\\/4dfbf16b4d17945bfb6341b2d19043457132fcf478a5ee04f42e959fd8f5df0a?s=96&d=mm&r=g\",\"caption\":\"NOTICIASMERCEDINAS.COM\"},\"url\":\"https:\\\/\\\/noticiasmercedinas.com\\\/site\\\/author\\\/anonimo\\\/\"}]}<\/script>\n<!-- \/ Yoast SEO plugin. -->","yoast_head_json":{"title":"Conversatorio sobre el avance de las nuevas derechas: este jueves por YouTube y Google Meet","description":"La coordinaci\u00f3n general estar\u00e1 a cargo de D\u00e9bora Lacasa, soci\u00f3loga y concejal de la UCR en Mercedes, quien guiar\u00e1 el desarrollo del intercambio. Desde el Centro Radical 1983 destacaron la importancia de abrir espacios de an\u00e1lisis","robots":{"index":"index","follow":"follow","max-snippet":"max-snippet:-1","max-image-preview":"max-image-preview:large","max-video-preview":"max-video-preview:-1"},"canonical":"https:\/\/noticiasmercedinas.com\/site\/2025\/07\/06\/conversatorio-sobre-el-avance-de-las-nuevas-derechas-este-jueves-por-youtube-y-google-meet\/","og_locale":"es_ES","og_type":"article","og_title":"Conversatorio sobre el avance de las nuevas derechas: este jueves por YouTube y Google Meet","og_description":"La coordinaci\u00f3n general estar\u00e1 a cargo de D\u00e9bora Lacasa, soci\u00f3loga y concejal de la UCR en Mercedes, quien guiar\u00e1 el desarrollo del intercambio. Desde el Centro Radical 1983 destacaron la importancia de abrir espacios de an\u00e1lisis","og_url":"https:\/\/noticiasmercedinas.com\/site\/2025\/07\/06\/conversatorio-sobre-el-avance-de-las-nuevas-derechas-este-jueves-por-youtube-y-google-meet\/","og_site_name":"NOTICIASMERCEDINAS.COM","article_publisher":"https:\/\/www.facebook.com\/noticiasmercedinas\/","article_published_time":"2025-07-06T16:02:47+00:00","article_modified_time":"2025-07-06T16:07:13+00:00","og_image":[{"width":927,"height":595,"url":"https:\/\/noticiasmercedinas.com\/site\/wp-content\/uploads\/2025\/07\/1983.jpg","type":"image\/jpeg"}],"author":"NOTICIASMERCEDINAS.COM","twitter_card":"summary_large_image","twitter_creator":"@notmercedinas","twitter_site":"@notmercedinas","twitter_misc":{"Escrito por":"NOTICIASMERCEDINAS.COM","Tiempo de lectura":"2 minutos"},"schema":{"@context":"https:\/\/schema.org","@graph":[{"@type":"Article","@id":"https:\/\/noticiasmercedinas.com\/site\/2025\/07\/06\/conversatorio-sobre-el-avance-de-las-nuevas-derechas-este-jueves-por-youtube-y-google-meet\/#article","isPartOf":{"@id":"https:\/\/noticiasmercedinas.com\/site\/2025\/07\/06\/conversatorio-sobre-el-avance-de-las-nuevas-derechas-este-jueves-por-youtube-y-google-meet\/"},"author":{"name":"NOTICIASMERCEDINAS.COM","@id":"https:\/\/noticiasmercedinas.com\/site\/#\/schema\/person\/84b59c099c28ff2e8b77d4ceec5d8063"},"headline":"Conversatorio sobre el avance de las nuevas derechas: este jueves por YouTube y Google Meet","datePublished":"2025-07-06T16:02:47+00:00","dateModified":"2025-07-06T16:07:13+00:00","mainEntityOfPage":{"@id":"https:\/\/noticiasmercedinas.com\/site\/2025\/07\/06\/conversatorio-sobre-el-avance-de-las-nuevas-derechas-este-jueves-por-youtube-y-google-meet\/"},"wordCount":275,"publisher":{"@id":"https:\/\/noticiasmercedinas.com\/site\/#organization"},"image":{"@id":"https:\/\/noticiasmercedinas.com\/site\/2025\/07\/06\/conversatorio-sobre-el-avance-de-las-nuevas-derechas-este-jueves-por-youtube-y-google-meet\/#primaryimage"},"thumbnailUrl":"https:\/\/noticiasmercedinas.com\/site\/wp-content\/uploads\/2025\/07\/1983.jpg","keywords":["Antonella Moreno","centro radical 1983","Debora Lacasa","javier etchart","Juan Franco Traverso"],"articleSection":["Politica"],"inLanguage":"es"},{"@type":"WebPage","@id":"https:\/\/noticiasmercedinas.com\/site\/2025\/07\/06\/conversatorio-sobre-el-avance-de-las-nuevas-derechas-este-jueves-por-youtube-y-google-meet\/","url":"https:\/\/noticiasmercedinas.com\/site\/2025\/07\/06\/conversatorio-sobre-el-avance-de-las-nuevas-derechas-este-jueves-por-youtube-y-google-meet\/","name":"Conversatorio sobre el avance de las nuevas derechas: este jueves por YouTube y Google Meet","isPartOf":{"@id":"https:\/\/noticiasmercedinas.com\/site\/#website"},"primaryImageOfPage":{"@id":"https:\/\/noticiasmercedinas.com\/site\/2025\/07\/06\/conversatorio-sobre-el-avance-de-las-nuevas-derechas-este-jueves-por-youtube-y-google-meet\/#primaryimage"},"image":{"@id":"https:\/\/noticiasmercedinas.com\/site\/2025\/07\/06\/conversatorio-sobre-el-avance-de-las-nuevas-derechas-este-jueves-por-youtube-y-google-meet\/#primaryimage"},"thumbnailUrl":"https:\/\/noticiasmercedinas.com\/site\/wp-content\/uploads\/2025\/07\/1983.jpg","datePublished":"2025-07-06T16:02:47+00:00","dateModified":"2025-07-06T16:07:13+00:00","description":"La coordinaci\u00f3n general estar\u00e1 a cargo de D\u00e9bora Lacasa, soci\u00f3loga y concejal de la UCR en Mercedes, quien guiar\u00e1 el desarrollo del intercambio. Desde el Centro Radical 1983 destacaron la importancia de abrir espacios de an\u00e1lisis","breadcrumb":{"@id":"https:\/\/noticiasmercedinas.com\/site\/2025\/07\/06\/conversatorio-sobre-el-avance-de-las-nuevas-derechas-este-jueves-por-youtube-y-google-meet\/#breadcrumb"},"inLanguage":"es","potentialAction":[{"@type":"ReadAction","target":["https:\/\/noticiasmercedinas.com\/site\/2025\/07\/06\/conversatorio-sobre-el-avance-de-las-nuevas-derechas-este-jueves-por-youtube-y-google-meet\/"]}]},{"@type":"ImageObject","inLanguage":"es","@id":"https:\/\/noticiasmercedinas.com\/site\/2025\/07\/06\/conversatorio-sobre-el-avance-de-las-nuevas-derechas-este-jueves-por-youtube-y-google-meet\/#primaryimage","url":"https:\/\/noticiasmercedinas.com\/site\/wp-content\/uploads\/2025\/07\/1983.jpg","contentUrl":"https:\/\/noticiasmercedinas.com\/site\/wp-content\/uploads\/2025\/07\/1983.jpg","width":927,"height":595},{"@type":"BreadcrumbList","@id":"https:\/\/noticiasmercedinas.com\/site\/2025\/07\/06\/conversatorio-sobre-el-avance-de-las-nuevas-derechas-este-jueves-por-youtube-y-google-meet\/#breadcrumb","itemListElement":[{"@type":"ListItem","position":1,"name":"Portada","item":"https:\/\/noticiasmercedinas.com\/site\/"},{"@type":"ListItem","position":2,"name":"Conversatorio sobre el avance de las nuevas derechas: este jueves por YouTube y Google Meet"}]},{"@type":"WebSite","@id":"https:\/\/noticiasmercedinas.com\/site\/#website","url":"https:\/\/noticiasmercedinas.com\/site\/","name":"NOTICIASMERCEDINAS.COM","description":"Mercedes, Buenos Aires, Argentina","publisher":{"@id":"https:\/\/noticiasmercedinas.com\/site\/#organization"},"potentialAction":[{"@type":"SearchAction","target":{"@type":"EntryPoint","urlTemplate":"https:\/\/noticiasmercedinas.com\/site\/?s={search_term_string}"},"query-input":{"@type":"PropertyValueSpecification","valueRequired":true,"valueName":"search_term_string"}}],"inLanguage":"es"},{"@type":"Organization","@id":"https:\/\/noticiasmercedinas.com\/site\/#organization","name":"NOTICIASMERCEDINAS.COM","url":"https:\/\/noticiasmercedinas.com\/site\/","logo":{"@type":"ImageObject","inLanguage":"es","@id":"https:\/\/noticiasmercedinas.com\/site\/#\/schema\/logo\/image\/","url":"https:\/\/noticiasmercedinas.com\/site\/wp-content\/uploads\/2020\/06\/LOGO-512.jpg","contentUrl":"https:\/\/noticiasmercedinas.com\/site\/wp-content\/uploads\/2020\/06\/LOGO-512.jpg","width":512,"height":512,"caption":"NOTICIASMERCEDINAS.COM"},"image":{"@id":"https:\/\/noticiasmercedinas.com\/site\/#\/schema\/logo\/image\/"},"sameAs":["https:\/\/www.facebook.com\/noticiasmercedinas\/","https:\/\/x.com\/notmercedinas","https:\/\/www.instagram.com\/noticiasmercedinas\/"]},{"@type":"Person","@id":"https:\/\/noticiasmercedinas.com\/site\/#\/schema\/person\/84b59c099c28ff2e8b77d4ceec5d8063","name":"NOTICIASMERCEDINAS.COM","image":{"@type":"ImageObject","inLanguage":"es","@id":"https:\/\/secure.gravatar.com\/avatar\/4dfbf16b4d17945bfb6341b2d19043457132fcf478a5ee04f42e959fd8f5df0a?s=96&d=mm&r=g","url":"https:\/\/secure.gravatar.com\/avatar\/4dfbf16b4d17945bfb6341b2d19043457132fcf478a5ee04f42e959fd8f5df0a?s=96&d=mm&r=g","contentUrl":"https:\/\/secure.gravatar.com\/avatar\/4dfbf16b4d17945bfb6341b2d19043457132fcf478a5ee04f42e959fd8f5df0a?s=96&d=mm&r=g","caption":"NOTICIASMERCEDINAS.COM"},"url":"https:\/\/noticiasmercedinas.com\/site\/author\/anonimo\/"}]}},"amp_enabled":true,"_links":{"self":[{"href":"https:\/\/noticiasmercedinas.com\/site\/wp-json\/wp\/v2\/posts\/163298","targetHints":{"allow":["GET"]}}],"collection":[{"href":"https:\/\/noticiasmercedinas.com\/site\/wp-json\/wp\/v2\/posts"}],"about":[{"href":"https:\/\/noticiasmercedinas.com\/site\/wp-json\/wp\/v2\/types\/post"}],"author":[{"embeddable":true,"href":"https:\/\/noticiasmercedinas.com\/site\/wp-json\/wp\/v2\/users\/16"}],"replies":[{"embeddable":true,"href":"https:\/\/noticiasmercedinas.com\/site\/wp-json\/wp\/v2\/comments?post=163298"}],"version-history":[{"count":2,"href":"https:\/\/noticiasmercedinas.com\/site\/wp-json\/wp\/v2\/posts\/163298\/revisions"}],"predecessor-version":[{"id":163301,"href":"https:\/\/noticiasmercedinas.com\/site\/wp-json\/wp\/v2\/posts\/163298\/revisions\/163301"}],"wp:featuredmedia":[{"embeddable":true,"href":"https:\/\/noticiasmercedinas.com\/site\/wp-json\/wp\/v2\/media\/163299"}],"wp:attachment":[{"href":"https:\/\/noticiasmercedinas.com\/site\/wp-json\/wp\/v2\/media?parent=163298"}],"wp:term":[{"taxonomy":"category","embeddable":true,"href":"https:\/\/noticiasmercedinas.com\/site\/wp-json\/wp\/v2\/categories?post=163298"},{"taxonomy":"post_tag","embeddable":true,"href":"https:\/\/noticiasmercedinas.com\/site\/wp-json\/wp\/v2\/tags?post=163298"}],"curies":[{"name":"wp","href":"https:\/\/api.w.org\/{rel}","templated":true}]}}