{"id":163426,"date":"2025-07-07T11:05:34","date_gmt":"2025-07-07T14:05:34","guid":{"rendered":"https:\/\/noticiasmercedinas.com\/site\/?p=163426"},"modified":"2025-07-07T11:06:07","modified_gmt":"2025-07-07T14:06:07","slug":"cine-danton-o-la-revolucion-al-borde-del-abismo","status":"publish","type":"post","link":"https:\/\/noticiasmercedinas.com\/site\/2025\/07\/07\/cine-danton-o-la-revolucion-al-borde-del-abismo\/","title":{"rendered":"Cine:\u00a0Danton o la Revoluci\u00f3n al borde del abismo"},"content":{"rendered":"<p><img loading=\"lazy\" decoding=\"async\" class=\"alignnone size-full wp-image-163428\" src=\"https:\/\/noticiasmercedinas.com\/site\/wp-content\/uploads\/2025\/07\/766d58d4-9960-458d-a991-1051bfbf4e7a-e1751897049867.jpg\" alt=\"\" width=\"868\" height=\"702\" srcset=\"https:\/\/noticiasmercedinas.com\/site\/wp-content\/uploads\/2025\/07\/766d58d4-9960-458d-a991-1051bfbf4e7a-e1751897049867.jpg 868w, https:\/\/noticiasmercedinas.com\/site\/wp-content\/uploads\/2025\/07\/766d58d4-9960-458d-a991-1051bfbf4e7a-e1751897049867-300x243.jpg 300w, https:\/\/noticiasmercedinas.com\/site\/wp-content\/uploads\/2025\/07\/766d58d4-9960-458d-a991-1051bfbf4e7a-e1751897049867-768x621.jpg 768w, https:\/\/noticiasmercedinas.com\/site\/wp-content\/uploads\/2025\/07\/766d58d4-9960-458d-a991-1051bfbf4e7a-e1751897049867-640x518.jpg 640w, https:\/\/noticiasmercedinas.com\/site\/wp-content\/uploads\/2025\/07\/766d58d4-9960-458d-a991-1051bfbf4e7a-e1751897049867-681x551.jpg 681w\" sizes=\"auto, (max-width: 868px) 100vw, 868px\" \/><\/p>\n<p><i><span style=\"font-weight: 400;\"><b>Escribe Carlos Mar\u00eda Dieuzeide para Noticias Mercedinas.<\/b><\/span><\/i><\/p>\n<p><i><span style=\"font-weight: 400;\">El pr\u00f3ximo viernes 11 de julio, dentro del ciclo Universo Cine que organiza el CADJM se proyectar\u00e1 el film Danton (1983) del director Andrzej Wajda y con guion de Jean-Claude Carri\u00e8re. Esta actividad es compartida con la Alianza Francesa de Mercedes con motivo del 236\u00b0 aniversario de la Revoluci\u00f3n francesa<\/span><\/i><\/p>\n<p><span style=\"font-weight: 400;\">El 14 de julio de 1789 tuvo lugar un acontecimiento que marc\u00f3 la vida pol\u00edtica de Occidente de manera decisiva: la toma de la Bastilla, una fortaleza que proteg\u00eda el costado oriental de la ciudad de Par\u00eds y que durante la mayor parte de su historia fue usada como una prisi\u00f3n estatal por los reyes de Francia.<\/span><\/p>\n<p><span style=\"font-weight: 400;\">Sabemos que todo proceso revolucionario no se concentra en un d\u00eda o un espacio determinado, pero para la historiograf\u00eda las fechas son esenciales y en este caso ese d\u00eda convulsion\u00f3 para siempre un r\u00e9gimen arcaico que dio un nuevo sentido a la Historia. De all\u00ed que el 14 de julio sea la fiesta patria en Francia, pero tambi\u00e9n un d\u00eda determinante para la historia occidental.<\/span><\/p>\n<blockquote><p><span style=\"font-weight: 400;\">Ese d\u00eda convulsion\u00f3 para siempre un r\u00e9gimen arcaico que dio un nuevo sentido a la Historia. De all\u00ed que el 14 de julio sea la fiesta patria en Francia, pero tambi\u00e9n un d\u00eda determinante para la historia occidental.<\/span><\/p><\/blockquote>\n<p><span style=\"font-weight: 400;\">La Historia suele contar ese acontecimiento desde el punto de vista de los grandes personajes que, en realidad, jam\u00e1s estuvieron all\u00ed presentes. Los verdaderos protagonistas de ese momento fueron personas an\u00f3nimas impulsadas por las necesidades, por la falta de lo indispensable para vivir.\u00a0<\/span><\/p>\n<p><img loading=\"lazy\" decoding=\"async\" class=\"alignnone size-full wp-image-163429\" src=\"https:\/\/noticiasmercedinas.com\/site\/wp-content\/uploads\/2025\/07\/75ac8f25-e6a7-4be6-b451-a03c1dae35f8.jpg\" alt=\"\" width=\"893\" height=\"1280\" srcset=\"https:\/\/noticiasmercedinas.com\/site\/wp-content\/uploads\/2025\/07\/75ac8f25-e6a7-4be6-b451-a03c1dae35f8.jpg 893w, https:\/\/noticiasmercedinas.com\/site\/wp-content\/uploads\/2025\/07\/75ac8f25-e6a7-4be6-b451-a03c1dae35f8-209x300.jpg 209w, https:\/\/noticiasmercedinas.com\/site\/wp-content\/uploads\/2025\/07\/75ac8f25-e6a7-4be6-b451-a03c1dae35f8-714x1024.jpg 714w, https:\/\/noticiasmercedinas.com\/site\/wp-content\/uploads\/2025\/07\/75ac8f25-e6a7-4be6-b451-a03c1dae35f8-768x1101.jpg 768w, https:\/\/noticiasmercedinas.com\/site\/wp-content\/uploads\/2025\/07\/75ac8f25-e6a7-4be6-b451-a03c1dae35f8-640x917.jpg 640w, https:\/\/noticiasmercedinas.com\/site\/wp-content\/uploads\/2025\/07\/75ac8f25-e6a7-4be6-b451-a03c1dae35f8-681x976.jpg 681w\" sizes=\"auto, (max-width: 893px) 100vw, 893px\" \/><\/p>\n<p><span style=\"font-weight: 400;\">Como toda revoluci\u00f3n, esta tambi\u00e9n tuvo sus luces y sus sombras y distintas etapas en la que destacaron las principales figuras pol\u00edticas del momento. Dos de ellos fueron Georges-Jacques Danton y Maximilien Robespierre que en un principio eran aliados claves.\u00a0\u00a0<\/span><\/p>\n<p><span style=\"font-weight: 400;\">Ambos eran abogados talentosos y compart\u00edan el fervor por las nuevas ideas republicanas. Sin embargo, su relaci\u00f3n se deterior\u00f3 y la enemistad entre ellos se debi\u00f3 a una serie de factores, principalmente sus visiones divergentes sobre el rumbo de la Revoluci\u00f3n y el uso del terror.\u00a0<\/span><\/p>\n<p><span style=\"font-weight: 400;\">Danton, aunque inicialmente un l\u00edder radical, lleg\u00f3 a abogar por una postura m\u00e1s moderada a medida que la Revoluci\u00f3n avanzaba. Cre\u00eda que la fase m\u00e1s violenta, el Terror, ya no era necesaria una vez que las amenazas internas y externas a la Rep\u00fablica hab\u00edan disminuido. Buscaba la reconciliaci\u00f3n y el fin de las ejecuciones masivas.<\/span><\/p>\n<p><span style=\"font-weight: 400;\">Robespierre, conocido como El Incorruptible, se convirti\u00f3 en el principal impulsor y s\u00edmbolo del Reinado del Terror. Para \u00e9l, el terror era una herramienta necesaria para purgar la Rep\u00fablica de sus enemigos y asegurar la virtud. Cre\u00eda que cualquier disidencia era una amenaza para la Revoluci\u00f3n.<\/span><\/p>\n<p><span style=\"font-weight: 400;\">Precisamente, el film de Wajda se centra en la etapa final del enfrentamiento entre ambos personajes. Toda la pel\u00edcula es una magistral contraposici\u00f3n de las palabras que sirvieron a la Revoluci\u00f3n y los hechos. Las declaraciones, los valores revolucionarios, las proclamas operan como un subrayado sarc\u00e1stico de las im\u00e1genes que se ven en la pantalla.<\/span><\/p>\n<p><span style=\"font-weight: 400;\">La descripci\u00f3n de los personajes es extraordinaria, los discursos parecen sacados de los verdaderos de la Asamblea Nacional, tanto en esp\u00edritu como en sentido, como en formas. Se recrea la Paris de entonces en su fervor revolucionario y en su drama social de una manera muy fiel a la historia.\u00a0<\/span><\/p>\n<p><span style=\"font-weight: 400;\">La narrativa no cae en ning\u00fan momento en la glorificaci\u00f3n de nada ni de nadie, ni siquiera de Danton. El drama de los personajes, su idealismo y su extra\u00f1a personalidad queda reflejada magn\u00edficamente.\u00a0<\/span><\/p>\n<p><span style=\"font-weight: 400;\">Wajda retrata con maestr\u00eda el ambiente de caos, entusiasmo y terror de aquellos fren\u00e9ticos momentos y c\u00f3mo toda revoluci\u00f3n degenera en canibalismo moral y soci\u00f3pata, enfrentando el idealismo revolucionario asc\u00e9tico y fan\u00e1tico de Robespierre con el realismo revolucionario de Danton, aunque la tesis principal de Wajda y Carri\u00e8re sea que ning\u00fan revolucionario es del todo inocente.<\/span><\/p>\n<p><span style=\"font-weight: 400;\">Gerard Depardieu despliega una inteligencia y una energ\u00eda interpretativa admirables en lo que puede ser considerado el mejor papel de su vida, enfrentado al gran actor polaco Wojciech Pszoniak -un habitual de Wajda- como Robespierre.<\/span><\/p>\n<p><span style=\"font-weight: 400;\">Ficha t\u00e9cnica: Danton (1983); Coproducci\u00f3n Francia-Polonia; Direcci\u00f3n: Andrzej Wajda; Guion: Jean-Claude Carri\u00e8re; Reparto: G\u00e9rard Depardieu, Wojciech Pszoniak, Anne Alvaro, Patrice Ch\u00e9reau y otros.\u00a0<\/span><\/p>\n<p><i><span style=\"font-weight: 400;\">Los esperamos el viernes 11 de julio a las 19 h en el Sal\u00f3n de actos del CADJM, Calle 24 N\u00b0 705, primer piso. Entrada libre y gratuita.<\/span><\/i><\/p>\n<p><img loading=\"lazy\" decoding=\"async\" class=\"alignnone size-full wp-image-163427\" src=\"https:\/\/noticiasmercedinas.com\/site\/wp-content\/uploads\/2025\/07\/5a8443aa-eeea-4089-bf36-0fc88f1bced2.jpg\" alt=\"\" width=\"908\" height=\"1280\" srcset=\"https:\/\/noticiasmercedinas.com\/site\/wp-content\/uploads\/2025\/07\/5a8443aa-eeea-4089-bf36-0fc88f1bced2.jpg 908w, https:\/\/noticiasmercedinas.com\/site\/wp-content\/uploads\/2025\/07\/5a8443aa-eeea-4089-bf36-0fc88f1bced2-213x300.jpg 213w, https:\/\/noticiasmercedinas.com\/site\/wp-content\/uploads\/2025\/07\/5a8443aa-eeea-4089-bf36-0fc88f1bced2-726x1024.jpg 726w, https:\/\/noticiasmercedinas.com\/site\/wp-content\/uploads\/2025\/07\/5a8443aa-eeea-4089-bf36-0fc88f1bced2-768x1083.jpg 768w, https:\/\/noticiasmercedinas.com\/site\/wp-content\/uploads\/2025\/07\/5a8443aa-eeea-4089-bf36-0fc88f1bced2-640x902.jpg 640w, https:\/\/noticiasmercedinas.com\/site\/wp-content\/uploads\/2025\/07\/5a8443aa-eeea-4089-bf36-0fc88f1bced2-681x960.jpg 681w\" sizes=\"auto, (max-width: 908px) 100vw, 908px\" \/><\/p>\n","protected":false},"excerpt":{"rendered":"<p>\u25a0 El pr\u00f3ximo viernes dentro del ciclo Universo Cine que organiza el CADJM se proyectar\u00e1 el film Danton (1983) del director Andrzej Wajda y con guion de Jean-Claude Carri\u00e8re.<\/p>\n","protected":false},"author":16,"featured_media":163428,"comment_status":"closed","ping_status":"closed","sticky":false,"template":"","format":"standard","meta":{"footnotes":""},"categories":[4],"tags":[18867,412,1845,18819],"class_list":["post-163426","post","type-post","status-publish","format-standard","has-post-thumbnail","hentry","category-cultura","tag-alianza-francesa","tag-cine","tag-colego-de-abogados","tag-universo-cine"],"yoast_head":"<!-- This site is optimized with the Yoast SEO plugin v27.4 - https:\/\/yoast.com\/product\/yoast-seo-wordpress\/ -->\n<title>Cine:\u00a0Danton o la Revoluci\u00f3n al borde del abismo<\/title>\n<meta name=\"description\" content=\"El pr\u00f3ximo viernes dentro del ciclo Universo Cine que organiza el CADJM se proyectar\u00e1 el film Danton (1983) del director Andrzej Wajda y con guion de Jean-Claude Carri\u00e8re.\" \/>\n<meta name=\"robots\" content=\"index, follow, max-snippet:-1, max-image-preview:large, max-video-preview:-1\" \/>\n<link rel=\"canonical\" href=\"https:\/\/noticiasmercedinas.com\/site\/2025\/07\/07\/cine-danton-o-la-revolucion-al-borde-del-abismo\/\" \/>\n<meta property=\"og:locale\" content=\"es_ES\" \/>\n<meta property=\"og:type\" content=\"article\" \/>\n<meta property=\"og:title\" content=\"Cine:\u00a0Danton o la Revoluci\u00f3n al borde del abismo\" \/>\n<meta property=\"og:description\" content=\"El pr\u00f3ximo viernes dentro del ciclo Universo Cine que organiza el CADJM se proyectar\u00e1 el film Danton (1983) del director Andrzej Wajda y con guion de Jean-Claude Carri\u00e8re.\" \/>\n<meta property=\"og:url\" content=\"https:\/\/noticiasmercedinas.com\/site\/2025\/07\/07\/cine-danton-o-la-revolucion-al-borde-del-abismo\/\" \/>\n<meta property=\"og:site_name\" content=\"NOTICIASMERCEDINAS.COM\" \/>\n<meta property=\"article:publisher\" content=\"https:\/\/www.facebook.com\/noticiasmercedinas\/\" \/>\n<meta property=\"article:published_time\" content=\"2025-07-07T14:05:34+00:00\" \/>\n<meta property=\"article:modified_time\" content=\"2025-07-07T14:06:07+00:00\" \/>\n<meta property=\"og:image\" content=\"https:\/\/noticiasmercedinas.com\/site\/wp-content\/uploads\/2025\/07\/766d58d4-9960-458d-a991-1051bfbf4e7a-e1751897049867.jpg\" \/>\n\t<meta property=\"og:image:width\" content=\"868\" \/>\n\t<meta property=\"og:image:height\" content=\"702\" \/>\n\t<meta property=\"og:image:type\" content=\"image\/jpeg\" \/>\n<meta name=\"author\" content=\"NOTICIASMERCEDINAS.COM\" \/>\n<meta name=\"twitter:card\" content=\"summary_large_image\" \/>\n<meta name=\"twitter:creator\" content=\"@notmercedinas\" \/>\n<meta name=\"twitter:site\" content=\"@notmercedinas\" \/>\n<meta name=\"twitter:label1\" content=\"Escrito por\" \/>\n\t<meta name=\"twitter:data1\" content=\"NOTICIASMERCEDINAS.COM\" \/>\n\t<meta name=\"twitter:label2\" content=\"Tiempo de lectura\" \/>\n\t<meta name=\"twitter:data2\" content=\"4 minutos\" \/>\n<script type=\"application\/ld+json\" class=\"yoast-schema-graph\">{\"@context\":\"https:\\\/\\\/schema.org\",\"@graph\":[{\"@type\":\"Article\",\"@id\":\"https:\\\/\\\/noticiasmercedinas.com\\\/site\\\/2025\\\/07\\\/07\\\/cine-danton-o-la-revolucion-al-borde-del-abismo\\\/#article\",\"isPartOf\":{\"@id\":\"https:\\\/\\\/noticiasmercedinas.com\\\/site\\\/2025\\\/07\\\/07\\\/cine-danton-o-la-revolucion-al-borde-del-abismo\\\/\"},\"author\":{\"name\":\"NOTICIASMERCEDINAS.COM\",\"@id\":\"https:\\\/\\\/noticiasmercedinas.com\\\/site\\\/#\\\/schema\\\/person\\\/84b59c099c28ff2e8b77d4ceec5d8063\"},\"headline\":\"Cine:\u00a0Danton o la Revoluci\u00f3n al borde del abismo\",\"datePublished\":\"2025-07-07T14:05:34+00:00\",\"dateModified\":\"2025-07-07T14:06:07+00:00\",\"mainEntityOfPage\":{\"@id\":\"https:\\\/\\\/noticiasmercedinas.com\\\/site\\\/2025\\\/07\\\/07\\\/cine-danton-o-la-revolucion-al-borde-del-abismo\\\/\"},\"wordCount\":791,\"publisher\":{\"@id\":\"https:\\\/\\\/noticiasmercedinas.com\\\/site\\\/#organization\"},\"image\":{\"@id\":\"https:\\\/\\\/noticiasmercedinas.com\\\/site\\\/2025\\\/07\\\/07\\\/cine-danton-o-la-revolucion-al-borde-del-abismo\\\/#primaryimage\"},\"thumbnailUrl\":\"https:\\\/\\\/noticiasmercedinas.com\\\/site\\\/wp-content\\\/uploads\\\/2025\\\/07\\\/766d58d4-9960-458d-a991-1051bfbf4e7a-e1751897049867.jpg\",\"keywords\":[\"alianza francesa\",\"cine\",\"colego de abogados\",\"universo cine\"],\"articleSection\":[\"Cultura\"],\"inLanguage\":\"es\"},{\"@type\":\"WebPage\",\"@id\":\"https:\\\/\\\/noticiasmercedinas.com\\\/site\\\/2025\\\/07\\\/07\\\/cine-danton-o-la-revolucion-al-borde-del-abismo\\\/\",\"url\":\"https:\\\/\\\/noticiasmercedinas.com\\\/site\\\/2025\\\/07\\\/07\\\/cine-danton-o-la-revolucion-al-borde-del-abismo\\\/\",\"name\":\"Cine:\u00a0Danton o la Revoluci\u00f3n al borde del abismo\",\"isPartOf\":{\"@id\":\"https:\\\/\\\/noticiasmercedinas.com\\\/site\\\/#website\"},\"primaryImageOfPage\":{\"@id\":\"https:\\\/\\\/noticiasmercedinas.com\\\/site\\\/2025\\\/07\\\/07\\\/cine-danton-o-la-revolucion-al-borde-del-abismo\\\/#primaryimage\"},\"image\":{\"@id\":\"https:\\\/\\\/noticiasmercedinas.com\\\/site\\\/2025\\\/07\\\/07\\\/cine-danton-o-la-revolucion-al-borde-del-abismo\\\/#primaryimage\"},\"thumbnailUrl\":\"https:\\\/\\\/noticiasmercedinas.com\\\/site\\\/wp-content\\\/uploads\\\/2025\\\/07\\\/766d58d4-9960-458d-a991-1051bfbf4e7a-e1751897049867.jpg\",\"datePublished\":\"2025-07-07T14:05:34+00:00\",\"dateModified\":\"2025-07-07T14:06:07+00:00\",\"description\":\"El pr\u00f3ximo viernes dentro del ciclo Universo Cine que organiza el CADJM se proyectar\u00e1 el film Danton (1983) del director Andrzej Wajda y con guion de Jean-Claude Carri\u00e8re.\",\"breadcrumb\":{\"@id\":\"https:\\\/\\\/noticiasmercedinas.com\\\/site\\\/2025\\\/07\\\/07\\\/cine-danton-o-la-revolucion-al-borde-del-abismo\\\/#breadcrumb\"},\"inLanguage\":\"es\",\"potentialAction\":[{\"@type\":\"ReadAction\",\"target\":[\"https:\\\/\\\/noticiasmercedinas.com\\\/site\\\/2025\\\/07\\\/07\\\/cine-danton-o-la-revolucion-al-borde-del-abismo\\\/\"]}]},{\"@type\":\"ImageObject\",\"inLanguage\":\"es\",\"@id\":\"https:\\\/\\\/noticiasmercedinas.com\\\/site\\\/2025\\\/07\\\/07\\\/cine-danton-o-la-revolucion-al-borde-del-abismo\\\/#primaryimage\",\"url\":\"https:\\\/\\\/noticiasmercedinas.com\\\/site\\\/wp-content\\\/uploads\\\/2025\\\/07\\\/766d58d4-9960-458d-a991-1051bfbf4e7a-e1751897049867.jpg\",\"contentUrl\":\"https:\\\/\\\/noticiasmercedinas.com\\\/site\\\/wp-content\\\/uploads\\\/2025\\\/07\\\/766d58d4-9960-458d-a991-1051bfbf4e7a-e1751897049867.jpg\",\"width\":868,\"height\":702},{\"@type\":\"BreadcrumbList\",\"@id\":\"https:\\\/\\\/noticiasmercedinas.com\\\/site\\\/2025\\\/07\\\/07\\\/cine-danton-o-la-revolucion-al-borde-del-abismo\\\/#breadcrumb\",\"itemListElement\":[{\"@type\":\"ListItem\",\"position\":1,\"name\":\"Portada\",\"item\":\"https:\\\/\\\/noticiasmercedinas.com\\\/site\\\/\"},{\"@type\":\"ListItem\",\"position\":2,\"name\":\"Cine:\u00a0Danton o la Revoluci\u00f3n al borde del abismo\"}]},{\"@type\":\"WebSite\",\"@id\":\"https:\\\/\\\/noticiasmercedinas.com\\\/site\\\/#website\",\"url\":\"https:\\\/\\\/noticiasmercedinas.com\\\/site\\\/\",\"name\":\"NOTICIASMERCEDINAS.COM\",\"description\":\"Mercedes, Buenos Aires, Argentina\",\"publisher\":{\"@id\":\"https:\\\/\\\/noticiasmercedinas.com\\\/site\\\/#organization\"},\"potentialAction\":[{\"@type\":\"SearchAction\",\"target\":{\"@type\":\"EntryPoint\",\"urlTemplate\":\"https:\\\/\\\/noticiasmercedinas.com\\\/site\\\/?s={search_term_string}\"},\"query-input\":{\"@type\":\"PropertyValueSpecification\",\"valueRequired\":true,\"valueName\":\"search_term_string\"}}],\"inLanguage\":\"es\"},{\"@type\":\"Organization\",\"@id\":\"https:\\\/\\\/noticiasmercedinas.com\\\/site\\\/#organization\",\"name\":\"NOTICIASMERCEDINAS.COM\",\"url\":\"https:\\\/\\\/noticiasmercedinas.com\\\/site\\\/\",\"logo\":{\"@type\":\"ImageObject\",\"inLanguage\":\"es\",\"@id\":\"https:\\\/\\\/noticiasmercedinas.com\\\/site\\\/#\\\/schema\\\/logo\\\/image\\\/\",\"url\":\"https:\\\/\\\/noticiasmercedinas.com\\\/site\\\/wp-content\\\/uploads\\\/2020\\\/06\\\/LOGO-512.jpg\",\"contentUrl\":\"https:\\\/\\\/noticiasmercedinas.com\\\/site\\\/wp-content\\\/uploads\\\/2020\\\/06\\\/LOGO-512.jpg\",\"width\":512,\"height\":512,\"caption\":\"NOTICIASMERCEDINAS.COM\"},\"image\":{\"@id\":\"https:\\\/\\\/noticiasmercedinas.com\\\/site\\\/#\\\/schema\\\/logo\\\/image\\\/\"},\"sameAs\":[\"https:\\\/\\\/www.facebook.com\\\/noticiasmercedinas\\\/\",\"https:\\\/\\\/x.com\\\/notmercedinas\",\"https:\\\/\\\/www.instagram.com\\\/noticiasmercedinas\\\/\"]},{\"@type\":\"Person\",\"@id\":\"https:\\\/\\\/noticiasmercedinas.com\\\/site\\\/#\\\/schema\\\/person\\\/84b59c099c28ff2e8b77d4ceec5d8063\",\"name\":\"NOTICIASMERCEDINAS.COM\",\"image\":{\"@type\":\"ImageObject\",\"inLanguage\":\"es\",\"@id\":\"https:\\\/\\\/secure.gravatar.com\\\/avatar\\\/4dfbf16b4d17945bfb6341b2d19043457132fcf478a5ee04f42e959fd8f5df0a?s=96&d=mm&r=g\",\"url\":\"https:\\\/\\\/secure.gravatar.com\\\/avatar\\\/4dfbf16b4d17945bfb6341b2d19043457132fcf478a5ee04f42e959fd8f5df0a?s=96&d=mm&r=g\",\"contentUrl\":\"https:\\\/\\\/secure.gravatar.com\\\/avatar\\\/4dfbf16b4d17945bfb6341b2d19043457132fcf478a5ee04f42e959fd8f5df0a?s=96&d=mm&r=g\",\"caption\":\"NOTICIASMERCEDINAS.COM\"},\"url\":\"https:\\\/\\\/noticiasmercedinas.com\\\/site\\\/author\\\/anonimo\\\/\"}]}<\/script>\n<!-- \/ Yoast SEO plugin. -->","yoast_head_json":{"title":"Cine:\u00a0Danton o la Revoluci\u00f3n al borde del abismo","description":"El pr\u00f3ximo viernes dentro del ciclo Universo Cine que organiza el CADJM se proyectar\u00e1 el film Danton (1983) del director Andrzej Wajda y con guion de Jean-Claude Carri\u00e8re.","robots":{"index":"index","follow":"follow","max-snippet":"max-snippet:-1","max-image-preview":"max-image-preview:large","max-video-preview":"max-video-preview:-1"},"canonical":"https:\/\/noticiasmercedinas.com\/site\/2025\/07\/07\/cine-danton-o-la-revolucion-al-borde-del-abismo\/","og_locale":"es_ES","og_type":"article","og_title":"Cine:\u00a0Danton o la Revoluci\u00f3n al borde del abismo","og_description":"El pr\u00f3ximo viernes dentro del ciclo Universo Cine que organiza el CADJM se proyectar\u00e1 el film Danton (1983) del director Andrzej Wajda y con guion de Jean-Claude Carri\u00e8re.","og_url":"https:\/\/noticiasmercedinas.com\/site\/2025\/07\/07\/cine-danton-o-la-revolucion-al-borde-del-abismo\/","og_site_name":"NOTICIASMERCEDINAS.COM","article_publisher":"https:\/\/www.facebook.com\/noticiasmercedinas\/","article_published_time":"2025-07-07T14:05:34+00:00","article_modified_time":"2025-07-07T14:06:07+00:00","og_image":[{"width":868,"height":702,"url":"https:\/\/noticiasmercedinas.com\/site\/wp-content\/uploads\/2025\/07\/766d58d4-9960-458d-a991-1051bfbf4e7a-e1751897049867.jpg","type":"image\/jpeg"}],"author":"NOTICIASMERCEDINAS.COM","twitter_card":"summary_large_image","twitter_creator":"@notmercedinas","twitter_site":"@notmercedinas","twitter_misc":{"Escrito por":"NOTICIASMERCEDINAS.COM","Tiempo de lectura":"4 minutos"},"schema":{"@context":"https:\/\/schema.org","@graph":[{"@type":"Article","@id":"https:\/\/noticiasmercedinas.com\/site\/2025\/07\/07\/cine-danton-o-la-revolucion-al-borde-del-abismo\/#article","isPartOf":{"@id":"https:\/\/noticiasmercedinas.com\/site\/2025\/07\/07\/cine-danton-o-la-revolucion-al-borde-del-abismo\/"},"author":{"name":"NOTICIASMERCEDINAS.COM","@id":"https:\/\/noticiasmercedinas.com\/site\/#\/schema\/person\/84b59c099c28ff2e8b77d4ceec5d8063"},"headline":"Cine:\u00a0Danton o la Revoluci\u00f3n al borde del abismo","datePublished":"2025-07-07T14:05:34+00:00","dateModified":"2025-07-07T14:06:07+00:00","mainEntityOfPage":{"@id":"https:\/\/noticiasmercedinas.com\/site\/2025\/07\/07\/cine-danton-o-la-revolucion-al-borde-del-abismo\/"},"wordCount":791,"publisher":{"@id":"https:\/\/noticiasmercedinas.com\/site\/#organization"},"image":{"@id":"https:\/\/noticiasmercedinas.com\/site\/2025\/07\/07\/cine-danton-o-la-revolucion-al-borde-del-abismo\/#primaryimage"},"thumbnailUrl":"https:\/\/noticiasmercedinas.com\/site\/wp-content\/uploads\/2025\/07\/766d58d4-9960-458d-a991-1051bfbf4e7a-e1751897049867.jpg","keywords":["alianza francesa","cine","colego de abogados","universo cine"],"articleSection":["Cultura"],"inLanguage":"es"},{"@type":"WebPage","@id":"https:\/\/noticiasmercedinas.com\/site\/2025\/07\/07\/cine-danton-o-la-revolucion-al-borde-del-abismo\/","url":"https:\/\/noticiasmercedinas.com\/site\/2025\/07\/07\/cine-danton-o-la-revolucion-al-borde-del-abismo\/","name":"Cine:\u00a0Danton o la Revoluci\u00f3n al borde del abismo","isPartOf":{"@id":"https:\/\/noticiasmercedinas.com\/site\/#website"},"primaryImageOfPage":{"@id":"https:\/\/noticiasmercedinas.com\/site\/2025\/07\/07\/cine-danton-o-la-revolucion-al-borde-del-abismo\/#primaryimage"},"image":{"@id":"https:\/\/noticiasmercedinas.com\/site\/2025\/07\/07\/cine-danton-o-la-revolucion-al-borde-del-abismo\/#primaryimage"},"thumbnailUrl":"https:\/\/noticiasmercedinas.com\/site\/wp-content\/uploads\/2025\/07\/766d58d4-9960-458d-a991-1051bfbf4e7a-e1751897049867.jpg","datePublished":"2025-07-07T14:05:34+00:00","dateModified":"2025-07-07T14:06:07+00:00","description":"El pr\u00f3ximo viernes dentro del ciclo Universo Cine que organiza el CADJM se proyectar\u00e1 el film Danton (1983) del director Andrzej Wajda y con guion de Jean-Claude Carri\u00e8re.","breadcrumb":{"@id":"https:\/\/noticiasmercedinas.com\/site\/2025\/07\/07\/cine-danton-o-la-revolucion-al-borde-del-abismo\/#breadcrumb"},"inLanguage":"es","potentialAction":[{"@type":"ReadAction","target":["https:\/\/noticiasmercedinas.com\/site\/2025\/07\/07\/cine-danton-o-la-revolucion-al-borde-del-abismo\/"]}]},{"@type":"ImageObject","inLanguage":"es","@id":"https:\/\/noticiasmercedinas.com\/site\/2025\/07\/07\/cine-danton-o-la-revolucion-al-borde-del-abismo\/#primaryimage","url":"https:\/\/noticiasmercedinas.com\/site\/wp-content\/uploads\/2025\/07\/766d58d4-9960-458d-a991-1051bfbf4e7a-e1751897049867.jpg","contentUrl":"https:\/\/noticiasmercedinas.com\/site\/wp-content\/uploads\/2025\/07\/766d58d4-9960-458d-a991-1051bfbf4e7a-e1751897049867.jpg","width":868,"height":702},{"@type":"BreadcrumbList","@id":"https:\/\/noticiasmercedinas.com\/site\/2025\/07\/07\/cine-danton-o-la-revolucion-al-borde-del-abismo\/#breadcrumb","itemListElement":[{"@type":"ListItem","position":1,"name":"Portada","item":"https:\/\/noticiasmercedinas.com\/site\/"},{"@type":"ListItem","position":2,"name":"Cine:\u00a0Danton o la Revoluci\u00f3n al borde del abismo"}]},{"@type":"WebSite","@id":"https:\/\/noticiasmercedinas.com\/site\/#website","url":"https:\/\/noticiasmercedinas.com\/site\/","name":"NOTICIASMERCEDINAS.COM","description":"Mercedes, Buenos Aires, Argentina","publisher":{"@id":"https:\/\/noticiasmercedinas.com\/site\/#organization"},"potentialAction":[{"@type":"SearchAction","target":{"@type":"EntryPoint","urlTemplate":"https:\/\/noticiasmercedinas.com\/site\/?s={search_term_string}"},"query-input":{"@type":"PropertyValueSpecification","valueRequired":true,"valueName":"search_term_string"}}],"inLanguage":"es"},{"@type":"Organization","@id":"https:\/\/noticiasmercedinas.com\/site\/#organization","name":"NOTICIASMERCEDINAS.COM","url":"https:\/\/noticiasmercedinas.com\/site\/","logo":{"@type":"ImageObject","inLanguage":"es","@id":"https:\/\/noticiasmercedinas.com\/site\/#\/schema\/logo\/image\/","url":"https:\/\/noticiasmercedinas.com\/site\/wp-content\/uploads\/2020\/06\/LOGO-512.jpg","contentUrl":"https:\/\/noticiasmercedinas.com\/site\/wp-content\/uploads\/2020\/06\/LOGO-512.jpg","width":512,"height":512,"caption":"NOTICIASMERCEDINAS.COM"},"image":{"@id":"https:\/\/noticiasmercedinas.com\/site\/#\/schema\/logo\/image\/"},"sameAs":["https:\/\/www.facebook.com\/noticiasmercedinas\/","https:\/\/x.com\/notmercedinas","https:\/\/www.instagram.com\/noticiasmercedinas\/"]},{"@type":"Person","@id":"https:\/\/noticiasmercedinas.com\/site\/#\/schema\/person\/84b59c099c28ff2e8b77d4ceec5d8063","name":"NOTICIASMERCEDINAS.COM","image":{"@type":"ImageObject","inLanguage":"es","@id":"https:\/\/secure.gravatar.com\/avatar\/4dfbf16b4d17945bfb6341b2d19043457132fcf478a5ee04f42e959fd8f5df0a?s=96&d=mm&r=g","url":"https:\/\/secure.gravatar.com\/avatar\/4dfbf16b4d17945bfb6341b2d19043457132fcf478a5ee04f42e959fd8f5df0a?s=96&d=mm&r=g","contentUrl":"https:\/\/secure.gravatar.com\/avatar\/4dfbf16b4d17945bfb6341b2d19043457132fcf478a5ee04f42e959fd8f5df0a?s=96&d=mm&r=g","caption":"NOTICIASMERCEDINAS.COM"},"url":"https:\/\/noticiasmercedinas.com\/site\/author\/anonimo\/"}]}},"amp_enabled":true,"_links":{"self":[{"href":"https:\/\/noticiasmercedinas.com\/site\/wp-json\/wp\/v2\/posts\/163426","targetHints":{"allow":["GET"]}}],"collection":[{"href":"https:\/\/noticiasmercedinas.com\/site\/wp-json\/wp\/v2\/posts"}],"about":[{"href":"https:\/\/noticiasmercedinas.com\/site\/wp-json\/wp\/v2\/types\/post"}],"author":[{"embeddable":true,"href":"https:\/\/noticiasmercedinas.com\/site\/wp-json\/wp\/v2\/users\/16"}],"replies":[{"embeddable":true,"href":"https:\/\/noticiasmercedinas.com\/site\/wp-json\/wp\/v2\/comments?post=163426"}],"version-history":[{"count":2,"href":"https:\/\/noticiasmercedinas.com\/site\/wp-json\/wp\/v2\/posts\/163426\/revisions"}],"predecessor-version":[{"id":163431,"href":"https:\/\/noticiasmercedinas.com\/site\/wp-json\/wp\/v2\/posts\/163426\/revisions\/163431"}],"wp:featuredmedia":[{"embeddable":true,"href":"https:\/\/noticiasmercedinas.com\/site\/wp-json\/wp\/v2\/media\/163428"}],"wp:attachment":[{"href":"https:\/\/noticiasmercedinas.com\/site\/wp-json\/wp\/v2\/media?parent=163426"}],"wp:term":[{"taxonomy":"category","embeddable":true,"href":"https:\/\/noticiasmercedinas.com\/site\/wp-json\/wp\/v2\/categories?post=163426"},{"taxonomy":"post_tag","embeddable":true,"href":"https:\/\/noticiasmercedinas.com\/site\/wp-json\/wp\/v2\/tags?post=163426"}],"curies":[{"name":"wp","href":"https:\/\/api.w.org\/{rel}","templated":true}]}}