{"id":164031,"date":"2025-07-14T11:39:22","date_gmt":"2025-07-14T14:39:22","guid":{"rendered":"https:\/\/noticiasmercedinas.com\/site\/?p=164031"},"modified":"2025-07-14T11:39:22","modified_gmt":"2025-07-14T14:39:22","slug":"exito-para-el-torneo-regional-de-tenis-de-mesa","status":"publish","type":"post","link":"https:\/\/noticiasmercedinas.com\/site\/2025\/07\/14\/exito-para-el-torneo-regional-de-tenis-de-mesa\/","title":{"rendered":"\u00c9xito para el Torneo Regional de tenis de mesa"},"content":{"rendered":"<figure id=\"attachment_164032\" aria-describedby=\"caption-attachment-164032\" style=\"width: 640px\" class=\"wp-caption alignnone\"><img loading=\"lazy\" decoding=\"async\" class=\"wp-image-164032 size-full\" src=\"https:\/\/noticiasmercedinas.com\/site\/wp-content\/uploads\/2025\/07\/d9975c96-c4f1-4e62-a1b1-d52d85b8ebae.jpeg\" alt=\"\" width=\"640\" height=\"426\" srcset=\"https:\/\/noticiasmercedinas.com\/site\/wp-content\/uploads\/2025\/07\/d9975c96-c4f1-4e62-a1b1-d52d85b8ebae.jpeg 640w, https:\/\/noticiasmercedinas.com\/site\/wp-content\/uploads\/2025\/07\/d9975c96-c4f1-4e62-a1b1-d52d85b8ebae-300x200.jpeg 300w\" sizes=\"auto, (max-width: 640px) 100vw, 640px\" \/><figcaption id=\"caption-attachment-164032\" class=\"wp-caption-text\">El tenis de mesa tuvo su d\u00eda.<\/figcaption><\/figure>\n<p>D\u00edas atr\u00e1s se desarroll\u00f3 la segunda fecha de la Liga Regional Norte de tenis de mesa, esta vez la sede fue Mercedes en las instalaciones del CEF N\u00b0 40, con m\u00e1s de 50 equipos y 150 jugadores de distintos clubes y localidades, como Mercedes donde presentaron 11 conjuntos junto m\u00e1s lo llegados desde Pergamino, Z\u00e1rate, Tigre, Chivilcoy, Suipacha, Luj\u00e1n, Ca\u00f1uelas, Campana y Haedo (Mor\u00f3n).<\/p>\n<p>Divididos en cuatro categor\u00edas, Diamante (Segunda-Tercera), Oro (Cuarta-Quinta) Plata (Sexta) y Bronce (S\u00e9ptima). Los destacados fueron Luciano Bozzuto y Dar\u00edo Dellafontana, ambos representantes de la Escuela Municipal. Obteniendo la medalla dorada en Primera.<\/p>\n<p><img loading=\"lazy\" decoding=\"async\" class=\"alignnone size-full wp-image-164033\" src=\"https:\/\/noticiasmercedinas.com\/site\/wp-content\/uploads\/2025\/07\/11bc5813-a541-4ff3-85ff-f75adffcbae4.jpeg\" alt=\"\" width=\"640\" height=\"364\" srcset=\"https:\/\/noticiasmercedinas.com\/site\/wp-content\/uploads\/2025\/07\/11bc5813-a541-4ff3-85ff-f75adffcbae4.jpeg 640w, https:\/\/noticiasmercedinas.com\/site\/wp-content\/uploads\/2025\/07\/11bc5813-a541-4ff3-85ff-f75adffcbae4-300x171.jpeg 300w\" sizes=\"auto, (max-width: 640px) 100vw, 640px\" \/><br \/>\nEn el podio lo completo el Club Vito Dumas de Tigre y el tercer puesto fue para otro equipo mercedino compuesto por Javier Russo, Christian Cerverizzo y Esteban Delvechio con la medalla de bronce.<\/p>\n<p>En la categor\u00eda Oro el conjunto de Alejandro Russo, Valent\u00edn Vivas y Pablo Andreassi llegaron a cuartos de final. Al igual que el elenco de Federico Laresca, Iv\u00e1n Delvechio y Agust\u00edn Bali\u00f1o que alcanzaron los cuartos de final.<\/p>\n<p>Ya en divisi\u00f3n de Plata se present\u00f3 la formaci\u00f3n de Carlos Roig, Jorge Renzelli y Juan Esteban \u201cMuchacho\u201d Doratti (Cafayate), en el que alcanzaron los octavos de final. Adem\u00e1s en Bronce los destacados resultaron ser Jorge Mustoni, Gonzalo Cazenave y Bauti Cerverizzo, obteniendo la medalla de bronce.<\/p>\n<p><img loading=\"lazy\" decoding=\"async\" class=\"alignnone size-full wp-image-164034\" src=\"https:\/\/noticiasmercedinas.com\/site\/wp-content\/uploads\/2025\/07\/4998d6e4-b8fa-4d70-8b9d-83e3158d0120.jpeg\" alt=\"\" width=\"640\" height=\"360\" srcset=\"https:\/\/noticiasmercedinas.com\/site\/wp-content\/uploads\/2025\/07\/4998d6e4-b8fa-4d70-8b9d-83e3158d0120.jpeg 640w, https:\/\/noticiasmercedinas.com\/site\/wp-content\/uploads\/2025\/07\/4998d6e4-b8fa-4d70-8b9d-83e3158d0120-300x169.jpeg 300w\" sizes=\"auto, (max-width: 640px) 100vw, 640px\" \/><\/p>\n<p>De esta forma la Escuela Municipal se consagr\u00f3 campe\u00f3n de la Liga con el total de puntos alcanzados en esta segunda fecha. Lo siguieron Pergamino y Tigre como segundo y tercero. La Asociaci\u00f3n Mercedina de tenis de mesa \u201cfelicita a toda la delegaci\u00f3n que represent\u00f3 a la ciudad en esta segunda fecha de Liga Regional Norte, agradecemos a la Municipalidad de Mercedes y la Direcci\u00f3n de Deportes por su apoyo a nuestro deporte que sigue creciendo\u201d marcaron.<\/p>\n\r\n                <style type=\"text\/css\">\r\n                    \r\n                    #td_uid_1_69ef41ba3e68d  .td-doubleSlider-2 .td-item1 {\r\n                        background: url(https:\/\/noticiasmercedinas.com\/site\/wp-content\/uploads\/2025\/07\/9d67bb8d-7a8a-49a8-942f-f58c25aea15b-160x120.jpeg) 0 0 no-repeat;\r\n                    }\r\n                    #td_uid_1_69ef41ba3e68d  .td-doubleSlider-2 .td-item2 {\r\n                        background: url(https:\/\/noticiasmercedinas.com\/site\/wp-content\/uploads\/2025\/07\/32072732-f376-46ed-9852-826808a47b89-160x120.jpeg) 0 0 no-repeat;\r\n                    }\r\n                    #td_uid_1_69ef41ba3e68d  .td-doubleSlider-2 .td-item3 {\r\n                        background: url(https:\/\/noticiasmercedinas.com\/site\/wp-content\/uploads\/2025\/07\/da7a0e3e-df37-42d4-aa92-0cd165b06bcf-160x120.jpeg) 0 0 no-repeat;\r\n                    }\r\n                <\/style>\r\n\r\n                <div id=\"td_uid_1_69ef41ba3e68d\" class=\"td-gallery td-slide-on-2-columns\">\r\n                    <div class=\"post_td_gallery\">\r\n                        <div class=\"td-gallery-slide-top\">\r\n                           <div class=\"td-gallery-title\">Tenis de mesa<\/div>\r\n\r\n                            <div class=\"td-gallery-controls-wrapper\">\r\n                                <div class=\"td-gallery-slide-count\"><span class=\"td-gallery-slide-item-focus\">1<\/span> de 3<\/div>\r\n                                <div class=\"td-gallery-slide-prev-next-but\">\r\n                                    <i class = \"td-icon-left doubleSliderPrevButton\"><\/i>\r\n                                    <i class = \"td-icon-right doubleSliderNextButton\"><\/i>\r\n                                <\/div>\r\n                            <\/div>\r\n                        <\/div>\r\n\r\n                        <div class = \"td-doubleSlider-1 \">\r\n                            <div class = \"td-slider\">\r\n                                \r\n                    <div class = \"td-slide-item td-item1\">\r\n                        <figure class=\"td-slide-galery-figure td-slide-popup-gallery\">\r\n                            <a class=\"slide-gallery-image-link\" href=\"https:\/\/noticiasmercedinas.com\/site\/wp-content\/uploads\/2025\/07\/9d67bb8d-7a8a-49a8-942f-f58c25aea15b.jpeg\" title=\"9d67bb8d-7a8a-49a8-942f-f58c25aea15b\"  data-caption=\"\"  data-description=\"\">\r\n                                <img decoding=\"async\" src=\"https:\/\/noticiasmercedinas.com\/site\/wp-content\/uploads\/2025\/07\/9d67bb8d-7a8a-49a8-942f-f58c25aea15b.jpeg\" srcset=\"https:\/\/noticiasmercedinas.com\/site\/wp-content\/uploads\/2025\/07\/9d67bb8d-7a8a-49a8-942f-f58c25aea15b.jpeg 640w, https:\/\/noticiasmercedinas.com\/site\/wp-content\/uploads\/2025\/07\/9d67bb8d-7a8a-49a8-942f-f58c25aea15b-300x298.jpeg 300w, https:\/\/noticiasmercedinas.com\/site\/wp-content\/uploads\/2025\/07\/9d67bb8d-7a8a-49a8-942f-f58c25aea15b-150x150.jpeg 150w\" sizes=\"(max-width: 640px) 100vw, 640px\" alt=\"\">\r\n                            <\/a>\r\n                            \r\n                        <\/figure>\r\n                    <\/div>\r\n                    <div class = \"td-slide-item td-item2\">\r\n                        <figure class=\"td-slide-galery-figure td-slide-popup-gallery\">\r\n                            <a class=\"slide-gallery-image-link\" href=\"https:\/\/noticiasmercedinas.com\/site\/wp-content\/uploads\/2025\/07\/32072732-f376-46ed-9852-826808a47b89.jpeg\" title=\"32072732-f376-46ed-9852-826808a47b89\"  data-caption=\"\"  data-description=\"\">\r\n                                <img decoding=\"async\" src=\"https:\/\/noticiasmercedinas.com\/site\/wp-content\/uploads\/2025\/07\/32072732-f376-46ed-9852-826808a47b89.jpeg\" srcset=\"https:\/\/noticiasmercedinas.com\/site\/wp-content\/uploads\/2025\/07\/32072732-f376-46ed-9852-826808a47b89.jpeg 640w, https:\/\/noticiasmercedinas.com\/site\/wp-content\/uploads\/2025\/07\/32072732-f376-46ed-9852-826808a47b89-228x300.jpeg 228w\" sizes=\"(max-width: 640px) 100vw, 640px\" alt=\"\">\r\n                            <\/a>\r\n                            \r\n                        <\/figure>\r\n                    <\/div>\r\n                    <div class = \"td-slide-item td-item3\">\r\n                        <figure class=\"td-slide-galery-figure td-slide-popup-gallery\">\r\n                            <a class=\"slide-gallery-image-link\" href=\"https:\/\/noticiasmercedinas.com\/site\/wp-content\/uploads\/2025\/07\/da7a0e3e-df37-42d4-aa92-0cd165b06bcf.jpeg\" title=\"da7a0e3e-df37-42d4-aa92-0cd165b06bcf\"  data-caption=\"\"  data-description=\"\">\r\n                                <img decoding=\"async\" src=\"https:\/\/noticiasmercedinas.com\/site\/wp-content\/uploads\/2025\/07\/da7a0e3e-df37-42d4-aa92-0cd165b06bcf.jpeg\" srcset=\"https:\/\/noticiasmercedinas.com\/site\/wp-content\/uploads\/2025\/07\/da7a0e3e-df37-42d4-aa92-0cd165b06bcf.jpeg 640w, https:\/\/noticiasmercedinas.com\/site\/wp-content\/uploads\/2025\/07\/da7a0e3e-df37-42d4-aa92-0cd165b06bcf-225x300.jpeg 225w\" sizes=\"(max-width: 640px) 100vw, 640px\" alt=\"\">\r\n                            <\/a>\r\n                            \r\n                        <\/figure>\r\n                    <\/div>\r\n                            <\/div>\r\n                        <\/div>\r\n\r\n                        <div class = \"td-doubleSlider-2\">\r\n                            <div class = \"td-slider\">\r\n                                \r\n                    <div class = \"td-button td-item1\">\r\n                        <div class = \"td-border\"><\/div>\r\n                    <\/div>\r\n                    <div class = \"td-button td-item2\">\r\n                        <div class = \"td-border\"><\/div>\r\n                    <\/div>\r\n                    <div class = \"td-button td-item3\">\r\n                        <div class = \"td-border\"><\/div>\r\n                    <\/div>\r\n                            <\/div>\r\n                        <\/div>\r\n\r\n                    <\/div>\r\n\r\n                <\/div>\r\n                \n","protected":false},"excerpt":{"rendered":"<p>\u25a0 Resultaron campeones los locales en el Regional Norte que se llev\u00f3 adelante en el CEF N\u00b0 40. Fue en medio de un convocante certamen de tenis de mesa.<\/p>\n","protected":false},"author":6,"featured_media":164032,"comment_status":"closed","ping_status":"closed","sticky":false,"template":"","format":"standard","meta":{"footnotes":""},"categories":[5],"tags":[20040,111],"class_list":["post-164031","post","type-post","status-publish","format-standard","has-post-thumbnail","hentry","category-deportes","tag-asociacion-mercedina-de-tenis-de-mesa","tag-tenis-de-mesa"],"yoast_head":"<!-- This site is optimized with the Yoast SEO plugin v27.4 - https:\/\/yoast.com\/product\/yoast-seo-wordpress\/ -->\n<title>\u00c9xito para el Torneo Regional de tenis de mesa<\/title>\n<meta name=\"robots\" content=\"index, follow, max-snippet:-1, max-image-preview:large, max-video-preview:-1\" \/>\n<link rel=\"canonical\" href=\"https:\/\/noticiasmercedinas.com\/site\/2025\/07\/14\/exito-para-el-torneo-regional-de-tenis-de-mesa\/\" \/>\n<meta property=\"og:locale\" content=\"es_ES\" \/>\n<meta property=\"og:type\" content=\"article\" \/>\n<meta property=\"og:title\" content=\"\u00c9xito para el Torneo Regional de tenis de mesa\" \/>\n<meta property=\"og:description\" content=\"\u25a0 Resultaron campeones los locales en el Regional Norte que se llev\u00f3 adelante en el CEF N\u00b0 40. Fue en medio de un convocante certamen de tenis de mesa.\" \/>\n<meta property=\"og:url\" content=\"https:\/\/noticiasmercedinas.com\/site\/2025\/07\/14\/exito-para-el-torneo-regional-de-tenis-de-mesa\/\" \/>\n<meta property=\"og:site_name\" content=\"NOTICIASMERCEDINAS.COM\" \/>\n<meta property=\"article:publisher\" content=\"https:\/\/www.facebook.com\/noticiasmercedinas\/\" \/>\n<meta property=\"article:published_time\" content=\"2025-07-14T14:39:22+00:00\" \/>\n<meta property=\"og:image\" content=\"https:\/\/noticiasmercedinas.com\/site\/wp-content\/uploads\/2025\/07\/d9975c96-c4f1-4e62-a1b1-d52d85b8ebae.jpeg\" \/>\n\t<meta property=\"og:image:width\" content=\"640\" \/>\n\t<meta property=\"og:image:height\" content=\"426\" \/>\n\t<meta property=\"og:image:type\" content=\"image\/jpeg\" \/>\n<meta name=\"author\" content=\"Juan Dagnino NOTICIASMERCEDINAS.COM\" \/>\n<meta name=\"twitter:card\" content=\"summary_large_image\" \/>\n<meta name=\"twitter:creator\" content=\"@notmercedinas\" \/>\n<meta name=\"twitter:site\" content=\"@notmercedinas\" \/>\n<meta name=\"twitter:label1\" content=\"Escrito por\" \/>\n\t<meta name=\"twitter:data1\" content=\"Juan Dagnino NOTICIASMERCEDINAS.COM\" \/>\n\t<meta name=\"twitter:label2\" content=\"Tiempo de lectura\" \/>\n\t<meta name=\"twitter:data2\" content=\"3 minutos\" \/>\n<script type=\"application\/ld+json\" class=\"yoast-schema-graph\">{\"@context\":\"https:\\\/\\\/schema.org\",\"@graph\":[{\"@type\":\"Article\",\"@id\":\"https:\\\/\\\/noticiasmercedinas.com\\\/site\\\/2025\\\/07\\\/14\\\/exito-para-el-torneo-regional-de-tenis-de-mesa\\\/#article\",\"isPartOf\":{\"@id\":\"https:\\\/\\\/noticiasmercedinas.com\\\/site\\\/2025\\\/07\\\/14\\\/exito-para-el-torneo-regional-de-tenis-de-mesa\\\/\"},\"author\":{\"name\":\"Juan Dagnino NOTICIASMERCEDINAS.COM\",\"@id\":\"https:\\\/\\\/noticiasmercedinas.com\\\/site\\\/#\\\/schema\\\/person\\\/8f2f09d666ef40986eba4a5e6f2a06f9\"},\"headline\":\"\u00c9xito para el Torneo Regional de tenis de mesa\",\"datePublished\":\"2025-07-14T14:39:22+00:00\",\"mainEntityOfPage\":{\"@id\":\"https:\\\/\\\/noticiasmercedinas.com\\\/site\\\/2025\\\/07\\\/14\\\/exito-para-el-torneo-regional-de-tenis-de-mesa\\\/\"},\"wordCount\":352,\"publisher\":{\"@id\":\"https:\\\/\\\/noticiasmercedinas.com\\\/site\\\/#organization\"},\"image\":{\"@id\":\"https:\\\/\\\/noticiasmercedinas.com\\\/site\\\/2025\\\/07\\\/14\\\/exito-para-el-torneo-regional-de-tenis-de-mesa\\\/#primaryimage\"},\"thumbnailUrl\":\"https:\\\/\\\/noticiasmercedinas.com\\\/site\\\/wp-content\\\/uploads\\\/2025\\\/07\\\/d9975c96-c4f1-4e62-a1b1-d52d85b8ebae.jpeg\",\"keywords\":[\"Asociaci\u00f3n Mercedina de tenis de mesa\",\"tenis de mesa\"],\"articleSection\":[\"Deportes\"],\"inLanguage\":\"es\"},{\"@type\":\"WebPage\",\"@id\":\"https:\\\/\\\/noticiasmercedinas.com\\\/site\\\/2025\\\/07\\\/14\\\/exito-para-el-torneo-regional-de-tenis-de-mesa\\\/\",\"url\":\"https:\\\/\\\/noticiasmercedinas.com\\\/site\\\/2025\\\/07\\\/14\\\/exito-para-el-torneo-regional-de-tenis-de-mesa\\\/\",\"name\":\"\u00c9xito para el Torneo Regional de tenis de mesa\",\"isPartOf\":{\"@id\":\"https:\\\/\\\/noticiasmercedinas.com\\\/site\\\/#website\"},\"primaryImageOfPage\":{\"@id\":\"https:\\\/\\\/noticiasmercedinas.com\\\/site\\\/2025\\\/07\\\/14\\\/exito-para-el-torneo-regional-de-tenis-de-mesa\\\/#primaryimage\"},\"image\":{\"@id\":\"https:\\\/\\\/noticiasmercedinas.com\\\/site\\\/2025\\\/07\\\/14\\\/exito-para-el-torneo-regional-de-tenis-de-mesa\\\/#primaryimage\"},\"thumbnailUrl\":\"https:\\\/\\\/noticiasmercedinas.com\\\/site\\\/wp-content\\\/uploads\\\/2025\\\/07\\\/d9975c96-c4f1-4e62-a1b1-d52d85b8ebae.jpeg\",\"datePublished\":\"2025-07-14T14:39:22+00:00\",\"breadcrumb\":{\"@id\":\"https:\\\/\\\/noticiasmercedinas.com\\\/site\\\/2025\\\/07\\\/14\\\/exito-para-el-torneo-regional-de-tenis-de-mesa\\\/#breadcrumb\"},\"inLanguage\":\"es\",\"potentialAction\":[{\"@type\":\"ReadAction\",\"target\":[\"https:\\\/\\\/noticiasmercedinas.com\\\/site\\\/2025\\\/07\\\/14\\\/exito-para-el-torneo-regional-de-tenis-de-mesa\\\/\"]}]},{\"@type\":\"ImageObject\",\"inLanguage\":\"es\",\"@id\":\"https:\\\/\\\/noticiasmercedinas.com\\\/site\\\/2025\\\/07\\\/14\\\/exito-para-el-torneo-regional-de-tenis-de-mesa\\\/#primaryimage\",\"url\":\"https:\\\/\\\/noticiasmercedinas.com\\\/site\\\/wp-content\\\/uploads\\\/2025\\\/07\\\/d9975c96-c4f1-4e62-a1b1-d52d85b8ebae.jpeg\",\"contentUrl\":\"https:\\\/\\\/noticiasmercedinas.com\\\/site\\\/wp-content\\\/uploads\\\/2025\\\/07\\\/d9975c96-c4f1-4e62-a1b1-d52d85b8ebae.jpeg\",\"width\":640,\"height\":426},{\"@type\":\"BreadcrumbList\",\"@id\":\"https:\\\/\\\/noticiasmercedinas.com\\\/site\\\/2025\\\/07\\\/14\\\/exito-para-el-torneo-regional-de-tenis-de-mesa\\\/#breadcrumb\",\"itemListElement\":[{\"@type\":\"ListItem\",\"position\":1,\"name\":\"Portada\",\"item\":\"https:\\\/\\\/noticiasmercedinas.com\\\/site\\\/\"},{\"@type\":\"ListItem\",\"position\":2,\"name\":\"\u00c9xito para el Torneo Regional de tenis de mesa\"}]},{\"@type\":\"WebSite\",\"@id\":\"https:\\\/\\\/noticiasmercedinas.com\\\/site\\\/#website\",\"url\":\"https:\\\/\\\/noticiasmercedinas.com\\\/site\\\/\",\"name\":\"NOTICIASMERCEDINAS.COM\",\"description\":\"Mercedes, Buenos Aires, Argentina\",\"publisher\":{\"@id\":\"https:\\\/\\\/noticiasmercedinas.com\\\/site\\\/#organization\"},\"potentialAction\":[{\"@type\":\"SearchAction\",\"target\":{\"@type\":\"EntryPoint\",\"urlTemplate\":\"https:\\\/\\\/noticiasmercedinas.com\\\/site\\\/?s={search_term_string}\"},\"query-input\":{\"@type\":\"PropertyValueSpecification\",\"valueRequired\":true,\"valueName\":\"search_term_string\"}}],\"inLanguage\":\"es\"},{\"@type\":\"Organization\",\"@id\":\"https:\\\/\\\/noticiasmercedinas.com\\\/site\\\/#organization\",\"name\":\"NOTICIASMERCEDINAS.COM\",\"url\":\"https:\\\/\\\/noticiasmercedinas.com\\\/site\\\/\",\"logo\":{\"@type\":\"ImageObject\",\"inLanguage\":\"es\",\"@id\":\"https:\\\/\\\/noticiasmercedinas.com\\\/site\\\/#\\\/schema\\\/logo\\\/image\\\/\",\"url\":\"https:\\\/\\\/noticiasmercedinas.com\\\/site\\\/wp-content\\\/uploads\\\/2020\\\/06\\\/LOGO-512.jpg\",\"contentUrl\":\"https:\\\/\\\/noticiasmercedinas.com\\\/site\\\/wp-content\\\/uploads\\\/2020\\\/06\\\/LOGO-512.jpg\",\"width\":512,\"height\":512,\"caption\":\"NOTICIASMERCEDINAS.COM\"},\"image\":{\"@id\":\"https:\\\/\\\/noticiasmercedinas.com\\\/site\\\/#\\\/schema\\\/logo\\\/image\\\/\"},\"sameAs\":[\"https:\\\/\\\/www.facebook.com\\\/noticiasmercedinas\\\/\",\"https:\\\/\\\/x.com\\\/notmercedinas\",\"https:\\\/\\\/www.instagram.com\\\/noticiasmercedinas\\\/\"]},{\"@type\":\"Person\",\"@id\":\"https:\\\/\\\/noticiasmercedinas.com\\\/site\\\/#\\\/schema\\\/person\\\/8f2f09d666ef40986eba4a5e6f2a06f9\",\"name\":\"Juan Dagnino NOTICIASMERCEDINAS.COM\",\"image\":{\"@type\":\"ImageObject\",\"inLanguage\":\"es\",\"@id\":\"https:\\\/\\\/secure.gravatar.com\\\/avatar\\\/fc7059a769f5a3cae65fadb228a3e4accf3a64b4b2305020d0a27e6d5333c91b?s=96&d=mm&r=g\",\"url\":\"https:\\\/\\\/secure.gravatar.com\\\/avatar\\\/fc7059a769f5a3cae65fadb228a3e4accf3a64b4b2305020d0a27e6d5333c91b?s=96&d=mm&r=g\",\"contentUrl\":\"https:\\\/\\\/secure.gravatar.com\\\/avatar\\\/fc7059a769f5a3cae65fadb228a3e4accf3a64b4b2305020d0a27e6d5333c91b?s=96&d=mm&r=g\",\"caption\":\"Juan Dagnino NOTICIASMERCEDINAS.COM\"},\"url\":\"https:\\\/\\\/noticiasmercedinas.com\\\/site\\\/author\\\/juandagnino\\\/\"}]}<\/script>\n<!-- \/ Yoast SEO plugin. -->","yoast_head_json":{"title":"\u00c9xito para el Torneo Regional de tenis de mesa","robots":{"index":"index","follow":"follow","max-snippet":"max-snippet:-1","max-image-preview":"max-image-preview:large","max-video-preview":"max-video-preview:-1"},"canonical":"https:\/\/noticiasmercedinas.com\/site\/2025\/07\/14\/exito-para-el-torneo-regional-de-tenis-de-mesa\/","og_locale":"es_ES","og_type":"article","og_title":"\u00c9xito para el Torneo Regional de tenis de mesa","og_description":"\u25a0 Resultaron campeones los locales en el Regional Norte que se llev\u00f3 adelante en el CEF N\u00b0 40. Fue en medio de un convocante certamen de tenis de mesa.","og_url":"https:\/\/noticiasmercedinas.com\/site\/2025\/07\/14\/exito-para-el-torneo-regional-de-tenis-de-mesa\/","og_site_name":"NOTICIASMERCEDINAS.COM","article_publisher":"https:\/\/www.facebook.com\/noticiasmercedinas\/","article_published_time":"2025-07-14T14:39:22+00:00","og_image":[{"width":640,"height":426,"url":"https:\/\/noticiasmercedinas.com\/site\/wp-content\/uploads\/2025\/07\/d9975c96-c4f1-4e62-a1b1-d52d85b8ebae.jpeg","type":"image\/jpeg"}],"author":"Juan Dagnino NOTICIASMERCEDINAS.COM","twitter_card":"summary_large_image","twitter_creator":"@notmercedinas","twitter_site":"@notmercedinas","twitter_misc":{"Escrito por":"Juan Dagnino NOTICIASMERCEDINAS.COM","Tiempo de lectura":"3 minutos"},"schema":{"@context":"https:\/\/schema.org","@graph":[{"@type":"Article","@id":"https:\/\/noticiasmercedinas.com\/site\/2025\/07\/14\/exito-para-el-torneo-regional-de-tenis-de-mesa\/#article","isPartOf":{"@id":"https:\/\/noticiasmercedinas.com\/site\/2025\/07\/14\/exito-para-el-torneo-regional-de-tenis-de-mesa\/"},"author":{"name":"Juan Dagnino NOTICIASMERCEDINAS.COM","@id":"https:\/\/noticiasmercedinas.com\/site\/#\/schema\/person\/8f2f09d666ef40986eba4a5e6f2a06f9"},"headline":"\u00c9xito para el Torneo Regional de tenis de mesa","datePublished":"2025-07-14T14:39:22+00:00","mainEntityOfPage":{"@id":"https:\/\/noticiasmercedinas.com\/site\/2025\/07\/14\/exito-para-el-torneo-regional-de-tenis-de-mesa\/"},"wordCount":352,"publisher":{"@id":"https:\/\/noticiasmercedinas.com\/site\/#organization"},"image":{"@id":"https:\/\/noticiasmercedinas.com\/site\/2025\/07\/14\/exito-para-el-torneo-regional-de-tenis-de-mesa\/#primaryimage"},"thumbnailUrl":"https:\/\/noticiasmercedinas.com\/site\/wp-content\/uploads\/2025\/07\/d9975c96-c4f1-4e62-a1b1-d52d85b8ebae.jpeg","keywords":["Asociaci\u00f3n Mercedina de tenis de mesa","tenis de mesa"],"articleSection":["Deportes"],"inLanguage":"es"},{"@type":"WebPage","@id":"https:\/\/noticiasmercedinas.com\/site\/2025\/07\/14\/exito-para-el-torneo-regional-de-tenis-de-mesa\/","url":"https:\/\/noticiasmercedinas.com\/site\/2025\/07\/14\/exito-para-el-torneo-regional-de-tenis-de-mesa\/","name":"\u00c9xito para el Torneo Regional de tenis de mesa","isPartOf":{"@id":"https:\/\/noticiasmercedinas.com\/site\/#website"},"primaryImageOfPage":{"@id":"https:\/\/noticiasmercedinas.com\/site\/2025\/07\/14\/exito-para-el-torneo-regional-de-tenis-de-mesa\/#primaryimage"},"image":{"@id":"https:\/\/noticiasmercedinas.com\/site\/2025\/07\/14\/exito-para-el-torneo-regional-de-tenis-de-mesa\/#primaryimage"},"thumbnailUrl":"https:\/\/noticiasmercedinas.com\/site\/wp-content\/uploads\/2025\/07\/d9975c96-c4f1-4e62-a1b1-d52d85b8ebae.jpeg","datePublished":"2025-07-14T14:39:22+00:00","breadcrumb":{"@id":"https:\/\/noticiasmercedinas.com\/site\/2025\/07\/14\/exito-para-el-torneo-regional-de-tenis-de-mesa\/#breadcrumb"},"inLanguage":"es","potentialAction":[{"@type":"ReadAction","target":["https:\/\/noticiasmercedinas.com\/site\/2025\/07\/14\/exito-para-el-torneo-regional-de-tenis-de-mesa\/"]}]},{"@type":"ImageObject","inLanguage":"es","@id":"https:\/\/noticiasmercedinas.com\/site\/2025\/07\/14\/exito-para-el-torneo-regional-de-tenis-de-mesa\/#primaryimage","url":"https:\/\/noticiasmercedinas.com\/site\/wp-content\/uploads\/2025\/07\/d9975c96-c4f1-4e62-a1b1-d52d85b8ebae.jpeg","contentUrl":"https:\/\/noticiasmercedinas.com\/site\/wp-content\/uploads\/2025\/07\/d9975c96-c4f1-4e62-a1b1-d52d85b8ebae.jpeg","width":640,"height":426},{"@type":"BreadcrumbList","@id":"https:\/\/noticiasmercedinas.com\/site\/2025\/07\/14\/exito-para-el-torneo-regional-de-tenis-de-mesa\/#breadcrumb","itemListElement":[{"@type":"ListItem","position":1,"name":"Portada","item":"https:\/\/noticiasmercedinas.com\/site\/"},{"@type":"ListItem","position":2,"name":"\u00c9xito para el Torneo Regional de tenis de mesa"}]},{"@type":"WebSite","@id":"https:\/\/noticiasmercedinas.com\/site\/#website","url":"https:\/\/noticiasmercedinas.com\/site\/","name":"NOTICIASMERCEDINAS.COM","description":"Mercedes, Buenos Aires, Argentina","publisher":{"@id":"https:\/\/noticiasmercedinas.com\/site\/#organization"},"potentialAction":[{"@type":"SearchAction","target":{"@type":"EntryPoint","urlTemplate":"https:\/\/noticiasmercedinas.com\/site\/?s={search_term_string}"},"query-input":{"@type":"PropertyValueSpecification","valueRequired":true,"valueName":"search_term_string"}}],"inLanguage":"es"},{"@type":"Organization","@id":"https:\/\/noticiasmercedinas.com\/site\/#organization","name":"NOTICIASMERCEDINAS.COM","url":"https:\/\/noticiasmercedinas.com\/site\/","logo":{"@type":"ImageObject","inLanguage":"es","@id":"https:\/\/noticiasmercedinas.com\/site\/#\/schema\/logo\/image\/","url":"https:\/\/noticiasmercedinas.com\/site\/wp-content\/uploads\/2020\/06\/LOGO-512.jpg","contentUrl":"https:\/\/noticiasmercedinas.com\/site\/wp-content\/uploads\/2020\/06\/LOGO-512.jpg","width":512,"height":512,"caption":"NOTICIASMERCEDINAS.COM"},"image":{"@id":"https:\/\/noticiasmercedinas.com\/site\/#\/schema\/logo\/image\/"},"sameAs":["https:\/\/www.facebook.com\/noticiasmercedinas\/","https:\/\/x.com\/notmercedinas","https:\/\/www.instagram.com\/noticiasmercedinas\/"]},{"@type":"Person","@id":"https:\/\/noticiasmercedinas.com\/site\/#\/schema\/person\/8f2f09d666ef40986eba4a5e6f2a06f9","name":"Juan Dagnino NOTICIASMERCEDINAS.COM","image":{"@type":"ImageObject","inLanguage":"es","@id":"https:\/\/secure.gravatar.com\/avatar\/fc7059a769f5a3cae65fadb228a3e4accf3a64b4b2305020d0a27e6d5333c91b?s=96&d=mm&r=g","url":"https:\/\/secure.gravatar.com\/avatar\/fc7059a769f5a3cae65fadb228a3e4accf3a64b4b2305020d0a27e6d5333c91b?s=96&d=mm&r=g","contentUrl":"https:\/\/secure.gravatar.com\/avatar\/fc7059a769f5a3cae65fadb228a3e4accf3a64b4b2305020d0a27e6d5333c91b?s=96&d=mm&r=g","caption":"Juan Dagnino NOTICIASMERCEDINAS.COM"},"url":"https:\/\/noticiasmercedinas.com\/site\/author\/juandagnino\/"}]}},"amp_enabled":true,"_links":{"self":[{"href":"https:\/\/noticiasmercedinas.com\/site\/wp-json\/wp\/v2\/posts\/164031","targetHints":{"allow":["GET"]}}],"collection":[{"href":"https:\/\/noticiasmercedinas.com\/site\/wp-json\/wp\/v2\/posts"}],"about":[{"href":"https:\/\/noticiasmercedinas.com\/site\/wp-json\/wp\/v2\/types\/post"}],"author":[{"embeddable":true,"href":"https:\/\/noticiasmercedinas.com\/site\/wp-json\/wp\/v2\/users\/6"}],"replies":[{"embeddable":true,"href":"https:\/\/noticiasmercedinas.com\/site\/wp-json\/wp\/v2\/comments?post=164031"}],"version-history":[{"count":1,"href":"https:\/\/noticiasmercedinas.com\/site\/wp-json\/wp\/v2\/posts\/164031\/revisions"}],"predecessor-version":[{"id":164038,"href":"https:\/\/noticiasmercedinas.com\/site\/wp-json\/wp\/v2\/posts\/164031\/revisions\/164038"}],"wp:featuredmedia":[{"embeddable":true,"href":"https:\/\/noticiasmercedinas.com\/site\/wp-json\/wp\/v2\/media\/164032"}],"wp:attachment":[{"href":"https:\/\/noticiasmercedinas.com\/site\/wp-json\/wp\/v2\/media?parent=164031"}],"wp:term":[{"taxonomy":"category","embeddable":true,"href":"https:\/\/noticiasmercedinas.com\/site\/wp-json\/wp\/v2\/categories?post=164031"},{"taxonomy":"post_tag","embeddable":true,"href":"https:\/\/noticiasmercedinas.com\/site\/wp-json\/wp\/v2\/tags?post=164031"}],"curies":[{"name":"wp","href":"https:\/\/api.w.org\/{rel}","templated":true}]}}