{"id":164053,"date":"2025-07-14T13:17:35","date_gmt":"2025-07-14T16:17:35","guid":{"rendered":"https:\/\/noticiasmercedinas.com\/site\/?p=164053"},"modified":"2025-07-14T13:17:35","modified_gmt":"2025-07-14T16:17:35","slug":"siniestro-vial-muere-motociclista-en-ruta-5-tras-impactar-con-un-automovil","status":"publish","type":"post","link":"https:\/\/noticiasmercedinas.com\/site\/2025\/07\/14\/siniestro-vial-muere-motociclista-en-ruta-5-tras-impactar-con-un-automovil\/","title":{"rendered":"Siniestro vial: muere motociclista en Ruta 5 tras impactar con un autom\u00f3vil"},"content":{"rendered":"<p><img loading=\"lazy\" decoding=\"async\" class=\"alignnone size-full wp-image-18061\" src=\"https:\/\/noticiasmercedinas.com\/site\/wp-content\/uploads\/2019\/05\/policia_luces.jpg\" alt=\"\" width=\"640\" height=\"427\" srcset=\"https:\/\/noticiasmercedinas.com\/site\/wp-content\/uploads\/2019\/05\/policia_luces.jpg 640w, https:\/\/noticiasmercedinas.com\/site\/wp-content\/uploads\/2019\/05\/policia_luces-300x200.jpg 300w\" sizes=\"auto, (max-width: 640px) 100vw, 640px\" \/><\/p>\n<p>Un grave accidente de tr\u00e1nsito ocurrido el s\u00e1bado por la tarde en el cruce de la Ruta Nacional N\u00ba 5 y el Acceso Manuel Sanmart\u00edn, a la altura de Mercedes, se cobr\u00f3 la vida de Mart\u00edn Sequeira, un motociclista oriundo de esta ciudad. El hecho se registr\u00f3 minutos despu\u00e9s de las 17 horas, cuando el conductor de una motocicleta Gilera 150 colision\u00f3 con un autom\u00f3vil Fiat.<\/p>\n<p>Seg\u00fan datos recabados, Sequeira circulaba en sentido Suipacha\u2013Mercedes por Ruta 5, mientras que un Fiat, conducido por una mujer identificada como Claudia Garc\u00eda, habr\u00eda cruzado la ruta por el Acceso Sanmart\u00edn sin advertir la proximidad de la motocicleta.<\/p>\n<p>Producto del violento impacto, Sequeira result\u00f3 gravemente herido y fue asistido en el lugar por una ambulancia del SAME, que lo traslad\u00f3 de urgencia al Hospital Blas L. Dubarry de Mercedes. Ingres\u00f3 en estado cr\u00edtico, y si bien en un primer momento se evalu\u00f3 la posibilidad de derivarlo a un centro m\u00e9dico de mayor complejidad, lamentablemente falleci\u00f3 horas despu\u00e9s, pese a los esfuerzos del personal m\u00e9dico.<\/p>\n<p>La zona del siniestro, uno de los puntos m\u00e1s transitados de la ciudad por donde confluyen veh\u00edculos livianos y pesados, ha sido escenario de numerosos hechos viales a lo largo de los a\u00f1os.<\/p>\n<p>Tras el tr\u00e1gico desenlace, la conductora del autom\u00f3vil fue aprehendida por las autoridades, acusada del delito de homicidio culposo. La investigaci\u00f3n qued\u00f3 a cargo de la Fiscal\u00eda de turno, que trabaja en la recolecci\u00f3n de pruebas y testimonios para esclarecer completamente lo sucedido.<\/p>\n<p>&nbsp;<\/p>\n","protected":false},"excerpt":{"rendered":"<p>\u25a0 El hecho se registr\u00f3 minutos despu\u00e9s de las 17 horas del pasado s\u00e1bado, cuando el joven conductor de una motocicleta Gilera 150 colision\u00f3 con un autom\u00f3vil Fiat.<\/p>\n","protected":false},"author":16,"featured_media":18560,"comment_status":"closed","ping_status":"closed","sticky":false,"template":"","format":"standard","meta":{"footnotes":""},"categories":[7],"tags":[502,224,2166,688,665],"class_list":["post-164053","post","type-post","status-publish","format-standard","has-post-thumbnail","hentry","category-policiales","tag-accidente","tag-hospital","tag-moto","tag-policia","tag-ruta-5"],"yoast_head":"<!-- This site is optimized with the Yoast SEO plugin v27.5 - https:\/\/yoast.com\/product\/yoast-seo-wordpress\/ -->\n<title>Siniestro vial: muere motociclista en Ruta 5 tras impactar con un autom\u00f3vil<\/title>\n<meta name=\"description\" content=\"El hecho se registr\u00f3 minutos despu\u00e9s de las 17 horas del pasado s\u00e1bado, cuando el joven conductor de una motocicleta Gilera 150 colision\u00f3 con un autom\u00f3vil Fiat.\" \/>\n<meta name=\"robots\" content=\"index, follow, max-snippet:-1, max-image-preview:large, max-video-preview:-1\" \/>\n<link rel=\"canonical\" href=\"https:\/\/noticiasmercedinas.com\/site\/2025\/07\/14\/siniestro-vial-muere-motociclista-en-ruta-5-tras-impactar-con-un-automovil\/\" \/>\n<meta property=\"og:locale\" content=\"es_ES\" \/>\n<meta property=\"og:type\" content=\"article\" \/>\n<meta property=\"og:title\" content=\"Siniestro vial: muere motociclista en Ruta 5 tras impactar con un autom\u00f3vil\" \/>\n<meta property=\"og:description\" content=\"El hecho se registr\u00f3 minutos despu\u00e9s de las 17 horas del pasado s\u00e1bado, cuando el joven conductor de una motocicleta Gilera 150 colision\u00f3 con un autom\u00f3vil Fiat.\" \/>\n<meta property=\"og:url\" content=\"https:\/\/noticiasmercedinas.com\/site\/2025\/07\/14\/siniestro-vial-muere-motociclista-en-ruta-5-tras-impactar-con-un-automovil\/\" \/>\n<meta property=\"og:site_name\" content=\"NOTICIASMERCEDINAS.COM\" \/>\n<meta property=\"article:publisher\" content=\"https:\/\/www.facebook.com\/noticiasmercedinas\/\" \/>\n<meta property=\"article:published_time\" content=\"2025-07-14T16:17:35+00:00\" \/>\n<meta property=\"og:image\" content=\"https:\/\/noticiasmercedinas.com\/site\/wp-content\/uploads\/2019\/05\/policia_luces-1.jpg\" \/>\n\t<meta property=\"og:image:width\" content=\"640\" \/>\n\t<meta property=\"og:image:height\" content=\"427\" \/>\n\t<meta property=\"og:image:type\" content=\"image\/jpeg\" \/>\n<meta name=\"author\" content=\"NOTICIASMERCEDINAS.COM\" \/>\n<meta name=\"twitter:card\" content=\"summary_large_image\" \/>\n<meta name=\"twitter:creator\" content=\"@notmercedinas\" \/>\n<meta name=\"twitter:site\" content=\"@notmercedinas\" \/>\n<meta name=\"twitter:label1\" content=\"Escrito por\" \/>\n\t<meta name=\"twitter:data1\" content=\"NOTICIASMERCEDINAS.COM\" \/>\n\t<meta name=\"twitter:label2\" content=\"Tiempo de lectura\" \/>\n\t<meta name=\"twitter:data2\" content=\"2 minutos\" \/>\n<script type=\"application\/ld+json\" class=\"yoast-schema-graph\">{\"@context\":\"https:\\\/\\\/schema.org\",\"@graph\":[{\"@type\":\"Article\",\"@id\":\"https:\\\/\\\/noticiasmercedinas.com\\\/site\\\/2025\\\/07\\\/14\\\/siniestro-vial-muere-motociclista-en-ruta-5-tras-impactar-con-un-automovil\\\/#article\",\"isPartOf\":{\"@id\":\"https:\\\/\\\/noticiasmercedinas.com\\\/site\\\/2025\\\/07\\\/14\\\/siniestro-vial-muere-motociclista-en-ruta-5-tras-impactar-con-un-automovil\\\/\"},\"author\":{\"name\":\"NOTICIASMERCEDINAS.COM\",\"@id\":\"https:\\\/\\\/noticiasmercedinas.com\\\/site\\\/#\\\/schema\\\/person\\\/84b59c099c28ff2e8b77d4ceec5d8063\"},\"headline\":\"Siniestro vial: muere motociclista en Ruta 5 tras impactar con un autom\u00f3vil\",\"datePublished\":\"2025-07-14T16:17:35+00:00\",\"mainEntityOfPage\":{\"@id\":\"https:\\\/\\\/noticiasmercedinas.com\\\/site\\\/2025\\\/07\\\/14\\\/siniestro-vial-muere-motociclista-en-ruta-5-tras-impactar-con-un-automovil\\\/\"},\"wordCount\":278,\"publisher\":{\"@id\":\"https:\\\/\\\/noticiasmercedinas.com\\\/site\\\/#organization\"},\"image\":{\"@id\":\"https:\\\/\\\/noticiasmercedinas.com\\\/site\\\/2025\\\/07\\\/14\\\/siniestro-vial-muere-motociclista-en-ruta-5-tras-impactar-con-un-automovil\\\/#primaryimage\"},\"thumbnailUrl\":\"https:\\\/\\\/noticiasmercedinas.com\\\/site\\\/wp-content\\\/uploads\\\/2019\\\/05\\\/policia_luces-1.jpg\",\"keywords\":[\"accidente\",\"hospital\",\"moto\",\"Polic\u00eda\",\"ruta 5\"],\"articleSection\":[\"Seguridad\"],\"inLanguage\":\"es\"},{\"@type\":\"WebPage\",\"@id\":\"https:\\\/\\\/noticiasmercedinas.com\\\/site\\\/2025\\\/07\\\/14\\\/siniestro-vial-muere-motociclista-en-ruta-5-tras-impactar-con-un-automovil\\\/\",\"url\":\"https:\\\/\\\/noticiasmercedinas.com\\\/site\\\/2025\\\/07\\\/14\\\/siniestro-vial-muere-motociclista-en-ruta-5-tras-impactar-con-un-automovil\\\/\",\"name\":\"Siniestro vial: muere motociclista en Ruta 5 tras impactar con un autom\u00f3vil\",\"isPartOf\":{\"@id\":\"https:\\\/\\\/noticiasmercedinas.com\\\/site\\\/#website\"},\"primaryImageOfPage\":{\"@id\":\"https:\\\/\\\/noticiasmercedinas.com\\\/site\\\/2025\\\/07\\\/14\\\/siniestro-vial-muere-motociclista-en-ruta-5-tras-impactar-con-un-automovil\\\/#primaryimage\"},\"image\":{\"@id\":\"https:\\\/\\\/noticiasmercedinas.com\\\/site\\\/2025\\\/07\\\/14\\\/siniestro-vial-muere-motociclista-en-ruta-5-tras-impactar-con-un-automovil\\\/#primaryimage\"},\"thumbnailUrl\":\"https:\\\/\\\/noticiasmercedinas.com\\\/site\\\/wp-content\\\/uploads\\\/2019\\\/05\\\/policia_luces-1.jpg\",\"datePublished\":\"2025-07-14T16:17:35+00:00\",\"description\":\"El hecho se registr\u00f3 minutos despu\u00e9s de las 17 horas del pasado s\u00e1bado, cuando el joven conductor de una motocicleta Gilera 150 colision\u00f3 con un autom\u00f3vil Fiat.\",\"breadcrumb\":{\"@id\":\"https:\\\/\\\/noticiasmercedinas.com\\\/site\\\/2025\\\/07\\\/14\\\/siniestro-vial-muere-motociclista-en-ruta-5-tras-impactar-con-un-automovil\\\/#breadcrumb\"},\"inLanguage\":\"es\",\"potentialAction\":[{\"@type\":\"ReadAction\",\"target\":[\"https:\\\/\\\/noticiasmercedinas.com\\\/site\\\/2025\\\/07\\\/14\\\/siniestro-vial-muere-motociclista-en-ruta-5-tras-impactar-con-un-automovil\\\/\"]}]},{\"@type\":\"ImageObject\",\"inLanguage\":\"es\",\"@id\":\"https:\\\/\\\/noticiasmercedinas.com\\\/site\\\/2025\\\/07\\\/14\\\/siniestro-vial-muere-motociclista-en-ruta-5-tras-impactar-con-un-automovil\\\/#primaryimage\",\"url\":\"https:\\\/\\\/noticiasmercedinas.com\\\/site\\\/wp-content\\\/uploads\\\/2019\\\/05\\\/policia_luces-1.jpg\",\"contentUrl\":\"https:\\\/\\\/noticiasmercedinas.com\\\/site\\\/wp-content\\\/uploads\\\/2019\\\/05\\\/policia_luces-1.jpg\",\"width\":640,\"height\":427},{\"@type\":\"BreadcrumbList\",\"@id\":\"https:\\\/\\\/noticiasmercedinas.com\\\/site\\\/2025\\\/07\\\/14\\\/siniestro-vial-muere-motociclista-en-ruta-5-tras-impactar-con-un-automovil\\\/#breadcrumb\",\"itemListElement\":[{\"@type\":\"ListItem\",\"position\":1,\"name\":\"Portada\",\"item\":\"https:\\\/\\\/noticiasmercedinas.com\\\/site\\\/\"},{\"@type\":\"ListItem\",\"position\":2,\"name\":\"Siniestro vial: muere motociclista en Ruta 5 tras impactar con un autom\u00f3vil\"}]},{\"@type\":\"WebSite\",\"@id\":\"https:\\\/\\\/noticiasmercedinas.com\\\/site\\\/#website\",\"url\":\"https:\\\/\\\/noticiasmercedinas.com\\\/site\\\/\",\"name\":\"NOTICIASMERCEDINAS.COM\",\"description\":\"Mercedes, Buenos Aires, Argentina\",\"publisher\":{\"@id\":\"https:\\\/\\\/noticiasmercedinas.com\\\/site\\\/#organization\"},\"potentialAction\":[{\"@type\":\"SearchAction\",\"target\":{\"@type\":\"EntryPoint\",\"urlTemplate\":\"https:\\\/\\\/noticiasmercedinas.com\\\/site\\\/?s={search_term_string}\"},\"query-input\":{\"@type\":\"PropertyValueSpecification\",\"valueRequired\":true,\"valueName\":\"search_term_string\"}}],\"inLanguage\":\"es\"},{\"@type\":\"Organization\",\"@id\":\"https:\\\/\\\/noticiasmercedinas.com\\\/site\\\/#organization\",\"name\":\"NOTICIASMERCEDINAS.COM\",\"url\":\"https:\\\/\\\/noticiasmercedinas.com\\\/site\\\/\",\"logo\":{\"@type\":\"ImageObject\",\"inLanguage\":\"es\",\"@id\":\"https:\\\/\\\/noticiasmercedinas.com\\\/site\\\/#\\\/schema\\\/logo\\\/image\\\/\",\"url\":\"https:\\\/\\\/noticiasmercedinas.com\\\/site\\\/wp-content\\\/uploads\\\/2020\\\/06\\\/LOGO-512.jpg\",\"contentUrl\":\"https:\\\/\\\/noticiasmercedinas.com\\\/site\\\/wp-content\\\/uploads\\\/2020\\\/06\\\/LOGO-512.jpg\",\"width\":512,\"height\":512,\"caption\":\"NOTICIASMERCEDINAS.COM\"},\"image\":{\"@id\":\"https:\\\/\\\/noticiasmercedinas.com\\\/site\\\/#\\\/schema\\\/logo\\\/image\\\/\"},\"sameAs\":[\"https:\\\/\\\/www.facebook.com\\\/noticiasmercedinas\\\/\",\"https:\\\/\\\/x.com\\\/notmercedinas\",\"https:\\\/\\\/www.instagram.com\\\/noticiasmercedinas\\\/\"]},{\"@type\":\"Person\",\"@id\":\"https:\\\/\\\/noticiasmercedinas.com\\\/site\\\/#\\\/schema\\\/person\\\/84b59c099c28ff2e8b77d4ceec5d8063\",\"name\":\"NOTICIASMERCEDINAS.COM\",\"image\":{\"@type\":\"ImageObject\",\"inLanguage\":\"es\",\"@id\":\"https:\\\/\\\/secure.gravatar.com\\\/avatar\\\/4dfbf16b4d17945bfb6341b2d19043457132fcf478a5ee04f42e959fd8f5df0a?s=96&d=mm&r=g\",\"url\":\"https:\\\/\\\/secure.gravatar.com\\\/avatar\\\/4dfbf16b4d17945bfb6341b2d19043457132fcf478a5ee04f42e959fd8f5df0a?s=96&d=mm&r=g\",\"contentUrl\":\"https:\\\/\\\/secure.gravatar.com\\\/avatar\\\/4dfbf16b4d17945bfb6341b2d19043457132fcf478a5ee04f42e959fd8f5df0a?s=96&d=mm&r=g\",\"caption\":\"NOTICIASMERCEDINAS.COM\"},\"url\":\"https:\\\/\\\/noticiasmercedinas.com\\\/site\\\/author\\\/anonimo\\\/\"}]}<\/script>\n<!-- \/ Yoast SEO plugin. -->","yoast_head_json":{"title":"Siniestro vial: muere motociclista en Ruta 5 tras impactar con un autom\u00f3vil","description":"El hecho se registr\u00f3 minutos despu\u00e9s de las 17 horas del pasado s\u00e1bado, cuando el joven conductor de una motocicleta Gilera 150 colision\u00f3 con un autom\u00f3vil Fiat.","robots":{"index":"index","follow":"follow","max-snippet":"max-snippet:-1","max-image-preview":"max-image-preview:large","max-video-preview":"max-video-preview:-1"},"canonical":"https:\/\/noticiasmercedinas.com\/site\/2025\/07\/14\/siniestro-vial-muere-motociclista-en-ruta-5-tras-impactar-con-un-automovil\/","og_locale":"es_ES","og_type":"article","og_title":"Siniestro vial: muere motociclista en Ruta 5 tras impactar con un autom\u00f3vil","og_description":"El hecho se registr\u00f3 minutos despu\u00e9s de las 17 horas del pasado s\u00e1bado, cuando el joven conductor de una motocicleta Gilera 150 colision\u00f3 con un autom\u00f3vil Fiat.","og_url":"https:\/\/noticiasmercedinas.com\/site\/2025\/07\/14\/siniestro-vial-muere-motociclista-en-ruta-5-tras-impactar-con-un-automovil\/","og_site_name":"NOTICIASMERCEDINAS.COM","article_publisher":"https:\/\/www.facebook.com\/noticiasmercedinas\/","article_published_time":"2025-07-14T16:17:35+00:00","og_image":[{"width":640,"height":427,"url":"https:\/\/noticiasmercedinas.com\/site\/wp-content\/uploads\/2019\/05\/policia_luces-1.jpg","type":"image\/jpeg"}],"author":"NOTICIASMERCEDINAS.COM","twitter_card":"summary_large_image","twitter_creator":"@notmercedinas","twitter_site":"@notmercedinas","twitter_misc":{"Escrito por":"NOTICIASMERCEDINAS.COM","Tiempo de lectura":"2 minutos"},"schema":{"@context":"https:\/\/schema.org","@graph":[{"@type":"Article","@id":"https:\/\/noticiasmercedinas.com\/site\/2025\/07\/14\/siniestro-vial-muere-motociclista-en-ruta-5-tras-impactar-con-un-automovil\/#article","isPartOf":{"@id":"https:\/\/noticiasmercedinas.com\/site\/2025\/07\/14\/siniestro-vial-muere-motociclista-en-ruta-5-tras-impactar-con-un-automovil\/"},"author":{"name":"NOTICIASMERCEDINAS.COM","@id":"https:\/\/noticiasmercedinas.com\/site\/#\/schema\/person\/84b59c099c28ff2e8b77d4ceec5d8063"},"headline":"Siniestro vial: muere motociclista en Ruta 5 tras impactar con un autom\u00f3vil","datePublished":"2025-07-14T16:17:35+00:00","mainEntityOfPage":{"@id":"https:\/\/noticiasmercedinas.com\/site\/2025\/07\/14\/siniestro-vial-muere-motociclista-en-ruta-5-tras-impactar-con-un-automovil\/"},"wordCount":278,"publisher":{"@id":"https:\/\/noticiasmercedinas.com\/site\/#organization"},"image":{"@id":"https:\/\/noticiasmercedinas.com\/site\/2025\/07\/14\/siniestro-vial-muere-motociclista-en-ruta-5-tras-impactar-con-un-automovil\/#primaryimage"},"thumbnailUrl":"https:\/\/noticiasmercedinas.com\/site\/wp-content\/uploads\/2019\/05\/policia_luces-1.jpg","keywords":["accidente","hospital","moto","Polic\u00eda","ruta 5"],"articleSection":["Seguridad"],"inLanguage":"es"},{"@type":"WebPage","@id":"https:\/\/noticiasmercedinas.com\/site\/2025\/07\/14\/siniestro-vial-muere-motociclista-en-ruta-5-tras-impactar-con-un-automovil\/","url":"https:\/\/noticiasmercedinas.com\/site\/2025\/07\/14\/siniestro-vial-muere-motociclista-en-ruta-5-tras-impactar-con-un-automovil\/","name":"Siniestro vial: muere motociclista en Ruta 5 tras impactar con un autom\u00f3vil","isPartOf":{"@id":"https:\/\/noticiasmercedinas.com\/site\/#website"},"primaryImageOfPage":{"@id":"https:\/\/noticiasmercedinas.com\/site\/2025\/07\/14\/siniestro-vial-muere-motociclista-en-ruta-5-tras-impactar-con-un-automovil\/#primaryimage"},"image":{"@id":"https:\/\/noticiasmercedinas.com\/site\/2025\/07\/14\/siniestro-vial-muere-motociclista-en-ruta-5-tras-impactar-con-un-automovil\/#primaryimage"},"thumbnailUrl":"https:\/\/noticiasmercedinas.com\/site\/wp-content\/uploads\/2019\/05\/policia_luces-1.jpg","datePublished":"2025-07-14T16:17:35+00:00","description":"El hecho se registr\u00f3 minutos despu\u00e9s de las 17 horas del pasado s\u00e1bado, cuando el joven conductor de una motocicleta Gilera 150 colision\u00f3 con un autom\u00f3vil Fiat.","breadcrumb":{"@id":"https:\/\/noticiasmercedinas.com\/site\/2025\/07\/14\/siniestro-vial-muere-motociclista-en-ruta-5-tras-impactar-con-un-automovil\/#breadcrumb"},"inLanguage":"es","potentialAction":[{"@type":"ReadAction","target":["https:\/\/noticiasmercedinas.com\/site\/2025\/07\/14\/siniestro-vial-muere-motociclista-en-ruta-5-tras-impactar-con-un-automovil\/"]}]},{"@type":"ImageObject","inLanguage":"es","@id":"https:\/\/noticiasmercedinas.com\/site\/2025\/07\/14\/siniestro-vial-muere-motociclista-en-ruta-5-tras-impactar-con-un-automovil\/#primaryimage","url":"https:\/\/noticiasmercedinas.com\/site\/wp-content\/uploads\/2019\/05\/policia_luces-1.jpg","contentUrl":"https:\/\/noticiasmercedinas.com\/site\/wp-content\/uploads\/2019\/05\/policia_luces-1.jpg","width":640,"height":427},{"@type":"BreadcrumbList","@id":"https:\/\/noticiasmercedinas.com\/site\/2025\/07\/14\/siniestro-vial-muere-motociclista-en-ruta-5-tras-impactar-con-un-automovil\/#breadcrumb","itemListElement":[{"@type":"ListItem","position":1,"name":"Portada","item":"https:\/\/noticiasmercedinas.com\/site\/"},{"@type":"ListItem","position":2,"name":"Siniestro vial: muere motociclista en Ruta 5 tras impactar con un autom\u00f3vil"}]},{"@type":"WebSite","@id":"https:\/\/noticiasmercedinas.com\/site\/#website","url":"https:\/\/noticiasmercedinas.com\/site\/","name":"NOTICIASMERCEDINAS.COM","description":"Mercedes, Buenos Aires, Argentina","publisher":{"@id":"https:\/\/noticiasmercedinas.com\/site\/#organization"},"potentialAction":[{"@type":"SearchAction","target":{"@type":"EntryPoint","urlTemplate":"https:\/\/noticiasmercedinas.com\/site\/?s={search_term_string}"},"query-input":{"@type":"PropertyValueSpecification","valueRequired":true,"valueName":"search_term_string"}}],"inLanguage":"es"},{"@type":"Organization","@id":"https:\/\/noticiasmercedinas.com\/site\/#organization","name":"NOTICIASMERCEDINAS.COM","url":"https:\/\/noticiasmercedinas.com\/site\/","logo":{"@type":"ImageObject","inLanguage":"es","@id":"https:\/\/noticiasmercedinas.com\/site\/#\/schema\/logo\/image\/","url":"https:\/\/noticiasmercedinas.com\/site\/wp-content\/uploads\/2020\/06\/LOGO-512.jpg","contentUrl":"https:\/\/noticiasmercedinas.com\/site\/wp-content\/uploads\/2020\/06\/LOGO-512.jpg","width":512,"height":512,"caption":"NOTICIASMERCEDINAS.COM"},"image":{"@id":"https:\/\/noticiasmercedinas.com\/site\/#\/schema\/logo\/image\/"},"sameAs":["https:\/\/www.facebook.com\/noticiasmercedinas\/","https:\/\/x.com\/notmercedinas","https:\/\/www.instagram.com\/noticiasmercedinas\/"]},{"@type":"Person","@id":"https:\/\/noticiasmercedinas.com\/site\/#\/schema\/person\/84b59c099c28ff2e8b77d4ceec5d8063","name":"NOTICIASMERCEDINAS.COM","image":{"@type":"ImageObject","inLanguage":"es","@id":"https:\/\/secure.gravatar.com\/avatar\/4dfbf16b4d17945bfb6341b2d19043457132fcf478a5ee04f42e959fd8f5df0a?s=96&d=mm&r=g","url":"https:\/\/secure.gravatar.com\/avatar\/4dfbf16b4d17945bfb6341b2d19043457132fcf478a5ee04f42e959fd8f5df0a?s=96&d=mm&r=g","contentUrl":"https:\/\/secure.gravatar.com\/avatar\/4dfbf16b4d17945bfb6341b2d19043457132fcf478a5ee04f42e959fd8f5df0a?s=96&d=mm&r=g","caption":"NOTICIASMERCEDINAS.COM"},"url":"https:\/\/noticiasmercedinas.com\/site\/author\/anonimo\/"}]}},"amp_enabled":true,"_links":{"self":[{"href":"https:\/\/noticiasmercedinas.com\/site\/wp-json\/wp\/v2\/posts\/164053","targetHints":{"allow":["GET"]}}],"collection":[{"href":"https:\/\/noticiasmercedinas.com\/site\/wp-json\/wp\/v2\/posts"}],"about":[{"href":"https:\/\/noticiasmercedinas.com\/site\/wp-json\/wp\/v2\/types\/post"}],"author":[{"embeddable":true,"href":"https:\/\/noticiasmercedinas.com\/site\/wp-json\/wp\/v2\/users\/16"}],"replies":[{"embeddable":true,"href":"https:\/\/noticiasmercedinas.com\/site\/wp-json\/wp\/v2\/comments?post=164053"}],"version-history":[{"count":1,"href":"https:\/\/noticiasmercedinas.com\/site\/wp-json\/wp\/v2\/posts\/164053\/revisions"}],"predecessor-version":[{"id":164054,"href":"https:\/\/noticiasmercedinas.com\/site\/wp-json\/wp\/v2\/posts\/164053\/revisions\/164054"}],"wp:featuredmedia":[{"embeddable":true,"href":"https:\/\/noticiasmercedinas.com\/site\/wp-json\/wp\/v2\/media\/18560"}],"wp:attachment":[{"href":"https:\/\/noticiasmercedinas.com\/site\/wp-json\/wp\/v2\/media?parent=164053"}],"wp:term":[{"taxonomy":"category","embeddable":true,"href":"https:\/\/noticiasmercedinas.com\/site\/wp-json\/wp\/v2\/categories?post=164053"},{"taxonomy":"post_tag","embeddable":true,"href":"https:\/\/noticiasmercedinas.com\/site\/wp-json\/wp\/v2\/tags?post=164053"}],"curies":[{"name":"wp","href":"https:\/\/api.w.org\/{rel}","templated":true}]}}